{"id":102468,"date":"2025-08-28T07:47:48","date_gmt":"2025-08-28T05:47:48","guid":{"rendered":"https:\/\/web2025.gastronomicament.cat\/arriba-la-segona-edicio-de-sons-del-vi"},"modified":"2026-04-12T20:30:22","modified_gmt":"2026-04-12T18:30:22","slug":"arriba-la-segona-edicio-de-sons-del-vi","status":"publish","type":"post","link":"https:\/\/gastronomicament.cat\/ca\/arriba-la-segona-edicio-de-sons-del-vi","title":{"rendered":"Arriba la segona edici\u00f3 de Sons del Vi"},"content":{"rendered":"<p>Aquests mesos d&#8217;agost i setembre se celebra la segona edici\u00f3 del cicle Sons del Vi.<\/p>\n<p>S&#8217;ha previst dues sessions una a Felanitx i una altra a Palma, amb el t\u00edtol\u00a0<strong>Harmonia de vins i m\u00fasica experimental<\/strong>, amb la pianista i sommelier\u00a0<strong>Neus Estarellas Calder\u00f3n<\/strong>, despr\u00e9s de l&#8217;\u00e8xit de la primera edici\u00f3. S&#8217;hi podran degustar els vins de la DOP Pla i Llevant Mallorca.<\/p>\n<p>La\u00a0<strong>primera\u00a0<\/strong>ser\u00e0 el divendres 29 d&#8217;agost, al\u00a0<strong>Conservatori Professional i Escola de M\u00fasica i Dansa de Felanitx, a les 20 hores<\/strong>. Trobareu les entrades a:\u00a0<a href=\"https:\/\/ticketib.com\/events\/sons-del-vi-concert-i-tast-de-vins-de-la-do-pla-i-llevat-amb-la-pianista-neus-estarellas-calderon\" target=\"_blank\" rel=\"noopener nofollow\">https:\/\/ticketib.com\/events\/sons-del-vi-concert-i-tast-de-vins-de-la-do-pla-i-llevat-amb-la-pianista-neus-estarellas-calderon<\/a><\/p>\n<p>La segona cita tendr\u00e0 lloc al\u00a0<strong>Pati de les Dones de la Miseric\u00f2rdia de Palma, el divendres 12 de setembre<\/strong>, a les 21 hores. Les entrades es poden adquirir a:\u00a0<a href=\"https:\/\/ticketib.com\/events\/sons-del-vi-concert-i-tast-de-vins-de-la-do-pla-i-llevat-amb-la-pianista-neus-estarellas-calderon-palma\" target=\"_blank\" rel=\"noopener nofollow\">https:\/\/ticketib.com\/events\/sons-del-vi-concert-i-tast-de-vins-de-la-do-pla-i-llevat-amb-la-pianista-neus-estarellas-calderon-palma<\/a><\/p>\n<p>Places limitades.<\/p>\n<p>Aquesta activitat t\u00e9 la col\u00b7laboraci\u00f3 de l&#8217;Ajuntament de Felanitx, el patrocini de la Conselleria d\u2019Agricultura, Pesca i Medi Natural i est\u00e0 cofinan\u00e7ada per la Uni\u00f3 Europea.<\/p>\n<p>&nbsp;<\/p>\n<blockquote class=\"instagram-media\" style=\"background: #FFF;border: 0;border-radius: 3px;margin: 1px;max-width: 540px;min-width: 326px;padding: 0;width: calc(100% - 2px)\" data-instgrm-captioned=\"\" data-instgrm-permalink=\"https:\/\/www.instagram.com\/reel\/DNz4Y0dWu_7\/?utm_source=ig_embed&amp;utm_campaign=loading\" data-instgrm-version=\"14\">\n<div style=\"padding: 16px\">\n<p>&nbsp;<\/p>\n<div style=\"display: flex;flex-direction: row;align-items: center\">\n<div style=\"background-color: #f4f4f4;border-radius: 50%;flex-grow: 0;height: 40px;margin-right: 14px;width: 40px\"><\/div>\n<div style=\"display: flex;flex-direction: column;flex-grow: 1;justify-content: center\">\n<div style=\"background-color: #f4f4f4;border-radius: 4px;flex-grow: 0;height: 14px;margin-bottom: 6px;width: 100px\"><\/div>\n<div style=\"background-color: #f4f4f4;border-radius: 4px;flex-grow: 0;height: 14px;width: 60px\"><\/div>\n<\/div>\n<\/div>\n<div style=\"padding: 19% 0\"><\/div>\n<div style=\"display: block;height: 50px;margin: 0 auto 12px;width: 50px\"><\/div>\n<div style=\"padding-top: 8px\">\n<div style=\"color: #3897f0;font-family: Arial,sans-serif;font-size: 14px;font-style: normal;font-weight: 550;line-height: 18px\">Ver esta publicaci\u00f3n en Instagram<\/div>\n<\/div>\n<div style=\"padding: 12.5% 0\"><\/div>\n<div style=\"display: flex;flex-direction: row;margin-bottom: 14px;align-items: center\">\n<div>\n<div style=\"background-color: #f4f4f4;border-radius: 50%;height: 12.5px;width: 12.5px\"><\/div>\n<div style=\"background-color: #f4f4f4;height: 12.5px;width: 12.5px;flex-grow: 0;margin-right: 14px;margin-left: 2px\"><\/div>\n<div style=\"background-color: #f4f4f4;border-radius: 50%;height: 12.5px;width: 12.5px\"><\/div>\n<\/div>\n<div style=\"margin-left: 8px\">\n<div style=\"background-color: #f4f4f4;border-radius: 50%;flex-grow: 0;height: 20px;width: 20px\"><\/div>\n<div style=\"width: 0;height: 0;border-top: 2px solid transparent;border-left: 6px solid #f4f4f4;border-bottom: 2px solid transparent\"><\/div>\n<\/div>\n<div style=\"margin-left: auto\">\n<div style=\"width: 0px;border-top: 8px solid #F4F4F4;border-right: 8px solid transparent\"><\/div>\n<div style=\"background-color: #f4f4f4;flex-grow: 0;height: 12px;width: 16px\"><\/div>\n<div style=\"width: 0;height: 0;border-top: 8px solid #F4F4F4;border-left: 8px solid transparent\"><\/div>\n<\/div>\n<\/div>\n<div style=\"display: flex;flex-direction: column;flex-grow: 1;justify-content: center;margin-bottom: 24px\">\n<div style=\"background-color: #f4f4f4;border-radius: 4px;flex-grow: 0;height: 14px;margin-bottom: 6px;width: 224px\"><\/div>\n<div style=\"background-color: #f4f4f4;border-radius: 4px;flex-grow: 0;height: 14px;width: 144px\"><\/div>\n<\/div>\n<p>&nbsp;<\/p>\n<p style=\"color: #c9c8cd;font-family: Arial,sans-serif;font-size: 14px;line-height: 17px;margin-bottom: 0;margin-top: 8px;overflow: hidden;padding: 8px 0 7px;text-align: center;white-space: nowrap\"><a style=\"color: #c9c8cd;font-family: Arial,sans-serif;font-size: 14px;font-style: normal;font-weight: normal;line-height: 17px;text-decoration: none\" href=\"https:\/\/www.instagram.com\/reel\/DNz4Y0dWu_7\/?utm_source=ig_embed&amp;utm_campaign=loading\" target=\"_blank\" rel=\"noopener\">Una publicaci\u00f3n compartida de DOP Pla i Llevant Mallorca (@plaillevantmallorca)<\/a><\/p>\n<\/div>\n<\/blockquote>\n<p>&nbsp;<\/p>\n","protected":false},"excerpt":{"rendered":"<p>La pianista i sommelier Neus Estarellas conduir\u00e0 aquest maridatge de m\u00fasica i vi de la DOP&hellip;<\/p>\n","protected":false},"author":1,"featured_media":102471,"comment_status":"open","ping_status":"open","sticky":false,"template":"","format":"standard","meta":{"_acf_changed":false,"_swt_meta_header_display":false,"_swt_meta_footer_display":false,"_swt_meta_site_title_display":false,"_swt_meta_sticky_header":false,"_swt_meta_transparent_header":false,"footnotes":""},"categories":[692,955],"tags":[],"coauthors":[2053],"class_list":["post-102468","post","type-post","status-publish","format-standard","has-post-thumbnail","hentry","category-actualitat","category-reportatges-i-novetats"],"acf":{"gallery":null,"home_date":{"home_begin_date":null,"home_end_date":null}},"yoast_head":"<!-- This site is optimized with the Yoast SEO plugin v27.4 - https:\/\/yoast.com\/product\/yoast-seo-wordpress\/ -->\n<title>Arriba la segona edici\u00f3 de Sons del Vi - Gastron\u00f2micament<\/title>\n<meta name=\"description\" content=\"Arriba la segona edici\u00f3 de Sons del Vi Actualitat, Reportatges i novetats La pianista i sommelier Neus Estarellas conduir\u00e0 aquest maridatge de m\u00fasica i vi de la DOP Pla i Llevant\" \/>\n<meta name=\"robots\" content=\"index, follow, max-snippet:-1, max-image-preview:large, max-video-preview:-1\" \/>\n<link rel=\"canonical\" href=\"https:\/\/gastronomicament.cat\/ca\/arriba-la-segona-edicio-de-sons-del-vi\" \/>\n<meta property=\"og:locale\" content=\"ca_ES\" \/>\n<meta property=\"og:type\" content=\"article\" \/>\n<meta property=\"og:title\" content=\"Arriba la segona edici\u00f3 de Sons del Vi - Gastron\u00f2micament\" \/>\n<meta property=\"og:description\" content=\"Arriba la segona edici\u00f3 de Sons del Vi Actualitat, Reportatges i novetats La pianista i sommelier Neus Estarellas conduir\u00e0 aquest maridatge de m\u00fasica i vi de la DOP Pla i Llevant\" \/>\n<meta property=\"og:url\" content=\"https:\/\/gastronomicament.cat\/ca\/arriba-la-segona-edicio-de-sons-del-vi\" \/>\n<meta property=\"og:site_name\" content=\"Gastron\u00f2micament\" \/>\n<meta property=\"article:published_time\" content=\"2025-08-28T05:47:48+00:00\" \/>\n<meta property=\"article:modified_time\" content=\"2026-04-12T18:30:22+00:00\" \/>\n<meta property=\"og:image\" content=\"https:\/\/gastronomicament.cat\/wp-content\/uploads\/2025\/08\/Neus-Estarellas-pic.jpg\" \/>\n\t<meta property=\"og:image:width\" content=\"1440\" \/>\n\t<meta property=\"og:image:height\" content=\"850\" \/>\n\t<meta property=\"og:image:type\" content=\"image\/jpeg\" \/>\n<meta name=\"author\" content=\"Redacci\u00f3\" \/>\n<meta name=\"twitter:card\" content=\"summary_large_image\" \/>\n<meta name=\"twitter:creator\" content=\"@gastronomicamen\" \/>\n<meta name=\"twitter:site\" content=\"@gastronomicamen\" \/>\n<meta name=\"twitter:label1\" content=\"Written by\" \/>\n\t<meta name=\"twitter:data1\" content=\"Redacci\u00f3\" \/>\n\t<meta name=\"twitter:label2\" content=\"Est. reading time\" \/>\n\t<meta name=\"twitter:data2\" content=\"1 minute\" \/>\n<script type=\"application\/ld+json\" class=\"yoast-schema-graph\">{\"@context\":\"https:\\\/\\\/schema.org\",\"@graph\":[{\"@type\":\"Article\",\"@id\":\"https:\\\/\\\/gastronomicament.cat\\\/ca\\\/arriba-la-segona-edicio-de-sons-del-vi#article\",\"isPartOf\":{\"@id\":\"https:\\\/\\\/gastronomicament.cat\\\/ca\\\/arriba-la-segona-edicio-de-sons-del-vi\"},\"author\":{\"name\":\"Redacci\u00f3\",\"@id\":\"https:\\\/\\\/gastronomicament.cat\\\/ca\\\/#\\\/schema\\\/person\\\/a7c85c537a1ed62799a5b8e0f686a37f\"},\"headline\":\"Arriba la segona edici\u00f3 de Sons del Vi\",\"datePublished\":\"2025-08-28T05:47:48+00:00\",\"dateModified\":\"2026-04-12T18:30:22+00:00\",\"mainEntityOfPage\":{\"@id\":\"https:\\\/\\\/gastronomicament.cat\\\/ca\\\/arriba-la-segona-edicio-de-sons-del-vi\"},\"wordCount\":192,\"commentCount\":0,\"publisher\":{\"@id\":\"https:\\\/\\\/gastronomicament.cat\\\/ca\\\/#organization\"},\"image\":{\"@id\":\"https:\\\/\\\/gastronomicament.cat\\\/ca\\\/arriba-la-segona-edicio-de-sons-del-vi#primaryimage\"},\"thumbnailUrl\":\"https:\\\/\\\/gastronomicament.cat\\\/wp-content\\\/uploads\\\/2025\\\/08\\\/Neus-Estarellas-pic.jpg\",\"articleSection\":[\"Actualitat\",\"Reportatges i novetats\"],\"inLanguage\":\"ca-ES\",\"potentialAction\":[{\"@type\":\"CommentAction\",\"name\":\"Comment\",\"target\":[\"https:\\\/\\\/gastronomicament.cat\\\/ca\\\/arriba-la-segona-edicio-de-sons-del-vi#respond\"]}]},{\"@type\":\"WebPage\",\"@id\":\"https:\\\/\\\/gastronomicament.cat\\\/ca\\\/arriba-la-segona-edicio-de-sons-del-vi\",\"url\":\"https:\\\/\\\/gastronomicament.cat\\\/ca\\\/arriba-la-segona-edicio-de-sons-del-vi\",\"name\":\"Arriba la segona edici\u00f3 de Sons del Vi - Gastron\u00f2micament\",\"isPartOf\":{\"@id\":\"https:\\\/\\\/gastronomicament.cat\\\/ca\\\/#website\"},\"primaryImageOfPage\":{\"@id\":\"https:\\\/\\\/gastronomicament.cat\\\/ca\\\/arriba-la-segona-edicio-de-sons-del-vi#primaryimage\"},\"image\":{\"@id\":\"https:\\\/\\\/gastronomicament.cat\\\/ca\\\/arriba-la-segona-edicio-de-sons-del-vi#primaryimage\"},\"thumbnailUrl\":\"https:\\\/\\\/gastronomicament.cat\\\/wp-content\\\/uploads\\\/2025\\\/08\\\/Neus-Estarellas-pic.jpg\",\"datePublished\":\"2025-08-28T05:47:48+00:00\",\"dateModified\":\"2026-04-12T18:30:22+00:00\",\"description\":\"Arriba la segona edici\u00f3 de Sons del Vi Actualitat, Reportatges i novetats La pianista i sommelier Neus Estarellas conduir\u00e0 aquest maridatge de m\u00fasica i vi de la DOP Pla i Llevant\",\"inLanguage\":\"ca-ES\",\"potentialAction\":[{\"@type\":\"ReadAction\",\"target\":[\"https:\\\/\\\/gastronomicament.cat\\\/ca\\\/arriba-la-segona-edicio-de-sons-del-vi\"]}]},{\"@type\":\"ImageObject\",\"inLanguage\":\"ca-ES\",\"@id\":\"https:\\\/\\\/gastronomicament.cat\\\/ca\\\/arriba-la-segona-edicio-de-sons-del-vi#primaryimage\",\"url\":\"https:\\\/\\\/gastronomicament.cat\\\/wp-content\\\/uploads\\\/2025\\\/08\\\/Neus-Estarellas-pic.jpg\",\"contentUrl\":\"https:\\\/\\\/gastronomicament.cat\\\/wp-content\\\/uploads\\\/2025\\\/08\\\/Neus-Estarellas-pic.jpg\",\"width\":1440,\"height\":850},{\"@type\":\"WebSite\",\"@id\":\"https:\\\/\\\/gastronomicament.cat\\\/ca\\\/#website\",\"url\":\"https:\\\/\\\/gastronomicament.cat\\\/ca\\\/\",\"name\":\"Gastron\u00f2micament\",\"description\":\"Portal de restaurants, receptes i actualitat gastron\u00f2mica\",\"publisher\":{\"@id\":\"https:\\\/\\\/gastronomicament.cat\\\/ca\\\/#organization\"},\"potentialAction\":[{\"@type\":\"SearchAction\",\"target\":{\"@type\":\"EntryPoint\",\"urlTemplate\":\"https:\\\/\\\/gastronomicament.cat\\\/ca\\\/?s={search_term_string}\"},\"query-input\":{\"@type\":\"PropertyValueSpecification\",\"valueRequired\":true,\"valueName\":\"search_term_string\"}}],\"inLanguage\":\"ca-ES\"},{\"@type\":\"Organization\",\"@id\":\"https:\\\/\\\/gastronomicament.cat\\\/ca\\\/#organization\",\"name\":\"Gastron\u00f2micament\",\"url\":\"https:\\\/\\\/gastronomicament.cat\\\/ca\\\/\",\"logo\":{\"@type\":\"ImageObject\",\"inLanguage\":\"ca-ES\",\"@id\":\"https:\\\/\\\/gastronomicament.cat\\\/ca\\\/#\\\/schema\\\/logo\\\/image\\\/\",\"url\":\"https:\\\/\\\/gastronomicament.cat\\\/wp-content\\\/uploads\\\/2016\\\/09\\\/header-logo.jpg\",\"contentUrl\":\"https:\\\/\\\/gastronomicament.cat\\\/wp-content\\\/uploads\\\/2016\\\/09\\\/header-logo.jpg\",\"width\":277,\"height\":39,\"caption\":\"Gastron\u00f2micament\"},\"image\":{\"@id\":\"https:\\\/\\\/gastronomicament.cat\\\/ca\\\/#\\\/schema\\\/logo\\\/image\\\/\"},\"sameAs\":[\"https:\\\/\\\/x.com\\\/gastronomicamen\"]},{\"@type\":\"Person\",\"@id\":\"https:\\\/\\\/gastronomicament.cat\\\/ca\\\/#\\\/schema\\\/person\\\/a7c85c537a1ed62799a5b8e0f686a37f\",\"name\":\"Redacci\u00f3\",\"image\":{\"@type\":\"ImageObject\",\"inLanguage\":\"ca-ES\",\"@id\":\"https:\\\/\\\/secure.gravatar.com\\\/avatar\\\/9489a485c464fd611d33825daae651d13db70c4e74c65c94937a15a9d4c3ee14?s=96&d=mm&r=g69fea3cce3645dfa2166e7293e22955e\",\"url\":\"https:\\\/\\\/secure.gravatar.com\\\/avatar\\\/9489a485c464fd611d33825daae651d13db70c4e74c65c94937a15a9d4c3ee14?s=96&d=mm&r=g\",\"contentUrl\":\"https:\\\/\\\/secure.gravatar.com\\\/avatar\\\/9489a485c464fd611d33825daae651d13db70c4e74c65c94937a15a9d4c3ee14?s=96&d=mm&r=g\",\"caption\":\"Redacci\u00f3\"},\"sameAs\":[\"http:\\\/\\\/gastronomicament.cat\"],\"url\":\"https:\\\/\\\/gastronomicament.cat\\\/ca\\\/author\\\/admin\"}]}<\/script>\n<!-- \/ Yoast SEO plugin. -->","yoast_head_json":{"title":"Arriba la segona edici\u00f3 de Sons del Vi - Gastron\u00f2micament","description":"Arriba la segona edici\u00f3 de Sons del Vi Actualitat, Reportatges i novetats La pianista i sommelier Neus Estarellas conduir\u00e0 aquest maridatge de m\u00fasica i vi de la DOP Pla i Llevant","robots":{"index":"index","follow":"follow","max-snippet":"max-snippet:-1","max-image-preview":"max-image-preview:large","max-video-preview":"max-video-preview:-1"},"canonical":"https:\/\/gastronomicament.cat\/ca\/arriba-la-segona-edicio-de-sons-del-vi","og_locale":"ca_ES","og_type":"article","og_title":"Arriba la segona edici\u00f3 de Sons del Vi - Gastron\u00f2micament","og_description":"Arriba la segona edici\u00f3 de Sons del Vi Actualitat, Reportatges i novetats La pianista i sommelier Neus Estarellas conduir\u00e0 aquest maridatge de m\u00fasica i vi de la DOP Pla i Llevant","og_url":"https:\/\/gastronomicament.cat\/ca\/arriba-la-segona-edicio-de-sons-del-vi","og_site_name":"Gastron\u00f2micament","article_published_time":"2025-08-28T05:47:48+00:00","article_modified_time":"2026-04-12T18:30:22+00:00","og_image":[{"width":1440,"height":850,"url":"https:\/\/gastronomicament.cat\/wp-content\/uploads\/2025\/08\/Neus-Estarellas-pic.jpg","type":"image\/jpeg"}],"author":"Redacci\u00f3","twitter_card":"summary_large_image","twitter_creator":"@gastronomicamen","twitter_site":"@gastronomicamen","twitter_misc":{"Written by":"Redacci\u00f3","Est. reading time":"1 minute"},"schema":{"@context":"https:\/\/schema.org","@graph":[{"@type":"Article","@id":"https:\/\/gastronomicament.cat\/ca\/arriba-la-segona-edicio-de-sons-del-vi#article","isPartOf":{"@id":"https:\/\/gastronomicament.cat\/ca\/arriba-la-segona-edicio-de-sons-del-vi"},"author":{"name":"Redacci\u00f3","@id":"https:\/\/gastronomicament.cat\/ca\/#\/schema\/person\/a7c85c537a1ed62799a5b8e0f686a37f"},"headline":"Arriba la segona edici\u00f3 de Sons del Vi","datePublished":"2025-08-28T05:47:48+00:00","dateModified":"2026-04-12T18:30:22+00:00","mainEntityOfPage":{"@id":"https:\/\/gastronomicament.cat\/ca\/arriba-la-segona-edicio-de-sons-del-vi"},"wordCount":192,"commentCount":0,"publisher":{"@id":"https:\/\/gastronomicament.cat\/ca\/#organization"},"image":{"@id":"https:\/\/gastronomicament.cat\/ca\/arriba-la-segona-edicio-de-sons-del-vi#primaryimage"},"thumbnailUrl":"https:\/\/gastronomicament.cat\/wp-content\/uploads\/2025\/08\/Neus-Estarellas-pic.jpg","articleSection":["Actualitat","Reportatges i novetats"],"inLanguage":"ca-ES","potentialAction":[{"@type":"CommentAction","name":"Comment","target":["https:\/\/gastronomicament.cat\/ca\/arriba-la-segona-edicio-de-sons-del-vi#respond"]}]},{"@type":"WebPage","@id":"https:\/\/gastronomicament.cat\/ca\/arriba-la-segona-edicio-de-sons-del-vi","url":"https:\/\/gastronomicament.cat\/ca\/arriba-la-segona-edicio-de-sons-del-vi","name":"Arriba la segona edici\u00f3 de Sons del Vi - Gastron\u00f2micament","isPartOf":{"@id":"https:\/\/gastronomicament.cat\/ca\/#website"},"primaryImageOfPage":{"@id":"https:\/\/gastronomicament.cat\/ca\/arriba-la-segona-edicio-de-sons-del-vi#primaryimage"},"image":{"@id":"https:\/\/gastronomicament.cat\/ca\/arriba-la-segona-edicio-de-sons-del-vi#primaryimage"},"thumbnailUrl":"https:\/\/gastronomicament.cat\/wp-content\/uploads\/2025\/08\/Neus-Estarellas-pic.jpg","datePublished":"2025-08-28T05:47:48+00:00","dateModified":"2026-04-12T18:30:22+00:00","description":"Arriba la segona edici\u00f3 de Sons del Vi Actualitat, Reportatges i novetats La pianista i sommelier Neus Estarellas conduir\u00e0 aquest maridatge de m\u00fasica i vi de la DOP Pla i Llevant","inLanguage":"ca-ES","potentialAction":[{"@type":"ReadAction","target":["https:\/\/gastronomicament.cat\/ca\/arriba-la-segona-edicio-de-sons-del-vi"]}]},{"@type":"ImageObject","inLanguage":"ca-ES","@id":"https:\/\/gastronomicament.cat\/ca\/arriba-la-segona-edicio-de-sons-del-vi#primaryimage","url":"https:\/\/gastronomicament.cat\/wp-content\/uploads\/2025\/08\/Neus-Estarellas-pic.jpg","contentUrl":"https:\/\/gastronomicament.cat\/wp-content\/uploads\/2025\/08\/Neus-Estarellas-pic.jpg","width":1440,"height":850},{"@type":"WebSite","@id":"https:\/\/gastronomicament.cat\/ca\/#website","url":"https:\/\/gastronomicament.cat\/ca\/","name":"Gastron\u00f2micament","description":"Portal de restaurants, receptes i actualitat gastron\u00f2mica","publisher":{"@id":"https:\/\/gastronomicament.cat\/ca\/#organization"},"potentialAction":[{"@type":"SearchAction","target":{"@type":"EntryPoint","urlTemplate":"https:\/\/gastronomicament.cat\/ca\/?s={search_term_string}"},"query-input":{"@type":"PropertyValueSpecification","valueRequired":true,"valueName":"search_term_string"}}],"inLanguage":"ca-ES"},{"@type":"Organization","@id":"https:\/\/gastronomicament.cat\/ca\/#organization","name":"Gastron\u00f2micament","url":"https:\/\/gastronomicament.cat\/ca\/","logo":{"@type":"ImageObject","inLanguage":"ca-ES","@id":"https:\/\/gastronomicament.cat\/ca\/#\/schema\/logo\/image\/","url":"https:\/\/gastronomicament.cat\/wp-content\/uploads\/2016\/09\/header-logo.jpg","contentUrl":"https:\/\/gastronomicament.cat\/wp-content\/uploads\/2016\/09\/header-logo.jpg","width":277,"height":39,"caption":"Gastron\u00f2micament"},"image":{"@id":"https:\/\/gastronomicament.cat\/ca\/#\/schema\/logo\/image\/"},"sameAs":["https:\/\/x.com\/gastronomicamen"]},{"@type":"Person","@id":"https:\/\/gastronomicament.cat\/ca\/#\/schema\/person\/a7c85c537a1ed62799a5b8e0f686a37f","name":"Redacci\u00f3","image":{"@type":"ImageObject","inLanguage":"ca-ES","@id":"https:\/\/secure.gravatar.com\/avatar\/9489a485c464fd611d33825daae651d13db70c4e74c65c94937a15a9d4c3ee14?s=96&d=mm&r=g69fea3cce3645dfa2166e7293e22955e","url":"https:\/\/secure.gravatar.com\/avatar\/9489a485c464fd611d33825daae651d13db70c4e74c65c94937a15a9d4c3ee14?s=96&d=mm&r=g","contentUrl":"https:\/\/secure.gravatar.com\/avatar\/9489a485c464fd611d33825daae651d13db70c4e74c65c94937a15a9d4c3ee14?s=96&d=mm&r=g","caption":"Redacci\u00f3"},"sameAs":["http:\/\/gastronomicament.cat"],"url":"https:\/\/gastronomicament.cat\/ca\/author\/admin"}]}},"_links":{"self":[{"href":"https:\/\/gastronomicament.cat\/ca\/wp-json\/wp\/v2\/posts\/102468","targetHints":{"allow":["GET"]}}],"collection":[{"href":"https:\/\/gastronomicament.cat\/ca\/wp-json\/wp\/v2\/posts"}],"about":[{"href":"https:\/\/gastronomicament.cat\/ca\/wp-json\/wp\/v2\/types\/post"}],"author":[{"embeddable":true,"href":"https:\/\/gastronomicament.cat\/ca\/wp-json\/wp\/v2\/users\/1"}],"replies":[{"embeddable":true,"href":"https:\/\/gastronomicament.cat\/ca\/wp-json\/wp\/v2\/comments?post=102468"}],"version-history":[{"count":0,"href":"https:\/\/gastronomicament.cat\/ca\/wp-json\/wp\/v2\/posts\/102468\/revisions"}],"wp:featuredmedia":[{"embeddable":true,"href":"https:\/\/gastronomicament.cat\/ca\/wp-json\/wp\/v2\/media\/102471"}],"wp:attachment":[{"href":"https:\/\/gastronomicament.cat\/ca\/wp-json\/wp\/v2\/media?parent=102468"}],"wp:term":[{"taxonomy":"category","embeddable":true,"href":"https:\/\/gastronomicament.cat\/ca\/wp-json\/wp\/v2\/categories?post=102468"},{"taxonomy":"post_tag","embeddable":true,"href":"https:\/\/gastronomicament.cat\/ca\/wp-json\/wp\/v2\/tags?post=102468"},{"taxonomy":"author","embeddable":true,"href":"https:\/\/gastronomicament.cat\/ca\/wp-json\/wp\/v2\/coauthors?post=102468"}],"curies":[{"name":"wp","href":"https:\/\/api.w.org\/{rel}","templated":true}]}}