{"id":102529,"date":"2025-09-11T08:11:57","date_gmt":"2025-09-11T06:11:57","guid":{"rendered":"https:\/\/web2025.gastronomicament.cat\/el-coriandre-beneficis-duna-herba-millenaria"},"modified":"2026-04-16T19:50:21","modified_gmt":"2026-04-16T17:50:21","slug":"el-coriandre-beneficis-duna-herba-millenaria","status":"publish","type":"post","link":"https:\/\/gastronomicament.cat\/ca\/el-coriandre-beneficis-duna-herba-millenaria","title":{"rendered":"El coriandre: beneficis d&#8217;una herba mil\u2022len\u00e0ria"},"content":{"rendered":"\n<p>El&nbsp;<strong>coriandre<\/strong>&nbsp;(<em>Coriandrum sativum<\/em>) \u00e9s una planta herb\u00e0cia origin\u00e0ria de la regi\u00f3 mediterr\u00e0nia i del Pr\u00f2xim Orient. Avui dia, es cultiva i consumeix arreu del m\u00f3n, especialment a la cuina asi\u00e0tica, llatinoamericana i mediterr\u00e0nia. \u00c9s una herba que desperta passions: per a uns, el seu gust fresc i c\u00edtric \u00e9s delici\u00f3s; per a d\u2019altres, resulta massa intens i fins i tot recorda al sab\u00f3, a causa d\u2019una predisposici\u00f3 gen\u00e8tica.<\/p>\n\n\n\n<p>A la cuina, tant les fulles com les llavors s\u00f3n apreciades, at\u00e8s que aporten aromes diferents i complementaris. Les fulles s\u2019utilitzen fresques, mentre que les llavors, sovint moltes, s\u2019usen com a esp\u00e8cia.<\/p>\n\n\n\n<p>L&#8217;expert en gastronomia&nbsp;<a href=\"https:\/\/blocs.mesvilaweb.cat\/jaumefabrega\/del-coriandre-o-del-gust-d-escarbat\/\" target=\"_blank\" rel=\"noopener nofollow\"><strong>Jaume F\u00e0brega<\/strong><\/a>&nbsp;explica que en l&#8217;edat mitjana era un aromatitzant molt usat en els Pa\u00efsos Catalans. De fet, apareix al receptari m\u00e9s antic escrit en llengua rom\u00e0nica, El llibre de Sent Sov\u00ed.<\/p>\n\n\n\n<p>El coriandre no \u00e9s nom\u00e9s un condiment sabor\u00f3s, sin\u00f3 que tamb\u00e9 \u00e9s una planta amb propietats saludables reconegudes des de l\u2019antiguitat. Entre els seus principals beneficis, hi trobam:<\/p>\n\n\n\n<ul class=\"wp-block-list\">\n<li><strong>Digestiu i carminatiu<\/strong>: les llavors de coriandre ajuden a reduir gasos i inflor abdominal, afavorint una digesti\u00f3 m\u00e9s lleugera.<\/li>\n\n\n\n<li><strong>Antioxidant<\/strong>: cont\u00e9 compostos bioactius i vitamina C, que contribueixen a combatre els radicals lliures i reduir l\u2019estr\u00e8s oxidatiu.<\/li>\n\n\n\n<li><strong>Desintoxicant natural<\/strong>: alguns estudis indiquen que pot ajudar a l\u2019eliminaci\u00f3 de metalls pesants de l\u2019organisme.<\/li>\n\n\n\n<li><strong>Antimicrobi\u00e0<\/strong>: els seus olis essencials mostren efectes contra bacteris i fongs.<\/li>\n\n\n\n<li><strong>Regulador del sucre en sang<\/strong>: hi ha investigacions que apunten que pot ajudar a controlar els nivells de glucosa.<\/li>\n\n\n\n<li><strong>Ric en nutrients<\/strong>: aporta vitamines A, C i K, com tamb\u00e9 minerals com ferro, calci i magnesi.<\/li>\n<\/ul>\n\n\n\n<p>Com a curiositat, cal dir que ja era conegut pels antics egipcis, que l\u2019utilitzaven com a planta medicinal i en rituals.<\/p>\n\n\n\n<pre class=\"wp-block-preformatted\">Imatge: Getty Images<\/pre>\n","protected":false},"excerpt":{"rendered":"<p>L&#8217;expert en gastronomia Jaume F\u00e0brega explica que en l&#8217;edat mitjana era un aromatitzant molt usat en&hellip;<\/p>\n","protected":false},"author":1,"featured_media":102530,"comment_status":"open","ping_status":"open","sticky":false,"template":"","format":"standard","meta":{"_acf_changed":false,"_swt_meta_header_display":false,"_swt_meta_footer_display":false,"_swt_meta_site_title_display":false,"_swt_meta_sticky_header":false,"_swt_meta_transparent_header":false,"footnotes":""},"categories":[692,955],"tags":[],"coauthors":[2053],"class_list":["post-102529","post","type-post","status-publish","format-standard","has-post-thumbnail","hentry","category-actualitat","category-reportatges-i-novetats"],"acf":{"gallery":"","home_date":{"home_begin_date":null,"home_end_date":null}},"yoast_head":"<!-- This site is optimized with the Yoast SEO plugin v27.4 - https:\/\/yoast.com\/product\/yoast-seo-wordpress\/ -->\n<title>El coriandre: beneficis d&#039;una herba mil\u2022len\u00e0ria - Gastron\u00f2micament<\/title>\n<meta name=\"description\" content=\"El coriandre: beneficis d&#039;una herba mil\u2022len\u00e0ria Actualitat, Reportatges i novetats L&#039;expert en gastronomia Jaume F\u00e0brega explica que en l&#039;edat mitjana era un aromatitzant molt usat en els Pa\u00efsos Catalans\" \/>\n<meta name=\"robots\" content=\"index, follow, max-snippet:-1, max-image-preview:large, max-video-preview:-1\" \/>\n<link rel=\"canonical\" href=\"https:\/\/gastronomicament.cat\/ca\/el-coriandre-beneficis-duna-herba-millenaria\" \/>\n<meta property=\"og:locale\" content=\"ca_ES\" \/>\n<meta property=\"og:type\" content=\"article\" \/>\n<meta property=\"og:title\" content=\"El coriandre: beneficis d&#039;una herba mil\u2022len\u00e0ria - Gastron\u00f2micament\" \/>\n<meta property=\"og:description\" content=\"El coriandre: beneficis d&#039;una herba mil\u2022len\u00e0ria Actualitat, Reportatges i novetats L&#039;expert en gastronomia Jaume F\u00e0brega explica que en l&#039;edat mitjana era un aromatitzant molt usat en els Pa\u00efsos Catalans\" \/>\n<meta property=\"og:url\" content=\"https:\/\/gastronomicament.cat\/ca\/el-coriandre-beneficis-duna-herba-millenaria\" \/>\n<meta property=\"og:site_name\" content=\"Gastron\u00f2micament\" \/>\n<meta property=\"article:published_time\" content=\"2025-09-11T06:11:57+00:00\" \/>\n<meta property=\"article:modified_time\" content=\"2026-04-16T17:50:21+00:00\" \/>\n<meta property=\"og:image\" content=\"https:\/\/gastronomicament.cat\/wp-content\/uploads\/2025\/09\/coriandre-1.jpg\" \/>\n\t<meta property=\"og:image:width\" content=\"1600\" \/>\n\t<meta property=\"og:image:height\" content=\"1067\" \/>\n\t<meta property=\"og:image:type\" content=\"image\/jpeg\" \/>\n<meta name=\"author\" content=\"Redacci\u00f3\" \/>\n<meta name=\"twitter:card\" content=\"summary_large_image\" \/>\n<meta name=\"twitter:creator\" content=\"@gastronomicamen\" \/>\n<meta name=\"twitter:site\" content=\"@gastronomicamen\" \/>\n<meta name=\"twitter:label1\" content=\"Written by\" \/>\n\t<meta name=\"twitter:data1\" content=\"Redacci\u00f3\" \/>\n\t<meta name=\"twitter:label2\" content=\"Est. reading time\" \/>\n\t<meta name=\"twitter:data2\" content=\"2 minutes\" \/>\n<script type=\"application\/ld+json\" class=\"yoast-schema-graph\">{\"@context\":\"https:\\\/\\\/schema.org\",\"@graph\":[{\"@type\":\"Article\",\"@id\":\"https:\\\/\\\/gastronomicament.cat\\\/ca\\\/el-coriandre-beneficis-duna-herba-millenaria#article\",\"isPartOf\":{\"@id\":\"https:\\\/\\\/gastronomicament.cat\\\/ca\\\/el-coriandre-beneficis-duna-herba-millenaria\"},\"author\":{\"name\":\"Redacci\u00f3\",\"@id\":\"https:\\\/\\\/gastronomicament.cat\\\/ca\\\/#\\\/schema\\\/person\\\/a7c85c537a1ed62799a5b8e0f686a37f\"},\"headline\":\"El coriandre: beneficis d&#8217;una herba mil\u2022len\u00e0ria\",\"datePublished\":\"2025-09-11T06:11:57+00:00\",\"dateModified\":\"2026-04-16T17:50:21+00:00\",\"mainEntityOfPage\":{\"@id\":\"https:\\\/\\\/gastronomicament.cat\\\/ca\\\/el-coriandre-beneficis-duna-herba-millenaria\"},\"wordCount\":326,\"commentCount\":0,\"publisher\":{\"@id\":\"https:\\\/\\\/gastronomicament.cat\\\/ca\\\/#organization\"},\"image\":{\"@id\":\"https:\\\/\\\/gastronomicament.cat\\\/ca\\\/el-coriandre-beneficis-duna-herba-millenaria#primaryimage\"},\"thumbnailUrl\":\"https:\\\/\\\/gastronomicament.cat\\\/wp-content\\\/uploads\\\/2025\\\/09\\\/coriandre-1.jpg\",\"articleSection\":[\"Actualitat\",\"Reportatges i novetats\"],\"inLanguage\":\"ca-ES\",\"potentialAction\":[{\"@type\":\"CommentAction\",\"name\":\"Comment\",\"target\":[\"https:\\\/\\\/gastronomicament.cat\\\/ca\\\/el-coriandre-beneficis-duna-herba-millenaria#respond\"]}]},{\"@type\":\"WebPage\",\"@id\":\"https:\\\/\\\/gastronomicament.cat\\\/ca\\\/el-coriandre-beneficis-duna-herba-millenaria\",\"url\":\"https:\\\/\\\/gastronomicament.cat\\\/ca\\\/el-coriandre-beneficis-duna-herba-millenaria\",\"name\":\"El coriandre: beneficis d'una herba mil\u2022len\u00e0ria - Gastron\u00f2micament\",\"isPartOf\":{\"@id\":\"https:\\\/\\\/gastronomicament.cat\\\/ca\\\/#website\"},\"primaryImageOfPage\":{\"@id\":\"https:\\\/\\\/gastronomicament.cat\\\/ca\\\/el-coriandre-beneficis-duna-herba-millenaria#primaryimage\"},\"image\":{\"@id\":\"https:\\\/\\\/gastronomicament.cat\\\/ca\\\/el-coriandre-beneficis-duna-herba-millenaria#primaryimage\"},\"thumbnailUrl\":\"https:\\\/\\\/gastronomicament.cat\\\/wp-content\\\/uploads\\\/2025\\\/09\\\/coriandre-1.jpg\",\"datePublished\":\"2025-09-11T06:11:57+00:00\",\"dateModified\":\"2026-04-16T17:50:21+00:00\",\"description\":\"El coriandre: beneficis d'una herba mil\u2022len\u00e0ria Actualitat, Reportatges i novetats L'expert en gastronomia Jaume F\u00e0brega explica que en l'edat mitjana era un aromatitzant molt usat en els Pa\u00efsos Catalans\",\"inLanguage\":\"ca-ES\",\"potentialAction\":[{\"@type\":\"ReadAction\",\"target\":[\"https:\\\/\\\/gastronomicament.cat\\\/ca\\\/el-coriandre-beneficis-duna-herba-millenaria\"]}]},{\"@type\":\"ImageObject\",\"inLanguage\":\"ca-ES\",\"@id\":\"https:\\\/\\\/gastronomicament.cat\\\/ca\\\/el-coriandre-beneficis-duna-herba-millenaria#primaryimage\",\"url\":\"https:\\\/\\\/gastronomicament.cat\\\/wp-content\\\/uploads\\\/2025\\\/09\\\/coriandre-1.jpg\",\"contentUrl\":\"https:\\\/\\\/gastronomicament.cat\\\/wp-content\\\/uploads\\\/2025\\\/09\\\/coriandre-1.jpg\",\"width\":1600,\"height\":1067},{\"@type\":\"WebSite\",\"@id\":\"https:\\\/\\\/gastronomicament.cat\\\/ca\\\/#website\",\"url\":\"https:\\\/\\\/gastronomicament.cat\\\/ca\\\/\",\"name\":\"Gastron\u00f2micament\",\"description\":\"Portal de restaurants, receptes i actualitat gastron\u00f2mica\",\"publisher\":{\"@id\":\"https:\\\/\\\/gastronomicament.cat\\\/ca\\\/#organization\"},\"potentialAction\":[{\"@type\":\"SearchAction\",\"target\":{\"@type\":\"EntryPoint\",\"urlTemplate\":\"https:\\\/\\\/gastronomicament.cat\\\/ca\\\/?s={search_term_string}\"},\"query-input\":{\"@type\":\"PropertyValueSpecification\",\"valueRequired\":true,\"valueName\":\"search_term_string\"}}],\"inLanguage\":\"ca-ES\"},{\"@type\":\"Organization\",\"@id\":\"https:\\\/\\\/gastronomicament.cat\\\/ca\\\/#organization\",\"name\":\"Gastron\u00f2micament\",\"url\":\"https:\\\/\\\/gastronomicament.cat\\\/ca\\\/\",\"logo\":{\"@type\":\"ImageObject\",\"inLanguage\":\"ca-ES\",\"@id\":\"https:\\\/\\\/gastronomicament.cat\\\/ca\\\/#\\\/schema\\\/logo\\\/image\\\/\",\"url\":\"https:\\\/\\\/gastronomicament.cat\\\/wp-content\\\/uploads\\\/2016\\\/09\\\/header-logo.jpg\",\"contentUrl\":\"https:\\\/\\\/gastronomicament.cat\\\/wp-content\\\/uploads\\\/2016\\\/09\\\/header-logo.jpg\",\"width\":277,\"height\":39,\"caption\":\"Gastron\u00f2micament\"},\"image\":{\"@id\":\"https:\\\/\\\/gastronomicament.cat\\\/ca\\\/#\\\/schema\\\/logo\\\/image\\\/\"},\"sameAs\":[\"https:\\\/\\\/x.com\\\/gastronomicamen\"]},{\"@type\":\"Person\",\"@id\":\"https:\\\/\\\/gastronomicament.cat\\\/ca\\\/#\\\/schema\\\/person\\\/a7c85c537a1ed62799a5b8e0f686a37f\",\"name\":\"Redacci\u00f3\",\"image\":{\"@type\":\"ImageObject\",\"inLanguage\":\"ca-ES\",\"@id\":\"https:\\\/\\\/secure.gravatar.com\\\/avatar\\\/9489a485c464fd611d33825daae651d13db70c4e74c65c94937a15a9d4c3ee14?s=96&d=mm&r=g69fea3cce3645dfa2166e7293e22955e\",\"url\":\"https:\\\/\\\/secure.gravatar.com\\\/avatar\\\/9489a485c464fd611d33825daae651d13db70c4e74c65c94937a15a9d4c3ee14?s=96&d=mm&r=g\",\"contentUrl\":\"https:\\\/\\\/secure.gravatar.com\\\/avatar\\\/9489a485c464fd611d33825daae651d13db70c4e74c65c94937a15a9d4c3ee14?s=96&d=mm&r=g\",\"caption\":\"Redacci\u00f3\"},\"sameAs\":[\"http:\\\/\\\/gastronomicament.cat\"],\"url\":\"https:\\\/\\\/gastronomicament.cat\\\/ca\\\/author\\\/admin\"}]}<\/script>\n<!-- \/ Yoast SEO plugin. -->","yoast_head_json":{"title":"El coriandre: beneficis d'una herba mil\u2022len\u00e0ria - Gastron\u00f2micament","description":"El coriandre: beneficis d'una herba mil\u2022len\u00e0ria Actualitat, Reportatges i novetats L'expert en gastronomia Jaume F\u00e0brega explica que en l'edat mitjana era un aromatitzant molt usat en els Pa\u00efsos Catalans","robots":{"index":"index","follow":"follow","max-snippet":"max-snippet:-1","max-image-preview":"max-image-preview:large","max-video-preview":"max-video-preview:-1"},"canonical":"https:\/\/gastronomicament.cat\/ca\/el-coriandre-beneficis-duna-herba-millenaria","og_locale":"ca_ES","og_type":"article","og_title":"El coriandre: beneficis d'una herba mil\u2022len\u00e0ria - Gastron\u00f2micament","og_description":"El coriandre: beneficis d'una herba mil\u2022len\u00e0ria Actualitat, Reportatges i novetats L'expert en gastronomia Jaume F\u00e0brega explica que en l'edat mitjana era un aromatitzant molt usat en els Pa\u00efsos Catalans","og_url":"https:\/\/gastronomicament.cat\/ca\/el-coriandre-beneficis-duna-herba-millenaria","og_site_name":"Gastron\u00f2micament","article_published_time":"2025-09-11T06:11:57+00:00","article_modified_time":"2026-04-16T17:50:21+00:00","og_image":[{"width":1600,"height":1067,"url":"https:\/\/gastronomicament.cat\/wp-content\/uploads\/2025\/09\/coriandre-1.jpg","type":"image\/jpeg"}],"author":"Redacci\u00f3","twitter_card":"summary_large_image","twitter_creator":"@gastronomicamen","twitter_site":"@gastronomicamen","twitter_misc":{"Written by":"Redacci\u00f3","Est. reading time":"2 minutes"},"schema":{"@context":"https:\/\/schema.org","@graph":[{"@type":"Article","@id":"https:\/\/gastronomicament.cat\/ca\/el-coriandre-beneficis-duna-herba-millenaria#article","isPartOf":{"@id":"https:\/\/gastronomicament.cat\/ca\/el-coriandre-beneficis-duna-herba-millenaria"},"author":{"name":"Redacci\u00f3","@id":"https:\/\/gastronomicament.cat\/ca\/#\/schema\/person\/a7c85c537a1ed62799a5b8e0f686a37f"},"headline":"El coriandre: beneficis d&#8217;una herba mil\u2022len\u00e0ria","datePublished":"2025-09-11T06:11:57+00:00","dateModified":"2026-04-16T17:50:21+00:00","mainEntityOfPage":{"@id":"https:\/\/gastronomicament.cat\/ca\/el-coriandre-beneficis-duna-herba-millenaria"},"wordCount":326,"commentCount":0,"publisher":{"@id":"https:\/\/gastronomicament.cat\/ca\/#organization"},"image":{"@id":"https:\/\/gastronomicament.cat\/ca\/el-coriandre-beneficis-duna-herba-millenaria#primaryimage"},"thumbnailUrl":"https:\/\/gastronomicament.cat\/wp-content\/uploads\/2025\/09\/coriandre-1.jpg","articleSection":["Actualitat","Reportatges i novetats"],"inLanguage":"ca-ES","potentialAction":[{"@type":"CommentAction","name":"Comment","target":["https:\/\/gastronomicament.cat\/ca\/el-coriandre-beneficis-duna-herba-millenaria#respond"]}]},{"@type":"WebPage","@id":"https:\/\/gastronomicament.cat\/ca\/el-coriandre-beneficis-duna-herba-millenaria","url":"https:\/\/gastronomicament.cat\/ca\/el-coriandre-beneficis-duna-herba-millenaria","name":"El coriandre: beneficis d'una herba mil\u2022len\u00e0ria - Gastron\u00f2micament","isPartOf":{"@id":"https:\/\/gastronomicament.cat\/ca\/#website"},"primaryImageOfPage":{"@id":"https:\/\/gastronomicament.cat\/ca\/el-coriandre-beneficis-duna-herba-millenaria#primaryimage"},"image":{"@id":"https:\/\/gastronomicament.cat\/ca\/el-coriandre-beneficis-duna-herba-millenaria#primaryimage"},"thumbnailUrl":"https:\/\/gastronomicament.cat\/wp-content\/uploads\/2025\/09\/coriandre-1.jpg","datePublished":"2025-09-11T06:11:57+00:00","dateModified":"2026-04-16T17:50:21+00:00","description":"El coriandre: beneficis d'una herba mil\u2022len\u00e0ria Actualitat, Reportatges i novetats L'expert en gastronomia Jaume F\u00e0brega explica que en l'edat mitjana era un aromatitzant molt usat en els Pa\u00efsos Catalans","inLanguage":"ca-ES","potentialAction":[{"@type":"ReadAction","target":["https:\/\/gastronomicament.cat\/ca\/el-coriandre-beneficis-duna-herba-millenaria"]}]},{"@type":"ImageObject","inLanguage":"ca-ES","@id":"https:\/\/gastronomicament.cat\/ca\/el-coriandre-beneficis-duna-herba-millenaria#primaryimage","url":"https:\/\/gastronomicament.cat\/wp-content\/uploads\/2025\/09\/coriandre-1.jpg","contentUrl":"https:\/\/gastronomicament.cat\/wp-content\/uploads\/2025\/09\/coriandre-1.jpg","width":1600,"height":1067},{"@type":"WebSite","@id":"https:\/\/gastronomicament.cat\/ca\/#website","url":"https:\/\/gastronomicament.cat\/ca\/","name":"Gastron\u00f2micament","description":"Portal de restaurants, receptes i actualitat gastron\u00f2mica","publisher":{"@id":"https:\/\/gastronomicament.cat\/ca\/#organization"},"potentialAction":[{"@type":"SearchAction","target":{"@type":"EntryPoint","urlTemplate":"https:\/\/gastronomicament.cat\/ca\/?s={search_term_string}"},"query-input":{"@type":"PropertyValueSpecification","valueRequired":true,"valueName":"search_term_string"}}],"inLanguage":"ca-ES"},{"@type":"Organization","@id":"https:\/\/gastronomicament.cat\/ca\/#organization","name":"Gastron\u00f2micament","url":"https:\/\/gastronomicament.cat\/ca\/","logo":{"@type":"ImageObject","inLanguage":"ca-ES","@id":"https:\/\/gastronomicament.cat\/ca\/#\/schema\/logo\/image\/","url":"https:\/\/gastronomicament.cat\/wp-content\/uploads\/2016\/09\/header-logo.jpg","contentUrl":"https:\/\/gastronomicament.cat\/wp-content\/uploads\/2016\/09\/header-logo.jpg","width":277,"height":39,"caption":"Gastron\u00f2micament"},"image":{"@id":"https:\/\/gastronomicament.cat\/ca\/#\/schema\/logo\/image\/"},"sameAs":["https:\/\/x.com\/gastronomicamen"]},{"@type":"Person","@id":"https:\/\/gastronomicament.cat\/ca\/#\/schema\/person\/a7c85c537a1ed62799a5b8e0f686a37f","name":"Redacci\u00f3","image":{"@type":"ImageObject","inLanguage":"ca-ES","@id":"https:\/\/secure.gravatar.com\/avatar\/9489a485c464fd611d33825daae651d13db70c4e74c65c94937a15a9d4c3ee14?s=96&d=mm&r=g69fea3cce3645dfa2166e7293e22955e","url":"https:\/\/secure.gravatar.com\/avatar\/9489a485c464fd611d33825daae651d13db70c4e74c65c94937a15a9d4c3ee14?s=96&d=mm&r=g","contentUrl":"https:\/\/secure.gravatar.com\/avatar\/9489a485c464fd611d33825daae651d13db70c4e74c65c94937a15a9d4c3ee14?s=96&d=mm&r=g","caption":"Redacci\u00f3"},"sameAs":["http:\/\/gastronomicament.cat"],"url":"https:\/\/gastronomicament.cat\/ca\/author\/admin"}]}},"_links":{"self":[{"href":"https:\/\/gastronomicament.cat\/ca\/wp-json\/wp\/v2\/posts\/102529","targetHints":{"allow":["GET"]}}],"collection":[{"href":"https:\/\/gastronomicament.cat\/ca\/wp-json\/wp\/v2\/posts"}],"about":[{"href":"https:\/\/gastronomicament.cat\/ca\/wp-json\/wp\/v2\/types\/post"}],"author":[{"embeddable":true,"href":"https:\/\/gastronomicament.cat\/ca\/wp-json\/wp\/v2\/users\/1"}],"replies":[{"embeddable":true,"href":"https:\/\/gastronomicament.cat\/ca\/wp-json\/wp\/v2\/comments?post=102529"}],"version-history":[{"count":0,"href":"https:\/\/gastronomicament.cat\/ca\/wp-json\/wp\/v2\/posts\/102529\/revisions"}],"wp:featuredmedia":[{"embeddable":true,"href":"https:\/\/gastronomicament.cat\/ca\/wp-json\/wp\/v2\/media\/102530"}],"wp:attachment":[{"href":"https:\/\/gastronomicament.cat\/ca\/wp-json\/wp\/v2\/media?parent=102529"}],"wp:term":[{"taxonomy":"category","embeddable":true,"href":"https:\/\/gastronomicament.cat\/ca\/wp-json\/wp\/v2\/categories?post=102529"},{"taxonomy":"post_tag","embeddable":true,"href":"https:\/\/gastronomicament.cat\/ca\/wp-json\/wp\/v2\/tags?post=102529"},{"taxonomy":"author","embeddable":true,"href":"https:\/\/gastronomicament.cat\/ca\/wp-json\/wp\/v2\/coauthors?post=102529"}],"curies":[{"name":"wp","href":"https:\/\/api.w.org\/{rel}","templated":true}]}}