{"id":102541,"date":"2025-09-11T08:15:23","date_gmt":"2025-09-11T06:15:23","guid":{"rendered":"https:\/\/web2025.gastronomicament.cat\/salut-adverteix-que-el-consum-dalcohol-durant-lembaras-pot-provocar-el-trastorn-de-lespectre-alcoholic-fetal"},"modified":"2026-04-12T20:30:00","modified_gmt":"2026-04-12T18:30:00","slug":"salut-adverteix-que-el-consum-dalcohol-durant-lembaras-pot-provocar-el-trastorn-de-lespectre-alcoholic-fetal","status":"publish","type":"post","link":"https:\/\/gastronomicament.cat\/ca\/salut-adverteix-que-el-consum-dalcohol-durant-lembaras-pot-provocar-el-trastorn-de-lespectre-alcoholic-fetal","title":{"rendered":"Salut adverteix que el consum d\u2019alcohol durant l\u2019embar\u00e0s pot provocar el trastorn de l\u2019espectre alcoh\u00f2lic fetal"},"content":{"rendered":"<p>La Conselleria de Salut, a trav\u00e9s de la Direcci\u00f3 General de Salut Mental, adverteix que el consum d\u2019alcohol durant l\u2019embar\u00e0s pot provocar el trastorn de l\u2019espectre alcoh\u00f2lic fetal (TEAF), una malaltia completament evitable. Amb l\u2019objectiu de prevenir el consum d\u2019alcohol durant la gestaci\u00f3 i promoure embarassos lliures d\u2019alcohol a les illes Balears, la Direcci\u00f3 General n\u2019ha distribu\u00eft una guia entre els professionals sanitaris, amb motiu , del Dia Mundial del Trastorn de l\u2019Espectre Alcoh\u00f2lic Fetal, fixat en el 9 de setembre.<\/p>\n<p>La guia recull informaci\u00f3 i proporciona directrius als professionals de la salut sobre com identificar el consum d\u2019alcohol durant l\u2019etapa preconcepcional, la gestaci\u00f3, el puerperi\/postpart i la lact\u00e0ncia materna i com fer-hi una intervenci\u00f3 breu. El document\u00a0<strong>inclou tamb\u00e9 estrat\u00e8gies de cribratge i intervenci\u00f3 per reduir l&#8217;exposici\u00f3 a l&#8217;alcohol durant l&#8217;embar\u00e0s i minimitzar-ne els efectes adversos en la persona gestant i el fetus<\/strong>. Es distribuir\u00e0 a tots els centres de salut de les Illes Balears perqu\u00e8 sigui una eina de refer\u00e8ncia i treball per als professionals per afavorir els embarassos lliures d\u2019alcohol. L\u2019objectiu \u00e9s involucrar-hi els professionals i que es facin intervencions actives en el coneixements dels riscs i la prevenci\u00f3.<\/p>\n<p>La Conselleria de Salut\u00a0<strong>recorda a les dones que estiguin embarassades o que planegin quedar-s\u2019hi que s\u2019abstinguin completament de consumir alcohol, des del moment en qu\u00e8 decideixen iniciar la gestaci\u00f3 fins a acabar la lact\u00e0ncia.\u00a0<\/strong>A m\u00e9s, \u00e9s fonamental que tinguin el suport tant de la seva parella com de l\u2019entorn perqu\u00e8 les acompanyin i evitin consumir alcohol. Tamb\u00e9 s\u2019han de crear espais saludables en els quals es fomenti no beure alcohol.<\/p>\n<p><strong>El trastorn de l\u2019espectre alcoh\u00f2lic fetal<\/strong><\/p>\n<p>Segons l\u2019Organitzaci\u00f3 Mundial de la Salut (OMS), el trastorn de l\u2019espectre alcoh\u00f2lic fetal (TEAF) \u00e9s una malaltia totalment evitable. Tot i aix\u00f2, i encara que no hi ha dades concloents d\u2019\u00e0mbit estatal, les estimacions suggereixen que el TEAF \u00e9s un problema de salut p\u00fablica amb una incid\u00e8ncia significativa a Espanya, que possiblement afecti un percentatge notable de la poblaci\u00f3. La manca de diagn\u00f2stic \u00e9s un repte important.<\/p>\n<p>Els\u00a0<strong>TEAF s\u00f3n una s\u00e8rie d\u2019afectacions que una persona pot tenir si la mare ha begut alcohol abans de quedar-se embarassada<\/strong>, durant l\u2019embar\u00e0s o durant la lact\u00e0ncia. Malgrat l&#8217;evid\u00e8ncia sobre els riscos del consum d&#8217;alcohol en la gestaci\u00f3 se\u2019n mant\u00e9 un consum significatiu i una taxa baixa de percepci\u00f3 del risc, especialment en les primeres setmanes de l\u2019embar\u00e0s.<\/p>\n<p>Segons l\u2019enquesta sobre alcohol i drogues en Espanya (EDADES) de 2024 realitzada a poblaci\u00f3 d\u2019entre 15 a 64 anys, el 59,7% de les dones entre 25 i 34 anys, que correspon amb l\u2019edat mitjana de maternitat a Espanya (32,6 anys), han consumit alcohol els darrers 30 dies. A la mateixa enquesta, per\u00f2 de l\u2019any 2022, un 1,6% de les dones enquestades reconeixien haver consumit alcohol en alguna ocasi\u00f3 durant l\u2019embar\u00e0s.<\/p>\n<p>Tot i que la majoria de les gestants redueixen el consum durant l\u2019embar\u00e0s, un estudi d\u2019\u00e0mbit mundial recull per a l&#8217;Estat espanyol una possible prevalen\u00e7a del consum d\u2019alcohol d\u2019un 15%. Per\u00f2 els estudis procedents de la recollida de mostres biol\u00f2giques, els quals mesuren els metab\u00f2lits d\u2019alcohol en el cabell matern, mostren consums superiors als declarats en les enquestes. Segons aquests marcadors,\u00a0<strong>nom\u00e9s un 35% de les gestants s\u00f3n abst\u00e8mies durant tot l\u2019embar\u00e0s<\/strong>.<\/p>\n<p>Malgrat que la majoria de les gestants coneixen el risc que suposa el consum d\u2019alcohol per al fetus,\u00a0<strong>un estudi realitzat a Espanya demostra que 1 de cada 15 gestants creuen que hi ha algun nivell de consum d\u2019alcohol sense risc.\u00a0<\/strong>Aquest estudi tamb\u00e9 mostrava que la percepci\u00f3 del risc del consum d\u2019alcohol en gestants era baixa, i que era menor per a la cervesa i el vi. Persisteix la creen\u00e7a que nom\u00e9s l\u2019alcohol fort i el consum en grans quantitats \u00e9s perjudicial.<\/p>\n","protected":false},"excerpt":{"rendered":"<p>Nom\u00e9s un 35% de les gestants de l&#8217;Estat espanyol s\u00f3n abst\u00e8mies durant tot l\u2019embar\u00e0s<\/p>\n","protected":false},"author":1,"featured_media":102537,"comment_status":"open","ping_status":"open","sticky":false,"template":"","format":"standard","meta":{"_acf_changed":false,"_swt_meta_header_display":false,"_swt_meta_footer_display":false,"_swt_meta_site_title_display":false,"_swt_meta_sticky_header":false,"_swt_meta_transparent_header":false,"footnotes":""},"categories":[692,955],"tags":[],"coauthors":[2053],"class_list":["post-102541","post","type-post","status-publish","format-standard","has-post-thumbnail","hentry","category-actualitat","category-reportatges-i-novetats"],"acf":{"gallery":null,"home_date":{"home_begin_date":null,"home_end_date":null}},"yoast_head":"<!-- This site is optimized with the Yoast SEO plugin v27.4 - https:\/\/yoast.com\/product\/yoast-seo-wordpress\/ -->\n<title>Salut adverteix que el consum d\u2019alcohol durant l\u2019embar\u00e0s pot provocar el trastorn de l\u2019espectre alcoh\u00f2lic fetal - Gastron\u00f2micament<\/title>\n<meta name=\"description\" content=\"Salut adverteix que el consum d\u2019alcohol durant l\u2019embar\u00e0s pot provocar el trastorn de l\u2019espectre alcoh\u00f2lic fetal Actualitat, Reportatges i novetats Nom\u00e9s un 35% de les gestants de l&#039;Estat espanyol s\u00f3n abst\u00e8mies durant tot l\u2019embar\u00e0s\" \/>\n<meta name=\"robots\" content=\"index, follow, max-snippet:-1, max-image-preview:large, max-video-preview:-1\" \/>\n<link rel=\"canonical\" href=\"https:\/\/gastronomicament.cat\/ca\/salut-adverteix-que-el-consum-dalcohol-durant-lembaras-pot-provocar-el-trastorn-de-lespectre-alcoholic-fetal\" \/>\n<meta property=\"og:locale\" content=\"ca_ES\" \/>\n<meta property=\"og:type\" content=\"article\" \/>\n<meta property=\"og:title\" content=\"Salut adverteix que el consum d\u2019alcohol durant l\u2019embar\u00e0s pot provocar el trastorn de l\u2019espectre alcoh\u00f2lic fetal - Gastron\u00f2micament\" \/>\n<meta property=\"og:description\" content=\"Salut adverteix que el consum d\u2019alcohol durant l\u2019embar\u00e0s pot provocar el trastorn de l\u2019espectre alcoh\u00f2lic fetal Actualitat, Reportatges i novetats Nom\u00e9s un 35% de les gestants de l&#039;Estat espanyol s\u00f3n abst\u00e8mies durant tot l\u2019embar\u00e0s\" \/>\n<meta property=\"og:url\" content=\"https:\/\/gastronomicament.cat\/ca\/salut-adverteix-que-el-consum-dalcohol-durant-lembaras-pot-provocar-el-trastorn-de-lespectre-alcoholic-fetal\" \/>\n<meta property=\"og:site_name\" content=\"Gastron\u00f2micament\" \/>\n<meta property=\"article:published_time\" content=\"2025-09-11T06:15:23+00:00\" \/>\n<meta property=\"article:modified_time\" content=\"2026-04-12T18:30:00+00:00\" \/>\n<meta property=\"og:image\" content=\"https:\/\/gastronomicament.cat\/wp-content\/uploads\/2025\/09\/Alcohol-pic.jpg\" \/>\n\t<meta property=\"og:image:width\" content=\"1500\" \/>\n\t<meta property=\"og:image:height\" content=\"1000\" \/>\n\t<meta property=\"og:image:type\" content=\"image\/jpeg\" \/>\n<meta name=\"author\" content=\"Redacci\u00f3\" \/>\n<meta name=\"twitter:card\" content=\"summary_large_image\" \/>\n<meta name=\"twitter:creator\" content=\"@gastronomicamen\" \/>\n<meta name=\"twitter:site\" content=\"@gastronomicamen\" \/>\n<meta name=\"twitter:label1\" content=\"Written by\" \/>\n\t<meta name=\"twitter:data1\" content=\"Redacci\u00f3\" \/>\n\t<meta name=\"twitter:label2\" content=\"Est. reading time\" \/>\n\t<meta name=\"twitter:data2\" content=\"3 minutes\" \/>\n<script type=\"application\/ld+json\" class=\"yoast-schema-graph\">{\"@context\":\"https:\\\/\\\/schema.org\",\"@graph\":[{\"@type\":\"Article\",\"@id\":\"https:\\\/\\\/gastronomicament.cat\\\/ca\\\/salut-adverteix-que-el-consum-dalcohol-durant-lembaras-pot-provocar-el-trastorn-de-lespectre-alcoholic-fetal#article\",\"isPartOf\":{\"@id\":\"https:\\\/\\\/gastronomicament.cat\\\/ca\\\/salut-adverteix-que-el-consum-dalcohol-durant-lembaras-pot-provocar-el-trastorn-de-lespectre-alcoholic-fetal\"},\"author\":{\"name\":\"Redacci\u00f3\",\"@id\":\"https:\\\/\\\/gastronomicament.cat\\\/ca\\\/#\\\/schema\\\/person\\\/a7c85c537a1ed62799a5b8e0f686a37f\"},\"headline\":\"Salut adverteix que el consum d\u2019alcohol durant l\u2019embar\u00e0s pot provocar el trastorn de l\u2019espectre alcoh\u00f2lic fetal\",\"datePublished\":\"2025-09-11T06:15:23+00:00\",\"dateModified\":\"2026-04-12T18:30:00+00:00\",\"mainEntityOfPage\":{\"@id\":\"https:\\\/\\\/gastronomicament.cat\\\/ca\\\/salut-adverteix-que-el-consum-dalcohol-durant-lembaras-pot-provocar-el-trastorn-de-lespectre-alcoholic-fetal\"},\"wordCount\":698,\"commentCount\":0,\"publisher\":{\"@id\":\"https:\\\/\\\/gastronomicament.cat\\\/ca\\\/#organization\"},\"image\":{\"@id\":\"https:\\\/\\\/gastronomicament.cat\\\/ca\\\/salut-adverteix-que-el-consum-dalcohol-durant-lembaras-pot-provocar-el-trastorn-de-lespectre-alcoholic-fetal#primaryimage\"},\"thumbnailUrl\":\"https:\\\/\\\/gastronomicament.cat\\\/wp-content\\\/uploads\\\/2025\\\/09\\\/Alcohol-pic.jpg\",\"articleSection\":[\"Actualitat\",\"Reportatges i novetats\"],\"inLanguage\":\"ca-ES\",\"potentialAction\":[{\"@type\":\"CommentAction\",\"name\":\"Comment\",\"target\":[\"https:\\\/\\\/gastronomicament.cat\\\/ca\\\/salut-adverteix-que-el-consum-dalcohol-durant-lembaras-pot-provocar-el-trastorn-de-lespectre-alcoholic-fetal#respond\"]}]},{\"@type\":\"WebPage\",\"@id\":\"https:\\\/\\\/gastronomicament.cat\\\/ca\\\/salut-adverteix-que-el-consum-dalcohol-durant-lembaras-pot-provocar-el-trastorn-de-lespectre-alcoholic-fetal\",\"url\":\"https:\\\/\\\/gastronomicament.cat\\\/ca\\\/salut-adverteix-que-el-consum-dalcohol-durant-lembaras-pot-provocar-el-trastorn-de-lespectre-alcoholic-fetal\",\"name\":\"Salut adverteix que el consum d\u2019alcohol durant l\u2019embar\u00e0s pot provocar el trastorn de l\u2019espectre alcoh\u00f2lic fetal - Gastron\u00f2micament\",\"isPartOf\":{\"@id\":\"https:\\\/\\\/gastronomicament.cat\\\/ca\\\/#website\"},\"primaryImageOfPage\":{\"@id\":\"https:\\\/\\\/gastronomicament.cat\\\/ca\\\/salut-adverteix-que-el-consum-dalcohol-durant-lembaras-pot-provocar-el-trastorn-de-lespectre-alcoholic-fetal#primaryimage\"},\"image\":{\"@id\":\"https:\\\/\\\/gastronomicament.cat\\\/ca\\\/salut-adverteix-que-el-consum-dalcohol-durant-lembaras-pot-provocar-el-trastorn-de-lespectre-alcoholic-fetal#primaryimage\"},\"thumbnailUrl\":\"https:\\\/\\\/gastronomicament.cat\\\/wp-content\\\/uploads\\\/2025\\\/09\\\/Alcohol-pic.jpg\",\"datePublished\":\"2025-09-11T06:15:23+00:00\",\"dateModified\":\"2026-04-12T18:30:00+00:00\",\"description\":\"Salut adverteix que el consum d\u2019alcohol durant l\u2019embar\u00e0s pot provocar el trastorn de l\u2019espectre alcoh\u00f2lic fetal Actualitat, Reportatges i novetats Nom\u00e9s un 35% de les gestants de l'Estat espanyol s\u00f3n abst\u00e8mies durant tot l\u2019embar\u00e0s\",\"inLanguage\":\"ca-ES\",\"potentialAction\":[{\"@type\":\"ReadAction\",\"target\":[\"https:\\\/\\\/gastronomicament.cat\\\/ca\\\/salut-adverteix-que-el-consum-dalcohol-durant-lembaras-pot-provocar-el-trastorn-de-lespectre-alcoholic-fetal\"]}]},{\"@type\":\"ImageObject\",\"inLanguage\":\"ca-ES\",\"@id\":\"https:\\\/\\\/gastronomicament.cat\\\/ca\\\/salut-adverteix-que-el-consum-dalcohol-durant-lembaras-pot-provocar-el-trastorn-de-lespectre-alcoholic-fetal#primaryimage\",\"url\":\"https:\\\/\\\/gastronomicament.cat\\\/wp-content\\\/uploads\\\/2025\\\/09\\\/Alcohol-pic.jpg\",\"contentUrl\":\"https:\\\/\\\/gastronomicament.cat\\\/wp-content\\\/uploads\\\/2025\\\/09\\\/Alcohol-pic.jpg\",\"width\":1500,\"height\":1000},{\"@type\":\"WebSite\",\"@id\":\"https:\\\/\\\/gastronomicament.cat\\\/ca\\\/#website\",\"url\":\"https:\\\/\\\/gastronomicament.cat\\\/ca\\\/\",\"name\":\"Gastron\u00f2micament\",\"description\":\"Portal de restaurants, receptes i actualitat gastron\u00f2mica\",\"publisher\":{\"@id\":\"https:\\\/\\\/gastronomicament.cat\\\/ca\\\/#organization\"},\"potentialAction\":[{\"@type\":\"SearchAction\",\"target\":{\"@type\":\"EntryPoint\",\"urlTemplate\":\"https:\\\/\\\/gastronomicament.cat\\\/ca\\\/?s={search_term_string}\"},\"query-input\":{\"@type\":\"PropertyValueSpecification\",\"valueRequired\":true,\"valueName\":\"search_term_string\"}}],\"inLanguage\":\"ca-ES\"},{\"@type\":\"Organization\",\"@id\":\"https:\\\/\\\/gastronomicament.cat\\\/ca\\\/#organization\",\"name\":\"Gastron\u00f2micament\",\"url\":\"https:\\\/\\\/gastronomicament.cat\\\/ca\\\/\",\"logo\":{\"@type\":\"ImageObject\",\"inLanguage\":\"ca-ES\",\"@id\":\"https:\\\/\\\/gastronomicament.cat\\\/ca\\\/#\\\/schema\\\/logo\\\/image\\\/\",\"url\":\"https:\\\/\\\/gastronomicament.cat\\\/wp-content\\\/uploads\\\/2016\\\/09\\\/header-logo.jpg\",\"contentUrl\":\"https:\\\/\\\/gastronomicament.cat\\\/wp-content\\\/uploads\\\/2016\\\/09\\\/header-logo.jpg\",\"width\":277,\"height\":39,\"caption\":\"Gastron\u00f2micament\"},\"image\":{\"@id\":\"https:\\\/\\\/gastronomicament.cat\\\/ca\\\/#\\\/schema\\\/logo\\\/image\\\/\"},\"sameAs\":[\"https:\\\/\\\/x.com\\\/gastronomicamen\"]},{\"@type\":\"Person\",\"@id\":\"https:\\\/\\\/gastronomicament.cat\\\/ca\\\/#\\\/schema\\\/person\\\/a7c85c537a1ed62799a5b8e0f686a37f\",\"name\":\"Redacci\u00f3\",\"image\":{\"@type\":\"ImageObject\",\"inLanguage\":\"ca-ES\",\"@id\":\"https:\\\/\\\/secure.gravatar.com\\\/avatar\\\/9489a485c464fd611d33825daae651d13db70c4e74c65c94937a15a9d4c3ee14?s=96&d=mm&r=g69fea3cce3645dfa2166e7293e22955e\",\"url\":\"https:\\\/\\\/secure.gravatar.com\\\/avatar\\\/9489a485c464fd611d33825daae651d13db70c4e74c65c94937a15a9d4c3ee14?s=96&d=mm&r=g\",\"contentUrl\":\"https:\\\/\\\/secure.gravatar.com\\\/avatar\\\/9489a485c464fd611d33825daae651d13db70c4e74c65c94937a15a9d4c3ee14?s=96&d=mm&r=g\",\"caption\":\"Redacci\u00f3\"},\"sameAs\":[\"http:\\\/\\\/gastronomicament.cat\"],\"url\":\"https:\\\/\\\/gastronomicament.cat\\\/ca\\\/author\\\/admin\"}]}<\/script>\n<!-- \/ Yoast SEO plugin. -->","yoast_head_json":{"title":"Salut adverteix que el consum d\u2019alcohol durant l\u2019embar\u00e0s pot provocar el trastorn de l\u2019espectre alcoh\u00f2lic fetal - Gastron\u00f2micament","description":"Salut adverteix que el consum d\u2019alcohol durant l\u2019embar\u00e0s pot provocar el trastorn de l\u2019espectre alcoh\u00f2lic fetal Actualitat, Reportatges i novetats Nom\u00e9s un 35% de les gestants de l'Estat espanyol s\u00f3n abst\u00e8mies durant tot l\u2019embar\u00e0s","robots":{"index":"index","follow":"follow","max-snippet":"max-snippet:-1","max-image-preview":"max-image-preview:large","max-video-preview":"max-video-preview:-1"},"canonical":"https:\/\/gastronomicament.cat\/ca\/salut-adverteix-que-el-consum-dalcohol-durant-lembaras-pot-provocar-el-trastorn-de-lespectre-alcoholic-fetal","og_locale":"ca_ES","og_type":"article","og_title":"Salut adverteix que el consum d\u2019alcohol durant l\u2019embar\u00e0s pot provocar el trastorn de l\u2019espectre alcoh\u00f2lic fetal - Gastron\u00f2micament","og_description":"Salut adverteix que el consum d\u2019alcohol durant l\u2019embar\u00e0s pot provocar el trastorn de l\u2019espectre alcoh\u00f2lic fetal Actualitat, Reportatges i novetats Nom\u00e9s un 35% de les gestants de l'Estat espanyol s\u00f3n abst\u00e8mies durant tot l\u2019embar\u00e0s","og_url":"https:\/\/gastronomicament.cat\/ca\/salut-adverteix-que-el-consum-dalcohol-durant-lembaras-pot-provocar-el-trastorn-de-lespectre-alcoholic-fetal","og_site_name":"Gastron\u00f2micament","article_published_time":"2025-09-11T06:15:23+00:00","article_modified_time":"2026-04-12T18:30:00+00:00","og_image":[{"width":1500,"height":1000,"url":"https:\/\/gastronomicament.cat\/wp-content\/uploads\/2025\/09\/Alcohol-pic.jpg","type":"image\/jpeg"}],"author":"Redacci\u00f3","twitter_card":"summary_large_image","twitter_creator":"@gastronomicamen","twitter_site":"@gastronomicamen","twitter_misc":{"Written by":"Redacci\u00f3","Est. reading time":"3 minutes"},"schema":{"@context":"https:\/\/schema.org","@graph":[{"@type":"Article","@id":"https:\/\/gastronomicament.cat\/ca\/salut-adverteix-que-el-consum-dalcohol-durant-lembaras-pot-provocar-el-trastorn-de-lespectre-alcoholic-fetal#article","isPartOf":{"@id":"https:\/\/gastronomicament.cat\/ca\/salut-adverteix-que-el-consum-dalcohol-durant-lembaras-pot-provocar-el-trastorn-de-lespectre-alcoholic-fetal"},"author":{"name":"Redacci\u00f3","@id":"https:\/\/gastronomicament.cat\/ca\/#\/schema\/person\/a7c85c537a1ed62799a5b8e0f686a37f"},"headline":"Salut adverteix que el consum d\u2019alcohol durant l\u2019embar\u00e0s pot provocar el trastorn de l\u2019espectre alcoh\u00f2lic fetal","datePublished":"2025-09-11T06:15:23+00:00","dateModified":"2026-04-12T18:30:00+00:00","mainEntityOfPage":{"@id":"https:\/\/gastronomicament.cat\/ca\/salut-adverteix-que-el-consum-dalcohol-durant-lembaras-pot-provocar-el-trastorn-de-lespectre-alcoholic-fetal"},"wordCount":698,"commentCount":0,"publisher":{"@id":"https:\/\/gastronomicament.cat\/ca\/#organization"},"image":{"@id":"https:\/\/gastronomicament.cat\/ca\/salut-adverteix-que-el-consum-dalcohol-durant-lembaras-pot-provocar-el-trastorn-de-lespectre-alcoholic-fetal#primaryimage"},"thumbnailUrl":"https:\/\/gastronomicament.cat\/wp-content\/uploads\/2025\/09\/Alcohol-pic.jpg","articleSection":["Actualitat","Reportatges i novetats"],"inLanguage":"ca-ES","potentialAction":[{"@type":"CommentAction","name":"Comment","target":["https:\/\/gastronomicament.cat\/ca\/salut-adverteix-que-el-consum-dalcohol-durant-lembaras-pot-provocar-el-trastorn-de-lespectre-alcoholic-fetal#respond"]}]},{"@type":"WebPage","@id":"https:\/\/gastronomicament.cat\/ca\/salut-adverteix-que-el-consum-dalcohol-durant-lembaras-pot-provocar-el-trastorn-de-lespectre-alcoholic-fetal","url":"https:\/\/gastronomicament.cat\/ca\/salut-adverteix-que-el-consum-dalcohol-durant-lembaras-pot-provocar-el-trastorn-de-lespectre-alcoholic-fetal","name":"Salut adverteix que el consum d\u2019alcohol durant l\u2019embar\u00e0s pot provocar el trastorn de l\u2019espectre alcoh\u00f2lic fetal - Gastron\u00f2micament","isPartOf":{"@id":"https:\/\/gastronomicament.cat\/ca\/#website"},"primaryImageOfPage":{"@id":"https:\/\/gastronomicament.cat\/ca\/salut-adverteix-que-el-consum-dalcohol-durant-lembaras-pot-provocar-el-trastorn-de-lespectre-alcoholic-fetal#primaryimage"},"image":{"@id":"https:\/\/gastronomicament.cat\/ca\/salut-adverteix-que-el-consum-dalcohol-durant-lembaras-pot-provocar-el-trastorn-de-lespectre-alcoholic-fetal#primaryimage"},"thumbnailUrl":"https:\/\/gastronomicament.cat\/wp-content\/uploads\/2025\/09\/Alcohol-pic.jpg","datePublished":"2025-09-11T06:15:23+00:00","dateModified":"2026-04-12T18:30:00+00:00","description":"Salut adverteix que el consum d\u2019alcohol durant l\u2019embar\u00e0s pot provocar el trastorn de l\u2019espectre alcoh\u00f2lic fetal Actualitat, Reportatges i novetats Nom\u00e9s un 35% de les gestants de l'Estat espanyol s\u00f3n abst\u00e8mies durant tot l\u2019embar\u00e0s","inLanguage":"ca-ES","potentialAction":[{"@type":"ReadAction","target":["https:\/\/gastronomicament.cat\/ca\/salut-adverteix-que-el-consum-dalcohol-durant-lembaras-pot-provocar-el-trastorn-de-lespectre-alcoholic-fetal"]}]},{"@type":"ImageObject","inLanguage":"ca-ES","@id":"https:\/\/gastronomicament.cat\/ca\/salut-adverteix-que-el-consum-dalcohol-durant-lembaras-pot-provocar-el-trastorn-de-lespectre-alcoholic-fetal#primaryimage","url":"https:\/\/gastronomicament.cat\/wp-content\/uploads\/2025\/09\/Alcohol-pic.jpg","contentUrl":"https:\/\/gastronomicament.cat\/wp-content\/uploads\/2025\/09\/Alcohol-pic.jpg","width":1500,"height":1000},{"@type":"WebSite","@id":"https:\/\/gastronomicament.cat\/ca\/#website","url":"https:\/\/gastronomicament.cat\/ca\/","name":"Gastron\u00f2micament","description":"Portal de restaurants, receptes i actualitat gastron\u00f2mica","publisher":{"@id":"https:\/\/gastronomicament.cat\/ca\/#organization"},"potentialAction":[{"@type":"SearchAction","target":{"@type":"EntryPoint","urlTemplate":"https:\/\/gastronomicament.cat\/ca\/?s={search_term_string}"},"query-input":{"@type":"PropertyValueSpecification","valueRequired":true,"valueName":"search_term_string"}}],"inLanguage":"ca-ES"},{"@type":"Organization","@id":"https:\/\/gastronomicament.cat\/ca\/#organization","name":"Gastron\u00f2micament","url":"https:\/\/gastronomicament.cat\/ca\/","logo":{"@type":"ImageObject","inLanguage":"ca-ES","@id":"https:\/\/gastronomicament.cat\/ca\/#\/schema\/logo\/image\/","url":"https:\/\/gastronomicament.cat\/wp-content\/uploads\/2016\/09\/header-logo.jpg","contentUrl":"https:\/\/gastronomicament.cat\/wp-content\/uploads\/2016\/09\/header-logo.jpg","width":277,"height":39,"caption":"Gastron\u00f2micament"},"image":{"@id":"https:\/\/gastronomicament.cat\/ca\/#\/schema\/logo\/image\/"},"sameAs":["https:\/\/x.com\/gastronomicamen"]},{"@type":"Person","@id":"https:\/\/gastronomicament.cat\/ca\/#\/schema\/person\/a7c85c537a1ed62799a5b8e0f686a37f","name":"Redacci\u00f3","image":{"@type":"ImageObject","inLanguage":"ca-ES","@id":"https:\/\/secure.gravatar.com\/avatar\/9489a485c464fd611d33825daae651d13db70c4e74c65c94937a15a9d4c3ee14?s=96&d=mm&r=g69fea3cce3645dfa2166e7293e22955e","url":"https:\/\/secure.gravatar.com\/avatar\/9489a485c464fd611d33825daae651d13db70c4e74c65c94937a15a9d4c3ee14?s=96&d=mm&r=g","contentUrl":"https:\/\/secure.gravatar.com\/avatar\/9489a485c464fd611d33825daae651d13db70c4e74c65c94937a15a9d4c3ee14?s=96&d=mm&r=g","caption":"Redacci\u00f3"},"sameAs":["http:\/\/gastronomicament.cat"],"url":"https:\/\/gastronomicament.cat\/ca\/author\/admin"}]}},"_links":{"self":[{"href":"https:\/\/gastronomicament.cat\/ca\/wp-json\/wp\/v2\/posts\/102541","targetHints":{"allow":["GET"]}}],"collection":[{"href":"https:\/\/gastronomicament.cat\/ca\/wp-json\/wp\/v2\/posts"}],"about":[{"href":"https:\/\/gastronomicament.cat\/ca\/wp-json\/wp\/v2\/types\/post"}],"author":[{"embeddable":true,"href":"https:\/\/gastronomicament.cat\/ca\/wp-json\/wp\/v2\/users\/1"}],"replies":[{"embeddable":true,"href":"https:\/\/gastronomicament.cat\/ca\/wp-json\/wp\/v2\/comments?post=102541"}],"version-history":[{"count":0,"href":"https:\/\/gastronomicament.cat\/ca\/wp-json\/wp\/v2\/posts\/102541\/revisions"}],"wp:featuredmedia":[{"embeddable":true,"href":"https:\/\/gastronomicament.cat\/ca\/wp-json\/wp\/v2\/media\/102537"}],"wp:attachment":[{"href":"https:\/\/gastronomicament.cat\/ca\/wp-json\/wp\/v2\/media?parent=102541"}],"wp:term":[{"taxonomy":"category","embeddable":true,"href":"https:\/\/gastronomicament.cat\/ca\/wp-json\/wp\/v2\/categories?post=102541"},{"taxonomy":"post_tag","embeddable":true,"href":"https:\/\/gastronomicament.cat\/ca\/wp-json\/wp\/v2\/tags?post=102541"},{"taxonomy":"author","embeddable":true,"href":"https:\/\/gastronomicament.cat\/ca\/wp-json\/wp\/v2\/coauthors?post=102541"}],"curies":[{"name":"wp","href":"https:\/\/api.w.org\/{rel}","templated":true}]}}