{"id":102706,"date":"2025-09-26T08:18:15","date_gmt":"2025-09-26T06:18:15","guid":{"rendered":"https:\/\/web2025.gastronomicament.cat\/comenca-tastam-inca-laposta-pel-comerc-local-i-la-gastronomia"},"modified":"2026-04-16T15:03:43","modified_gmt":"2026-04-16T13:03:43","slug":"comenca-tastam-inca-laposta-pel-comerc-local-i-la-gastronomia","status":"publish","type":"post","link":"https:\/\/gastronomicament.cat\/ca\/comenca-tastam-inca-laposta-pel-comerc-local-i-la-gastronomia","title":{"rendered":"Comen\u00e7a Tastam Inca, l&#8217;aposta pel comer\u00e7 local i la gastronomia"},"content":{"rendered":"\n<p>Inca impulsa de forma decidida la seva oferta gastron\u00f2mica i comercial amb la primera edici\u00f3 de Tastam Inca: Jornades Gastron\u00f2miques del comer\u00e7 i el producte local.<\/p>\n\n\n\n<p>Es tracta d&#8217;una nova campanya impulsada per Activa\u2019t Inca Associaci\u00f3 Empresarial que t\u00e9 el suport del Consell de Mallorca, l&#8217;Ajuntament d&#8217;Inca i del concessionari Inca Centro Auto.<\/p>\n\n\n\n<p>A l\u2019acte de presentaci\u00f3, hi han assistit&nbsp;<strong>Mar Nicolau<\/strong>, presidenta d\u2019Activa\u2019t Inca;&nbsp;<strong>Joana Maria Maroto,<\/strong>&nbsp; d\u2019Inca Centro Auto, empresa col\u00b7laboradora de la campanya;&nbsp;<strong>Pilar Amate<\/strong>, consellera de Promoci\u00f3 Econ\u00f2mica i Desenvolupament Local del Consell de Mallorca; i&nbsp;<strong>Virgilio Moreno<\/strong>, batle d\u2019Inca.<\/p>\n\n\n\n<p><strong>Propostes gastron\u00f2miques<\/strong><\/p>\n\n\n\n<p>Durant tres setmanes, de dijous al diumenge, del 25 de setembre al 12 d&#8217;octubre, 30 establiments de restauraci\u00f3 d\u2019Inca oferiran propostes gastron\u00f2miques especials en quatre modalitats: Berenar Tastam Inca, Berenar de forqueta, Men\u00fa especial i Men\u00fa gastron\u00f2mic.<\/p>\n\n\n\n<p>Cada restaurant participa amb les modalitats que millor s\u2019adapten al seu estil de cuina. El programa complet de les jornades es pot consultar al web&nbsp;<a href=\"http:\/\/www.activatinca.com\/tastam-inca\">www.activatinca.com\/tastam-inca<\/a>.<\/p>\n\n\n\n<p>A m\u00e9s a m\u00e9s, 51 comer\u00e7os de la ciutat s\u2019han sumat a la campanya com a establiments col\u00b7laboradors, i aix\u00ed reforcen la connexi\u00f3 entre gastronomia, comer\u00e7 i producte local.<\/p>\n\n\n\n<p><strong>Gran Sorteig Tastam Inca<br><\/strong>Amb l\u2019objectiu d\u2019impulsar la participaci\u00f3 ciutadana, la campanya inclou tamb\u00e9 el Gran Sorteig Tastam Inca. Les persones que consumeixin als establiments de restauraci\u00f3 participants o que comprin als comer\u00e7os adherits poden registrar els seus tiquets a la web&nbsp;<a href=\"http:\/\/www.activatinca.com\/\">www.activatinca.com<\/a>&nbsp;i entrar en el sorteig de 2.500 \u20ac en&nbsp;<strong>vals regal a bescanviar als comer\u00e7os col\u00b7laboradors i 10 cistelles de producte local, valorades en 120 \u20ac cadascuna<\/strong>.<\/p>\n\n\n\n<p>El lliurament de premis se celebrar\u00e0 el divendres 17 d\u2019octubre, a les 19 hores, a la pla\u00e7a del Mercat d\u2019Inca.<\/p>\n\n\n\n<p><strong>Un aparador suggerent<\/strong><\/p>\n\n\n\n<p>La presidenta d\u2019Activa\u2019t Inca,<strong>&nbsp;Mar Nicolau<\/strong>, ha destacat que \u201caquesta primera edici\u00f3 de Tastam Inca \u00e9s<strong>&nbsp;fruit del treball conjunt entre restauradors, comerciants i productors locals<\/strong>. Volem que sigui un aparador de tot el que Inca pot oferir, i tamb\u00e9 un incentiu perqu\u00e8 la ciutadania visqui la ciutat d\u2019una manera diferent, amb la il\u00b7lusi\u00f3 de sumar experi\u00e8ncies i tamb\u00e9 de participar en el gran sorteig&#8221;.<\/p>\n\n\n\n<p>Per la seva part, Joana Maria Maroto ha comentat que &#8220;a Inca Centro Auto, concessionari oficial Opel i referent a la zona amb marques com Citro\u00ebn, Peugeot i Leapmotor, compartim amb Tastam Inca els valors de proximitat, qualitat i comprom\u00eds amb el futur. Apostam per la sostenibilitat amb models com el Leapmotor T03, sempre amb el servei proper que ens defineix.<strong>&nbsp;Donar suport a aquesta campanya \u00e9s apostar pel territori i pels productes locals<\/strong>.\u201d<\/p>\n\n\n\n<p>Aix\u00ed mateix, La consellera de Promoci\u00f3 Econ\u00f2mica i Desenvolupament Local, Pilar Amate, ha assenyalat que: \u201cesdeveniments com Tasta\u2019m Inca, representen&nbsp;<strong>una magn\u00edfica oportunitat per a acostar al p\u00fablic la qualitat del que es produeix en la nostra terra i per a refor\u00e7ar el vincle entre consumidors, productors i comer\u00e7os locals<\/strong>\u201d, i ha destacat que \u201caquesta excel\u00b7lent iniciativa tamb\u00e9 permet generar oportunitats d&#8217;ocupaci\u00f3, dinamitzar l&#8217;economia i protegir la nostra tradici\u00f3\u201d.<\/p>\n\n\n\n<p>Finalment el batle d\u2019Inca, Virgilio Moreno, ha remarcat que \u201c<strong>Inca \u00e9s una ciutat amb una gran riquesa gastron\u00f2mica i comercial, i amb aquesta campanya feim una passa m\u00e9s per donar suport als nostres restauradors, comerciants i productors locals<\/strong>. Tastam Inca \u00e9s una invitaci\u00f3 a gaudir de la ciutat i a descobrir-la a trav\u00e9s dels sabors i les experi\u00e8ncies que ens ofereix.\u201d<\/p>\n\n\n\n<p><strong>Una aposta per la gastronomia i el comer\u00e7 d\u2019Inca<br><\/strong>Tastam Inca neix amb la voluntat de dinamitzar el teixit comercial i gastron\u00f2mic de la ciutat i posar en valor el producte local i de temporada. Aquesta iniciativa coincideix amb l\u2019inici de la tardor i es presenta com una nova oportunitat per descobrir i gaudir d\u2019Inca a trav\u00e9s de la seva cuina, els seus comer\u00e7os i els seus productors.<\/p>\n","protected":false},"excerpt":{"rendered":"<p>Durant tres setmanes, de dijous al diumenge, 30 establiments de restauraci\u00f3 d\u2019Inca oferiran propostes gastron\u00f2miques especials<\/p>\n","protected":false},"author":1,"featured_media":102708,"comment_status":"open","ping_status":"open","sticky":false,"template":"","format":"gallery","meta":{"_acf_changed":false,"_swt_meta_header_display":false,"_swt_meta_footer_display":false,"_swt_meta_site_title_display":false,"_swt_meta_sticky_header":false,"_swt_meta_transparent_header":false,"footnotes":""},"categories":[692,955],"tags":[],"coauthors":[2053],"class_list":["post-102706","post","type-post","status-publish","format-gallery","has-post-thumbnail","hentry","category-actualitat","category-reportatges-i-novetats","post_format-post-format-gallery"],"acf":{"gallery":[102708,102728,102724,102720,102712],"home_date":{"home_begin_date":null,"home_end_date":null}},"yoast_head":"<!-- This site is optimized with the Yoast SEO plugin v27.4 - https:\/\/yoast.com\/product\/yoast-seo-wordpress\/ -->\n<title>Comen\u00e7a Tastam Inca, l&#039;aposta pel comer\u00e7 local i la gastronomia - Gastron\u00f2micament<\/title>\n<meta name=\"description\" content=\"Comen\u00e7a Tastam Inca, l&#039;aposta pel comer\u00e7 local i la gastronomia Actualitat, Reportatges i novetats Durant tres setmanes, de dijous al diumenge, 30 establiments de restauraci\u00f3 d\u2019Inca oferiran propostes gastron\u00f2miques especials\" \/>\n<meta name=\"robots\" content=\"index, follow, max-snippet:-1, max-image-preview:large, max-video-preview:-1\" \/>\n<link rel=\"canonical\" href=\"https:\/\/gastronomicament.cat\/ca\/comenca-tastam-inca-laposta-pel-comerc-local-i-la-gastronomia\" \/>\n<meta property=\"og:locale\" content=\"ca_ES\" \/>\n<meta property=\"og:type\" content=\"article\" \/>\n<meta property=\"og:title\" content=\"Comen\u00e7a Tastam Inca, l&#039;aposta pel comer\u00e7 local i la gastronomia - Gastron\u00f2micament\" \/>\n<meta property=\"og:description\" content=\"Comen\u00e7a Tastam Inca, l&#039;aposta pel comer\u00e7 local i la gastronomia Actualitat, Reportatges i novetats Durant tres setmanes, de dijous al diumenge, 30 establiments de restauraci\u00f3 d\u2019Inca oferiran propostes gastron\u00f2miques especials\" \/>\n<meta property=\"og:url\" content=\"https:\/\/gastronomicament.cat\/ca\/comenca-tastam-inca-laposta-pel-comerc-local-i-la-gastronomia\" \/>\n<meta property=\"og:site_name\" content=\"Gastron\u00f2micament\" \/>\n<meta property=\"article:published_time\" content=\"2025-09-26T06:18:15+00:00\" \/>\n<meta property=\"article:modified_time\" content=\"2026-04-16T13:03:43+00:00\" \/>\n<meta property=\"og:image\" content=\"https:\/\/gastronomicament.cat\/wp-content\/uploads\/2025\/09\/Tastam-Inca-2025.jpg\" \/>\n\t<meta property=\"og:image:width\" content=\"1578\" \/>\n\t<meta property=\"og:image:height\" content=\"1001\" \/>\n\t<meta property=\"og:image:type\" content=\"image\/jpeg\" \/>\n<meta name=\"author\" content=\"Redacci\u00f3\" \/>\n<meta name=\"twitter:card\" content=\"summary_large_image\" \/>\n<meta name=\"twitter:creator\" content=\"@gastronomicamen\" \/>\n<meta name=\"twitter:site\" content=\"@gastronomicamen\" \/>\n<meta name=\"twitter:label1\" content=\"Written by\" \/>\n\t<meta name=\"twitter:data1\" content=\"Redacci\u00f3\" \/>\n\t<meta name=\"twitter:label2\" content=\"Est. reading time\" \/>\n\t<meta name=\"twitter:data2\" content=\"4 minutes\" \/>\n<script type=\"application\/ld+json\" class=\"yoast-schema-graph\">{\"@context\":\"https:\\\/\\\/schema.org\",\"@graph\":[{\"@type\":\"Article\",\"@id\":\"https:\\\/\\\/gastronomicament.cat\\\/ca\\\/comenca-tastam-inca-laposta-pel-comerc-local-i-la-gastronomia#article\",\"isPartOf\":{\"@id\":\"https:\\\/\\\/gastronomicament.cat\\\/ca\\\/comenca-tastam-inca-laposta-pel-comerc-local-i-la-gastronomia\"},\"author\":{\"name\":\"Redacci\u00f3\",\"@id\":\"https:\\\/\\\/gastronomicament.cat\\\/ca\\\/#\\\/schema\\\/person\\\/a7c85c537a1ed62799a5b8e0f686a37f\"},\"headline\":\"Comen\u00e7a Tastam Inca, l&#8217;aposta pel comer\u00e7 local i la gastronomia\",\"datePublished\":\"2025-09-26T06:18:15+00:00\",\"dateModified\":\"2026-04-16T13:03:43+00:00\",\"mainEntityOfPage\":{\"@id\":\"https:\\\/\\\/gastronomicament.cat\\\/ca\\\/comenca-tastam-inca-laposta-pel-comerc-local-i-la-gastronomia\"},\"wordCount\":689,\"commentCount\":0,\"publisher\":{\"@id\":\"https:\\\/\\\/gastronomicament.cat\\\/ca\\\/#organization\"},\"image\":{\"@id\":\"https:\\\/\\\/gastronomicament.cat\\\/ca\\\/comenca-tastam-inca-laposta-pel-comerc-local-i-la-gastronomia#primaryimage\"},\"thumbnailUrl\":\"https:\\\/\\\/gastronomicament.cat\\\/wp-content\\\/uploads\\\/2025\\\/09\\\/Tastam-Inca-2025.jpg\",\"articleSection\":[\"Actualitat\",\"Reportatges i novetats\"],\"inLanguage\":\"ca-ES\",\"potentialAction\":[{\"@type\":\"CommentAction\",\"name\":\"Comment\",\"target\":[\"https:\\\/\\\/gastronomicament.cat\\\/ca\\\/comenca-tastam-inca-laposta-pel-comerc-local-i-la-gastronomia#respond\"]}]},{\"@type\":\"WebPage\",\"@id\":\"https:\\\/\\\/gastronomicament.cat\\\/ca\\\/comenca-tastam-inca-laposta-pel-comerc-local-i-la-gastronomia\",\"url\":\"https:\\\/\\\/gastronomicament.cat\\\/ca\\\/comenca-tastam-inca-laposta-pel-comerc-local-i-la-gastronomia\",\"name\":\"Comen\u00e7a Tastam Inca, l'aposta pel comer\u00e7 local i la gastronomia - Gastron\u00f2micament\",\"isPartOf\":{\"@id\":\"https:\\\/\\\/gastronomicament.cat\\\/ca\\\/#website\"},\"primaryImageOfPage\":{\"@id\":\"https:\\\/\\\/gastronomicament.cat\\\/ca\\\/comenca-tastam-inca-laposta-pel-comerc-local-i-la-gastronomia#primaryimage\"},\"image\":{\"@id\":\"https:\\\/\\\/gastronomicament.cat\\\/ca\\\/comenca-tastam-inca-laposta-pel-comerc-local-i-la-gastronomia#primaryimage\"},\"thumbnailUrl\":\"https:\\\/\\\/gastronomicament.cat\\\/wp-content\\\/uploads\\\/2025\\\/09\\\/Tastam-Inca-2025.jpg\",\"datePublished\":\"2025-09-26T06:18:15+00:00\",\"dateModified\":\"2026-04-16T13:03:43+00:00\",\"description\":\"Comen\u00e7a Tastam Inca, l'aposta pel comer\u00e7 local i la gastronomia Actualitat, Reportatges i novetats Durant tres setmanes, de dijous al diumenge, 30 establiments de restauraci\u00f3 d\u2019Inca oferiran propostes gastron\u00f2miques especials\",\"inLanguage\":\"ca-ES\",\"potentialAction\":[{\"@type\":\"ReadAction\",\"target\":[\"https:\\\/\\\/gastronomicament.cat\\\/ca\\\/comenca-tastam-inca-laposta-pel-comerc-local-i-la-gastronomia\"]}]},{\"@type\":\"ImageObject\",\"inLanguage\":\"ca-ES\",\"@id\":\"https:\\\/\\\/gastronomicament.cat\\\/ca\\\/comenca-tastam-inca-laposta-pel-comerc-local-i-la-gastronomia#primaryimage\",\"url\":\"https:\\\/\\\/gastronomicament.cat\\\/wp-content\\\/uploads\\\/2025\\\/09\\\/Tastam-Inca-2025.jpg\",\"contentUrl\":\"https:\\\/\\\/gastronomicament.cat\\\/wp-content\\\/uploads\\\/2025\\\/09\\\/Tastam-Inca-2025.jpg\",\"width\":1578,\"height\":1001},{\"@type\":\"WebSite\",\"@id\":\"https:\\\/\\\/gastronomicament.cat\\\/ca\\\/#website\",\"url\":\"https:\\\/\\\/gastronomicament.cat\\\/ca\\\/\",\"name\":\"Gastron\u00f2micament\",\"description\":\"Portal de restaurants, receptes i actualitat gastron\u00f2mica\",\"publisher\":{\"@id\":\"https:\\\/\\\/gastronomicament.cat\\\/ca\\\/#organization\"},\"potentialAction\":[{\"@type\":\"SearchAction\",\"target\":{\"@type\":\"EntryPoint\",\"urlTemplate\":\"https:\\\/\\\/gastronomicament.cat\\\/ca\\\/?s={search_term_string}\"},\"query-input\":{\"@type\":\"PropertyValueSpecification\",\"valueRequired\":true,\"valueName\":\"search_term_string\"}}],\"inLanguage\":\"ca-ES\"},{\"@type\":\"Organization\",\"@id\":\"https:\\\/\\\/gastronomicament.cat\\\/ca\\\/#organization\",\"name\":\"Gastron\u00f2micament\",\"url\":\"https:\\\/\\\/gastronomicament.cat\\\/ca\\\/\",\"logo\":{\"@type\":\"ImageObject\",\"inLanguage\":\"ca-ES\",\"@id\":\"https:\\\/\\\/gastronomicament.cat\\\/ca\\\/#\\\/schema\\\/logo\\\/image\\\/\",\"url\":\"https:\\\/\\\/gastronomicament.cat\\\/wp-content\\\/uploads\\\/2016\\\/09\\\/header-logo.jpg\",\"contentUrl\":\"https:\\\/\\\/gastronomicament.cat\\\/wp-content\\\/uploads\\\/2016\\\/09\\\/header-logo.jpg\",\"width\":277,\"height\":39,\"caption\":\"Gastron\u00f2micament\"},\"image\":{\"@id\":\"https:\\\/\\\/gastronomicament.cat\\\/ca\\\/#\\\/schema\\\/logo\\\/image\\\/\"},\"sameAs\":[\"https:\\\/\\\/x.com\\\/gastronomicamen\"]},{\"@type\":\"Person\",\"@id\":\"https:\\\/\\\/gastronomicament.cat\\\/ca\\\/#\\\/schema\\\/person\\\/a7c85c537a1ed62799a5b8e0f686a37f\",\"name\":\"Redacci\u00f3\",\"image\":{\"@type\":\"ImageObject\",\"inLanguage\":\"ca-ES\",\"@id\":\"https:\\\/\\\/secure.gravatar.com\\\/avatar\\\/9489a485c464fd611d33825daae651d13db70c4e74c65c94937a15a9d4c3ee14?s=96&d=mm&r=g69fea3cce3645dfa2166e7293e22955e\",\"url\":\"https:\\\/\\\/secure.gravatar.com\\\/avatar\\\/9489a485c464fd611d33825daae651d13db70c4e74c65c94937a15a9d4c3ee14?s=96&d=mm&r=g\",\"contentUrl\":\"https:\\\/\\\/secure.gravatar.com\\\/avatar\\\/9489a485c464fd611d33825daae651d13db70c4e74c65c94937a15a9d4c3ee14?s=96&d=mm&r=g\",\"caption\":\"Redacci\u00f3\"},\"sameAs\":[\"http:\\\/\\\/gastronomicament.cat\"],\"url\":\"https:\\\/\\\/gastronomicament.cat\\\/ca\\\/author\\\/admin\"}]}<\/script>\n<!-- \/ Yoast SEO plugin. -->","yoast_head_json":{"title":"Comen\u00e7a Tastam Inca, l'aposta pel comer\u00e7 local i la gastronomia - Gastron\u00f2micament","description":"Comen\u00e7a Tastam Inca, l'aposta pel comer\u00e7 local i la gastronomia Actualitat, Reportatges i novetats Durant tres setmanes, de dijous al diumenge, 30 establiments de restauraci\u00f3 d\u2019Inca oferiran propostes gastron\u00f2miques especials","robots":{"index":"index","follow":"follow","max-snippet":"max-snippet:-1","max-image-preview":"max-image-preview:large","max-video-preview":"max-video-preview:-1"},"canonical":"https:\/\/gastronomicament.cat\/ca\/comenca-tastam-inca-laposta-pel-comerc-local-i-la-gastronomia","og_locale":"ca_ES","og_type":"article","og_title":"Comen\u00e7a Tastam Inca, l'aposta pel comer\u00e7 local i la gastronomia - Gastron\u00f2micament","og_description":"Comen\u00e7a Tastam Inca, l'aposta pel comer\u00e7 local i la gastronomia Actualitat, Reportatges i novetats Durant tres setmanes, de dijous al diumenge, 30 establiments de restauraci\u00f3 d\u2019Inca oferiran propostes gastron\u00f2miques especials","og_url":"https:\/\/gastronomicament.cat\/ca\/comenca-tastam-inca-laposta-pel-comerc-local-i-la-gastronomia","og_site_name":"Gastron\u00f2micament","article_published_time":"2025-09-26T06:18:15+00:00","article_modified_time":"2026-04-16T13:03:43+00:00","og_image":[{"width":1578,"height":1001,"url":"https:\/\/gastronomicament.cat\/wp-content\/uploads\/2025\/09\/Tastam-Inca-2025.jpg","type":"image\/jpeg"}],"author":"Redacci\u00f3","twitter_card":"summary_large_image","twitter_creator":"@gastronomicamen","twitter_site":"@gastronomicamen","twitter_misc":{"Written by":"Redacci\u00f3","Est. reading time":"4 minutes"},"schema":{"@context":"https:\/\/schema.org","@graph":[{"@type":"Article","@id":"https:\/\/gastronomicament.cat\/ca\/comenca-tastam-inca-laposta-pel-comerc-local-i-la-gastronomia#article","isPartOf":{"@id":"https:\/\/gastronomicament.cat\/ca\/comenca-tastam-inca-laposta-pel-comerc-local-i-la-gastronomia"},"author":{"name":"Redacci\u00f3","@id":"https:\/\/gastronomicament.cat\/ca\/#\/schema\/person\/a7c85c537a1ed62799a5b8e0f686a37f"},"headline":"Comen\u00e7a Tastam Inca, l&#8217;aposta pel comer\u00e7 local i la gastronomia","datePublished":"2025-09-26T06:18:15+00:00","dateModified":"2026-04-16T13:03:43+00:00","mainEntityOfPage":{"@id":"https:\/\/gastronomicament.cat\/ca\/comenca-tastam-inca-laposta-pel-comerc-local-i-la-gastronomia"},"wordCount":689,"commentCount":0,"publisher":{"@id":"https:\/\/gastronomicament.cat\/ca\/#organization"},"image":{"@id":"https:\/\/gastronomicament.cat\/ca\/comenca-tastam-inca-laposta-pel-comerc-local-i-la-gastronomia#primaryimage"},"thumbnailUrl":"https:\/\/gastronomicament.cat\/wp-content\/uploads\/2025\/09\/Tastam-Inca-2025.jpg","articleSection":["Actualitat","Reportatges i novetats"],"inLanguage":"ca-ES","potentialAction":[{"@type":"CommentAction","name":"Comment","target":["https:\/\/gastronomicament.cat\/ca\/comenca-tastam-inca-laposta-pel-comerc-local-i-la-gastronomia#respond"]}]},{"@type":"WebPage","@id":"https:\/\/gastronomicament.cat\/ca\/comenca-tastam-inca-laposta-pel-comerc-local-i-la-gastronomia","url":"https:\/\/gastronomicament.cat\/ca\/comenca-tastam-inca-laposta-pel-comerc-local-i-la-gastronomia","name":"Comen\u00e7a Tastam Inca, l'aposta pel comer\u00e7 local i la gastronomia - Gastron\u00f2micament","isPartOf":{"@id":"https:\/\/gastronomicament.cat\/ca\/#website"},"primaryImageOfPage":{"@id":"https:\/\/gastronomicament.cat\/ca\/comenca-tastam-inca-laposta-pel-comerc-local-i-la-gastronomia#primaryimage"},"image":{"@id":"https:\/\/gastronomicament.cat\/ca\/comenca-tastam-inca-laposta-pel-comerc-local-i-la-gastronomia#primaryimage"},"thumbnailUrl":"https:\/\/gastronomicament.cat\/wp-content\/uploads\/2025\/09\/Tastam-Inca-2025.jpg","datePublished":"2025-09-26T06:18:15+00:00","dateModified":"2026-04-16T13:03:43+00:00","description":"Comen\u00e7a Tastam Inca, l'aposta pel comer\u00e7 local i la gastronomia Actualitat, Reportatges i novetats Durant tres setmanes, de dijous al diumenge, 30 establiments de restauraci\u00f3 d\u2019Inca oferiran propostes gastron\u00f2miques especials","inLanguage":"ca-ES","potentialAction":[{"@type":"ReadAction","target":["https:\/\/gastronomicament.cat\/ca\/comenca-tastam-inca-laposta-pel-comerc-local-i-la-gastronomia"]}]},{"@type":"ImageObject","inLanguage":"ca-ES","@id":"https:\/\/gastronomicament.cat\/ca\/comenca-tastam-inca-laposta-pel-comerc-local-i-la-gastronomia#primaryimage","url":"https:\/\/gastronomicament.cat\/wp-content\/uploads\/2025\/09\/Tastam-Inca-2025.jpg","contentUrl":"https:\/\/gastronomicament.cat\/wp-content\/uploads\/2025\/09\/Tastam-Inca-2025.jpg","width":1578,"height":1001},{"@type":"WebSite","@id":"https:\/\/gastronomicament.cat\/ca\/#website","url":"https:\/\/gastronomicament.cat\/ca\/","name":"Gastron\u00f2micament","description":"Portal de restaurants, receptes i actualitat gastron\u00f2mica","publisher":{"@id":"https:\/\/gastronomicament.cat\/ca\/#organization"},"potentialAction":[{"@type":"SearchAction","target":{"@type":"EntryPoint","urlTemplate":"https:\/\/gastronomicament.cat\/ca\/?s={search_term_string}"},"query-input":{"@type":"PropertyValueSpecification","valueRequired":true,"valueName":"search_term_string"}}],"inLanguage":"ca-ES"},{"@type":"Organization","@id":"https:\/\/gastronomicament.cat\/ca\/#organization","name":"Gastron\u00f2micament","url":"https:\/\/gastronomicament.cat\/ca\/","logo":{"@type":"ImageObject","inLanguage":"ca-ES","@id":"https:\/\/gastronomicament.cat\/ca\/#\/schema\/logo\/image\/","url":"https:\/\/gastronomicament.cat\/wp-content\/uploads\/2016\/09\/header-logo.jpg","contentUrl":"https:\/\/gastronomicament.cat\/wp-content\/uploads\/2016\/09\/header-logo.jpg","width":277,"height":39,"caption":"Gastron\u00f2micament"},"image":{"@id":"https:\/\/gastronomicament.cat\/ca\/#\/schema\/logo\/image\/"},"sameAs":["https:\/\/x.com\/gastronomicamen"]},{"@type":"Person","@id":"https:\/\/gastronomicament.cat\/ca\/#\/schema\/person\/a7c85c537a1ed62799a5b8e0f686a37f","name":"Redacci\u00f3","image":{"@type":"ImageObject","inLanguage":"ca-ES","@id":"https:\/\/secure.gravatar.com\/avatar\/9489a485c464fd611d33825daae651d13db70c4e74c65c94937a15a9d4c3ee14?s=96&d=mm&r=g69fea3cce3645dfa2166e7293e22955e","url":"https:\/\/secure.gravatar.com\/avatar\/9489a485c464fd611d33825daae651d13db70c4e74c65c94937a15a9d4c3ee14?s=96&d=mm&r=g","contentUrl":"https:\/\/secure.gravatar.com\/avatar\/9489a485c464fd611d33825daae651d13db70c4e74c65c94937a15a9d4c3ee14?s=96&d=mm&r=g","caption":"Redacci\u00f3"},"sameAs":["http:\/\/gastronomicament.cat"],"url":"https:\/\/gastronomicament.cat\/ca\/author\/admin"}]}},"_links":{"self":[{"href":"https:\/\/gastronomicament.cat\/ca\/wp-json\/wp\/v2\/posts\/102706","targetHints":{"allow":["GET"]}}],"collection":[{"href":"https:\/\/gastronomicament.cat\/ca\/wp-json\/wp\/v2\/posts"}],"about":[{"href":"https:\/\/gastronomicament.cat\/ca\/wp-json\/wp\/v2\/types\/post"}],"author":[{"embeddable":true,"href":"https:\/\/gastronomicament.cat\/ca\/wp-json\/wp\/v2\/users\/1"}],"replies":[{"embeddable":true,"href":"https:\/\/gastronomicament.cat\/ca\/wp-json\/wp\/v2\/comments?post=102706"}],"version-history":[{"count":0,"href":"https:\/\/gastronomicament.cat\/ca\/wp-json\/wp\/v2\/posts\/102706\/revisions"}],"acf:attachment":[{"embeddable":true,"href":"https:\/\/gastronomicament.cat\/ca\/wp-json\/wp\/v2\/media\/102712"},{"embeddable":true,"href":"https:\/\/gastronomicament.cat\/ca\/wp-json\/wp\/v2\/media\/102720"},{"embeddable":true,"href":"https:\/\/gastronomicament.cat\/ca\/wp-json\/wp\/v2\/media\/102724"},{"embeddable":true,"href":"https:\/\/gastronomicament.cat\/ca\/wp-json\/wp\/v2\/media\/102728"},{"embeddable":true,"href":"https:\/\/gastronomicament.cat\/ca\/wp-json\/wp\/v2\/media\/102708"}],"wp:featuredmedia":[{"embeddable":true,"href":"https:\/\/gastronomicament.cat\/ca\/wp-json\/wp\/v2\/media\/102708"}],"wp:attachment":[{"href":"https:\/\/gastronomicament.cat\/ca\/wp-json\/wp\/v2\/media?parent=102706"}],"wp:term":[{"taxonomy":"category","embeddable":true,"href":"https:\/\/gastronomicament.cat\/ca\/wp-json\/wp\/v2\/categories?post=102706"},{"taxonomy":"post_tag","embeddable":true,"href":"https:\/\/gastronomicament.cat\/ca\/wp-json\/wp\/v2\/tags?post=102706"},{"taxonomy":"author","embeddable":true,"href":"https:\/\/gastronomicament.cat\/ca\/wp-json\/wp\/v2\/coauthors?post=102706"}],"curies":[{"name":"wp","href":"https:\/\/api.w.org\/{rel}","templated":true}]}}