{"id":103708,"date":"2026-03-18T08:53:56","date_gmt":"2026-03-18T07:53:56","guid":{"rendered":"https:\/\/web2025.gastronomicament.cat\/els-menjadors-escolars-han-dincloure-un-minim-del-10-de-producte-local-i-del-10-de-producte-ecologic"},"modified":"2026-04-12T20:28:52","modified_gmt":"2026-04-12T18:28:52","slug":"els-menjadors-escolars-han-dincloure-un-minim-del-10-de-producte-local-i-del-10-de-producte-ecologic","status":"publish","type":"post","link":"https:\/\/gastronomicament.cat\/ca\/els-menjadors-escolars-han-dincloure-un-minim-del-10-de-producte-local-i-del-10-de-producte-ecologic","title":{"rendered":"Els menjadors escolars han d&#8217;incloure un m\u00ednim del 10% de producte local, i del 10% de producte ecol\u00f2gic"},"content":{"rendered":"<p>La Conselleria d\u2019Educaci\u00f3 i Universitats, i la Conselleria d\u2019Agricultura, Pesca i Medi Natural, han situat el producte local i ecol\u00f2gic al centre de la nova licitaci\u00f3 del servei de menjadors escolars, que ja s\u2019ha tret a concurs per als cursos 2026\/2027, 2027\/2028 i 2028\/2029. El contracte, el m\u00e9s important fins ara en aquest \u00e0mbit a les Illes Balears, estableix com a requisit la incorporaci\u00f3 d\u2019un m\u00ednim d\u2019un 10% de producte local i un 10% de producte ecol\u00f2gic, i valora com a criteri d\u2019adjudicaci\u00f3 que almenys un 15% dels aliments emprats provinguin d\u2019origen local i un 15% de producci\u00f3 ecol\u00f2gica, triplicant els requisits marcats pel govern central en ambd\u00f3s casos.<\/p>\n<p>Aquestes novetats s\u00f3n el\u00a0<strong>resultat de l\u2019aplicaci\u00f3 de l\u2019Acord de Consell de Govern<\/strong>\u00a0aprovat el passat mes d\u2019agost, que\u00a0<strong>dona resposta a la reivindicaci\u00f3 del sector primari de donar prefer\u00e8ncia al producte local en les licitacions p\u00fabliques<\/strong>. A m\u00e9s, aquest refor\u00e7 en els criteris socials i mediambientals pret\u00e9n fomentar una alimentaci\u00f3 m\u00e9s saludable i sostenible als centres educatius.<\/p>\n<p>En aquest sentit, el conseller d\u2019Agricultura, Pesca i Medi Natural,\u00a0<strong>Joan Simonet<\/strong>, ha manifestat que \u00abaquesta licitaci\u00f3 \u00e9s el principi del canvi de model que assegurar\u00e0 que a tots els contractes de l\u2019administraci\u00f3 auton\u00f2mica hi sigui present el producte local i el producte ecol\u00f2gic. Continuam fent nostres les reivindicacions del sector primari, i posant-les al centre de les nostres pol\u00edtiques.\u00bb<\/p>\n<p>El conseller d\u2019Educaci\u00f3 i Universitats,\u00a0<strong>Antoni Vera<\/strong>, ha subratllat \u00ab<strong>la import\u00e0ncia essencial que tenen els menjadors escolars com a espai educatiu, de conviv\u00e8ncia i de promoci\u00f3 d\u2019h\u00e0bits saludables<\/strong>\u00bb. Aix\u00ed, ha remarcat que \u00abaquest Govern est\u00e0 fermament comprom\u00e8s amb l\u2019objectiu d\u2019acabar la legislatura amb tots els centres d\u2019infantil i prim\u00e0ria de les Illes Balears oferint servei de menjador\u00bb. El conseller ha afegit que aquesta aposta \u00abno nom\u00e9s refor\u00e7a el benestar dels infants, sin\u00f3 que garanteix que totes les fam\u00edlies, visquin on visquin, tenguin acc\u00e9s a un servei de qualitat, saludable i adaptat a les necessitats dels centres\u00bb.<\/p>\n<p>La\u00a0<strong>licitaci\u00f3<\/strong>\u00a0permetr\u00e0 donar servei a\u00a0<strong>62 centres educatius p\u00fablics \u201431 a Mallorca, 3 a Menorca i 28 a Eivissa<\/strong>\u2014 i suma un pressupost base de m\u00e9s de 9,2 milions d\u2019euros. El contracte tindr\u00e0 una durada inicial de tres anys i podr\u00e0 prorrogar-se dos anys m\u00e9s.<\/p>\n<p><strong>Reduir al zero la carn processsada<\/strong><\/p>\n<p>A banda de l\u2019aposta pel producte local i ecol\u00f2gic, els\u00a0<strong>nous criteris d\u2019adjudicaci\u00f3 incorporen millores rellevants en la composici\u00f3 nutricional dels men\u00fas<\/strong>. S\u2019hi inclou una\u00a0<strong>pe\u00e7a de fruita fresca di\u00e0ria<\/strong>, com tamb\u00e9\u00a0<strong>sis freq\u00fc\u00e8ncies mensuals de llegums i de peix<\/strong>, per refor\u00e7ar el consum d\u2019aliments propis de la dieta mediterr\u00e0nia. Igualment,\u00a0<strong>es limita a dos dies al mes la pres\u00e8ncia de carn vermella<\/strong>, es redueixen a zero les carns processades i es determina que tota la pasta i l\u2019arr\u00f2s siguin integrals, excepte quan la recepta no ho permeti.<\/p>\n<p>Amb aquestes mesures, el Govern refor\u00e7a la promoci\u00f3 de la dieta mediterr\u00e0nia com a model saludable, equilibrat i sostenible, fomentant h\u00e0bits alimentaris que afavoreixen el benestar dels infants i que segueixen les recomanacions nutricionals actuals. Al mateix temps, es garanteix que el servei de menjador escolar mantengui els est\u00e0ndards de qualitat, i que les empreses adjudicat\u00e0ries compleixin les normatives vigents.<\/p>\n<p>Amb aquesta licitaci\u00f3, el Govern reafirma el seu comprom\u00eds d\u2019oferir menjadors escolars saludables, sostenibles i adaptats a les necessitats dels centres i de les fam\u00edlies, situant els productes de les Illes Balears i la producci\u00f3 ecol\u00f2gica com a elements clau de la seva pol\u00edtica aliment\u00e0ria.<\/p>\n","protected":false},"excerpt":{"rendered":"<p>El Govern situa el producte local i ecol\u00f2gic al centre de la major licitaci\u00f3 de servei&hellip;<\/p>\n","protected":false},"author":1,"featured_media":103710,"comment_status":"open","ping_status":"open","sticky":false,"template":"","format":"standard","meta":{"_acf_changed":false,"_swt_meta_header_display":false,"_swt_meta_footer_display":false,"_swt_meta_site_title_display":false,"_swt_meta_sticky_header":false,"_swt_meta_transparent_header":false,"footnotes":""},"categories":[692,955],"tags":[],"coauthors":[2053],"class_list":["post-103708","post","type-post","status-publish","format-standard","has-post-thumbnail","hentry","category-actualitat","category-reportatges-i-novetats"],"acf":{"gallery":null,"home_date":{"home_begin_date":null,"home_end_date":null}},"yoast_head":"<!-- This site is optimized with the Yoast SEO plugin v27.4 - https:\/\/yoast.com\/product\/yoast-seo-wordpress\/ -->\n<title>Els menjadors escolars han d&#039;incloure un m\u00ednim del 10% de producte local, i del 10% de producte ecol\u00f2gic - Gastron\u00f2micament<\/title>\n<meta name=\"description\" content=\"Els menjadors escolars han d&#039;incloure un m\u00ednim del 10% de producte local, i del 10% de producte ecol\u00f2gic Actualitat, Reportatges i novetats El Govern situa el producte local i ecol\u00f2gic al centre de la major licitaci\u00f3 de servei de menjadors escolars de les Balears\" \/>\n<meta name=\"robots\" content=\"index, follow, max-snippet:-1, max-image-preview:large, max-video-preview:-1\" \/>\n<link rel=\"canonical\" href=\"https:\/\/gastronomicament.cat\/ca\/els-menjadors-escolars-han-dincloure-un-minim-del-10-de-producte-local-i-del-10-de-producte-ecologic\" \/>\n<meta property=\"og:locale\" content=\"ca_ES\" \/>\n<meta property=\"og:type\" content=\"article\" \/>\n<meta property=\"og:title\" content=\"Els menjadors escolars han d&#039;incloure un m\u00ednim del 10% de producte local, i del 10% de producte ecol\u00f2gic - Gastron\u00f2micament\" \/>\n<meta property=\"og:description\" content=\"Els menjadors escolars han d&#039;incloure un m\u00ednim del 10% de producte local, i del 10% de producte ecol\u00f2gic Actualitat, Reportatges i novetats El Govern situa el producte local i ecol\u00f2gic al centre de la major licitaci\u00f3 de servei de menjadors escolars de les Balears\" \/>\n<meta property=\"og:url\" content=\"https:\/\/gastronomicament.cat\/ca\/els-menjadors-escolars-han-dincloure-un-minim-del-10-de-producte-local-i-del-10-de-producte-ecologic\" \/>\n<meta property=\"og:site_name\" content=\"Gastron\u00f2micament\" \/>\n<meta property=\"article:published_time\" content=\"2026-03-18T07:53:56+00:00\" \/>\n<meta property=\"article:modified_time\" content=\"2026-04-12T18:28:52+00:00\" \/>\n<meta property=\"og:image\" content=\"https:\/\/gastronomicament.cat\/wp-content\/uploads\/2026\/03\/Menjadors-escolars-pic-1.jpg\" \/>\n\t<meta property=\"og:image:width\" content=\"1600\" \/>\n\t<meta property=\"og:image:height\" content=\"890\" \/>\n\t<meta property=\"og:image:type\" content=\"image\/jpeg\" \/>\n<meta name=\"author\" content=\"Redacci\u00f3\" \/>\n<meta name=\"twitter:card\" content=\"summary_large_image\" \/>\n<meta name=\"twitter:creator\" content=\"@gastronomicamen\" \/>\n<meta name=\"twitter:site\" content=\"@gastronomicamen\" \/>\n<meta name=\"twitter:label1\" content=\"Written by\" \/>\n\t<meta name=\"twitter:data1\" content=\"Redacci\u00f3\" \/>\n\t<meta name=\"twitter:label2\" content=\"Est. reading time\" \/>\n\t<meta name=\"twitter:data2\" content=\"3 minutes\" \/>\n<script type=\"application\/ld+json\" class=\"yoast-schema-graph\">{\"@context\":\"https:\\\/\\\/schema.org\",\"@graph\":[{\"@type\":\"Article\",\"@id\":\"https:\\\/\\\/gastronomicament.cat\\\/ca\\\/els-menjadors-escolars-han-dincloure-un-minim-del-10-de-producte-local-i-del-10-de-producte-ecologic#article\",\"isPartOf\":{\"@id\":\"https:\\\/\\\/gastronomicament.cat\\\/ca\\\/els-menjadors-escolars-han-dincloure-un-minim-del-10-de-producte-local-i-del-10-de-producte-ecologic\"},\"author\":{\"name\":\"Redacci\u00f3\",\"@id\":\"https:\\\/\\\/gastronomicament.cat\\\/ca\\\/#\\\/schema\\\/person\\\/a7c85c537a1ed62799a5b8e0f686a37f\"},\"headline\":\"Els menjadors escolars han d&#8217;incloure un m\u00ednim del 10% de producte local, i del 10% de producte ecol\u00f2gic\",\"datePublished\":\"2026-03-18T07:53:56+00:00\",\"dateModified\":\"2026-04-12T18:28:52+00:00\",\"mainEntityOfPage\":{\"@id\":\"https:\\\/\\\/gastronomicament.cat\\\/ca\\\/els-menjadors-escolars-han-dincloure-un-minim-del-10-de-producte-local-i-del-10-de-producte-ecologic\"},\"wordCount\":644,\"commentCount\":0,\"publisher\":{\"@id\":\"https:\\\/\\\/gastronomicament.cat\\\/ca\\\/#organization\"},\"image\":{\"@id\":\"https:\\\/\\\/gastronomicament.cat\\\/ca\\\/els-menjadors-escolars-han-dincloure-un-minim-del-10-de-producte-local-i-del-10-de-producte-ecologic#primaryimage\"},\"thumbnailUrl\":\"https:\\\/\\\/gastronomicament.cat\\\/wp-content\\\/uploads\\\/2026\\\/03\\\/Menjadors-escolars-pic-1.jpg\",\"articleSection\":[\"Actualitat\",\"Reportatges i novetats\"],\"inLanguage\":\"ca-ES\",\"potentialAction\":[{\"@type\":\"CommentAction\",\"name\":\"Comment\",\"target\":[\"https:\\\/\\\/gastronomicament.cat\\\/ca\\\/els-menjadors-escolars-han-dincloure-un-minim-del-10-de-producte-local-i-del-10-de-producte-ecologic#respond\"]}]},{\"@type\":\"WebPage\",\"@id\":\"https:\\\/\\\/gastronomicament.cat\\\/ca\\\/els-menjadors-escolars-han-dincloure-un-minim-del-10-de-producte-local-i-del-10-de-producte-ecologic\",\"url\":\"https:\\\/\\\/gastronomicament.cat\\\/ca\\\/els-menjadors-escolars-han-dincloure-un-minim-del-10-de-producte-local-i-del-10-de-producte-ecologic\",\"name\":\"Els menjadors escolars han d'incloure un m\u00ednim del 10% de producte local, i del 10% de producte ecol\u00f2gic - Gastron\u00f2micament\",\"isPartOf\":{\"@id\":\"https:\\\/\\\/gastronomicament.cat\\\/ca\\\/#website\"},\"primaryImageOfPage\":{\"@id\":\"https:\\\/\\\/gastronomicament.cat\\\/ca\\\/els-menjadors-escolars-han-dincloure-un-minim-del-10-de-producte-local-i-del-10-de-producte-ecologic#primaryimage\"},\"image\":{\"@id\":\"https:\\\/\\\/gastronomicament.cat\\\/ca\\\/els-menjadors-escolars-han-dincloure-un-minim-del-10-de-producte-local-i-del-10-de-producte-ecologic#primaryimage\"},\"thumbnailUrl\":\"https:\\\/\\\/gastronomicament.cat\\\/wp-content\\\/uploads\\\/2026\\\/03\\\/Menjadors-escolars-pic-1.jpg\",\"datePublished\":\"2026-03-18T07:53:56+00:00\",\"dateModified\":\"2026-04-12T18:28:52+00:00\",\"description\":\"Els menjadors escolars han d'incloure un m\u00ednim del 10% de producte local, i del 10% de producte ecol\u00f2gic Actualitat, Reportatges i novetats El Govern situa el producte local i ecol\u00f2gic al centre de la major licitaci\u00f3 de servei de menjadors escolars de les Balears\",\"inLanguage\":\"ca-ES\",\"potentialAction\":[{\"@type\":\"ReadAction\",\"target\":[\"https:\\\/\\\/gastronomicament.cat\\\/ca\\\/els-menjadors-escolars-han-dincloure-un-minim-del-10-de-producte-local-i-del-10-de-producte-ecologic\"]}]},{\"@type\":\"ImageObject\",\"inLanguage\":\"ca-ES\",\"@id\":\"https:\\\/\\\/gastronomicament.cat\\\/ca\\\/els-menjadors-escolars-han-dincloure-un-minim-del-10-de-producte-local-i-del-10-de-producte-ecologic#primaryimage\",\"url\":\"https:\\\/\\\/gastronomicament.cat\\\/wp-content\\\/uploads\\\/2026\\\/03\\\/Menjadors-escolars-pic-1.jpg\",\"contentUrl\":\"https:\\\/\\\/gastronomicament.cat\\\/wp-content\\\/uploads\\\/2026\\\/03\\\/Menjadors-escolars-pic-1.jpg\",\"width\":1600,\"height\":890},{\"@type\":\"WebSite\",\"@id\":\"https:\\\/\\\/gastronomicament.cat\\\/ca\\\/#website\",\"url\":\"https:\\\/\\\/gastronomicament.cat\\\/ca\\\/\",\"name\":\"Gastron\u00f2micament\",\"description\":\"Portal de restaurants, receptes i actualitat gastron\u00f2mica\",\"publisher\":{\"@id\":\"https:\\\/\\\/gastronomicament.cat\\\/ca\\\/#organization\"},\"potentialAction\":[{\"@type\":\"SearchAction\",\"target\":{\"@type\":\"EntryPoint\",\"urlTemplate\":\"https:\\\/\\\/gastronomicament.cat\\\/ca\\\/?s={search_term_string}\"},\"query-input\":{\"@type\":\"PropertyValueSpecification\",\"valueRequired\":true,\"valueName\":\"search_term_string\"}}],\"inLanguage\":\"ca-ES\"},{\"@type\":\"Organization\",\"@id\":\"https:\\\/\\\/gastronomicament.cat\\\/ca\\\/#organization\",\"name\":\"Gastron\u00f2micament\",\"url\":\"https:\\\/\\\/gastronomicament.cat\\\/ca\\\/\",\"logo\":{\"@type\":\"ImageObject\",\"inLanguage\":\"ca-ES\",\"@id\":\"https:\\\/\\\/gastronomicament.cat\\\/ca\\\/#\\\/schema\\\/logo\\\/image\\\/\",\"url\":\"https:\\\/\\\/gastronomicament.cat\\\/wp-content\\\/uploads\\\/2016\\\/09\\\/header-logo.jpg\",\"contentUrl\":\"https:\\\/\\\/gastronomicament.cat\\\/wp-content\\\/uploads\\\/2016\\\/09\\\/header-logo.jpg\",\"width\":277,\"height\":39,\"caption\":\"Gastron\u00f2micament\"},\"image\":{\"@id\":\"https:\\\/\\\/gastronomicament.cat\\\/ca\\\/#\\\/schema\\\/logo\\\/image\\\/\"},\"sameAs\":[\"https:\\\/\\\/x.com\\\/gastronomicamen\"]},{\"@type\":\"Person\",\"@id\":\"https:\\\/\\\/gastronomicament.cat\\\/ca\\\/#\\\/schema\\\/person\\\/a7c85c537a1ed62799a5b8e0f686a37f\",\"name\":\"Redacci\u00f3\",\"image\":{\"@type\":\"ImageObject\",\"inLanguage\":\"ca-ES\",\"@id\":\"https:\\\/\\\/secure.gravatar.com\\\/avatar\\\/9489a485c464fd611d33825daae651d13db70c4e74c65c94937a15a9d4c3ee14?s=96&d=mm&r=g69fea3cce3645dfa2166e7293e22955e\",\"url\":\"https:\\\/\\\/secure.gravatar.com\\\/avatar\\\/9489a485c464fd611d33825daae651d13db70c4e74c65c94937a15a9d4c3ee14?s=96&d=mm&r=g\",\"contentUrl\":\"https:\\\/\\\/secure.gravatar.com\\\/avatar\\\/9489a485c464fd611d33825daae651d13db70c4e74c65c94937a15a9d4c3ee14?s=96&d=mm&r=g\",\"caption\":\"Redacci\u00f3\"},\"sameAs\":[\"http:\\\/\\\/gastronomicament.cat\"],\"url\":\"https:\\\/\\\/gastronomicament.cat\\\/ca\\\/author\\\/admin\"}]}<\/script>\n<!-- \/ Yoast SEO plugin. -->","yoast_head_json":{"title":"Els menjadors escolars han d'incloure un m\u00ednim del 10% de producte local, i del 10% de producte ecol\u00f2gic - Gastron\u00f2micament","description":"Els menjadors escolars han d'incloure un m\u00ednim del 10% de producte local, i del 10% de producte ecol\u00f2gic Actualitat, Reportatges i novetats El Govern situa el producte local i ecol\u00f2gic al centre de la major licitaci\u00f3 de servei de menjadors escolars de les Balears","robots":{"index":"index","follow":"follow","max-snippet":"max-snippet:-1","max-image-preview":"max-image-preview:large","max-video-preview":"max-video-preview:-1"},"canonical":"https:\/\/gastronomicament.cat\/ca\/els-menjadors-escolars-han-dincloure-un-minim-del-10-de-producte-local-i-del-10-de-producte-ecologic","og_locale":"ca_ES","og_type":"article","og_title":"Els menjadors escolars han d'incloure un m\u00ednim del 10% de producte local, i del 10% de producte ecol\u00f2gic - Gastron\u00f2micament","og_description":"Els menjadors escolars han d'incloure un m\u00ednim del 10% de producte local, i del 10% de producte ecol\u00f2gic Actualitat, Reportatges i novetats El Govern situa el producte local i ecol\u00f2gic al centre de la major licitaci\u00f3 de servei de menjadors escolars de les Balears","og_url":"https:\/\/gastronomicament.cat\/ca\/els-menjadors-escolars-han-dincloure-un-minim-del-10-de-producte-local-i-del-10-de-producte-ecologic","og_site_name":"Gastron\u00f2micament","article_published_time":"2026-03-18T07:53:56+00:00","article_modified_time":"2026-04-12T18:28:52+00:00","og_image":[{"width":1600,"height":890,"url":"https:\/\/gastronomicament.cat\/wp-content\/uploads\/2026\/03\/Menjadors-escolars-pic-1.jpg","type":"image\/jpeg"}],"author":"Redacci\u00f3","twitter_card":"summary_large_image","twitter_creator":"@gastronomicamen","twitter_site":"@gastronomicamen","twitter_misc":{"Written by":"Redacci\u00f3","Est. reading time":"3 minutes"},"schema":{"@context":"https:\/\/schema.org","@graph":[{"@type":"Article","@id":"https:\/\/gastronomicament.cat\/ca\/els-menjadors-escolars-han-dincloure-un-minim-del-10-de-producte-local-i-del-10-de-producte-ecologic#article","isPartOf":{"@id":"https:\/\/gastronomicament.cat\/ca\/els-menjadors-escolars-han-dincloure-un-minim-del-10-de-producte-local-i-del-10-de-producte-ecologic"},"author":{"name":"Redacci\u00f3","@id":"https:\/\/gastronomicament.cat\/ca\/#\/schema\/person\/a7c85c537a1ed62799a5b8e0f686a37f"},"headline":"Els menjadors escolars han d&#8217;incloure un m\u00ednim del 10% de producte local, i del 10% de producte ecol\u00f2gic","datePublished":"2026-03-18T07:53:56+00:00","dateModified":"2026-04-12T18:28:52+00:00","mainEntityOfPage":{"@id":"https:\/\/gastronomicament.cat\/ca\/els-menjadors-escolars-han-dincloure-un-minim-del-10-de-producte-local-i-del-10-de-producte-ecologic"},"wordCount":644,"commentCount":0,"publisher":{"@id":"https:\/\/gastronomicament.cat\/ca\/#organization"},"image":{"@id":"https:\/\/gastronomicament.cat\/ca\/els-menjadors-escolars-han-dincloure-un-minim-del-10-de-producte-local-i-del-10-de-producte-ecologic#primaryimage"},"thumbnailUrl":"https:\/\/gastronomicament.cat\/wp-content\/uploads\/2026\/03\/Menjadors-escolars-pic-1.jpg","articleSection":["Actualitat","Reportatges i novetats"],"inLanguage":"ca-ES","potentialAction":[{"@type":"CommentAction","name":"Comment","target":["https:\/\/gastronomicament.cat\/ca\/els-menjadors-escolars-han-dincloure-un-minim-del-10-de-producte-local-i-del-10-de-producte-ecologic#respond"]}]},{"@type":"WebPage","@id":"https:\/\/gastronomicament.cat\/ca\/els-menjadors-escolars-han-dincloure-un-minim-del-10-de-producte-local-i-del-10-de-producte-ecologic","url":"https:\/\/gastronomicament.cat\/ca\/els-menjadors-escolars-han-dincloure-un-minim-del-10-de-producte-local-i-del-10-de-producte-ecologic","name":"Els menjadors escolars han d'incloure un m\u00ednim del 10% de producte local, i del 10% de producte ecol\u00f2gic - Gastron\u00f2micament","isPartOf":{"@id":"https:\/\/gastronomicament.cat\/ca\/#website"},"primaryImageOfPage":{"@id":"https:\/\/gastronomicament.cat\/ca\/els-menjadors-escolars-han-dincloure-un-minim-del-10-de-producte-local-i-del-10-de-producte-ecologic#primaryimage"},"image":{"@id":"https:\/\/gastronomicament.cat\/ca\/els-menjadors-escolars-han-dincloure-un-minim-del-10-de-producte-local-i-del-10-de-producte-ecologic#primaryimage"},"thumbnailUrl":"https:\/\/gastronomicament.cat\/wp-content\/uploads\/2026\/03\/Menjadors-escolars-pic-1.jpg","datePublished":"2026-03-18T07:53:56+00:00","dateModified":"2026-04-12T18:28:52+00:00","description":"Els menjadors escolars han d'incloure un m\u00ednim del 10% de producte local, i del 10% de producte ecol\u00f2gic Actualitat, Reportatges i novetats El Govern situa el producte local i ecol\u00f2gic al centre de la major licitaci\u00f3 de servei de menjadors escolars de les Balears","inLanguage":"ca-ES","potentialAction":[{"@type":"ReadAction","target":["https:\/\/gastronomicament.cat\/ca\/els-menjadors-escolars-han-dincloure-un-minim-del-10-de-producte-local-i-del-10-de-producte-ecologic"]}]},{"@type":"ImageObject","inLanguage":"ca-ES","@id":"https:\/\/gastronomicament.cat\/ca\/els-menjadors-escolars-han-dincloure-un-minim-del-10-de-producte-local-i-del-10-de-producte-ecologic#primaryimage","url":"https:\/\/gastronomicament.cat\/wp-content\/uploads\/2026\/03\/Menjadors-escolars-pic-1.jpg","contentUrl":"https:\/\/gastronomicament.cat\/wp-content\/uploads\/2026\/03\/Menjadors-escolars-pic-1.jpg","width":1600,"height":890},{"@type":"WebSite","@id":"https:\/\/gastronomicament.cat\/ca\/#website","url":"https:\/\/gastronomicament.cat\/ca\/","name":"Gastron\u00f2micament","description":"Portal de restaurants, receptes i actualitat gastron\u00f2mica","publisher":{"@id":"https:\/\/gastronomicament.cat\/ca\/#organization"},"potentialAction":[{"@type":"SearchAction","target":{"@type":"EntryPoint","urlTemplate":"https:\/\/gastronomicament.cat\/ca\/?s={search_term_string}"},"query-input":{"@type":"PropertyValueSpecification","valueRequired":true,"valueName":"search_term_string"}}],"inLanguage":"ca-ES"},{"@type":"Organization","@id":"https:\/\/gastronomicament.cat\/ca\/#organization","name":"Gastron\u00f2micament","url":"https:\/\/gastronomicament.cat\/ca\/","logo":{"@type":"ImageObject","inLanguage":"ca-ES","@id":"https:\/\/gastronomicament.cat\/ca\/#\/schema\/logo\/image\/","url":"https:\/\/gastronomicament.cat\/wp-content\/uploads\/2016\/09\/header-logo.jpg","contentUrl":"https:\/\/gastronomicament.cat\/wp-content\/uploads\/2016\/09\/header-logo.jpg","width":277,"height":39,"caption":"Gastron\u00f2micament"},"image":{"@id":"https:\/\/gastronomicament.cat\/ca\/#\/schema\/logo\/image\/"},"sameAs":["https:\/\/x.com\/gastronomicamen"]},{"@type":"Person","@id":"https:\/\/gastronomicament.cat\/ca\/#\/schema\/person\/a7c85c537a1ed62799a5b8e0f686a37f","name":"Redacci\u00f3","image":{"@type":"ImageObject","inLanguage":"ca-ES","@id":"https:\/\/secure.gravatar.com\/avatar\/9489a485c464fd611d33825daae651d13db70c4e74c65c94937a15a9d4c3ee14?s=96&d=mm&r=g69fea3cce3645dfa2166e7293e22955e","url":"https:\/\/secure.gravatar.com\/avatar\/9489a485c464fd611d33825daae651d13db70c4e74c65c94937a15a9d4c3ee14?s=96&d=mm&r=g","contentUrl":"https:\/\/secure.gravatar.com\/avatar\/9489a485c464fd611d33825daae651d13db70c4e74c65c94937a15a9d4c3ee14?s=96&d=mm&r=g","caption":"Redacci\u00f3"},"sameAs":["http:\/\/gastronomicament.cat"],"url":"https:\/\/gastronomicament.cat\/ca\/author\/admin"}]}},"_links":{"self":[{"href":"https:\/\/gastronomicament.cat\/ca\/wp-json\/wp\/v2\/posts\/103708","targetHints":{"allow":["GET"]}}],"collection":[{"href":"https:\/\/gastronomicament.cat\/ca\/wp-json\/wp\/v2\/posts"}],"about":[{"href":"https:\/\/gastronomicament.cat\/ca\/wp-json\/wp\/v2\/types\/post"}],"author":[{"embeddable":true,"href":"https:\/\/gastronomicament.cat\/ca\/wp-json\/wp\/v2\/users\/1"}],"replies":[{"embeddable":true,"href":"https:\/\/gastronomicament.cat\/ca\/wp-json\/wp\/v2\/comments?post=103708"}],"version-history":[{"count":0,"href":"https:\/\/gastronomicament.cat\/ca\/wp-json\/wp\/v2\/posts\/103708\/revisions"}],"wp:featuredmedia":[{"embeddable":true,"href":"https:\/\/gastronomicament.cat\/ca\/wp-json\/wp\/v2\/media\/103710"}],"wp:attachment":[{"href":"https:\/\/gastronomicament.cat\/ca\/wp-json\/wp\/v2\/media?parent=103708"}],"wp:term":[{"taxonomy":"category","embeddable":true,"href":"https:\/\/gastronomicament.cat\/ca\/wp-json\/wp\/v2\/categories?post=103708"},{"taxonomy":"post_tag","embeddable":true,"href":"https:\/\/gastronomicament.cat\/ca\/wp-json\/wp\/v2\/tags?post=103708"},{"taxonomy":"author","embeddable":true,"href":"https:\/\/gastronomicament.cat\/ca\/wp-json\/wp\/v2\/coauthors?post=103708"}],"curies":[{"name":"wp","href":"https:\/\/api.w.org\/{rel}","templated":true}]}}