{"id":106519,"date":"2026-08-10T10:16:18","date_gmt":"2026-08-10T08:16:18","guid":{"rendered":"https:\/\/gastronomicament.cat\/?p=106519"},"modified":"2026-08-10T10:18:29","modified_gmt":"2026-08-10T08:18:29","slug":"el-govern-de-les-illes-balears-aprova-un-decret-llei-que-protegeix-els-menors-davant-les-begudes-energetiques","status":"publish","type":"post","link":"https:\/\/gastronomicament.cat\/ca\/el-govern-de-les-illes-balears-aprova-un-decret-llei-que-protegeix-els-menors-davant-les-begudes-energetiques","title":{"rendered":"El Govern de les Illes Balears aprova un decret llei que protegeix els menors davant les begudes energ\u00e8tiques\u00a0"},"content":{"rendered":"\n<p class=\"wp-block-paragraph\">El Consell de Govern ha aprovat el Decret llei de mesures urgents en mat\u00e8ria de protecci\u00f3 de la salut p\u00fablica, una norma que&nbsp;<strong>incorpora dues actuacions preventives adre\u00e7ades a protegir especialment infants i adolescents davant riscs per a la salut derivats del consum de begudes energ\u00e8tiques<\/strong>, que com m\u00e9s va m\u00e9s sovint es mesclen amb alcohol i que en els darrers anys s\u2019han est\u00e8s de manera significativa entre la poblaci\u00f3 menor d\u2019edat.&nbsp;<\/p>\n\n\n\n<p class=\"wp-block-paragraph\">\u200bLa mesura principal del Decret llei \u00e9s la prohibici\u00f3 de la venda i el subministrament de begudes energ\u00e8tiques a menors d\u2019edat a les Illes Balears.&nbsp;<strong>A m\u00e9s, la norma refor\u00e7a la regulaci\u00f3 de l\u2019\u00fas de l\u2019\u00f2xid nitr\u00f3s (N<\/strong><strong>\u2082<\/strong><strong>O), conegut popularment com a gas hilarant<\/strong>, per impedir-ne la comercialitzaci\u00f3 amb fins recreatius i refor\u00e7ar la protecci\u00f3 dels menors davant l\u2019acc\u00e9s a aquesta subst\u00e0ncia.&nbsp;<\/p>\n\n\n\n<p class=\"wp-block-paragraph\"><strong>\u200bL\u2019aprovaci\u00f3 del Decret llei respon a l\u2019evoluci\u00f3 observada en els h\u00e0bits de consum de la poblaci\u00f3 adolescent i al coneixement cient\u00edfic disponible sobre els efectes d\u2019aquests subst\u00e0ncies sobre la salut<\/strong>. Els informes t\u00e8cnics posen de manifest que el consum de begudes energ\u00e8tiques s\u2019est\u00e0 estenent de manera generalitzada entre els joves, amb els riscs que aix\u00f2 comporta.&nbsp;<\/p>\n\n\n\n<p class=\"wp-block-paragraph\">\u200b&nbsp;<\/p>\n\n\n\n<p class=\"wp-block-paragraph\"><strong>\u200bRiscs sobre la salut dels menors<\/strong>&nbsp;<\/p>\n\n\n\n<p class=\"wp-block-paragraph\">\u200bSegons l\u2019enquesta ESTUDES 2023, el 47,7 % dels estudiants d\u2019entre 14 i 18 anys havia consumit begudes energ\u00e8tiques durant el darrer mes, i el 19,5 % reconeixia haver-les mesclades amb alcohol durant aquest mateix per\u00edode. Aquests productes contenen habitualment concentracions elevades de cafe\u00efna, juntament amb sucres i altres estimulants, i les principals societats cient\u00edfiques desaconsellen que els menors en consumeixin. L\u2019evid\u00e8ncia disponible associa el consum d\u2019aquestes subst\u00e0ncies amb alteracions del son, nerviosisme, taquic\u00e0rdia, una elevada aportaci\u00f3 de sucres i un risc m\u00e9s gran quan es combinen amb begudes alcoh\u00f2liques.&nbsp;<\/p>\n\n\n\n<p class=\"wp-block-paragraph\">\u200bEl&nbsp;<strong>consum d\u2019aquestes begudes&nbsp;<\/strong>resulta com m\u00e9s va m\u00e9s generalitzat entre els menors d\u2019edat, soles o combinades amb alcohol, fet que&nbsp;<strong>genera uns riscs associats a l\u2019obesitat, la diabetis de tipus 2, la malaltia metab\u00f2lica o l\u2019augment del risc cardiovascular<\/strong>. D\u2019altra banda, la barreja de begudes energ\u00e8tiques amb alcohol provoca una reducci\u00f3 de la percepci\u00f3 subjectiva d\u2019embriaguesa, sense que disminueixi l\u2019alcohol\u00e8mia o el deteriorament psicomotor, cosa que afavoreix un consum d\u2019alcohol m\u00e9s elevat, retard en el reconeixement de la intoxicaci\u00f3 i, per tant, un augment de les conductes de risc.&nbsp;<\/p>\n\n\n\n<p class=\"wp-block-paragraph\">\u200bEn relaci\u00f3 amb l\u2019<strong>\u00f2xid nitr\u00f3s<\/strong>&nbsp;\u2014utilitzat com a subst\u00e0ncia recreativa perqu\u00e8 t\u00e9 un cost baix, \u00e9s f\u00e0cil d\u2019obtenir i fa un efecte r\u00e0pid\u2014, els informes t\u00e8cnics i l\u2019evid\u00e8ncia cient\u00edfica assenyalen que el seu \u00fas, en determinats entorns d\u2019oci nocturn i tur\u00edstic,&nbsp;<strong>pot provocar p\u00e8rdua de consci\u00e8ncia, alteracions de la coordinaci\u00f3, accidents i hip\u00f2xia, aix\u00ed com, en casos de consum repetit, lesions neurol\u00f2giques associades a un d\u00e8ficit funcional de vitamina B12, com ara parest\u00e8sies, at\u00e0xia i alteracions cognitives o psiqui\u00e0triques<\/strong>.&nbsp;<\/p>\n\n\n\n<p class=\"wp-block-paragraph\"><strong>\u200bBegudes energ\u00e8tiques<\/strong>&nbsp;<\/p>\n\n\n\n<p class=\"wp-block-paragraph\">\u200bEl nou Decret llei prohibeix la venda i el subministrament de begudes energ\u00e8tiques a menors d\u2019edat arreu de les Illes Balears, en qualsevol modalitat de venda.&nbsp;<strong>Tenen la consideraci\u00f3 de begudes energ\u00e8tiques les begudes no alcoh\u00f2liques que contenen una alta concentraci\u00f3 de cafe\u00efna com a ingredient estimulant, combinada ordin\u00e0riament amb sucres i altres components estimulants com la taurina, la guaran\u00e0 o la glucurolactona<\/strong>.&nbsp;<\/p>\n\n\n\n<p class=\"wp-block-paragraph\">\u200bLa prohibici\u00f3 relativa a les begudes energ\u00e8tiques se circumscriu a la venda i el subministrament a menors d\u2019edat. \u00c9s important subratllar que la regulaci\u00f3 no afecta altres categories de productes, com les begudes isot\u00f2niques de reposici\u00f3 esportiva, que responen a una composici\u00f3 i una finalitat diferents.&nbsp;<\/p>\n\n\n\n<p class=\"wp-block-paragraph\"><strong>\u200bGas hilarant<\/strong>&nbsp;<\/p>\n\n\n\n<p class=\"wp-block-paragraph\">\u200bD\u2019altra banda, tamb\u00e9 es prohibeix la venda, la dispensaci\u00f3 i la publicitat de l\u2019\u00f2xid nitr\u00f3s quan estigui destinat a la inhalaci\u00f3 amb fins recreatius, alhora que es refor\u00e7a la protecci\u00f3 davant l\u2019acc\u00e9s dels menors a aquest producte.&nbsp;<strong>El Decret llei deixa al marge de la nova regulaci\u00f3 els usos m\u00e8dics, odontol\u00f2gics, hospitalaris, alimentaris i industrials de l\u2019\u00f2xid nitr\u00f3s<\/strong>, que continuen plenament autoritzats.&nbsp;<\/p>\n\n\n\n<p class=\"wp-block-paragraph\"><strong>\u200bLa norma actua exclusivament sobre la comercialitzaci\u00f3 del gas per destinar-lo a la inhalaci\u00f3 recreativa<\/strong>, un fenomen emergent la pres\u00e8ncia del qual ha augmentat en determinats entorns de lleure. Els informes t\u00e8cnics descriuen que el consum recreatiu d\u2019aquesta subst\u00e0ncia pot provocar p\u00e8rdua de consci\u00e8ncia, alteracions de la coordinaci\u00f3, accidents, hip\u00f2xia i, quan el consum \u00e9s repetit, lesions neurol\u00f2giques relacionades amb el d\u00e8ficit funcional de vitamina B12.&nbsp;<\/p>\n\n\n\n<p class=\"wp-block-paragraph\">\u200b<strong>Incompliment<\/strong>&nbsp;<\/p>\n\n\n\n<p class=\"wp-block-paragraph\">\u200bEl Decret llei incorpora l\u2019incompliment d\u2019aquestes prohibicions com a infracci\u00f3 greu dins la Llei sobre drogodepend\u00e8ncies i altres addiccions de les Illes Balears, amb el r\u00e8gim sancionador corresponent. Un incompliment greu del que disposa aquesta norma podria implicar una multa d\u2019entre sis mil un euros (6.001 \u20ac) i seixanta mil euros (60.000 \u20ac).<\/p>\n\n\n\n<p class=\"wp-block-paragraph\">\u200bLa quantia de les multes s\u2019ha de graduar tenint en compte els criteris de risc per a la salut, la gravetat de l\u2019alteraci\u00f3 sanit\u00e0ria produ\u00efda, el benefici il\u00b7l\u00edcit obtingut, la naturalesa dels perjudicis causats, el grau d\u2019intencionalitat i la reiteraci\u00f3 de la conducta infractora.&nbsp;<\/p>\n\n\n\n<p class=\"wp-block-paragraph\"><strong>\u200bL\u2019objectiu d\u2019aquesta regulaci\u00f3 \u00e9s la protecci\u00f3 d\u2019infants i adolescents davant els riscs associats al consum de begudes energ\u00e8tiques, que guanya pres\u00e8ncia en l\u2019actualitat<\/strong>. La nova regulaci\u00f3 s\u2019emmarca dins l\u2019estrat\u00e8gia del Govern per refor\u00e7ar les pol\u00edtiques preventives en mat\u00e8ria de salut p\u00fablica i promoure entorns m\u00e9s saludables per a la inf\u00e0ncia i l\u2019adolesc\u00e8ncia.&nbsp;<\/p>\n\n\n\n<pre class=\"wp-block-preformatted\">Imatge: Gemini<\/pre>\n","protected":false},"excerpt":{"rendered":"<p>La normativa tamb\u00e9 regula l\u2019\u00fas de l\u2019\u00f2xid nitr\u00f3s entre els joves<\/p>\n","protected":false},"author":1,"featured_media":106520,"comment_status":"open","ping_status":"closed","sticky":false,"template":"","format":"gallery","meta":{"_acf_changed":false,"_swt_meta_header_display":false,"_swt_meta_footer_display":false,"_swt_meta_site_title_display":false,"_swt_meta_sticky_header":false,"_swt_meta_transparent_header":false,"footnotes":""},"categories":[692,955],"tags":[],"coauthors":[2053],"class_list":["post-106519","post","type-post","status-publish","format-gallery","has-post-thumbnail","hentry","category-actualitat","category-reportatges-i-novetats","post_format-post-format-gallery"],"acf":{"gallery":[106520],"home_date":{"home_begin_date":"20260810","home_end_date":"20260820"}},"yoast_head":"<!-- This site is optimized with the Yoast SEO plugin v28.3 - https:\/\/yoast.com\/product\/yoast-seo-wordpress\/ -->\n<title>El Govern de les Illes Balears aprova un decret llei que protegeix els menors davant les begudes energ\u00e8tiques\u00a0 - Gastron\u00f2micament<\/title>\n<meta name=\"description\" content=\"El Govern de les Illes Balears aprova un decret llei que protegeix els menors davant les begudes energ\u00e8tiques\u00a0 Actualitat, Reportatges i novetats La normativa tamb\u00e9 regula l\u2019\u00fas de l\u2019\u00f2xid nitr\u00f3s entre els joves\" \/>\n<meta name=\"robots\" content=\"index, follow, max-snippet:-1, max-image-preview:large, max-video-preview:-1\" \/>\n<link rel=\"canonical\" href=\"https:\/\/gastronomicament.cat\/ca\/el-govern-de-les-illes-balears-aprova-un-decret-llei-que-protegeix-els-menors-davant-les-begudes-energetiques\" \/>\n<meta property=\"og:locale\" content=\"ca_ES\" \/>\n<meta property=\"og:type\" content=\"article\" \/>\n<meta property=\"og:title\" content=\"El Govern de les Illes Balears aprova un decret llei que protegeix els menors davant les begudes energ\u00e8tiques\u00a0 - Gastron\u00f2micament\" \/>\n<meta property=\"og:description\" content=\"El Govern de les Illes Balears aprova un decret llei que protegeix els menors davant les begudes energ\u00e8tiques\u00a0 Actualitat, Reportatges i novetats La normativa tamb\u00e9 regula l\u2019\u00fas de l\u2019\u00f2xid nitr\u00f3s entre els joves\" \/>\n<meta property=\"og:url\" content=\"https:\/\/gastronomicament.cat\/ca\/el-govern-de-les-illes-balears-aprova-un-decret-llei-que-protegeix-els-menors-davant-les-begudes-energetiques\" \/>\n<meta property=\"og:site_name\" content=\"Gastron\u00f2micament\" \/>\n<meta property=\"article:published_time\" content=\"2026-08-10T08:16:18+00:00\" \/>\n<meta property=\"article:modified_time\" content=\"2026-08-10T08:18:29+00:00\" \/>\n<meta property=\"og:image\" content=\"https:\/\/gastronomicament.cat\/wp-content\/uploads\/2026\/08\/Begudes-energetiques-pic-1.jpg\" \/>\n\t<meta property=\"og:image:width\" content=\"1200\" \/>\n\t<meta property=\"og:image:height\" content=\"670\" \/>\n\t<meta property=\"og:image:type\" content=\"image\/jpeg\" \/>\n<meta name=\"author\" content=\"Redacci\u00f3\" \/>\n<meta name=\"twitter:card\" content=\"summary_large_image\" \/>\n<meta name=\"twitter:creator\" content=\"@gastronomicamen\" \/>\n<meta name=\"twitter:site\" content=\"@gastronomicamen\" \/>\n<meta name=\"twitter:label1\" content=\"Written by\" \/>\n\t<meta name=\"twitter:data1\" content=\"Redacci\u00f3\" \/>\n\t<meta name=\"twitter:label2\" content=\"Est. reading time\" \/>\n\t<meta name=\"twitter:data2\" content=\"5 minutes\" \/>\n<script type=\"application\/ld+json\" class=\"yoast-schema-graph\">{\"@context\":\"https:\\\/\\\/schema.org\",\"@graph\":[{\"@type\":\"Article\",\"@id\":\"https:\\\/\\\/gastronomicament.cat\\\/ca\\\/el-govern-de-les-illes-balears-aprova-un-decret-llei-que-protegeix-els-menors-davant-les-begudes-energetiques#article\",\"isPartOf\":{\"@id\":\"https:\\\/\\\/gastronomicament.cat\\\/ca\\\/el-govern-de-les-illes-balears-aprova-un-decret-llei-que-protegeix-els-menors-davant-les-begudes-energetiques\"},\"author\":{\"name\":\"Redacci\u00f3\",\"@id\":\"https:\\\/\\\/gastronomicament.cat\\\/es\\\/#\\\/schema\\\/person\\\/a7c85c537a1ed62799a5b8e0f686a37f\"},\"headline\":\"El Govern de les Illes Balears aprova un decret llei que protegeix els menors davant les begudes energ\u00e8tiques\u00a0\",\"datePublished\":\"2026-08-10T08:16:18+00:00\",\"dateModified\":\"2026-08-10T08:18:29+00:00\",\"mainEntityOfPage\":{\"@id\":\"https:\\\/\\\/gastronomicament.cat\\\/ca\\\/el-govern-de-les-illes-balears-aprova-un-decret-llei-que-protegeix-els-menors-davant-les-begudes-energetiques\"},\"wordCount\":1013,\"commentCount\":0,\"publisher\":{\"@id\":\"https:\\\/\\\/gastronomicament.cat\\\/es\\\/#organization\"},\"image\":{\"@id\":\"https:\\\/\\\/gastronomicament.cat\\\/ca\\\/el-govern-de-les-illes-balears-aprova-un-decret-llei-que-protegeix-els-menors-davant-les-begudes-energetiques#primaryimage\"},\"thumbnailUrl\":\"https:\\\/\\\/gastronomicament.cat\\\/wp-content\\\/uploads\\\/2026\\\/08\\\/Begudes-energetiques-pic-1.jpg\",\"articleSection\":[\"Actualitat\",\"Reportatges i novetats\"],\"inLanguage\":\"ca-ES\",\"potentialAction\":[{\"@type\":\"CommentAction\",\"name\":\"Comment\",\"target\":[\"https:\\\/\\\/gastronomicament.cat\\\/ca\\\/el-govern-de-les-illes-balears-aprova-un-decret-llei-que-protegeix-els-menors-davant-les-begudes-energetiques#respond\"]}]},{\"@type\":\"WebPage\",\"@id\":\"https:\\\/\\\/gastronomicament.cat\\\/ca\\\/el-govern-de-les-illes-balears-aprova-un-decret-llei-que-protegeix-els-menors-davant-les-begudes-energetiques\",\"url\":\"https:\\\/\\\/gastronomicament.cat\\\/ca\\\/el-govern-de-les-illes-balears-aprova-un-decret-llei-que-protegeix-els-menors-davant-les-begudes-energetiques\",\"name\":\"El Govern de les Illes Balears aprova un decret llei que protegeix els menors davant les begudes energ\u00e8tiques\u00a0 - Gastron\u00f2micament\",\"isPartOf\":{\"@id\":\"https:\\\/\\\/gastronomicament.cat\\\/es\\\/#website\"},\"primaryImageOfPage\":{\"@id\":\"https:\\\/\\\/gastronomicament.cat\\\/ca\\\/el-govern-de-les-illes-balears-aprova-un-decret-llei-que-protegeix-els-menors-davant-les-begudes-energetiques#primaryimage\"},\"image\":{\"@id\":\"https:\\\/\\\/gastronomicament.cat\\\/ca\\\/el-govern-de-les-illes-balears-aprova-un-decret-llei-que-protegeix-els-menors-davant-les-begudes-energetiques#primaryimage\"},\"thumbnailUrl\":\"https:\\\/\\\/gastronomicament.cat\\\/wp-content\\\/uploads\\\/2026\\\/08\\\/Begudes-energetiques-pic-1.jpg\",\"datePublished\":\"2026-08-10T08:16:18+00:00\",\"dateModified\":\"2026-08-10T08:18:29+00:00\",\"description\":\"El Govern de les Illes Balears aprova un decret llei que protegeix els menors davant les begudes energ\u00e8tiques\u00a0 Actualitat, Reportatges i novetats La normativa tamb\u00e9 regula l\u2019\u00fas de l\u2019\u00f2xid nitr\u00f3s entre els joves\",\"inLanguage\":\"ca-ES\",\"potentialAction\":[{\"@type\":\"ReadAction\",\"target\":[\"https:\\\/\\\/gastronomicament.cat\\\/ca\\\/el-govern-de-les-illes-balears-aprova-un-decret-llei-que-protegeix-els-menors-davant-les-begudes-energetiques\"]}]},{\"@type\":\"ImageObject\",\"inLanguage\":\"ca-ES\",\"@id\":\"https:\\\/\\\/gastronomicament.cat\\\/ca\\\/el-govern-de-les-illes-balears-aprova-un-decret-llei-que-protegeix-els-menors-davant-les-begudes-energetiques#primaryimage\",\"url\":\"https:\\\/\\\/gastronomicament.cat\\\/wp-content\\\/uploads\\\/2026\\\/08\\\/Begudes-energetiques-pic-1.jpg\",\"contentUrl\":\"https:\\\/\\\/gastronomicament.cat\\\/wp-content\\\/uploads\\\/2026\\\/08\\\/Begudes-energetiques-pic-1.jpg\",\"width\":1200,\"height\":670},{\"@type\":\"WebSite\",\"@id\":\"https:\\\/\\\/gastronomicament.cat\\\/es\\\/#website\",\"url\":\"https:\\\/\\\/gastronomicament.cat\\\/es\\\/\",\"name\":\"Gastron\u00f2micament\",\"description\":\"Portal de restaurants, receptes i actualitat gastron\u00f2mica\",\"publisher\":{\"@id\":\"https:\\\/\\\/gastronomicament.cat\\\/es\\\/#organization\"},\"potentialAction\":[{\"@type\":\"SearchAction\",\"target\":{\"@type\":\"EntryPoint\",\"urlTemplate\":\"https:\\\/\\\/gastronomicament.cat\\\/es\\\/?s={search_term_string}\"},\"query-input\":{\"@type\":\"PropertyValueSpecification\",\"valueRequired\":true,\"valueName\":\"search_term_string\"}}],\"inLanguage\":\"ca-ES\"},{\"@type\":\"Organization\",\"@id\":\"https:\\\/\\\/gastronomicament.cat\\\/es\\\/#organization\",\"name\":\"Gastron\u00f2micament\",\"url\":\"https:\\\/\\\/gastronomicament.cat\\\/es\\\/\",\"logo\":{\"@type\":\"ImageObject\",\"inLanguage\":\"ca-ES\",\"@id\":\"https:\\\/\\\/gastronomicament.cat\\\/es\\\/#\\\/schema\\\/logo\\\/image\\\/\",\"url\":\"https:\\\/\\\/gastronomicament.cat\\\/wp-content\\\/uploads\\\/2016\\\/09\\\/header-logo.jpg\",\"contentUrl\":\"https:\\\/\\\/gastronomicament.cat\\\/wp-content\\\/uploads\\\/2016\\\/09\\\/header-logo.jpg\",\"width\":277,\"height\":39,\"caption\":\"Gastron\u00f2micament\"},\"image\":{\"@id\":\"https:\\\/\\\/gastronomicament.cat\\\/es\\\/#\\\/schema\\\/logo\\\/image\\\/\"},\"sameAs\":[\"https:\\\/\\\/x.com\\\/gastronomicamen\"]},{\"@type\":\"Person\",\"@id\":\"https:\\\/\\\/gastronomicament.cat\\\/es\\\/#\\\/schema\\\/person\\\/a7c85c537a1ed62799a5b8e0f686a37f\",\"name\":\"Redacci\u00f3\",\"image\":{\"@type\":\"ImageObject\",\"inLanguage\":\"ca-ES\",\"@id\":\"https:\\\/\\\/secure.gravatar.com\\\/avatar\\\/9489a485c464fd611d33825daae651d13db70c4e74c65c94937a15a9d4c3ee14?s=96&d=mm&r=g69fea3cce3645dfa2166e7293e22955e\",\"url\":\"https:\\\/\\\/secure.gravatar.com\\\/avatar\\\/9489a485c464fd611d33825daae651d13db70c4e74c65c94937a15a9d4c3ee14?s=96&d=mm&r=g\",\"contentUrl\":\"https:\\\/\\\/secure.gravatar.com\\\/avatar\\\/9489a485c464fd611d33825daae651d13db70c4e74c65c94937a15a9d4c3ee14?s=96&d=mm&r=g\",\"caption\":\"Redacci\u00f3\"},\"sameAs\":[\"http:\\\/\\\/gastronomicament.cat\"],\"url\":\"https:\\\/\\\/gastronomicament.cat\\\/ca\\\/author\\\/admin\"}]}<\/script>\n<!-- \/ Yoast SEO plugin. -->","yoast_head_json":{"title":"El Govern de les Illes Balears aprova un decret llei que protegeix els menors davant les begudes energ\u00e8tiques\u00a0 - Gastron\u00f2micament","description":"El Govern de les Illes Balears aprova un decret llei que protegeix els menors davant les begudes energ\u00e8tiques\u00a0 Actualitat, Reportatges i novetats La normativa tamb\u00e9 regula l\u2019\u00fas de l\u2019\u00f2xid nitr\u00f3s entre els joves","robots":{"index":"index","follow":"follow","max-snippet":"max-snippet:-1","max-image-preview":"max-image-preview:large","max-video-preview":"max-video-preview:-1"},"canonical":"https:\/\/gastronomicament.cat\/ca\/el-govern-de-les-illes-balears-aprova-un-decret-llei-que-protegeix-els-menors-davant-les-begudes-energetiques","og_locale":"ca_ES","og_type":"article","og_title":"El Govern de les Illes Balears aprova un decret llei que protegeix els menors davant les begudes energ\u00e8tiques\u00a0 - Gastron\u00f2micament","og_description":"El Govern de les Illes Balears aprova un decret llei que protegeix els menors davant les begudes energ\u00e8tiques\u00a0 Actualitat, Reportatges i novetats La normativa tamb\u00e9 regula l\u2019\u00fas de l\u2019\u00f2xid nitr\u00f3s entre els joves","og_url":"https:\/\/gastronomicament.cat\/ca\/el-govern-de-les-illes-balears-aprova-un-decret-llei-que-protegeix-els-menors-davant-les-begudes-energetiques","og_site_name":"Gastron\u00f2micament","article_published_time":"2026-08-10T08:16:18+00:00","article_modified_time":"2026-08-10T08:18:29+00:00","og_image":[{"width":1200,"height":670,"url":"https:\/\/gastronomicament.cat\/wp-content\/uploads\/2026\/08\/Begudes-energetiques-pic-1.jpg","type":"image\/jpeg"}],"author":"Redacci\u00f3","twitter_card":"summary_large_image","twitter_creator":"@gastronomicamen","twitter_site":"@gastronomicamen","twitter_misc":{"Written by":"Redacci\u00f3","Est. reading time":"5 minutes"},"schema":{"@context":"https:\/\/schema.org","@graph":[{"@type":"Article","@id":"https:\/\/gastronomicament.cat\/ca\/el-govern-de-les-illes-balears-aprova-un-decret-llei-que-protegeix-els-menors-davant-les-begudes-energetiques#article","isPartOf":{"@id":"https:\/\/gastronomicament.cat\/ca\/el-govern-de-les-illes-balears-aprova-un-decret-llei-que-protegeix-els-menors-davant-les-begudes-energetiques"},"author":{"name":"Redacci\u00f3","@id":"https:\/\/gastronomicament.cat\/es\/#\/schema\/person\/a7c85c537a1ed62799a5b8e0f686a37f"},"headline":"El Govern de les Illes Balears aprova un decret llei que protegeix els menors davant les begudes energ\u00e8tiques\u00a0","datePublished":"2026-08-10T08:16:18+00:00","dateModified":"2026-08-10T08:18:29+00:00","mainEntityOfPage":{"@id":"https:\/\/gastronomicament.cat\/ca\/el-govern-de-les-illes-balears-aprova-un-decret-llei-que-protegeix-els-menors-davant-les-begudes-energetiques"},"wordCount":1013,"commentCount":0,"publisher":{"@id":"https:\/\/gastronomicament.cat\/es\/#organization"},"image":{"@id":"https:\/\/gastronomicament.cat\/ca\/el-govern-de-les-illes-balears-aprova-un-decret-llei-que-protegeix-els-menors-davant-les-begudes-energetiques#primaryimage"},"thumbnailUrl":"https:\/\/gastronomicament.cat\/wp-content\/uploads\/2026\/08\/Begudes-energetiques-pic-1.jpg","articleSection":["Actualitat","Reportatges i novetats"],"inLanguage":"ca-ES","potentialAction":[{"@type":"CommentAction","name":"Comment","target":["https:\/\/gastronomicament.cat\/ca\/el-govern-de-les-illes-balears-aprova-un-decret-llei-que-protegeix-els-menors-davant-les-begudes-energetiques#respond"]}]},{"@type":"WebPage","@id":"https:\/\/gastronomicament.cat\/ca\/el-govern-de-les-illes-balears-aprova-un-decret-llei-que-protegeix-els-menors-davant-les-begudes-energetiques","url":"https:\/\/gastronomicament.cat\/ca\/el-govern-de-les-illes-balears-aprova-un-decret-llei-que-protegeix-els-menors-davant-les-begudes-energetiques","name":"El Govern de les Illes Balears aprova un decret llei que protegeix els menors davant les begudes energ\u00e8tiques\u00a0 - Gastron\u00f2micament","isPartOf":{"@id":"https:\/\/gastronomicament.cat\/es\/#website"},"primaryImageOfPage":{"@id":"https:\/\/gastronomicament.cat\/ca\/el-govern-de-les-illes-balears-aprova-un-decret-llei-que-protegeix-els-menors-davant-les-begudes-energetiques#primaryimage"},"image":{"@id":"https:\/\/gastronomicament.cat\/ca\/el-govern-de-les-illes-balears-aprova-un-decret-llei-que-protegeix-els-menors-davant-les-begudes-energetiques#primaryimage"},"thumbnailUrl":"https:\/\/gastronomicament.cat\/wp-content\/uploads\/2026\/08\/Begudes-energetiques-pic-1.jpg","datePublished":"2026-08-10T08:16:18+00:00","dateModified":"2026-08-10T08:18:29+00:00","description":"El Govern de les Illes Balears aprova un decret llei que protegeix els menors davant les begudes energ\u00e8tiques\u00a0 Actualitat, Reportatges i novetats La normativa tamb\u00e9 regula l\u2019\u00fas de l\u2019\u00f2xid nitr\u00f3s entre els joves","inLanguage":"ca-ES","potentialAction":[{"@type":"ReadAction","target":["https:\/\/gastronomicament.cat\/ca\/el-govern-de-les-illes-balears-aprova-un-decret-llei-que-protegeix-els-menors-davant-les-begudes-energetiques"]}]},{"@type":"ImageObject","inLanguage":"ca-ES","@id":"https:\/\/gastronomicament.cat\/ca\/el-govern-de-les-illes-balears-aprova-un-decret-llei-que-protegeix-els-menors-davant-les-begudes-energetiques#primaryimage","url":"https:\/\/gastronomicament.cat\/wp-content\/uploads\/2026\/08\/Begudes-energetiques-pic-1.jpg","contentUrl":"https:\/\/gastronomicament.cat\/wp-content\/uploads\/2026\/08\/Begudes-energetiques-pic-1.jpg","width":1200,"height":670},{"@type":"WebSite","@id":"https:\/\/gastronomicament.cat\/es\/#website","url":"https:\/\/gastronomicament.cat\/es\/","name":"Gastron\u00f2micament","description":"Portal de restaurants, receptes i actualitat gastron\u00f2mica","publisher":{"@id":"https:\/\/gastronomicament.cat\/es\/#organization"},"potentialAction":[{"@type":"SearchAction","target":{"@type":"EntryPoint","urlTemplate":"https:\/\/gastronomicament.cat\/es\/?s={search_term_string}"},"query-input":{"@type":"PropertyValueSpecification","valueRequired":true,"valueName":"search_term_string"}}],"inLanguage":"ca-ES"},{"@type":"Organization","@id":"https:\/\/gastronomicament.cat\/es\/#organization","name":"Gastron\u00f2micament","url":"https:\/\/gastronomicament.cat\/es\/","logo":{"@type":"ImageObject","inLanguage":"ca-ES","@id":"https:\/\/gastronomicament.cat\/es\/#\/schema\/logo\/image\/","url":"https:\/\/gastronomicament.cat\/wp-content\/uploads\/2016\/09\/header-logo.jpg","contentUrl":"https:\/\/gastronomicament.cat\/wp-content\/uploads\/2016\/09\/header-logo.jpg","width":277,"height":39,"caption":"Gastron\u00f2micament"},"image":{"@id":"https:\/\/gastronomicament.cat\/es\/#\/schema\/logo\/image\/"},"sameAs":["https:\/\/x.com\/gastronomicamen"]},{"@type":"Person","@id":"https:\/\/gastronomicament.cat\/es\/#\/schema\/person\/a7c85c537a1ed62799a5b8e0f686a37f","name":"Redacci\u00f3","image":{"@type":"ImageObject","inLanguage":"ca-ES","@id":"https:\/\/secure.gravatar.com\/avatar\/9489a485c464fd611d33825daae651d13db70c4e74c65c94937a15a9d4c3ee14?s=96&d=mm&r=g69fea3cce3645dfa2166e7293e22955e","url":"https:\/\/secure.gravatar.com\/avatar\/9489a485c464fd611d33825daae651d13db70c4e74c65c94937a15a9d4c3ee14?s=96&d=mm&r=g","contentUrl":"https:\/\/secure.gravatar.com\/avatar\/9489a485c464fd611d33825daae651d13db70c4e74c65c94937a15a9d4c3ee14?s=96&d=mm&r=g","caption":"Redacci\u00f3"},"sameAs":["http:\/\/gastronomicament.cat"],"url":"https:\/\/gastronomicament.cat\/ca\/author\/admin"}]}},"_links":{"self":[{"href":"https:\/\/gastronomicament.cat\/ca\/wp-json\/wp\/v2\/posts\/106519","targetHints":{"allow":["GET"]}}],"collection":[{"href":"https:\/\/gastronomicament.cat\/ca\/wp-json\/wp\/v2\/posts"}],"about":[{"href":"https:\/\/gastronomicament.cat\/ca\/wp-json\/wp\/v2\/types\/post"}],"author":[{"embeddable":true,"href":"https:\/\/gastronomicament.cat\/ca\/wp-json\/wp\/v2\/users\/1"}],"replies":[{"embeddable":true,"href":"https:\/\/gastronomicament.cat\/ca\/wp-json\/wp\/v2\/comments?post=106519"}],"version-history":[{"count":0,"href":"https:\/\/gastronomicament.cat\/ca\/wp-json\/wp\/v2\/posts\/106519\/revisions"}],"acf:attachment":[{"embeddable":true,"href":"https:\/\/gastronomicament.cat\/ca\/wp-json\/wp\/v2\/media\/106520"}],"wp:featuredmedia":[{"embeddable":true,"href":"https:\/\/gastronomicament.cat\/ca\/wp-json\/wp\/v2\/media\/106520"}],"wp:attachment":[{"href":"https:\/\/gastronomicament.cat\/ca\/wp-json\/wp\/v2\/media?parent=106519"}],"wp:term":[{"taxonomy":"category","embeddable":true,"href":"https:\/\/gastronomicament.cat\/ca\/wp-json\/wp\/v2\/categories?post=106519"},{"taxonomy":"post_tag","embeddable":true,"href":"https:\/\/gastronomicament.cat\/ca\/wp-json\/wp\/v2\/tags?post=106519"},{"taxonomy":"author","embeddable":true,"href":"https:\/\/gastronomicament.cat\/ca\/wp-json\/wp\/v2\/coauthors?post=106519"}],"curies":[{"name":"wp","href":"https:\/\/api.w.org\/{rel}","templated":true}]}}