{"id":106671,"date":"2026-09-04T08:11:25","date_gmt":"2026-09-04T06:11:25","guid":{"rendered":"https:\/\/gastronomicament.cat\/?p=106671"},"modified":"2026-09-04T08:11:25","modified_gmt":"2026-09-04T06:11:25","slug":"la-temporada-de-pesca-del-raor-amb-una-poblacio-plenament-recuperada","status":"publish","type":"post","link":"https:\/\/gastronomicament.cat\/ca\/la-temporada-de-pesca-del-raor-amb-una-poblacio-plenament-recuperada","title":{"rendered":"La temporada de pesca del raor amb una poblaci\u00f3 plenament recuperada"},"content":{"rendered":"\n<p class=\"wp-block-paragraph\">La Conselleria d\u2019Agricultura, Pesca i Medi Natural informa que aquest dimarts, 1 de setembre, comen\u00e7a la temporada de pesca del raor (<strong>Xyrichtys novacula<\/strong>) a les Illes Balears, que s\u2019allargar\u00e0 fins al 31 de mar\u00e7 de 2027. <strong>Enguany, la data d\u2019inici ser\u00e0 la mateixa a tot el litoral de les Illes<\/strong>, incloses les reserves marines, amb l\u2019excepci\u00f3 de la Zona d\u2019Alta Protecci\u00f3 de les Illes Malgrats, on no es podr\u00e0 pescar fins a l\u20191 d\u2019octubre.<br><br>El conseller d\u2019Agricultura, Pesca i Medi Natural, Joan Simonet, ha destacat que <strong>l\u2019evoluci\u00f3 de la poblaci\u00f3 de raor \u00ab\u00e9s un exemple molt clar dels resultats que dona una gesti\u00f3 pesquera adequada, sostinguda en el temps i basada en criteris cient\u00edfics<\/strong>\u00bb. En aquest sentit, Simonet ha assenyalat que \u00abavui tenim exemplars m\u00e9s grossos i una poblaci\u00f3 recuperada, i l\u2019objectiu \u00e9s mantenir aquesta situaci\u00f3 i garantir que les futures generacions puguin continuar gaudint d\u2019una pesquera molt arrelada a les Illes Balears\u00bb.<br><br>La Conselleria recorda que el nombre m\u00e0xim de captures perm\u00e8s \u00e9s de 50 raors per persona i dia. Simonet ha apel\u00b7lat tamb\u00e9 a la responsabilitat dels pescadors: \u00abLa gran majoria dels aficionats respecten les normes i s\u00f3n els primers interessats a conservar aquest recurs. Complir els l\u00edmits de captures i els per\u00edodes de veda \u00e9s essencial perqu\u00e8 aquesta pesquera continu\u00ef en bon estat\u00bb.<br><br>Coincidint amb l\u2019inici de la temporada, la inspecci\u00f3 pesquera del Govern intensificar\u00e0 l\u2019activitat a les principals zones de pesca del raor amb l\u2019objectiu de prevenir la pesca il\u00b7legal i detectar possibles infraccions. <strong>L\u2019incompliment d\u2019una veda est\u00e0 tipificat com una infracci\u00f3 greu per la normativa pesquera i pot comportar una multa m\u00ednima de 151 euros per exemplar<\/strong>, una quantitat que es pot incrementar considerablement en funci\u00f3 de les circumst\u00e0ncies de la infracci\u00f3.<br><br><strong>La veda del raor<\/strong>, vigent des de fa d\u00e8cades, <strong>t\u00e9 com a finalitat evitar la captura d\u2019aquesta esp\u00e8cie durant el per\u00edode de reproducci\u00f3<\/strong>. Els estudis desenvolupats pel Laboratori d\u2019Investigacions Marines i Aq\u00fcicultura (LIMIA) i l\u2019Institut Mediterrani d\u2019Estudis Avan\u00e7ats (IMEDEA, CSIC-UIB) han confirmat que aquesta mesura ha afavorit la recuperaci\u00f3 de la poblaci\u00f3 i ha perm\u00e8s incrementar tant l\u2019abund\u00e0ncia com la mida mitjana dels exemplars.<br><br>En la darrera temporada analitzada, la talla mitjana de les poblacions estudiades directament pel Govern a Mallorca va ser de 168 mil\u00b7l\u00edmetres, un 35% superior als 124 mil\u00b7l\u00edmetres registrats l\u2019any 1999. Aquesta difer\u00e8ncia \u00e9s encara m\u00e9s significativa si es trasllada al pes dels exemplars: el pes mitj\u00e0 individual dels raors analitzats el 2025 va ser de 70 grams, davant els 26 grams de 1999, pr\u00e0cticament el triple.<br><br>La <strong>Direcci\u00f3 General de Pesca preveu uns resultats similars als de 2025<\/strong>. La talla mitjana actual ja es troba pr\u00f2xima al m\u00e0xim que pot assolir una poblaci\u00f3 sotmesa a activitat pesquera, tenint en compte que els valors pr\u00f2xims als 180 mil\u00b7l\u00edmetres nom\u00e9s es registren en zones on la pesca est\u00e0 prohibida.<br><br><strong>A les reserves marines \u00e9s obligatori registrar les captures i comunicar-les al Servei de Recursos Marins del Govern<\/strong>, preferentment mitjan\u00e7ant l\u2019aplicaci\u00f3 m\u00f2bil \u00abDiari de Pesca\u00bb o, en el cas de les reserves marines estatals, mitjan\u00e7ant l\u2019aplicaci\u00f3 del Ministeri \u00abPescaREC\u00bb. Des de 2019 s\u2019han recollit unes 6.600 declaracions de captures. Aquestes dades mostren que el raor \u00e9s, per nombre d\u2019individus, l\u2019esp\u00e8cie m\u00e9s capturada pels pescadors recreatius d\u2019embarcaci\u00f3 a les Illes Balears, mentre que en termes de pes representa el 15,7 % de la captura anual.<\/p>\n","protected":false},"excerpt":{"rendered":"<p>A les Illes Balears ha comen\u00e7at l&#8217;1 de setembre<\/p>\n","protected":false},"author":1,"featured_media":106667,"comment_status":"open","ping_status":"closed","sticky":false,"template":"","format":"standard","meta":{"_acf_changed":false,"_swt_meta_header_display":false,"_swt_meta_footer_display":false,"_swt_meta_site_title_display":false,"_swt_meta_sticky_header":false,"_swt_meta_transparent_header":false,"footnotes":""},"categories":[692,940,955],"tags":[],"coauthors":[2053],"class_list":["post-106671","post","type-post","status-publish","format-standard","has-post-thumbnail","hentry","category-actualitat","category-inici","category-reportatges-i-novetats"],"acf":{"gallery":null,"home_date":{"home_begin_date":"20260904","home_end_date":"20260910"}},"yoast_head":"<!-- This site is optimized with the Yoast SEO plugin v28.3 - https:\/\/yoast.com\/product\/yoast-seo-wordpress\/ -->\n<title>La temporada de pesca del raor amb una poblaci\u00f3 plenament recuperada - Gastron\u00f2micament<\/title>\n<meta name=\"description\" content=\"La temporada de pesca del raor amb una poblaci\u00f3 plenament recuperada Actualitat, Portada, Reportatges i novetats A les Illes Balears ha comen\u00e7at l&#039;1 de setembre\" \/>\n<meta name=\"robots\" content=\"index, follow, max-snippet:-1, max-image-preview:large, max-video-preview:-1\" \/>\n<link rel=\"canonical\" href=\"https:\/\/gastronomicament.cat\/ca\/la-temporada-de-pesca-del-raor-amb-una-poblacio-plenament-recuperada\" \/>\n<meta property=\"og:locale\" content=\"ca_ES\" \/>\n<meta property=\"og:type\" content=\"article\" \/>\n<meta property=\"og:title\" content=\"La temporada de pesca del raor amb una poblaci\u00f3 plenament recuperada - Gastron\u00f2micament\" \/>\n<meta property=\"og:description\" content=\"La temporada de pesca del raor amb una poblaci\u00f3 plenament recuperada Actualitat, Portada, Reportatges i novetats A les Illes Balears ha comen\u00e7at l&#039;1 de setembre\" \/>\n<meta property=\"og:url\" content=\"https:\/\/gastronomicament.cat\/ca\/la-temporada-de-pesca-del-raor-amb-una-poblacio-plenament-recuperada\" \/>\n<meta property=\"og:site_name\" content=\"Gastron\u00f2micament\" \/>\n<meta property=\"article:published_time\" content=\"2026-09-04T06:11:25+00:00\" \/>\n<meta property=\"og:image\" content=\"https:\/\/gastronomicament.cat\/wp-content\/uploads\/2026\/09\/Raor-peix-Mallorca-Menorca-Eivissa-Formentera-CAIB.jpg\" \/>\n\t<meta property=\"og:image:width\" content=\"1003\" \/>\n\t<meta property=\"og:image:height\" content=\"610\" \/>\n\t<meta property=\"og:image:type\" content=\"image\/jpeg\" \/>\n<meta name=\"author\" content=\"Redacci\u00f3\" \/>\n<meta name=\"twitter:card\" content=\"summary_large_image\" \/>\n<meta name=\"twitter:creator\" content=\"@gastronomicamen\" \/>\n<meta name=\"twitter:site\" content=\"@gastronomicamen\" \/>\n<meta name=\"twitter:label1\" content=\"Written by\" \/>\n\t<meta name=\"twitter:data1\" content=\"Redacci\u00f3\" \/>\n\t<meta name=\"twitter:label2\" content=\"Est. reading time\" \/>\n\t<meta name=\"twitter:data2\" content=\"3 minutes\" \/>\n<script type=\"application\/ld+json\" class=\"yoast-schema-graph\">{\"@context\":\"https:\\\/\\\/schema.org\",\"@graph\":[{\"@type\":\"Article\",\"@id\":\"https:\\\/\\\/gastronomicament.cat\\\/ca\\\/la-temporada-de-pesca-del-raor-amb-una-poblacio-plenament-recuperada#article\",\"isPartOf\":{\"@id\":\"https:\\\/\\\/gastronomicament.cat\\\/ca\\\/la-temporada-de-pesca-del-raor-amb-una-poblacio-plenament-recuperada\"},\"author\":{\"name\":\"Redacci\u00f3\",\"@id\":\"https:\\\/\\\/gastronomicament.cat\\\/es\\\/#\\\/schema\\\/person\\\/a7c85c537a1ed62799a5b8e0f686a37f\"},\"headline\":\"La temporada de pesca del raor amb una poblaci\u00f3 plenament recuperada\",\"datePublished\":\"2026-09-04T06:11:25+00:00\",\"mainEntityOfPage\":{\"@id\":\"https:\\\/\\\/gastronomicament.cat\\\/ca\\\/la-temporada-de-pesca-del-raor-amb-una-poblacio-plenament-recuperada\"},\"wordCount\":609,\"commentCount\":0,\"publisher\":{\"@id\":\"https:\\\/\\\/gastronomicament.cat\\\/es\\\/#organization\"},\"image\":{\"@id\":\"https:\\\/\\\/gastronomicament.cat\\\/ca\\\/la-temporada-de-pesca-del-raor-amb-una-poblacio-plenament-recuperada#primaryimage\"},\"thumbnailUrl\":\"https:\\\/\\\/gastronomicament.cat\\\/wp-content\\\/uploads\\\/2026\\\/09\\\/Raor-peix-Mallorca-Menorca-Eivissa-Formentera-CAIB.jpg\",\"articleSection\":[\"Actualitat\",\"Portada\",\"Reportatges i novetats\"],\"inLanguage\":\"ca-ES\",\"potentialAction\":[{\"@type\":\"CommentAction\",\"name\":\"Comment\",\"target\":[\"https:\\\/\\\/gastronomicament.cat\\\/ca\\\/la-temporada-de-pesca-del-raor-amb-una-poblacio-plenament-recuperada#respond\"]}]},{\"@type\":\"WebPage\",\"@id\":\"https:\\\/\\\/gastronomicament.cat\\\/ca\\\/la-temporada-de-pesca-del-raor-amb-una-poblacio-plenament-recuperada\",\"url\":\"https:\\\/\\\/gastronomicament.cat\\\/ca\\\/la-temporada-de-pesca-del-raor-amb-una-poblacio-plenament-recuperada\",\"name\":\"La temporada de pesca del raor amb una poblaci\u00f3 plenament recuperada - Gastron\u00f2micament\",\"isPartOf\":{\"@id\":\"https:\\\/\\\/gastronomicament.cat\\\/es\\\/#website\"},\"primaryImageOfPage\":{\"@id\":\"https:\\\/\\\/gastronomicament.cat\\\/ca\\\/la-temporada-de-pesca-del-raor-amb-una-poblacio-plenament-recuperada#primaryimage\"},\"image\":{\"@id\":\"https:\\\/\\\/gastronomicament.cat\\\/ca\\\/la-temporada-de-pesca-del-raor-amb-una-poblacio-plenament-recuperada#primaryimage\"},\"thumbnailUrl\":\"https:\\\/\\\/gastronomicament.cat\\\/wp-content\\\/uploads\\\/2026\\\/09\\\/Raor-peix-Mallorca-Menorca-Eivissa-Formentera-CAIB.jpg\",\"datePublished\":\"2026-09-04T06:11:25+00:00\",\"description\":\"La temporada de pesca del raor amb una poblaci\u00f3 plenament recuperada Actualitat, Portada, Reportatges i novetats A les Illes Balears ha comen\u00e7at l'1 de setembre\",\"inLanguage\":\"ca-ES\",\"potentialAction\":[{\"@type\":\"ReadAction\",\"target\":[\"https:\\\/\\\/gastronomicament.cat\\\/ca\\\/la-temporada-de-pesca-del-raor-amb-una-poblacio-plenament-recuperada\"]}]},{\"@type\":\"ImageObject\",\"inLanguage\":\"ca-ES\",\"@id\":\"https:\\\/\\\/gastronomicament.cat\\\/ca\\\/la-temporada-de-pesca-del-raor-amb-una-poblacio-plenament-recuperada#primaryimage\",\"url\":\"https:\\\/\\\/gastronomicament.cat\\\/wp-content\\\/uploads\\\/2026\\\/09\\\/Raor-peix-Mallorca-Menorca-Eivissa-Formentera-CAIB.jpg\",\"contentUrl\":\"https:\\\/\\\/gastronomicament.cat\\\/wp-content\\\/uploads\\\/2026\\\/09\\\/Raor-peix-Mallorca-Menorca-Eivissa-Formentera-CAIB.jpg\",\"width\":1003,\"height\":610},{\"@type\":\"WebSite\",\"@id\":\"https:\\\/\\\/gastronomicament.cat\\\/es\\\/#website\",\"url\":\"https:\\\/\\\/gastronomicament.cat\\\/es\\\/\",\"name\":\"Gastron\u00f2micament\",\"description\":\"Portal de restaurants, receptes i actualitat gastron\u00f2mica\",\"publisher\":{\"@id\":\"https:\\\/\\\/gastronomicament.cat\\\/es\\\/#organization\"},\"potentialAction\":[{\"@type\":\"SearchAction\",\"target\":{\"@type\":\"EntryPoint\",\"urlTemplate\":\"https:\\\/\\\/gastronomicament.cat\\\/es\\\/?s={search_term_string}\"},\"query-input\":{\"@type\":\"PropertyValueSpecification\",\"valueRequired\":true,\"valueName\":\"search_term_string\"}}],\"inLanguage\":\"ca-ES\"},{\"@type\":\"Organization\",\"@id\":\"https:\\\/\\\/gastronomicament.cat\\\/es\\\/#organization\",\"name\":\"Gastron\u00f2micament\",\"url\":\"https:\\\/\\\/gastronomicament.cat\\\/es\\\/\",\"logo\":{\"@type\":\"ImageObject\",\"inLanguage\":\"ca-ES\",\"@id\":\"https:\\\/\\\/gastronomicament.cat\\\/es\\\/#\\\/schema\\\/logo\\\/image\\\/\",\"url\":\"https:\\\/\\\/gastronomicament.cat\\\/wp-content\\\/uploads\\\/2016\\\/09\\\/header-logo.jpg\",\"contentUrl\":\"https:\\\/\\\/gastronomicament.cat\\\/wp-content\\\/uploads\\\/2016\\\/09\\\/header-logo.jpg\",\"width\":277,\"height\":39,\"caption\":\"Gastron\u00f2micament\"},\"image\":{\"@id\":\"https:\\\/\\\/gastronomicament.cat\\\/es\\\/#\\\/schema\\\/logo\\\/image\\\/\"},\"sameAs\":[\"https:\\\/\\\/x.com\\\/gastronomicamen\"]},{\"@type\":\"Person\",\"@id\":\"https:\\\/\\\/gastronomicament.cat\\\/es\\\/#\\\/schema\\\/person\\\/a7c85c537a1ed62799a5b8e0f686a37f\",\"name\":\"Redacci\u00f3\",\"image\":{\"@type\":\"ImageObject\",\"inLanguage\":\"ca-ES\",\"@id\":\"https:\\\/\\\/secure.gravatar.com\\\/avatar\\\/9489a485c464fd611d33825daae651d13db70c4e74c65c94937a15a9d4c3ee14?s=96&d=mm&r=g69fea3cce3645dfa2166e7293e22955e\",\"url\":\"https:\\\/\\\/secure.gravatar.com\\\/avatar\\\/9489a485c464fd611d33825daae651d13db70c4e74c65c94937a15a9d4c3ee14?s=96&d=mm&r=g\",\"contentUrl\":\"https:\\\/\\\/secure.gravatar.com\\\/avatar\\\/9489a485c464fd611d33825daae651d13db70c4e74c65c94937a15a9d4c3ee14?s=96&d=mm&r=g\",\"caption\":\"Redacci\u00f3\"},\"sameAs\":[\"http:\\\/\\\/gastronomicament.cat\"],\"url\":\"https:\\\/\\\/gastronomicament.cat\\\/ca\\\/author\\\/admin\"}]}<\/script>\n<!-- \/ Yoast SEO plugin. -->","yoast_head_json":{"title":"La temporada de pesca del raor amb una poblaci\u00f3 plenament recuperada - Gastron\u00f2micament","description":"La temporada de pesca del raor amb una poblaci\u00f3 plenament recuperada Actualitat, Portada, Reportatges i novetats A les Illes Balears ha comen\u00e7at l'1 de setembre","robots":{"index":"index","follow":"follow","max-snippet":"max-snippet:-1","max-image-preview":"max-image-preview:large","max-video-preview":"max-video-preview:-1"},"canonical":"https:\/\/gastronomicament.cat\/ca\/la-temporada-de-pesca-del-raor-amb-una-poblacio-plenament-recuperada","og_locale":"ca_ES","og_type":"article","og_title":"La temporada de pesca del raor amb una poblaci\u00f3 plenament recuperada - Gastron\u00f2micament","og_description":"La temporada de pesca del raor amb una poblaci\u00f3 plenament recuperada Actualitat, Portada, Reportatges i novetats A les Illes Balears ha comen\u00e7at l'1 de setembre","og_url":"https:\/\/gastronomicament.cat\/ca\/la-temporada-de-pesca-del-raor-amb-una-poblacio-plenament-recuperada","og_site_name":"Gastron\u00f2micament","article_published_time":"2026-09-04T06:11:25+00:00","og_image":[{"width":1003,"height":610,"url":"https:\/\/gastronomicament.cat\/wp-content\/uploads\/2026\/09\/Raor-peix-Mallorca-Menorca-Eivissa-Formentera-CAIB.jpg","type":"image\/jpeg"}],"author":"Redacci\u00f3","twitter_card":"summary_large_image","twitter_creator":"@gastronomicamen","twitter_site":"@gastronomicamen","twitter_misc":{"Written by":"Redacci\u00f3","Est. reading time":"3 minutes"},"schema":{"@context":"https:\/\/schema.org","@graph":[{"@type":"Article","@id":"https:\/\/gastronomicament.cat\/ca\/la-temporada-de-pesca-del-raor-amb-una-poblacio-plenament-recuperada#article","isPartOf":{"@id":"https:\/\/gastronomicament.cat\/ca\/la-temporada-de-pesca-del-raor-amb-una-poblacio-plenament-recuperada"},"author":{"name":"Redacci\u00f3","@id":"https:\/\/gastronomicament.cat\/es\/#\/schema\/person\/a7c85c537a1ed62799a5b8e0f686a37f"},"headline":"La temporada de pesca del raor amb una poblaci\u00f3 plenament recuperada","datePublished":"2026-09-04T06:11:25+00:00","mainEntityOfPage":{"@id":"https:\/\/gastronomicament.cat\/ca\/la-temporada-de-pesca-del-raor-amb-una-poblacio-plenament-recuperada"},"wordCount":609,"commentCount":0,"publisher":{"@id":"https:\/\/gastronomicament.cat\/es\/#organization"},"image":{"@id":"https:\/\/gastronomicament.cat\/ca\/la-temporada-de-pesca-del-raor-amb-una-poblacio-plenament-recuperada#primaryimage"},"thumbnailUrl":"https:\/\/gastronomicament.cat\/wp-content\/uploads\/2026\/09\/Raor-peix-Mallorca-Menorca-Eivissa-Formentera-CAIB.jpg","articleSection":["Actualitat","Portada","Reportatges i novetats"],"inLanguage":"ca-ES","potentialAction":[{"@type":"CommentAction","name":"Comment","target":["https:\/\/gastronomicament.cat\/ca\/la-temporada-de-pesca-del-raor-amb-una-poblacio-plenament-recuperada#respond"]}]},{"@type":"WebPage","@id":"https:\/\/gastronomicament.cat\/ca\/la-temporada-de-pesca-del-raor-amb-una-poblacio-plenament-recuperada","url":"https:\/\/gastronomicament.cat\/ca\/la-temporada-de-pesca-del-raor-amb-una-poblacio-plenament-recuperada","name":"La temporada de pesca del raor amb una poblaci\u00f3 plenament recuperada - Gastron\u00f2micament","isPartOf":{"@id":"https:\/\/gastronomicament.cat\/es\/#website"},"primaryImageOfPage":{"@id":"https:\/\/gastronomicament.cat\/ca\/la-temporada-de-pesca-del-raor-amb-una-poblacio-plenament-recuperada#primaryimage"},"image":{"@id":"https:\/\/gastronomicament.cat\/ca\/la-temporada-de-pesca-del-raor-amb-una-poblacio-plenament-recuperada#primaryimage"},"thumbnailUrl":"https:\/\/gastronomicament.cat\/wp-content\/uploads\/2026\/09\/Raor-peix-Mallorca-Menorca-Eivissa-Formentera-CAIB.jpg","datePublished":"2026-09-04T06:11:25+00:00","description":"La temporada de pesca del raor amb una poblaci\u00f3 plenament recuperada Actualitat, Portada, Reportatges i novetats A les Illes Balears ha comen\u00e7at l'1 de setembre","inLanguage":"ca-ES","potentialAction":[{"@type":"ReadAction","target":["https:\/\/gastronomicament.cat\/ca\/la-temporada-de-pesca-del-raor-amb-una-poblacio-plenament-recuperada"]}]},{"@type":"ImageObject","inLanguage":"ca-ES","@id":"https:\/\/gastronomicament.cat\/ca\/la-temporada-de-pesca-del-raor-amb-una-poblacio-plenament-recuperada#primaryimage","url":"https:\/\/gastronomicament.cat\/wp-content\/uploads\/2026\/09\/Raor-peix-Mallorca-Menorca-Eivissa-Formentera-CAIB.jpg","contentUrl":"https:\/\/gastronomicament.cat\/wp-content\/uploads\/2026\/09\/Raor-peix-Mallorca-Menorca-Eivissa-Formentera-CAIB.jpg","width":1003,"height":610},{"@type":"WebSite","@id":"https:\/\/gastronomicament.cat\/es\/#website","url":"https:\/\/gastronomicament.cat\/es\/","name":"Gastron\u00f2micament","description":"Portal de restaurants, receptes i actualitat gastron\u00f2mica","publisher":{"@id":"https:\/\/gastronomicament.cat\/es\/#organization"},"potentialAction":[{"@type":"SearchAction","target":{"@type":"EntryPoint","urlTemplate":"https:\/\/gastronomicament.cat\/es\/?s={search_term_string}"},"query-input":{"@type":"PropertyValueSpecification","valueRequired":true,"valueName":"search_term_string"}}],"inLanguage":"ca-ES"},{"@type":"Organization","@id":"https:\/\/gastronomicament.cat\/es\/#organization","name":"Gastron\u00f2micament","url":"https:\/\/gastronomicament.cat\/es\/","logo":{"@type":"ImageObject","inLanguage":"ca-ES","@id":"https:\/\/gastronomicament.cat\/es\/#\/schema\/logo\/image\/","url":"https:\/\/gastronomicament.cat\/wp-content\/uploads\/2016\/09\/header-logo.jpg","contentUrl":"https:\/\/gastronomicament.cat\/wp-content\/uploads\/2016\/09\/header-logo.jpg","width":277,"height":39,"caption":"Gastron\u00f2micament"},"image":{"@id":"https:\/\/gastronomicament.cat\/es\/#\/schema\/logo\/image\/"},"sameAs":["https:\/\/x.com\/gastronomicamen"]},{"@type":"Person","@id":"https:\/\/gastronomicament.cat\/es\/#\/schema\/person\/a7c85c537a1ed62799a5b8e0f686a37f","name":"Redacci\u00f3","image":{"@type":"ImageObject","inLanguage":"ca-ES","@id":"https:\/\/secure.gravatar.com\/avatar\/9489a485c464fd611d33825daae651d13db70c4e74c65c94937a15a9d4c3ee14?s=96&d=mm&r=g69fea3cce3645dfa2166e7293e22955e","url":"https:\/\/secure.gravatar.com\/avatar\/9489a485c464fd611d33825daae651d13db70c4e74c65c94937a15a9d4c3ee14?s=96&d=mm&r=g","contentUrl":"https:\/\/secure.gravatar.com\/avatar\/9489a485c464fd611d33825daae651d13db70c4e74c65c94937a15a9d4c3ee14?s=96&d=mm&r=g","caption":"Redacci\u00f3"},"sameAs":["http:\/\/gastronomicament.cat"],"url":"https:\/\/gastronomicament.cat\/ca\/author\/admin"}]}},"_links":{"self":[{"href":"https:\/\/gastronomicament.cat\/ca\/wp-json\/wp\/v2\/posts\/106671","targetHints":{"allow":["GET"]}}],"collection":[{"href":"https:\/\/gastronomicament.cat\/ca\/wp-json\/wp\/v2\/posts"}],"about":[{"href":"https:\/\/gastronomicament.cat\/ca\/wp-json\/wp\/v2\/types\/post"}],"author":[{"embeddable":true,"href":"https:\/\/gastronomicament.cat\/ca\/wp-json\/wp\/v2\/users\/1"}],"replies":[{"embeddable":true,"href":"https:\/\/gastronomicament.cat\/ca\/wp-json\/wp\/v2\/comments?post=106671"}],"version-history":[{"count":1,"href":"https:\/\/gastronomicament.cat\/ca\/wp-json\/wp\/v2\/posts\/106671\/revisions"}],"predecessor-version":[{"id":106677,"href":"https:\/\/gastronomicament.cat\/ca\/wp-json\/wp\/v2\/posts\/106671\/revisions\/106677"}],"wp:featuredmedia":[{"embeddable":true,"href":"https:\/\/gastronomicament.cat\/ca\/wp-json\/wp\/v2\/media\/106667"}],"wp:attachment":[{"href":"https:\/\/gastronomicament.cat\/ca\/wp-json\/wp\/v2\/media?parent=106671"}],"wp:term":[{"taxonomy":"category","embeddable":true,"href":"https:\/\/gastronomicament.cat\/ca\/wp-json\/wp\/v2\/categories?post=106671"},{"taxonomy":"post_tag","embeddable":true,"href":"https:\/\/gastronomicament.cat\/ca\/wp-json\/wp\/v2\/tags?post=106671"},{"taxonomy":"author","embeddable":true,"href":"https:\/\/gastronomicament.cat\/ca\/wp-json\/wp\/v2\/coauthors?post=106671"}],"curies":[{"name":"wp","href":"https:\/\/api.w.org\/{rel}","templated":true}]}}