{"id":13465,"date":"2014-03-20T02:07:02","date_gmt":"2014-03-20T01:07:02","guid":{"rendered":"http:\/\/gastronomicament.cat\/?p=13465"},"modified":"2022-04-07T11:04:07","modified_gmt":"2022-04-07T09:04:07","slug":"caragols","status":"publish","type":"post","link":"https:\/\/gastronomicament.cat\/ca\/caragols","title":{"rendered":"Sortida gastron\u00f2mica: descobreix i tasta els caragols"},"content":{"rendered":"<div>Descobreix la vida dels caragols bovers a la <a title=\"Granja de caragols de Muro Treu Banya\" href=\"http:\/\/gastronomicament.cat\/treu-banya-granja-de-caragols\">granja Treu Banya de Muro<\/a>. Dissabte, 12 d&#8217;abril de 2014. Viur\u00e0s una visita completa: sabr\u00e0s com neixen, qu\u00e8 mengen, podr\u00e0s berenar de les del\u00edcies de Muro i assaborir\u00e0s els caragols amb un dinar exclusiu al <a title=\"Bar Piroska Muro\" href=\"http:\/\/gastronomicament.cat\/bar-piroska\">Bar Piroska<\/a>.<\/div>\n<p>&nbsp;<\/p>\n<h4>\u00a0La sortida gastron\u00f2mica consisteix en:<\/h4>\n<ol>\n<li><span style=\"color: #db232b;\"><img decoding=\"async\" class=\"alignright\" src=\"http:\/\/gastronomicament.cat\/wp-content\/uploads\/2014\/03\/caragol.jpg\" alt=\"\" width=\"210\" \/><strong><span style=\"color: #000000;\">Degustaci\u00f3 de productes de Muro<\/span><\/strong><\/span><br \/>\n<span style=\"color: #000000;\"> (sobrassada, galletes, botifarrons)<\/span><\/li>\n<li><strong><span style=\"color: #000000;\">Visita a la granja i explicaci\u00f3<\/span><\/strong><\/li>\n<li><strong><span style=\"color: #000000;\">Dinar complet de caragols<\/span><\/strong><\/li>\n<\/ol>\n<div>El dinar inclou:<\/div>\n<ul>\n<li>Picada de croquetes i calamars<\/li>\n<li>Degustaci\u00f3 d&#8217;alliolis<\/li>\n<li>700 g de caragols a la mallorquina *<\/li>\n<li>Past\u00eds de xocolata casol\u00e0<\/li>\n<li>Pa, beguda i caf\u00e8<\/li>\n<li>Copa<\/li>\n<\/ul>\n<p><em>* Les persones que ho sol\u00b7licitin poden canviar el plat de caragols per un altre de carn, peix o ensalada, ja sigui per intoler\u00e0ncia o al\u00b7l\u00e8rgia.<\/em><br \/>\n<em>* Men\u00fa i preu especial per a infants.<\/em><\/p>\n<p><em><strong>Data<\/strong>: Dissabte, 12 d&#8217;abril de 2014, a les 11 hores<\/em><br \/>\n<em> <strong>Lloc<\/strong>: Muro. <strong>Punt de trobada<\/strong>: Aparcament del cementeri de Muro<\/em><br \/>\n<em> <strong>Preu<\/strong>: 22 euros \/ socis OCB i Ona Mediterr\u00e0nia 20 euros \/ <strong>Infants fins a 12 anys<\/strong> 10 euros (men\u00fa de nuggets o hamburguesa + beguda + postres).\u00a0<a href=\"#inscripcions\">Apunta-m&#8217;hi<br \/>\n<\/a>M\u00ednim: 20 persones<\/em><\/p>\n<p><a name=\"inscripcions\"><\/a><\/p>\n<h4>Inscripcions<\/h4>\n<p>T&#8217;hi pots inscriure fins al divendres 4 d&#8217;abril al formulari de m\u00e9s avall.<\/p>\n<p>El\u00a0<strong>pagament<\/strong>\u00a0es pot fer a:<\/p>\n<p>[ezcol_1third]<\/p>\n<p><strong>Palma<\/strong>: Can Alcover, caf\u00e8 Literari <a title=\"Can Alcover\" href=\"https:\/\/maps.google.cat\/maps?q=Can+Alcover+carrer+de+Sant+Alonso,+24.+Palma)&amp;hl=ca&amp;sll=39.592086,2.853395&amp;sspn=0.655058,1.352692&amp;hq=Can+Alcover&amp;t=m&amp;z=10\">carrer de Sant Alonso, 24. Palma<\/a><\/p>\n<p><strong>S\u00f3ller<\/strong>: 639523068<\/p>\n<p><strong>Sencelles<\/strong>: 619692059<\/p>\n<p>[\/ezcol_1third] [ezcol_1third]<\/p>\n<p><strong>Binissalem<\/strong>: 646230824<\/p>\n<p><strong>Inca<\/strong>: 661932295<\/p>\n<p><strong>Campanet<\/strong>: 678450822<\/p>\n<p><strong>Esporles<\/strong>: 685461797<\/p>\n<p>[\/ezcol_1third] [ezcol_1third_end]<\/p>\n<p><strong>Puigpunyent<\/strong>: 971614455<br \/>\nHorari oficina Ajuntament: 9-14 dm. i dj tamb\u00e9 de 15 a 19 h<\/p>\n<p><strong>Altres delegacions<\/strong>: 678604615<\/p>\n<p>[\/ezcol_1third_end]<\/p>\n<h4>Formulari<\/h4>\n<p>\n<div class=\"wpcf7 no-js\" id=\"wpcf7-f13469-o1\" lang=\"\" dir=\"ltr\" data-wpcf7-id=\"13469\">\n<div class=\"screen-reader-response\"><p role=\"status\" aria-live=\"polite\" aria-atomic=\"true\"><\/p> <ul><\/ul><\/div>\n<form action=\"\/ca\/wp-json\/wp\/v2\/posts\/13465#wpcf7-f13469-o1\" method=\"post\" class=\"wpcf7-form init\" aria-label=\"Contact form\" novalidate=\"novalidate\" data-status=\"init\">\n<fieldset class=\"hidden-fields-container\"><input type=\"hidden\" name=\"_wpcf7\" value=\"13469\" \/><input type=\"hidden\" name=\"_wpcf7_version\" value=\"6.1.5\" \/><input type=\"hidden\" name=\"_wpcf7_locale\" value=\"\" \/><input type=\"hidden\" name=\"_wpcf7_unit_tag\" value=\"wpcf7-f13469-o1\" \/><input type=\"hidden\" name=\"_wpcf7_container_post\" value=\"0\" \/><input type=\"hidden\" name=\"_wpcf7_posted_data_hash\" value=\"\" \/><input type=\"hidden\" name=\"_wpcf7_recaptcha_response\" value=\"\" \/>\n<\/fieldset>\n<p>El vostre nom (obligatori):    \n<span class=\"wpcf7-form-control-wrap\" data-name=\"your-name\"><input size=\"40\" maxlength=\"400\" class=\"wpcf7-form-control wpcf7-text wpcf7-validates-as-required\" aria-required=\"true\" aria-invalid=\"false\" value=\"\" type=\"text\" name=\"your-name\" \/><\/span> <\/p>\n<p>El vostre email (obligatori):   \n <span class=\"wpcf7-form-control-wrap\" data-name=\"your-email\"><input size=\"40\" maxlength=\"400\" class=\"wpcf7-form-control wpcf7-email wpcf7-validates-as-required wpcf7-text wpcf7-validates-as-email\" aria-required=\"true\" aria-invalid=\"false\" value=\"\" type=\"email\" name=\"your-email\" \/><\/span> <\/p>\n<p>Selecciona: \n<span class=\"wpcf7-form-control-wrap\" data-name=\"curs\"><select class=\"wpcf7-form-control wpcf7-select wpcf7-validates-as-required\" aria-required=\"true\" aria-invalid=\"false\" name=\"curs\"><option value=\"\">&#8212;Please choose an option&#8212;<\/option><option value=\"Socis de l&#039;OCB. 20 euros\">Socis de l&#039;OCB. 20 euros<\/option><option value=\"Preu normal: 22 euros (no socis OCB)\">Preu normal: 22 euros (no socis OCB)<\/option><\/select><\/span><\/p>\n<p>Si vols deixar algun comentari    \n<span class=\"wpcf7-form-control-wrap\" data-name=\"your-message\"><textarea cols=\"80\" rows=\"4\" maxlength=\"2000\" class=\"wpcf7-form-control wpcf7-textarea\" aria-invalid=\"false\" name=\"your-message\"><\/textarea><\/span> <\/p>\n<p><strong>Warning:<\/strong> The <a href=\"https:\/\/wordpress.org\/plugins\/really-simple-captcha\/\">Really Simple CAPTCHA<\/a> plugin is not active. Escriu les lletres (obligatori)\n<span class=\"wpcf7-form-control-wrap\" data-name=\"captcha-824\"><input size=\"40\" class=\"wpcf7-form-control wpcf7-captchar\" autocomplete=\"off\" aria-invalid=\"false\" value=\"\" type=\"text\" name=\"captcha-824\" \/><\/span>\n<\/p>\n<!-- BUTLLETI NO OBLIGATORI I POLITICA SI -->\n<p> <span class=\"wpcf7-form-control-wrap\" data-name=\"subscribe\"><span class=\"wpcf7-form-control wpcf7-checkbox\"><span class=\"wpcf7-list-item first last\"><input type=\"checkbox\" name=\"subscribe[]\" value=\"Vull rebre el butllet\u00ed setmanal de Gastron\u00f2micament\" \/><span class=\"wpcf7-list-item-label\">Vull rebre el butllet\u00ed setmanal de Gastron\u00f2micament<\/span><\/span><\/span><\/span><\/p>\n<p> <span class=\"wpcf7-form-control-wrap\" data-name=\"accept-register\"><span class=\"wpcf7-form-control wpcf7-acceptance\"><span class=\"wpcf7-list-item\"><input type=\"checkbox\" name=\"accept-register\" value=\"1\" aria-invalid=\"false\" \/><\/span><\/span><\/span> He llegit i accepto la <a href=\"https:\/\/gastronomicament.cat\/privacitat\" target=\"_blank\">pol\u00edtica de privacitat<\/a><\/p>\n<p><input class=\"wpcf7-form-control wpcf7-submit has-spinner\" type=\"submit\" value=\"Envia\" \/><\/p><div class=\"wpcf7-response-output\" aria-hidden=\"true\"><\/div>\n<\/form>\n<\/div>\n<!--more--><\/p>\n","protected":false},"excerpt":{"rendered":"<p>Descobreix la vida dels caragols bovers a la granja Treu Banya de Muro. Dissabte, 12 d&#8217;abril de 2014. Viur\u00e0s una visita completa: sabr\u00e0s com neixen, qu\u00e8 mengen, podr\u00e0s berenar de les del\u00edcies de Muro i assaborir\u00e0s els caragols amb un dinar exclusiu al Bar Piroska. &nbsp; \u00a0La sortida gastron\u00f2mica consisteix en: Degustaci\u00f3 de productes de [&hellip;]<\/p>\n","protected":false},"author":1,"featured_media":13490,"comment_status":"open","ping_status":"closed","sticky":false,"template":"","format":"standard","meta":{"_acf_changed":false,"_swt_meta_header_display":false,"_swt_meta_footer_display":false,"_swt_meta_site_title_display":false,"_swt_meta_sticky_header":false,"_swt_meta_transparent_header":false,"footnotes":""},"categories":[692,778],"tags":[],"coauthors":[],"class_list":["post-13465","post","type-post","status-publish","format-standard","has-post-thumbnail","hentry","category-actualitat","category-cursos-i-tallers"],"acf":{"gallery":null,"home_date":{"home_begin_date":null,"home_end_date":null}},"yoast_head":"<!-- This site is optimized with the Yoast SEO plugin v27.4 - https:\/\/yoast.com\/product\/yoast-seo-wordpress\/ -->\n<title>Sortida gastron\u00f2mica: descobreix i tasta els caragols<\/title>\n<meta name=\"description\" content=\"Sortida gastron\u00f2mica: descobreix i tasta els caragols. Granja de caragols Treu Banya de Muro. Bar Piroska\" \/>\n<meta name=\"robots\" content=\"index, follow, max-snippet:-1, max-image-preview:large, max-video-preview:-1\" \/>\n<link rel=\"canonical\" href=\"https:\/\/gastronomicament.cat\/ca\/caragols\" \/>\n<meta property=\"og:locale\" content=\"ca_ES\" \/>\n<meta property=\"og:type\" content=\"article\" \/>\n<meta property=\"og:title\" content=\"Sortida gastron\u00f2mica: descobreix i tasta els caragols\" \/>\n<meta property=\"og:description\" content=\"Sortida gastron\u00f2mica: descobreix i tasta els caragols. Granja de caragols Treu Banya de Muro. Bar Piroska\" \/>\n<meta property=\"og:url\" content=\"https:\/\/gastronomicament.cat\/ca\/caragols\" \/>\n<meta property=\"og:site_name\" content=\"Gastron\u00f2micament\" \/>\n<meta property=\"article:published_time\" content=\"2014-03-20T01:07:02+00:00\" \/>\n<meta property=\"article:modified_time\" content=\"2022-04-07T09:04:07+00:00\" \/>\n<meta property=\"og:image\" content=\"https:\/\/gastronomicament.cat\/wp-content\/uploads\/2014\/03\/sortida-caragols-120414.png\" \/>\n\t<meta property=\"og:image:width\" content=\"640\" \/>\n\t<meta property=\"og:image:height\" content=\"300\" \/>\n\t<meta property=\"og:image:type\" content=\"image\/png\" \/>\n<meta name=\"author\" content=\"Redacci\u00f3\" \/>\n<meta name=\"twitter:card\" content=\"summary_large_image\" \/>\n<meta name=\"twitter:creator\" content=\"@gastronomicamen\" \/>\n<meta name=\"twitter:site\" content=\"@gastronomicamen\" \/>\n<meta name=\"twitter:label1\" content=\"Written by\" \/>\n\t<meta name=\"twitter:data1\" content=\"Redacci\u00f3\" \/>\n\t<meta name=\"twitter:label2\" content=\"Est. reading time\" \/>\n\t<meta name=\"twitter:data2\" content=\"1 minute\" \/>\n<script type=\"application\/ld+json\" class=\"yoast-schema-graph\">{\"@context\":\"https:\\\/\\\/schema.org\",\"@graph\":[{\"@type\":\"Article\",\"@id\":\"https:\\\/\\\/gastronomicament.cat\\\/ca\\\/caragols#article\",\"isPartOf\":{\"@id\":\"https:\\\/\\\/gastronomicament.cat\\\/ca\\\/caragols\"},\"author\":{\"name\":\"Redacci\u00f3\",\"@id\":\"https:\\\/\\\/gastronomicament.cat\\\/ca\\\/#\\\/schema\\\/person\\\/a7c85c537a1ed62799a5b8e0f686a37f\"},\"headline\":\"Sortida gastron\u00f2mica: descobreix i tasta els caragols\",\"datePublished\":\"2014-03-20T01:07:02+00:00\",\"dateModified\":\"2022-04-07T09:04:07+00:00\",\"mainEntityOfPage\":{\"@id\":\"https:\\\/\\\/gastronomicament.cat\\\/ca\\\/caragols\"},\"wordCount\":256,\"commentCount\":0,\"publisher\":{\"@id\":\"https:\\\/\\\/gastronomicament.cat\\\/ca\\\/#organization\"},\"image\":{\"@id\":\"https:\\\/\\\/gastronomicament.cat\\\/ca\\\/caragols#primaryimage\"},\"thumbnailUrl\":\"https:\\\/\\\/gastronomicament.cat\\\/wp-content\\\/uploads\\\/2014\\\/03\\\/sortida-caragols-120414.png\",\"articleSection\":[\"Actualitat\",\"Cursos i tallers\"],\"inLanguage\":\"ca-ES\",\"potentialAction\":[{\"@type\":\"CommentAction\",\"name\":\"Comment\",\"target\":[\"https:\\\/\\\/gastronomicament.cat\\\/ca\\\/caragols#respond\"]}]},{\"@type\":\"WebPage\",\"@id\":\"https:\\\/\\\/gastronomicament.cat\\\/ca\\\/caragols\",\"url\":\"https:\\\/\\\/gastronomicament.cat\\\/ca\\\/caragols\",\"name\":\"Sortida gastron\u00f2mica: descobreix i tasta els caragols\",\"isPartOf\":{\"@id\":\"https:\\\/\\\/gastronomicament.cat\\\/ca\\\/#website\"},\"primaryImageOfPage\":{\"@id\":\"https:\\\/\\\/gastronomicament.cat\\\/ca\\\/caragols#primaryimage\"},\"image\":{\"@id\":\"https:\\\/\\\/gastronomicament.cat\\\/ca\\\/caragols#primaryimage\"},\"thumbnailUrl\":\"https:\\\/\\\/gastronomicament.cat\\\/wp-content\\\/uploads\\\/2014\\\/03\\\/sortida-caragols-120414.png\",\"datePublished\":\"2014-03-20T01:07:02+00:00\",\"dateModified\":\"2022-04-07T09:04:07+00:00\",\"description\":\"Sortida gastron\u00f2mica: descobreix i tasta els caragols. Granja de caragols Treu Banya de Muro. Bar Piroska\",\"inLanguage\":\"ca-ES\",\"potentialAction\":[{\"@type\":\"ReadAction\",\"target\":[\"https:\\\/\\\/gastronomicament.cat\\\/ca\\\/caragols\"]}]},{\"@type\":\"ImageObject\",\"inLanguage\":\"ca-ES\",\"@id\":\"https:\\\/\\\/gastronomicament.cat\\\/ca\\\/caragols#primaryimage\",\"url\":\"https:\\\/\\\/gastronomicament.cat\\\/wp-content\\\/uploads\\\/2014\\\/03\\\/sortida-caragols-120414.png\",\"contentUrl\":\"https:\\\/\\\/gastronomicament.cat\\\/wp-content\\\/uploads\\\/2014\\\/03\\\/sortida-caragols-120414.png\",\"width\":640,\"height\":300},{\"@type\":\"WebSite\",\"@id\":\"https:\\\/\\\/gastronomicament.cat\\\/ca\\\/#website\",\"url\":\"https:\\\/\\\/gastronomicament.cat\\\/ca\\\/\",\"name\":\"Gastron\u00f2micament\",\"description\":\"Portal de restaurants, receptes i actualitat gastron\u00f2mica\",\"publisher\":{\"@id\":\"https:\\\/\\\/gastronomicament.cat\\\/ca\\\/#organization\"},\"potentialAction\":[{\"@type\":\"SearchAction\",\"target\":{\"@type\":\"EntryPoint\",\"urlTemplate\":\"https:\\\/\\\/gastronomicament.cat\\\/ca\\\/?s={search_term_string}\"},\"query-input\":{\"@type\":\"PropertyValueSpecification\",\"valueRequired\":true,\"valueName\":\"search_term_string\"}}],\"inLanguage\":\"ca-ES\"},{\"@type\":\"Organization\",\"@id\":\"https:\\\/\\\/gastronomicament.cat\\\/ca\\\/#organization\",\"name\":\"Gastron\u00f2micament\",\"url\":\"https:\\\/\\\/gastronomicament.cat\\\/ca\\\/\",\"logo\":{\"@type\":\"ImageObject\",\"inLanguage\":\"ca-ES\",\"@id\":\"https:\\\/\\\/gastronomicament.cat\\\/ca\\\/#\\\/schema\\\/logo\\\/image\\\/\",\"url\":\"https:\\\/\\\/gastronomicament.cat\\\/wp-content\\\/uploads\\\/2016\\\/09\\\/header-logo.jpg\",\"contentUrl\":\"https:\\\/\\\/gastronomicament.cat\\\/wp-content\\\/uploads\\\/2016\\\/09\\\/header-logo.jpg\",\"width\":277,\"height\":39,\"caption\":\"Gastron\u00f2micament\"},\"image\":{\"@id\":\"https:\\\/\\\/gastronomicament.cat\\\/ca\\\/#\\\/schema\\\/logo\\\/image\\\/\"},\"sameAs\":[\"https:\\\/\\\/x.com\\\/gastronomicamen\"]},{\"@type\":\"Person\",\"@id\":\"https:\\\/\\\/gastronomicament.cat\\\/ca\\\/#\\\/schema\\\/person\\\/a7c85c537a1ed62799a5b8e0f686a37f\",\"name\":\"Redacci\u00f3\",\"image\":{\"@type\":\"ImageObject\",\"inLanguage\":\"ca-ES\",\"@id\":\"https:\\\/\\\/secure.gravatar.com\\\/avatar\\\/9489a485c464fd611d33825daae651d13db70c4e74c65c94937a15a9d4c3ee14?s=96&d=mm&r=g69fea3cce3645dfa2166e7293e22955e\",\"url\":\"https:\\\/\\\/secure.gravatar.com\\\/avatar\\\/9489a485c464fd611d33825daae651d13db70c4e74c65c94937a15a9d4c3ee14?s=96&d=mm&r=g\",\"contentUrl\":\"https:\\\/\\\/secure.gravatar.com\\\/avatar\\\/9489a485c464fd611d33825daae651d13db70c4e74c65c94937a15a9d4c3ee14?s=96&d=mm&r=g\",\"caption\":\"Redacci\u00f3\"},\"sameAs\":[\"http:\\\/\\\/gastronomicament.cat\"],\"url\":\"https:\\\/\\\/gastronomicament.cat\\\/ca\\\/author\\\/admin\"}]}<\/script>\n<!-- \/ Yoast SEO plugin. -->","yoast_head_json":{"title":"Sortida gastron\u00f2mica: descobreix i tasta els caragols","description":"Sortida gastron\u00f2mica: descobreix i tasta els caragols. Granja de caragols Treu Banya de Muro. Bar Piroska","robots":{"index":"index","follow":"follow","max-snippet":"max-snippet:-1","max-image-preview":"max-image-preview:large","max-video-preview":"max-video-preview:-1"},"canonical":"https:\/\/gastronomicament.cat\/ca\/caragols","og_locale":"ca_ES","og_type":"article","og_title":"Sortida gastron\u00f2mica: descobreix i tasta els caragols","og_description":"Sortida gastron\u00f2mica: descobreix i tasta els caragols. Granja de caragols Treu Banya de Muro. Bar Piroska","og_url":"https:\/\/gastronomicament.cat\/ca\/caragols","og_site_name":"Gastron\u00f2micament","article_published_time":"2014-03-20T01:07:02+00:00","article_modified_time":"2022-04-07T09:04:07+00:00","og_image":[{"width":640,"height":300,"url":"https:\/\/gastronomicament.cat\/wp-content\/uploads\/2014\/03\/sortida-caragols-120414.png","type":"image\/png"}],"author":"Redacci\u00f3","twitter_card":"summary_large_image","twitter_creator":"@gastronomicamen","twitter_site":"@gastronomicamen","twitter_misc":{"Written by":"Redacci\u00f3","Est. reading time":"1 minute"},"schema":{"@context":"https:\/\/schema.org","@graph":[{"@type":"Article","@id":"https:\/\/gastronomicament.cat\/ca\/caragols#article","isPartOf":{"@id":"https:\/\/gastronomicament.cat\/ca\/caragols"},"author":{"name":"Redacci\u00f3","@id":"https:\/\/gastronomicament.cat\/ca\/#\/schema\/person\/a7c85c537a1ed62799a5b8e0f686a37f"},"headline":"Sortida gastron\u00f2mica: descobreix i tasta els caragols","datePublished":"2014-03-20T01:07:02+00:00","dateModified":"2022-04-07T09:04:07+00:00","mainEntityOfPage":{"@id":"https:\/\/gastronomicament.cat\/ca\/caragols"},"wordCount":256,"commentCount":0,"publisher":{"@id":"https:\/\/gastronomicament.cat\/ca\/#organization"},"image":{"@id":"https:\/\/gastronomicament.cat\/ca\/caragols#primaryimage"},"thumbnailUrl":"https:\/\/gastronomicament.cat\/wp-content\/uploads\/2014\/03\/sortida-caragols-120414.png","articleSection":["Actualitat","Cursos i tallers"],"inLanguage":"ca-ES","potentialAction":[{"@type":"CommentAction","name":"Comment","target":["https:\/\/gastronomicament.cat\/ca\/caragols#respond"]}]},{"@type":"WebPage","@id":"https:\/\/gastronomicament.cat\/ca\/caragols","url":"https:\/\/gastronomicament.cat\/ca\/caragols","name":"Sortida gastron\u00f2mica: descobreix i tasta els caragols","isPartOf":{"@id":"https:\/\/gastronomicament.cat\/ca\/#website"},"primaryImageOfPage":{"@id":"https:\/\/gastronomicament.cat\/ca\/caragols#primaryimage"},"image":{"@id":"https:\/\/gastronomicament.cat\/ca\/caragols#primaryimage"},"thumbnailUrl":"https:\/\/gastronomicament.cat\/wp-content\/uploads\/2014\/03\/sortida-caragols-120414.png","datePublished":"2014-03-20T01:07:02+00:00","dateModified":"2022-04-07T09:04:07+00:00","description":"Sortida gastron\u00f2mica: descobreix i tasta els caragols. Granja de caragols Treu Banya de Muro. Bar Piroska","inLanguage":"ca-ES","potentialAction":[{"@type":"ReadAction","target":["https:\/\/gastronomicament.cat\/ca\/caragols"]}]},{"@type":"ImageObject","inLanguage":"ca-ES","@id":"https:\/\/gastronomicament.cat\/ca\/caragols#primaryimage","url":"https:\/\/gastronomicament.cat\/wp-content\/uploads\/2014\/03\/sortida-caragols-120414.png","contentUrl":"https:\/\/gastronomicament.cat\/wp-content\/uploads\/2014\/03\/sortida-caragols-120414.png","width":640,"height":300},{"@type":"WebSite","@id":"https:\/\/gastronomicament.cat\/ca\/#website","url":"https:\/\/gastronomicament.cat\/ca\/","name":"Gastron\u00f2micament","description":"Portal de restaurants, receptes i actualitat gastron\u00f2mica","publisher":{"@id":"https:\/\/gastronomicament.cat\/ca\/#organization"},"potentialAction":[{"@type":"SearchAction","target":{"@type":"EntryPoint","urlTemplate":"https:\/\/gastronomicament.cat\/ca\/?s={search_term_string}"},"query-input":{"@type":"PropertyValueSpecification","valueRequired":true,"valueName":"search_term_string"}}],"inLanguage":"ca-ES"},{"@type":"Organization","@id":"https:\/\/gastronomicament.cat\/ca\/#organization","name":"Gastron\u00f2micament","url":"https:\/\/gastronomicament.cat\/ca\/","logo":{"@type":"ImageObject","inLanguage":"ca-ES","@id":"https:\/\/gastronomicament.cat\/ca\/#\/schema\/logo\/image\/","url":"https:\/\/gastronomicament.cat\/wp-content\/uploads\/2016\/09\/header-logo.jpg","contentUrl":"https:\/\/gastronomicament.cat\/wp-content\/uploads\/2016\/09\/header-logo.jpg","width":277,"height":39,"caption":"Gastron\u00f2micament"},"image":{"@id":"https:\/\/gastronomicament.cat\/ca\/#\/schema\/logo\/image\/"},"sameAs":["https:\/\/x.com\/gastronomicamen"]},{"@type":"Person","@id":"https:\/\/gastronomicament.cat\/ca\/#\/schema\/person\/a7c85c537a1ed62799a5b8e0f686a37f","name":"Redacci\u00f3","image":{"@type":"ImageObject","inLanguage":"ca-ES","@id":"https:\/\/secure.gravatar.com\/avatar\/9489a485c464fd611d33825daae651d13db70c4e74c65c94937a15a9d4c3ee14?s=96&d=mm&r=g69fea3cce3645dfa2166e7293e22955e","url":"https:\/\/secure.gravatar.com\/avatar\/9489a485c464fd611d33825daae651d13db70c4e74c65c94937a15a9d4c3ee14?s=96&d=mm&r=g","contentUrl":"https:\/\/secure.gravatar.com\/avatar\/9489a485c464fd611d33825daae651d13db70c4e74c65c94937a15a9d4c3ee14?s=96&d=mm&r=g","caption":"Redacci\u00f3"},"sameAs":["http:\/\/gastronomicament.cat"],"url":"https:\/\/gastronomicament.cat\/ca\/author\/admin"}]}},"_links":{"self":[{"href":"https:\/\/gastronomicament.cat\/ca\/wp-json\/wp\/v2\/posts\/13465","targetHints":{"allow":["GET"]}}],"collection":[{"href":"https:\/\/gastronomicament.cat\/ca\/wp-json\/wp\/v2\/posts"}],"about":[{"href":"https:\/\/gastronomicament.cat\/ca\/wp-json\/wp\/v2\/types\/post"}],"author":[{"embeddable":true,"href":"https:\/\/gastronomicament.cat\/ca\/wp-json\/wp\/v2\/users\/1"}],"replies":[{"embeddable":true,"href":"https:\/\/gastronomicament.cat\/ca\/wp-json\/wp\/v2\/comments?post=13465"}],"version-history":[{"count":0,"href":"https:\/\/gastronomicament.cat\/ca\/wp-json\/wp\/v2\/posts\/13465\/revisions"}],"wp:featuredmedia":[{"embeddable":true,"href":"https:\/\/gastronomicament.cat\/ca\/wp-json\/wp\/v2\/media\/13490"}],"wp:attachment":[{"href":"https:\/\/gastronomicament.cat\/ca\/wp-json\/wp\/v2\/media?parent=13465"}],"wp:term":[{"taxonomy":"category","embeddable":true,"href":"https:\/\/gastronomicament.cat\/ca\/wp-json\/wp\/v2\/categories?post=13465"},{"taxonomy":"post_tag","embeddable":true,"href":"https:\/\/gastronomicament.cat\/ca\/wp-json\/wp\/v2\/tags?post=13465"},{"taxonomy":"author","embeddable":true,"href":"https:\/\/gastronomicament.cat\/ca\/wp-json\/wp\/v2\/coauthors?post=13465"}],"curies":[{"name":"wp","href":"https:\/\/api.w.org\/{rel}","templated":true}]}}