{"id":13831,"date":"2014-05-07T01:16:37","date_gmt":"2014-05-06T23:16:37","guid":{"rendered":"http:\/\/gastronomicament.cat\/?p=13831"},"modified":"2022-04-07T11:04:15","modified_gmt":"2022-04-07T09:04:15","slug":"cuina-facil-dels-grans-xefs","status":"publish","type":"post","link":"https:\/\/gastronomicament.cat\/ca\/cuina-facil-dels-grans-xefs","title":{"rendered":"Cuina f\u00e0cil dels grans xefs"},"content":{"rendered":"<p>Ja \u00e9s a la venda el llibre <em><a title=\"Cuina f\u00e0cil dels grans xefs\" href=\"http:\/\/www.magrana.cat\/cuina-facil-dels-grans-xefs_libro-OMAC378-ct.html\" target=\"_blank\" rel=\"noopener\">Cuina f\u00e0cil dels grans xefs<\/a><\/em>, una obra que\u00a0commemora el 20\u00e8 aniversari de la Fundaci\u00f3 Cassi\u00e0 Just que treballa per la inserci\u00f3 de persones amb fragilitats mentals a l&#8217;entorn laboral, des de la seva empresa social Cuina Justa.<\/p>\n<p>L\u2019edici\u00f3 d\u2019aquest llibre consta de 60 receptes delicioses, amb una presentaci\u00f3 \u00a0espectacular i senzilles de fer gr\u00e0cies a la implicaci\u00f3 de 20 prestigiosos cuiners i pastissers.<\/p>\n<p>Amb la compra d\u2019aquest llibre, facilites la inserci\u00f3 laboral, formaci\u00f3 i la relaci\u00f3 amb els altres de treballadors amb fragilitat mental o social i dones suport a persones sense recursos a trav\u00e9s del menjar.<\/p>\n<p>Els cuiners i cuineres que hi participen s\u00f3n: Carlos Abell\u00e1n, Albert Adri\u00e0, Oriol Balaguer, Toni Botella, Christian Escrib\u00e0, Jean Luc Figueres, Xavi Franco, Ram\u00f3n Freixa, Carles Gaig, Mey Hoffman, Nandu Jubany, Paco P\u00e9rez, Ferm\u00ed Puig, Fina Puigdevall, Albert Raurich, Joan Roca, Oriol Rovira, Carme Ruscalleda, Hermanos Torres, Jordi Vila.<\/p>\n<p>Editorial: <strong>RBA La Magrana<\/strong>\u00a0\/ P\u00e0gines: <strong>192<\/strong>\u00a0\/ Preu: <strong>17 euros<\/strong><\/p>\n<p>&nbsp;<\/p>\n<p>&nbsp;<!--more--><\/p>\n","protected":false},"excerpt":{"rendered":"<p>Ja \u00e9s a la venda el llibre Cuina f\u00e0cil dels grans xefs, una obra que commemora&hellip;<\/p>\n","protected":false},"author":1,"featured_media":13832,"comment_status":"open","ping_status":"closed","sticky":false,"template":"","format":"standard","meta":{"_acf_changed":false,"_swt_meta_header_display":false,"_swt_meta_footer_display":false,"_swt_meta_site_title_display":false,"_swt_meta_sticky_header":false,"_swt_meta_transparent_header":false,"footnotes":""},"categories":[692],"tags":[],"coauthors":[],"class_list":["post-13831","post","type-post","status-publish","format-standard","has-post-thumbnail","hentry","category-actualitat"],"acf":{"gallery":null,"home_date":{"home_begin_date":null,"home_end_date":null}},"yoast_head":"<!-- This site is optimized with the Yoast SEO plugin v27.4 - https:\/\/yoast.com\/product\/yoast-seo-wordpress\/ -->\n<title>Cuina f\u00e0cil dels grans xefs<\/title>\n<meta name=\"description\" content=\"Llibre Cuina f\u00e0cil dels grans xefs - Libro Cocina f\u00e1cil de los grandes chefs\" \/>\n<meta name=\"robots\" content=\"index, follow, max-snippet:-1, max-image-preview:large, max-video-preview:-1\" \/>\n<link rel=\"canonical\" href=\"https:\/\/gastronomicament.cat\/ca\/cuina-facil-dels-grans-xefs\" \/>\n<meta property=\"og:locale\" content=\"ca_ES\" \/>\n<meta property=\"og:type\" content=\"article\" \/>\n<meta property=\"og:title\" content=\"Cuina f\u00e0cil dels grans xefs\" \/>\n<meta property=\"og:description\" content=\"Llibre Cuina f\u00e0cil dels grans xefs - Libro Cocina f\u00e1cil de los grandes chefs\" \/>\n<meta property=\"og:url\" content=\"https:\/\/gastronomicament.cat\/ca\/cuina-facil-dels-grans-xefs\" \/>\n<meta property=\"og:site_name\" content=\"Gastron\u00f2micament\" \/>\n<meta property=\"article:published_time\" content=\"2014-05-06T23:16:37+00:00\" \/>\n<meta property=\"article:modified_time\" content=\"2022-04-07T09:04:15+00:00\" \/>\n<meta property=\"og:image\" content=\"https:\/\/gastronomicament.cat\/wp-content\/uploads\/2014\/05\/cuina-facil-dels-grans-xefs.png\" \/>\n\t<meta property=\"og:image:width\" content=\"640\" \/>\n\t<meta property=\"og:image:height\" content=\"300\" \/>\n\t<meta property=\"og:image:type\" content=\"image\/png\" \/>\n<meta name=\"author\" content=\"Redacci\u00f3\" \/>\n<meta name=\"twitter:card\" content=\"summary_large_image\" \/>\n<meta name=\"twitter:creator\" content=\"@gastronomicamen\" \/>\n<meta name=\"twitter:site\" content=\"@gastronomicamen\" \/>\n<meta name=\"twitter:label1\" content=\"Written by\" \/>\n\t<meta name=\"twitter:data1\" content=\"Redacci\u00f3\" \/>\n\t<meta name=\"twitter:label2\" content=\"Est. reading time\" \/>\n\t<meta name=\"twitter:data2\" content=\"1 minute\" \/>\n<script type=\"application\/ld+json\" class=\"yoast-schema-graph\">{\"@context\":\"https:\\\/\\\/schema.org\",\"@graph\":[{\"@type\":\"Article\",\"@id\":\"https:\\\/\\\/gastronomicament.cat\\\/ca\\\/cuina-facil-dels-grans-xefs#article\",\"isPartOf\":{\"@id\":\"https:\\\/\\\/gastronomicament.cat\\\/ca\\\/cuina-facil-dels-grans-xefs\"},\"author\":{\"name\":\"Redacci\u00f3\",\"@id\":\"https:\\\/\\\/gastronomicament.cat\\\/ca\\\/#\\\/schema\\\/person\\\/a7c85c537a1ed62799a5b8e0f686a37f\"},\"headline\":\"Cuina f\u00e0cil dels grans xefs\",\"datePublished\":\"2014-05-06T23:16:37+00:00\",\"dateModified\":\"2022-04-07T09:04:15+00:00\",\"mainEntityOfPage\":{\"@id\":\"https:\\\/\\\/gastronomicament.cat\\\/ca\\\/cuina-facil-dels-grans-xefs\"},\"wordCount\":177,\"commentCount\":0,\"publisher\":{\"@id\":\"https:\\\/\\\/gastronomicament.cat\\\/ca\\\/#organization\"},\"image\":{\"@id\":\"https:\\\/\\\/gastronomicament.cat\\\/ca\\\/cuina-facil-dels-grans-xefs#primaryimage\"},\"thumbnailUrl\":\"https:\\\/\\\/gastronomicament.cat\\\/wp-content\\\/uploads\\\/2014\\\/05\\\/cuina-facil-dels-grans-xefs.png\",\"articleSection\":[\"Actualitat\"],\"inLanguage\":\"ca-ES\",\"potentialAction\":[{\"@type\":\"CommentAction\",\"name\":\"Comment\",\"target\":[\"https:\\\/\\\/gastronomicament.cat\\\/ca\\\/cuina-facil-dels-grans-xefs#respond\"]}]},{\"@type\":\"WebPage\",\"@id\":\"https:\\\/\\\/gastronomicament.cat\\\/ca\\\/cuina-facil-dels-grans-xefs\",\"url\":\"https:\\\/\\\/gastronomicament.cat\\\/ca\\\/cuina-facil-dels-grans-xefs\",\"name\":\"Cuina f\u00e0cil dels grans xefs\",\"isPartOf\":{\"@id\":\"https:\\\/\\\/gastronomicament.cat\\\/ca\\\/#website\"},\"primaryImageOfPage\":{\"@id\":\"https:\\\/\\\/gastronomicament.cat\\\/ca\\\/cuina-facil-dels-grans-xefs#primaryimage\"},\"image\":{\"@id\":\"https:\\\/\\\/gastronomicament.cat\\\/ca\\\/cuina-facil-dels-grans-xefs#primaryimage\"},\"thumbnailUrl\":\"https:\\\/\\\/gastronomicament.cat\\\/wp-content\\\/uploads\\\/2014\\\/05\\\/cuina-facil-dels-grans-xefs.png\",\"datePublished\":\"2014-05-06T23:16:37+00:00\",\"dateModified\":\"2022-04-07T09:04:15+00:00\",\"description\":\"Llibre Cuina f\u00e0cil dels grans xefs - Libro Cocina f\u00e1cil de los grandes chefs\",\"inLanguage\":\"ca-ES\",\"potentialAction\":[{\"@type\":\"ReadAction\",\"target\":[\"https:\\\/\\\/gastronomicament.cat\\\/ca\\\/cuina-facil-dels-grans-xefs\"]}]},{\"@type\":\"ImageObject\",\"inLanguage\":\"ca-ES\",\"@id\":\"https:\\\/\\\/gastronomicament.cat\\\/ca\\\/cuina-facil-dels-grans-xefs#primaryimage\",\"url\":\"https:\\\/\\\/gastronomicament.cat\\\/wp-content\\\/uploads\\\/2014\\\/05\\\/cuina-facil-dels-grans-xefs.png\",\"contentUrl\":\"https:\\\/\\\/gastronomicament.cat\\\/wp-content\\\/uploads\\\/2014\\\/05\\\/cuina-facil-dels-grans-xefs.png\",\"width\":640,\"height\":300},{\"@type\":\"WebSite\",\"@id\":\"https:\\\/\\\/gastronomicament.cat\\\/ca\\\/#website\",\"url\":\"https:\\\/\\\/gastronomicament.cat\\\/ca\\\/\",\"name\":\"Gastron\u00f2micament\",\"description\":\"Portal de restaurants, receptes i actualitat gastron\u00f2mica\",\"publisher\":{\"@id\":\"https:\\\/\\\/gastronomicament.cat\\\/ca\\\/#organization\"},\"potentialAction\":[{\"@type\":\"SearchAction\",\"target\":{\"@type\":\"EntryPoint\",\"urlTemplate\":\"https:\\\/\\\/gastronomicament.cat\\\/ca\\\/?s={search_term_string}\"},\"query-input\":{\"@type\":\"PropertyValueSpecification\",\"valueRequired\":true,\"valueName\":\"search_term_string\"}}],\"inLanguage\":\"ca-ES\"},{\"@type\":\"Organization\",\"@id\":\"https:\\\/\\\/gastronomicament.cat\\\/ca\\\/#organization\",\"name\":\"Gastron\u00f2micament\",\"url\":\"https:\\\/\\\/gastronomicament.cat\\\/ca\\\/\",\"logo\":{\"@type\":\"ImageObject\",\"inLanguage\":\"ca-ES\",\"@id\":\"https:\\\/\\\/gastronomicament.cat\\\/ca\\\/#\\\/schema\\\/logo\\\/image\\\/\",\"url\":\"https:\\\/\\\/gastronomicament.cat\\\/wp-content\\\/uploads\\\/2016\\\/09\\\/header-logo.jpg\",\"contentUrl\":\"https:\\\/\\\/gastronomicament.cat\\\/wp-content\\\/uploads\\\/2016\\\/09\\\/header-logo.jpg\",\"width\":277,\"height\":39,\"caption\":\"Gastron\u00f2micament\"},\"image\":{\"@id\":\"https:\\\/\\\/gastronomicament.cat\\\/ca\\\/#\\\/schema\\\/logo\\\/image\\\/\"},\"sameAs\":[\"https:\\\/\\\/x.com\\\/gastronomicamen\"]},{\"@type\":\"Person\",\"@id\":\"https:\\\/\\\/gastronomicament.cat\\\/ca\\\/#\\\/schema\\\/person\\\/a7c85c537a1ed62799a5b8e0f686a37f\",\"name\":\"Redacci\u00f3\",\"image\":{\"@type\":\"ImageObject\",\"inLanguage\":\"ca-ES\",\"@id\":\"https:\\\/\\\/secure.gravatar.com\\\/avatar\\\/9489a485c464fd611d33825daae651d13db70c4e74c65c94937a15a9d4c3ee14?s=96&d=mm&r=g69fea3cce3645dfa2166e7293e22955e\",\"url\":\"https:\\\/\\\/secure.gravatar.com\\\/avatar\\\/9489a485c464fd611d33825daae651d13db70c4e74c65c94937a15a9d4c3ee14?s=96&d=mm&r=g\",\"contentUrl\":\"https:\\\/\\\/secure.gravatar.com\\\/avatar\\\/9489a485c464fd611d33825daae651d13db70c4e74c65c94937a15a9d4c3ee14?s=96&d=mm&r=g\",\"caption\":\"Redacci\u00f3\"},\"sameAs\":[\"http:\\\/\\\/gastronomicament.cat\"],\"url\":\"https:\\\/\\\/gastronomicament.cat\\\/ca\\\/author\\\/admin\"}]}<\/script>\n<!-- \/ Yoast SEO plugin. -->","yoast_head_json":{"title":"Cuina f\u00e0cil dels grans xefs","description":"Llibre Cuina f\u00e0cil dels grans xefs - Libro Cocina f\u00e1cil de los grandes chefs","robots":{"index":"index","follow":"follow","max-snippet":"max-snippet:-1","max-image-preview":"max-image-preview:large","max-video-preview":"max-video-preview:-1"},"canonical":"https:\/\/gastronomicament.cat\/ca\/cuina-facil-dels-grans-xefs","og_locale":"ca_ES","og_type":"article","og_title":"Cuina f\u00e0cil dels grans xefs","og_description":"Llibre Cuina f\u00e0cil dels grans xefs - Libro Cocina f\u00e1cil de los grandes chefs","og_url":"https:\/\/gastronomicament.cat\/ca\/cuina-facil-dels-grans-xefs","og_site_name":"Gastron\u00f2micament","article_published_time":"2014-05-06T23:16:37+00:00","article_modified_time":"2022-04-07T09:04:15+00:00","og_image":[{"width":640,"height":300,"url":"https:\/\/gastronomicament.cat\/wp-content\/uploads\/2014\/05\/cuina-facil-dels-grans-xefs.png","type":"image\/png"}],"author":"Redacci\u00f3","twitter_card":"summary_large_image","twitter_creator":"@gastronomicamen","twitter_site":"@gastronomicamen","twitter_misc":{"Written by":"Redacci\u00f3","Est. reading time":"1 minute"},"schema":{"@context":"https:\/\/schema.org","@graph":[{"@type":"Article","@id":"https:\/\/gastronomicament.cat\/ca\/cuina-facil-dels-grans-xefs#article","isPartOf":{"@id":"https:\/\/gastronomicament.cat\/ca\/cuina-facil-dels-grans-xefs"},"author":{"name":"Redacci\u00f3","@id":"https:\/\/gastronomicament.cat\/ca\/#\/schema\/person\/a7c85c537a1ed62799a5b8e0f686a37f"},"headline":"Cuina f\u00e0cil dels grans xefs","datePublished":"2014-05-06T23:16:37+00:00","dateModified":"2022-04-07T09:04:15+00:00","mainEntityOfPage":{"@id":"https:\/\/gastronomicament.cat\/ca\/cuina-facil-dels-grans-xefs"},"wordCount":177,"commentCount":0,"publisher":{"@id":"https:\/\/gastronomicament.cat\/ca\/#organization"},"image":{"@id":"https:\/\/gastronomicament.cat\/ca\/cuina-facil-dels-grans-xefs#primaryimage"},"thumbnailUrl":"https:\/\/gastronomicament.cat\/wp-content\/uploads\/2014\/05\/cuina-facil-dels-grans-xefs.png","articleSection":["Actualitat"],"inLanguage":"ca-ES","potentialAction":[{"@type":"CommentAction","name":"Comment","target":["https:\/\/gastronomicament.cat\/ca\/cuina-facil-dels-grans-xefs#respond"]}]},{"@type":"WebPage","@id":"https:\/\/gastronomicament.cat\/ca\/cuina-facil-dels-grans-xefs","url":"https:\/\/gastronomicament.cat\/ca\/cuina-facil-dels-grans-xefs","name":"Cuina f\u00e0cil dels grans xefs","isPartOf":{"@id":"https:\/\/gastronomicament.cat\/ca\/#website"},"primaryImageOfPage":{"@id":"https:\/\/gastronomicament.cat\/ca\/cuina-facil-dels-grans-xefs#primaryimage"},"image":{"@id":"https:\/\/gastronomicament.cat\/ca\/cuina-facil-dels-grans-xefs#primaryimage"},"thumbnailUrl":"https:\/\/gastronomicament.cat\/wp-content\/uploads\/2014\/05\/cuina-facil-dels-grans-xefs.png","datePublished":"2014-05-06T23:16:37+00:00","dateModified":"2022-04-07T09:04:15+00:00","description":"Llibre Cuina f\u00e0cil dels grans xefs - Libro Cocina f\u00e1cil de los grandes chefs","inLanguage":"ca-ES","potentialAction":[{"@type":"ReadAction","target":["https:\/\/gastronomicament.cat\/ca\/cuina-facil-dels-grans-xefs"]}]},{"@type":"ImageObject","inLanguage":"ca-ES","@id":"https:\/\/gastronomicament.cat\/ca\/cuina-facil-dels-grans-xefs#primaryimage","url":"https:\/\/gastronomicament.cat\/wp-content\/uploads\/2014\/05\/cuina-facil-dels-grans-xefs.png","contentUrl":"https:\/\/gastronomicament.cat\/wp-content\/uploads\/2014\/05\/cuina-facil-dels-grans-xefs.png","width":640,"height":300},{"@type":"WebSite","@id":"https:\/\/gastronomicament.cat\/ca\/#website","url":"https:\/\/gastronomicament.cat\/ca\/","name":"Gastron\u00f2micament","description":"Portal de restaurants, receptes i actualitat gastron\u00f2mica","publisher":{"@id":"https:\/\/gastronomicament.cat\/ca\/#organization"},"potentialAction":[{"@type":"SearchAction","target":{"@type":"EntryPoint","urlTemplate":"https:\/\/gastronomicament.cat\/ca\/?s={search_term_string}"},"query-input":{"@type":"PropertyValueSpecification","valueRequired":true,"valueName":"search_term_string"}}],"inLanguage":"ca-ES"},{"@type":"Organization","@id":"https:\/\/gastronomicament.cat\/ca\/#organization","name":"Gastron\u00f2micament","url":"https:\/\/gastronomicament.cat\/ca\/","logo":{"@type":"ImageObject","inLanguage":"ca-ES","@id":"https:\/\/gastronomicament.cat\/ca\/#\/schema\/logo\/image\/","url":"https:\/\/gastronomicament.cat\/wp-content\/uploads\/2016\/09\/header-logo.jpg","contentUrl":"https:\/\/gastronomicament.cat\/wp-content\/uploads\/2016\/09\/header-logo.jpg","width":277,"height":39,"caption":"Gastron\u00f2micament"},"image":{"@id":"https:\/\/gastronomicament.cat\/ca\/#\/schema\/logo\/image\/"},"sameAs":["https:\/\/x.com\/gastronomicamen"]},{"@type":"Person","@id":"https:\/\/gastronomicament.cat\/ca\/#\/schema\/person\/a7c85c537a1ed62799a5b8e0f686a37f","name":"Redacci\u00f3","image":{"@type":"ImageObject","inLanguage":"ca-ES","@id":"https:\/\/secure.gravatar.com\/avatar\/9489a485c464fd611d33825daae651d13db70c4e74c65c94937a15a9d4c3ee14?s=96&d=mm&r=g69fea3cce3645dfa2166e7293e22955e","url":"https:\/\/secure.gravatar.com\/avatar\/9489a485c464fd611d33825daae651d13db70c4e74c65c94937a15a9d4c3ee14?s=96&d=mm&r=g","contentUrl":"https:\/\/secure.gravatar.com\/avatar\/9489a485c464fd611d33825daae651d13db70c4e74c65c94937a15a9d4c3ee14?s=96&d=mm&r=g","caption":"Redacci\u00f3"},"sameAs":["http:\/\/gastronomicament.cat"],"url":"https:\/\/gastronomicament.cat\/ca\/author\/admin"}]}},"_links":{"self":[{"href":"https:\/\/gastronomicament.cat\/ca\/wp-json\/wp\/v2\/posts\/13831","targetHints":{"allow":["GET"]}}],"collection":[{"href":"https:\/\/gastronomicament.cat\/ca\/wp-json\/wp\/v2\/posts"}],"about":[{"href":"https:\/\/gastronomicament.cat\/ca\/wp-json\/wp\/v2\/types\/post"}],"author":[{"embeddable":true,"href":"https:\/\/gastronomicament.cat\/ca\/wp-json\/wp\/v2\/users\/1"}],"replies":[{"embeddable":true,"href":"https:\/\/gastronomicament.cat\/ca\/wp-json\/wp\/v2\/comments?post=13831"}],"version-history":[{"count":0,"href":"https:\/\/gastronomicament.cat\/ca\/wp-json\/wp\/v2\/posts\/13831\/revisions"}],"wp:featuredmedia":[{"embeddable":true,"href":"https:\/\/gastronomicament.cat\/ca\/wp-json\/wp\/v2\/media\/13832"}],"wp:attachment":[{"href":"https:\/\/gastronomicament.cat\/ca\/wp-json\/wp\/v2\/media?parent=13831"}],"wp:term":[{"taxonomy":"category","embeddable":true,"href":"https:\/\/gastronomicament.cat\/ca\/wp-json\/wp\/v2\/categories?post=13831"},{"taxonomy":"post_tag","embeddable":true,"href":"https:\/\/gastronomicament.cat\/ca\/wp-json\/wp\/v2\/tags?post=13831"},{"taxonomy":"author","embeddable":true,"href":"https:\/\/gastronomicament.cat\/ca\/wp-json\/wp\/v2\/coauthors?post=13831"}],"curies":[{"name":"wp","href":"https:\/\/api.w.org\/{rel}","templated":true}]}}