{"id":13888,"date":"2014-05-19T15:15:01","date_gmt":"2014-05-19T13:15:01","guid":{"rendered":"http:\/\/gastronomicament.cat\/?p=13888"},"modified":"2022-04-07T11:04:15","modified_gmt":"2022-04-07T09:04:15","slug":"margalida-coll-el-secret-es-fer-ho-tot-com-si-fos-per-a-un-mateix","status":"publish","type":"post","link":"https:\/\/gastronomicament.cat\/ca\/margalida-coll-el-secret-es-fer-ho-tot-com-si-fos-per-a-un-mateix","title":{"rendered":"Margalida Coll: &#8220;El secret \u00e9s fer-ho tot com si fos per a un mateix&#8221;"},"content":{"rendered":"<p>Margalida Coll Martorell (Selva, 1976). Durant 10 anys (2001-2011) ha estat vinculada a Amadip-Esment, entitat dedicada a millorar la vida i la igualtat d&#8217;oportunitats  les persones amb discapacitat intel\u00b7lectual, on ha impartit cursos de cuina i n&#8217;ha estat la directora de l&#8217;\u00e0rea de restauraci\u00f3. L&#8217;any 2012 decid\u00ed obrir el seu propi espai, el <a href=\"http:\/\/gastronomicament.cat\/restaurant-miceli\" title=\"Restaurant Miceli Selva\">restaurant Miceli<\/a> on no atura de sorprendre els amants de la bona gastronomia. Coll \u00e9s la protagonista dell cicle de la Bona Vida en el qual ensenyar\u00e0 t\u00e8cniques i secrets culinaris els dies 10 i 11 de juny, a l&#8217;Escola d&#8217;Hoteleria de les Illes Balears.<\/p>\n<p><strong>All\u00f2 que costa m\u00e9s aprendre en el m\u00f3n de la cuina \u00e9s&#8230;<\/strong><br \/>\nTot el que sigui pastisseria, perque tot ha de ser exacte, no hi ha lloc per la improvisaci\u00f3<\/p>\n<p><strong>Qu\u00e8 ensenyar\u00e0s aquests dos dies de Bona Vida?<\/strong><br \/>\nUna mostra de la cuina que feim a Miceli, cuina pura de mercat&#8230; per aix\u00f2, fins al mateix dia no sabrem qu\u00e8 prepararem. Podem avan\u00e7ar que farem dos primers, dos plat principals (un de carn i un de peix) i dues postres. <\/p>\n<p><strong>A qui recomanaries apuntar-se a aquest curs de cuina? <\/strong><br \/>\nA tothom que vulgui passar una horabaixa coneixent la cuina i tastant bons vins<\/p>\n<p><strong>En cas que nom\u00e9s interessi una part del programa, es pot assistir nom\u00e9s a una sessi\u00f3 del curs?<\/strong><br \/>\nI tant! Trobareu <a href=\"http:\/\/gastronomicament.cat\/la-bona-vida-aprendre-cuina-duna-manera-saludable\" title=\"La Bona Vida 2014\">m\u00e9s informaci\u00f3 si clicau aqu\u00ed<\/a>. <\/p>\n<p><strong>D&#8217;en\u00e7\u00e0 que obrires el restaurant Miceli, no atures de rebre bones cr\u00edtiques, tant dels professionals, de qui reberes els Premi Revelaci\u00f3 2012, com dels clients que et visiten. Quin \u00e9s el secret?<\/strong><br \/>\nFer-ho tot pensant que ho fas per tu. Tot \u00e9s tot: cuinar, l&#8217;espai, el servei, comprar la materia prima.<!--more--><\/p>\n","protected":false},"excerpt":{"rendered":"<p>Margalida Coll Martorell (Selva, 1976). Durant 10 anys (2001-2011) ha estat vinculada a Amadip-Esment, entitat dedicada a millorar la vida i la igualtat d&#8217;oportunitats les persones amb discapacitat intel\u00b7lectual, on ha impartit cursos de cuina i n&#8217;ha estat la directora de l&#8217;\u00e0rea de restauraci\u00f3. L&#8217;any 2012 decid\u00ed obrir el seu propi espai, el restaurant Miceli [&hellip;]<\/p>\n","protected":false},"author":1,"featured_media":13889,"comment_status":"open","ping_status":"closed","sticky":false,"template":"","format":"standard","meta":{"_acf_changed":false,"_swt_meta_header_display":false,"_swt_meta_footer_display":false,"_swt_meta_site_title_display":false,"_swt_meta_sticky_header":false,"_swt_meta_transparent_header":false,"footnotes":""},"categories":[692],"tags":[],"coauthors":[],"class_list":["post-13888","post","type-post","status-publish","format-standard","has-post-thumbnail","hentry","category-actualitat"],"acf":{"gallery":null,"home_date":{"home_begin_date":null,"home_end_date":null}},"yoast_head":"<!-- This site is optimized with the Yoast SEO plugin v27.4 - https:\/\/yoast.com\/product\/yoast-seo-wordpress\/ -->\n<title>Margalida Coll: &quot;El secret \u00e9s fer-ho tot com si fos per a un mateix&quot;<\/title>\n<meta name=\"description\" content=\"Margalida Coll: &quot;El secret \u00e9s fer-ho tot com si fos per a un mateix&quot;. Cuinera del restaurant Miceli de Selva\" \/>\n<meta name=\"robots\" content=\"index, follow, max-snippet:-1, max-image-preview:large, max-video-preview:-1\" \/>\n<link rel=\"canonical\" href=\"https:\/\/gastronomicament.cat\/ca\/margalida-coll-el-secret-es-fer-ho-tot-com-si-fos-per-a-un-mateix\" \/>\n<meta property=\"og:locale\" content=\"ca_ES\" \/>\n<meta property=\"og:type\" content=\"article\" \/>\n<meta property=\"og:title\" content=\"Margalida Coll: &quot;El secret \u00e9s fer-ho tot com si fos per a un mateix&quot;\" \/>\n<meta property=\"og:description\" content=\"Margalida Coll: &quot;El secret \u00e9s fer-ho tot com si fos per a un mateix&quot;. Cuinera del restaurant Miceli de Selva\" \/>\n<meta property=\"og:url\" content=\"https:\/\/gastronomicament.cat\/ca\/margalida-coll-el-secret-es-fer-ho-tot-com-si-fos-per-a-un-mateix\" \/>\n<meta property=\"og:site_name\" content=\"Gastron\u00f2micament\" \/>\n<meta property=\"article:published_time\" content=\"2014-05-19T13:15:01+00:00\" \/>\n<meta property=\"article:modified_time\" content=\"2022-04-07T09:04:15+00:00\" \/>\n<meta property=\"og:image\" content=\"https:\/\/gastronomicament.cat\/wp-content\/uploads\/2014\/05\/la-bona-vida-margalida-coll-restaurant-miceli-de-selva.png\" \/>\n\t<meta property=\"og:image:width\" content=\"640\" \/>\n\t<meta property=\"og:image:height\" content=\"300\" \/>\n\t<meta property=\"og:image:type\" content=\"image\/png\" \/>\n<meta name=\"author\" content=\"Redacci\u00f3\" \/>\n<meta name=\"twitter:card\" content=\"summary_large_image\" \/>\n<meta name=\"twitter:creator\" content=\"@gastronomicamen\" \/>\n<meta name=\"twitter:site\" content=\"@gastronomicamen\" \/>\n<meta name=\"twitter:label1\" content=\"Written by\" \/>\n\t<meta name=\"twitter:data1\" content=\"Redacci\u00f3\" \/>\n\t<meta name=\"twitter:label2\" content=\"Est. reading time\" \/>\n\t<meta name=\"twitter:data2\" content=\"1 minute\" \/>\n<script type=\"application\/ld+json\" class=\"yoast-schema-graph\">{\"@context\":\"https:\\\/\\\/schema.org\",\"@graph\":[{\"@type\":\"Article\",\"@id\":\"https:\\\/\\\/gastronomicament.cat\\\/ca\\\/margalida-coll-el-secret-es-fer-ho-tot-com-si-fos-per-a-un-mateix#article\",\"isPartOf\":{\"@id\":\"https:\\\/\\\/gastronomicament.cat\\\/ca\\\/margalida-coll-el-secret-es-fer-ho-tot-com-si-fos-per-a-un-mateix\"},\"author\":{\"name\":\"Redacci\u00f3\",\"@id\":\"https:\\\/\\\/gastronomicament.cat\\\/ca\\\/#\\\/schema\\\/person\\\/a7c85c537a1ed62799a5b8e0f686a37f\"},\"headline\":\"Margalida Coll: &#8220;El secret \u00e9s fer-ho tot com si fos per a un mateix&#8221;\",\"datePublished\":\"2014-05-19T13:15:01+00:00\",\"dateModified\":\"2022-04-07T09:04:15+00:00\",\"mainEntityOfPage\":{\"@id\":\"https:\\\/\\\/gastronomicament.cat\\\/ca\\\/margalida-coll-el-secret-es-fer-ho-tot-com-si-fos-per-a-un-mateix\"},\"wordCount\":297,\"commentCount\":0,\"publisher\":{\"@id\":\"https:\\\/\\\/gastronomicament.cat\\\/ca\\\/#organization\"},\"image\":{\"@id\":\"https:\\\/\\\/gastronomicament.cat\\\/ca\\\/margalida-coll-el-secret-es-fer-ho-tot-com-si-fos-per-a-un-mateix#primaryimage\"},\"thumbnailUrl\":\"https:\\\/\\\/gastronomicament.cat\\\/wp-content\\\/uploads\\\/2014\\\/05\\\/la-bona-vida-margalida-coll-restaurant-miceli-de-selva.png\",\"articleSection\":[\"Actualitat\"],\"inLanguage\":\"ca-ES\",\"potentialAction\":[{\"@type\":\"CommentAction\",\"name\":\"Comment\",\"target\":[\"https:\\\/\\\/gastronomicament.cat\\\/ca\\\/margalida-coll-el-secret-es-fer-ho-tot-com-si-fos-per-a-un-mateix#respond\"]}]},{\"@type\":\"WebPage\",\"@id\":\"https:\\\/\\\/gastronomicament.cat\\\/ca\\\/margalida-coll-el-secret-es-fer-ho-tot-com-si-fos-per-a-un-mateix\",\"url\":\"https:\\\/\\\/gastronomicament.cat\\\/ca\\\/margalida-coll-el-secret-es-fer-ho-tot-com-si-fos-per-a-un-mateix\",\"name\":\"Margalida Coll: \\\"El secret \u00e9s fer-ho tot com si fos per a un mateix\\\"\",\"isPartOf\":{\"@id\":\"https:\\\/\\\/gastronomicament.cat\\\/ca\\\/#website\"},\"primaryImageOfPage\":{\"@id\":\"https:\\\/\\\/gastronomicament.cat\\\/ca\\\/margalida-coll-el-secret-es-fer-ho-tot-com-si-fos-per-a-un-mateix#primaryimage\"},\"image\":{\"@id\":\"https:\\\/\\\/gastronomicament.cat\\\/ca\\\/margalida-coll-el-secret-es-fer-ho-tot-com-si-fos-per-a-un-mateix#primaryimage\"},\"thumbnailUrl\":\"https:\\\/\\\/gastronomicament.cat\\\/wp-content\\\/uploads\\\/2014\\\/05\\\/la-bona-vida-margalida-coll-restaurant-miceli-de-selva.png\",\"datePublished\":\"2014-05-19T13:15:01+00:00\",\"dateModified\":\"2022-04-07T09:04:15+00:00\",\"description\":\"Margalida Coll: \\\"El secret \u00e9s fer-ho tot com si fos per a un mateix\\\". Cuinera del restaurant Miceli de Selva\",\"inLanguage\":\"ca-ES\",\"potentialAction\":[{\"@type\":\"ReadAction\",\"target\":[\"https:\\\/\\\/gastronomicament.cat\\\/ca\\\/margalida-coll-el-secret-es-fer-ho-tot-com-si-fos-per-a-un-mateix\"]}]},{\"@type\":\"ImageObject\",\"inLanguage\":\"ca-ES\",\"@id\":\"https:\\\/\\\/gastronomicament.cat\\\/ca\\\/margalida-coll-el-secret-es-fer-ho-tot-com-si-fos-per-a-un-mateix#primaryimage\",\"url\":\"https:\\\/\\\/gastronomicament.cat\\\/wp-content\\\/uploads\\\/2014\\\/05\\\/la-bona-vida-margalida-coll-restaurant-miceli-de-selva.png\",\"contentUrl\":\"https:\\\/\\\/gastronomicament.cat\\\/wp-content\\\/uploads\\\/2014\\\/05\\\/la-bona-vida-margalida-coll-restaurant-miceli-de-selva.png\",\"width\":640,\"height\":300},{\"@type\":\"WebSite\",\"@id\":\"https:\\\/\\\/gastronomicament.cat\\\/ca\\\/#website\",\"url\":\"https:\\\/\\\/gastronomicament.cat\\\/ca\\\/\",\"name\":\"Gastron\u00f2micament\",\"description\":\"Portal de restaurants, receptes i actualitat gastron\u00f2mica\",\"publisher\":{\"@id\":\"https:\\\/\\\/gastronomicament.cat\\\/ca\\\/#organization\"},\"potentialAction\":[{\"@type\":\"SearchAction\",\"target\":{\"@type\":\"EntryPoint\",\"urlTemplate\":\"https:\\\/\\\/gastronomicament.cat\\\/ca\\\/?s={search_term_string}\"},\"query-input\":{\"@type\":\"PropertyValueSpecification\",\"valueRequired\":true,\"valueName\":\"search_term_string\"}}],\"inLanguage\":\"ca-ES\"},{\"@type\":\"Organization\",\"@id\":\"https:\\\/\\\/gastronomicament.cat\\\/ca\\\/#organization\",\"name\":\"Gastron\u00f2micament\",\"url\":\"https:\\\/\\\/gastronomicament.cat\\\/ca\\\/\",\"logo\":{\"@type\":\"ImageObject\",\"inLanguage\":\"ca-ES\",\"@id\":\"https:\\\/\\\/gastronomicament.cat\\\/ca\\\/#\\\/schema\\\/logo\\\/image\\\/\",\"url\":\"https:\\\/\\\/gastronomicament.cat\\\/wp-content\\\/uploads\\\/2016\\\/09\\\/header-logo.jpg\",\"contentUrl\":\"https:\\\/\\\/gastronomicament.cat\\\/wp-content\\\/uploads\\\/2016\\\/09\\\/header-logo.jpg\",\"width\":277,\"height\":39,\"caption\":\"Gastron\u00f2micament\"},\"image\":{\"@id\":\"https:\\\/\\\/gastronomicament.cat\\\/ca\\\/#\\\/schema\\\/logo\\\/image\\\/\"},\"sameAs\":[\"https:\\\/\\\/x.com\\\/gastronomicamen\"]},{\"@type\":\"Person\",\"@id\":\"https:\\\/\\\/gastronomicament.cat\\\/ca\\\/#\\\/schema\\\/person\\\/a7c85c537a1ed62799a5b8e0f686a37f\",\"name\":\"Redacci\u00f3\",\"image\":{\"@type\":\"ImageObject\",\"inLanguage\":\"ca-ES\",\"@id\":\"https:\\\/\\\/secure.gravatar.com\\\/avatar\\\/9489a485c464fd611d33825daae651d13db70c4e74c65c94937a15a9d4c3ee14?s=96&d=mm&r=g69fea3cce3645dfa2166e7293e22955e\",\"url\":\"https:\\\/\\\/secure.gravatar.com\\\/avatar\\\/9489a485c464fd611d33825daae651d13db70c4e74c65c94937a15a9d4c3ee14?s=96&d=mm&r=g\",\"contentUrl\":\"https:\\\/\\\/secure.gravatar.com\\\/avatar\\\/9489a485c464fd611d33825daae651d13db70c4e74c65c94937a15a9d4c3ee14?s=96&d=mm&r=g\",\"caption\":\"Redacci\u00f3\"},\"sameAs\":[\"http:\\\/\\\/gastronomicament.cat\"],\"url\":\"https:\\\/\\\/gastronomicament.cat\\\/ca\\\/author\\\/admin\"}]}<\/script>\n<!-- \/ Yoast SEO plugin. -->","yoast_head_json":{"title":"Margalida Coll: \"El secret \u00e9s fer-ho tot com si fos per a un mateix\"","description":"Margalida Coll: \"El secret \u00e9s fer-ho tot com si fos per a un mateix\". Cuinera del restaurant Miceli de Selva","robots":{"index":"index","follow":"follow","max-snippet":"max-snippet:-1","max-image-preview":"max-image-preview:large","max-video-preview":"max-video-preview:-1"},"canonical":"https:\/\/gastronomicament.cat\/ca\/margalida-coll-el-secret-es-fer-ho-tot-com-si-fos-per-a-un-mateix","og_locale":"ca_ES","og_type":"article","og_title":"Margalida Coll: \"El secret \u00e9s fer-ho tot com si fos per a un mateix\"","og_description":"Margalida Coll: \"El secret \u00e9s fer-ho tot com si fos per a un mateix\". Cuinera del restaurant Miceli de Selva","og_url":"https:\/\/gastronomicament.cat\/ca\/margalida-coll-el-secret-es-fer-ho-tot-com-si-fos-per-a-un-mateix","og_site_name":"Gastron\u00f2micament","article_published_time":"2014-05-19T13:15:01+00:00","article_modified_time":"2022-04-07T09:04:15+00:00","og_image":[{"width":640,"height":300,"url":"https:\/\/gastronomicament.cat\/wp-content\/uploads\/2014\/05\/la-bona-vida-margalida-coll-restaurant-miceli-de-selva.png","type":"image\/png"}],"author":"Redacci\u00f3","twitter_card":"summary_large_image","twitter_creator":"@gastronomicamen","twitter_site":"@gastronomicamen","twitter_misc":{"Written by":"Redacci\u00f3","Est. reading time":"1 minute"},"schema":{"@context":"https:\/\/schema.org","@graph":[{"@type":"Article","@id":"https:\/\/gastronomicament.cat\/ca\/margalida-coll-el-secret-es-fer-ho-tot-com-si-fos-per-a-un-mateix#article","isPartOf":{"@id":"https:\/\/gastronomicament.cat\/ca\/margalida-coll-el-secret-es-fer-ho-tot-com-si-fos-per-a-un-mateix"},"author":{"name":"Redacci\u00f3","@id":"https:\/\/gastronomicament.cat\/ca\/#\/schema\/person\/a7c85c537a1ed62799a5b8e0f686a37f"},"headline":"Margalida Coll: &#8220;El secret \u00e9s fer-ho tot com si fos per a un mateix&#8221;","datePublished":"2014-05-19T13:15:01+00:00","dateModified":"2022-04-07T09:04:15+00:00","mainEntityOfPage":{"@id":"https:\/\/gastronomicament.cat\/ca\/margalida-coll-el-secret-es-fer-ho-tot-com-si-fos-per-a-un-mateix"},"wordCount":297,"commentCount":0,"publisher":{"@id":"https:\/\/gastronomicament.cat\/ca\/#organization"},"image":{"@id":"https:\/\/gastronomicament.cat\/ca\/margalida-coll-el-secret-es-fer-ho-tot-com-si-fos-per-a-un-mateix#primaryimage"},"thumbnailUrl":"https:\/\/gastronomicament.cat\/wp-content\/uploads\/2014\/05\/la-bona-vida-margalida-coll-restaurant-miceli-de-selva.png","articleSection":["Actualitat"],"inLanguage":"ca-ES","potentialAction":[{"@type":"CommentAction","name":"Comment","target":["https:\/\/gastronomicament.cat\/ca\/margalida-coll-el-secret-es-fer-ho-tot-com-si-fos-per-a-un-mateix#respond"]}]},{"@type":"WebPage","@id":"https:\/\/gastronomicament.cat\/ca\/margalida-coll-el-secret-es-fer-ho-tot-com-si-fos-per-a-un-mateix","url":"https:\/\/gastronomicament.cat\/ca\/margalida-coll-el-secret-es-fer-ho-tot-com-si-fos-per-a-un-mateix","name":"Margalida Coll: \"El secret \u00e9s fer-ho tot com si fos per a un mateix\"","isPartOf":{"@id":"https:\/\/gastronomicament.cat\/ca\/#website"},"primaryImageOfPage":{"@id":"https:\/\/gastronomicament.cat\/ca\/margalida-coll-el-secret-es-fer-ho-tot-com-si-fos-per-a-un-mateix#primaryimage"},"image":{"@id":"https:\/\/gastronomicament.cat\/ca\/margalida-coll-el-secret-es-fer-ho-tot-com-si-fos-per-a-un-mateix#primaryimage"},"thumbnailUrl":"https:\/\/gastronomicament.cat\/wp-content\/uploads\/2014\/05\/la-bona-vida-margalida-coll-restaurant-miceli-de-selva.png","datePublished":"2014-05-19T13:15:01+00:00","dateModified":"2022-04-07T09:04:15+00:00","description":"Margalida Coll: \"El secret \u00e9s fer-ho tot com si fos per a un mateix\". Cuinera del restaurant Miceli de Selva","inLanguage":"ca-ES","potentialAction":[{"@type":"ReadAction","target":["https:\/\/gastronomicament.cat\/ca\/margalida-coll-el-secret-es-fer-ho-tot-com-si-fos-per-a-un-mateix"]}]},{"@type":"ImageObject","inLanguage":"ca-ES","@id":"https:\/\/gastronomicament.cat\/ca\/margalida-coll-el-secret-es-fer-ho-tot-com-si-fos-per-a-un-mateix#primaryimage","url":"https:\/\/gastronomicament.cat\/wp-content\/uploads\/2014\/05\/la-bona-vida-margalida-coll-restaurant-miceli-de-selva.png","contentUrl":"https:\/\/gastronomicament.cat\/wp-content\/uploads\/2014\/05\/la-bona-vida-margalida-coll-restaurant-miceli-de-selva.png","width":640,"height":300},{"@type":"WebSite","@id":"https:\/\/gastronomicament.cat\/ca\/#website","url":"https:\/\/gastronomicament.cat\/ca\/","name":"Gastron\u00f2micament","description":"Portal de restaurants, receptes i actualitat gastron\u00f2mica","publisher":{"@id":"https:\/\/gastronomicament.cat\/ca\/#organization"},"potentialAction":[{"@type":"SearchAction","target":{"@type":"EntryPoint","urlTemplate":"https:\/\/gastronomicament.cat\/ca\/?s={search_term_string}"},"query-input":{"@type":"PropertyValueSpecification","valueRequired":true,"valueName":"search_term_string"}}],"inLanguage":"ca-ES"},{"@type":"Organization","@id":"https:\/\/gastronomicament.cat\/ca\/#organization","name":"Gastron\u00f2micament","url":"https:\/\/gastronomicament.cat\/ca\/","logo":{"@type":"ImageObject","inLanguage":"ca-ES","@id":"https:\/\/gastronomicament.cat\/ca\/#\/schema\/logo\/image\/","url":"https:\/\/gastronomicament.cat\/wp-content\/uploads\/2016\/09\/header-logo.jpg","contentUrl":"https:\/\/gastronomicament.cat\/wp-content\/uploads\/2016\/09\/header-logo.jpg","width":277,"height":39,"caption":"Gastron\u00f2micament"},"image":{"@id":"https:\/\/gastronomicament.cat\/ca\/#\/schema\/logo\/image\/"},"sameAs":["https:\/\/x.com\/gastronomicamen"]},{"@type":"Person","@id":"https:\/\/gastronomicament.cat\/ca\/#\/schema\/person\/a7c85c537a1ed62799a5b8e0f686a37f","name":"Redacci\u00f3","image":{"@type":"ImageObject","inLanguage":"ca-ES","@id":"https:\/\/secure.gravatar.com\/avatar\/9489a485c464fd611d33825daae651d13db70c4e74c65c94937a15a9d4c3ee14?s=96&d=mm&r=g69fea3cce3645dfa2166e7293e22955e","url":"https:\/\/secure.gravatar.com\/avatar\/9489a485c464fd611d33825daae651d13db70c4e74c65c94937a15a9d4c3ee14?s=96&d=mm&r=g","contentUrl":"https:\/\/secure.gravatar.com\/avatar\/9489a485c464fd611d33825daae651d13db70c4e74c65c94937a15a9d4c3ee14?s=96&d=mm&r=g","caption":"Redacci\u00f3"},"sameAs":["http:\/\/gastronomicament.cat"],"url":"https:\/\/gastronomicament.cat\/ca\/author\/admin"}]}},"_links":{"self":[{"href":"https:\/\/gastronomicament.cat\/ca\/wp-json\/wp\/v2\/posts\/13888","targetHints":{"allow":["GET"]}}],"collection":[{"href":"https:\/\/gastronomicament.cat\/ca\/wp-json\/wp\/v2\/posts"}],"about":[{"href":"https:\/\/gastronomicament.cat\/ca\/wp-json\/wp\/v2\/types\/post"}],"author":[{"embeddable":true,"href":"https:\/\/gastronomicament.cat\/ca\/wp-json\/wp\/v2\/users\/1"}],"replies":[{"embeddable":true,"href":"https:\/\/gastronomicament.cat\/ca\/wp-json\/wp\/v2\/comments?post=13888"}],"version-history":[{"count":0,"href":"https:\/\/gastronomicament.cat\/ca\/wp-json\/wp\/v2\/posts\/13888\/revisions"}],"wp:featuredmedia":[{"embeddable":true,"href":"https:\/\/gastronomicament.cat\/ca\/wp-json\/wp\/v2\/media\/13889"}],"wp:attachment":[{"href":"https:\/\/gastronomicament.cat\/ca\/wp-json\/wp\/v2\/media?parent=13888"}],"wp:term":[{"taxonomy":"category","embeddable":true,"href":"https:\/\/gastronomicament.cat\/ca\/wp-json\/wp\/v2\/categories?post=13888"},{"taxonomy":"post_tag","embeddable":true,"href":"https:\/\/gastronomicament.cat\/ca\/wp-json\/wp\/v2\/tags?post=13888"},{"taxonomy":"author","embeddable":true,"href":"https:\/\/gastronomicament.cat\/ca\/wp-json\/wp\/v2\/coauthors?post=13888"}],"curies":[{"name":"wp","href":"https:\/\/api.w.org\/{rel}","templated":true}]}}