{"id":14057,"date":"2014-06-10T17:13:19","date_gmt":"2014-06-10T15:13:19","guid":{"rendered":"http:\/\/gastronomicament.cat\/?p=14057"},"modified":"2022-04-07T11:04:20","modified_gmt":"2022-04-07T09:04:20","slug":"la-clastra-dels-encants-fira-artesanal-i-gastronomia-alaro","status":"publish","type":"post","link":"https:\/\/gastronomicament.cat\/ca\/la-clastra-dels-encants-fira-artesanal-i-gastronomia-alaro","title":{"rendered":"La Clastra dels Encants: Fira artesanal i gastronomia a Alar\u00f3"},"content":{"rendered":"<p>M\u00e9s de 40 paradetes us esperen a la tercera edici\u00f3 de la Clastra dels Encants. Hi trobareu artesania i creacions, productes vintage, cuina i reposteria creativa, vi, cerveses artesanes, m\u00fasica, etc.<\/p>\n<p>La Clastra dels Encants no \u00e9s sols una fira. \u00c9s una gran activitat d\u2019interacci\u00f3 i creaci\u00f3 col\u00b7lectiva, en creixement nascuda dels ve\u00efnats per dinamitzar Los Damunt, el nucli original del poble d\u2019Alar\u00f3 i un dels indrets m\u00e9s singulars d\u2019aquesta localitat.<\/p>\n<p>Ser\u00e0 dissabte, 14 de juny, de 19 a les 00 hores, a la Pla\u00e7a de Sa Bastida, Los Damunt, Alar\u00f3.<\/p>\n<h4>A la part gastron\u00f2mica hi seran presents:<\/h4>\n<p><strong>Corametes cuina creativa<\/strong><br \/>\nCuina creativa, catering i enc\u00e1rrecs especials. Creadores de del\u00edcies i, tamb\u00e9, cuineres a domicili.<\/p>\n<p><strong>Mayurqa<\/strong><br \/>\nCervesa artesana feta a Alar\u00f3 amb passi\u00f3 i talent. Una\u00a0 aut\u00f2ctona rossa mallorquina, clara i fresca.<\/p>\n<p><strong>Choclet artesania <\/strong><br \/>\nRebosteria creativa i cupcakes. Una del\u00edcia sensorial i una explosi\u00f3 d\u2019imaginaci\u00f3 i creativitat.<\/p>\n<p><strong>Ecosenalla<\/strong><br \/>\nEcosenalla, cuina ecovegetariana, espai per a l\u2019alimentaci\u00f3, l\u2019oci i la salud ecol\u00f2giques a Alar\u00f3, \u00e9s especialment destacable la paella-bio de tofu fumat i seitan que fan cada dissabte al seu restaurant.<\/p>\n<p>[ezcol_1third]<img decoding=\"async\" title=\"Cervesa Mayurqa Alar\u00f3\" src=\"http:\/\/gastronomicament.cat\/wp-content\/uploads\/2014\/05\/mayurqa.jpg\" alt=\"\" width=\"149\" height=\"200\" \/>[\/ezcol_1third][ezcol_1third]<img decoding=\"async\" title=\"Corametes\" src=\"http:\/\/gastronomicament.cat\/wp-content\/uploads\/2014\/05\/corametes.jpg\" alt=\"\" width=\"330\" height=\"200\" \/>[\/ezcol_1third][ezcol_1third_end]<img decoding=\"async\" title=\"Choclet artesania\" src=\"http:\/\/gastronomicament.cat\/wp-content\/uploads\/2014\/05\/choclet-artesania.jpg\" alt=\"\" width=\"200\" height=\"200\" \/>[\/ezcol_1third_end]<\/p>\n<div>\n<div data-tooltip=\"Show trimmed content\"><\/div>\n<\/div>\n<p><!--more--><\/p>\n","protected":false},"excerpt":{"rendered":"<p>M\u00e9s de 40 paradetes us esperen a la tercera edici\u00f3 de la Clastra dels Encants. Hi&hellip;<\/p>\n","protected":false},"author":1,"featured_media":14061,"comment_status":"open","ping_status":"closed","sticky":false,"template":"","format":"standard","meta":{"_acf_changed":false,"_swt_meta_header_display":false,"_swt_meta_footer_display":false,"_swt_meta_site_title_display":false,"_swt_meta_sticky_header":false,"_swt_meta_transparent_header":false,"footnotes":""},"categories":[692],"tags":[],"coauthors":[],"class_list":["post-14057","post","type-post","status-publish","format-standard","has-post-thumbnail","hentry","category-actualitat"],"acf":{"gallery":null,"home_date":{"home_begin_date":null,"home_end_date":null}},"yoast_head":"<!-- This site is optimized with the Yoast SEO plugin v27.4 - https:\/\/yoast.com\/product\/yoast-seo-wordpress\/ -->\n<title>La Clastra dels Encants: Fira artesanal i gastronomia a Alar\u00f3<\/title>\n<meta name=\"description\" content=\"La Clastra dels Encants: Fira artesanal i gastronomia a Alar\u00f3\" \/>\n<meta name=\"robots\" content=\"index, follow, max-snippet:-1, max-image-preview:large, max-video-preview:-1\" \/>\n<link rel=\"canonical\" href=\"https:\/\/gastronomicament.cat\/ca\/la-clastra-dels-encants-fira-artesanal-i-gastronomia-alaro\" \/>\n<meta property=\"og:locale\" content=\"ca_ES\" \/>\n<meta property=\"og:type\" content=\"article\" \/>\n<meta property=\"og:title\" content=\"La Clastra dels Encants: Fira artesanal i gastronomia a Alar\u00f3\" \/>\n<meta property=\"og:description\" content=\"La Clastra dels Encants: Fira artesanal i gastronomia a Alar\u00f3\" \/>\n<meta property=\"og:url\" content=\"https:\/\/gastronomicament.cat\/ca\/la-clastra-dels-encants-fira-artesanal-i-gastronomia-alaro\" \/>\n<meta property=\"og:site_name\" content=\"Gastron\u00f2micament\" \/>\n<meta property=\"article:published_time\" content=\"2014-06-10T15:13:19+00:00\" \/>\n<meta property=\"article:modified_time\" content=\"2022-04-07T09:04:20+00:00\" \/>\n<meta property=\"og:image\" content=\"https:\/\/gastronomicament.cat\/wp-content\/uploads\/2014\/06\/clastra-dels-encants-alaro-2014.png\" \/>\n\t<meta property=\"og:image:width\" content=\"640\" \/>\n\t<meta property=\"og:image:height\" content=\"300\" \/>\n\t<meta property=\"og:image:type\" content=\"image\/png\" \/>\n<meta name=\"author\" content=\"Redacci\u00f3\" \/>\n<meta name=\"twitter:card\" content=\"summary_large_image\" \/>\n<meta name=\"twitter:creator\" content=\"@gastronomicamen\" \/>\n<meta name=\"twitter:site\" content=\"@gastronomicamen\" \/>\n<meta name=\"twitter:label1\" content=\"Written by\" \/>\n\t<meta name=\"twitter:data1\" content=\"Redacci\u00f3\" \/>\n\t<meta name=\"twitter:label2\" content=\"Est. reading time\" \/>\n\t<meta name=\"twitter:data2\" content=\"1 minute\" \/>\n<script type=\"application\/ld+json\" class=\"yoast-schema-graph\">{\"@context\":\"https:\\\/\\\/schema.org\",\"@graph\":[{\"@type\":\"Article\",\"@id\":\"https:\\\/\\\/gastronomicament.cat\\\/ca\\\/la-clastra-dels-encants-fira-artesanal-i-gastronomia-alaro#article\",\"isPartOf\":{\"@id\":\"https:\\\/\\\/gastronomicament.cat\\\/ca\\\/la-clastra-dels-encants-fira-artesanal-i-gastronomia-alaro\"},\"author\":{\"name\":\"Redacci\u00f3\",\"@id\":\"https:\\\/\\\/gastronomicament.cat\\\/ca\\\/#\\\/schema\\\/person\\\/a7c85c537a1ed62799a5b8e0f686a37f\"},\"headline\":\"La Clastra dels Encants: Fira artesanal i gastronomia a Alar\u00f3\",\"datePublished\":\"2014-06-10T15:13:19+00:00\",\"dateModified\":\"2022-04-07T09:04:20+00:00\",\"mainEntityOfPage\":{\"@id\":\"https:\\\/\\\/gastronomicament.cat\\\/ca\\\/la-clastra-dels-encants-fira-artesanal-i-gastronomia-alaro\"},\"wordCount\":217,\"commentCount\":0,\"publisher\":{\"@id\":\"https:\\\/\\\/gastronomicament.cat\\\/ca\\\/#organization\"},\"image\":{\"@id\":\"https:\\\/\\\/gastronomicament.cat\\\/ca\\\/la-clastra-dels-encants-fira-artesanal-i-gastronomia-alaro#primaryimage\"},\"thumbnailUrl\":\"https:\\\/\\\/gastronomicament.cat\\\/wp-content\\\/uploads\\\/2014\\\/06\\\/clastra-dels-encants-alaro-2014.png\",\"articleSection\":[\"Actualitat\"],\"inLanguage\":\"ca-ES\",\"potentialAction\":[{\"@type\":\"CommentAction\",\"name\":\"Comment\",\"target\":[\"https:\\\/\\\/gastronomicament.cat\\\/ca\\\/la-clastra-dels-encants-fira-artesanal-i-gastronomia-alaro#respond\"]}]},{\"@type\":\"WebPage\",\"@id\":\"https:\\\/\\\/gastronomicament.cat\\\/ca\\\/la-clastra-dels-encants-fira-artesanal-i-gastronomia-alaro\",\"url\":\"https:\\\/\\\/gastronomicament.cat\\\/ca\\\/la-clastra-dels-encants-fira-artesanal-i-gastronomia-alaro\",\"name\":\"La Clastra dels Encants: Fira artesanal i gastronomia a Alar\u00f3\",\"isPartOf\":{\"@id\":\"https:\\\/\\\/gastronomicament.cat\\\/ca\\\/#website\"},\"primaryImageOfPage\":{\"@id\":\"https:\\\/\\\/gastronomicament.cat\\\/ca\\\/la-clastra-dels-encants-fira-artesanal-i-gastronomia-alaro#primaryimage\"},\"image\":{\"@id\":\"https:\\\/\\\/gastronomicament.cat\\\/ca\\\/la-clastra-dels-encants-fira-artesanal-i-gastronomia-alaro#primaryimage\"},\"thumbnailUrl\":\"https:\\\/\\\/gastronomicament.cat\\\/wp-content\\\/uploads\\\/2014\\\/06\\\/clastra-dels-encants-alaro-2014.png\",\"datePublished\":\"2014-06-10T15:13:19+00:00\",\"dateModified\":\"2022-04-07T09:04:20+00:00\",\"description\":\"La Clastra dels Encants: Fira artesanal i gastronomia a Alar\u00f3\",\"inLanguage\":\"ca-ES\",\"potentialAction\":[{\"@type\":\"ReadAction\",\"target\":[\"https:\\\/\\\/gastronomicament.cat\\\/ca\\\/la-clastra-dels-encants-fira-artesanal-i-gastronomia-alaro\"]}]},{\"@type\":\"ImageObject\",\"inLanguage\":\"ca-ES\",\"@id\":\"https:\\\/\\\/gastronomicament.cat\\\/ca\\\/la-clastra-dels-encants-fira-artesanal-i-gastronomia-alaro#primaryimage\",\"url\":\"https:\\\/\\\/gastronomicament.cat\\\/wp-content\\\/uploads\\\/2014\\\/06\\\/clastra-dels-encants-alaro-2014.png\",\"contentUrl\":\"https:\\\/\\\/gastronomicament.cat\\\/wp-content\\\/uploads\\\/2014\\\/06\\\/clastra-dels-encants-alaro-2014.png\",\"width\":640,\"height\":300},{\"@type\":\"WebSite\",\"@id\":\"https:\\\/\\\/gastronomicament.cat\\\/ca\\\/#website\",\"url\":\"https:\\\/\\\/gastronomicament.cat\\\/ca\\\/\",\"name\":\"Gastron\u00f2micament\",\"description\":\"Portal de restaurants, receptes i actualitat gastron\u00f2mica\",\"publisher\":{\"@id\":\"https:\\\/\\\/gastronomicament.cat\\\/ca\\\/#organization\"},\"potentialAction\":[{\"@type\":\"SearchAction\",\"target\":{\"@type\":\"EntryPoint\",\"urlTemplate\":\"https:\\\/\\\/gastronomicament.cat\\\/ca\\\/?s={search_term_string}\"},\"query-input\":{\"@type\":\"PropertyValueSpecification\",\"valueRequired\":true,\"valueName\":\"search_term_string\"}}],\"inLanguage\":\"ca-ES\"},{\"@type\":\"Organization\",\"@id\":\"https:\\\/\\\/gastronomicament.cat\\\/ca\\\/#organization\",\"name\":\"Gastron\u00f2micament\",\"url\":\"https:\\\/\\\/gastronomicament.cat\\\/ca\\\/\",\"logo\":{\"@type\":\"ImageObject\",\"inLanguage\":\"ca-ES\",\"@id\":\"https:\\\/\\\/gastronomicament.cat\\\/ca\\\/#\\\/schema\\\/logo\\\/image\\\/\",\"url\":\"https:\\\/\\\/gastronomicament.cat\\\/wp-content\\\/uploads\\\/2016\\\/09\\\/header-logo.jpg\",\"contentUrl\":\"https:\\\/\\\/gastronomicament.cat\\\/wp-content\\\/uploads\\\/2016\\\/09\\\/header-logo.jpg\",\"width\":277,\"height\":39,\"caption\":\"Gastron\u00f2micament\"},\"image\":{\"@id\":\"https:\\\/\\\/gastronomicament.cat\\\/ca\\\/#\\\/schema\\\/logo\\\/image\\\/\"},\"sameAs\":[\"https:\\\/\\\/x.com\\\/gastronomicamen\"]},{\"@type\":\"Person\",\"@id\":\"https:\\\/\\\/gastronomicament.cat\\\/ca\\\/#\\\/schema\\\/person\\\/a7c85c537a1ed62799a5b8e0f686a37f\",\"name\":\"Redacci\u00f3\",\"image\":{\"@type\":\"ImageObject\",\"inLanguage\":\"ca-ES\",\"@id\":\"https:\\\/\\\/secure.gravatar.com\\\/avatar\\\/9489a485c464fd611d33825daae651d13db70c4e74c65c94937a15a9d4c3ee14?s=96&d=mm&r=g69fea3cce3645dfa2166e7293e22955e\",\"url\":\"https:\\\/\\\/secure.gravatar.com\\\/avatar\\\/9489a485c464fd611d33825daae651d13db70c4e74c65c94937a15a9d4c3ee14?s=96&d=mm&r=g\",\"contentUrl\":\"https:\\\/\\\/secure.gravatar.com\\\/avatar\\\/9489a485c464fd611d33825daae651d13db70c4e74c65c94937a15a9d4c3ee14?s=96&d=mm&r=g\",\"caption\":\"Redacci\u00f3\"},\"sameAs\":[\"http:\\\/\\\/gastronomicament.cat\"],\"url\":\"https:\\\/\\\/gastronomicament.cat\\\/ca\\\/author\\\/admin\"}]}<\/script>\n<!-- \/ Yoast SEO plugin. -->","yoast_head_json":{"title":"La Clastra dels Encants: Fira artesanal i gastronomia a Alar\u00f3","description":"La Clastra dels Encants: Fira artesanal i gastronomia a Alar\u00f3","robots":{"index":"index","follow":"follow","max-snippet":"max-snippet:-1","max-image-preview":"max-image-preview:large","max-video-preview":"max-video-preview:-1"},"canonical":"https:\/\/gastronomicament.cat\/ca\/la-clastra-dels-encants-fira-artesanal-i-gastronomia-alaro","og_locale":"ca_ES","og_type":"article","og_title":"La Clastra dels Encants: Fira artesanal i gastronomia a Alar\u00f3","og_description":"La Clastra dels Encants: Fira artesanal i gastronomia a Alar\u00f3","og_url":"https:\/\/gastronomicament.cat\/ca\/la-clastra-dels-encants-fira-artesanal-i-gastronomia-alaro","og_site_name":"Gastron\u00f2micament","article_published_time":"2014-06-10T15:13:19+00:00","article_modified_time":"2022-04-07T09:04:20+00:00","og_image":[{"width":640,"height":300,"url":"https:\/\/gastronomicament.cat\/wp-content\/uploads\/2014\/06\/clastra-dels-encants-alaro-2014.png","type":"image\/png"}],"author":"Redacci\u00f3","twitter_card":"summary_large_image","twitter_creator":"@gastronomicamen","twitter_site":"@gastronomicamen","twitter_misc":{"Written by":"Redacci\u00f3","Est. reading time":"1 minute"},"schema":{"@context":"https:\/\/schema.org","@graph":[{"@type":"Article","@id":"https:\/\/gastronomicament.cat\/ca\/la-clastra-dels-encants-fira-artesanal-i-gastronomia-alaro#article","isPartOf":{"@id":"https:\/\/gastronomicament.cat\/ca\/la-clastra-dels-encants-fira-artesanal-i-gastronomia-alaro"},"author":{"name":"Redacci\u00f3","@id":"https:\/\/gastronomicament.cat\/ca\/#\/schema\/person\/a7c85c537a1ed62799a5b8e0f686a37f"},"headline":"La Clastra dels Encants: Fira artesanal i gastronomia a Alar\u00f3","datePublished":"2014-06-10T15:13:19+00:00","dateModified":"2022-04-07T09:04:20+00:00","mainEntityOfPage":{"@id":"https:\/\/gastronomicament.cat\/ca\/la-clastra-dels-encants-fira-artesanal-i-gastronomia-alaro"},"wordCount":217,"commentCount":0,"publisher":{"@id":"https:\/\/gastronomicament.cat\/ca\/#organization"},"image":{"@id":"https:\/\/gastronomicament.cat\/ca\/la-clastra-dels-encants-fira-artesanal-i-gastronomia-alaro#primaryimage"},"thumbnailUrl":"https:\/\/gastronomicament.cat\/wp-content\/uploads\/2014\/06\/clastra-dels-encants-alaro-2014.png","articleSection":["Actualitat"],"inLanguage":"ca-ES","potentialAction":[{"@type":"CommentAction","name":"Comment","target":["https:\/\/gastronomicament.cat\/ca\/la-clastra-dels-encants-fira-artesanal-i-gastronomia-alaro#respond"]}]},{"@type":"WebPage","@id":"https:\/\/gastronomicament.cat\/ca\/la-clastra-dels-encants-fira-artesanal-i-gastronomia-alaro","url":"https:\/\/gastronomicament.cat\/ca\/la-clastra-dels-encants-fira-artesanal-i-gastronomia-alaro","name":"La Clastra dels Encants: Fira artesanal i gastronomia a Alar\u00f3","isPartOf":{"@id":"https:\/\/gastronomicament.cat\/ca\/#website"},"primaryImageOfPage":{"@id":"https:\/\/gastronomicament.cat\/ca\/la-clastra-dels-encants-fira-artesanal-i-gastronomia-alaro#primaryimage"},"image":{"@id":"https:\/\/gastronomicament.cat\/ca\/la-clastra-dels-encants-fira-artesanal-i-gastronomia-alaro#primaryimage"},"thumbnailUrl":"https:\/\/gastronomicament.cat\/wp-content\/uploads\/2014\/06\/clastra-dels-encants-alaro-2014.png","datePublished":"2014-06-10T15:13:19+00:00","dateModified":"2022-04-07T09:04:20+00:00","description":"La Clastra dels Encants: Fira artesanal i gastronomia a Alar\u00f3","inLanguage":"ca-ES","potentialAction":[{"@type":"ReadAction","target":["https:\/\/gastronomicament.cat\/ca\/la-clastra-dels-encants-fira-artesanal-i-gastronomia-alaro"]}]},{"@type":"ImageObject","inLanguage":"ca-ES","@id":"https:\/\/gastronomicament.cat\/ca\/la-clastra-dels-encants-fira-artesanal-i-gastronomia-alaro#primaryimage","url":"https:\/\/gastronomicament.cat\/wp-content\/uploads\/2014\/06\/clastra-dels-encants-alaro-2014.png","contentUrl":"https:\/\/gastronomicament.cat\/wp-content\/uploads\/2014\/06\/clastra-dels-encants-alaro-2014.png","width":640,"height":300},{"@type":"WebSite","@id":"https:\/\/gastronomicament.cat\/ca\/#website","url":"https:\/\/gastronomicament.cat\/ca\/","name":"Gastron\u00f2micament","description":"Portal de restaurants, receptes i actualitat gastron\u00f2mica","publisher":{"@id":"https:\/\/gastronomicament.cat\/ca\/#organization"},"potentialAction":[{"@type":"SearchAction","target":{"@type":"EntryPoint","urlTemplate":"https:\/\/gastronomicament.cat\/ca\/?s={search_term_string}"},"query-input":{"@type":"PropertyValueSpecification","valueRequired":true,"valueName":"search_term_string"}}],"inLanguage":"ca-ES"},{"@type":"Organization","@id":"https:\/\/gastronomicament.cat\/ca\/#organization","name":"Gastron\u00f2micament","url":"https:\/\/gastronomicament.cat\/ca\/","logo":{"@type":"ImageObject","inLanguage":"ca-ES","@id":"https:\/\/gastronomicament.cat\/ca\/#\/schema\/logo\/image\/","url":"https:\/\/gastronomicament.cat\/wp-content\/uploads\/2016\/09\/header-logo.jpg","contentUrl":"https:\/\/gastronomicament.cat\/wp-content\/uploads\/2016\/09\/header-logo.jpg","width":277,"height":39,"caption":"Gastron\u00f2micament"},"image":{"@id":"https:\/\/gastronomicament.cat\/ca\/#\/schema\/logo\/image\/"},"sameAs":["https:\/\/x.com\/gastronomicamen"]},{"@type":"Person","@id":"https:\/\/gastronomicament.cat\/ca\/#\/schema\/person\/a7c85c537a1ed62799a5b8e0f686a37f","name":"Redacci\u00f3","image":{"@type":"ImageObject","inLanguage":"ca-ES","@id":"https:\/\/secure.gravatar.com\/avatar\/9489a485c464fd611d33825daae651d13db70c4e74c65c94937a15a9d4c3ee14?s=96&d=mm&r=g69fea3cce3645dfa2166e7293e22955e","url":"https:\/\/secure.gravatar.com\/avatar\/9489a485c464fd611d33825daae651d13db70c4e74c65c94937a15a9d4c3ee14?s=96&d=mm&r=g","contentUrl":"https:\/\/secure.gravatar.com\/avatar\/9489a485c464fd611d33825daae651d13db70c4e74c65c94937a15a9d4c3ee14?s=96&d=mm&r=g","caption":"Redacci\u00f3"},"sameAs":["http:\/\/gastronomicament.cat"],"url":"https:\/\/gastronomicament.cat\/ca\/author\/admin"}]}},"_links":{"self":[{"href":"https:\/\/gastronomicament.cat\/ca\/wp-json\/wp\/v2\/posts\/14057","targetHints":{"allow":["GET"]}}],"collection":[{"href":"https:\/\/gastronomicament.cat\/ca\/wp-json\/wp\/v2\/posts"}],"about":[{"href":"https:\/\/gastronomicament.cat\/ca\/wp-json\/wp\/v2\/types\/post"}],"author":[{"embeddable":true,"href":"https:\/\/gastronomicament.cat\/ca\/wp-json\/wp\/v2\/users\/1"}],"replies":[{"embeddable":true,"href":"https:\/\/gastronomicament.cat\/ca\/wp-json\/wp\/v2\/comments?post=14057"}],"version-history":[{"count":0,"href":"https:\/\/gastronomicament.cat\/ca\/wp-json\/wp\/v2\/posts\/14057\/revisions"}],"wp:featuredmedia":[{"embeddable":true,"href":"https:\/\/gastronomicament.cat\/ca\/wp-json\/wp\/v2\/media\/14061"}],"wp:attachment":[{"href":"https:\/\/gastronomicament.cat\/ca\/wp-json\/wp\/v2\/media?parent=14057"}],"wp:term":[{"taxonomy":"category","embeddable":true,"href":"https:\/\/gastronomicament.cat\/ca\/wp-json\/wp\/v2\/categories?post=14057"},{"taxonomy":"post_tag","embeddable":true,"href":"https:\/\/gastronomicament.cat\/ca\/wp-json\/wp\/v2\/tags?post=14057"},{"taxonomy":"author","embeddable":true,"href":"https:\/\/gastronomicament.cat\/ca\/wp-json\/wp\/v2\/coauthors?post=14057"}],"curies":[{"name":"wp","href":"https:\/\/api.w.org\/{rel}","templated":true}]}}