{"id":14093,"date":"2014-06-16T13:24:06","date_gmt":"2014-06-16T11:24:06","guid":{"rendered":"http:\/\/gastronomicament.cat\/?p=14093"},"modified":"2022-04-07T11:04:20","modified_gmt":"2022-04-07T09:04:20","slug":"neix-el-primer-brew-restaurant-a-sant-cugat-del-valles-de-la-ma-del-restaurador-alex-ros","status":"publish","type":"post","link":"https:\/\/gastronomicament.cat\/ca\/neix-el-primer-brew-restaurant-a-sant-cugat-del-valles-de-la-ma-del-restaurador-alex-ros","title":{"rendered":"Neix el primer Brew-Restaurant a Sant Cugat del Vall\u00e8s de la m\u00e0 del restaurador \u00c0lex Ros"},"content":{"rendered":"<p>[ezcol_2third]<\/p>\n<p>El conegut restaurant Xarlot de Sant Cugat del Vall\u00e8s (Barcelona) allotja la nova companyia cervesera Ilda\u2019s Town Beer, que elabora cervesa artesana de primera qualitat a la vista dels clients. \u00c9s un concepte innovador fins avui a Sant Cugat del Vall\u00e8s que pret\u00e9n apropar al consumidor el m\u00f3n de la cervesa artesana. La inauguraci\u00f3 de la nova companyia va tenir lloc el dijous dia 12 de juny.<\/p>\n<p>\u201cPretenem ser innovadors en tot all\u00f2 que fem. Muntar microcerveseries \u00e9s una pr\u00e0ctica molt desenvolupada a Europa, i a poc a poc comen\u00e7a a establir-se tamb\u00e9 a Espanya. Per\u00f2 que hi hagi una m\u00e0quina de producci\u00f3 de cervesa dins d\u2019un restaurant, en la qual el client pot gaudir del menjar i alhora degustar cervesa acabada de fer, \u00e9s un concepte nou\u201d, afirma \u00c0lex Ros, gerent del restaurant Xarlot.<\/p>\n<p><strong>Quatre varietats de cervesa<\/strong><br \/>\nIlda\u2019s Town Beer produir\u00e0 a la seva microcerveseria 4 varietats de cervesa creades a partir dels millors malts alemanys. D\u2019aquesta manera, els clients podran escollir entre la MAT (de blat i elaborada segons la tradici\u00f3 germ\u00e0nica), la CLOT (d\u2019inspiraci\u00f3 angloamericana per a paladars m\u00e9s desenvolupats), la ROS (un homenatge a la famosa cervesa rossa txeca) o la TORR (d\u2019inspiraci\u00f3 belga; negra, dol\u00e7a i amb cos). Beuratges per a tot tipus de p\u00fablic, que es podran degustar in situ al mateix Xarlot, com tamb\u00e9 als altres restaurants del grup (Matilda, Clotilda i Gilda).<\/p>\n<p>La companyia cervesera compta, a m\u00e9s, amb un model de maquin\u00e0ria \u00fanic al nostre pa\u00eds: la Bra\u00fcteke de Kaspar Schulz. Una excel\u00b7lent microcerveseria professional amb una capacitat de producci\u00f3 de 10.000 a 100.000 litres\/any, que permet omplir els barrils des del tanc o portar el beuratge directament a l\u2019aixeta, tot proporcionant al client una cervesa fresca, artesana i de proximitat.<\/p>\n<p>Entre els plans previstos per la companyia a mig termini, destaquen les visites guiades i les degustacions durant els caps de setmana, aix\u00ed com la venda de packs de cervesa per endur-se i l\u2019opci\u00f3 de gaudir de l\u2019Ilda\u2019s Town Beer en esdeveniments privats amb la instal\u00b7laci\u00f3 de barrils i aixetes de la pr\u00f2pia marca.<\/p>\n<p>[\/ezcol_2third] [ezcol_1third_end]<span style=\"color: #888888;\">El restaurador \u00c0lex Ros, amb m\u00e9s de 15 anys d\u2019experi\u00e8ncia en el sector, \u00e9s propietari dels restaurants Xarlot, Matilda, Clotilda i Gilda. La creaci\u00f3 de la seva pr\u00f2pia marca de cervesa, Ilda\u2019s Town Beer, neix de la necessitat de proveir als seus 4 restaurants, i aix\u00ed poder oferir als seus clients una cervesa artesana, fresca i de qualitat. Aix\u00ed mateix, el restaurant Matilda ofereix actualment m\u00e9s de 100 cerveses internacionals i altres 20 en tirador per a delit dels clients, a les quals s\u2019afegiran les noves varietats de la companyia Ilda\u2019s Town Beer (Mat, Clot, Ros i Torr).<\/span>[\/ezcol_1third_end]<!--more--><\/p>\n","protected":false},"excerpt":{"rendered":"<p>[ezcol_2third] El conegut restaurant Xarlot de Sant Cugat del Vall\u00e8s (Barcelona) allotja la nova companyia cervesera Ilda\u2019s Town Beer, que elabora cervesa artesana de primera qualitat a la vista dels clients. \u00c9s un concepte innovador fins avui a Sant Cugat del Vall\u00e8s que pret\u00e9n apropar al consumidor el m\u00f3n de la cervesa artesana. La inauguraci\u00f3 [&hellip;]<\/p>\n","protected":false},"author":1,"featured_media":14097,"comment_status":"open","ping_status":"closed","sticky":false,"template":"","format":"gallery","meta":{"_acf_changed":false,"_swt_meta_header_display":false,"_swt_meta_footer_display":false,"_swt_meta_site_title_display":false,"_swt_meta_sticky_header":false,"_swt_meta_transparent_header":false,"footnotes":""},"categories":[692],"tags":[],"coauthors":[],"class_list":["post-14093","post","type-post","status-publish","format-gallery","has-post-thumbnail","hentry","category-actualitat","post_format-post-format-gallery"],"acf":{"gallery":null,"home_date":{"home_begin_date":null,"home_end_date":null}},"yoast_head":"<!-- This site is optimized with the Yoast SEO plugin v27.4 - https:\/\/yoast.com\/product\/yoast-seo-wordpress\/ -->\n<title>Neix el primer Brew-Restaurant a Sant Cugat del Vall\u00e8s de la m\u00e0 del restaurador \u00c0lex Ros<\/title>\n<meta name=\"description\" content=\"Neix el primer Brew-Restaurant a Sant Cugat del Vall\u00e8s de la m\u00e0 del restaurador \u00c0lex Ros\" \/>\n<meta name=\"robots\" content=\"index, follow, max-snippet:-1, max-image-preview:large, max-video-preview:-1\" \/>\n<link rel=\"canonical\" href=\"https:\/\/gastronomicament.cat\/ca\/neix-el-primer-brew-restaurant-a-sant-cugat-del-valles-de-la-ma-del-restaurador-alex-ros\" \/>\n<meta property=\"og:locale\" content=\"ca_ES\" \/>\n<meta property=\"og:type\" content=\"article\" \/>\n<meta property=\"og:title\" content=\"Neix el primer Brew-Restaurant a Sant Cugat del Vall\u00e8s de la m\u00e0 del restaurador \u00c0lex Ros\" \/>\n<meta property=\"og:description\" content=\"Neix el primer Brew-Restaurant a Sant Cugat del Vall\u00e8s de la m\u00e0 del restaurador \u00c0lex Ros\" \/>\n<meta property=\"og:url\" content=\"https:\/\/gastronomicament.cat\/ca\/neix-el-primer-brew-restaurant-a-sant-cugat-del-valles-de-la-ma-del-restaurador-alex-ros\" \/>\n<meta property=\"og:site_name\" content=\"Gastron\u00f2micament\" \/>\n<meta property=\"article:published_time\" content=\"2014-06-16T11:24:06+00:00\" \/>\n<meta property=\"article:modified_time\" content=\"2022-04-07T09:04:20+00:00\" \/>\n<meta property=\"og:image\" content=\"https:\/\/gastronomicament.cat\/wp-content\/uploads\/2014\/06\/img_1261.jpg\" \/>\n\t<meta property=\"og:image:width\" content=\"1181\" \/>\n\t<meta property=\"og:image:height\" content=\"787\" \/>\n\t<meta property=\"og:image:type\" content=\"image\/jpeg\" \/>\n<meta name=\"author\" content=\"Redacci\u00f3\" \/>\n<meta name=\"twitter:card\" content=\"summary_large_image\" \/>\n<meta name=\"twitter:creator\" content=\"@gastronomicamen\" \/>\n<meta name=\"twitter:site\" content=\"@gastronomicamen\" \/>\n<meta name=\"twitter:label1\" content=\"Written by\" \/>\n\t<meta name=\"twitter:data1\" content=\"Redacci\u00f3\" \/>\n\t<meta name=\"twitter:label2\" content=\"Est. reading time\" \/>\n\t<meta name=\"twitter:data2\" content=\"2 minutes\" \/>\n<script type=\"application\/ld+json\" class=\"yoast-schema-graph\">{\"@context\":\"https:\\\/\\\/schema.org\",\"@graph\":[{\"@type\":\"Article\",\"@id\":\"https:\\\/\\\/gastronomicament.cat\\\/ca\\\/neix-el-primer-brew-restaurant-a-sant-cugat-del-valles-de-la-ma-del-restaurador-alex-ros#article\",\"isPartOf\":{\"@id\":\"https:\\\/\\\/gastronomicament.cat\\\/ca\\\/neix-el-primer-brew-restaurant-a-sant-cugat-del-valles-de-la-ma-del-restaurador-alex-ros\"},\"author\":{\"name\":\"Redacci\u00f3\",\"@id\":\"https:\\\/\\\/gastronomicament.cat\\\/ca\\\/#\\\/schema\\\/person\\\/a7c85c537a1ed62799a5b8e0f686a37f\"},\"headline\":\"Neix el primer Brew-Restaurant a Sant Cugat del Vall\u00e8s de la m\u00e0 del restaurador \u00c0lex Ros\",\"datePublished\":\"2014-06-16T11:24:06+00:00\",\"dateModified\":\"2022-04-07T09:04:20+00:00\",\"mainEntityOfPage\":{\"@id\":\"https:\\\/\\\/gastronomicament.cat\\\/ca\\\/neix-el-primer-brew-restaurant-a-sant-cugat-del-valles-de-la-ma-del-restaurador-alex-ros\"},\"wordCount\":499,\"commentCount\":0,\"publisher\":{\"@id\":\"https:\\\/\\\/gastronomicament.cat\\\/ca\\\/#organization\"},\"image\":{\"@id\":\"https:\\\/\\\/gastronomicament.cat\\\/ca\\\/neix-el-primer-brew-restaurant-a-sant-cugat-del-valles-de-la-ma-del-restaurador-alex-ros#primaryimage\"},\"thumbnailUrl\":\"https:\\\/\\\/gastronomicament.cat\\\/wp-content\\\/uploads\\\/2014\\\/06\\\/img_1261.jpg\",\"articleSection\":[\"Actualitat\"],\"inLanguage\":\"ca-ES\",\"potentialAction\":[{\"@type\":\"CommentAction\",\"name\":\"Comment\",\"target\":[\"https:\\\/\\\/gastronomicament.cat\\\/ca\\\/neix-el-primer-brew-restaurant-a-sant-cugat-del-valles-de-la-ma-del-restaurador-alex-ros#respond\"]}]},{\"@type\":\"WebPage\",\"@id\":\"https:\\\/\\\/gastronomicament.cat\\\/ca\\\/neix-el-primer-brew-restaurant-a-sant-cugat-del-valles-de-la-ma-del-restaurador-alex-ros\",\"url\":\"https:\\\/\\\/gastronomicament.cat\\\/ca\\\/neix-el-primer-brew-restaurant-a-sant-cugat-del-valles-de-la-ma-del-restaurador-alex-ros\",\"name\":\"Neix el primer Brew-Restaurant a Sant Cugat del Vall\u00e8s de la m\u00e0 del restaurador \u00c0lex Ros\",\"isPartOf\":{\"@id\":\"https:\\\/\\\/gastronomicament.cat\\\/ca\\\/#website\"},\"primaryImageOfPage\":{\"@id\":\"https:\\\/\\\/gastronomicament.cat\\\/ca\\\/neix-el-primer-brew-restaurant-a-sant-cugat-del-valles-de-la-ma-del-restaurador-alex-ros#primaryimage\"},\"image\":{\"@id\":\"https:\\\/\\\/gastronomicament.cat\\\/ca\\\/neix-el-primer-brew-restaurant-a-sant-cugat-del-valles-de-la-ma-del-restaurador-alex-ros#primaryimage\"},\"thumbnailUrl\":\"https:\\\/\\\/gastronomicament.cat\\\/wp-content\\\/uploads\\\/2014\\\/06\\\/img_1261.jpg\",\"datePublished\":\"2014-06-16T11:24:06+00:00\",\"dateModified\":\"2022-04-07T09:04:20+00:00\",\"description\":\"Neix el primer Brew-Restaurant a Sant Cugat del Vall\u00e8s de la m\u00e0 del restaurador \u00c0lex Ros\",\"inLanguage\":\"ca-ES\",\"potentialAction\":[{\"@type\":\"ReadAction\",\"target\":[\"https:\\\/\\\/gastronomicament.cat\\\/ca\\\/neix-el-primer-brew-restaurant-a-sant-cugat-del-valles-de-la-ma-del-restaurador-alex-ros\"]}]},{\"@type\":\"ImageObject\",\"inLanguage\":\"ca-ES\",\"@id\":\"https:\\\/\\\/gastronomicament.cat\\\/ca\\\/neix-el-primer-brew-restaurant-a-sant-cugat-del-valles-de-la-ma-del-restaurador-alex-ros#primaryimage\",\"url\":\"https:\\\/\\\/gastronomicament.cat\\\/wp-content\\\/uploads\\\/2014\\\/06\\\/img_1261.jpg\",\"contentUrl\":\"https:\\\/\\\/gastronomicament.cat\\\/wp-content\\\/uploads\\\/2014\\\/06\\\/img_1261.jpg\",\"width\":1181,\"height\":787,\"caption\":\"Presentaci\u00f3 Cervesera Ilda's Town Beer\"},{\"@type\":\"WebSite\",\"@id\":\"https:\\\/\\\/gastronomicament.cat\\\/ca\\\/#website\",\"url\":\"https:\\\/\\\/gastronomicament.cat\\\/ca\\\/\",\"name\":\"Gastron\u00f2micament\",\"description\":\"Portal de restaurants, receptes i actualitat gastron\u00f2mica\",\"publisher\":{\"@id\":\"https:\\\/\\\/gastronomicament.cat\\\/ca\\\/#organization\"},\"potentialAction\":[{\"@type\":\"SearchAction\",\"target\":{\"@type\":\"EntryPoint\",\"urlTemplate\":\"https:\\\/\\\/gastronomicament.cat\\\/ca\\\/?s={search_term_string}\"},\"query-input\":{\"@type\":\"PropertyValueSpecification\",\"valueRequired\":true,\"valueName\":\"search_term_string\"}}],\"inLanguage\":\"ca-ES\"},{\"@type\":\"Organization\",\"@id\":\"https:\\\/\\\/gastronomicament.cat\\\/ca\\\/#organization\",\"name\":\"Gastron\u00f2micament\",\"url\":\"https:\\\/\\\/gastronomicament.cat\\\/ca\\\/\",\"logo\":{\"@type\":\"ImageObject\",\"inLanguage\":\"ca-ES\",\"@id\":\"https:\\\/\\\/gastronomicament.cat\\\/ca\\\/#\\\/schema\\\/logo\\\/image\\\/\",\"url\":\"https:\\\/\\\/gastronomicament.cat\\\/wp-content\\\/uploads\\\/2016\\\/09\\\/header-logo.jpg\",\"contentUrl\":\"https:\\\/\\\/gastronomicament.cat\\\/wp-content\\\/uploads\\\/2016\\\/09\\\/header-logo.jpg\",\"width\":277,\"height\":39,\"caption\":\"Gastron\u00f2micament\"},\"image\":{\"@id\":\"https:\\\/\\\/gastronomicament.cat\\\/ca\\\/#\\\/schema\\\/logo\\\/image\\\/\"},\"sameAs\":[\"https:\\\/\\\/x.com\\\/gastronomicamen\"]},{\"@type\":\"Person\",\"@id\":\"https:\\\/\\\/gastronomicament.cat\\\/ca\\\/#\\\/schema\\\/person\\\/a7c85c537a1ed62799a5b8e0f686a37f\",\"name\":\"Redacci\u00f3\",\"image\":{\"@type\":\"ImageObject\",\"inLanguage\":\"ca-ES\",\"@id\":\"https:\\\/\\\/secure.gravatar.com\\\/avatar\\\/9489a485c464fd611d33825daae651d13db70c4e74c65c94937a15a9d4c3ee14?s=96&d=mm&r=g69fea3cce3645dfa2166e7293e22955e\",\"url\":\"https:\\\/\\\/secure.gravatar.com\\\/avatar\\\/9489a485c464fd611d33825daae651d13db70c4e74c65c94937a15a9d4c3ee14?s=96&d=mm&r=g\",\"contentUrl\":\"https:\\\/\\\/secure.gravatar.com\\\/avatar\\\/9489a485c464fd611d33825daae651d13db70c4e74c65c94937a15a9d4c3ee14?s=96&d=mm&r=g\",\"caption\":\"Redacci\u00f3\"},\"sameAs\":[\"http:\\\/\\\/gastronomicament.cat\"],\"url\":\"https:\\\/\\\/gastronomicament.cat\\\/ca\\\/author\\\/admin\"}]}<\/script>\n<!-- \/ Yoast SEO plugin. -->","yoast_head_json":{"title":"Neix el primer Brew-Restaurant a Sant Cugat del Vall\u00e8s de la m\u00e0 del restaurador \u00c0lex Ros","description":"Neix el primer Brew-Restaurant a Sant Cugat del Vall\u00e8s de la m\u00e0 del restaurador \u00c0lex Ros","robots":{"index":"index","follow":"follow","max-snippet":"max-snippet:-1","max-image-preview":"max-image-preview:large","max-video-preview":"max-video-preview:-1"},"canonical":"https:\/\/gastronomicament.cat\/ca\/neix-el-primer-brew-restaurant-a-sant-cugat-del-valles-de-la-ma-del-restaurador-alex-ros","og_locale":"ca_ES","og_type":"article","og_title":"Neix el primer Brew-Restaurant a Sant Cugat del Vall\u00e8s de la m\u00e0 del restaurador \u00c0lex Ros","og_description":"Neix el primer Brew-Restaurant a Sant Cugat del Vall\u00e8s de la m\u00e0 del restaurador \u00c0lex Ros","og_url":"https:\/\/gastronomicament.cat\/ca\/neix-el-primer-brew-restaurant-a-sant-cugat-del-valles-de-la-ma-del-restaurador-alex-ros","og_site_name":"Gastron\u00f2micament","article_published_time":"2014-06-16T11:24:06+00:00","article_modified_time":"2022-04-07T09:04:20+00:00","og_image":[{"width":1181,"height":787,"url":"https:\/\/gastronomicament.cat\/wp-content\/uploads\/2014\/06\/img_1261.jpg","type":"image\/jpeg"}],"author":"Redacci\u00f3","twitter_card":"summary_large_image","twitter_creator":"@gastronomicamen","twitter_site":"@gastronomicamen","twitter_misc":{"Written by":"Redacci\u00f3","Est. reading time":"2 minutes"},"schema":{"@context":"https:\/\/schema.org","@graph":[{"@type":"Article","@id":"https:\/\/gastronomicament.cat\/ca\/neix-el-primer-brew-restaurant-a-sant-cugat-del-valles-de-la-ma-del-restaurador-alex-ros#article","isPartOf":{"@id":"https:\/\/gastronomicament.cat\/ca\/neix-el-primer-brew-restaurant-a-sant-cugat-del-valles-de-la-ma-del-restaurador-alex-ros"},"author":{"name":"Redacci\u00f3","@id":"https:\/\/gastronomicament.cat\/ca\/#\/schema\/person\/a7c85c537a1ed62799a5b8e0f686a37f"},"headline":"Neix el primer Brew-Restaurant a Sant Cugat del Vall\u00e8s de la m\u00e0 del restaurador \u00c0lex Ros","datePublished":"2014-06-16T11:24:06+00:00","dateModified":"2022-04-07T09:04:20+00:00","mainEntityOfPage":{"@id":"https:\/\/gastronomicament.cat\/ca\/neix-el-primer-brew-restaurant-a-sant-cugat-del-valles-de-la-ma-del-restaurador-alex-ros"},"wordCount":499,"commentCount":0,"publisher":{"@id":"https:\/\/gastronomicament.cat\/ca\/#organization"},"image":{"@id":"https:\/\/gastronomicament.cat\/ca\/neix-el-primer-brew-restaurant-a-sant-cugat-del-valles-de-la-ma-del-restaurador-alex-ros#primaryimage"},"thumbnailUrl":"https:\/\/gastronomicament.cat\/wp-content\/uploads\/2014\/06\/img_1261.jpg","articleSection":["Actualitat"],"inLanguage":"ca-ES","potentialAction":[{"@type":"CommentAction","name":"Comment","target":["https:\/\/gastronomicament.cat\/ca\/neix-el-primer-brew-restaurant-a-sant-cugat-del-valles-de-la-ma-del-restaurador-alex-ros#respond"]}]},{"@type":"WebPage","@id":"https:\/\/gastronomicament.cat\/ca\/neix-el-primer-brew-restaurant-a-sant-cugat-del-valles-de-la-ma-del-restaurador-alex-ros","url":"https:\/\/gastronomicament.cat\/ca\/neix-el-primer-brew-restaurant-a-sant-cugat-del-valles-de-la-ma-del-restaurador-alex-ros","name":"Neix el primer Brew-Restaurant a Sant Cugat del Vall\u00e8s de la m\u00e0 del restaurador \u00c0lex Ros","isPartOf":{"@id":"https:\/\/gastronomicament.cat\/ca\/#website"},"primaryImageOfPage":{"@id":"https:\/\/gastronomicament.cat\/ca\/neix-el-primer-brew-restaurant-a-sant-cugat-del-valles-de-la-ma-del-restaurador-alex-ros#primaryimage"},"image":{"@id":"https:\/\/gastronomicament.cat\/ca\/neix-el-primer-brew-restaurant-a-sant-cugat-del-valles-de-la-ma-del-restaurador-alex-ros#primaryimage"},"thumbnailUrl":"https:\/\/gastronomicament.cat\/wp-content\/uploads\/2014\/06\/img_1261.jpg","datePublished":"2014-06-16T11:24:06+00:00","dateModified":"2022-04-07T09:04:20+00:00","description":"Neix el primer Brew-Restaurant a Sant Cugat del Vall\u00e8s de la m\u00e0 del restaurador \u00c0lex Ros","inLanguage":"ca-ES","potentialAction":[{"@type":"ReadAction","target":["https:\/\/gastronomicament.cat\/ca\/neix-el-primer-brew-restaurant-a-sant-cugat-del-valles-de-la-ma-del-restaurador-alex-ros"]}]},{"@type":"ImageObject","inLanguage":"ca-ES","@id":"https:\/\/gastronomicament.cat\/ca\/neix-el-primer-brew-restaurant-a-sant-cugat-del-valles-de-la-ma-del-restaurador-alex-ros#primaryimage","url":"https:\/\/gastronomicament.cat\/wp-content\/uploads\/2014\/06\/img_1261.jpg","contentUrl":"https:\/\/gastronomicament.cat\/wp-content\/uploads\/2014\/06\/img_1261.jpg","width":1181,"height":787,"caption":"Presentaci\u00f3 Cervesera Ilda's Town Beer"},{"@type":"WebSite","@id":"https:\/\/gastronomicament.cat\/ca\/#website","url":"https:\/\/gastronomicament.cat\/ca\/","name":"Gastron\u00f2micament","description":"Portal de restaurants, receptes i actualitat gastron\u00f2mica","publisher":{"@id":"https:\/\/gastronomicament.cat\/ca\/#organization"},"potentialAction":[{"@type":"SearchAction","target":{"@type":"EntryPoint","urlTemplate":"https:\/\/gastronomicament.cat\/ca\/?s={search_term_string}"},"query-input":{"@type":"PropertyValueSpecification","valueRequired":true,"valueName":"search_term_string"}}],"inLanguage":"ca-ES"},{"@type":"Organization","@id":"https:\/\/gastronomicament.cat\/ca\/#organization","name":"Gastron\u00f2micament","url":"https:\/\/gastronomicament.cat\/ca\/","logo":{"@type":"ImageObject","inLanguage":"ca-ES","@id":"https:\/\/gastronomicament.cat\/ca\/#\/schema\/logo\/image\/","url":"https:\/\/gastronomicament.cat\/wp-content\/uploads\/2016\/09\/header-logo.jpg","contentUrl":"https:\/\/gastronomicament.cat\/wp-content\/uploads\/2016\/09\/header-logo.jpg","width":277,"height":39,"caption":"Gastron\u00f2micament"},"image":{"@id":"https:\/\/gastronomicament.cat\/ca\/#\/schema\/logo\/image\/"},"sameAs":["https:\/\/x.com\/gastronomicamen"]},{"@type":"Person","@id":"https:\/\/gastronomicament.cat\/ca\/#\/schema\/person\/a7c85c537a1ed62799a5b8e0f686a37f","name":"Redacci\u00f3","image":{"@type":"ImageObject","inLanguage":"ca-ES","@id":"https:\/\/secure.gravatar.com\/avatar\/9489a485c464fd611d33825daae651d13db70c4e74c65c94937a15a9d4c3ee14?s=96&d=mm&r=g69fea3cce3645dfa2166e7293e22955e","url":"https:\/\/secure.gravatar.com\/avatar\/9489a485c464fd611d33825daae651d13db70c4e74c65c94937a15a9d4c3ee14?s=96&d=mm&r=g","contentUrl":"https:\/\/secure.gravatar.com\/avatar\/9489a485c464fd611d33825daae651d13db70c4e74c65c94937a15a9d4c3ee14?s=96&d=mm&r=g","caption":"Redacci\u00f3"},"sameAs":["http:\/\/gastronomicament.cat"],"url":"https:\/\/gastronomicament.cat\/ca\/author\/admin"}]}},"_links":{"self":[{"href":"https:\/\/gastronomicament.cat\/ca\/wp-json\/wp\/v2\/posts\/14093","targetHints":{"allow":["GET"]}}],"collection":[{"href":"https:\/\/gastronomicament.cat\/ca\/wp-json\/wp\/v2\/posts"}],"about":[{"href":"https:\/\/gastronomicament.cat\/ca\/wp-json\/wp\/v2\/types\/post"}],"author":[{"embeddable":true,"href":"https:\/\/gastronomicament.cat\/ca\/wp-json\/wp\/v2\/users\/1"}],"replies":[{"embeddable":true,"href":"https:\/\/gastronomicament.cat\/ca\/wp-json\/wp\/v2\/comments?post=14093"}],"version-history":[{"count":0,"href":"https:\/\/gastronomicament.cat\/ca\/wp-json\/wp\/v2\/posts\/14093\/revisions"}],"wp:featuredmedia":[{"embeddable":true,"href":"https:\/\/gastronomicament.cat\/ca\/wp-json\/wp\/v2\/media\/14097"}],"wp:attachment":[{"href":"https:\/\/gastronomicament.cat\/ca\/wp-json\/wp\/v2\/media?parent=14093"}],"wp:term":[{"taxonomy":"category","embeddable":true,"href":"https:\/\/gastronomicament.cat\/ca\/wp-json\/wp\/v2\/categories?post=14093"},{"taxonomy":"post_tag","embeddable":true,"href":"https:\/\/gastronomicament.cat\/ca\/wp-json\/wp\/v2\/tags?post=14093"},{"taxonomy":"author","embeddable":true,"href":"https:\/\/gastronomicament.cat\/ca\/wp-json\/wp\/v2\/coauthors?post=14093"}],"curies":[{"name":"wp","href":"https:\/\/api.w.org\/{rel}","templated":true}]}}