{"id":14226,"date":"2014-07-20T19:34:58","date_gmt":"2014-07-20T17:34:58","guid":{"rendered":"http:\/\/gastronomicament.cat\/?p=14226"},"modified":"2022-04-07T11:04:24","modified_gmt":"2022-04-07T09:04:24","slug":"mossegada-teatral-santa-eugenia-2014","status":"publish","type":"post","link":"https:\/\/gastronomicament.cat\/ca\/mossegada-teatral-santa-eugenia-2014","title":{"rendered":"Mossegada Teatral a Santa Eug\u00e8nia 2014"},"content":{"rendered":"<p>Diumenge 27, Santa Eug\u00e8nia ser\u00e0 un gran escenari de propostes teatrals pels carrers del poble.<\/p>\n<p>Per aquest motiu, de 21 a 23 hores els bars i restaurants us conviden a tastar diferents especialitats i a sopar-hi:<\/p>\n<p>[ezcol_1half]<\/p>\n<ul>\n<li>PIZZERIA BENIBAZARI: Pizzes Variades (871 231 761)<\/li>\n<li>POLIESPORTIU S&#8217;ESTACI\u00d3: Costellam a la brassa amb patates al forn i allioli (971 144 045)<\/li>\n<li>RESTAURANT L&#8217;ESCARGOT: Bagel amb hamburguesa (634 367 217)<\/li>\n<li>S&#8217;ENTRADA CAFETERIA: Patates Braves amb calamarins i calamars (971 144 116)<\/li>\n<\/ul>\n<p>[\/ezcol_1half] [ezcol_1half_end]<\/p>\n<ul>\n<li>SANTI PONS: Rellom de porc amb salsa Borgonya i patates fregides, m\u00e9s gelat (971144158)<\/li>\n<li>BAR CAN TOPA:Calamar amb sobrassada (971 144 062)<\/li>\n<li>BAR CAN PRIM: Variats (971 144 408)<\/li>\n<li>CAFETERIA CA NA CANTONA: Frit de pop (971 144 031)<\/li>\n<\/ul>\n<p>[\/ezcol_1half_end]<\/p>\n<h4>Programaci\u00f3 de la Quarterada Teatral<\/h4>\n<p><em>Diumenge 27<\/em><\/p>\n<ul>\n<li>A les 17:30 h: Concentraci\u00f3 davant la zona dels bars Can Topa i S&#8217;Escargot i animaci\u00f3 al llarg de tota la jornada a c\u00e0rrec de M\u00c9S TUMACAT (Catalunya), una estrena absoluta a les Illes Balears.<\/li>\n<li>A les 18:00 h: Davant el Sagrat: TE ODIERO per HURyCAN (Madrid), una estrena absoluta a les Illes Balears.<\/li>\n<li>De 18.50 a 20.30 h, Espai per a Joves creadors amb:<br \/>\nSOLEX SHOW, per ALEX SIERRA (Mallorca)<br \/>\nTAST DE CIRC, per MANIPULATS (Mallorca)<br \/>\nSTAR-CROSSED LOVERS per DIEGO Y ELENA (Madrid), una estrena absoluta a les Illes Balears<\/li>\n<li>A les 21 h: JUKEBOX, per TRUKITREK (It\u00e0lia-Brasil), una estrena absoluta a les Illes Balears.<\/li>\n<li>A les 23:00 h: MARABUNTA, per GUILLEM ALB\u00c0 &amp; THE ALL IN ORCHESTRA (Catalunya), una estrena absoluta a les Illes Balears.<\/li>\n<li>A les 00:40 h: SESSI\u00d3 GOLFA: MEL-ODIC, per MANIPULATS (Mallorca), una estrena absoluta a les Illes Balears.<\/li>\n<\/ul>\n<p>Consultau tota la programaci\u00f3 de la <a title=\"Quarterada Teatral Mostra de Teatre de Santa Eug\u00e8nia 2014\" href=\"http:\/\/gastronomicament.cat\/wp-content\/uploads\/2014\/05\/santa-eugenia-mostrateatre2014.pdf\">Quarterada Teatral i la Mostra de Teatre de Santa Eug\u00e8nia aqu\u00ed<\/a>.<\/p>\n","protected":false},"excerpt":{"rendered":"<p>Diumenge 27, Santa Eug\u00e8nia ser\u00e0 un gran escenari de propostes teatrals pels carrers del poble. Per&hellip;<\/p>\n","protected":false},"author":1,"featured_media":14228,"comment_status":"open","ping_status":"closed","sticky":false,"template":"","format":"standard","meta":{"_acf_changed":false,"_swt_meta_header_display":false,"_swt_meta_footer_display":false,"_swt_meta_site_title_display":false,"_swt_meta_sticky_header":false,"_swt_meta_transparent_header":false,"footnotes":""},"categories":[692],"tags":[],"coauthors":[],"class_list":["post-14226","post","type-post","status-publish","format-standard","has-post-thumbnail","hentry","category-actualitat"],"acf":{"gallery":null,"home_date":{"home_begin_date":null,"home_end_date":null}},"yoast_head":"<!-- This site is optimized with the Yoast SEO plugin v27.4 - https:\/\/yoast.com\/product\/yoast-seo-wordpress\/ -->\n<title>Mossegada Teatral a Santa Eug\u00e8nia 2014<\/title>\n<meta name=\"description\" content=\"Mossegada Teatral a Santa Eug\u00e8nia 2014. Quarterada Teatral Mostra de Teatre de Santa Eug\u00e8nia\" \/>\n<meta name=\"robots\" content=\"index, follow, max-snippet:-1, max-image-preview:large, max-video-preview:-1\" \/>\n<link rel=\"canonical\" href=\"https:\/\/gastronomicament.cat\/ca\/mossegada-teatral-santa-eugenia-2014\" \/>\n<meta property=\"og:locale\" content=\"ca_ES\" \/>\n<meta property=\"og:type\" content=\"article\" \/>\n<meta property=\"og:title\" content=\"Mossegada Teatral a Santa Eug\u00e8nia 2014\" \/>\n<meta property=\"og:description\" content=\"Mossegada Teatral a Santa Eug\u00e8nia 2014. Quarterada Teatral Mostra de Teatre de Santa Eug\u00e8nia\" \/>\n<meta property=\"og:url\" content=\"https:\/\/gastronomicament.cat\/ca\/mossegada-teatral-santa-eugenia-2014\" \/>\n<meta property=\"og:site_name\" content=\"Gastron\u00f2micament\" \/>\n<meta property=\"article:published_time\" content=\"2014-07-20T17:34:58+00:00\" \/>\n<meta property=\"article:modified_time\" content=\"2022-04-07T09:04:24+00:00\" \/>\n<meta property=\"og:image\" content=\"https:\/\/gastronomicament.cat\/wp-content\/uploads\/2014\/07\/mossegada-teatral-santa-eugenia-2014-.jpg\" \/>\n\t<meta property=\"og:image:width\" content=\"640\" \/>\n\t<meta property=\"og:image:height\" content=\"300\" \/>\n\t<meta property=\"og:image:type\" content=\"image\/jpeg\" \/>\n<meta name=\"author\" content=\"Redacci\u00f3\" \/>\n<meta name=\"twitter:card\" content=\"summary_large_image\" \/>\n<meta name=\"twitter:creator\" content=\"@gastronomicamen\" \/>\n<meta name=\"twitter:site\" content=\"@gastronomicamen\" \/>\n<meta name=\"twitter:label1\" content=\"Written by\" \/>\n\t<meta name=\"twitter:data1\" content=\"Redacci\u00f3\" \/>\n\t<meta name=\"twitter:label2\" content=\"Est. reading time\" \/>\n\t<meta name=\"twitter:data2\" content=\"1 minute\" \/>\n<script type=\"application\/ld+json\" class=\"yoast-schema-graph\">{\"@context\":\"https:\\\/\\\/schema.org\",\"@graph\":[{\"@type\":\"Article\",\"@id\":\"https:\\\/\\\/gastronomicament.cat\\\/ca\\\/mossegada-teatral-santa-eugenia-2014#article\",\"isPartOf\":{\"@id\":\"https:\\\/\\\/gastronomicament.cat\\\/ca\\\/mossegada-teatral-santa-eugenia-2014\"},\"author\":{\"name\":\"Redacci\u00f3\",\"@id\":\"https:\\\/\\\/gastronomicament.cat\\\/ca\\\/#\\\/schema\\\/person\\\/a7c85c537a1ed62799a5b8e0f686a37f\"},\"headline\":\"Mossegada Teatral a Santa Eug\u00e8nia 2014\",\"datePublished\":\"2014-07-20T17:34:58+00:00\",\"dateModified\":\"2022-04-07T09:04:24+00:00\",\"mainEntityOfPage\":{\"@id\":\"https:\\\/\\\/gastronomicament.cat\\\/ca\\\/mossegada-teatral-santa-eugenia-2014\"},\"wordCount\":274,\"commentCount\":0,\"publisher\":{\"@id\":\"https:\\\/\\\/gastronomicament.cat\\\/ca\\\/#organization\"},\"image\":{\"@id\":\"https:\\\/\\\/gastronomicament.cat\\\/ca\\\/mossegada-teatral-santa-eugenia-2014#primaryimage\"},\"thumbnailUrl\":\"https:\\\/\\\/gastronomicament.cat\\\/wp-content\\\/uploads\\\/2014\\\/07\\\/mossegada-teatral-santa-eugenia-2014-.jpg\",\"articleSection\":[\"Actualitat\"],\"inLanguage\":\"ca-ES\",\"potentialAction\":[{\"@type\":\"CommentAction\",\"name\":\"Comment\",\"target\":[\"https:\\\/\\\/gastronomicament.cat\\\/ca\\\/mossegada-teatral-santa-eugenia-2014#respond\"]}]},{\"@type\":\"WebPage\",\"@id\":\"https:\\\/\\\/gastronomicament.cat\\\/ca\\\/mossegada-teatral-santa-eugenia-2014\",\"url\":\"https:\\\/\\\/gastronomicament.cat\\\/ca\\\/mossegada-teatral-santa-eugenia-2014\",\"name\":\"Mossegada Teatral a Santa Eug\u00e8nia 2014\",\"isPartOf\":{\"@id\":\"https:\\\/\\\/gastronomicament.cat\\\/ca\\\/#website\"},\"primaryImageOfPage\":{\"@id\":\"https:\\\/\\\/gastronomicament.cat\\\/ca\\\/mossegada-teatral-santa-eugenia-2014#primaryimage\"},\"image\":{\"@id\":\"https:\\\/\\\/gastronomicament.cat\\\/ca\\\/mossegada-teatral-santa-eugenia-2014#primaryimage\"},\"thumbnailUrl\":\"https:\\\/\\\/gastronomicament.cat\\\/wp-content\\\/uploads\\\/2014\\\/07\\\/mossegada-teatral-santa-eugenia-2014-.jpg\",\"datePublished\":\"2014-07-20T17:34:58+00:00\",\"dateModified\":\"2022-04-07T09:04:24+00:00\",\"description\":\"Mossegada Teatral a Santa Eug\u00e8nia 2014. Quarterada Teatral Mostra de Teatre de Santa Eug\u00e8nia\",\"inLanguage\":\"ca-ES\",\"potentialAction\":[{\"@type\":\"ReadAction\",\"target\":[\"https:\\\/\\\/gastronomicament.cat\\\/ca\\\/mossegada-teatral-santa-eugenia-2014\"]}]},{\"@type\":\"ImageObject\",\"inLanguage\":\"ca-ES\",\"@id\":\"https:\\\/\\\/gastronomicament.cat\\\/ca\\\/mossegada-teatral-santa-eugenia-2014#primaryimage\",\"url\":\"https:\\\/\\\/gastronomicament.cat\\\/wp-content\\\/uploads\\\/2014\\\/07\\\/mossegada-teatral-santa-eugenia-2014-.jpg\",\"contentUrl\":\"https:\\\/\\\/gastronomicament.cat\\\/wp-content\\\/uploads\\\/2014\\\/07\\\/mossegada-teatral-santa-eugenia-2014-.jpg\",\"width\":640,\"height\":300},{\"@type\":\"WebSite\",\"@id\":\"https:\\\/\\\/gastronomicament.cat\\\/ca\\\/#website\",\"url\":\"https:\\\/\\\/gastronomicament.cat\\\/ca\\\/\",\"name\":\"Gastron\u00f2micament\",\"description\":\"Portal de restaurants, receptes i actualitat gastron\u00f2mica\",\"publisher\":{\"@id\":\"https:\\\/\\\/gastronomicament.cat\\\/ca\\\/#organization\"},\"potentialAction\":[{\"@type\":\"SearchAction\",\"target\":{\"@type\":\"EntryPoint\",\"urlTemplate\":\"https:\\\/\\\/gastronomicament.cat\\\/ca\\\/?s={search_term_string}\"},\"query-input\":{\"@type\":\"PropertyValueSpecification\",\"valueRequired\":true,\"valueName\":\"search_term_string\"}}],\"inLanguage\":\"ca-ES\"},{\"@type\":\"Organization\",\"@id\":\"https:\\\/\\\/gastronomicament.cat\\\/ca\\\/#organization\",\"name\":\"Gastron\u00f2micament\",\"url\":\"https:\\\/\\\/gastronomicament.cat\\\/ca\\\/\",\"logo\":{\"@type\":\"ImageObject\",\"inLanguage\":\"ca-ES\",\"@id\":\"https:\\\/\\\/gastronomicament.cat\\\/ca\\\/#\\\/schema\\\/logo\\\/image\\\/\",\"url\":\"https:\\\/\\\/gastronomicament.cat\\\/wp-content\\\/uploads\\\/2016\\\/09\\\/header-logo.jpg\",\"contentUrl\":\"https:\\\/\\\/gastronomicament.cat\\\/wp-content\\\/uploads\\\/2016\\\/09\\\/header-logo.jpg\",\"width\":277,\"height\":39,\"caption\":\"Gastron\u00f2micament\"},\"image\":{\"@id\":\"https:\\\/\\\/gastronomicament.cat\\\/ca\\\/#\\\/schema\\\/logo\\\/image\\\/\"},\"sameAs\":[\"https:\\\/\\\/x.com\\\/gastronomicamen\"]},{\"@type\":\"Person\",\"@id\":\"https:\\\/\\\/gastronomicament.cat\\\/ca\\\/#\\\/schema\\\/person\\\/a7c85c537a1ed62799a5b8e0f686a37f\",\"name\":\"Redacci\u00f3\",\"image\":{\"@type\":\"ImageObject\",\"inLanguage\":\"ca-ES\",\"@id\":\"https:\\\/\\\/secure.gravatar.com\\\/avatar\\\/9489a485c464fd611d33825daae651d13db70c4e74c65c94937a15a9d4c3ee14?s=96&d=mm&r=g69fea3cce3645dfa2166e7293e22955e\",\"url\":\"https:\\\/\\\/secure.gravatar.com\\\/avatar\\\/9489a485c464fd611d33825daae651d13db70c4e74c65c94937a15a9d4c3ee14?s=96&d=mm&r=g\",\"contentUrl\":\"https:\\\/\\\/secure.gravatar.com\\\/avatar\\\/9489a485c464fd611d33825daae651d13db70c4e74c65c94937a15a9d4c3ee14?s=96&d=mm&r=g\",\"caption\":\"Redacci\u00f3\"},\"sameAs\":[\"http:\\\/\\\/gastronomicament.cat\"],\"url\":\"https:\\\/\\\/gastronomicament.cat\\\/ca\\\/author\\\/admin\"}]}<\/script>\n<!-- \/ Yoast SEO plugin. -->","yoast_head_json":{"title":"Mossegada Teatral a Santa Eug\u00e8nia 2014","description":"Mossegada Teatral a Santa Eug\u00e8nia 2014. Quarterada Teatral Mostra de Teatre de Santa Eug\u00e8nia","robots":{"index":"index","follow":"follow","max-snippet":"max-snippet:-1","max-image-preview":"max-image-preview:large","max-video-preview":"max-video-preview:-1"},"canonical":"https:\/\/gastronomicament.cat\/ca\/mossegada-teatral-santa-eugenia-2014","og_locale":"ca_ES","og_type":"article","og_title":"Mossegada Teatral a Santa Eug\u00e8nia 2014","og_description":"Mossegada Teatral a Santa Eug\u00e8nia 2014. Quarterada Teatral Mostra de Teatre de Santa Eug\u00e8nia","og_url":"https:\/\/gastronomicament.cat\/ca\/mossegada-teatral-santa-eugenia-2014","og_site_name":"Gastron\u00f2micament","article_published_time":"2014-07-20T17:34:58+00:00","article_modified_time":"2022-04-07T09:04:24+00:00","og_image":[{"width":640,"height":300,"url":"https:\/\/gastronomicament.cat\/wp-content\/uploads\/2014\/07\/mossegada-teatral-santa-eugenia-2014-.jpg","type":"image\/jpeg"}],"author":"Redacci\u00f3","twitter_card":"summary_large_image","twitter_creator":"@gastronomicamen","twitter_site":"@gastronomicamen","twitter_misc":{"Written by":"Redacci\u00f3","Est. reading time":"1 minute"},"schema":{"@context":"https:\/\/schema.org","@graph":[{"@type":"Article","@id":"https:\/\/gastronomicament.cat\/ca\/mossegada-teatral-santa-eugenia-2014#article","isPartOf":{"@id":"https:\/\/gastronomicament.cat\/ca\/mossegada-teatral-santa-eugenia-2014"},"author":{"name":"Redacci\u00f3","@id":"https:\/\/gastronomicament.cat\/ca\/#\/schema\/person\/a7c85c537a1ed62799a5b8e0f686a37f"},"headline":"Mossegada Teatral a Santa Eug\u00e8nia 2014","datePublished":"2014-07-20T17:34:58+00:00","dateModified":"2022-04-07T09:04:24+00:00","mainEntityOfPage":{"@id":"https:\/\/gastronomicament.cat\/ca\/mossegada-teatral-santa-eugenia-2014"},"wordCount":274,"commentCount":0,"publisher":{"@id":"https:\/\/gastronomicament.cat\/ca\/#organization"},"image":{"@id":"https:\/\/gastronomicament.cat\/ca\/mossegada-teatral-santa-eugenia-2014#primaryimage"},"thumbnailUrl":"https:\/\/gastronomicament.cat\/wp-content\/uploads\/2014\/07\/mossegada-teatral-santa-eugenia-2014-.jpg","articleSection":["Actualitat"],"inLanguage":"ca-ES","potentialAction":[{"@type":"CommentAction","name":"Comment","target":["https:\/\/gastronomicament.cat\/ca\/mossegada-teatral-santa-eugenia-2014#respond"]}]},{"@type":"WebPage","@id":"https:\/\/gastronomicament.cat\/ca\/mossegada-teatral-santa-eugenia-2014","url":"https:\/\/gastronomicament.cat\/ca\/mossegada-teatral-santa-eugenia-2014","name":"Mossegada Teatral a Santa Eug\u00e8nia 2014","isPartOf":{"@id":"https:\/\/gastronomicament.cat\/ca\/#website"},"primaryImageOfPage":{"@id":"https:\/\/gastronomicament.cat\/ca\/mossegada-teatral-santa-eugenia-2014#primaryimage"},"image":{"@id":"https:\/\/gastronomicament.cat\/ca\/mossegada-teatral-santa-eugenia-2014#primaryimage"},"thumbnailUrl":"https:\/\/gastronomicament.cat\/wp-content\/uploads\/2014\/07\/mossegada-teatral-santa-eugenia-2014-.jpg","datePublished":"2014-07-20T17:34:58+00:00","dateModified":"2022-04-07T09:04:24+00:00","description":"Mossegada Teatral a Santa Eug\u00e8nia 2014. Quarterada Teatral Mostra de Teatre de Santa Eug\u00e8nia","inLanguage":"ca-ES","potentialAction":[{"@type":"ReadAction","target":["https:\/\/gastronomicament.cat\/ca\/mossegada-teatral-santa-eugenia-2014"]}]},{"@type":"ImageObject","inLanguage":"ca-ES","@id":"https:\/\/gastronomicament.cat\/ca\/mossegada-teatral-santa-eugenia-2014#primaryimage","url":"https:\/\/gastronomicament.cat\/wp-content\/uploads\/2014\/07\/mossegada-teatral-santa-eugenia-2014-.jpg","contentUrl":"https:\/\/gastronomicament.cat\/wp-content\/uploads\/2014\/07\/mossegada-teatral-santa-eugenia-2014-.jpg","width":640,"height":300},{"@type":"WebSite","@id":"https:\/\/gastronomicament.cat\/ca\/#website","url":"https:\/\/gastronomicament.cat\/ca\/","name":"Gastron\u00f2micament","description":"Portal de restaurants, receptes i actualitat gastron\u00f2mica","publisher":{"@id":"https:\/\/gastronomicament.cat\/ca\/#organization"},"potentialAction":[{"@type":"SearchAction","target":{"@type":"EntryPoint","urlTemplate":"https:\/\/gastronomicament.cat\/ca\/?s={search_term_string}"},"query-input":{"@type":"PropertyValueSpecification","valueRequired":true,"valueName":"search_term_string"}}],"inLanguage":"ca-ES"},{"@type":"Organization","@id":"https:\/\/gastronomicament.cat\/ca\/#organization","name":"Gastron\u00f2micament","url":"https:\/\/gastronomicament.cat\/ca\/","logo":{"@type":"ImageObject","inLanguage":"ca-ES","@id":"https:\/\/gastronomicament.cat\/ca\/#\/schema\/logo\/image\/","url":"https:\/\/gastronomicament.cat\/wp-content\/uploads\/2016\/09\/header-logo.jpg","contentUrl":"https:\/\/gastronomicament.cat\/wp-content\/uploads\/2016\/09\/header-logo.jpg","width":277,"height":39,"caption":"Gastron\u00f2micament"},"image":{"@id":"https:\/\/gastronomicament.cat\/ca\/#\/schema\/logo\/image\/"},"sameAs":["https:\/\/x.com\/gastronomicamen"]},{"@type":"Person","@id":"https:\/\/gastronomicament.cat\/ca\/#\/schema\/person\/a7c85c537a1ed62799a5b8e0f686a37f","name":"Redacci\u00f3","image":{"@type":"ImageObject","inLanguage":"ca-ES","@id":"https:\/\/secure.gravatar.com\/avatar\/9489a485c464fd611d33825daae651d13db70c4e74c65c94937a15a9d4c3ee14?s=96&d=mm&r=g69fea3cce3645dfa2166e7293e22955e","url":"https:\/\/secure.gravatar.com\/avatar\/9489a485c464fd611d33825daae651d13db70c4e74c65c94937a15a9d4c3ee14?s=96&d=mm&r=g","contentUrl":"https:\/\/secure.gravatar.com\/avatar\/9489a485c464fd611d33825daae651d13db70c4e74c65c94937a15a9d4c3ee14?s=96&d=mm&r=g","caption":"Redacci\u00f3"},"sameAs":["http:\/\/gastronomicament.cat"],"url":"https:\/\/gastronomicament.cat\/ca\/author\/admin"}]}},"_links":{"self":[{"href":"https:\/\/gastronomicament.cat\/ca\/wp-json\/wp\/v2\/posts\/14226","targetHints":{"allow":["GET"]}}],"collection":[{"href":"https:\/\/gastronomicament.cat\/ca\/wp-json\/wp\/v2\/posts"}],"about":[{"href":"https:\/\/gastronomicament.cat\/ca\/wp-json\/wp\/v2\/types\/post"}],"author":[{"embeddable":true,"href":"https:\/\/gastronomicament.cat\/ca\/wp-json\/wp\/v2\/users\/1"}],"replies":[{"embeddable":true,"href":"https:\/\/gastronomicament.cat\/ca\/wp-json\/wp\/v2\/comments?post=14226"}],"version-history":[{"count":0,"href":"https:\/\/gastronomicament.cat\/ca\/wp-json\/wp\/v2\/posts\/14226\/revisions"}],"wp:featuredmedia":[{"embeddable":true,"href":"https:\/\/gastronomicament.cat\/ca\/wp-json\/wp\/v2\/media\/14228"}],"wp:attachment":[{"href":"https:\/\/gastronomicament.cat\/ca\/wp-json\/wp\/v2\/media?parent=14226"}],"wp:term":[{"taxonomy":"category","embeddable":true,"href":"https:\/\/gastronomicament.cat\/ca\/wp-json\/wp\/v2\/categories?post=14226"},{"taxonomy":"post_tag","embeddable":true,"href":"https:\/\/gastronomicament.cat\/ca\/wp-json\/wp\/v2\/tags?post=14226"},{"taxonomy":"author","embeddable":true,"href":"https:\/\/gastronomicament.cat\/ca\/wp-json\/wp\/v2\/coauthors?post=14226"}],"curies":[{"name":"wp","href":"https:\/\/api.w.org\/{rel}","templated":true}]}}