{"id":14370,"date":"2014-09-16T14:26:28","date_gmt":"2014-09-16T12:26:28","guid":{"rendered":"http:\/\/gastronomicament.cat\/?p=14370"},"modified":"2022-04-07T11:04:28","modified_gmt":"2022-04-07T09:04:28","slug":"mallorquina-cuina-2014","status":"publish","type":"post","link":"https:\/\/gastronomicament.cat\/ca\/mallorquina-cuina-2014","title":{"rendered":"Mallorquina Cuina 2014"},"content":{"rendered":"<p>Les jornades gastron\u00f2miques Mallorquina Cuina donen l&#8217;oportunitat de tastar els plats m\u00e9s tradicionals de la gastronomia mallorquina.<\/p>\n<p><strong>Mallorca Cuina 2014<\/strong> compta amb la implicaci\u00f3 de restaurants d&#8217;Alc\u00fadia, Calvi\u00e0, Felanitx, Inca, Llucmajor, Maria de la Salut, Palma, Pollen\u00e7a i Santa Eug\u00e8nia, <strong>del 12 al 19 de setembre<\/strong> de 2014.<\/p>\n<p>[ezcol_1third]<\/p>\n<p><span style=\"color: #ff0000;\"><strong>ALC\u00daDIA<\/strong><\/span><\/p>\n<div><strong>Restaurant S\u2019Oli Verge<br \/>\n<\/strong>C\/ Fassers, 2 (Port d\u2019Alc\u00fadia)<br \/>\nHorari cuina: de 10 a 16 i de 18.30 a 23.30 h<br \/>\nDilluns, tancat<br \/>\nTel. 971 892839<br \/>\nMEN\u00da<br \/>\nPrimer plat (triau-ne un)<br \/>\nSopes mallorquines o tremp\u00f3 de s\u00edpia amb sobrassada o frit mallorqu\u00ed amb ensalada russa<br \/>\nSegon plat (triau-ne un)<br \/>\nBacall\u00e0 amb pur\u00e9 de porros i ametles o costelletes de porcella fregides amb all o pa amb oli de s\u00edpia a la graella amb allioli de tinta o pica-pica de s\u00edpia<br \/>\nPostres (triau-ne un)<br \/>\nP\u00fading d\u2019ensa\u00efmada o past\u00eds de brossat o gat\u00f3 amb gelat d\u2019ametles<br \/>\nBeguda<br \/>\nVins Jos\u00e9 Lu\u00eds Ferrer anyada, Santa Clara rosat o blanc (Maci\u00e0 Batle) i aigua<br \/>\nPreu: 16 \u20ac IVA incl\u00f2s<\/div>\n<div>\n<div><span style=\"color: #ff0000;\"><strong>CALVI\u00c0<\/strong><\/span><\/div>\n<div><strong>Mes\u00f3n Son Ferrer<\/strong><br \/>\nC\/ del Mussol, 4 (Son Ferrer)<br \/>\nHorari cuina: de 13 a 24 h<br \/>\nTel. 971 230978<br \/>\nlaspalmeras79@hotmail.com<br \/>\nMEN\u00da<br \/>\nEntrants<br \/>\nPa mallorqu\u00ed torrat amb allioli, olives i salsa de tom\u00e0tiga trempada<br \/>\nPrimer plat (triar-ne un)<br \/>\nS\u00edpia amb sobrassada o frit de matances<br \/>\nSegon plat (triar-ne un)<br \/>\nLlom amb col confitat en el forn de llenya o bacall\u00e0 gratinat amb allioli de sobrassada<br \/>\nPostres (triar-ne un)<br \/>\nEnsa\u00efmada de crema cremada o cardinal de Lloseta<br \/>\nBeguda: copa de vi mallorqu\u00ed, aigua, canya o refresc incl\u00f2s<br \/>\nPreu: 18 \u20ac IVA incl\u00f2s<strong>Hotel Port Adriano<\/strong><br \/>\nCtra. Magalluf-Santa Pon\u00e7a, 10 (El Toro)<br \/>\nHorari cuina: de 19.30 a 22.30 h<br \/>\nTel. 971 237323<br \/>\nMEN\u00da<br \/>\nAperitiu<br \/>\nFrit mallorqu\u00ed<br \/>\nTumbet mallorqu\u00ed amb cuixot ib\u00e8ric<br \/>\nAlberg\u00ednia farcida de serviola i espinacs amb ametles torrades<br \/>\nPollastr\u00f3 amb col sobre terrina de patates i amb suc de sobrassada<br \/>\nPostre<br \/>\nCoca d\u2019albercoc amb crema de llet cremada i amb gelat de roman\u00ed<br \/>\nBeguda: aigua i vins mallorquins inclosos<br \/>\nPreu: 60 \u20ac IVA incl\u00f2s per persona<strong>Mes\u00f3n del Mar<\/strong><br \/>\nAv. del Rei Jaume I, 103 (Santa Pon\u00e7a)<br \/>\nHorari cuina: de 12 a 24 h<br \/>\nTel. 971 692313<br \/>\nMEN\u00da<br \/>\nEntrant<br \/>\nArr\u00f2s sec de pollastre de corral amb caragols<br \/>\nPrincipal<br \/>\nCuixa de xotet desnossada i saltejada amb g\u00edrgoles i alls tendres<br \/>\nPostres<br \/>\nFlam casol\u00e0 o ensa\u00efmada<br \/>\nBeguda<br \/>\nVi Randemar o Ses Nines (250 cl) i aigua<br \/>\nPreu: 16 \u20ac IVA incl\u00f2s<\/p>\n<\/div>\n<\/div>\n<div><\/div>\n<div><span style=\"color: #ff0000;\"><strong>FELANITX<\/strong><\/span><\/div>\n<p><strong>Restaurant Castillo del Bosque<\/strong><br \/>\nCtra. Felanitx-Portocolom, km 8<br \/>\nHorari cuina: 12.30 a 15.45 i de 19 a 22.30 h<br \/>\nTel. 971 824144<br \/>\nrestaurante@elcastillodelbosque.es<br \/>\nMENU<br \/>\nPa, oli de Mallorca i sobrassada<br \/>\nPrimer plat (triau-ne un)<br \/>\nFrit mallorqu\u00ed de matances o sopes mallorquines<br \/>\nSegon plat (triau-ne un)<br \/>\nCalamars farcits de carn i espinacs o Llom amb col<br \/>\nPostre<br \/>\nEnsa\u00efmada o past\u00eds d\u2019albercoc i sobrassada<br \/>\nBeguda: Vi mallorqu\u00ed i aigua<br \/>\nOpcional + 6 \u20ac Gint\u00f2nic de figues amb ginebra suau<br \/>\nPreu: 30 \u20ac IVA incl\u00f2s<\/p>\n<p><strong>Restaurant Orange Colom<\/strong><br \/>\nC\/ d\u2019Assumpci\u00f3, 22 (Portocolom)<br \/>\nHorari cuina: de 12.30 a 15 i de 19.30 a 23 h<br \/>\nTel. 971 825444<br \/>\nMEN\u00da<br \/>\nMen\u00fa 1<br \/>\nPrimer plat: sopa torrada de peix<br \/>\nSegon plat: s\u00edpia amb ceba<br \/>\nPostres: alberg\u00ednies amb mel, ensa\u00efmada mallorquina<br \/>\nBeguda: vi blanc de la terra , aigua o refresc, caf\u00e8<br \/>\nPreu: 25 euros IVA incl\u00f2s<\/p>\n<p>Men\u00fa 2<br \/>\nPrimer plat: pop amb salsa de magrana i ametles<br \/>\nSegon plat: llampuga amb pebres torrats i picornells<br \/>\nPostres: menjar blanc amb codony, ensa\u00efmada mallorquina<br \/>\nBeguda: vi blanc de la terra, aigua o refresc, caf\u00e8<br \/>\nPreu: 25 \u20ac IVA incl\u00f2s[\/ezcol_1third]<\/p>\n<p>[ezcol_1third]<\/p>\n<div><span style=\"color: #ff0000;\"><strong>INCA<\/strong><\/span><\/div>\n<div><\/div>\n<div><strong>Restaurant Celler Can Ripoll<\/strong><br \/>\nC\/ de Jaume Armengol, 4<br \/>\nDiumenge vespre, tancat<br \/>\nHorari cuina: de 12.30 a 16 i de 19.30 a 23 h<br \/>\nTel. 971 500024<br \/>\ncellercanripoll@hotmail.com<br \/>\nMEN\u00da<br \/>\nPrimer plat<br \/>\nBarqueta de sobrassada amb formatge maon\u00e8s<br \/>\nSegon plat<br \/>\nSopes mallorquines<br \/>\nTercer plat<br \/>\nRajada amb tumbet<br \/>\nPostres<br \/>\nEnsa\u00efmada o gat\u00f3 amb gelat d\u2019ametla blanca<br \/>\nBeguda<br \/>\nCopa de J. Luis Ferrer o de Can Vidalet negre cza. o blanc, aigua mineral i caf\u00e8 inclosos (una consumici\u00f3 per persona).<br \/>\nPreu: 25 \u20ac IVA incl\u00f2s<\/div>\n<div>\n<div><\/div>\n<div><\/div>\n<div><strong><span style=\"color: #ff0000;\">LLUCMAJOR<\/span><\/strong><\/div>\n<div><\/div>\n<div><strong>Golf Maioris<\/strong><br \/>\nCtra. Cala Pi-Golf Maioris<br \/>\nHorari cuina: de 12 a 17 h<br \/>\nTel. 971 748315<br \/>\nMEN\u00da<br \/>\nBacall\u00e0 amb sobrassada i mel<br \/>\nCopa de vi mallorqu\u00ed<br \/>\nPreu: 12 \u20ac IVA incl\u00f2s<strong>Restaurant Es Bullit CB<\/strong><br \/>\nC\/ de Joan d\u2019\u00c0ustria, 16 (Badia Blava)<br \/>\nDilluns, tancat<br \/>\nHorari cuina: de 13 a 16 h<br \/>\nTel. 971 109044<br \/>\nesbullitdebahia@gmail.com<br \/>\nMEN\u00da<br \/>\n<strong>divendres 12 <\/strong><br \/>\n1r \u2013 fava pelada<br \/>\n2n \u2013 mussola amb pebres<br \/>\n<strong>dissabte 13<\/strong><br \/>\n1r \u2013 arr\u00f2s amb conill i caragols<br \/>\n2n &#8211; s\u00edpia amb sobrassada i carabassa<br \/>\n<strong>diumenge 14 <\/strong><br \/>\n1r \u2013 pop amb tremp\u00f3<br \/>\n2n \u2013 porcella rostida<br \/>\n<strong>dimarts 16 <\/strong><br \/>\n1r \u2013 ensalada de pebres i bacall\u00e0<br \/>\n2n &#8211; tumbet amb filet de porc<br \/>\n<strong>dimecres 17 <\/strong><br \/>\n1r \u2013 sopes mallorquines<br \/>\n2n \u2013 rodet<br \/>\n<strong>dijous 18 <\/strong><br \/>\n1r \u2013 frit de verduretes amb botifarr\u00f3<br \/>\n2n \u2013 bullit de peix<br \/>\n<strong>divendres 19 <\/strong><br \/>\n1r \u2013 sopes mallorquines<br \/>\n2n \u2013 llom amb colpostres (triau-ne un)<br \/>\nensa\u00efmada de crema cremada o brossat amb salsa de melicot\u00f3 o albercocs amb vi negre<br \/>\nbegudes<br \/>\ncopa de vi negre, blanc o rosat, aigua o refresc<br \/>\npa, olives i allioli<br \/>\nPreu: de dimarts a dissabte: 10 \u20ac. Diumenge: 14,90 \u20ac IVA incl\u00f2s<\/p>\n<\/div>\n<\/div>\n<div><span style=\"color: #ff0000;\"><strong>MARIA DE LA SALUT<\/strong><\/span><\/div>\n<p><strong>Ca\u2019s Padr\u00ed Toni<\/strong><br \/>\nC\/ de Villalonga, 9<br \/>\nDilluns, tancat<br \/>\nHorari cuina: de 13 a 16 i de 20 a 23 h<br \/>\nTel. 971 858 016<br \/>\nwww.caspadritoni.es<br \/>\nMEN\u00da<br \/>\nPicada<br \/>\nCaragols<br \/>\nPlat principal<br \/>\nOus estrellats amb tumbet<br \/>\nPostres<br \/>\nGat\u00f3 amb gelat d\u2019ametla<br \/>\nBeguda<br \/>\nCopa de vi de Binissalem, aigua i caf\u00e8<br \/>\nPreu: 17 \u20ac IVA incl\u00f2s<\/p>\n<p><span style=\"color: #ff0000;\"><strong>POLLEN\u00c7A<\/strong><\/span><\/p>\n<div><strong>Restaurant IRU<\/strong><br \/>\nPasseig Anglada Camarassa, 23 (Port de Pollen\u00e7a)<br \/>\nHorari cuina: de 12.30 a 15.30 i de 19 a 22.30 h<br \/>\nTel. 971 867002<br \/>\nMEN\u00da<br \/>\nPicada<br \/>\nFrit mariner, croquetes de formatge maon\u00e8s i sobrassada i pa amb oli de bolets i pernil serr\u00e0<br \/>\nPrincipal (triau-ne un)<br \/>\nLlu\u00e7 a la marinera o porcella confitada amb tumbet<br \/>\nPostres<br \/>\nCoca d\u2019albercoc amb gelat de llet preparada<br \/>\nPa<br \/>\nBeguda: copa de vi mallorqu\u00ed blanc o negre<br \/>\nPreu: 26 \u20ac IVA incl\u00f2s<strong>Restaurant Brisas<\/strong><br \/>\nPasseig Anglada Camarassa, 27 (Port de Pollen\u00e7a)<br \/>\nHorari cuina: de 12 a 23 hores<br \/>\nTel. 971 867000<br \/>\nRestaurante_brisas@hotmail.com<br \/>\nwww.restaurantebrisas.es<br \/>\nMEN\u00da<br \/>\nAperitiu<br \/>\nCroquetes de botifarr\u00f3 i sobrassada<br \/>\nEntrant<br \/>\nSopa freda d\u2019ametla amb harmonia de marisc<br \/>\nSegon plat<br \/>\nCuixa d\u2019anyell mallorqu\u00ed farcida d\u2019orellanes amb moscatell<br \/>\nPostres<br \/>\nEnsa\u00efmada fregida amb crema d\u2019albercoc<br \/>\nCaf\u00e8<br \/>\nVi: copa de blanc Veritas Blanc (Binissalem) o de rosat Pedra de Binissalem ecol\u00f2gic o de negre Veritas Vinyes Velles (Binissalem) i aigua<br \/>\nPreu: 21,50 \u20ac IVA incl\u00f2s<\/div>\n<div><\/div>\n<div><strong><span style=\"color: #ff0000;\">SANTA EUG\u00c8NIA<\/span><\/strong><\/div>\n<p><strong>Restaurant Santi Pons<\/strong><br \/>\nCtra. Palma-Sineu, km 15,5 (davant Natura Parc)<br \/>\nHorari cuina: de 12 a 14.45 i de 20 a 22 h<br \/>\nDilluns, dimarts i diumenge vespre, tancat<br \/>\nTel. 971 144197<br \/>\nrestaurant@santipons.es<br \/>\nMEN\u00da<br \/>\nEntrant<br \/>\nRaoles de bacall\u00e0 amb bledes i coliflor arrebossada(recuperaci\u00f3 de la cuina de Coloma Abrinas \u2013 1966)<br \/>\nPrincipals<br \/>\nTumbet amb sobrassada de porc negre (la nostra adaptaci\u00f3 a la recepta mallorquina tradicional)<br \/>\nEscabetxo de gall de Sant Pere<br \/>\nPostres<br \/>\nParfait d\u2019ametla mallorquina i ensa\u00efmada<br \/>\nBeguda<br \/>\nCopa de vi blanc o negre i aigua<br \/>\nPreu: 26 \u20ac p.p. IVA incl\u00f2s<\/p>\n<p>[\/ezcol_1third]<\/p>\n<p>[ezcol_1third_end]<\/p>\n<div><span style=\"color: #ff0000;\"><strong>PALMA<\/strong><\/span><\/div>\n<p><strong>Bar Mavi<\/strong><br \/>\nC\/ de 31 de desembre, 29<br \/>\nHorari cuina: de 13 a 16 i de 20 a 23 h<br \/>\nDiumenge tancat tot el dia<br \/>\nTel. 971 290 005<br \/>\nhttp:\/\/ barmavisl.wordpress.com<br \/>\nbarmavisl@hotmail.com<\/p>\n<p>MEN\u00da DIARI<br \/>\nDivendres, 12 de setembre<br \/>\nMen\u00fa especial Diada de Mallorca 2014<\/p>\n<p>Tast d\u2019oli mallorqu\u00ed i de sobrassada de Mallorca<br \/>\nPrimer plat (triau-ne un)<br \/>\nFideus de llampuga o coca de tremp\u00f3 i coca de pebres<br \/>\nSegon plat (triau-ne un)<br \/>\nLlom amb col o s\u00edpia mallorquina<br \/>\nPostres (triau-ne un)<br \/>\nEnsa\u00efmada de la diada o gelat d&#8217;ametla<br \/>\nBeguda (triau-ne una)<br \/>\nVi mallorqu\u00ed o canya de cervesa, \u00bd l d\u2019aigua, llauna de refresc,\u00bd l de gasosa<\/p>\n<p>Dissabte, 13 de setembre<br \/>\nTast d\u2019oli mallorqu\u00ed i de sobrassada de Mallorca<br \/>\nPrimer plat (triau-ne un)<br \/>\nBurballes casolanes o tremp\u00f3 d\u2019arengades<br \/>\nSegon plat (triau-ne un)<br \/>\nFrit mallorqu\u00ed o mussola en escabetxo<br \/>\nPostres (triau-ne un)<br \/>\nEnsa\u00efmada de la Diada o sorbet d\u2019ametla<br \/>\nBeguda (triau-ne una)<br \/>\nVi mallorqu\u00ed o canya de cervesa, \u00bd l d\u2019aigua, llauna de refresc,\u00bd l de gasosa<\/p>\n<p>Dilluns, 15 de setembre<br \/>\nTast d\u2019oli mallorqu\u00ed i de sobrassada de Mallorca<br \/>\nPrimer plat (triau-ne un)<br \/>\nArr\u00f2s brut o greixera d\u2019ous<br \/>\nSegon plat (triau-ne un)<br \/>\nFrit de matances o calamars farcits<br \/>\nPostres (triau-ne un)<br \/>\nEnsa\u00efmada de la Diada o sorbet d\u2019ametla<br \/>\nBeguda (triau-ne una)<br \/>\nVi mallorqu\u00ed o canya de cervesa, \u00bd l d\u2019aigua, llauna de refresc,\u00bd l de gasosa<\/p>\n<p>Dimarts, 16 de setembre<br \/>\nTast d\u2019oli mallorqu\u00ed i de sobrassada de Mallorca<br \/>\nPrimer plat (triau-ne un)<br \/>\nFava parada o sopes de matances<br \/>\nSegon plat (triau-ne un)<br \/>\nEscaldums de pollastre o llampuga amb pebres<br \/>\nPostres (triau-ne un)<br \/>\nEnsa\u00efmada de la Diada o sorbet d\u2019ametla<br \/>\nBeguda (triau-ne una)<br \/>\nVi mallorqu\u00ed o canya de cervesa, \u00bd l d\u2019aigua, llauna de refresc,\u00bd l de gasosa<\/p>\n<p>Dimecres, 17 de setembre<br \/>\nTast d\u2019oli mallorqu\u00ed i de sobrassada de Mallorca<br \/>\nPrimer plat (triau-ne un)<br \/>\nSopa de bullit o tumbet amb ou fregit<br \/>\nSegon plat (triau-ne un)<br \/>\nBullit de carn i verdures o bacall\u00e0 al forn a la mallorquina<br \/>\nPostres (triau-ne un)<br \/>\nEnsa\u00efmada de la Diada o sorbet d\u2019ametla<br \/>\nBeguda (triau-ne una)<br \/>\nVi mallorqu\u00ed o canya de cervesa, \u00bd l d\u2019aigua, llauna de refresc,\u00bd l de gasosa<\/p>\n<p>Dijous, 18 de setembre<br \/>\nTast d\u2019oli mallorqu\u00ed i de sobrassada de Mallorca<br \/>\nPrimer plat (triau-ne un)<br \/>\nSopes solleriques o ciurons escaldins<br \/>\nSegon plat (triau-ne un)<br \/>\nAlberg\u00ednies farcides de carn o guisat de s\u00edpia<br \/>\nPostres (triau-ne un)<br \/>\nEnsa\u00efmada de la Diada o sorbet d\u2019ametla<br \/>\nBeguda (triau-ne una)<br \/>\nVi mallorqu\u00ed o canya de cervesa, \u00bd l d\u2019aigua, llauna de refresc,\u00bd l de gasosa<\/p>\n<p>Divendres, 19 de setembre<br \/>\nTast d\u2019oli mallorqu\u00ed i de sobrassada de Mallorca<br \/>\nPrimer plat (triau-ne un)<br \/>\nCrema d\u2019ametles o frit de pop<br \/>\nSegon plat (triau-ne un)<br \/>\nConill amb caragols o rajada a la mallorquina<br \/>\nPostres (triau-ne un)<br \/>\nEnsa\u00efmada de la Diada o sorbet d\u2019ametla<br \/>\nBeguda (triau-ne una)<br \/>\nVi mallorqu\u00ed o canya de cervesa, \u00bd l d\u2019aigua, llauna de refresc,\u00bd l de gasosa<\/p>\n<p>Preu tots els dies: 10,90 \u20ac IVA incl\u00f2s<br \/>\nExtres men\u00fa (0,60 \u20ac): maionesa, allioli, pebre, ravenets, olives, nata, envinagrats, mantega, etc.<br \/>\nNOTA: els men\u00fas no es poden fraccionar o compartir<\/p>\n<p><strong>Restaurant Calanova<\/strong><br \/>\nC\/ Joan Mir\u00f3, 327<br \/>\nHorari cuina: de 12 a 16 i de 19 a 23 h<br \/>\nTel. 971 700238<br \/>\nMEN\u00da<br \/>\nEntrant<br \/>\nFrit mallorqu\u00ed mariner<br \/>\nPlat principal<br \/>\nArr\u00f2s negre de s\u00edpia<br \/>\nPostres<br \/>\nGat\u00f3 amb gelat d\u2019ametla<br \/>\nBeguda<br \/>\nVi mallorqu\u00ed negre o blanc<br \/>\nAigua i caf\u00e8<br \/>\nPreu: 18 \u20ac, IVA incl\u00f2s<\/p>\n<p><strong>Es Baret<\/strong><br \/>\nAv. de Gabriel Alomar i Villalonga, 10b<br \/>\nHorari cuina: de 9.30 a 22.30 h<br \/>\nTel. 617 724531<br \/>\nborianatsaneva@hotmail.com<br \/>\nMEN\u00da<br \/>\nPrimer plat<br \/>\nFrit de camaiot amb cruixent de carxofes (tapa 3,50 \u20ac\/ racci\u00f3 9 \u20ac)<br \/>\nSegon plat<br \/>\nCanel\u00f3 de porro farcit de tumbet, s\u00edpia i pinyons (tapa 3,50 \u20ac \/racci\u00f3 10 \u20ac)<br \/>\nPostre<br \/>\nDel\u00edcia de formatge, ametles i confitura de figues(racci\u00f3 3,75 \u20ac) o ensa\u00efmada de crema<br \/>\nPa, olives i copa de vi mallorqu\u00ed<br \/>\nPreu del men\u00fa complet: 12\u20ac IVA incl\u00f2s. Tamb\u00e9 es pot demanar tapa o racci\u00f3 per separat.<\/p>\n<p><strong>Hotel Can Cera<\/strong><br \/>\nC\/ de Sant Francesc, 8<br \/>\nHorari cuina: de 13 a 15.30 i de 19 a 22.30 h<br \/>\nTel. 971 715012<br \/>\nsubdireccion@cancerahotel.com<br \/>\nMEN\u00da<br \/>\nEntrants<br \/>\nTremp\u00f3 mallorqu\u00ed amb tonyina al vinagre de sidra<br \/>\nPlat principal per a triar<br \/>\nFrit mallorqu\u00ed de marisc o alberg\u00ednies farcides de carn<br \/>\nPostres per a triar<br \/>\nEnsa\u00efmada de la Diada o gelat de mandarina de S\u00f3ller<br \/>\nTast de sobrassada i oli mallorqu\u00ed<br \/>\nBeguda<br \/>\nAigua, vi mallorqu\u00ed ( blanc o negre)<br \/>\nPreu: 35 \u20ac IVA incl\u00f2s<\/p>\n<p><strong>Restaurant S\u2019Hostal des Pl\u00e0<\/strong><br \/>\nCtra. Manacor, km 12,5<br \/>\nHorari cuina: de 13 a 16 i de 20 a 23 h<br \/>\nDiumenge vespre i dilluns, tancat<br \/>\nMEN\u00da<br \/>\nPrimer plat (triau-ne un)<br \/>\nCanelons a la mallorquina<br \/>\nSopes mallorquines<br \/>\nSopes escaldades de peix<br \/>\nCuinat de llenties<br \/>\nEnsalada de pebres i alberg\u00ednies amb bacall\u00e0<br \/>\nSegon plat (triau-ne un)<br \/>\nLlengua amb t\u00e0peres<br \/>\nFrit mallorqu\u00ed<br \/>\nCostelleta de porc amb mel<br \/>\n\u00c0nnera amb taronja<br \/>\nEscaldums d\u2019indiot i pilotes<br \/>\nBacall\u00e0 a la mallorquina<br \/>\nPostres (triau-ne un)<br \/>\nGat\u00f3 amb gelat<br \/>\nP\u00fading d\u2019ensa\u00efmada<br \/>\nPoma al forn<br \/>\nSufl\u00e9<br \/>\nBeguda: vi i aigua<br \/>\nPreu: de dimarts a divendres: 11\u20ac, dissabte i diumenge: 15\u20ac (ambd\u00f3s IVA incl\u00f2s)<\/p>\n<p><strong>Es Baluard<\/strong><br \/>\nPla\u00e7a Porta de Santa Catalina, 9<br \/>\nHorari cuina: de 13 a 16 h<br \/>\nTel. 971 908199<br \/>\nMEN\u00da<br \/>\nGall de costa amb ceba<br \/>\nCopa de vi mallorqu\u00ed<br \/>\nPreu: 19 \u20ac IVA incl\u00f2s<\/p>\n<p><strong>Brisas del Mediterr\u00e1neo<\/strong><br \/>\nAv. Bartomeu Riutort, 101 (Ca\u2019n Pastilla)<br \/>\nHorari cuina: de 12.30 a 22.30 h<br \/>\nTel. 971 263781<br \/>\nMEN\u00da<br \/>\nAperitiu<br \/>\nCoca de pebres torrats amb sobrassada<br \/>\nEntrant<br \/>\nRevoltim de tumbet<br \/>\nPrincipal (triau-ne un)<br \/>\nSupremes de gall de Sant Pere amb salsa de nous o<br \/>\nMedallons de filet de porc amb salsa de pat\u00e9 de Felanitx<br \/>\nPostres<br \/>\nPast\u00eds de frare damunt ensa\u00efmada<br \/>\nBegudes<br \/>\nSes Nines, blanc o negre (2 copes per persona), cervesa, aigua o refrescs<br \/>\nCaf\u00e8 mediterrani<br \/>\nPreu: 18,50 \u20ac IVA incl\u00f2s<\/p>\n<p>[\/ezcol_1third_end]<!--more--><\/p>\n","protected":false},"excerpt":{"rendered":"<p>Les jornades gastron\u00f2miques Mallorquina Cuina donen l&#8217;oportunitat de tastar els plats m\u00e9s tradicionals de la gastronomia mallorquina. Mallorca Cuina 2014 compta amb la implicaci\u00f3 de restaurants d&#8217;Alc\u00fadia, Calvi\u00e0, Felanitx, Inca, Llucmajor, Maria de la Salut, Palma, Pollen\u00e7a i Santa Eug\u00e8nia, del 12 al 19 de setembre de 2014. [ezcol_1third] ALC\u00daDIA Restaurant S\u2019Oli Verge C\/ Fassers, [&hellip;]<\/p>\n","protected":false},"author":1,"featured_media":14372,"comment_status":"open","ping_status":"closed","sticky":false,"template":"","format":"standard","meta":{"_acf_changed":false,"_swt_meta_header_display":false,"_swt_meta_footer_display":false,"_swt_meta_site_title_display":false,"_swt_meta_sticky_header":false,"_swt_meta_transparent_header":false,"footnotes":""},"categories":[692],"tags":[],"coauthors":[],"class_list":["post-14370","post","type-post","status-publish","format-standard","has-post-thumbnail","hentry","category-actualitat"],"acf":{"gallery":null,"home_date":{"home_begin_date":null,"home_end_date":null}},"yoast_head":"<!-- This site is optimized with the Yoast SEO plugin v27.4 - https:\/\/yoast.com\/product\/yoast-seo-wordpress\/ -->\n<title>Mallorquina Cuina 2014<\/title>\n<meta name=\"description\" content=\"Mallorquina Cuina 2014. Jornades gastron\u00f2miques\" \/>\n<meta name=\"robots\" content=\"index, follow, max-snippet:-1, max-image-preview:large, max-video-preview:-1\" \/>\n<link rel=\"canonical\" href=\"https:\/\/gastronomicament.cat\/ca\/mallorquina-cuina-2014\" \/>\n<meta property=\"og:locale\" content=\"ca_ES\" \/>\n<meta property=\"og:type\" content=\"article\" \/>\n<meta property=\"og:title\" content=\"Mallorquina Cuina 2014\" \/>\n<meta property=\"og:description\" content=\"Mallorquina Cuina 2014. Jornades gastron\u00f2miques\" \/>\n<meta property=\"og:url\" content=\"https:\/\/gastronomicament.cat\/ca\/mallorquina-cuina-2014\" \/>\n<meta property=\"og:site_name\" content=\"Gastron\u00f2micament\" \/>\n<meta property=\"article:published_time\" content=\"2014-09-16T12:26:28+00:00\" \/>\n<meta property=\"article:modified_time\" content=\"2022-04-07T09:04:28+00:00\" \/>\n<meta property=\"og:image\" content=\"https:\/\/gastronomicament.cat\/wp-content\/uploads\/2014\/09\/mallorquina-cuina-2014.jpg\" \/>\n\t<meta property=\"og:image:width\" content=\"640\" \/>\n\t<meta property=\"og:image:height\" content=\"300\" \/>\n\t<meta property=\"og:image:type\" content=\"image\/jpeg\" \/>\n<meta name=\"author\" content=\"Redacci\u00f3\" \/>\n<meta name=\"twitter:card\" content=\"summary_large_image\" \/>\n<meta name=\"twitter:creator\" content=\"@gastronomicamen\" \/>\n<meta name=\"twitter:site\" content=\"@gastronomicamen\" \/>\n<meta name=\"twitter:label1\" content=\"Written by\" \/>\n\t<meta name=\"twitter:data1\" content=\"Redacci\u00f3\" \/>\n\t<meta name=\"twitter:label2\" content=\"Est. reading time\" \/>\n\t<meta name=\"twitter:data2\" content=\"10 minutes\" \/>\n<script type=\"application\/ld+json\" class=\"yoast-schema-graph\">{\"@context\":\"https:\\\/\\\/schema.org\",\"@graph\":[{\"@type\":\"Article\",\"@id\":\"https:\\\/\\\/gastronomicament.cat\\\/ca\\\/mallorquina-cuina-2014#article\",\"isPartOf\":{\"@id\":\"https:\\\/\\\/gastronomicament.cat\\\/ca\\\/mallorquina-cuina-2014\"},\"author\":{\"name\":\"Redacci\u00f3\",\"@id\":\"https:\\\/\\\/gastronomicament.cat\\\/ca\\\/#\\\/schema\\\/person\\\/a7c85c537a1ed62799a5b8e0f686a37f\"},\"headline\":\"Mallorquina Cuina 2014\",\"datePublished\":\"2014-09-16T12:26:28+00:00\",\"dateModified\":\"2022-04-07T09:04:28+00:00\",\"mainEntityOfPage\":{\"@id\":\"https:\\\/\\\/gastronomicament.cat\\\/ca\\\/mallorquina-cuina-2014\"},\"wordCount\":2062,\"commentCount\":0,\"publisher\":{\"@id\":\"https:\\\/\\\/gastronomicament.cat\\\/ca\\\/#organization\"},\"image\":{\"@id\":\"https:\\\/\\\/gastronomicament.cat\\\/ca\\\/mallorquina-cuina-2014#primaryimage\"},\"thumbnailUrl\":\"https:\\\/\\\/gastronomicament.cat\\\/wp-content\\\/uploads\\\/2014\\\/09\\\/mallorquina-cuina-2014.jpg\",\"articleSection\":[\"Actualitat\"],\"inLanguage\":\"ca-ES\",\"potentialAction\":[{\"@type\":\"CommentAction\",\"name\":\"Comment\",\"target\":[\"https:\\\/\\\/gastronomicament.cat\\\/ca\\\/mallorquina-cuina-2014#respond\"]}]},{\"@type\":\"WebPage\",\"@id\":\"https:\\\/\\\/gastronomicament.cat\\\/ca\\\/mallorquina-cuina-2014\",\"url\":\"https:\\\/\\\/gastronomicament.cat\\\/ca\\\/mallorquina-cuina-2014\",\"name\":\"Mallorquina Cuina 2014\",\"isPartOf\":{\"@id\":\"https:\\\/\\\/gastronomicament.cat\\\/ca\\\/#website\"},\"primaryImageOfPage\":{\"@id\":\"https:\\\/\\\/gastronomicament.cat\\\/ca\\\/mallorquina-cuina-2014#primaryimage\"},\"image\":{\"@id\":\"https:\\\/\\\/gastronomicament.cat\\\/ca\\\/mallorquina-cuina-2014#primaryimage\"},\"thumbnailUrl\":\"https:\\\/\\\/gastronomicament.cat\\\/wp-content\\\/uploads\\\/2014\\\/09\\\/mallorquina-cuina-2014.jpg\",\"datePublished\":\"2014-09-16T12:26:28+00:00\",\"dateModified\":\"2022-04-07T09:04:28+00:00\",\"description\":\"Mallorquina Cuina 2014. Jornades gastron\u00f2miques\",\"inLanguage\":\"ca-ES\",\"potentialAction\":[{\"@type\":\"ReadAction\",\"target\":[\"https:\\\/\\\/gastronomicament.cat\\\/ca\\\/mallorquina-cuina-2014\"]}]},{\"@type\":\"ImageObject\",\"inLanguage\":\"ca-ES\",\"@id\":\"https:\\\/\\\/gastronomicament.cat\\\/ca\\\/mallorquina-cuina-2014#primaryimage\",\"url\":\"https:\\\/\\\/gastronomicament.cat\\\/wp-content\\\/uploads\\\/2014\\\/09\\\/mallorquina-cuina-2014.jpg\",\"contentUrl\":\"https:\\\/\\\/gastronomicament.cat\\\/wp-content\\\/uploads\\\/2014\\\/09\\\/mallorquina-cuina-2014.jpg\",\"width\":640,\"height\":300},{\"@type\":\"WebSite\",\"@id\":\"https:\\\/\\\/gastronomicament.cat\\\/ca\\\/#website\",\"url\":\"https:\\\/\\\/gastronomicament.cat\\\/ca\\\/\",\"name\":\"Gastron\u00f2micament\",\"description\":\"Portal de restaurants, receptes i actualitat gastron\u00f2mica\",\"publisher\":{\"@id\":\"https:\\\/\\\/gastronomicament.cat\\\/ca\\\/#organization\"},\"potentialAction\":[{\"@type\":\"SearchAction\",\"target\":{\"@type\":\"EntryPoint\",\"urlTemplate\":\"https:\\\/\\\/gastronomicament.cat\\\/ca\\\/?s={search_term_string}\"},\"query-input\":{\"@type\":\"PropertyValueSpecification\",\"valueRequired\":true,\"valueName\":\"search_term_string\"}}],\"inLanguage\":\"ca-ES\"},{\"@type\":\"Organization\",\"@id\":\"https:\\\/\\\/gastronomicament.cat\\\/ca\\\/#organization\",\"name\":\"Gastron\u00f2micament\",\"url\":\"https:\\\/\\\/gastronomicament.cat\\\/ca\\\/\",\"logo\":{\"@type\":\"ImageObject\",\"inLanguage\":\"ca-ES\",\"@id\":\"https:\\\/\\\/gastronomicament.cat\\\/ca\\\/#\\\/schema\\\/logo\\\/image\\\/\",\"url\":\"https:\\\/\\\/gastronomicament.cat\\\/wp-content\\\/uploads\\\/2016\\\/09\\\/header-logo.jpg\",\"contentUrl\":\"https:\\\/\\\/gastronomicament.cat\\\/wp-content\\\/uploads\\\/2016\\\/09\\\/header-logo.jpg\",\"width\":277,\"height\":39,\"caption\":\"Gastron\u00f2micament\"},\"image\":{\"@id\":\"https:\\\/\\\/gastronomicament.cat\\\/ca\\\/#\\\/schema\\\/logo\\\/image\\\/\"},\"sameAs\":[\"https:\\\/\\\/x.com\\\/gastronomicamen\"]},{\"@type\":\"Person\",\"@id\":\"https:\\\/\\\/gastronomicament.cat\\\/ca\\\/#\\\/schema\\\/person\\\/a7c85c537a1ed62799a5b8e0f686a37f\",\"name\":\"Redacci\u00f3\",\"image\":{\"@type\":\"ImageObject\",\"inLanguage\":\"ca-ES\",\"@id\":\"https:\\\/\\\/secure.gravatar.com\\\/avatar\\\/9489a485c464fd611d33825daae651d13db70c4e74c65c94937a15a9d4c3ee14?s=96&d=mm&r=g69fea3cce3645dfa2166e7293e22955e\",\"url\":\"https:\\\/\\\/secure.gravatar.com\\\/avatar\\\/9489a485c464fd611d33825daae651d13db70c4e74c65c94937a15a9d4c3ee14?s=96&d=mm&r=g\",\"contentUrl\":\"https:\\\/\\\/secure.gravatar.com\\\/avatar\\\/9489a485c464fd611d33825daae651d13db70c4e74c65c94937a15a9d4c3ee14?s=96&d=mm&r=g\",\"caption\":\"Redacci\u00f3\"},\"sameAs\":[\"http:\\\/\\\/gastronomicament.cat\"],\"url\":\"https:\\\/\\\/gastronomicament.cat\\\/ca\\\/author\\\/admin\"}]}<\/script>\n<!-- \/ Yoast SEO plugin. -->","yoast_head_json":{"title":"Mallorquina Cuina 2014","description":"Mallorquina Cuina 2014. Jornades gastron\u00f2miques","robots":{"index":"index","follow":"follow","max-snippet":"max-snippet:-1","max-image-preview":"max-image-preview:large","max-video-preview":"max-video-preview:-1"},"canonical":"https:\/\/gastronomicament.cat\/ca\/mallorquina-cuina-2014","og_locale":"ca_ES","og_type":"article","og_title":"Mallorquina Cuina 2014","og_description":"Mallorquina Cuina 2014. Jornades gastron\u00f2miques","og_url":"https:\/\/gastronomicament.cat\/ca\/mallorquina-cuina-2014","og_site_name":"Gastron\u00f2micament","article_published_time":"2014-09-16T12:26:28+00:00","article_modified_time":"2022-04-07T09:04:28+00:00","og_image":[{"width":640,"height":300,"url":"https:\/\/gastronomicament.cat\/wp-content\/uploads\/2014\/09\/mallorquina-cuina-2014.jpg","type":"image\/jpeg"}],"author":"Redacci\u00f3","twitter_card":"summary_large_image","twitter_creator":"@gastronomicamen","twitter_site":"@gastronomicamen","twitter_misc":{"Written by":"Redacci\u00f3","Est. reading time":"10 minutes"},"schema":{"@context":"https:\/\/schema.org","@graph":[{"@type":"Article","@id":"https:\/\/gastronomicament.cat\/ca\/mallorquina-cuina-2014#article","isPartOf":{"@id":"https:\/\/gastronomicament.cat\/ca\/mallorquina-cuina-2014"},"author":{"name":"Redacci\u00f3","@id":"https:\/\/gastronomicament.cat\/ca\/#\/schema\/person\/a7c85c537a1ed62799a5b8e0f686a37f"},"headline":"Mallorquina Cuina 2014","datePublished":"2014-09-16T12:26:28+00:00","dateModified":"2022-04-07T09:04:28+00:00","mainEntityOfPage":{"@id":"https:\/\/gastronomicament.cat\/ca\/mallorquina-cuina-2014"},"wordCount":2062,"commentCount":0,"publisher":{"@id":"https:\/\/gastronomicament.cat\/ca\/#organization"},"image":{"@id":"https:\/\/gastronomicament.cat\/ca\/mallorquina-cuina-2014#primaryimage"},"thumbnailUrl":"https:\/\/gastronomicament.cat\/wp-content\/uploads\/2014\/09\/mallorquina-cuina-2014.jpg","articleSection":["Actualitat"],"inLanguage":"ca-ES","potentialAction":[{"@type":"CommentAction","name":"Comment","target":["https:\/\/gastronomicament.cat\/ca\/mallorquina-cuina-2014#respond"]}]},{"@type":"WebPage","@id":"https:\/\/gastronomicament.cat\/ca\/mallorquina-cuina-2014","url":"https:\/\/gastronomicament.cat\/ca\/mallorquina-cuina-2014","name":"Mallorquina Cuina 2014","isPartOf":{"@id":"https:\/\/gastronomicament.cat\/ca\/#website"},"primaryImageOfPage":{"@id":"https:\/\/gastronomicament.cat\/ca\/mallorquina-cuina-2014#primaryimage"},"image":{"@id":"https:\/\/gastronomicament.cat\/ca\/mallorquina-cuina-2014#primaryimage"},"thumbnailUrl":"https:\/\/gastronomicament.cat\/wp-content\/uploads\/2014\/09\/mallorquina-cuina-2014.jpg","datePublished":"2014-09-16T12:26:28+00:00","dateModified":"2022-04-07T09:04:28+00:00","description":"Mallorquina Cuina 2014. Jornades gastron\u00f2miques","inLanguage":"ca-ES","potentialAction":[{"@type":"ReadAction","target":["https:\/\/gastronomicament.cat\/ca\/mallorquina-cuina-2014"]}]},{"@type":"ImageObject","inLanguage":"ca-ES","@id":"https:\/\/gastronomicament.cat\/ca\/mallorquina-cuina-2014#primaryimage","url":"https:\/\/gastronomicament.cat\/wp-content\/uploads\/2014\/09\/mallorquina-cuina-2014.jpg","contentUrl":"https:\/\/gastronomicament.cat\/wp-content\/uploads\/2014\/09\/mallorquina-cuina-2014.jpg","width":640,"height":300},{"@type":"WebSite","@id":"https:\/\/gastronomicament.cat\/ca\/#website","url":"https:\/\/gastronomicament.cat\/ca\/","name":"Gastron\u00f2micament","description":"Portal de restaurants, receptes i actualitat gastron\u00f2mica","publisher":{"@id":"https:\/\/gastronomicament.cat\/ca\/#organization"},"potentialAction":[{"@type":"SearchAction","target":{"@type":"EntryPoint","urlTemplate":"https:\/\/gastronomicament.cat\/ca\/?s={search_term_string}"},"query-input":{"@type":"PropertyValueSpecification","valueRequired":true,"valueName":"search_term_string"}}],"inLanguage":"ca-ES"},{"@type":"Organization","@id":"https:\/\/gastronomicament.cat\/ca\/#organization","name":"Gastron\u00f2micament","url":"https:\/\/gastronomicament.cat\/ca\/","logo":{"@type":"ImageObject","inLanguage":"ca-ES","@id":"https:\/\/gastronomicament.cat\/ca\/#\/schema\/logo\/image\/","url":"https:\/\/gastronomicament.cat\/wp-content\/uploads\/2016\/09\/header-logo.jpg","contentUrl":"https:\/\/gastronomicament.cat\/wp-content\/uploads\/2016\/09\/header-logo.jpg","width":277,"height":39,"caption":"Gastron\u00f2micament"},"image":{"@id":"https:\/\/gastronomicament.cat\/ca\/#\/schema\/logo\/image\/"},"sameAs":["https:\/\/x.com\/gastronomicamen"]},{"@type":"Person","@id":"https:\/\/gastronomicament.cat\/ca\/#\/schema\/person\/a7c85c537a1ed62799a5b8e0f686a37f","name":"Redacci\u00f3","image":{"@type":"ImageObject","inLanguage":"ca-ES","@id":"https:\/\/secure.gravatar.com\/avatar\/9489a485c464fd611d33825daae651d13db70c4e74c65c94937a15a9d4c3ee14?s=96&d=mm&r=g69fea3cce3645dfa2166e7293e22955e","url":"https:\/\/secure.gravatar.com\/avatar\/9489a485c464fd611d33825daae651d13db70c4e74c65c94937a15a9d4c3ee14?s=96&d=mm&r=g","contentUrl":"https:\/\/secure.gravatar.com\/avatar\/9489a485c464fd611d33825daae651d13db70c4e74c65c94937a15a9d4c3ee14?s=96&d=mm&r=g","caption":"Redacci\u00f3"},"sameAs":["http:\/\/gastronomicament.cat"],"url":"https:\/\/gastronomicament.cat\/ca\/author\/admin"}]}},"_links":{"self":[{"href":"https:\/\/gastronomicament.cat\/ca\/wp-json\/wp\/v2\/posts\/14370","targetHints":{"allow":["GET"]}}],"collection":[{"href":"https:\/\/gastronomicament.cat\/ca\/wp-json\/wp\/v2\/posts"}],"about":[{"href":"https:\/\/gastronomicament.cat\/ca\/wp-json\/wp\/v2\/types\/post"}],"author":[{"embeddable":true,"href":"https:\/\/gastronomicament.cat\/ca\/wp-json\/wp\/v2\/users\/1"}],"replies":[{"embeddable":true,"href":"https:\/\/gastronomicament.cat\/ca\/wp-json\/wp\/v2\/comments?post=14370"}],"version-history":[{"count":0,"href":"https:\/\/gastronomicament.cat\/ca\/wp-json\/wp\/v2\/posts\/14370\/revisions"}],"wp:featuredmedia":[{"embeddable":true,"href":"https:\/\/gastronomicament.cat\/ca\/wp-json\/wp\/v2\/media\/14372"}],"wp:attachment":[{"href":"https:\/\/gastronomicament.cat\/ca\/wp-json\/wp\/v2\/media?parent=14370"}],"wp:term":[{"taxonomy":"category","embeddable":true,"href":"https:\/\/gastronomicament.cat\/ca\/wp-json\/wp\/v2\/categories?post=14370"},{"taxonomy":"post_tag","embeddable":true,"href":"https:\/\/gastronomicament.cat\/ca\/wp-json\/wp\/v2\/tags?post=14370"},{"taxonomy":"author","embeddable":true,"href":"https:\/\/gastronomicament.cat\/ca\/wp-json\/wp\/v2\/coauthors?post=14370"}],"curies":[{"name":"wp","href":"https:\/\/api.w.org\/{rel}","templated":true}]}}