{"id":15601,"date":"2015-02-24T20:27:08","date_gmt":"2015-02-24T19:27:08","guid":{"rendered":"http:\/\/gastronomicament.cat\/?p=15601"},"modified":"2022-04-07T11:04:48","modified_gmt":"2022-04-07T09:04:48","slug":"tasts-2015","status":"publish","type":"post","link":"https:\/\/gastronomicament.cat\/ca\/tasts-2015","title":{"rendered":"V edici\u00f3 dels Tasts Gastron\u00f2mics"},"content":{"rendered":"<p>Us convidam a con\u00e8ixer els productes de Mallorca, en m\u00e9s de 50 sessions agradables amb els responsables de les empreses m\u00e9s destacades de l&#8217;illa. Ells mateixos us presentaran i us convidaran a tastar uns aliments que es caracteritzen per la qualitat i l&#8217;exquisidesa.<\/p>\n<p><em>Des d&#8217;aquesta p\u00e0gina us hi podeu apuntar gratu\u00eftament. Nom\u00e9s cal que cliqueu la icona\u00a0<img decoding=\"async\" title=\"Icona inscripci\u00f3\" src=\"http:\/\/gastronomicament.cat\/wp-content\/themes\/shape\/images\/icon\/icon_register.gif\" alt=\"\" width=\"27\" height=\"27\" \/>\u00a0del tast que voleu anar i empleneu les vostres dades.<\/em><\/p>\n<p>En aquesta cinquena edici\u00f3, hi participen 23 empreses: Gin Eva, Vins Oliver, Galletes Gori de Muro, Formatges Son Jover, Ketchup de Forqueta, Can Cal\u00f3, Licor Sermita, Ses Antigues Neules, Olis de Jornets, Cervesa Mayurqa, Mel Son Gravot, Formatges Burguera, Jaume de Puntir\u00f3, Sobrassada Can Ribas, Vins Can Coleto, Cafes Bay, Gelats Valls, Vins Son Bordils, Licors Moy\u00e0, PepLemon, Esp\u00e8cies Cresp\u00ed, Vins Can Verdura i Oli de Son Barbassa.<\/p>\n<p>Els tasts se celebren a 9 municipis de Mallorca:\u00a0Palma, Capdepera, Sineu, Andratx, es Capdell\u00e0, Montu\u00efri, Esporles, Vilafranca i B\u00fager.<\/p>\n<p>Al final de cada tast, tamb\u00e9 tendreu l&#8217;oportunitat de comprar els productes.<\/p>\n<p>Organitzaci\u00f3:\u00a0<a href=\"http:\/\/gastronomicament.cat\">Gastron\u00f2micament<\/a>\u00a0i\u00a0<a title=\"Obra Cultural Balear\" href=\"http:\/\/www.ocb.cat\">Obra Cultural Balear<\/a>.<\/p>\n<p>La\u00a0<strong>programaci\u00f3<\/strong>\u00a0\u00e9s la seg\u00fcent:<\/p>\n<p><em>En aquest desplegable podeu consultar els tasts per empreses, dates i municipis<\/em><br \/>\n[tasts2015 tasts2015_select=&#8221;maig&#8221;]<br \/>\n<a name=\"formulariinscripcio\"><\/a><\/p>\n<h4>Inscripci\u00f3<\/h4>\n<p>Les inscripcions s\u00f3n personals.\u00a0Cada persona s&#8217;hi ha d&#8217;apuntar individualment.<\/p>\n<p>\n<div class=\"wpcf7 no-js\" id=\"wpcf7-f15604-o1\" lang=\"\" dir=\"ltr\" data-wpcf7-id=\"15604\">\n<div class=\"screen-reader-response\"><p role=\"status\" aria-live=\"polite\" aria-atomic=\"true\"><\/p> <ul><\/ul><\/div>\n<form action=\"\/ca\/wp-json\/wp\/v2\/posts\/15601#wpcf7-f15604-o1\" method=\"post\" class=\"wpcf7-form init\" aria-label=\"Contact form\" novalidate=\"novalidate\" data-status=\"init\">\n<fieldset class=\"hidden-fields-container\"><input type=\"hidden\" name=\"_wpcf7\" value=\"15604\" \/><input type=\"hidden\" name=\"_wpcf7_version\" value=\"6.1.5\" \/><input type=\"hidden\" name=\"_wpcf7_locale\" value=\"\" \/><input type=\"hidden\" name=\"_wpcf7_unit_tag\" value=\"wpcf7-f15604-o1\" \/><input type=\"hidden\" name=\"_wpcf7_container_post\" value=\"0\" \/><input type=\"hidden\" name=\"_wpcf7_posted_data_hash\" value=\"\" \/><input type=\"hidden\" name=\"_wpcf7_recaptcha_response\" value=\"\" \/>\n<\/fieldset>\n<p>El vostre nom (obligatori):    \n<span class=\"wpcf7-form-control-wrap\" data-name=\"your-name\"><input size=\"40\" maxlength=\"400\" class=\"wpcf7-form-control wpcf7-text wpcf7-validates-as-required\" aria-required=\"true\" aria-invalid=\"false\" value=\"\" type=\"text\" name=\"your-name\" \/><\/span> <\/p>\n<p>El vostre email (obligatori):   \n <span class=\"wpcf7-form-control-wrap\" data-name=\"your-email\"><input size=\"40\" maxlength=\"400\" class=\"wpcf7-form-control wpcf7-email wpcf7-validates-as-required wpcf7-text wpcf7-validates-as-email\" aria-required=\"true\" aria-invalid=\"false\" value=\"\" type=\"email\" name=\"your-email\" \/><\/span> <\/p>\n<p>Tast al qual voleu assistir (asegura't d'escollir el mes i poblaci\u00f3 correcta): \n<span class=\"wpcf7-form-control-wrap\" data-name=\"tast_mes\"><select class=\"wpcf7-form-control wpcf7-select wpcf7-validates-as-required\" id=\"tast_mes\" aria-required=\"true\" aria-invalid=\"false\" name=\"tast_mes\"><option value=\"\">&#8212;Please choose an option&#8212;<\/option><option value=\"Gener\">Gener<\/option><option value=\"Febrer\">Febrer<\/option><option value=\"Mar\u00e7\">Mar\u00e7<\/option><option value=\"Abril\">Abril<\/option><option value=\"Maig\">Maig<\/option><option value=\"Juny\">Juny<\/option><\/select><\/span>\n<span class=\"wpcf7-form-control-wrap\" data-name=\"tast_lloc\"><select class=\"wpcf7-form-control wpcf7-select wpcf7-validates-as-required\" id=\"tast_lloc\" aria-required=\"true\" aria-invalid=\"false\" name=\"tast_lloc\"><option value=\"\">&#8212;Please choose an option&#8212;<\/option><option value=\"Palma\">Palma<\/option><option value=\"Capdepera\">Capdepera<\/option><option value=\"Sineu\">Sineu<\/option><option value=\"Andratx\">Andratx<\/option><option value=\"es Capdell\u00e0\">es Capdell\u00e0<\/option><option value=\"Montu\u00efri\">Montu\u00efri<\/option><option value=\"Esporles\">Esporles<\/option><option value=\"Vilafranca\">Vilafranca<\/option><option value=\"B\u00fager\">B\u00fager<\/option><\/select><\/span>\n<\/p>\n<p>Comprova les empreses i la data:\n<input type=\"text\" readonly=\"readonly\" name=\"tast_empresa_visible\" id=\"tast_empresa_visible\" size=\"80\"\/>\n<input type=\"text\" readonly=\"readonly\" name=\"tast_data_visible\" id=\"tast_data_visible\"  size=\"80\"\/>\n[dynamichidden tast_empresa id:tast_empresa][dynamichidden tast_data id:tast_data]\n<\/p>\n<p>Si vols deixar algun comentari    \n<span class=\"wpcf7-form-control-wrap\" data-name=\"your-message\"><textarea cols=\"80\" rows=\"4\" maxlength=\"2000\" class=\"wpcf7-form-control wpcf7-textarea\" aria-invalid=\"false\" name=\"your-message\"><\/textarea><\/span> <\/p>\n<p><strong>Warning:<\/strong> The <a href=\"https:\/\/wordpress.org\/plugins\/really-simple-captcha\/\">Really Simple CAPTCHA<\/a> plugin is not active. Escriu les lletres (obligatori)\n<span class=\"wpcf7-form-control-wrap\" data-name=\"captcha-824\"><input size=\"40\" class=\"wpcf7-form-control wpcf7-captchar\" autocomplete=\"off\" aria-invalid=\"false\" value=\"\" type=\"text\" name=\"captcha-824\" \/><\/span>\n<\/p>\n\n<p><input class=\"wpcf7-form-control wpcf7-submit has-spinner\" type=\"submit\" value=\"Envia\" \/> <span class=\"wpcf7-form-control-wrap\" data-name=\"accept-register\"><span class=\"wpcf7-form-control wpcf7-acceptance\"><span class=\"wpcf7-list-item\"><input type=\"checkbox\" name=\"accept-register\" value=\"1\" checked=\"checked\" aria-invalid=\"false\" \/><\/span><\/span><\/span> Acceptau rebre el butllet\u00ed de Gastron\u00f2micament<\/p><div class=\"wpcf7-response-output\" aria-hidden=\"true\"><\/div>\n<\/form>\n<\/div>\n<!--more--><\/p>\n","protected":false},"excerpt":{"rendered":"<p>En aquesta cinquena edici\u00f3, hi participen 23 empreses, repartides a 9 municipis de Mallorca, de gener&hellip;<\/p>\n","protected":false},"author":1,"featured_media":15609,"comment_status":"open","ping_status":"closed","sticky":false,"template":"","format":"standard","meta":{"_acf_changed":false,"_swt_meta_header_display":false,"_swt_meta_footer_display":false,"_swt_meta_site_title_display":false,"_swt_meta_sticky_header":false,"_swt_meta_transparent_header":false,"footnotes":""},"categories":[692],"tags":[],"coauthors":[],"class_list":["post-15601","post","type-post","status-publish","format-standard","has-post-thumbnail","hentry","category-actualitat"],"acf":{"gallery":null,"home_date":{"home_begin_date":null,"home_end_date":null}},"yoast_head":"<!-- This site is optimized with the Yoast SEO plugin v27.4 - https:\/\/yoast.com\/product\/yoast-seo-wordpress\/ -->\n<title>V edici\u00f3 dels Tasts Gastron\u00f2mics 2015<\/title>\n<meta name=\"description\" content=\"V edici\u00f3 dels Tasts Gastron\u00f2mics 2015\" \/>\n<meta name=\"robots\" content=\"index, follow, max-snippet:-1, max-image-preview:large, max-video-preview:-1\" \/>\n<link rel=\"canonical\" href=\"https:\/\/gastronomicament.cat\/ca\/tasts-2015\" \/>\n<meta property=\"og:locale\" content=\"ca_ES\" \/>\n<meta property=\"og:type\" content=\"article\" \/>\n<meta property=\"og:title\" content=\"V edici\u00f3 dels Tasts Gastron\u00f2mics 2015\" \/>\n<meta property=\"og:description\" content=\"V edici\u00f3 dels Tasts Gastron\u00f2mics 2015\" \/>\n<meta property=\"og:url\" content=\"https:\/\/gastronomicament.cat\/ca\/tasts-2015\" \/>\n<meta property=\"og:site_name\" content=\"Gastron\u00f2micament\" \/>\n<meta property=\"article:published_time\" content=\"2015-02-24T19:27:08+00:00\" \/>\n<meta property=\"article:modified_time\" content=\"2022-04-07T09:04:48+00:00\" \/>\n<meta property=\"og:image\" content=\"https:\/\/gastronomicament.cat\/wp-content\/uploads\/2015\/01\/tast2015.jpg\" \/>\n\t<meta property=\"og:image:width\" content=\"640\" \/>\n\t<meta property=\"og:image:height\" content=\"300\" \/>\n\t<meta property=\"og:image:type\" content=\"image\/jpeg\" \/>\n<meta name=\"author\" content=\"Redacci\u00f3\" \/>\n<meta name=\"twitter:card\" content=\"summary_large_image\" \/>\n<meta name=\"twitter:creator\" content=\"@gastronomicamen\" \/>\n<meta name=\"twitter:site\" content=\"@gastronomicamen\" \/>\n<meta name=\"twitter:label1\" content=\"Written by\" \/>\n\t<meta name=\"twitter:data1\" content=\"Redacci\u00f3\" \/>\n\t<meta name=\"twitter:label2\" content=\"Est. reading time\" \/>\n\t<meta name=\"twitter:data2\" content=\"1 minute\" \/>\n<script type=\"application\/ld+json\" class=\"yoast-schema-graph\">{\"@context\":\"https:\\\/\\\/schema.org\",\"@graph\":[{\"@type\":\"Article\",\"@id\":\"https:\\\/\\\/gastronomicament.cat\\\/ca\\\/tasts-2015#article\",\"isPartOf\":{\"@id\":\"https:\\\/\\\/gastronomicament.cat\\\/ca\\\/tasts-2015\"},\"author\":{\"name\":\"Redacci\u00f3\",\"@id\":\"https:\\\/\\\/gastronomicament.cat\\\/ca\\\/#\\\/schema\\\/person\\\/a7c85c537a1ed62799a5b8e0f686a37f\"},\"headline\":\"V edici\u00f3 dels Tasts Gastron\u00f2mics\",\"datePublished\":\"2015-02-24T19:27:08+00:00\",\"dateModified\":\"2022-04-07T09:04:48+00:00\",\"mainEntityOfPage\":{\"@id\":\"https:\\\/\\\/gastronomicament.cat\\\/ca\\\/tasts-2015\"},\"wordCount\":226,\"commentCount\":0,\"publisher\":{\"@id\":\"https:\\\/\\\/gastronomicament.cat\\\/ca\\\/#organization\"},\"image\":{\"@id\":\"https:\\\/\\\/gastronomicament.cat\\\/ca\\\/tasts-2015#primaryimage\"},\"thumbnailUrl\":\"https:\\\/\\\/gastronomicament.cat\\\/wp-content\\\/uploads\\\/2015\\\/01\\\/tast2015.jpg\",\"articleSection\":[\"Actualitat\"],\"inLanguage\":\"ca-ES\",\"potentialAction\":[{\"@type\":\"CommentAction\",\"name\":\"Comment\",\"target\":[\"https:\\\/\\\/gastronomicament.cat\\\/ca\\\/tasts-2015#respond\"]}]},{\"@type\":\"WebPage\",\"@id\":\"https:\\\/\\\/gastronomicament.cat\\\/ca\\\/tasts-2015\",\"url\":\"https:\\\/\\\/gastronomicament.cat\\\/ca\\\/tasts-2015\",\"name\":\"V edici\u00f3 dels Tasts Gastron\u00f2mics 2015\",\"isPartOf\":{\"@id\":\"https:\\\/\\\/gastronomicament.cat\\\/ca\\\/#website\"},\"primaryImageOfPage\":{\"@id\":\"https:\\\/\\\/gastronomicament.cat\\\/ca\\\/tasts-2015#primaryimage\"},\"image\":{\"@id\":\"https:\\\/\\\/gastronomicament.cat\\\/ca\\\/tasts-2015#primaryimage\"},\"thumbnailUrl\":\"https:\\\/\\\/gastronomicament.cat\\\/wp-content\\\/uploads\\\/2015\\\/01\\\/tast2015.jpg\",\"datePublished\":\"2015-02-24T19:27:08+00:00\",\"dateModified\":\"2022-04-07T09:04:48+00:00\",\"description\":\"V edici\u00f3 dels Tasts Gastron\u00f2mics 2015\",\"inLanguage\":\"ca-ES\",\"potentialAction\":[{\"@type\":\"ReadAction\",\"target\":[\"https:\\\/\\\/gastronomicament.cat\\\/ca\\\/tasts-2015\"]}]},{\"@type\":\"ImageObject\",\"inLanguage\":\"ca-ES\",\"@id\":\"https:\\\/\\\/gastronomicament.cat\\\/ca\\\/tasts-2015#primaryimage\",\"url\":\"https:\\\/\\\/gastronomicament.cat\\\/wp-content\\\/uploads\\\/2015\\\/01\\\/tast2015.jpg\",\"contentUrl\":\"https:\\\/\\\/gastronomicament.cat\\\/wp-content\\\/uploads\\\/2015\\\/01\\\/tast2015.jpg\",\"width\":640,\"height\":300},{\"@type\":\"WebSite\",\"@id\":\"https:\\\/\\\/gastronomicament.cat\\\/ca\\\/#website\",\"url\":\"https:\\\/\\\/gastronomicament.cat\\\/ca\\\/\",\"name\":\"Gastron\u00f2micament\",\"description\":\"Portal de restaurants, receptes i actualitat gastron\u00f2mica\",\"publisher\":{\"@id\":\"https:\\\/\\\/gastronomicament.cat\\\/ca\\\/#organization\"},\"potentialAction\":[{\"@type\":\"SearchAction\",\"target\":{\"@type\":\"EntryPoint\",\"urlTemplate\":\"https:\\\/\\\/gastronomicament.cat\\\/ca\\\/?s={search_term_string}\"},\"query-input\":{\"@type\":\"PropertyValueSpecification\",\"valueRequired\":true,\"valueName\":\"search_term_string\"}}],\"inLanguage\":\"ca-ES\"},{\"@type\":\"Organization\",\"@id\":\"https:\\\/\\\/gastronomicament.cat\\\/ca\\\/#organization\",\"name\":\"Gastron\u00f2micament\",\"url\":\"https:\\\/\\\/gastronomicament.cat\\\/ca\\\/\",\"logo\":{\"@type\":\"ImageObject\",\"inLanguage\":\"ca-ES\",\"@id\":\"https:\\\/\\\/gastronomicament.cat\\\/ca\\\/#\\\/schema\\\/logo\\\/image\\\/\",\"url\":\"https:\\\/\\\/gastronomicament.cat\\\/wp-content\\\/uploads\\\/2016\\\/09\\\/header-logo.jpg\",\"contentUrl\":\"https:\\\/\\\/gastronomicament.cat\\\/wp-content\\\/uploads\\\/2016\\\/09\\\/header-logo.jpg\",\"width\":277,\"height\":39,\"caption\":\"Gastron\u00f2micament\"},\"image\":{\"@id\":\"https:\\\/\\\/gastronomicament.cat\\\/ca\\\/#\\\/schema\\\/logo\\\/image\\\/\"},\"sameAs\":[\"https:\\\/\\\/x.com\\\/gastronomicamen\"]},{\"@type\":\"Person\",\"@id\":\"https:\\\/\\\/gastronomicament.cat\\\/ca\\\/#\\\/schema\\\/person\\\/a7c85c537a1ed62799a5b8e0f686a37f\",\"name\":\"Redacci\u00f3\",\"image\":{\"@type\":\"ImageObject\",\"inLanguage\":\"ca-ES\",\"@id\":\"https:\\\/\\\/secure.gravatar.com\\\/avatar\\\/9489a485c464fd611d33825daae651d13db70c4e74c65c94937a15a9d4c3ee14?s=96&d=mm&r=g69fea3cce3645dfa2166e7293e22955e\",\"url\":\"https:\\\/\\\/secure.gravatar.com\\\/avatar\\\/9489a485c464fd611d33825daae651d13db70c4e74c65c94937a15a9d4c3ee14?s=96&d=mm&r=g\",\"contentUrl\":\"https:\\\/\\\/secure.gravatar.com\\\/avatar\\\/9489a485c464fd611d33825daae651d13db70c4e74c65c94937a15a9d4c3ee14?s=96&d=mm&r=g\",\"caption\":\"Redacci\u00f3\"},\"sameAs\":[\"http:\\\/\\\/gastronomicament.cat\"],\"url\":\"https:\\\/\\\/gastronomicament.cat\\\/ca\\\/author\\\/admin\"}]}<\/script>\n<!-- \/ Yoast SEO plugin. -->","yoast_head_json":{"title":"V edici\u00f3 dels Tasts Gastron\u00f2mics 2015","description":"V edici\u00f3 dels Tasts Gastron\u00f2mics 2015","robots":{"index":"index","follow":"follow","max-snippet":"max-snippet:-1","max-image-preview":"max-image-preview:large","max-video-preview":"max-video-preview:-1"},"canonical":"https:\/\/gastronomicament.cat\/ca\/tasts-2015","og_locale":"ca_ES","og_type":"article","og_title":"V edici\u00f3 dels Tasts Gastron\u00f2mics 2015","og_description":"V edici\u00f3 dels Tasts Gastron\u00f2mics 2015","og_url":"https:\/\/gastronomicament.cat\/ca\/tasts-2015","og_site_name":"Gastron\u00f2micament","article_published_time":"2015-02-24T19:27:08+00:00","article_modified_time":"2022-04-07T09:04:48+00:00","og_image":[{"width":640,"height":300,"url":"https:\/\/gastronomicament.cat\/wp-content\/uploads\/2015\/01\/tast2015.jpg","type":"image\/jpeg"}],"author":"Redacci\u00f3","twitter_card":"summary_large_image","twitter_creator":"@gastronomicamen","twitter_site":"@gastronomicamen","twitter_misc":{"Written by":"Redacci\u00f3","Est. reading time":"1 minute"},"schema":{"@context":"https:\/\/schema.org","@graph":[{"@type":"Article","@id":"https:\/\/gastronomicament.cat\/ca\/tasts-2015#article","isPartOf":{"@id":"https:\/\/gastronomicament.cat\/ca\/tasts-2015"},"author":{"name":"Redacci\u00f3","@id":"https:\/\/gastronomicament.cat\/ca\/#\/schema\/person\/a7c85c537a1ed62799a5b8e0f686a37f"},"headline":"V edici\u00f3 dels Tasts Gastron\u00f2mics","datePublished":"2015-02-24T19:27:08+00:00","dateModified":"2022-04-07T09:04:48+00:00","mainEntityOfPage":{"@id":"https:\/\/gastronomicament.cat\/ca\/tasts-2015"},"wordCount":226,"commentCount":0,"publisher":{"@id":"https:\/\/gastronomicament.cat\/ca\/#organization"},"image":{"@id":"https:\/\/gastronomicament.cat\/ca\/tasts-2015#primaryimage"},"thumbnailUrl":"https:\/\/gastronomicament.cat\/wp-content\/uploads\/2015\/01\/tast2015.jpg","articleSection":["Actualitat"],"inLanguage":"ca-ES","potentialAction":[{"@type":"CommentAction","name":"Comment","target":["https:\/\/gastronomicament.cat\/ca\/tasts-2015#respond"]}]},{"@type":"WebPage","@id":"https:\/\/gastronomicament.cat\/ca\/tasts-2015","url":"https:\/\/gastronomicament.cat\/ca\/tasts-2015","name":"V edici\u00f3 dels Tasts Gastron\u00f2mics 2015","isPartOf":{"@id":"https:\/\/gastronomicament.cat\/ca\/#website"},"primaryImageOfPage":{"@id":"https:\/\/gastronomicament.cat\/ca\/tasts-2015#primaryimage"},"image":{"@id":"https:\/\/gastronomicament.cat\/ca\/tasts-2015#primaryimage"},"thumbnailUrl":"https:\/\/gastronomicament.cat\/wp-content\/uploads\/2015\/01\/tast2015.jpg","datePublished":"2015-02-24T19:27:08+00:00","dateModified":"2022-04-07T09:04:48+00:00","description":"V edici\u00f3 dels Tasts Gastron\u00f2mics 2015","inLanguage":"ca-ES","potentialAction":[{"@type":"ReadAction","target":["https:\/\/gastronomicament.cat\/ca\/tasts-2015"]}]},{"@type":"ImageObject","inLanguage":"ca-ES","@id":"https:\/\/gastronomicament.cat\/ca\/tasts-2015#primaryimage","url":"https:\/\/gastronomicament.cat\/wp-content\/uploads\/2015\/01\/tast2015.jpg","contentUrl":"https:\/\/gastronomicament.cat\/wp-content\/uploads\/2015\/01\/tast2015.jpg","width":640,"height":300},{"@type":"WebSite","@id":"https:\/\/gastronomicament.cat\/ca\/#website","url":"https:\/\/gastronomicament.cat\/ca\/","name":"Gastron\u00f2micament","description":"Portal de restaurants, receptes i actualitat gastron\u00f2mica","publisher":{"@id":"https:\/\/gastronomicament.cat\/ca\/#organization"},"potentialAction":[{"@type":"SearchAction","target":{"@type":"EntryPoint","urlTemplate":"https:\/\/gastronomicament.cat\/ca\/?s={search_term_string}"},"query-input":{"@type":"PropertyValueSpecification","valueRequired":true,"valueName":"search_term_string"}}],"inLanguage":"ca-ES"},{"@type":"Organization","@id":"https:\/\/gastronomicament.cat\/ca\/#organization","name":"Gastron\u00f2micament","url":"https:\/\/gastronomicament.cat\/ca\/","logo":{"@type":"ImageObject","inLanguage":"ca-ES","@id":"https:\/\/gastronomicament.cat\/ca\/#\/schema\/logo\/image\/","url":"https:\/\/gastronomicament.cat\/wp-content\/uploads\/2016\/09\/header-logo.jpg","contentUrl":"https:\/\/gastronomicament.cat\/wp-content\/uploads\/2016\/09\/header-logo.jpg","width":277,"height":39,"caption":"Gastron\u00f2micament"},"image":{"@id":"https:\/\/gastronomicament.cat\/ca\/#\/schema\/logo\/image\/"},"sameAs":["https:\/\/x.com\/gastronomicamen"]},{"@type":"Person","@id":"https:\/\/gastronomicament.cat\/ca\/#\/schema\/person\/a7c85c537a1ed62799a5b8e0f686a37f","name":"Redacci\u00f3","image":{"@type":"ImageObject","inLanguage":"ca-ES","@id":"https:\/\/secure.gravatar.com\/avatar\/9489a485c464fd611d33825daae651d13db70c4e74c65c94937a15a9d4c3ee14?s=96&d=mm&r=g69fea3cce3645dfa2166e7293e22955e","url":"https:\/\/secure.gravatar.com\/avatar\/9489a485c464fd611d33825daae651d13db70c4e74c65c94937a15a9d4c3ee14?s=96&d=mm&r=g","contentUrl":"https:\/\/secure.gravatar.com\/avatar\/9489a485c464fd611d33825daae651d13db70c4e74c65c94937a15a9d4c3ee14?s=96&d=mm&r=g","caption":"Redacci\u00f3"},"sameAs":["http:\/\/gastronomicament.cat"],"url":"https:\/\/gastronomicament.cat\/ca\/author\/admin"}]}},"_links":{"self":[{"href":"https:\/\/gastronomicament.cat\/ca\/wp-json\/wp\/v2\/posts\/15601","targetHints":{"allow":["GET"]}}],"collection":[{"href":"https:\/\/gastronomicament.cat\/ca\/wp-json\/wp\/v2\/posts"}],"about":[{"href":"https:\/\/gastronomicament.cat\/ca\/wp-json\/wp\/v2\/types\/post"}],"author":[{"embeddable":true,"href":"https:\/\/gastronomicament.cat\/ca\/wp-json\/wp\/v2\/users\/1"}],"replies":[{"embeddable":true,"href":"https:\/\/gastronomicament.cat\/ca\/wp-json\/wp\/v2\/comments?post=15601"}],"version-history":[{"count":0,"href":"https:\/\/gastronomicament.cat\/ca\/wp-json\/wp\/v2\/posts\/15601\/revisions"}],"wp:featuredmedia":[{"embeddable":true,"href":"https:\/\/gastronomicament.cat\/ca\/wp-json\/wp\/v2\/media\/15609"}],"wp:attachment":[{"href":"https:\/\/gastronomicament.cat\/ca\/wp-json\/wp\/v2\/media?parent=15601"}],"wp:term":[{"taxonomy":"category","embeddable":true,"href":"https:\/\/gastronomicament.cat\/ca\/wp-json\/wp\/v2\/categories?post=15601"},{"taxonomy":"post_tag","embeddable":true,"href":"https:\/\/gastronomicament.cat\/ca\/wp-json\/wp\/v2\/tags?post=15601"},{"taxonomy":"author","embeddable":true,"href":"https:\/\/gastronomicament.cat\/ca\/wp-json\/wp\/v2\/coauthors?post=15601"}],"curies":[{"name":"wp","href":"https:\/\/api.w.org\/{rel}","templated":true}]}}