{"id":15913,"date":"2015-03-23T15:10:41","date_gmt":"2015-03-23T14:10:41","guid":{"rendered":"http:\/\/gastronomicament.cat\/?p=15913"},"modified":"2022-04-07T11:04:52","modified_gmt":"2022-04-07T09:04:52","slug":"picada-vilera-fira-santa-margalida-2015","status":"publish","type":"post","link":"https:\/\/gastronomicament.cat\/ca\/picada-vilera-fira-santa-margalida-2015","title":{"rendered":"Picada Vilera i Fira Santa Margalida 2015"},"content":{"rendered":"<p>Amb la Fira de Santa Margalida, arriba la VIII edici\u00f3 de la Picada Vilera. Dissabte, dia 28 de mar\u00e7, a les 20 hores, tretze comer\u00e7os oferiran les seves especialitats a preus populars.<\/p>\n<p>Hi podreu les picades elaborades per bars, restaurants i forns de la Vila, a preus populars (1,50 \u20ac tapa i 1,50 \u20ac beguda). Concretament, hi participen: Can Maco, Las Palmeras, Arachu, Juniors, Can Pep, Can Malet, sa Fonda, Forn can Joan, Es Cafet\u00f3 de na Tonina, pub es Colomer, Bar s\u2019Estanyol, Tafona des Pujol i bodegues Galm\u00e9s Ribot.<\/p>\n<p>A m\u00e9s, hi haur\u00e0 l\u2019actuaci\u00f3 dels tambors de Hiachat i de la batucada de Maria de la Salut, a m\u00e9s del grup local the Souldiggers que far\u00e0 versions en ac\u00fastic de blues, rock, soul, jazz i temes propis.<\/p>\n<p>Hi col\u00b7labora: Caf\u00e8s Marabans i s\u2019Ateneu.<\/p>\n<p>La Fira tendr\u00e0 lloc diumenge, dia 29 de mar\u00e7, a partir de les 9 hores. Podeu consultar-ne tot el programa d&#8217;activitats clicant aqu\u00ed: <a href=\"http:\/\/gastronomicament.cat\/wp-content\/uploads\/2014\/05\/picada-vilera-fira-santa-margalida-2015.pdf\" title=\"Picada Vilara i Fira de Santa Margalida 2015\">Picada Vilera i Fira Santa Margalida 2015<\/a><!--more--><\/p>\n","protected":false},"excerpt":{"rendered":"<p>Amb la Fira de Santa Margalida, arriba la VIII edici\u00f3 de la Picada Vilera. Dissabte, dia 28 de mar\u00e7, a les 20 hores, tretze comer\u00e7os oferiran les seves especialitats a preus populars. Hi podreu les picades elaborades per bars, restaurants i forns de la Vila, a preus populars (1,50 \u20ac tapa i 1,50 \u20ac beguda). [&hellip;]<\/p>\n","protected":false},"author":1,"featured_media":15914,"comment_status":"open","ping_status":"closed","sticky":false,"template":"","format":"standard","meta":{"_acf_changed":false,"_swt_meta_header_display":false,"_swt_meta_footer_display":false,"_swt_meta_site_title_display":false,"_swt_meta_sticky_header":false,"_swt_meta_transparent_header":false,"footnotes":""},"categories":[692],"tags":[],"coauthors":[],"class_list":["post-15913","post","type-post","status-publish","format-standard","has-post-thumbnail","hentry","category-actualitat"],"acf":{"gallery":null,"home_date":{"home_begin_date":null,"home_end_date":null}},"yoast_head":"<!-- This site is optimized with the Yoast SEO plugin v27.4 - https:\/\/yoast.com\/product\/yoast-seo-wordpress\/ -->\n<title>Picada Vilera i Fira Santa Margalida 2015<\/title>\n<meta name=\"description\" content=\"Picada Vilera i Fira Santa Margalida 2015\" \/>\n<meta name=\"robots\" content=\"index, follow, max-snippet:-1, max-image-preview:large, max-video-preview:-1\" \/>\n<link rel=\"canonical\" href=\"https:\/\/gastronomicament.cat\/ca\/picada-vilera-fira-santa-margalida-2015\" \/>\n<meta property=\"og:locale\" content=\"ca_ES\" \/>\n<meta property=\"og:type\" content=\"article\" \/>\n<meta property=\"og:title\" content=\"Picada Vilera i Fira Santa Margalida 2015\" \/>\n<meta property=\"og:description\" content=\"Picada Vilera i Fira Santa Margalida 2015\" \/>\n<meta property=\"og:url\" content=\"https:\/\/gastronomicament.cat\/ca\/picada-vilera-fira-santa-margalida-2015\" \/>\n<meta property=\"og:site_name\" content=\"Gastron\u00f2micament\" \/>\n<meta property=\"article:published_time\" content=\"2015-03-23T14:10:41+00:00\" \/>\n<meta property=\"article:modified_time\" content=\"2022-04-07T09:04:52+00:00\" \/>\n<meta property=\"og:image\" content=\"https:\/\/gastronomicament.cat\/wp-content\/uploads\/2015\/03\/picada-vilera-fira-santa-margalida-2015.jpg\" \/>\n\t<meta property=\"og:image:width\" content=\"640\" \/>\n\t<meta property=\"og:image:height\" content=\"300\" \/>\n\t<meta property=\"og:image:type\" content=\"image\/jpeg\" \/>\n<meta name=\"author\" content=\"Redacci\u00f3\" \/>\n<meta name=\"twitter:card\" content=\"summary_large_image\" \/>\n<meta name=\"twitter:creator\" content=\"@gastronomicamen\" \/>\n<meta name=\"twitter:site\" content=\"@gastronomicamen\" \/>\n<meta name=\"twitter:label1\" content=\"Written by\" \/>\n\t<meta name=\"twitter:data1\" content=\"Redacci\u00f3\" \/>\n\t<meta name=\"twitter:label2\" content=\"Est. reading time\" \/>\n\t<meta name=\"twitter:data2\" content=\"1 minute\" \/>\n<script type=\"application\/ld+json\" class=\"yoast-schema-graph\">{\"@context\":\"https:\\\/\\\/schema.org\",\"@graph\":[{\"@type\":\"Article\",\"@id\":\"https:\\\/\\\/gastronomicament.cat\\\/ca\\\/picada-vilera-fira-santa-margalida-2015#article\",\"isPartOf\":{\"@id\":\"https:\\\/\\\/gastronomicament.cat\\\/ca\\\/picada-vilera-fira-santa-margalida-2015\"},\"author\":{\"name\":\"Redacci\u00f3\",\"@id\":\"https:\\\/\\\/gastronomicament.cat\\\/ca\\\/#\\\/schema\\\/person\\\/a7c85c537a1ed62799a5b8e0f686a37f\"},\"headline\":\"Picada Vilera i Fira Santa Margalida 2015\",\"datePublished\":\"2015-03-23T14:10:41+00:00\",\"dateModified\":\"2022-04-07T09:04:52+00:00\",\"mainEntityOfPage\":{\"@id\":\"https:\\\/\\\/gastronomicament.cat\\\/ca\\\/picada-vilera-fira-santa-margalida-2015\"},\"wordCount\":171,\"commentCount\":0,\"publisher\":{\"@id\":\"https:\\\/\\\/gastronomicament.cat\\\/ca\\\/#organization\"},\"image\":{\"@id\":\"https:\\\/\\\/gastronomicament.cat\\\/ca\\\/picada-vilera-fira-santa-margalida-2015#primaryimage\"},\"thumbnailUrl\":\"https:\\\/\\\/gastronomicament.cat\\\/wp-content\\\/uploads\\\/2015\\\/03\\\/picada-vilera-fira-santa-margalida-2015.jpg\",\"articleSection\":[\"Actualitat\"],\"inLanguage\":\"ca-ES\",\"potentialAction\":[{\"@type\":\"CommentAction\",\"name\":\"Comment\",\"target\":[\"https:\\\/\\\/gastronomicament.cat\\\/ca\\\/picada-vilera-fira-santa-margalida-2015#respond\"]}]},{\"@type\":\"WebPage\",\"@id\":\"https:\\\/\\\/gastronomicament.cat\\\/ca\\\/picada-vilera-fira-santa-margalida-2015\",\"url\":\"https:\\\/\\\/gastronomicament.cat\\\/ca\\\/picada-vilera-fira-santa-margalida-2015\",\"name\":\"Picada Vilera i Fira Santa Margalida 2015\",\"isPartOf\":{\"@id\":\"https:\\\/\\\/gastronomicament.cat\\\/ca\\\/#website\"},\"primaryImageOfPage\":{\"@id\":\"https:\\\/\\\/gastronomicament.cat\\\/ca\\\/picada-vilera-fira-santa-margalida-2015#primaryimage\"},\"image\":{\"@id\":\"https:\\\/\\\/gastronomicament.cat\\\/ca\\\/picada-vilera-fira-santa-margalida-2015#primaryimage\"},\"thumbnailUrl\":\"https:\\\/\\\/gastronomicament.cat\\\/wp-content\\\/uploads\\\/2015\\\/03\\\/picada-vilera-fira-santa-margalida-2015.jpg\",\"datePublished\":\"2015-03-23T14:10:41+00:00\",\"dateModified\":\"2022-04-07T09:04:52+00:00\",\"description\":\"Picada Vilera i Fira Santa Margalida 2015\",\"inLanguage\":\"ca-ES\",\"potentialAction\":[{\"@type\":\"ReadAction\",\"target\":[\"https:\\\/\\\/gastronomicament.cat\\\/ca\\\/picada-vilera-fira-santa-margalida-2015\"]}]},{\"@type\":\"ImageObject\",\"inLanguage\":\"ca-ES\",\"@id\":\"https:\\\/\\\/gastronomicament.cat\\\/ca\\\/picada-vilera-fira-santa-margalida-2015#primaryimage\",\"url\":\"https:\\\/\\\/gastronomicament.cat\\\/wp-content\\\/uploads\\\/2015\\\/03\\\/picada-vilera-fira-santa-margalida-2015.jpg\",\"contentUrl\":\"https:\\\/\\\/gastronomicament.cat\\\/wp-content\\\/uploads\\\/2015\\\/03\\\/picada-vilera-fira-santa-margalida-2015.jpg\",\"width\":640,\"height\":300},{\"@type\":\"WebSite\",\"@id\":\"https:\\\/\\\/gastronomicament.cat\\\/ca\\\/#website\",\"url\":\"https:\\\/\\\/gastronomicament.cat\\\/ca\\\/\",\"name\":\"Gastron\u00f2micament\",\"description\":\"Portal de restaurants, receptes i actualitat gastron\u00f2mica\",\"publisher\":{\"@id\":\"https:\\\/\\\/gastronomicament.cat\\\/ca\\\/#organization\"},\"potentialAction\":[{\"@type\":\"SearchAction\",\"target\":{\"@type\":\"EntryPoint\",\"urlTemplate\":\"https:\\\/\\\/gastronomicament.cat\\\/ca\\\/?s={search_term_string}\"},\"query-input\":{\"@type\":\"PropertyValueSpecification\",\"valueRequired\":true,\"valueName\":\"search_term_string\"}}],\"inLanguage\":\"ca-ES\"},{\"@type\":\"Organization\",\"@id\":\"https:\\\/\\\/gastronomicament.cat\\\/ca\\\/#organization\",\"name\":\"Gastron\u00f2micament\",\"url\":\"https:\\\/\\\/gastronomicament.cat\\\/ca\\\/\",\"logo\":{\"@type\":\"ImageObject\",\"inLanguage\":\"ca-ES\",\"@id\":\"https:\\\/\\\/gastronomicament.cat\\\/ca\\\/#\\\/schema\\\/logo\\\/image\\\/\",\"url\":\"https:\\\/\\\/gastronomicament.cat\\\/wp-content\\\/uploads\\\/2016\\\/09\\\/header-logo.jpg\",\"contentUrl\":\"https:\\\/\\\/gastronomicament.cat\\\/wp-content\\\/uploads\\\/2016\\\/09\\\/header-logo.jpg\",\"width\":277,\"height\":39,\"caption\":\"Gastron\u00f2micament\"},\"image\":{\"@id\":\"https:\\\/\\\/gastronomicament.cat\\\/ca\\\/#\\\/schema\\\/logo\\\/image\\\/\"},\"sameAs\":[\"https:\\\/\\\/x.com\\\/gastronomicamen\"]},{\"@type\":\"Person\",\"@id\":\"https:\\\/\\\/gastronomicament.cat\\\/ca\\\/#\\\/schema\\\/person\\\/a7c85c537a1ed62799a5b8e0f686a37f\",\"name\":\"Redacci\u00f3\",\"image\":{\"@type\":\"ImageObject\",\"inLanguage\":\"ca-ES\",\"@id\":\"https:\\\/\\\/secure.gravatar.com\\\/avatar\\\/9489a485c464fd611d33825daae651d13db70c4e74c65c94937a15a9d4c3ee14?s=96&d=mm&r=g69fea3cce3645dfa2166e7293e22955e\",\"url\":\"https:\\\/\\\/secure.gravatar.com\\\/avatar\\\/9489a485c464fd611d33825daae651d13db70c4e74c65c94937a15a9d4c3ee14?s=96&d=mm&r=g\",\"contentUrl\":\"https:\\\/\\\/secure.gravatar.com\\\/avatar\\\/9489a485c464fd611d33825daae651d13db70c4e74c65c94937a15a9d4c3ee14?s=96&d=mm&r=g\",\"caption\":\"Redacci\u00f3\"},\"sameAs\":[\"http:\\\/\\\/gastronomicament.cat\"],\"url\":\"https:\\\/\\\/gastronomicament.cat\\\/ca\\\/author\\\/admin\"}]}<\/script>\n<!-- \/ Yoast SEO plugin. -->","yoast_head_json":{"title":"Picada Vilera i Fira Santa Margalida 2015","description":"Picada Vilera i Fira Santa Margalida 2015","robots":{"index":"index","follow":"follow","max-snippet":"max-snippet:-1","max-image-preview":"max-image-preview:large","max-video-preview":"max-video-preview:-1"},"canonical":"https:\/\/gastronomicament.cat\/ca\/picada-vilera-fira-santa-margalida-2015","og_locale":"ca_ES","og_type":"article","og_title":"Picada Vilera i Fira Santa Margalida 2015","og_description":"Picada Vilera i Fira Santa Margalida 2015","og_url":"https:\/\/gastronomicament.cat\/ca\/picada-vilera-fira-santa-margalida-2015","og_site_name":"Gastron\u00f2micament","article_published_time":"2015-03-23T14:10:41+00:00","article_modified_time":"2022-04-07T09:04:52+00:00","og_image":[{"width":640,"height":300,"url":"https:\/\/gastronomicament.cat\/wp-content\/uploads\/2015\/03\/picada-vilera-fira-santa-margalida-2015.jpg","type":"image\/jpeg"}],"author":"Redacci\u00f3","twitter_card":"summary_large_image","twitter_creator":"@gastronomicamen","twitter_site":"@gastronomicamen","twitter_misc":{"Written by":"Redacci\u00f3","Est. reading time":"1 minute"},"schema":{"@context":"https:\/\/schema.org","@graph":[{"@type":"Article","@id":"https:\/\/gastronomicament.cat\/ca\/picada-vilera-fira-santa-margalida-2015#article","isPartOf":{"@id":"https:\/\/gastronomicament.cat\/ca\/picada-vilera-fira-santa-margalida-2015"},"author":{"name":"Redacci\u00f3","@id":"https:\/\/gastronomicament.cat\/ca\/#\/schema\/person\/a7c85c537a1ed62799a5b8e0f686a37f"},"headline":"Picada Vilera i Fira Santa Margalida 2015","datePublished":"2015-03-23T14:10:41+00:00","dateModified":"2022-04-07T09:04:52+00:00","mainEntityOfPage":{"@id":"https:\/\/gastronomicament.cat\/ca\/picada-vilera-fira-santa-margalida-2015"},"wordCount":171,"commentCount":0,"publisher":{"@id":"https:\/\/gastronomicament.cat\/ca\/#organization"},"image":{"@id":"https:\/\/gastronomicament.cat\/ca\/picada-vilera-fira-santa-margalida-2015#primaryimage"},"thumbnailUrl":"https:\/\/gastronomicament.cat\/wp-content\/uploads\/2015\/03\/picada-vilera-fira-santa-margalida-2015.jpg","articleSection":["Actualitat"],"inLanguage":"ca-ES","potentialAction":[{"@type":"CommentAction","name":"Comment","target":["https:\/\/gastronomicament.cat\/ca\/picada-vilera-fira-santa-margalida-2015#respond"]}]},{"@type":"WebPage","@id":"https:\/\/gastronomicament.cat\/ca\/picada-vilera-fira-santa-margalida-2015","url":"https:\/\/gastronomicament.cat\/ca\/picada-vilera-fira-santa-margalida-2015","name":"Picada Vilera i Fira Santa Margalida 2015","isPartOf":{"@id":"https:\/\/gastronomicament.cat\/ca\/#website"},"primaryImageOfPage":{"@id":"https:\/\/gastronomicament.cat\/ca\/picada-vilera-fira-santa-margalida-2015#primaryimage"},"image":{"@id":"https:\/\/gastronomicament.cat\/ca\/picada-vilera-fira-santa-margalida-2015#primaryimage"},"thumbnailUrl":"https:\/\/gastronomicament.cat\/wp-content\/uploads\/2015\/03\/picada-vilera-fira-santa-margalida-2015.jpg","datePublished":"2015-03-23T14:10:41+00:00","dateModified":"2022-04-07T09:04:52+00:00","description":"Picada Vilera i Fira Santa Margalida 2015","inLanguage":"ca-ES","potentialAction":[{"@type":"ReadAction","target":["https:\/\/gastronomicament.cat\/ca\/picada-vilera-fira-santa-margalida-2015"]}]},{"@type":"ImageObject","inLanguage":"ca-ES","@id":"https:\/\/gastronomicament.cat\/ca\/picada-vilera-fira-santa-margalida-2015#primaryimage","url":"https:\/\/gastronomicament.cat\/wp-content\/uploads\/2015\/03\/picada-vilera-fira-santa-margalida-2015.jpg","contentUrl":"https:\/\/gastronomicament.cat\/wp-content\/uploads\/2015\/03\/picada-vilera-fira-santa-margalida-2015.jpg","width":640,"height":300},{"@type":"WebSite","@id":"https:\/\/gastronomicament.cat\/ca\/#website","url":"https:\/\/gastronomicament.cat\/ca\/","name":"Gastron\u00f2micament","description":"Portal de restaurants, receptes i actualitat gastron\u00f2mica","publisher":{"@id":"https:\/\/gastronomicament.cat\/ca\/#organization"},"potentialAction":[{"@type":"SearchAction","target":{"@type":"EntryPoint","urlTemplate":"https:\/\/gastronomicament.cat\/ca\/?s={search_term_string}"},"query-input":{"@type":"PropertyValueSpecification","valueRequired":true,"valueName":"search_term_string"}}],"inLanguage":"ca-ES"},{"@type":"Organization","@id":"https:\/\/gastronomicament.cat\/ca\/#organization","name":"Gastron\u00f2micament","url":"https:\/\/gastronomicament.cat\/ca\/","logo":{"@type":"ImageObject","inLanguage":"ca-ES","@id":"https:\/\/gastronomicament.cat\/ca\/#\/schema\/logo\/image\/","url":"https:\/\/gastronomicament.cat\/wp-content\/uploads\/2016\/09\/header-logo.jpg","contentUrl":"https:\/\/gastronomicament.cat\/wp-content\/uploads\/2016\/09\/header-logo.jpg","width":277,"height":39,"caption":"Gastron\u00f2micament"},"image":{"@id":"https:\/\/gastronomicament.cat\/ca\/#\/schema\/logo\/image\/"},"sameAs":["https:\/\/x.com\/gastronomicamen"]},{"@type":"Person","@id":"https:\/\/gastronomicament.cat\/ca\/#\/schema\/person\/a7c85c537a1ed62799a5b8e0f686a37f","name":"Redacci\u00f3","image":{"@type":"ImageObject","inLanguage":"ca-ES","@id":"https:\/\/secure.gravatar.com\/avatar\/9489a485c464fd611d33825daae651d13db70c4e74c65c94937a15a9d4c3ee14?s=96&d=mm&r=g69fea3cce3645dfa2166e7293e22955e","url":"https:\/\/secure.gravatar.com\/avatar\/9489a485c464fd611d33825daae651d13db70c4e74c65c94937a15a9d4c3ee14?s=96&d=mm&r=g","contentUrl":"https:\/\/secure.gravatar.com\/avatar\/9489a485c464fd611d33825daae651d13db70c4e74c65c94937a15a9d4c3ee14?s=96&d=mm&r=g","caption":"Redacci\u00f3"},"sameAs":["http:\/\/gastronomicament.cat"],"url":"https:\/\/gastronomicament.cat\/ca\/author\/admin"}]}},"_links":{"self":[{"href":"https:\/\/gastronomicament.cat\/ca\/wp-json\/wp\/v2\/posts\/15913","targetHints":{"allow":["GET"]}}],"collection":[{"href":"https:\/\/gastronomicament.cat\/ca\/wp-json\/wp\/v2\/posts"}],"about":[{"href":"https:\/\/gastronomicament.cat\/ca\/wp-json\/wp\/v2\/types\/post"}],"author":[{"embeddable":true,"href":"https:\/\/gastronomicament.cat\/ca\/wp-json\/wp\/v2\/users\/1"}],"replies":[{"embeddable":true,"href":"https:\/\/gastronomicament.cat\/ca\/wp-json\/wp\/v2\/comments?post=15913"}],"version-history":[{"count":0,"href":"https:\/\/gastronomicament.cat\/ca\/wp-json\/wp\/v2\/posts\/15913\/revisions"}],"wp:featuredmedia":[{"embeddable":true,"href":"https:\/\/gastronomicament.cat\/ca\/wp-json\/wp\/v2\/media\/15914"}],"wp:attachment":[{"href":"https:\/\/gastronomicament.cat\/ca\/wp-json\/wp\/v2\/media?parent=15913"}],"wp:term":[{"taxonomy":"category","embeddable":true,"href":"https:\/\/gastronomicament.cat\/ca\/wp-json\/wp\/v2\/categories?post=15913"},{"taxonomy":"post_tag","embeddable":true,"href":"https:\/\/gastronomicament.cat\/ca\/wp-json\/wp\/v2\/tags?post=15913"},{"taxonomy":"author","embeddable":true,"href":"https:\/\/gastronomicament.cat\/ca\/wp-json\/wp\/v2\/coauthors?post=15913"}],"curies":[{"name":"wp","href":"https:\/\/api.w.org\/{rel}","templated":true}]}}