{"id":16064,"date":"2015-05-04T13:53:56","date_gmt":"2015-05-04T11:53:56","guid":{"rendered":"http:\/\/gastronomicament.cat\/?p=16064"},"modified":"2022-04-07T11:04:55","modified_gmt":"2022-04-07T09:04:55","slug":"ocu-llanca-la-campanya-sabem-que-mengem-per-millorar-la-informacio-dels-consumidors","status":"publish","type":"post","link":"https:\/\/gastronomicament.cat\/ca\/ocu-llanca-la-campanya-sabem-que-mengem-per-millorar-la-informacio-dels-consumidors","title":{"rendered":"OCU llan\u00e7a la campanya &#8216;Sabem qu\u00e8 mengem?&#8217; per millorar la informaci\u00f3 dels consumidors"},"content":{"rendered":"<p><em>Gaireb\u00e9 el 30% dels consumidors ha comprat un producte equivocat per culpa de l&#8217;etiquetatge<\/em><\/p>\n<p>OCU, juntament amb altres organitzacions Europees, ha posat en marxa la campanya &#8216;<a title=\"\u00bfSabemos qu\u00e9 comemos?\" href=\"http:\/\/www.ocu.org\/movilizate\/sabemos-que-comemos\" target=\"_blank\" rel=\"noopener\">Sabem qu\u00e8 mengem?<\/a>&#8216;. L&#8217;objectiu \u00e9s aconseguir que es millori la informaci\u00f3 de les etiquetes dels productes d&#8217;alimentaci\u00f3 perqu\u00e8 els consumidors puguin saber realment qu\u00e8 compren i qu\u00e8 mengen.<\/p>\n<p>Tot i l&#8217;entrada en vigor el passat mes de desembre del nou reglament europeu sobre etiquetatge d&#8217;aliments, els consumidors continuen tenint problemes per con\u00e8ixer els productes d&#8217;alimentaci\u00f3 que consumeixen di\u00e0riament. Un recent estudi de OCU, adverteix de les dificultats dels consumidors per llegir les etiquetes, per identificar correctament la denominaci\u00f3 real de l&#8217;aliment, per recon\u00e8ixer quants i quins s\u00f3n els ingredients del mateix o per saber el pa\u00eds d&#8217;origen del que provenen els aliments que prenem di\u00e0riament.<\/p>\n<blockquote><p>TOT I LA NORMATIVA EUROPEA, ELS CONSUMIDORS CONTINUEN TENINT PROBLEMES PER CON\u00c8IXER QU\u00c8 MENGEN<\/p><\/blockquote>\n<p>A trav\u00e9s d&#8217;aquesta campanya OCU pret\u00e9n que es respecti l&#8217;esperit del reglament d&#8217;etiquetatge, que recentment ha entrat en vigor (una part d&#8217;aquest, ja que aquest reglament t\u00e9 diverses etapes d&#8217;aplicaci\u00f3). L&#8217;Organitzaci\u00f3 simplement demana que els consumidors s\u00e0piguen realment qu\u00e8 estan comprant: que la denominaci\u00f3 de l&#8217;aliment estigui ben visible i que no es destaqui, amb objectius merament publicitaris, ingredients que no s\u00f3n els principals.<\/p>\n<blockquote><p>AMB AQUESTA CAMPANYA, ELS CONSUMIDORS PODRAN ENVIAR LES ETIQUETES DELS PRODUCTES QUE GENEREN DUBTES<\/p><\/blockquote>\n<p>OCU demana tamb\u00e9 una legislaci\u00f3 que estableixi un marc eficient de controls oficials en mat\u00e8ria d&#8217;etiquetatge que garanteixi el compliment adequat de les normes sobre etiquetatge. De la mateixa manera, OCU considera b\u00e0sic i fonamental aconseguir que el consumidor vegi i comprengui les denominacions comercials a trav\u00e9s d&#8217;una lletra m\u00e9s gran i que es trobi en el frontal, al costat de la marca.<\/p>\n<p>En aquesta <a title=\"\u00bfSabemos qu\u00e9 comemos?\" href=\"http:\/\/www.ocu.org\/movilizate\/sabemos-que-comemos\" target=\"_blank\" rel=\"noopener\">campanya<\/a>,\u00a0 els consumidors podran enviar les etiquetes dels productes que els generen dubtes. Els problemes amb l&#8217;etiquetatge del producte suposen gaireb\u00e9 la meitat de les consultes que OCU rep en mat\u00e8ria d&#8217;alimentaci\u00f3. <strong>Els principals problemes dels consumidors amb l&#8217;etiquetatge se centren en l&#8217;origen dels aliments, el percentatge de determinats ingredients (fruita, oli d&#8217;oliva, etc.)<\/strong> o l&#8217;escassa pres\u00e8ncia real d&#8217;ingredients que donen nom al producte i suposen moltes vegades el reclam per impulsar-ne la compra.<\/p>\n<p>A trav\u00e9s de la p\u00e0gina <a title=\"\u00bfSabemos qu\u00e9 comemos?\" href=\"http:\/\/www.ocu.org\/movilizate\/sabemos-que-comemos\" target=\"_blank\" rel=\"noopener\">http:\/\/www.ocu.org\/movilizate\/sabemos-que-comemos<\/a> i del hasthag <strong>#etiquetastrampa<\/strong>, OCU demana la col\u00b7laboraci\u00f3 als consumidors perqu\u00e8 ajudin a identificar els productes que tenen una etiqueta que els genera problemes. Amb la informaci\u00f3 obtinguda, l&#8217;OCU demanar\u00e0 a les diferents administracions i empreses canvis en l&#8217;etiquetatge que permetin que els consumidors tinguin una informaci\u00f3 adequada sobre els productes per triar sense por d&#8217;equivocar-se, en definitiva que els consumidors s\u00e0piguen realment qu\u00e8 estan comprant i menjant.<\/p>\n<pre>FONT: <a href=\"http:\/\/www.ocu.org\/organizacion\/prensa\/notas-de-prensa\/2015\/sabemos-comemos\" target=\"_blank\" rel=\"noopener\">http:\/\/www.ocu.org\/organizacion\/prensa\/notas-de-prensa\/2015\/sabemos-comemos<\/a><\/pre>\n<p><a class=\"twitter-timeline\" href=\"https:\/\/twitter.com\/hashtag\/EtiquetasTrampa\" data-widget-id=\"595395894855475200\">#EtiquetasTrampa tuits<\/a><br \/>\n<script>!function(d,s,id){var js,fjs=d.getElementsByTagName(s)[0],p=\/^http:\/.test(d.location)?'http':'https';if(!d.getElementById(id)){js=d.createElement(s);js.id=id;js.src=p+\":\/\/platform.twitter.com\/widgets.js\";fjs.parentNode.insertBefore(js,fjs);}}(document,\"script\",\"twitter-wjs\");<\/script><!--more--><\/p>\n","protected":false},"excerpt":{"rendered":"<p>Gaireb\u00e9 el 30% dels consumidors ha comprat un producte equivocat per culpa de l&#8217;etiquetatge<\/p>\n","protected":false},"author":1,"featured_media":16065,"comment_status":"open","ping_status":"closed","sticky":false,"template":"","format":"standard","meta":{"_acf_changed":false,"_swt_meta_header_display":false,"_swt_meta_footer_display":false,"_swt_meta_site_title_display":false,"_swt_meta_sticky_header":false,"_swt_meta_transparent_header":false,"footnotes":""},"categories":[692],"tags":[],"coauthors":[],"class_list":["post-16064","post","type-post","status-publish","format-standard","has-post-thumbnail","hentry","category-actualitat"],"acf":{"gallery":null,"home_date":{"home_begin_date":null,"home_end_date":null}},"yoast_head":"<!-- This site is optimized with the Yoast SEO plugin v27.4 - https:\/\/yoast.com\/product\/yoast-seo-wordpress\/ -->\n<title>OCU llan\u00e7a la campanya &#039;Sabem qu\u00e8 mengem?&#039; per millorar la informaci\u00f3 dels consumidors<\/title>\n<meta name=\"description\" content=\"OCU llan\u00e7a la campanya &#039;Sabem qu\u00e8 mengem?&#039; per millorar la informaci\u00f3 dels consumidors - OCU lanza la campa\u00f1a &#039;\u00bfSabemos lo que comemos?&#039; para mejorar\" \/>\n<meta name=\"robots\" content=\"index, follow, max-snippet:-1, max-image-preview:large, max-video-preview:-1\" \/>\n<link rel=\"canonical\" href=\"https:\/\/gastronomicament.cat\/ca\/ocu-llanca-la-campanya-sabem-que-mengem-per-millorar-la-informacio-dels-consumidors\" \/>\n<meta property=\"og:locale\" content=\"ca_ES\" \/>\n<meta property=\"og:type\" content=\"article\" \/>\n<meta property=\"og:title\" content=\"OCU llan\u00e7a la campanya &#039;Sabem qu\u00e8 mengem?&#039; per millorar la informaci\u00f3 dels consumidors\" \/>\n<meta property=\"og:description\" content=\"OCU llan\u00e7a la campanya &#039;Sabem qu\u00e8 mengem?&#039; per millorar la informaci\u00f3 dels consumidors - OCU lanza la campa\u00f1a &#039;\u00bfSabemos lo que comemos?&#039; para mejorar\" \/>\n<meta property=\"og:url\" content=\"https:\/\/gastronomicament.cat\/ca\/ocu-llanca-la-campanya-sabem-que-mengem-per-millorar-la-informacio-dels-consumidors\" \/>\n<meta property=\"og:site_name\" content=\"Gastron\u00f2micament\" \/>\n<meta property=\"article:published_time\" content=\"2015-05-04T11:53:56+00:00\" \/>\n<meta property=\"article:modified_time\" content=\"2022-04-07T09:04:55+00:00\" \/>\n<meta property=\"og:image\" content=\"https:\/\/gastronomicament.cat\/wp-content\/uploads\/2015\/05\/sabemos-que-comemos-ocu.jpg\" \/>\n\t<meta property=\"og:image:width\" content=\"640\" \/>\n\t<meta property=\"og:image:height\" content=\"318\" \/>\n\t<meta property=\"og:image:type\" content=\"image\/jpeg\" \/>\n<meta name=\"author\" content=\"Redacci\u00f3\" \/>\n<meta name=\"twitter:card\" content=\"summary_large_image\" \/>\n<meta name=\"twitter:creator\" content=\"@gastronomicamen\" \/>\n<meta name=\"twitter:site\" content=\"@gastronomicamen\" \/>\n<meta name=\"twitter:label1\" content=\"Written by\" \/>\n\t<meta name=\"twitter:data1\" content=\"Redacci\u00f3\" \/>\n\t<meta name=\"twitter:label2\" content=\"Est. reading time\" \/>\n\t<meta name=\"twitter:data2\" content=\"2 minutes\" \/>\n<script type=\"application\/ld+json\" class=\"yoast-schema-graph\">{\"@context\":\"https:\\\/\\\/schema.org\",\"@graph\":[{\"@type\":\"Article\",\"@id\":\"https:\\\/\\\/gastronomicament.cat\\\/ca\\\/ocu-llanca-la-campanya-sabem-que-mengem-per-millorar-la-informacio-dels-consumidors#article\",\"isPartOf\":{\"@id\":\"https:\\\/\\\/gastronomicament.cat\\\/ca\\\/ocu-llanca-la-campanya-sabem-que-mengem-per-millorar-la-informacio-dels-consumidors\"},\"author\":{\"name\":\"Redacci\u00f3\",\"@id\":\"https:\\\/\\\/gastronomicament.cat\\\/ca\\\/#\\\/schema\\\/person\\\/a7c85c537a1ed62799a5b8e0f686a37f\"},\"headline\":\"OCU llan\u00e7a la campanya &#8216;Sabem qu\u00e8 mengem?&#8217; per millorar la informaci\u00f3 dels consumidors\",\"datePublished\":\"2015-05-04T11:53:56+00:00\",\"dateModified\":\"2022-04-07T09:04:55+00:00\",\"mainEntityOfPage\":{\"@id\":\"https:\\\/\\\/gastronomicament.cat\\\/ca\\\/ocu-llanca-la-campanya-sabem-que-mengem-per-millorar-la-informacio-dels-consumidors\"},\"wordCount\":479,\"commentCount\":0,\"publisher\":{\"@id\":\"https:\\\/\\\/gastronomicament.cat\\\/ca\\\/#organization\"},\"image\":{\"@id\":\"https:\\\/\\\/gastronomicament.cat\\\/ca\\\/ocu-llanca-la-campanya-sabem-que-mengem-per-millorar-la-informacio-dels-consumidors#primaryimage\"},\"thumbnailUrl\":\"https:\\\/\\\/gastronomicament.cat\\\/wp-content\\\/uploads\\\/2015\\\/05\\\/sabemos-que-comemos-ocu.jpg\",\"articleSection\":[\"Actualitat\"],\"inLanguage\":\"ca-ES\",\"potentialAction\":[{\"@type\":\"CommentAction\",\"name\":\"Comment\",\"target\":[\"https:\\\/\\\/gastronomicament.cat\\\/ca\\\/ocu-llanca-la-campanya-sabem-que-mengem-per-millorar-la-informacio-dels-consumidors#respond\"]}]},{\"@type\":\"WebPage\",\"@id\":\"https:\\\/\\\/gastronomicament.cat\\\/ca\\\/ocu-llanca-la-campanya-sabem-que-mengem-per-millorar-la-informacio-dels-consumidors\",\"url\":\"https:\\\/\\\/gastronomicament.cat\\\/ca\\\/ocu-llanca-la-campanya-sabem-que-mengem-per-millorar-la-informacio-dels-consumidors\",\"name\":\"OCU llan\u00e7a la campanya 'Sabem qu\u00e8 mengem?' per millorar la informaci\u00f3 dels consumidors\",\"isPartOf\":{\"@id\":\"https:\\\/\\\/gastronomicament.cat\\\/ca\\\/#website\"},\"primaryImageOfPage\":{\"@id\":\"https:\\\/\\\/gastronomicament.cat\\\/ca\\\/ocu-llanca-la-campanya-sabem-que-mengem-per-millorar-la-informacio-dels-consumidors#primaryimage\"},\"image\":{\"@id\":\"https:\\\/\\\/gastronomicament.cat\\\/ca\\\/ocu-llanca-la-campanya-sabem-que-mengem-per-millorar-la-informacio-dels-consumidors#primaryimage\"},\"thumbnailUrl\":\"https:\\\/\\\/gastronomicament.cat\\\/wp-content\\\/uploads\\\/2015\\\/05\\\/sabemos-que-comemos-ocu.jpg\",\"datePublished\":\"2015-05-04T11:53:56+00:00\",\"dateModified\":\"2022-04-07T09:04:55+00:00\",\"description\":\"OCU llan\u00e7a la campanya 'Sabem qu\u00e8 mengem?' per millorar la informaci\u00f3 dels consumidors - OCU lanza la campa\u00f1a '\u00bfSabemos lo que comemos?' para mejorar\",\"inLanguage\":\"ca-ES\",\"potentialAction\":[{\"@type\":\"ReadAction\",\"target\":[\"https:\\\/\\\/gastronomicament.cat\\\/ca\\\/ocu-llanca-la-campanya-sabem-que-mengem-per-millorar-la-informacio-dels-consumidors\"]}]},{\"@type\":\"ImageObject\",\"inLanguage\":\"ca-ES\",\"@id\":\"https:\\\/\\\/gastronomicament.cat\\\/ca\\\/ocu-llanca-la-campanya-sabem-que-mengem-per-millorar-la-informacio-dels-consumidors#primaryimage\",\"url\":\"https:\\\/\\\/gastronomicament.cat\\\/wp-content\\\/uploads\\\/2015\\\/05\\\/sabemos-que-comemos-ocu.jpg\",\"contentUrl\":\"https:\\\/\\\/gastronomicament.cat\\\/wp-content\\\/uploads\\\/2015\\\/05\\\/sabemos-que-comemos-ocu.jpg\",\"width\":640,\"height\":318},{\"@type\":\"WebSite\",\"@id\":\"https:\\\/\\\/gastronomicament.cat\\\/ca\\\/#website\",\"url\":\"https:\\\/\\\/gastronomicament.cat\\\/ca\\\/\",\"name\":\"Gastron\u00f2micament\",\"description\":\"Portal de restaurants, receptes i actualitat gastron\u00f2mica\",\"publisher\":{\"@id\":\"https:\\\/\\\/gastronomicament.cat\\\/ca\\\/#organization\"},\"potentialAction\":[{\"@type\":\"SearchAction\",\"target\":{\"@type\":\"EntryPoint\",\"urlTemplate\":\"https:\\\/\\\/gastronomicament.cat\\\/ca\\\/?s={search_term_string}\"},\"query-input\":{\"@type\":\"PropertyValueSpecification\",\"valueRequired\":true,\"valueName\":\"search_term_string\"}}],\"inLanguage\":\"ca-ES\"},{\"@type\":\"Organization\",\"@id\":\"https:\\\/\\\/gastronomicament.cat\\\/ca\\\/#organization\",\"name\":\"Gastron\u00f2micament\",\"url\":\"https:\\\/\\\/gastronomicament.cat\\\/ca\\\/\",\"logo\":{\"@type\":\"ImageObject\",\"inLanguage\":\"ca-ES\",\"@id\":\"https:\\\/\\\/gastronomicament.cat\\\/ca\\\/#\\\/schema\\\/logo\\\/image\\\/\",\"url\":\"https:\\\/\\\/gastronomicament.cat\\\/wp-content\\\/uploads\\\/2016\\\/09\\\/header-logo.jpg\",\"contentUrl\":\"https:\\\/\\\/gastronomicament.cat\\\/wp-content\\\/uploads\\\/2016\\\/09\\\/header-logo.jpg\",\"width\":277,\"height\":39,\"caption\":\"Gastron\u00f2micament\"},\"image\":{\"@id\":\"https:\\\/\\\/gastronomicament.cat\\\/ca\\\/#\\\/schema\\\/logo\\\/image\\\/\"},\"sameAs\":[\"https:\\\/\\\/x.com\\\/gastronomicamen\"]},{\"@type\":\"Person\",\"@id\":\"https:\\\/\\\/gastronomicament.cat\\\/ca\\\/#\\\/schema\\\/person\\\/a7c85c537a1ed62799a5b8e0f686a37f\",\"name\":\"Redacci\u00f3\",\"image\":{\"@type\":\"ImageObject\",\"inLanguage\":\"ca-ES\",\"@id\":\"https:\\\/\\\/secure.gravatar.com\\\/avatar\\\/9489a485c464fd611d33825daae651d13db70c4e74c65c94937a15a9d4c3ee14?s=96&d=mm&r=g69fea3cce3645dfa2166e7293e22955e\",\"url\":\"https:\\\/\\\/secure.gravatar.com\\\/avatar\\\/9489a485c464fd611d33825daae651d13db70c4e74c65c94937a15a9d4c3ee14?s=96&d=mm&r=g\",\"contentUrl\":\"https:\\\/\\\/secure.gravatar.com\\\/avatar\\\/9489a485c464fd611d33825daae651d13db70c4e74c65c94937a15a9d4c3ee14?s=96&d=mm&r=g\",\"caption\":\"Redacci\u00f3\"},\"sameAs\":[\"http:\\\/\\\/gastronomicament.cat\"],\"url\":\"https:\\\/\\\/gastronomicament.cat\\\/ca\\\/author\\\/admin\"}]}<\/script>\n<!-- \/ Yoast SEO plugin. -->","yoast_head_json":{"title":"OCU llan\u00e7a la campanya 'Sabem qu\u00e8 mengem?' per millorar la informaci\u00f3 dels consumidors","description":"OCU llan\u00e7a la campanya 'Sabem qu\u00e8 mengem?' per millorar la informaci\u00f3 dels consumidors - OCU lanza la campa\u00f1a '\u00bfSabemos lo que comemos?' para mejorar","robots":{"index":"index","follow":"follow","max-snippet":"max-snippet:-1","max-image-preview":"max-image-preview:large","max-video-preview":"max-video-preview:-1"},"canonical":"https:\/\/gastronomicament.cat\/ca\/ocu-llanca-la-campanya-sabem-que-mengem-per-millorar-la-informacio-dels-consumidors","og_locale":"ca_ES","og_type":"article","og_title":"OCU llan\u00e7a la campanya 'Sabem qu\u00e8 mengem?' per millorar la informaci\u00f3 dels consumidors","og_description":"OCU llan\u00e7a la campanya 'Sabem qu\u00e8 mengem?' per millorar la informaci\u00f3 dels consumidors - OCU lanza la campa\u00f1a '\u00bfSabemos lo que comemos?' para mejorar","og_url":"https:\/\/gastronomicament.cat\/ca\/ocu-llanca-la-campanya-sabem-que-mengem-per-millorar-la-informacio-dels-consumidors","og_site_name":"Gastron\u00f2micament","article_published_time":"2015-05-04T11:53:56+00:00","article_modified_time":"2022-04-07T09:04:55+00:00","og_image":[{"width":640,"height":318,"url":"https:\/\/gastronomicament.cat\/wp-content\/uploads\/2015\/05\/sabemos-que-comemos-ocu.jpg","type":"image\/jpeg"}],"author":"Redacci\u00f3","twitter_card":"summary_large_image","twitter_creator":"@gastronomicamen","twitter_site":"@gastronomicamen","twitter_misc":{"Written by":"Redacci\u00f3","Est. reading time":"2 minutes"},"schema":{"@context":"https:\/\/schema.org","@graph":[{"@type":"Article","@id":"https:\/\/gastronomicament.cat\/ca\/ocu-llanca-la-campanya-sabem-que-mengem-per-millorar-la-informacio-dels-consumidors#article","isPartOf":{"@id":"https:\/\/gastronomicament.cat\/ca\/ocu-llanca-la-campanya-sabem-que-mengem-per-millorar-la-informacio-dels-consumidors"},"author":{"name":"Redacci\u00f3","@id":"https:\/\/gastronomicament.cat\/ca\/#\/schema\/person\/a7c85c537a1ed62799a5b8e0f686a37f"},"headline":"OCU llan\u00e7a la campanya &#8216;Sabem qu\u00e8 mengem?&#8217; per millorar la informaci\u00f3 dels consumidors","datePublished":"2015-05-04T11:53:56+00:00","dateModified":"2022-04-07T09:04:55+00:00","mainEntityOfPage":{"@id":"https:\/\/gastronomicament.cat\/ca\/ocu-llanca-la-campanya-sabem-que-mengem-per-millorar-la-informacio-dels-consumidors"},"wordCount":479,"commentCount":0,"publisher":{"@id":"https:\/\/gastronomicament.cat\/ca\/#organization"},"image":{"@id":"https:\/\/gastronomicament.cat\/ca\/ocu-llanca-la-campanya-sabem-que-mengem-per-millorar-la-informacio-dels-consumidors#primaryimage"},"thumbnailUrl":"https:\/\/gastronomicament.cat\/wp-content\/uploads\/2015\/05\/sabemos-que-comemos-ocu.jpg","articleSection":["Actualitat"],"inLanguage":"ca-ES","potentialAction":[{"@type":"CommentAction","name":"Comment","target":["https:\/\/gastronomicament.cat\/ca\/ocu-llanca-la-campanya-sabem-que-mengem-per-millorar-la-informacio-dels-consumidors#respond"]}]},{"@type":"WebPage","@id":"https:\/\/gastronomicament.cat\/ca\/ocu-llanca-la-campanya-sabem-que-mengem-per-millorar-la-informacio-dels-consumidors","url":"https:\/\/gastronomicament.cat\/ca\/ocu-llanca-la-campanya-sabem-que-mengem-per-millorar-la-informacio-dels-consumidors","name":"OCU llan\u00e7a la campanya 'Sabem qu\u00e8 mengem?' per millorar la informaci\u00f3 dels consumidors","isPartOf":{"@id":"https:\/\/gastronomicament.cat\/ca\/#website"},"primaryImageOfPage":{"@id":"https:\/\/gastronomicament.cat\/ca\/ocu-llanca-la-campanya-sabem-que-mengem-per-millorar-la-informacio-dels-consumidors#primaryimage"},"image":{"@id":"https:\/\/gastronomicament.cat\/ca\/ocu-llanca-la-campanya-sabem-que-mengem-per-millorar-la-informacio-dels-consumidors#primaryimage"},"thumbnailUrl":"https:\/\/gastronomicament.cat\/wp-content\/uploads\/2015\/05\/sabemos-que-comemos-ocu.jpg","datePublished":"2015-05-04T11:53:56+00:00","dateModified":"2022-04-07T09:04:55+00:00","description":"OCU llan\u00e7a la campanya 'Sabem qu\u00e8 mengem?' per millorar la informaci\u00f3 dels consumidors - OCU lanza la campa\u00f1a '\u00bfSabemos lo que comemos?' para mejorar","inLanguage":"ca-ES","potentialAction":[{"@type":"ReadAction","target":["https:\/\/gastronomicament.cat\/ca\/ocu-llanca-la-campanya-sabem-que-mengem-per-millorar-la-informacio-dels-consumidors"]}]},{"@type":"ImageObject","inLanguage":"ca-ES","@id":"https:\/\/gastronomicament.cat\/ca\/ocu-llanca-la-campanya-sabem-que-mengem-per-millorar-la-informacio-dels-consumidors#primaryimage","url":"https:\/\/gastronomicament.cat\/wp-content\/uploads\/2015\/05\/sabemos-que-comemos-ocu.jpg","contentUrl":"https:\/\/gastronomicament.cat\/wp-content\/uploads\/2015\/05\/sabemos-que-comemos-ocu.jpg","width":640,"height":318},{"@type":"WebSite","@id":"https:\/\/gastronomicament.cat\/ca\/#website","url":"https:\/\/gastronomicament.cat\/ca\/","name":"Gastron\u00f2micament","description":"Portal de restaurants, receptes i actualitat gastron\u00f2mica","publisher":{"@id":"https:\/\/gastronomicament.cat\/ca\/#organization"},"potentialAction":[{"@type":"SearchAction","target":{"@type":"EntryPoint","urlTemplate":"https:\/\/gastronomicament.cat\/ca\/?s={search_term_string}"},"query-input":{"@type":"PropertyValueSpecification","valueRequired":true,"valueName":"search_term_string"}}],"inLanguage":"ca-ES"},{"@type":"Organization","@id":"https:\/\/gastronomicament.cat\/ca\/#organization","name":"Gastron\u00f2micament","url":"https:\/\/gastronomicament.cat\/ca\/","logo":{"@type":"ImageObject","inLanguage":"ca-ES","@id":"https:\/\/gastronomicament.cat\/ca\/#\/schema\/logo\/image\/","url":"https:\/\/gastronomicament.cat\/wp-content\/uploads\/2016\/09\/header-logo.jpg","contentUrl":"https:\/\/gastronomicament.cat\/wp-content\/uploads\/2016\/09\/header-logo.jpg","width":277,"height":39,"caption":"Gastron\u00f2micament"},"image":{"@id":"https:\/\/gastronomicament.cat\/ca\/#\/schema\/logo\/image\/"},"sameAs":["https:\/\/x.com\/gastronomicamen"]},{"@type":"Person","@id":"https:\/\/gastronomicament.cat\/ca\/#\/schema\/person\/a7c85c537a1ed62799a5b8e0f686a37f","name":"Redacci\u00f3","image":{"@type":"ImageObject","inLanguage":"ca-ES","@id":"https:\/\/secure.gravatar.com\/avatar\/9489a485c464fd611d33825daae651d13db70c4e74c65c94937a15a9d4c3ee14?s=96&d=mm&r=g69fea3cce3645dfa2166e7293e22955e","url":"https:\/\/secure.gravatar.com\/avatar\/9489a485c464fd611d33825daae651d13db70c4e74c65c94937a15a9d4c3ee14?s=96&d=mm&r=g","contentUrl":"https:\/\/secure.gravatar.com\/avatar\/9489a485c464fd611d33825daae651d13db70c4e74c65c94937a15a9d4c3ee14?s=96&d=mm&r=g","caption":"Redacci\u00f3"},"sameAs":["http:\/\/gastronomicament.cat"],"url":"https:\/\/gastronomicament.cat\/ca\/author\/admin"}]}},"_links":{"self":[{"href":"https:\/\/gastronomicament.cat\/ca\/wp-json\/wp\/v2\/posts\/16064","targetHints":{"allow":["GET"]}}],"collection":[{"href":"https:\/\/gastronomicament.cat\/ca\/wp-json\/wp\/v2\/posts"}],"about":[{"href":"https:\/\/gastronomicament.cat\/ca\/wp-json\/wp\/v2\/types\/post"}],"author":[{"embeddable":true,"href":"https:\/\/gastronomicament.cat\/ca\/wp-json\/wp\/v2\/users\/1"}],"replies":[{"embeddable":true,"href":"https:\/\/gastronomicament.cat\/ca\/wp-json\/wp\/v2\/comments?post=16064"}],"version-history":[{"count":0,"href":"https:\/\/gastronomicament.cat\/ca\/wp-json\/wp\/v2\/posts\/16064\/revisions"}],"wp:featuredmedia":[{"embeddable":true,"href":"https:\/\/gastronomicament.cat\/ca\/wp-json\/wp\/v2\/media\/16065"}],"wp:attachment":[{"href":"https:\/\/gastronomicament.cat\/ca\/wp-json\/wp\/v2\/media?parent=16064"}],"wp:term":[{"taxonomy":"category","embeddable":true,"href":"https:\/\/gastronomicament.cat\/ca\/wp-json\/wp\/v2\/categories?post=16064"},{"taxonomy":"post_tag","embeddable":true,"href":"https:\/\/gastronomicament.cat\/ca\/wp-json\/wp\/v2\/tags?post=16064"},{"taxonomy":"author","embeddable":true,"href":"https:\/\/gastronomicament.cat\/ca\/wp-json\/wp\/v2\/coauthors?post=16064"}],"curies":[{"name":"wp","href":"https:\/\/api.w.org\/{rel}","templated":true}]}}