{"id":16144,"date":"2015-05-19T19:30:23","date_gmt":"2015-05-19T17:30:23","guid":{"rendered":"http:\/\/gastronomicament.cat\/?p=16144"},"modified":"2022-04-07T11:04:56","modified_gmt":"2022-04-07T09:04:56","slug":"gastronomicament-dona-suport-a-la-campanya-produim-aqui","status":"publish","type":"post","link":"https:\/\/gastronomicament.cat\/ca\/gastronomicament-dona-suport-a-la-campanya-produim-aqui","title":{"rendered":"Gastron\u00f2micament d\u00f3na suport a la campanya Produ\u00efm Aqu\u00ed"},"content":{"rendered":"<p>Arran de les properes eleccions municipals, s&#8217;ha engegat la campanya <strong>Produ\u00efm Aqu\u00ed,<\/strong> per demanar als partits pol\u00edtics que es comprometin a incorporar els productes locals als actes protocolaris, inauguracions, establiments p\u00fablics, etc.<\/p>\n<p><strong>Gastron\u00f2micament d\u00f3na suport a <\/strong>la campanya<strong> Produ\u00efm Aqu\u00ed<\/strong>, hi col\u00b7labora, una iniciativa de <strong>Pimem<\/strong> i <strong>Pep Lemon<\/strong>.<\/p>\n<p>Des de Pimem informen que<strong> dos partits pol\u00edtics donen suport a la campanya<\/strong>: <strong>M\u00e9s per Mallorca<\/strong>, Proposta per les Illes Balears (<strong>El Pi<\/strong>)<\/p>\n<p>[ezcol_1third]<\/p>\n<ul>\n<li>Font Sorda<\/li>\n<li>Ametlla +<\/li>\n<li>Barquillos Galindo<\/li>\n<li>Pep Lemon<\/li>\n<li>Suc Frut<\/li>\n<li>Zumiglub, Picsa, Blackpanter, Aquasezt<\/li>\n<li>Cerveza Beer Lovers<\/li>\n<li>Cas Cerveser<\/li>\n<li>Cervesa Forastera<\/li>\n<li>Cervesa Sullerica<\/li>\n<li>C\u00e1rnicas Sunyer<\/li>\n<li>Agro\u00eflla<\/li>\n<\/ul>\n<p>[\/ezcol_1third]<\/p>\n<p>[ezcol_1third]<\/p>\n<ul>\n<li>Gelats Valls<\/li>\n<li>La Paduana<\/li>\n<li>Gori de Muro<\/li>\n<li>Galletes Arta-Sanes<\/li>\n<li>Gin Eva<\/li>\n<li>Sa Tafona de Caimari<\/li>\n<li>Conservas Rossell\u00f3<\/li>\n<li>Can Montes<\/li>\n<li>Tudur\u00ed<\/li>\n<li>Glosa Marina<\/li>\n<li>Can Verdura Viticultors<\/li>\n<li>Ramaders Agrupats<\/li>\n<li>Assoc. Productors Porc\u00ed (Marca PMS)<\/li>\n<\/ul>\n<p>[\/ezcol_1third]<\/p>\n<p>[ezcol_1third_end]<\/p>\n<ul>\n<li>Ketchup de Forqueta<\/li>\n<li>Caragol Bover<\/li>\n<li>OLi de Jornets<\/li>\n<li>Flor de Sal<\/li>\n<li>Ses Salines d\u00b4Es Trenc<\/li>\n<li>Salinas de Levante<\/li>\n<li>Xampinyons Fungi Fresc<\/li>\n<li>Fet a S\u00f3ller<\/li>\n<li>Forn Ca Na Cati<\/li>\n<li>Pinya Puig<\/li>\n<li>7103 petit celler<\/li>\n<li>Dos Perellons<\/li>\n<li>Hotel Son Fona (s&#8217;Illot)<\/li>\n<\/ul>\n<p>[\/ezcol_1third_end]<\/p>\n<p>El document demana als partits pol\u00edtics:<\/p>\n<p><strong>Que es\u00a0comprometin a incorporar els productes locals a:<\/strong><\/p>\n<ul>\n<li>Actes inaugurals<\/li>\n<li>Actes protocol\u00b7laris<\/li>\n<li>Establiments p\u00fablics (refugis, albergs, hospitals, col\u00b7legis\u2026)<\/li>\n<li>Incloure amb criteris d&#8217;avaluaci\u00f3 puntuable el producte local en els plecs de condicions per a la contractaci\u00f3 p\u00fablica que li siguin prop\u00edcies, com per exemple explotaci\u00f3 de platges, espais comercials, de restauraci\u00f3 i altres.<\/li>\n<\/ul>\n<div><strong>Per qu\u00e8?<\/strong><\/div>\n<ul>\n<li>Perqu\u00e8 les Administracions tenen el poder per a fer-ho.<\/li>\n<li>Creim que la conscienciaci\u00f3 sobre el consum de producte local hauria de comen\u00e7ar pels \u00f2rgans p\u00fablics, at\u00e8s que s\u00f3crea llocs de treball des de la petita i mitjana empresa, i compta amb potencial per crear molts m\u00e9s.<\/li>\n<li>El producte local compta amb un factor diferencial i exclussiu propi de Mallorca, benefici\u00f3s tamb\u00e9 pel turisme i que ens identifica com a \u201cmarca Mallorca\u201d<\/li>\n<li>El producte local crea una cadena de valor per als productes del nostre sector primari. La producci\u00f3 local est\u00e0 unida a una forma de produir m\u00e9s sostenible i transparent.Creim que amb mesures clares i valentes podrem recuperar un teixit industrial, en bona part perdut, amb productes de qualitat, sostenibles i innovadors. El producte local forma part del nostre futur. Ens agradaria que aix\u00f2 fos una clara aposta de tots.<\/li>\n<\/ul>\n<p>Cal dir que que aquesta iniciativa \u00e9s oberta a totes les empreses d\u2019alimentaci\u00f3 amb producci\u00f3 local. Us hi podeu sumar amb un missatge electr\u00f2nic a &lt;<a href=\"mailto:pimem@pimem.es\" target=\"_blank\" rel=\"noopener\">pimem@pimem.es<\/a>&gt;o &lt;<a href=\"mailto:admon@pimem.es\" target=\"_blank\" rel=\"noopener\">admon@pimem.es<\/a>&gt;.<\/p>\n<p>Podeu mostrar el vostre suport a la campanya a les xarxes socials amb <strong>#Produ\u00efmAqu\u00ed<\/strong><!--more--><\/p>\n","protected":false},"excerpt":{"rendered":"<p>La campanya demana als partits pol\u00edtics que es comprometin a incorporar els productes locals als actes&hellip;<\/p>\n","protected":false},"author":1,"featured_media":16145,"comment_status":"open","ping_status":"closed","sticky":false,"template":"","format":"standard","meta":{"_acf_changed":false,"_swt_meta_header_display":false,"_swt_meta_footer_display":false,"_swt_meta_site_title_display":false,"_swt_meta_sticky_header":false,"_swt_meta_transparent_header":false,"footnotes":""},"categories":[692],"tags":[],"coauthors":[],"class_list":["post-16144","post","type-post","status-publish","format-standard","has-post-thumbnail","hentry","category-actualitat"],"acf":{"gallery":null,"home_date":{"home_begin_date":null,"home_end_date":null}},"yoast_head":"<!-- This site is optimized with the Yoast SEO plugin v27.4 - https:\/\/yoast.com\/product\/yoast-seo-wordpress\/ -->\n<title>Gastron\u00f2micament d\u00f3na suport a la campanya Produ\u00efm Aqu\u00ed<\/title>\n<meta name=\"description\" content=\"Gastron\u00f2micament d\u00f3na suport a la campanya Produ\u00efm Aqu\u00ed\" \/>\n<meta name=\"robots\" content=\"index, follow, max-snippet:-1, max-image-preview:large, max-video-preview:-1\" \/>\n<link rel=\"canonical\" href=\"https:\/\/gastronomicament.cat\/ca\/gastronomicament-dona-suport-a-la-campanya-produim-aqui\" \/>\n<meta property=\"og:locale\" content=\"ca_ES\" \/>\n<meta property=\"og:type\" content=\"article\" \/>\n<meta property=\"og:title\" content=\"Gastron\u00f2micament d\u00f3na suport a la campanya Produ\u00efm Aqu\u00ed\" \/>\n<meta property=\"og:description\" content=\"Gastron\u00f2micament d\u00f3na suport a la campanya Produ\u00efm Aqu\u00ed\" \/>\n<meta property=\"og:url\" content=\"https:\/\/gastronomicament.cat\/ca\/gastronomicament-dona-suport-a-la-campanya-produim-aqui\" \/>\n<meta property=\"og:site_name\" content=\"Gastron\u00f2micament\" \/>\n<meta property=\"article:published_time\" content=\"2015-05-19T17:30:23+00:00\" \/>\n<meta property=\"article:modified_time\" content=\"2022-04-07T09:04:56+00:00\" \/>\n<meta property=\"og:image\" content=\"https:\/\/gastronomicament.cat\/wp-content\/uploads\/2015\/05\/produim-aqui-campanya.jpg\" \/>\n\t<meta property=\"og:image:width\" content=\"640\" \/>\n\t<meta property=\"og:image:height\" content=\"302\" \/>\n\t<meta property=\"og:image:type\" content=\"image\/jpeg\" \/>\n<meta name=\"author\" content=\"Redacci\u00f3\" \/>\n<meta name=\"twitter:card\" content=\"summary_large_image\" \/>\n<meta name=\"twitter:creator\" content=\"@gastronomicamen\" \/>\n<meta name=\"twitter:site\" content=\"@gastronomicamen\" \/>\n<meta name=\"twitter:label1\" content=\"Written by\" \/>\n\t<meta name=\"twitter:data1\" content=\"Redacci\u00f3\" \/>\n\t<meta name=\"twitter:label2\" content=\"Est. reading time\" \/>\n\t<meta name=\"twitter:data2\" content=\"2 minutes\" \/>\n<script type=\"application\/ld+json\" class=\"yoast-schema-graph\">{\"@context\":\"https:\\\/\\\/schema.org\",\"@graph\":[{\"@type\":\"Article\",\"@id\":\"https:\\\/\\\/gastronomicament.cat\\\/ca\\\/gastronomicament-dona-suport-a-la-campanya-produim-aqui#article\",\"isPartOf\":{\"@id\":\"https:\\\/\\\/gastronomicament.cat\\\/ca\\\/gastronomicament-dona-suport-a-la-campanya-produim-aqui\"},\"author\":{\"name\":\"Redacci\u00f3\",\"@id\":\"https:\\\/\\\/gastronomicament.cat\\\/ca\\\/#\\\/schema\\\/person\\\/a7c85c537a1ed62799a5b8e0f686a37f\"},\"headline\":\"Gastron\u00f2micament d\u00f3na suport a la campanya Produ\u00efm Aqu\u00ed\",\"datePublished\":\"2015-05-19T17:30:23+00:00\",\"dateModified\":\"2022-04-07T09:04:56+00:00\",\"mainEntityOfPage\":{\"@id\":\"https:\\\/\\\/gastronomicament.cat\\\/ca\\\/gastronomicament-dona-suport-a-la-campanya-produim-aqui\"},\"wordCount\":473,\"commentCount\":0,\"publisher\":{\"@id\":\"https:\\\/\\\/gastronomicament.cat\\\/ca\\\/#organization\"},\"image\":{\"@id\":\"https:\\\/\\\/gastronomicament.cat\\\/ca\\\/gastronomicament-dona-suport-a-la-campanya-produim-aqui#primaryimage\"},\"thumbnailUrl\":\"https:\\\/\\\/gastronomicament.cat\\\/wp-content\\\/uploads\\\/2015\\\/05\\\/produim-aqui-campanya.jpg\",\"articleSection\":[\"Actualitat\"],\"inLanguage\":\"ca-ES\",\"potentialAction\":[{\"@type\":\"CommentAction\",\"name\":\"Comment\",\"target\":[\"https:\\\/\\\/gastronomicament.cat\\\/ca\\\/gastronomicament-dona-suport-a-la-campanya-produim-aqui#respond\"]}]},{\"@type\":\"WebPage\",\"@id\":\"https:\\\/\\\/gastronomicament.cat\\\/ca\\\/gastronomicament-dona-suport-a-la-campanya-produim-aqui\",\"url\":\"https:\\\/\\\/gastronomicament.cat\\\/ca\\\/gastronomicament-dona-suport-a-la-campanya-produim-aqui\",\"name\":\"Gastron\u00f2micament d\u00f3na suport a la campanya Produ\u00efm Aqu\u00ed\",\"isPartOf\":{\"@id\":\"https:\\\/\\\/gastronomicament.cat\\\/ca\\\/#website\"},\"primaryImageOfPage\":{\"@id\":\"https:\\\/\\\/gastronomicament.cat\\\/ca\\\/gastronomicament-dona-suport-a-la-campanya-produim-aqui#primaryimage\"},\"image\":{\"@id\":\"https:\\\/\\\/gastronomicament.cat\\\/ca\\\/gastronomicament-dona-suport-a-la-campanya-produim-aqui#primaryimage\"},\"thumbnailUrl\":\"https:\\\/\\\/gastronomicament.cat\\\/wp-content\\\/uploads\\\/2015\\\/05\\\/produim-aqui-campanya.jpg\",\"datePublished\":\"2015-05-19T17:30:23+00:00\",\"dateModified\":\"2022-04-07T09:04:56+00:00\",\"description\":\"Gastron\u00f2micament d\u00f3na suport a la campanya Produ\u00efm Aqu\u00ed\",\"inLanguage\":\"ca-ES\",\"potentialAction\":[{\"@type\":\"ReadAction\",\"target\":[\"https:\\\/\\\/gastronomicament.cat\\\/ca\\\/gastronomicament-dona-suport-a-la-campanya-produim-aqui\"]}]},{\"@type\":\"ImageObject\",\"inLanguage\":\"ca-ES\",\"@id\":\"https:\\\/\\\/gastronomicament.cat\\\/ca\\\/gastronomicament-dona-suport-a-la-campanya-produim-aqui#primaryimage\",\"url\":\"https:\\\/\\\/gastronomicament.cat\\\/wp-content\\\/uploads\\\/2015\\\/05\\\/produim-aqui-campanya.jpg\",\"contentUrl\":\"https:\\\/\\\/gastronomicament.cat\\\/wp-content\\\/uploads\\\/2015\\\/05\\\/produim-aqui-campanya.jpg\",\"width\":640,\"height\":302},{\"@type\":\"WebSite\",\"@id\":\"https:\\\/\\\/gastronomicament.cat\\\/ca\\\/#website\",\"url\":\"https:\\\/\\\/gastronomicament.cat\\\/ca\\\/\",\"name\":\"Gastron\u00f2micament\",\"description\":\"Portal de restaurants, receptes i actualitat gastron\u00f2mica\",\"publisher\":{\"@id\":\"https:\\\/\\\/gastronomicament.cat\\\/ca\\\/#organization\"},\"potentialAction\":[{\"@type\":\"SearchAction\",\"target\":{\"@type\":\"EntryPoint\",\"urlTemplate\":\"https:\\\/\\\/gastronomicament.cat\\\/ca\\\/?s={search_term_string}\"},\"query-input\":{\"@type\":\"PropertyValueSpecification\",\"valueRequired\":true,\"valueName\":\"search_term_string\"}}],\"inLanguage\":\"ca-ES\"},{\"@type\":\"Organization\",\"@id\":\"https:\\\/\\\/gastronomicament.cat\\\/ca\\\/#organization\",\"name\":\"Gastron\u00f2micament\",\"url\":\"https:\\\/\\\/gastronomicament.cat\\\/ca\\\/\",\"logo\":{\"@type\":\"ImageObject\",\"inLanguage\":\"ca-ES\",\"@id\":\"https:\\\/\\\/gastronomicament.cat\\\/ca\\\/#\\\/schema\\\/logo\\\/image\\\/\",\"url\":\"https:\\\/\\\/gastronomicament.cat\\\/wp-content\\\/uploads\\\/2016\\\/09\\\/header-logo.jpg\",\"contentUrl\":\"https:\\\/\\\/gastronomicament.cat\\\/wp-content\\\/uploads\\\/2016\\\/09\\\/header-logo.jpg\",\"width\":277,\"height\":39,\"caption\":\"Gastron\u00f2micament\"},\"image\":{\"@id\":\"https:\\\/\\\/gastronomicament.cat\\\/ca\\\/#\\\/schema\\\/logo\\\/image\\\/\"},\"sameAs\":[\"https:\\\/\\\/x.com\\\/gastronomicamen\"]},{\"@type\":\"Person\",\"@id\":\"https:\\\/\\\/gastronomicament.cat\\\/ca\\\/#\\\/schema\\\/person\\\/a7c85c537a1ed62799a5b8e0f686a37f\",\"name\":\"Redacci\u00f3\",\"image\":{\"@type\":\"ImageObject\",\"inLanguage\":\"ca-ES\",\"@id\":\"https:\\\/\\\/secure.gravatar.com\\\/avatar\\\/9489a485c464fd611d33825daae651d13db70c4e74c65c94937a15a9d4c3ee14?s=96&d=mm&r=g69fea3cce3645dfa2166e7293e22955e\",\"url\":\"https:\\\/\\\/secure.gravatar.com\\\/avatar\\\/9489a485c464fd611d33825daae651d13db70c4e74c65c94937a15a9d4c3ee14?s=96&d=mm&r=g\",\"contentUrl\":\"https:\\\/\\\/secure.gravatar.com\\\/avatar\\\/9489a485c464fd611d33825daae651d13db70c4e74c65c94937a15a9d4c3ee14?s=96&d=mm&r=g\",\"caption\":\"Redacci\u00f3\"},\"sameAs\":[\"http:\\\/\\\/gastronomicament.cat\"],\"url\":\"https:\\\/\\\/gastronomicament.cat\\\/ca\\\/author\\\/admin\"}]}<\/script>\n<!-- \/ Yoast SEO plugin. -->","yoast_head_json":{"title":"Gastron\u00f2micament d\u00f3na suport a la campanya Produ\u00efm Aqu\u00ed","description":"Gastron\u00f2micament d\u00f3na suport a la campanya Produ\u00efm Aqu\u00ed","robots":{"index":"index","follow":"follow","max-snippet":"max-snippet:-1","max-image-preview":"max-image-preview:large","max-video-preview":"max-video-preview:-1"},"canonical":"https:\/\/gastronomicament.cat\/ca\/gastronomicament-dona-suport-a-la-campanya-produim-aqui","og_locale":"ca_ES","og_type":"article","og_title":"Gastron\u00f2micament d\u00f3na suport a la campanya Produ\u00efm Aqu\u00ed","og_description":"Gastron\u00f2micament d\u00f3na suport a la campanya Produ\u00efm Aqu\u00ed","og_url":"https:\/\/gastronomicament.cat\/ca\/gastronomicament-dona-suport-a-la-campanya-produim-aqui","og_site_name":"Gastron\u00f2micament","article_published_time":"2015-05-19T17:30:23+00:00","article_modified_time":"2022-04-07T09:04:56+00:00","og_image":[{"width":640,"height":302,"url":"https:\/\/gastronomicament.cat\/wp-content\/uploads\/2015\/05\/produim-aqui-campanya.jpg","type":"image\/jpeg"}],"author":"Redacci\u00f3","twitter_card":"summary_large_image","twitter_creator":"@gastronomicamen","twitter_site":"@gastronomicamen","twitter_misc":{"Written by":"Redacci\u00f3","Est. reading time":"2 minutes"},"schema":{"@context":"https:\/\/schema.org","@graph":[{"@type":"Article","@id":"https:\/\/gastronomicament.cat\/ca\/gastronomicament-dona-suport-a-la-campanya-produim-aqui#article","isPartOf":{"@id":"https:\/\/gastronomicament.cat\/ca\/gastronomicament-dona-suport-a-la-campanya-produim-aqui"},"author":{"name":"Redacci\u00f3","@id":"https:\/\/gastronomicament.cat\/ca\/#\/schema\/person\/a7c85c537a1ed62799a5b8e0f686a37f"},"headline":"Gastron\u00f2micament d\u00f3na suport a la campanya Produ\u00efm Aqu\u00ed","datePublished":"2015-05-19T17:30:23+00:00","dateModified":"2022-04-07T09:04:56+00:00","mainEntityOfPage":{"@id":"https:\/\/gastronomicament.cat\/ca\/gastronomicament-dona-suport-a-la-campanya-produim-aqui"},"wordCount":473,"commentCount":0,"publisher":{"@id":"https:\/\/gastronomicament.cat\/ca\/#organization"},"image":{"@id":"https:\/\/gastronomicament.cat\/ca\/gastronomicament-dona-suport-a-la-campanya-produim-aqui#primaryimage"},"thumbnailUrl":"https:\/\/gastronomicament.cat\/wp-content\/uploads\/2015\/05\/produim-aqui-campanya.jpg","articleSection":["Actualitat"],"inLanguage":"ca-ES","potentialAction":[{"@type":"CommentAction","name":"Comment","target":["https:\/\/gastronomicament.cat\/ca\/gastronomicament-dona-suport-a-la-campanya-produim-aqui#respond"]}]},{"@type":"WebPage","@id":"https:\/\/gastronomicament.cat\/ca\/gastronomicament-dona-suport-a-la-campanya-produim-aqui","url":"https:\/\/gastronomicament.cat\/ca\/gastronomicament-dona-suport-a-la-campanya-produim-aqui","name":"Gastron\u00f2micament d\u00f3na suport a la campanya Produ\u00efm Aqu\u00ed","isPartOf":{"@id":"https:\/\/gastronomicament.cat\/ca\/#website"},"primaryImageOfPage":{"@id":"https:\/\/gastronomicament.cat\/ca\/gastronomicament-dona-suport-a-la-campanya-produim-aqui#primaryimage"},"image":{"@id":"https:\/\/gastronomicament.cat\/ca\/gastronomicament-dona-suport-a-la-campanya-produim-aqui#primaryimage"},"thumbnailUrl":"https:\/\/gastronomicament.cat\/wp-content\/uploads\/2015\/05\/produim-aqui-campanya.jpg","datePublished":"2015-05-19T17:30:23+00:00","dateModified":"2022-04-07T09:04:56+00:00","description":"Gastron\u00f2micament d\u00f3na suport a la campanya Produ\u00efm Aqu\u00ed","inLanguage":"ca-ES","potentialAction":[{"@type":"ReadAction","target":["https:\/\/gastronomicament.cat\/ca\/gastronomicament-dona-suport-a-la-campanya-produim-aqui"]}]},{"@type":"ImageObject","inLanguage":"ca-ES","@id":"https:\/\/gastronomicament.cat\/ca\/gastronomicament-dona-suport-a-la-campanya-produim-aqui#primaryimage","url":"https:\/\/gastronomicament.cat\/wp-content\/uploads\/2015\/05\/produim-aqui-campanya.jpg","contentUrl":"https:\/\/gastronomicament.cat\/wp-content\/uploads\/2015\/05\/produim-aqui-campanya.jpg","width":640,"height":302},{"@type":"WebSite","@id":"https:\/\/gastronomicament.cat\/ca\/#website","url":"https:\/\/gastronomicament.cat\/ca\/","name":"Gastron\u00f2micament","description":"Portal de restaurants, receptes i actualitat gastron\u00f2mica","publisher":{"@id":"https:\/\/gastronomicament.cat\/ca\/#organization"},"potentialAction":[{"@type":"SearchAction","target":{"@type":"EntryPoint","urlTemplate":"https:\/\/gastronomicament.cat\/ca\/?s={search_term_string}"},"query-input":{"@type":"PropertyValueSpecification","valueRequired":true,"valueName":"search_term_string"}}],"inLanguage":"ca-ES"},{"@type":"Organization","@id":"https:\/\/gastronomicament.cat\/ca\/#organization","name":"Gastron\u00f2micament","url":"https:\/\/gastronomicament.cat\/ca\/","logo":{"@type":"ImageObject","inLanguage":"ca-ES","@id":"https:\/\/gastronomicament.cat\/ca\/#\/schema\/logo\/image\/","url":"https:\/\/gastronomicament.cat\/wp-content\/uploads\/2016\/09\/header-logo.jpg","contentUrl":"https:\/\/gastronomicament.cat\/wp-content\/uploads\/2016\/09\/header-logo.jpg","width":277,"height":39,"caption":"Gastron\u00f2micament"},"image":{"@id":"https:\/\/gastronomicament.cat\/ca\/#\/schema\/logo\/image\/"},"sameAs":["https:\/\/x.com\/gastronomicamen"]},{"@type":"Person","@id":"https:\/\/gastronomicament.cat\/ca\/#\/schema\/person\/a7c85c537a1ed62799a5b8e0f686a37f","name":"Redacci\u00f3","image":{"@type":"ImageObject","inLanguage":"ca-ES","@id":"https:\/\/secure.gravatar.com\/avatar\/9489a485c464fd611d33825daae651d13db70c4e74c65c94937a15a9d4c3ee14?s=96&d=mm&r=g69fea3cce3645dfa2166e7293e22955e","url":"https:\/\/secure.gravatar.com\/avatar\/9489a485c464fd611d33825daae651d13db70c4e74c65c94937a15a9d4c3ee14?s=96&d=mm&r=g","contentUrl":"https:\/\/secure.gravatar.com\/avatar\/9489a485c464fd611d33825daae651d13db70c4e74c65c94937a15a9d4c3ee14?s=96&d=mm&r=g","caption":"Redacci\u00f3"},"sameAs":["http:\/\/gastronomicament.cat"],"url":"https:\/\/gastronomicament.cat\/ca\/author\/admin"}]}},"_links":{"self":[{"href":"https:\/\/gastronomicament.cat\/ca\/wp-json\/wp\/v2\/posts\/16144","targetHints":{"allow":["GET"]}}],"collection":[{"href":"https:\/\/gastronomicament.cat\/ca\/wp-json\/wp\/v2\/posts"}],"about":[{"href":"https:\/\/gastronomicament.cat\/ca\/wp-json\/wp\/v2\/types\/post"}],"author":[{"embeddable":true,"href":"https:\/\/gastronomicament.cat\/ca\/wp-json\/wp\/v2\/users\/1"}],"replies":[{"embeddable":true,"href":"https:\/\/gastronomicament.cat\/ca\/wp-json\/wp\/v2\/comments?post=16144"}],"version-history":[{"count":0,"href":"https:\/\/gastronomicament.cat\/ca\/wp-json\/wp\/v2\/posts\/16144\/revisions"}],"wp:featuredmedia":[{"embeddable":true,"href":"https:\/\/gastronomicament.cat\/ca\/wp-json\/wp\/v2\/media\/16145"}],"wp:attachment":[{"href":"https:\/\/gastronomicament.cat\/ca\/wp-json\/wp\/v2\/media?parent=16144"}],"wp:term":[{"taxonomy":"category","embeddable":true,"href":"https:\/\/gastronomicament.cat\/ca\/wp-json\/wp\/v2\/categories?post=16144"},{"taxonomy":"post_tag","embeddable":true,"href":"https:\/\/gastronomicament.cat\/ca\/wp-json\/wp\/v2\/tags?post=16144"},{"taxonomy":"author","embeddable":true,"href":"https:\/\/gastronomicament.cat\/ca\/wp-json\/wp\/v2\/coauthors?post=16144"}],"curies":[{"name":"wp","href":"https:\/\/api.w.org\/{rel}","templated":true}]}}