{"id":16702,"date":"2015-11-11T14:52:32","date_gmt":"2015-11-11T13:52:32","guid":{"rendered":"http:\/\/gastronomicament.cat\/?p=16702"},"modified":"2022-04-07T11:05:21","modified_gmt":"2022-04-07T09:05:21","slug":"les-vaques-de-menorca-es-reconeixen-com-raca-autoctona","status":"publish","type":"post","link":"https:\/\/gastronomicament.cat\/ca\/les-vaques-de-menorca-es-reconeixen-com-raca-autoctona","title":{"rendered":"Les vaques de Menorca es reconeixen com a ra\u00e7a aut\u00f2ctona"},"content":{"rendered":"<p>El Ministeri d&#8217;Agricultura, Alimentaci\u00f3 i Medi Ambient ha autoritzat l&#8217;\u00fas del logotip &#8216;Ra\u00e7a Aut\u00f2ctona&#8217; a l&#8217;Associaci\u00f3 de ramaders de bestiar bov\u00ed de ra\u00e7a menorquina.<\/p>\n<p>La ra\u00e7a bovina menorquina \u00e9s una ra\u00e7a catalogada en perill d&#8217;extinci\u00f3. Deu el seu nom a l&#8217;illa d&#8217;on \u00e9s origin\u00e0ria, Menorca, on hi ha major nucli de poblaci\u00f3. En l&#8217;actualitat tamb\u00e9 existeixen petits nuclis a Mallorca i Eivissa.<\/p>\n<p>L&#8217;associaci\u00f3 compta 1.536 animals inscrits en el llibre geneal\u00f2gic, distribu\u00efts en 144 explotacions, segons les \u00faltimes dades facilitades per l&#8217;Associaci\u00f3 de Ramaders de Bestiar Bov\u00ed de Ra\u00e7a Menorquina.<\/p>\n<p><img decoding=\"async\" class=\"alignright\" style=\"margin: 7px;\" src=\"http:\/\/gastronomicament.cat\/wp-content\/uploads\/2014\/05\/logo-raa-autoctona-vaca-menorquina.png\" alt=\"\" width=\"200\" height=\"218\" \/>Aquesta Associaci\u00f3 \u00e9s l&#8217;entitat que va ser reconeguda per la Conselleria d&#8217;Agricultura i Pesca de les Illes Balears per a la gesti\u00f3 del Llibre Geneal\u00f2gic de la ra\u00e7a bovina menorquina, essent la Direcci\u00f3 general d&#8217;Agricultura i Ramaderia l&#8217;autoritat encarregada de l&#8217;aprovaci\u00f3 del plec de condicions per a la utilitzaci\u00f3 del logotip en aquesta ra\u00e7a.<\/p>\n<p>Amb l&#8217;autoritzaci\u00f3 de l&#8217;\u00fas del logotip &#8216;ra\u00e7a aut\u00f2ctona&#8217; a la ra\u00e7a Menorquina, actualment en perill d&#8217;extinci\u00f3, i ja s\u00f3n 25 les races aut\u00f2ctones que poden utilitzar aquest logotip, i \u00e9s el primer logo en l&#8217;\u00e0mbit de la Comunitat Aut\u00f2noma de les Illes Balears.<\/p>\n<div>\u00a0El logo s&#8217;ha cedit a 24 associacions de criadors, 12 d&#8217;aquestes reconegudes pel Ministeri: 2 per a Andalusia, 1 per a Arag\u00f3, 2 per a Castella-la Manxa, 2 per a Castella i Lle\u00f3, 3 per a Gal\u00edcia, 1 per a Madrid i 1 per a les Illes Balears. Aix\u00ed, les vaques de Menorca es reconeixen com a ra\u00e7a aut\u00f2ctona.<\/div>\n<div>\u00a0Malauradament, el logotip de &#8216;ra\u00e7a aut\u00f2ctona&#8217; que ha publicat el Ministeri no t\u00e9 versi\u00f3 en llengua catalana, nom\u00e9s \u00e9s en espanyol. Des de la redacci\u00f3 de Gastron\u00f2micament esperam que s&#8217;esmeni aquest menyspreu a la llengua pr\u00f2pia de Menorca i la resta de les Illes Balears i Piti\u00fcses.<\/div>\n<p><!--more--><\/p>\n","protected":false},"excerpt":{"rendered":"<p>La ra\u00e7a bovina menorquina \u00e9s una ra\u00e7a catalogada en perill d&#8217;extinci\u00f3.<\/p>\n","protected":false},"author":1,"featured_media":16703,"comment_status":"open","ping_status":"closed","sticky":false,"template":"","format":"standard","meta":{"_acf_changed":false,"_swt_meta_header_display":false,"_swt_meta_footer_display":false,"_swt_meta_site_title_display":false,"_swt_meta_sticky_header":false,"_swt_meta_transparent_header":false,"footnotes":""},"categories":[692],"tags":[],"coauthors":[],"class_list":["post-16702","post","type-post","status-publish","format-standard","has-post-thumbnail","hentry","category-actualitat"],"acf":{"gallery":null,"home_date":{"home_begin_date":null,"home_end_date":null}},"yoast_head":"<!-- This site is optimized with the Yoast SEO plugin v27.4 - https:\/\/yoast.com\/product\/yoast-seo-wordpress\/ -->\n<title>Les vaques de Menorca es reconeixen com a ra\u00e7a aut\u00f2ctona<\/title>\n<meta name=\"description\" content=\"Les vaques de Menorca es reconeixen com a ra\u00e7a aut\u00f2ctona - Las vacas de Menorca se reconocen como raza aut\u00f3ctona\" \/>\n<meta name=\"robots\" content=\"index, follow, max-snippet:-1, max-image-preview:large, max-video-preview:-1\" \/>\n<link rel=\"canonical\" href=\"https:\/\/gastronomicament.cat\/ca\/les-vaques-de-menorca-es-reconeixen-com-raca-autoctona\" \/>\n<meta property=\"og:locale\" content=\"ca_ES\" \/>\n<meta property=\"og:type\" content=\"article\" \/>\n<meta property=\"og:title\" content=\"Les vaques de Menorca es reconeixen com a ra\u00e7a aut\u00f2ctona\" \/>\n<meta property=\"og:description\" content=\"Les vaques de Menorca es reconeixen com a ra\u00e7a aut\u00f2ctona - Las vacas de Menorca se reconocen como raza aut\u00f3ctona\" \/>\n<meta property=\"og:url\" content=\"https:\/\/gastronomicament.cat\/ca\/les-vaques-de-menorca-es-reconeixen-com-raca-autoctona\" \/>\n<meta property=\"og:site_name\" content=\"Gastron\u00f2micament\" \/>\n<meta property=\"article:published_time\" content=\"2015-11-11T13:52:32+00:00\" \/>\n<meta property=\"article:modified_time\" content=\"2022-04-07T09:05:21+00:00\" \/>\n<meta property=\"og:image\" content=\"https:\/\/gastronomicament.cat\/wp-content\/uploads\/2015\/11\/vaca-menorquina.jpg\" \/>\n\t<meta property=\"og:image:width\" content=\"947\" \/>\n\t<meta property=\"og:image:height\" content=\"662\" \/>\n\t<meta property=\"og:image:type\" content=\"image\/jpeg\" \/>\n<meta name=\"author\" content=\"Redacci\u00f3\" \/>\n<meta name=\"twitter:card\" content=\"summary_large_image\" \/>\n<meta name=\"twitter:creator\" content=\"@gastronomicamen\" \/>\n<meta name=\"twitter:site\" content=\"@gastronomicamen\" \/>\n<meta name=\"twitter:label1\" content=\"Written by\" \/>\n\t<meta name=\"twitter:data1\" content=\"Redacci\u00f3\" \/>\n\t<meta name=\"twitter:label2\" content=\"Est. reading time\" \/>\n\t<meta name=\"twitter:data2\" content=\"2 minutes\" \/>\n<script type=\"application\/ld+json\" class=\"yoast-schema-graph\">{\"@context\":\"https:\\\/\\\/schema.org\",\"@graph\":[{\"@type\":\"Article\",\"@id\":\"https:\\\/\\\/gastronomicament.cat\\\/ca\\\/les-vaques-de-menorca-es-reconeixen-com-raca-autoctona#article\",\"isPartOf\":{\"@id\":\"https:\\\/\\\/gastronomicament.cat\\\/ca\\\/les-vaques-de-menorca-es-reconeixen-com-raca-autoctona\"},\"author\":{\"name\":\"Redacci\u00f3\",\"@id\":\"https:\\\/\\\/gastronomicament.cat\\\/ca\\\/#\\\/schema\\\/person\\\/a7c85c537a1ed62799a5b8e0f686a37f\"},\"headline\":\"Les vaques de Menorca es reconeixen com a ra\u00e7a aut\u00f2ctona\",\"datePublished\":\"2015-11-11T13:52:32+00:00\",\"dateModified\":\"2022-04-07T09:05:21+00:00\",\"mainEntityOfPage\":{\"@id\":\"https:\\\/\\\/gastronomicament.cat\\\/ca\\\/les-vaques-de-menorca-es-reconeixen-com-raca-autoctona\"},\"wordCount\":323,\"commentCount\":0,\"publisher\":{\"@id\":\"https:\\\/\\\/gastronomicament.cat\\\/ca\\\/#organization\"},\"image\":{\"@id\":\"https:\\\/\\\/gastronomicament.cat\\\/ca\\\/les-vaques-de-menorca-es-reconeixen-com-raca-autoctona#primaryimage\"},\"thumbnailUrl\":\"https:\\\/\\\/gastronomicament.cat\\\/wp-content\\\/uploads\\\/2015\\\/11\\\/vaca-menorquina.jpg\",\"articleSection\":[\"Actualitat\"],\"inLanguage\":\"ca-ES\",\"potentialAction\":[{\"@type\":\"CommentAction\",\"name\":\"Comment\",\"target\":[\"https:\\\/\\\/gastronomicament.cat\\\/ca\\\/les-vaques-de-menorca-es-reconeixen-com-raca-autoctona#respond\"]}]},{\"@type\":\"WebPage\",\"@id\":\"https:\\\/\\\/gastronomicament.cat\\\/ca\\\/les-vaques-de-menorca-es-reconeixen-com-raca-autoctona\",\"url\":\"https:\\\/\\\/gastronomicament.cat\\\/ca\\\/les-vaques-de-menorca-es-reconeixen-com-raca-autoctona\",\"name\":\"Les vaques de Menorca es reconeixen com a ra\u00e7a aut\u00f2ctona\",\"isPartOf\":{\"@id\":\"https:\\\/\\\/gastronomicament.cat\\\/ca\\\/#website\"},\"primaryImageOfPage\":{\"@id\":\"https:\\\/\\\/gastronomicament.cat\\\/ca\\\/les-vaques-de-menorca-es-reconeixen-com-raca-autoctona#primaryimage\"},\"image\":{\"@id\":\"https:\\\/\\\/gastronomicament.cat\\\/ca\\\/les-vaques-de-menorca-es-reconeixen-com-raca-autoctona#primaryimage\"},\"thumbnailUrl\":\"https:\\\/\\\/gastronomicament.cat\\\/wp-content\\\/uploads\\\/2015\\\/11\\\/vaca-menorquina.jpg\",\"datePublished\":\"2015-11-11T13:52:32+00:00\",\"dateModified\":\"2022-04-07T09:05:21+00:00\",\"description\":\"Les vaques de Menorca es reconeixen com a ra\u00e7a aut\u00f2ctona - Las vacas de Menorca se reconocen como raza aut\u00f3ctona\",\"inLanguage\":\"ca-ES\",\"potentialAction\":[{\"@type\":\"ReadAction\",\"target\":[\"https:\\\/\\\/gastronomicament.cat\\\/ca\\\/les-vaques-de-menorca-es-reconeixen-com-raca-autoctona\"]}]},{\"@type\":\"ImageObject\",\"inLanguage\":\"ca-ES\",\"@id\":\"https:\\\/\\\/gastronomicament.cat\\\/ca\\\/les-vaques-de-menorca-es-reconeixen-com-raca-autoctona#primaryimage\",\"url\":\"https:\\\/\\\/gastronomicament.cat\\\/wp-content\\\/uploads\\\/2015\\\/11\\\/vaca-menorquina.jpg\",\"contentUrl\":\"https:\\\/\\\/gastronomicament.cat\\\/wp-content\\\/uploads\\\/2015\\\/11\\\/vaca-menorquina.jpg\",\"width\":947,\"height\":662},{\"@type\":\"WebSite\",\"@id\":\"https:\\\/\\\/gastronomicament.cat\\\/ca\\\/#website\",\"url\":\"https:\\\/\\\/gastronomicament.cat\\\/ca\\\/\",\"name\":\"Gastron\u00f2micament\",\"description\":\"Portal de restaurants, receptes i actualitat gastron\u00f2mica\",\"publisher\":{\"@id\":\"https:\\\/\\\/gastronomicament.cat\\\/ca\\\/#organization\"},\"potentialAction\":[{\"@type\":\"SearchAction\",\"target\":{\"@type\":\"EntryPoint\",\"urlTemplate\":\"https:\\\/\\\/gastronomicament.cat\\\/ca\\\/?s={search_term_string}\"},\"query-input\":{\"@type\":\"PropertyValueSpecification\",\"valueRequired\":true,\"valueName\":\"search_term_string\"}}],\"inLanguage\":\"ca-ES\"},{\"@type\":\"Organization\",\"@id\":\"https:\\\/\\\/gastronomicament.cat\\\/ca\\\/#organization\",\"name\":\"Gastron\u00f2micament\",\"url\":\"https:\\\/\\\/gastronomicament.cat\\\/ca\\\/\",\"logo\":{\"@type\":\"ImageObject\",\"inLanguage\":\"ca-ES\",\"@id\":\"https:\\\/\\\/gastronomicament.cat\\\/ca\\\/#\\\/schema\\\/logo\\\/image\\\/\",\"url\":\"https:\\\/\\\/gastronomicament.cat\\\/wp-content\\\/uploads\\\/2016\\\/09\\\/header-logo.jpg\",\"contentUrl\":\"https:\\\/\\\/gastronomicament.cat\\\/wp-content\\\/uploads\\\/2016\\\/09\\\/header-logo.jpg\",\"width\":277,\"height\":39,\"caption\":\"Gastron\u00f2micament\"},\"image\":{\"@id\":\"https:\\\/\\\/gastronomicament.cat\\\/ca\\\/#\\\/schema\\\/logo\\\/image\\\/\"},\"sameAs\":[\"https:\\\/\\\/x.com\\\/gastronomicamen\"]},{\"@type\":\"Person\",\"@id\":\"https:\\\/\\\/gastronomicament.cat\\\/ca\\\/#\\\/schema\\\/person\\\/a7c85c537a1ed62799a5b8e0f686a37f\",\"name\":\"Redacci\u00f3\",\"image\":{\"@type\":\"ImageObject\",\"inLanguage\":\"ca-ES\",\"@id\":\"https:\\\/\\\/secure.gravatar.com\\\/avatar\\\/9489a485c464fd611d33825daae651d13db70c4e74c65c94937a15a9d4c3ee14?s=96&d=mm&r=g69fea3cce3645dfa2166e7293e22955e\",\"url\":\"https:\\\/\\\/secure.gravatar.com\\\/avatar\\\/9489a485c464fd611d33825daae651d13db70c4e74c65c94937a15a9d4c3ee14?s=96&d=mm&r=g\",\"contentUrl\":\"https:\\\/\\\/secure.gravatar.com\\\/avatar\\\/9489a485c464fd611d33825daae651d13db70c4e74c65c94937a15a9d4c3ee14?s=96&d=mm&r=g\",\"caption\":\"Redacci\u00f3\"},\"sameAs\":[\"http:\\\/\\\/gastronomicament.cat\"],\"url\":\"https:\\\/\\\/gastronomicament.cat\\\/ca\\\/author\\\/admin\"}]}<\/script>\n<!-- \/ Yoast SEO plugin. -->","yoast_head_json":{"title":"Les vaques de Menorca es reconeixen com a ra\u00e7a aut\u00f2ctona","description":"Les vaques de Menorca es reconeixen com a ra\u00e7a aut\u00f2ctona - Las vacas de Menorca se reconocen como raza aut\u00f3ctona","robots":{"index":"index","follow":"follow","max-snippet":"max-snippet:-1","max-image-preview":"max-image-preview:large","max-video-preview":"max-video-preview:-1"},"canonical":"https:\/\/gastronomicament.cat\/ca\/les-vaques-de-menorca-es-reconeixen-com-raca-autoctona","og_locale":"ca_ES","og_type":"article","og_title":"Les vaques de Menorca es reconeixen com a ra\u00e7a aut\u00f2ctona","og_description":"Les vaques de Menorca es reconeixen com a ra\u00e7a aut\u00f2ctona - Las vacas de Menorca se reconocen como raza aut\u00f3ctona","og_url":"https:\/\/gastronomicament.cat\/ca\/les-vaques-de-menorca-es-reconeixen-com-raca-autoctona","og_site_name":"Gastron\u00f2micament","article_published_time":"2015-11-11T13:52:32+00:00","article_modified_time":"2022-04-07T09:05:21+00:00","og_image":[{"width":947,"height":662,"url":"https:\/\/gastronomicament.cat\/wp-content\/uploads\/2015\/11\/vaca-menorquina.jpg","type":"image\/jpeg"}],"author":"Redacci\u00f3","twitter_card":"summary_large_image","twitter_creator":"@gastronomicamen","twitter_site":"@gastronomicamen","twitter_misc":{"Written by":"Redacci\u00f3","Est. reading time":"2 minutes"},"schema":{"@context":"https:\/\/schema.org","@graph":[{"@type":"Article","@id":"https:\/\/gastronomicament.cat\/ca\/les-vaques-de-menorca-es-reconeixen-com-raca-autoctona#article","isPartOf":{"@id":"https:\/\/gastronomicament.cat\/ca\/les-vaques-de-menorca-es-reconeixen-com-raca-autoctona"},"author":{"name":"Redacci\u00f3","@id":"https:\/\/gastronomicament.cat\/ca\/#\/schema\/person\/a7c85c537a1ed62799a5b8e0f686a37f"},"headline":"Les vaques de Menorca es reconeixen com a ra\u00e7a aut\u00f2ctona","datePublished":"2015-11-11T13:52:32+00:00","dateModified":"2022-04-07T09:05:21+00:00","mainEntityOfPage":{"@id":"https:\/\/gastronomicament.cat\/ca\/les-vaques-de-menorca-es-reconeixen-com-raca-autoctona"},"wordCount":323,"commentCount":0,"publisher":{"@id":"https:\/\/gastronomicament.cat\/ca\/#organization"},"image":{"@id":"https:\/\/gastronomicament.cat\/ca\/les-vaques-de-menorca-es-reconeixen-com-raca-autoctona#primaryimage"},"thumbnailUrl":"https:\/\/gastronomicament.cat\/wp-content\/uploads\/2015\/11\/vaca-menorquina.jpg","articleSection":["Actualitat"],"inLanguage":"ca-ES","potentialAction":[{"@type":"CommentAction","name":"Comment","target":["https:\/\/gastronomicament.cat\/ca\/les-vaques-de-menorca-es-reconeixen-com-raca-autoctona#respond"]}]},{"@type":"WebPage","@id":"https:\/\/gastronomicament.cat\/ca\/les-vaques-de-menorca-es-reconeixen-com-raca-autoctona","url":"https:\/\/gastronomicament.cat\/ca\/les-vaques-de-menorca-es-reconeixen-com-raca-autoctona","name":"Les vaques de Menorca es reconeixen com a ra\u00e7a aut\u00f2ctona","isPartOf":{"@id":"https:\/\/gastronomicament.cat\/ca\/#website"},"primaryImageOfPage":{"@id":"https:\/\/gastronomicament.cat\/ca\/les-vaques-de-menorca-es-reconeixen-com-raca-autoctona#primaryimage"},"image":{"@id":"https:\/\/gastronomicament.cat\/ca\/les-vaques-de-menorca-es-reconeixen-com-raca-autoctona#primaryimage"},"thumbnailUrl":"https:\/\/gastronomicament.cat\/wp-content\/uploads\/2015\/11\/vaca-menorquina.jpg","datePublished":"2015-11-11T13:52:32+00:00","dateModified":"2022-04-07T09:05:21+00:00","description":"Les vaques de Menorca es reconeixen com a ra\u00e7a aut\u00f2ctona - Las vacas de Menorca se reconocen como raza aut\u00f3ctona","inLanguage":"ca-ES","potentialAction":[{"@type":"ReadAction","target":["https:\/\/gastronomicament.cat\/ca\/les-vaques-de-menorca-es-reconeixen-com-raca-autoctona"]}]},{"@type":"ImageObject","inLanguage":"ca-ES","@id":"https:\/\/gastronomicament.cat\/ca\/les-vaques-de-menorca-es-reconeixen-com-raca-autoctona#primaryimage","url":"https:\/\/gastronomicament.cat\/wp-content\/uploads\/2015\/11\/vaca-menorquina.jpg","contentUrl":"https:\/\/gastronomicament.cat\/wp-content\/uploads\/2015\/11\/vaca-menorquina.jpg","width":947,"height":662},{"@type":"WebSite","@id":"https:\/\/gastronomicament.cat\/ca\/#website","url":"https:\/\/gastronomicament.cat\/ca\/","name":"Gastron\u00f2micament","description":"Portal de restaurants, receptes i actualitat gastron\u00f2mica","publisher":{"@id":"https:\/\/gastronomicament.cat\/ca\/#organization"},"potentialAction":[{"@type":"SearchAction","target":{"@type":"EntryPoint","urlTemplate":"https:\/\/gastronomicament.cat\/ca\/?s={search_term_string}"},"query-input":{"@type":"PropertyValueSpecification","valueRequired":true,"valueName":"search_term_string"}}],"inLanguage":"ca-ES"},{"@type":"Organization","@id":"https:\/\/gastronomicament.cat\/ca\/#organization","name":"Gastron\u00f2micament","url":"https:\/\/gastronomicament.cat\/ca\/","logo":{"@type":"ImageObject","inLanguage":"ca-ES","@id":"https:\/\/gastronomicament.cat\/ca\/#\/schema\/logo\/image\/","url":"https:\/\/gastronomicament.cat\/wp-content\/uploads\/2016\/09\/header-logo.jpg","contentUrl":"https:\/\/gastronomicament.cat\/wp-content\/uploads\/2016\/09\/header-logo.jpg","width":277,"height":39,"caption":"Gastron\u00f2micament"},"image":{"@id":"https:\/\/gastronomicament.cat\/ca\/#\/schema\/logo\/image\/"},"sameAs":["https:\/\/x.com\/gastronomicamen"]},{"@type":"Person","@id":"https:\/\/gastronomicament.cat\/ca\/#\/schema\/person\/a7c85c537a1ed62799a5b8e0f686a37f","name":"Redacci\u00f3","image":{"@type":"ImageObject","inLanguage":"ca-ES","@id":"https:\/\/secure.gravatar.com\/avatar\/9489a485c464fd611d33825daae651d13db70c4e74c65c94937a15a9d4c3ee14?s=96&d=mm&r=g69fea3cce3645dfa2166e7293e22955e","url":"https:\/\/secure.gravatar.com\/avatar\/9489a485c464fd611d33825daae651d13db70c4e74c65c94937a15a9d4c3ee14?s=96&d=mm&r=g","contentUrl":"https:\/\/secure.gravatar.com\/avatar\/9489a485c464fd611d33825daae651d13db70c4e74c65c94937a15a9d4c3ee14?s=96&d=mm&r=g","caption":"Redacci\u00f3"},"sameAs":["http:\/\/gastronomicament.cat"],"url":"https:\/\/gastronomicament.cat\/ca\/author\/admin"}]}},"_links":{"self":[{"href":"https:\/\/gastronomicament.cat\/ca\/wp-json\/wp\/v2\/posts\/16702","targetHints":{"allow":["GET"]}}],"collection":[{"href":"https:\/\/gastronomicament.cat\/ca\/wp-json\/wp\/v2\/posts"}],"about":[{"href":"https:\/\/gastronomicament.cat\/ca\/wp-json\/wp\/v2\/types\/post"}],"author":[{"embeddable":true,"href":"https:\/\/gastronomicament.cat\/ca\/wp-json\/wp\/v2\/users\/1"}],"replies":[{"embeddable":true,"href":"https:\/\/gastronomicament.cat\/ca\/wp-json\/wp\/v2\/comments?post=16702"}],"version-history":[{"count":0,"href":"https:\/\/gastronomicament.cat\/ca\/wp-json\/wp\/v2\/posts\/16702\/revisions"}],"wp:featuredmedia":[{"embeddable":true,"href":"https:\/\/gastronomicament.cat\/ca\/wp-json\/wp\/v2\/media\/16703"}],"wp:attachment":[{"href":"https:\/\/gastronomicament.cat\/ca\/wp-json\/wp\/v2\/media?parent=16702"}],"wp:term":[{"taxonomy":"category","embeddable":true,"href":"https:\/\/gastronomicament.cat\/ca\/wp-json\/wp\/v2\/categories?post=16702"},{"taxonomy":"post_tag","embeddable":true,"href":"https:\/\/gastronomicament.cat\/ca\/wp-json\/wp\/v2\/tags?post=16702"},{"taxonomy":"author","embeddable":true,"href":"https:\/\/gastronomicament.cat\/ca\/wp-json\/wp\/v2\/coauthors?post=16702"}],"curies":[{"name":"wp","href":"https:\/\/api.w.org\/{rel}","templated":true}]}}