{"id":16721,"date":"2015-11-14T20:17:49","date_gmt":"2015-11-14T19:17:49","guid":{"rendered":"http:\/\/gastronomicament.cat\/?p=16721"},"modified":"2022-04-07T11:05:25","modified_gmt":"2022-04-07T09:05:25","slug":"i-mostra-de-cervesa-artesana-de-puigpunyent-2015","status":"publish","type":"post","link":"https:\/\/gastronomicament.cat\/ca\/i-mostra-de-cervesa-artesana-de-puigpunyent-2015","title":{"rendered":"I Mostra de Cervesa Artesana de Puigpunyent 2015"},"content":{"rendered":"<p><strong>Diumenge 22 de novembre<\/strong>\u00a0se celebrar\u00e0 la I\u00a0<strong>Mostra de Cervesa Artesana de Puigpunyent<\/strong>\u00a02015.<\/p>\n<p style=\"display: inline !important;\"><strong>A partir de les 11 hores<\/strong>, a la Pla\u00e7a de l&#8217;Ajuntament, hi trobareu una fira carregada de bones cerveses artesanes fetes a Mallorca a m\u00e9s de circ, m\u00fasica i tapes.<\/p>\n<p>Puigpunyent \u00e9s\u00a0<strong>un dels municipis que va comen\u00e7ar a fer cervesa artesana<\/strong>, amb Cas Cerveser, que cultiven la finca de la Mola a Galilea. De fet, Cas Cerveser donar\u00e0 a tastar les seves creacions a base de suc de civada, una de les m\u00e9s ben valorades de l&#8217;illa i m\u00e9s diferenciats.<\/p>\n<p>Els\u00a0<strong>cervesers artesans<\/strong>\u00a0que participen a la Mostra de Cervesa Artesana de Puigpunyent s\u00f3n:<\/p>\n<ul>\n<li><strong>Boscana\u00a0<\/strong><\/li>\n<li><strong>Cas Cerveser\u00a0<\/strong><\/li>\n<li><strong>Forastera\u00a0<\/strong><\/li>\n<li><strong>Sullerica<\/strong><\/li>\n<\/ul>\n<p>Tamb\u00e9 hi trobareu\u00a0<strong>tast de tapes<\/strong>,\u00a0<strong>m\u00fasica en directe<\/strong>\u00a0a c\u00e0rrec del grup\u00a0<strong>BOC<\/strong>\u00a0i passacarrers amb el\u00a0<strong>Circ Bover<\/strong>.<\/p>\n<p>En definitiva, una fira per gaudir del diumenge amb fam\u00edlia i amics organitzada per l&#8217;<a title=\"Ajuntament de Puigpunyent\" href=\"http:\/\/www.puigpunyent.cat\" target=\"_blank\" rel=\"noopener\">Ajuntament de Puigpunyent<\/a>.<!--more--><\/p>\n","protected":false},"excerpt":{"rendered":"<p>Diumenge, hi trobareu una fira carregada de bones cerveses artesanes fetes a Mallorca a m\u00e9s de&hellip;<\/p>\n","protected":false},"author":1,"featured_media":16722,"comment_status":"open","ping_status":"closed","sticky":false,"template":"","format":"standard","meta":{"_acf_changed":false,"_swt_meta_header_display":false,"_swt_meta_footer_display":false,"_swt_meta_site_title_display":false,"_swt_meta_sticky_header":false,"_swt_meta_transparent_header":false,"footnotes":""},"categories":[692],"tags":[],"coauthors":[],"class_list":["post-16721","post","type-post","status-publish","format-standard","has-post-thumbnail","hentry","category-actualitat"],"acf":{"gallery":null,"home_date":{"home_begin_date":null,"home_end_date":null}},"yoast_head":"<!-- This site is optimized with the Yoast SEO plugin v27.4 - https:\/\/yoast.com\/product\/yoast-seo-wordpress\/ -->\n<title>I Mostra de Cervesa Artesana de Puigpunyent 2015<\/title>\n<meta name=\"description\" content=\"I Mostra de Cervesa Artesana de Puigpunyent 2015\" \/>\n<meta name=\"robots\" content=\"index, follow, max-snippet:-1, max-image-preview:large, max-video-preview:-1\" \/>\n<link rel=\"canonical\" href=\"https:\/\/gastronomicament.cat\/ca\/i-mostra-de-cervesa-artesana-de-puigpunyent-2015\" \/>\n<meta property=\"og:locale\" content=\"ca_ES\" \/>\n<meta property=\"og:type\" content=\"article\" \/>\n<meta property=\"og:title\" content=\"I Mostra de Cervesa Artesana de Puigpunyent 2015\" \/>\n<meta property=\"og:description\" content=\"I Mostra de Cervesa Artesana de Puigpunyent 2015\" \/>\n<meta property=\"og:url\" content=\"https:\/\/gastronomicament.cat\/ca\/i-mostra-de-cervesa-artesana-de-puigpunyent-2015\" \/>\n<meta property=\"og:site_name\" content=\"Gastron\u00f2micament\" \/>\n<meta property=\"article:published_time\" content=\"2015-11-14T19:17:49+00:00\" \/>\n<meta property=\"article:modified_time\" content=\"2022-04-07T09:05:25+00:00\" \/>\n<meta property=\"og:image\" content=\"https:\/\/gastronomicament.cat\/wp-content\/uploads\/2015\/11\/mostra-cervesa-artesana-puigpunyent-2015.jpg\" \/>\n\t<meta property=\"og:image:width\" content=\"640\" \/>\n\t<meta property=\"og:image:height\" content=\"300\" \/>\n\t<meta property=\"og:image:type\" content=\"image\/jpeg\" \/>\n<meta name=\"author\" content=\"Redacci\u00f3\" \/>\n<meta name=\"twitter:card\" content=\"summary_large_image\" \/>\n<meta name=\"twitter:creator\" content=\"@gastronomicamen\" \/>\n<meta name=\"twitter:site\" content=\"@gastronomicamen\" \/>\n<meta name=\"twitter:label1\" content=\"Written by\" \/>\n\t<meta name=\"twitter:data1\" content=\"Redacci\u00f3\" \/>\n\t<meta name=\"twitter:label2\" content=\"Est. reading time\" \/>\n\t<meta name=\"twitter:data2\" content=\"1 minute\" \/>\n<script type=\"application\/ld+json\" class=\"yoast-schema-graph\">{\"@context\":\"https:\\\/\\\/schema.org\",\"@graph\":[{\"@type\":\"Article\",\"@id\":\"https:\\\/\\\/gastronomicament.cat\\\/ca\\\/i-mostra-de-cervesa-artesana-de-puigpunyent-2015#article\",\"isPartOf\":{\"@id\":\"https:\\\/\\\/gastronomicament.cat\\\/ca\\\/i-mostra-de-cervesa-artesana-de-puigpunyent-2015\"},\"author\":{\"name\":\"Redacci\u00f3\",\"@id\":\"https:\\\/\\\/gastronomicament.cat\\\/ca\\\/#\\\/schema\\\/person\\\/a7c85c537a1ed62799a5b8e0f686a37f\"},\"headline\":\"I Mostra de Cervesa Artesana de Puigpunyent 2015\",\"datePublished\":\"2015-11-14T19:17:49+00:00\",\"dateModified\":\"2022-04-07T09:05:25+00:00\",\"mainEntityOfPage\":{\"@id\":\"https:\\\/\\\/gastronomicament.cat\\\/ca\\\/i-mostra-de-cervesa-artesana-de-puigpunyent-2015\"},\"wordCount\":166,\"commentCount\":0,\"publisher\":{\"@id\":\"https:\\\/\\\/gastronomicament.cat\\\/ca\\\/#organization\"},\"image\":{\"@id\":\"https:\\\/\\\/gastronomicament.cat\\\/ca\\\/i-mostra-de-cervesa-artesana-de-puigpunyent-2015#primaryimage\"},\"thumbnailUrl\":\"https:\\\/\\\/gastronomicament.cat\\\/wp-content\\\/uploads\\\/2015\\\/11\\\/mostra-cervesa-artesana-puigpunyent-2015.jpg\",\"articleSection\":[\"Actualitat\"],\"inLanguage\":\"ca-ES\",\"potentialAction\":[{\"@type\":\"CommentAction\",\"name\":\"Comment\",\"target\":[\"https:\\\/\\\/gastronomicament.cat\\\/ca\\\/i-mostra-de-cervesa-artesana-de-puigpunyent-2015#respond\"]}]},{\"@type\":\"WebPage\",\"@id\":\"https:\\\/\\\/gastronomicament.cat\\\/ca\\\/i-mostra-de-cervesa-artesana-de-puigpunyent-2015\",\"url\":\"https:\\\/\\\/gastronomicament.cat\\\/ca\\\/i-mostra-de-cervesa-artesana-de-puigpunyent-2015\",\"name\":\"I Mostra de Cervesa Artesana de Puigpunyent 2015\",\"isPartOf\":{\"@id\":\"https:\\\/\\\/gastronomicament.cat\\\/ca\\\/#website\"},\"primaryImageOfPage\":{\"@id\":\"https:\\\/\\\/gastronomicament.cat\\\/ca\\\/i-mostra-de-cervesa-artesana-de-puigpunyent-2015#primaryimage\"},\"image\":{\"@id\":\"https:\\\/\\\/gastronomicament.cat\\\/ca\\\/i-mostra-de-cervesa-artesana-de-puigpunyent-2015#primaryimage\"},\"thumbnailUrl\":\"https:\\\/\\\/gastronomicament.cat\\\/wp-content\\\/uploads\\\/2015\\\/11\\\/mostra-cervesa-artesana-puigpunyent-2015.jpg\",\"datePublished\":\"2015-11-14T19:17:49+00:00\",\"dateModified\":\"2022-04-07T09:05:25+00:00\",\"description\":\"I Mostra de Cervesa Artesana de Puigpunyent 2015\",\"inLanguage\":\"ca-ES\",\"potentialAction\":[{\"@type\":\"ReadAction\",\"target\":[\"https:\\\/\\\/gastronomicament.cat\\\/ca\\\/i-mostra-de-cervesa-artesana-de-puigpunyent-2015\"]}]},{\"@type\":\"ImageObject\",\"inLanguage\":\"ca-ES\",\"@id\":\"https:\\\/\\\/gastronomicament.cat\\\/ca\\\/i-mostra-de-cervesa-artesana-de-puigpunyent-2015#primaryimage\",\"url\":\"https:\\\/\\\/gastronomicament.cat\\\/wp-content\\\/uploads\\\/2015\\\/11\\\/mostra-cervesa-artesana-puigpunyent-2015.jpg\",\"contentUrl\":\"https:\\\/\\\/gastronomicament.cat\\\/wp-content\\\/uploads\\\/2015\\\/11\\\/mostra-cervesa-artesana-puigpunyent-2015.jpg\",\"width\":640,\"height\":300},{\"@type\":\"WebSite\",\"@id\":\"https:\\\/\\\/gastronomicament.cat\\\/ca\\\/#website\",\"url\":\"https:\\\/\\\/gastronomicament.cat\\\/ca\\\/\",\"name\":\"Gastron\u00f2micament\",\"description\":\"Portal de restaurants, receptes i actualitat gastron\u00f2mica\",\"publisher\":{\"@id\":\"https:\\\/\\\/gastronomicament.cat\\\/ca\\\/#organization\"},\"potentialAction\":[{\"@type\":\"SearchAction\",\"target\":{\"@type\":\"EntryPoint\",\"urlTemplate\":\"https:\\\/\\\/gastronomicament.cat\\\/ca\\\/?s={search_term_string}\"},\"query-input\":{\"@type\":\"PropertyValueSpecification\",\"valueRequired\":true,\"valueName\":\"search_term_string\"}}],\"inLanguage\":\"ca-ES\"},{\"@type\":\"Organization\",\"@id\":\"https:\\\/\\\/gastronomicament.cat\\\/ca\\\/#organization\",\"name\":\"Gastron\u00f2micament\",\"url\":\"https:\\\/\\\/gastronomicament.cat\\\/ca\\\/\",\"logo\":{\"@type\":\"ImageObject\",\"inLanguage\":\"ca-ES\",\"@id\":\"https:\\\/\\\/gastronomicament.cat\\\/ca\\\/#\\\/schema\\\/logo\\\/image\\\/\",\"url\":\"https:\\\/\\\/gastronomicament.cat\\\/wp-content\\\/uploads\\\/2016\\\/09\\\/header-logo.jpg\",\"contentUrl\":\"https:\\\/\\\/gastronomicament.cat\\\/wp-content\\\/uploads\\\/2016\\\/09\\\/header-logo.jpg\",\"width\":277,\"height\":39,\"caption\":\"Gastron\u00f2micament\"},\"image\":{\"@id\":\"https:\\\/\\\/gastronomicament.cat\\\/ca\\\/#\\\/schema\\\/logo\\\/image\\\/\"},\"sameAs\":[\"https:\\\/\\\/x.com\\\/gastronomicamen\"]},{\"@type\":\"Person\",\"@id\":\"https:\\\/\\\/gastronomicament.cat\\\/ca\\\/#\\\/schema\\\/person\\\/a7c85c537a1ed62799a5b8e0f686a37f\",\"name\":\"Redacci\u00f3\",\"image\":{\"@type\":\"ImageObject\",\"inLanguage\":\"ca-ES\",\"@id\":\"https:\\\/\\\/secure.gravatar.com\\\/avatar\\\/9489a485c464fd611d33825daae651d13db70c4e74c65c94937a15a9d4c3ee14?s=96&d=mm&r=g69fea3cce3645dfa2166e7293e22955e\",\"url\":\"https:\\\/\\\/secure.gravatar.com\\\/avatar\\\/9489a485c464fd611d33825daae651d13db70c4e74c65c94937a15a9d4c3ee14?s=96&d=mm&r=g\",\"contentUrl\":\"https:\\\/\\\/secure.gravatar.com\\\/avatar\\\/9489a485c464fd611d33825daae651d13db70c4e74c65c94937a15a9d4c3ee14?s=96&d=mm&r=g\",\"caption\":\"Redacci\u00f3\"},\"sameAs\":[\"http:\\\/\\\/gastronomicament.cat\"],\"url\":\"https:\\\/\\\/gastronomicament.cat\\\/ca\\\/author\\\/admin\"}]}<\/script>\n<!-- \/ Yoast SEO plugin. -->","yoast_head_json":{"title":"I Mostra de Cervesa Artesana de Puigpunyent 2015","description":"I Mostra de Cervesa Artesana de Puigpunyent 2015","robots":{"index":"index","follow":"follow","max-snippet":"max-snippet:-1","max-image-preview":"max-image-preview:large","max-video-preview":"max-video-preview:-1"},"canonical":"https:\/\/gastronomicament.cat\/ca\/i-mostra-de-cervesa-artesana-de-puigpunyent-2015","og_locale":"ca_ES","og_type":"article","og_title":"I Mostra de Cervesa Artesana de Puigpunyent 2015","og_description":"I Mostra de Cervesa Artesana de Puigpunyent 2015","og_url":"https:\/\/gastronomicament.cat\/ca\/i-mostra-de-cervesa-artesana-de-puigpunyent-2015","og_site_name":"Gastron\u00f2micament","article_published_time":"2015-11-14T19:17:49+00:00","article_modified_time":"2022-04-07T09:05:25+00:00","og_image":[{"width":640,"height":300,"url":"https:\/\/gastronomicament.cat\/wp-content\/uploads\/2015\/11\/mostra-cervesa-artesana-puigpunyent-2015.jpg","type":"image\/jpeg"}],"author":"Redacci\u00f3","twitter_card":"summary_large_image","twitter_creator":"@gastronomicamen","twitter_site":"@gastronomicamen","twitter_misc":{"Written by":"Redacci\u00f3","Est. reading time":"1 minute"},"schema":{"@context":"https:\/\/schema.org","@graph":[{"@type":"Article","@id":"https:\/\/gastronomicament.cat\/ca\/i-mostra-de-cervesa-artesana-de-puigpunyent-2015#article","isPartOf":{"@id":"https:\/\/gastronomicament.cat\/ca\/i-mostra-de-cervesa-artesana-de-puigpunyent-2015"},"author":{"name":"Redacci\u00f3","@id":"https:\/\/gastronomicament.cat\/ca\/#\/schema\/person\/a7c85c537a1ed62799a5b8e0f686a37f"},"headline":"I Mostra de Cervesa Artesana de Puigpunyent 2015","datePublished":"2015-11-14T19:17:49+00:00","dateModified":"2022-04-07T09:05:25+00:00","mainEntityOfPage":{"@id":"https:\/\/gastronomicament.cat\/ca\/i-mostra-de-cervesa-artesana-de-puigpunyent-2015"},"wordCount":166,"commentCount":0,"publisher":{"@id":"https:\/\/gastronomicament.cat\/ca\/#organization"},"image":{"@id":"https:\/\/gastronomicament.cat\/ca\/i-mostra-de-cervesa-artesana-de-puigpunyent-2015#primaryimage"},"thumbnailUrl":"https:\/\/gastronomicament.cat\/wp-content\/uploads\/2015\/11\/mostra-cervesa-artesana-puigpunyent-2015.jpg","articleSection":["Actualitat"],"inLanguage":"ca-ES","potentialAction":[{"@type":"CommentAction","name":"Comment","target":["https:\/\/gastronomicament.cat\/ca\/i-mostra-de-cervesa-artesana-de-puigpunyent-2015#respond"]}]},{"@type":"WebPage","@id":"https:\/\/gastronomicament.cat\/ca\/i-mostra-de-cervesa-artesana-de-puigpunyent-2015","url":"https:\/\/gastronomicament.cat\/ca\/i-mostra-de-cervesa-artesana-de-puigpunyent-2015","name":"I Mostra de Cervesa Artesana de Puigpunyent 2015","isPartOf":{"@id":"https:\/\/gastronomicament.cat\/ca\/#website"},"primaryImageOfPage":{"@id":"https:\/\/gastronomicament.cat\/ca\/i-mostra-de-cervesa-artesana-de-puigpunyent-2015#primaryimage"},"image":{"@id":"https:\/\/gastronomicament.cat\/ca\/i-mostra-de-cervesa-artesana-de-puigpunyent-2015#primaryimage"},"thumbnailUrl":"https:\/\/gastronomicament.cat\/wp-content\/uploads\/2015\/11\/mostra-cervesa-artesana-puigpunyent-2015.jpg","datePublished":"2015-11-14T19:17:49+00:00","dateModified":"2022-04-07T09:05:25+00:00","description":"I Mostra de Cervesa Artesana de Puigpunyent 2015","inLanguage":"ca-ES","potentialAction":[{"@type":"ReadAction","target":["https:\/\/gastronomicament.cat\/ca\/i-mostra-de-cervesa-artesana-de-puigpunyent-2015"]}]},{"@type":"ImageObject","inLanguage":"ca-ES","@id":"https:\/\/gastronomicament.cat\/ca\/i-mostra-de-cervesa-artesana-de-puigpunyent-2015#primaryimage","url":"https:\/\/gastronomicament.cat\/wp-content\/uploads\/2015\/11\/mostra-cervesa-artesana-puigpunyent-2015.jpg","contentUrl":"https:\/\/gastronomicament.cat\/wp-content\/uploads\/2015\/11\/mostra-cervesa-artesana-puigpunyent-2015.jpg","width":640,"height":300},{"@type":"WebSite","@id":"https:\/\/gastronomicament.cat\/ca\/#website","url":"https:\/\/gastronomicament.cat\/ca\/","name":"Gastron\u00f2micament","description":"Portal de restaurants, receptes i actualitat gastron\u00f2mica","publisher":{"@id":"https:\/\/gastronomicament.cat\/ca\/#organization"},"potentialAction":[{"@type":"SearchAction","target":{"@type":"EntryPoint","urlTemplate":"https:\/\/gastronomicament.cat\/ca\/?s={search_term_string}"},"query-input":{"@type":"PropertyValueSpecification","valueRequired":true,"valueName":"search_term_string"}}],"inLanguage":"ca-ES"},{"@type":"Organization","@id":"https:\/\/gastronomicament.cat\/ca\/#organization","name":"Gastron\u00f2micament","url":"https:\/\/gastronomicament.cat\/ca\/","logo":{"@type":"ImageObject","inLanguage":"ca-ES","@id":"https:\/\/gastronomicament.cat\/ca\/#\/schema\/logo\/image\/","url":"https:\/\/gastronomicament.cat\/wp-content\/uploads\/2016\/09\/header-logo.jpg","contentUrl":"https:\/\/gastronomicament.cat\/wp-content\/uploads\/2016\/09\/header-logo.jpg","width":277,"height":39,"caption":"Gastron\u00f2micament"},"image":{"@id":"https:\/\/gastronomicament.cat\/ca\/#\/schema\/logo\/image\/"},"sameAs":["https:\/\/x.com\/gastronomicamen"]},{"@type":"Person","@id":"https:\/\/gastronomicament.cat\/ca\/#\/schema\/person\/a7c85c537a1ed62799a5b8e0f686a37f","name":"Redacci\u00f3","image":{"@type":"ImageObject","inLanguage":"ca-ES","@id":"https:\/\/secure.gravatar.com\/avatar\/9489a485c464fd611d33825daae651d13db70c4e74c65c94937a15a9d4c3ee14?s=96&d=mm&r=g69fea3cce3645dfa2166e7293e22955e","url":"https:\/\/secure.gravatar.com\/avatar\/9489a485c464fd611d33825daae651d13db70c4e74c65c94937a15a9d4c3ee14?s=96&d=mm&r=g","contentUrl":"https:\/\/secure.gravatar.com\/avatar\/9489a485c464fd611d33825daae651d13db70c4e74c65c94937a15a9d4c3ee14?s=96&d=mm&r=g","caption":"Redacci\u00f3"},"sameAs":["http:\/\/gastronomicament.cat"],"url":"https:\/\/gastronomicament.cat\/ca\/author\/admin"}]}},"_links":{"self":[{"href":"https:\/\/gastronomicament.cat\/ca\/wp-json\/wp\/v2\/posts\/16721","targetHints":{"allow":["GET"]}}],"collection":[{"href":"https:\/\/gastronomicament.cat\/ca\/wp-json\/wp\/v2\/posts"}],"about":[{"href":"https:\/\/gastronomicament.cat\/ca\/wp-json\/wp\/v2\/types\/post"}],"author":[{"embeddable":true,"href":"https:\/\/gastronomicament.cat\/ca\/wp-json\/wp\/v2\/users\/1"}],"replies":[{"embeddable":true,"href":"https:\/\/gastronomicament.cat\/ca\/wp-json\/wp\/v2\/comments?post=16721"}],"version-history":[{"count":0,"href":"https:\/\/gastronomicament.cat\/ca\/wp-json\/wp\/v2\/posts\/16721\/revisions"}],"wp:featuredmedia":[{"embeddable":true,"href":"https:\/\/gastronomicament.cat\/ca\/wp-json\/wp\/v2\/media\/16722"}],"wp:attachment":[{"href":"https:\/\/gastronomicament.cat\/ca\/wp-json\/wp\/v2\/media?parent=16721"}],"wp:term":[{"taxonomy":"category","embeddable":true,"href":"https:\/\/gastronomicament.cat\/ca\/wp-json\/wp\/v2\/categories?post=16721"},{"taxonomy":"post_tag","embeddable":true,"href":"https:\/\/gastronomicament.cat\/ca\/wp-json\/wp\/v2\/tags?post=16721"},{"taxonomy":"author","embeddable":true,"href":"https:\/\/gastronomicament.cat\/ca\/wp-json\/wp\/v2\/coauthors?post=16721"}],"curies":[{"name":"wp","href":"https:\/\/api.w.org\/{rel}","templated":true}]}}