{"id":17365,"date":"2016-04-11T00:32:40","date_gmt":"2016-04-10T22:32:40","guid":{"rendered":"http:\/\/gastronomicament.cat\/?p=17365"},"modified":"2022-04-07T11:05:43","modified_gmt":"2022-04-07T09:05:43","slug":"x-diada-ecologica-porreres","status":"publish","type":"post","link":"https:\/\/gastronomicament.cat\/ca\/x-diada-ecologica-porreres","title":{"rendered":"X Diada Ecol\u00f2gica a Porreres"},"content":{"rendered":"<p>Ja \u00e9s aqu\u00ed la X Diada Ecol\u00f2gica a Porreres, una cita indispensable per a totes aquelles persones que volen produir i consumir amb respecte els productes que ens d\u00f3na la terra i els animals.<\/p>\n<p>La X Diada Ecol\u00f2gica de Porreres es far\u00e0 diumenge 17 d&#8217;abril per\u00f2 s&#8217;han previst diferents actes durant tota la setmana. Est\u00e0 organitzada per l&#8217;Associaci\u00f3 de Productors d&#8217;Agricultura Ecol\u00f2gica de Mallorca (APAEMA) i compta amb el suport de l&#8217;Ajuntament de Porreres i de diferents entitats ecol\u00f2giques.<\/p>\n<p>Aquest \u00e9s el programa d&#8217;activitats:<\/p>\n<p><strong>Dilluns 11 d\u2019abril<\/strong><br \/>\n20 h: Presentaci\u00f3 del projecte \u201cNous albercoquers\u201d: assessorament t\u00e8cnic en fruiters i experimentaci\u00f3 agr\u00e0ria ecol\u00f2gica a Porreres. Lloc: Sala Polivalent de Porreres.<\/p>\n<p><strong>Dijous 14 d\u2019abril<\/strong><br \/>\n19 h: Confer\u00e8ncia \u201cLa qualitat nutric\u00e8utica dels aliments ecol\u00f2gics\u201d a c\u00e0rrec de la Doctora Maria Dolores Raig\u00f3n (professora de la UPV i presidenta de SEAE) Lloc: Club Diario de Mallorca (Palma).<\/p>\n<p><strong>Divendres 15 d\u2019abril<\/strong><br \/>\n20 h: Xerrada \u201cQu\u00e8 s\u2019amaga darrera el sucre?\u201d. Presentaci\u00f3 de la campanya 25grams. A c\u00e0rrec de Ferran Garcia coordinador d\u2019investigaci\u00f3 de VSF Just\u00edcia Aliment\u00e0ria Global Xerrada \u201cDel camp a la taula\u201d. Experi\u00e8ncies d\u2019elaborats eco sense sucre. A c\u00e0rrec de Mart\u00ed Pons i Cati Rotger, pagesos Lloc: Centre de Cultura Sa Nostra (Palma).<\/p>\n<p><strong>Diumenge 17 d\u2019abril<\/strong><br \/>\nDe 9 a 16 h<br \/>\nDia de la lluita camperola<br \/>\nX Diada d\u2019agricultura ecol\u00f2gica<br \/>\nLa major exposici\u00f3 i venda de productes ecol\u00f2gics amb certificaci\u00f3 de les Illes Balears.<br \/>\nLloc: Centre de Porreres<br \/>\n9 h: Inici de la Diada 9.30h Volta dels xeremiers<br \/>\n12 h: Entrega dels premis del concurs de dibuix escolar<br \/>\n12.15 h: Actuaci\u00f3 castellera dels Al\u00b7lots de Llevant<br \/>\n12.30 h: Showcoocking de postres sense sucre, a c\u00e0rrec de Marta Terrassa de Nur Gaia a l\u2019estand VSF Just\u00edcia aliment\u00e0ria global.<br \/>\n13.30 h: Entrega dels premi \u201cProducte eco de l\u2019any\u201d<br \/>\nA continuaci\u00f3 \u201cGran rifa agroecol\u00f2gica\u201d<br \/>\n14 h: Actuaci\u00f3 dels Combos de l\u2019Escola de M\u00fasica de Porreres<br \/>\nDe 10 a 12 h: Presentacions dels concursants a \u201cProducte eco de l\u2019any\u201d Lloc: carpa davant l\u2019esgl\u00e8sia<br \/>\nDe 10.30 a 13.30 h: Passa-carrers agroecol\u00f2gic Lloc: per tota la fira<br \/>\nDurant tota la Diada, a l\u2019estand d\u2019APAEMA, vine i endevina&#8217;n el pes: sortejam una gran panera.<br \/>\nEls actes on no s\u2019indica ubicaci\u00f3 s\u00f3n a la pla\u00e7a de la Vila.<\/p>\n<p><strong>Participants a la Fira Ecol\u00f2gica:<\/strong><\/p>\n<p>[ezcol_1third]<\/p>\n<ul>\n<li>Agricultura Regenerativa Ib\u00e8rica. Entitat pel foment de l\u2019Agricultura Regenerativa.<\/li>\n<li>Agrobalaguer Fitosanitaris ecol\u00f2gics. Amics de la Terra Entitat ecologista.<\/li>\n<li>Associaci\u00f3 de Productors Ecol\u00f2gics d\u2019Eivissa i Formentera (APAEEF) Entitat pel foment de l\u2019Agicultura ecol\u00f2gica.<\/li>\n<li>Associaci\u00f3 de Productors Ecol\u00f2gics de Mallorca (APAEMA) Entitat pel foment de l\u2019Agicultura ecol\u00f2gica.<\/li>\n<li>Arbres d\u2019Algendar Venda d\u2019arbres fruiters eco varietat local.<\/li>\n<li>Arc al cel Forn i pastisseria ecol\u00f2gica. Blats antics.<\/li>\n<li>Associaci\u00f3 Naturalment Entitat pel foment de l\u2019agricultura natural i el dret universal a l\u2019alimentaci\u00f3.<\/li>\n<li>Associaci\u00f3 de Varietats Locals. Entitat pel foment de la sembra i conservaci\u00f3 de les varietats locals de Mallorca.<\/li>\n<li>Beverly Pugh. Comida con vida. Aliments crudivegans.<\/li>\n<li>Bioverdura Planter i hortalissa ecol\u00f2gica.<\/li>\n<li>Blue Heron Fitosanitaris ecol\u00f2gics. Celler Can Feliu Finca ecol\u00f2gica. Elaboraci\u00f3 de vi i oli eco.<\/li>\n<li>Can Cal\u00f3 Finca ecol\u00f2gica. Hortalissa, fruita i elaborats eco.<\/li>\n<li>Can Ferrerico Embutits i elaborats ecol\u00f2gics.<\/li>\n<li>Can Roseta Planter ecol\u00f2gic Caramel Mel ecol\u00f2gica<\/li>\n<li>Consell Balear de la Producci\u00f3 Agr\u00e0- ria Ecol\u00f2gica (CBPAE) Entitat certificadora de l\u2019agricultura ecol\u00f2gica.<\/li>\n<li>Chamae Adobs org\u00e0nics.<\/li>\n<li>Cooperativa agr\u00edcola de Porreres. Elaborats amb albercoc i ametla eco.<\/li>\n<li>Coop. Aix\u00f2 \u00e9s vida! Producci\u00f3 i distribuci\u00f3 de fruita i verdura eco.<\/li>\n<\/ul>\n<p>[\/ezcol_1third]<\/p>\n<p>[ezcol_1third]<\/p>\n<ul>\n<li>Coop. Coanegra Producci\u00f3 i distribuci\u00f3 de fruita i verdura eco.<\/li>\n<li>Cosm\u00e9tica consciente. Cosm\u00e8tica certificada eco.<\/li>\n<li>Cuines solars Mostra i exposici\u00f3 de cuines solars.<\/li>\n<li>Ecogourmet Mallorca Distribuci\u00f3 de productes eco gourmet<\/li>\n<li>Ecobalear Productes envasats ecol\u00f2gics.<\/li>\n<li>Ecofeixes Cooperativa de productors ecol\u00f2gics d\u2019Eivissa.<\/li>\n<li>Ecoxarxa Mallorca Xarxa d\u2019alternatives de consum i vida.<\/li>\n<li>Ecoilla Cooperativa de ramaders ecol\u00f2gics.<\/li>\n<li>Es Ginebr\u00f3 Restaurant eco i vegetari\u00e0.<\/li>\n<li>Es mol\u00ed de Sant Antoni Producci\u00f3 i elaboraci\u00f3 de farines de blats antics.<\/li>\n<li>Es Pontet Finca de producci\u00f3 i elaboraci\u00f3 d\u2019aliments eco. Restaurant.<\/li>\n<li>Esp\u00e8cies Cresp\u00ed Esp\u00e8cies aliment\u00e0ries eco.<\/li>\n<li>Fiare Entitat banc\u00e0ria \u00e8tica Finca Son Palou Producci\u00f3 de fruita i hortalissa eco.<\/li>\n<li>Formatgeria Son Jover. Formatges i derivats l\u00e0ctics eco d\u2019ovella roja mallorquina.<\/li>\n<li>Gelateria Biocolonial Gelats bio.<\/li>\n<li>GOB Mallorca Entitat ecologista.<\/li>\n<li>Greensalut Fitosanitaris ecol\u00f2gics.<\/li>\n<li>Grup d\u2019apicultura ecol\u00f2gica.\u00a0 Comissi\u00f3 sobre l\u2019apicultura eco d\u2019APAEMA<\/li>\n<li>Jaume de Puntir\u00f3. Elaboraci\u00f3 d\u2019oli d\u2019oliva i vi eco.<\/li>\n<li>Loveat! Tenda de productes eco.<\/li>\n<li>Margalida Mateu. Figues seques.<\/li>\n<li>Mercat ecol\u00f2gic de Santa Maria. Estand de promoci\u00f3 d\u2019aquest mercat.<\/li>\n<\/ul>\n<p>[\/ezcol_1third]<\/p>\n<p>[ezcol_1third_end]<\/p>\n<ul>\n<li>M\u00e9s que pa. Elaboraci\u00f3 de pa i pastisseria ecol\u00f2gica.<\/li>\n<li>No al TTIP Espai d\u2019informaci\u00f3.<\/li>\n<li>Oli Novembre Elaboraci\u00f3 d\u2019oli d\u2019oliva eco.<\/li>\n<li>Olin food truck Restaurant m\u00f2bil eco<\/li>\n<li>Pane Nostro Elaboraci\u00f3 de pa i pastisseria ecol\u00f2gica.<\/li>\n<li>PermaMed Entitat pel foment de la Permacultura.<\/li>\n<li>Picarandau Elaboraci\u00f3 d\u2019oli d\u2019oliva eco.<\/li>\n<li>S\u2019altra senalla Entitat solid\u00e0ria i tenda de comer\u00e7 just amb productes eco.<\/li>\n<li>S\u2019ullastre de Son Xota. Elaboraci\u00f3 d\u2019oli d\u2019oliva eco.<\/li>\n<li>Sa Cantonada Saludable Tenda d\u2019alimentaci\u00f3 eco sense gluten, vegans i cruus. EM, molins i tractaments naturals.<\/li>\n<li>Sa Casa Pagesa Finca de producci\u00f3 d\u2019hortalissa i fruita de varietat local.<\/li>\n<li>Sa Tenda Ecol\u00f2gica Tenda de productes variats ecol\u00f2gics.<\/li>\n<li>Sabores de Mallorca Distribuci\u00f3 de productes eco envasats.<\/li>\n<li>Santo Domingo Finca de producci\u00f3 d\u2019hortalissa i fruita de Menorca.<\/li>\n<li>Ses Maduixetes C\u00e0tering ecol\u00f2gic.<\/li>\n<li>Som Energia Cooperativa de consum d\u2019energia neta.<\/li>\n<li>Terra nova Finca de producci\u00f3 d\u2019hortalissa i fruita.<\/li>\n<li>Vedella de Es Capar\u00f3 Finca de ramaderia ecol\u00f2gica.<\/li>\n<li>Vins Galm\u00e9s i Ribot Elaboraci\u00f3 de vins ecol\u00f2gics.<\/li>\n<li>VSF Just\u00edcia aliment\u00e0ria global. Entitat pel foment de l\u2019agroecologia i el consum conscient i transformador.<\/li>\n<li>Xiribio Food truck ecol\u00f2gic. Producci\u00f3 pr\u00f2pia.<\/li>\n<\/ul>\n<p>[\/ezcol_1third_end]<!--more--><\/p>\n","protected":false},"excerpt":{"rendered":"<p>Tendr\u00e0 lloc dia 17 d&#8217;abril, tot i que durant tota la setmana s&#8217;han preparat diferents actes.<\/p>\n","protected":false},"author":1,"featured_media":17366,"comment_status":"open","ping_status":"closed","sticky":false,"template":"","format":"standard","meta":{"_acf_changed":false,"_swt_meta_header_display":false,"_swt_meta_footer_display":false,"_swt_meta_site_title_display":false,"_swt_meta_sticky_header":false,"_swt_meta_transparent_header":false,"footnotes":""},"categories":[692],"tags":[],"coauthors":[],"class_list":["post-17365","post","type-post","status-publish","format-standard","has-post-thumbnail","hentry","category-actualitat"],"acf":{"gallery":null,"home_date":{"home_begin_date":null,"home_end_date":null}},"yoast_head":"<!-- This site is optimized with the Yoast SEO plugin v27.4 - https:\/\/yoast.com\/product\/yoast-seo-wordpress\/ -->\n<title>X Diada Ecol\u00f2gica a Porreres<\/title>\n<meta name=\"description\" content=\"X Diada Ecol\u00f2gica a Porreres\" \/>\n<meta name=\"robots\" content=\"index, follow, max-snippet:-1, max-image-preview:large, max-video-preview:-1\" \/>\n<link rel=\"canonical\" href=\"https:\/\/gastronomicament.cat\/ca\/x-diada-ecologica-porreres\" \/>\n<meta property=\"og:locale\" content=\"ca_ES\" \/>\n<meta property=\"og:type\" content=\"article\" \/>\n<meta property=\"og:title\" content=\"X Diada Ecol\u00f2gica a Porreres\" \/>\n<meta property=\"og:description\" content=\"X Diada Ecol\u00f2gica a Porreres\" \/>\n<meta property=\"og:url\" content=\"https:\/\/gastronomicament.cat\/ca\/x-diada-ecologica-porreres\" \/>\n<meta property=\"og:site_name\" content=\"Gastron\u00f2micament\" \/>\n<meta property=\"article:published_time\" content=\"2016-04-10T22:32:40+00:00\" \/>\n<meta property=\"article:modified_time\" content=\"2022-04-07T09:05:43+00:00\" \/>\n<meta property=\"og:image\" content=\"https:\/\/gastronomicament.cat\/wp-content\/uploads\/2016\/04\/diada-ecologica-porreres-2016.jpg\" \/>\n\t<meta property=\"og:image:width\" content=\"640\" \/>\n\t<meta property=\"og:image:height\" content=\"322\" \/>\n\t<meta property=\"og:image:type\" content=\"image\/jpeg\" \/>\n<meta name=\"author\" content=\"Redacci\u00f3\" \/>\n<meta name=\"twitter:card\" content=\"summary_large_image\" \/>\n<meta name=\"twitter:creator\" content=\"@gastronomicamen\" \/>\n<meta name=\"twitter:site\" content=\"@gastronomicamen\" \/>\n<meta name=\"twitter:label1\" content=\"Written by\" \/>\n\t<meta name=\"twitter:data1\" content=\"Redacci\u00f3\" \/>\n\t<meta name=\"twitter:label2\" content=\"Est. reading time\" \/>\n\t<meta name=\"twitter:data2\" content=\"5 minutes\" \/>\n<script type=\"application\/ld+json\" class=\"yoast-schema-graph\">{\"@context\":\"https:\\\/\\\/schema.org\",\"@graph\":[{\"@type\":\"Article\",\"@id\":\"https:\\\/\\\/gastronomicament.cat\\\/ca\\\/x-diada-ecologica-porreres#article\",\"isPartOf\":{\"@id\":\"https:\\\/\\\/gastronomicament.cat\\\/ca\\\/x-diada-ecologica-porreres\"},\"author\":{\"name\":\"Redacci\u00f3\",\"@id\":\"https:\\\/\\\/gastronomicament.cat\\\/ca\\\/#\\\/schema\\\/person\\\/a7c85c537a1ed62799a5b8e0f686a37f\"},\"headline\":\"X Diada Ecol\u00f2gica a Porreres\",\"datePublished\":\"2016-04-10T22:32:40+00:00\",\"dateModified\":\"2022-04-07T09:05:43+00:00\",\"mainEntityOfPage\":{\"@id\":\"https:\\\/\\\/gastronomicament.cat\\\/ca\\\/x-diada-ecologica-porreres\"},\"wordCount\":1015,\"commentCount\":0,\"publisher\":{\"@id\":\"https:\\\/\\\/gastronomicament.cat\\\/ca\\\/#organization\"},\"image\":{\"@id\":\"https:\\\/\\\/gastronomicament.cat\\\/ca\\\/x-diada-ecologica-porreres#primaryimage\"},\"thumbnailUrl\":\"https:\\\/\\\/gastronomicament.cat\\\/wp-content\\\/uploads\\\/2016\\\/04\\\/diada-ecologica-porreres-2016.jpg\",\"articleSection\":[\"Actualitat\"],\"inLanguage\":\"ca-ES\",\"potentialAction\":[{\"@type\":\"CommentAction\",\"name\":\"Comment\",\"target\":[\"https:\\\/\\\/gastronomicament.cat\\\/ca\\\/x-diada-ecologica-porreres#respond\"]}]},{\"@type\":\"WebPage\",\"@id\":\"https:\\\/\\\/gastronomicament.cat\\\/ca\\\/x-diada-ecologica-porreres\",\"url\":\"https:\\\/\\\/gastronomicament.cat\\\/ca\\\/x-diada-ecologica-porreres\",\"name\":\"X Diada Ecol\u00f2gica a Porreres\",\"isPartOf\":{\"@id\":\"https:\\\/\\\/gastronomicament.cat\\\/ca\\\/#website\"},\"primaryImageOfPage\":{\"@id\":\"https:\\\/\\\/gastronomicament.cat\\\/ca\\\/x-diada-ecologica-porreres#primaryimage\"},\"image\":{\"@id\":\"https:\\\/\\\/gastronomicament.cat\\\/ca\\\/x-diada-ecologica-porreres#primaryimage\"},\"thumbnailUrl\":\"https:\\\/\\\/gastronomicament.cat\\\/wp-content\\\/uploads\\\/2016\\\/04\\\/diada-ecologica-porreres-2016.jpg\",\"datePublished\":\"2016-04-10T22:32:40+00:00\",\"dateModified\":\"2022-04-07T09:05:43+00:00\",\"description\":\"X Diada Ecol\u00f2gica a Porreres\",\"inLanguage\":\"ca-ES\",\"potentialAction\":[{\"@type\":\"ReadAction\",\"target\":[\"https:\\\/\\\/gastronomicament.cat\\\/ca\\\/x-diada-ecologica-porreres\"]}]},{\"@type\":\"ImageObject\",\"inLanguage\":\"ca-ES\",\"@id\":\"https:\\\/\\\/gastronomicament.cat\\\/ca\\\/x-diada-ecologica-porreres#primaryimage\",\"url\":\"https:\\\/\\\/gastronomicament.cat\\\/wp-content\\\/uploads\\\/2016\\\/04\\\/diada-ecologica-porreres-2016.jpg\",\"contentUrl\":\"https:\\\/\\\/gastronomicament.cat\\\/wp-content\\\/uploads\\\/2016\\\/04\\\/diada-ecologica-porreres-2016.jpg\",\"width\":640,\"height\":322},{\"@type\":\"WebSite\",\"@id\":\"https:\\\/\\\/gastronomicament.cat\\\/ca\\\/#website\",\"url\":\"https:\\\/\\\/gastronomicament.cat\\\/ca\\\/\",\"name\":\"Gastron\u00f2micament\",\"description\":\"Portal de restaurants, receptes i actualitat gastron\u00f2mica\",\"publisher\":{\"@id\":\"https:\\\/\\\/gastronomicament.cat\\\/ca\\\/#organization\"},\"potentialAction\":[{\"@type\":\"SearchAction\",\"target\":{\"@type\":\"EntryPoint\",\"urlTemplate\":\"https:\\\/\\\/gastronomicament.cat\\\/ca\\\/?s={search_term_string}\"},\"query-input\":{\"@type\":\"PropertyValueSpecification\",\"valueRequired\":true,\"valueName\":\"search_term_string\"}}],\"inLanguage\":\"ca-ES\"},{\"@type\":\"Organization\",\"@id\":\"https:\\\/\\\/gastronomicament.cat\\\/ca\\\/#organization\",\"name\":\"Gastron\u00f2micament\",\"url\":\"https:\\\/\\\/gastronomicament.cat\\\/ca\\\/\",\"logo\":{\"@type\":\"ImageObject\",\"inLanguage\":\"ca-ES\",\"@id\":\"https:\\\/\\\/gastronomicament.cat\\\/ca\\\/#\\\/schema\\\/logo\\\/image\\\/\",\"url\":\"https:\\\/\\\/gastronomicament.cat\\\/wp-content\\\/uploads\\\/2016\\\/09\\\/header-logo.jpg\",\"contentUrl\":\"https:\\\/\\\/gastronomicament.cat\\\/wp-content\\\/uploads\\\/2016\\\/09\\\/header-logo.jpg\",\"width\":277,\"height\":39,\"caption\":\"Gastron\u00f2micament\"},\"image\":{\"@id\":\"https:\\\/\\\/gastronomicament.cat\\\/ca\\\/#\\\/schema\\\/logo\\\/image\\\/\"},\"sameAs\":[\"https:\\\/\\\/x.com\\\/gastronomicamen\"]},{\"@type\":\"Person\",\"@id\":\"https:\\\/\\\/gastronomicament.cat\\\/ca\\\/#\\\/schema\\\/person\\\/a7c85c537a1ed62799a5b8e0f686a37f\",\"name\":\"Redacci\u00f3\",\"image\":{\"@type\":\"ImageObject\",\"inLanguage\":\"ca-ES\",\"@id\":\"https:\\\/\\\/secure.gravatar.com\\\/avatar\\\/9489a485c464fd611d33825daae651d13db70c4e74c65c94937a15a9d4c3ee14?s=96&d=mm&r=g69fea3cce3645dfa2166e7293e22955e\",\"url\":\"https:\\\/\\\/secure.gravatar.com\\\/avatar\\\/9489a485c464fd611d33825daae651d13db70c4e74c65c94937a15a9d4c3ee14?s=96&d=mm&r=g\",\"contentUrl\":\"https:\\\/\\\/secure.gravatar.com\\\/avatar\\\/9489a485c464fd611d33825daae651d13db70c4e74c65c94937a15a9d4c3ee14?s=96&d=mm&r=g\",\"caption\":\"Redacci\u00f3\"},\"sameAs\":[\"http:\\\/\\\/gastronomicament.cat\"],\"url\":\"https:\\\/\\\/gastronomicament.cat\\\/ca\\\/author\\\/admin\"}]}<\/script>\n<!-- \/ Yoast SEO plugin. -->","yoast_head_json":{"title":"X Diada Ecol\u00f2gica a Porreres","description":"X Diada Ecol\u00f2gica a Porreres","robots":{"index":"index","follow":"follow","max-snippet":"max-snippet:-1","max-image-preview":"max-image-preview:large","max-video-preview":"max-video-preview:-1"},"canonical":"https:\/\/gastronomicament.cat\/ca\/x-diada-ecologica-porreres","og_locale":"ca_ES","og_type":"article","og_title":"X Diada Ecol\u00f2gica a Porreres","og_description":"X Diada Ecol\u00f2gica a Porreres","og_url":"https:\/\/gastronomicament.cat\/ca\/x-diada-ecologica-porreres","og_site_name":"Gastron\u00f2micament","article_published_time":"2016-04-10T22:32:40+00:00","article_modified_time":"2022-04-07T09:05:43+00:00","og_image":[{"width":640,"height":322,"url":"https:\/\/gastronomicament.cat\/wp-content\/uploads\/2016\/04\/diada-ecologica-porreres-2016.jpg","type":"image\/jpeg"}],"author":"Redacci\u00f3","twitter_card":"summary_large_image","twitter_creator":"@gastronomicamen","twitter_site":"@gastronomicamen","twitter_misc":{"Written by":"Redacci\u00f3","Est. reading time":"5 minutes"},"schema":{"@context":"https:\/\/schema.org","@graph":[{"@type":"Article","@id":"https:\/\/gastronomicament.cat\/ca\/x-diada-ecologica-porreres#article","isPartOf":{"@id":"https:\/\/gastronomicament.cat\/ca\/x-diada-ecologica-porreres"},"author":{"name":"Redacci\u00f3","@id":"https:\/\/gastronomicament.cat\/ca\/#\/schema\/person\/a7c85c537a1ed62799a5b8e0f686a37f"},"headline":"X Diada Ecol\u00f2gica a Porreres","datePublished":"2016-04-10T22:32:40+00:00","dateModified":"2022-04-07T09:05:43+00:00","mainEntityOfPage":{"@id":"https:\/\/gastronomicament.cat\/ca\/x-diada-ecologica-porreres"},"wordCount":1015,"commentCount":0,"publisher":{"@id":"https:\/\/gastronomicament.cat\/ca\/#organization"},"image":{"@id":"https:\/\/gastronomicament.cat\/ca\/x-diada-ecologica-porreres#primaryimage"},"thumbnailUrl":"https:\/\/gastronomicament.cat\/wp-content\/uploads\/2016\/04\/diada-ecologica-porreres-2016.jpg","articleSection":["Actualitat"],"inLanguage":"ca-ES","potentialAction":[{"@type":"CommentAction","name":"Comment","target":["https:\/\/gastronomicament.cat\/ca\/x-diada-ecologica-porreres#respond"]}]},{"@type":"WebPage","@id":"https:\/\/gastronomicament.cat\/ca\/x-diada-ecologica-porreres","url":"https:\/\/gastronomicament.cat\/ca\/x-diada-ecologica-porreres","name":"X Diada Ecol\u00f2gica a Porreres","isPartOf":{"@id":"https:\/\/gastronomicament.cat\/ca\/#website"},"primaryImageOfPage":{"@id":"https:\/\/gastronomicament.cat\/ca\/x-diada-ecologica-porreres#primaryimage"},"image":{"@id":"https:\/\/gastronomicament.cat\/ca\/x-diada-ecologica-porreres#primaryimage"},"thumbnailUrl":"https:\/\/gastronomicament.cat\/wp-content\/uploads\/2016\/04\/diada-ecologica-porreres-2016.jpg","datePublished":"2016-04-10T22:32:40+00:00","dateModified":"2022-04-07T09:05:43+00:00","description":"X Diada Ecol\u00f2gica a Porreres","inLanguage":"ca-ES","potentialAction":[{"@type":"ReadAction","target":["https:\/\/gastronomicament.cat\/ca\/x-diada-ecologica-porreres"]}]},{"@type":"ImageObject","inLanguage":"ca-ES","@id":"https:\/\/gastronomicament.cat\/ca\/x-diada-ecologica-porreres#primaryimage","url":"https:\/\/gastronomicament.cat\/wp-content\/uploads\/2016\/04\/diada-ecologica-porreres-2016.jpg","contentUrl":"https:\/\/gastronomicament.cat\/wp-content\/uploads\/2016\/04\/diada-ecologica-porreres-2016.jpg","width":640,"height":322},{"@type":"WebSite","@id":"https:\/\/gastronomicament.cat\/ca\/#website","url":"https:\/\/gastronomicament.cat\/ca\/","name":"Gastron\u00f2micament","description":"Portal de restaurants, receptes i actualitat gastron\u00f2mica","publisher":{"@id":"https:\/\/gastronomicament.cat\/ca\/#organization"},"potentialAction":[{"@type":"SearchAction","target":{"@type":"EntryPoint","urlTemplate":"https:\/\/gastronomicament.cat\/ca\/?s={search_term_string}"},"query-input":{"@type":"PropertyValueSpecification","valueRequired":true,"valueName":"search_term_string"}}],"inLanguage":"ca-ES"},{"@type":"Organization","@id":"https:\/\/gastronomicament.cat\/ca\/#organization","name":"Gastron\u00f2micament","url":"https:\/\/gastronomicament.cat\/ca\/","logo":{"@type":"ImageObject","inLanguage":"ca-ES","@id":"https:\/\/gastronomicament.cat\/ca\/#\/schema\/logo\/image\/","url":"https:\/\/gastronomicament.cat\/wp-content\/uploads\/2016\/09\/header-logo.jpg","contentUrl":"https:\/\/gastronomicament.cat\/wp-content\/uploads\/2016\/09\/header-logo.jpg","width":277,"height":39,"caption":"Gastron\u00f2micament"},"image":{"@id":"https:\/\/gastronomicament.cat\/ca\/#\/schema\/logo\/image\/"},"sameAs":["https:\/\/x.com\/gastronomicamen"]},{"@type":"Person","@id":"https:\/\/gastronomicament.cat\/ca\/#\/schema\/person\/a7c85c537a1ed62799a5b8e0f686a37f","name":"Redacci\u00f3","image":{"@type":"ImageObject","inLanguage":"ca-ES","@id":"https:\/\/secure.gravatar.com\/avatar\/9489a485c464fd611d33825daae651d13db70c4e74c65c94937a15a9d4c3ee14?s=96&d=mm&r=g69fea3cce3645dfa2166e7293e22955e","url":"https:\/\/secure.gravatar.com\/avatar\/9489a485c464fd611d33825daae651d13db70c4e74c65c94937a15a9d4c3ee14?s=96&d=mm&r=g","contentUrl":"https:\/\/secure.gravatar.com\/avatar\/9489a485c464fd611d33825daae651d13db70c4e74c65c94937a15a9d4c3ee14?s=96&d=mm&r=g","caption":"Redacci\u00f3"},"sameAs":["http:\/\/gastronomicament.cat"],"url":"https:\/\/gastronomicament.cat\/ca\/author\/admin"}]}},"_links":{"self":[{"href":"https:\/\/gastronomicament.cat\/ca\/wp-json\/wp\/v2\/posts\/17365","targetHints":{"allow":["GET"]}}],"collection":[{"href":"https:\/\/gastronomicament.cat\/ca\/wp-json\/wp\/v2\/posts"}],"about":[{"href":"https:\/\/gastronomicament.cat\/ca\/wp-json\/wp\/v2\/types\/post"}],"author":[{"embeddable":true,"href":"https:\/\/gastronomicament.cat\/ca\/wp-json\/wp\/v2\/users\/1"}],"replies":[{"embeddable":true,"href":"https:\/\/gastronomicament.cat\/ca\/wp-json\/wp\/v2\/comments?post=17365"}],"version-history":[{"count":0,"href":"https:\/\/gastronomicament.cat\/ca\/wp-json\/wp\/v2\/posts\/17365\/revisions"}],"wp:featuredmedia":[{"embeddable":true,"href":"https:\/\/gastronomicament.cat\/ca\/wp-json\/wp\/v2\/media\/17366"}],"wp:attachment":[{"href":"https:\/\/gastronomicament.cat\/ca\/wp-json\/wp\/v2\/media?parent=17365"}],"wp:term":[{"taxonomy":"category","embeddable":true,"href":"https:\/\/gastronomicament.cat\/ca\/wp-json\/wp\/v2\/categories?post=17365"},{"taxonomy":"post_tag","embeddable":true,"href":"https:\/\/gastronomicament.cat\/ca\/wp-json\/wp\/v2\/tags?post=17365"},{"taxonomy":"author","embeddable":true,"href":"https:\/\/gastronomicament.cat\/ca\/wp-json\/wp\/v2\/coauthors?post=17365"}],"curies":[{"name":"wp","href":"https:\/\/api.w.org\/{rel}","templated":true}]}}