{"id":17415,"date":"2016-04-26T00:09:26","date_gmt":"2016-04-25T22:09:26","guid":{"rendered":"http:\/\/gastronomicament.cat\/?p=17415"},"modified":"2022-04-07T11:05:47","modified_gmt":"2022-04-07T09:05:47","slug":"nous-iogurts-sense-lactosa-amb-estevia-de-la-fageda","status":"publish","type":"post","link":"https:\/\/gastronomicament.cat\/ca\/nous-iogurts-sense-lactosa-amb-estevia-de-la-fageda","title":{"rendered":"Nous iogurts sense lactosa i amb est\u00e8via de La Fageda"},"content":{"rendered":"<p>Aliment\u00e0ria 2016 presenta moltes novetats com els <strong>nous iogurts sense lactosa i amb est\u00e8via de La Fageda<\/strong>.<\/p>\n<p>Es tracta de la innovaci\u00f3 m\u00e9s not\u00f2ria que s\u2019ha produ\u00eft en els 23 anys de fabricaci\u00f3 i comercialitzaci\u00f3 de iogurts La Fageda. Les 3 noves refer\u00e8ncies s\u00f3n el iogurt sense lactosa i dos descremats edulcorats amb est\u00e8via: natural i amb gust de maduixa.<\/p>\n<div>Aquests iogurts descremats mantenen la cremositat caracter\u00edstica dels iogurts sencers. Els nous descremats s\u2019edulcoren amb est\u00e8via natural i, per tant, no tenen contingut cal\u00f2ric. D\u2019altra banda, La Fageda at\u00e9n una aspiraci\u00f3 del col\u00b7lectiu d\u2019intolerants a la lactosa, i els ofereix un iogurt que mant\u00e9 tota la prote\u00efna i el gust del iogurt original.<\/div>\n<div><\/div>\n<div>La Fageda tamb\u00e9 a preparat a Aliment\u00e0ria 2016, un espai de maridatges per celebrar-hi showcookings i oferir elaboracions gastron\u00f2miques combinades amb \u00a0melmelades, amb reconeguts professionals de la gastronomia com:\u00a0<a href=\"https:\/\/davidpallas.com\/es\/\" target=\"_blank\" rel=\"noopener\">David Pall\u00e0s<\/a>, com a mestre xocolater,<a href=\"http:\/\/panescreativos.com\/\" target=\"_blank\" rel=\"noopener\">Daniel Jord\u00e0<\/a>, mestre forner i\u00a0<a href=\"https:\/\/www.facebook.com\/FatimaGismero.Pastrychef\/\" target=\"_blank\" rel=\"noopener\">F\u00e0tima Gismero<\/a>\u00a0pastissera especialista en esferificacions, juntament amb Neus Rabionet, antiga cuinera del Restaurant Ca l\u2019Enric i actualment responsable de cuina a La Fageda.<\/div>\n<div><\/div>\n<div>Amb la nova gamma de iogurts i postres, La Fageda arriba a les 21 refer\u00e8ncies. Les vendes de l\u00e0ctics durant el 2015 han estat de 14 milions d\u2019euros, un 2% per sobre de l\u2019any anterior.<\/div>\n<p><!--more--><\/p>\n","protected":false},"excerpt":{"rendered":"<p>Aliment\u00e0ria 2016 presenta moltes novetats com els nous iogurts sense lactosa i amb est\u00e8via de La Fageda. Es tracta de la innovaci\u00f3 m\u00e9s not\u00f2ria que s\u2019ha produ\u00eft en els 23 anys de fabricaci\u00f3 i comercialitzaci\u00f3 de iogurts La Fageda. Les 3 noves refer\u00e8ncies s\u00f3n el iogurt sense lactosa i dos descremats edulcorats amb est\u00e8via: natural [&hellip;]<\/p>\n","protected":false},"author":1,"featured_media":17421,"comment_status":"open","ping_status":"closed","sticky":false,"template":"","format":"gallery","meta":{"_acf_changed":false,"_swt_meta_header_display":false,"_swt_meta_footer_display":false,"_swt_meta_site_title_display":false,"_swt_meta_sticky_header":false,"_swt_meta_transparent_header":false,"footnotes":""},"categories":[692],"tags":[],"coauthors":[],"class_list":["post-17415","post","type-post","status-publish","format-gallery","has-post-thumbnail","hentry","category-actualitat","post_format-post-format-gallery"],"acf":{"gallery":null,"home_date":{"home_begin_date":null,"home_end_date":null}},"yoast_head":"<!-- This site is optimized with the Yoast SEO plugin v27.4 - https:\/\/yoast.com\/product\/yoast-seo-wordpress\/ -->\n<title>Nous iogurts sense lactosa i amb est\u00e8via de La Fageda<\/title>\n<meta name=\"description\" content=\"Nous iogurts sense lactosa i amb est\u00e8via de La Fageda\" \/>\n<meta name=\"robots\" content=\"index, follow, max-snippet:-1, max-image-preview:large, max-video-preview:-1\" \/>\n<link rel=\"canonical\" href=\"https:\/\/gastronomicament.cat\/ca\/nous-iogurts-sense-lactosa-amb-estevia-de-la-fageda\" \/>\n<meta property=\"og:locale\" content=\"ca_ES\" \/>\n<meta property=\"og:type\" content=\"article\" \/>\n<meta property=\"og:title\" content=\"Nous iogurts sense lactosa i amb est\u00e8via de La Fageda\" \/>\n<meta property=\"og:description\" content=\"Nous iogurts sense lactosa i amb est\u00e8via de La Fageda\" \/>\n<meta property=\"og:url\" content=\"https:\/\/gastronomicament.cat\/ca\/nous-iogurts-sense-lactosa-amb-estevia-de-la-fageda\" \/>\n<meta property=\"og:site_name\" content=\"Gastron\u00f2micament\" \/>\n<meta property=\"article:published_time\" content=\"2016-04-25T22:09:26+00:00\" \/>\n<meta property=\"article:modified_time\" content=\"2022-04-07T09:05:47+00:00\" \/>\n<meta property=\"og:image\" content=\"https:\/\/gastronomicament.cat\/wp-content\/uploads\/2016\/04\/nous-iogurts-descremats-i-amb-estevia.jpg\" \/>\n\t<meta property=\"og:image:width\" content=\"640\" \/>\n\t<meta property=\"og:image:height\" content=\"300\" \/>\n\t<meta property=\"og:image:type\" content=\"image\/jpeg\" \/>\n<meta name=\"author\" content=\"Redacci\u00f3\" \/>\n<meta name=\"twitter:card\" content=\"summary_large_image\" \/>\n<meta name=\"twitter:creator\" content=\"@gastronomicamen\" \/>\n<meta name=\"twitter:site\" content=\"@gastronomicamen\" \/>\n<meta name=\"twitter:label1\" content=\"Written by\" \/>\n\t<meta name=\"twitter:data1\" content=\"Redacci\u00f3\" \/>\n\t<meta name=\"twitter:label2\" content=\"Est. reading time\" \/>\n\t<meta name=\"twitter:data2\" content=\"1 minute\" \/>\n<script type=\"application\/ld+json\" class=\"yoast-schema-graph\">{\"@context\":\"https:\\\/\\\/schema.org\",\"@graph\":[{\"@type\":\"Article\",\"@id\":\"https:\\\/\\\/gastronomicament.cat\\\/ca\\\/nous-iogurts-sense-lactosa-amb-estevia-de-la-fageda#article\",\"isPartOf\":{\"@id\":\"https:\\\/\\\/gastronomicament.cat\\\/ca\\\/nous-iogurts-sense-lactosa-amb-estevia-de-la-fageda\"},\"author\":{\"name\":\"Redacci\u00f3\",\"@id\":\"https:\\\/\\\/gastronomicament.cat\\\/ca\\\/#\\\/schema\\\/person\\\/a7c85c537a1ed62799a5b8e0f686a37f\"},\"headline\":\"Nous iogurts sense lactosa i amb est\u00e8via de La Fageda\",\"datePublished\":\"2016-04-25T22:09:26+00:00\",\"dateModified\":\"2022-04-07T09:05:47+00:00\",\"mainEntityOfPage\":{\"@id\":\"https:\\\/\\\/gastronomicament.cat\\\/ca\\\/nous-iogurts-sense-lactosa-amb-estevia-de-la-fageda\"},\"wordCount\":242,\"commentCount\":0,\"publisher\":{\"@id\":\"https:\\\/\\\/gastronomicament.cat\\\/ca\\\/#organization\"},\"image\":{\"@id\":\"https:\\\/\\\/gastronomicament.cat\\\/ca\\\/nous-iogurts-sense-lactosa-amb-estevia-de-la-fageda#primaryimage\"},\"thumbnailUrl\":\"https:\\\/\\\/gastronomicament.cat\\\/wp-content\\\/uploads\\\/2016\\\/04\\\/nous-iogurts-descremats-i-amb-estevia.jpg\",\"articleSection\":[\"Actualitat\"],\"inLanguage\":\"ca-ES\",\"potentialAction\":[{\"@type\":\"CommentAction\",\"name\":\"Comment\",\"target\":[\"https:\\\/\\\/gastronomicament.cat\\\/ca\\\/nous-iogurts-sense-lactosa-amb-estevia-de-la-fageda#respond\"]}]},{\"@type\":\"WebPage\",\"@id\":\"https:\\\/\\\/gastronomicament.cat\\\/ca\\\/nous-iogurts-sense-lactosa-amb-estevia-de-la-fageda\",\"url\":\"https:\\\/\\\/gastronomicament.cat\\\/ca\\\/nous-iogurts-sense-lactosa-amb-estevia-de-la-fageda\",\"name\":\"Nous iogurts sense lactosa i amb est\u00e8via de La Fageda\",\"isPartOf\":{\"@id\":\"https:\\\/\\\/gastronomicament.cat\\\/ca\\\/#website\"},\"primaryImageOfPage\":{\"@id\":\"https:\\\/\\\/gastronomicament.cat\\\/ca\\\/nous-iogurts-sense-lactosa-amb-estevia-de-la-fageda#primaryimage\"},\"image\":{\"@id\":\"https:\\\/\\\/gastronomicament.cat\\\/ca\\\/nous-iogurts-sense-lactosa-amb-estevia-de-la-fageda#primaryimage\"},\"thumbnailUrl\":\"https:\\\/\\\/gastronomicament.cat\\\/wp-content\\\/uploads\\\/2016\\\/04\\\/nous-iogurts-descremats-i-amb-estevia.jpg\",\"datePublished\":\"2016-04-25T22:09:26+00:00\",\"dateModified\":\"2022-04-07T09:05:47+00:00\",\"description\":\"Nous iogurts sense lactosa i amb est\u00e8via de La Fageda\",\"inLanguage\":\"ca-ES\",\"potentialAction\":[{\"@type\":\"ReadAction\",\"target\":[\"https:\\\/\\\/gastronomicament.cat\\\/ca\\\/nous-iogurts-sense-lactosa-amb-estevia-de-la-fageda\"]}]},{\"@type\":\"ImageObject\",\"inLanguage\":\"ca-ES\",\"@id\":\"https:\\\/\\\/gastronomicament.cat\\\/ca\\\/nous-iogurts-sense-lactosa-amb-estevia-de-la-fageda#primaryimage\",\"url\":\"https:\\\/\\\/gastronomicament.cat\\\/wp-content\\\/uploads\\\/2016\\\/04\\\/nous-iogurts-descremats-i-amb-estevia.jpg\",\"contentUrl\":\"https:\\\/\\\/gastronomicament.cat\\\/wp-content\\\/uploads\\\/2016\\\/04\\\/nous-iogurts-descremats-i-amb-estevia.jpg\",\"width\":640,\"height\":300},{\"@type\":\"WebSite\",\"@id\":\"https:\\\/\\\/gastronomicament.cat\\\/ca\\\/#website\",\"url\":\"https:\\\/\\\/gastronomicament.cat\\\/ca\\\/\",\"name\":\"Gastron\u00f2micament\",\"description\":\"Portal de restaurants, receptes i actualitat gastron\u00f2mica\",\"publisher\":{\"@id\":\"https:\\\/\\\/gastronomicament.cat\\\/ca\\\/#organization\"},\"potentialAction\":[{\"@type\":\"SearchAction\",\"target\":{\"@type\":\"EntryPoint\",\"urlTemplate\":\"https:\\\/\\\/gastronomicament.cat\\\/ca\\\/?s={search_term_string}\"},\"query-input\":{\"@type\":\"PropertyValueSpecification\",\"valueRequired\":true,\"valueName\":\"search_term_string\"}}],\"inLanguage\":\"ca-ES\"},{\"@type\":\"Organization\",\"@id\":\"https:\\\/\\\/gastronomicament.cat\\\/ca\\\/#organization\",\"name\":\"Gastron\u00f2micament\",\"url\":\"https:\\\/\\\/gastronomicament.cat\\\/ca\\\/\",\"logo\":{\"@type\":\"ImageObject\",\"inLanguage\":\"ca-ES\",\"@id\":\"https:\\\/\\\/gastronomicament.cat\\\/ca\\\/#\\\/schema\\\/logo\\\/image\\\/\",\"url\":\"https:\\\/\\\/gastronomicament.cat\\\/wp-content\\\/uploads\\\/2016\\\/09\\\/header-logo.jpg\",\"contentUrl\":\"https:\\\/\\\/gastronomicament.cat\\\/wp-content\\\/uploads\\\/2016\\\/09\\\/header-logo.jpg\",\"width\":277,\"height\":39,\"caption\":\"Gastron\u00f2micament\"},\"image\":{\"@id\":\"https:\\\/\\\/gastronomicament.cat\\\/ca\\\/#\\\/schema\\\/logo\\\/image\\\/\"},\"sameAs\":[\"https:\\\/\\\/x.com\\\/gastronomicamen\"]},{\"@type\":\"Person\",\"@id\":\"https:\\\/\\\/gastronomicament.cat\\\/ca\\\/#\\\/schema\\\/person\\\/a7c85c537a1ed62799a5b8e0f686a37f\",\"name\":\"Redacci\u00f3\",\"image\":{\"@type\":\"ImageObject\",\"inLanguage\":\"ca-ES\",\"@id\":\"https:\\\/\\\/secure.gravatar.com\\\/avatar\\\/9489a485c464fd611d33825daae651d13db70c4e74c65c94937a15a9d4c3ee14?s=96&d=mm&r=g69fea3cce3645dfa2166e7293e22955e\",\"url\":\"https:\\\/\\\/secure.gravatar.com\\\/avatar\\\/9489a485c464fd611d33825daae651d13db70c4e74c65c94937a15a9d4c3ee14?s=96&d=mm&r=g\",\"contentUrl\":\"https:\\\/\\\/secure.gravatar.com\\\/avatar\\\/9489a485c464fd611d33825daae651d13db70c4e74c65c94937a15a9d4c3ee14?s=96&d=mm&r=g\",\"caption\":\"Redacci\u00f3\"},\"sameAs\":[\"http:\\\/\\\/gastronomicament.cat\"],\"url\":\"https:\\\/\\\/gastronomicament.cat\\\/ca\\\/author\\\/admin\"}]}<\/script>\n<!-- \/ Yoast SEO plugin. -->","yoast_head_json":{"title":"Nous iogurts sense lactosa i amb est\u00e8via de La Fageda","description":"Nous iogurts sense lactosa i amb est\u00e8via de La Fageda","robots":{"index":"index","follow":"follow","max-snippet":"max-snippet:-1","max-image-preview":"max-image-preview:large","max-video-preview":"max-video-preview:-1"},"canonical":"https:\/\/gastronomicament.cat\/ca\/nous-iogurts-sense-lactosa-amb-estevia-de-la-fageda","og_locale":"ca_ES","og_type":"article","og_title":"Nous iogurts sense lactosa i amb est\u00e8via de La Fageda","og_description":"Nous iogurts sense lactosa i amb est\u00e8via de La Fageda","og_url":"https:\/\/gastronomicament.cat\/ca\/nous-iogurts-sense-lactosa-amb-estevia-de-la-fageda","og_site_name":"Gastron\u00f2micament","article_published_time":"2016-04-25T22:09:26+00:00","article_modified_time":"2022-04-07T09:05:47+00:00","og_image":[{"width":640,"height":300,"url":"https:\/\/gastronomicament.cat\/wp-content\/uploads\/2016\/04\/nous-iogurts-descremats-i-amb-estevia.jpg","type":"image\/jpeg"}],"author":"Redacci\u00f3","twitter_card":"summary_large_image","twitter_creator":"@gastronomicamen","twitter_site":"@gastronomicamen","twitter_misc":{"Written by":"Redacci\u00f3","Est. reading time":"1 minute"},"schema":{"@context":"https:\/\/schema.org","@graph":[{"@type":"Article","@id":"https:\/\/gastronomicament.cat\/ca\/nous-iogurts-sense-lactosa-amb-estevia-de-la-fageda#article","isPartOf":{"@id":"https:\/\/gastronomicament.cat\/ca\/nous-iogurts-sense-lactosa-amb-estevia-de-la-fageda"},"author":{"name":"Redacci\u00f3","@id":"https:\/\/gastronomicament.cat\/ca\/#\/schema\/person\/a7c85c537a1ed62799a5b8e0f686a37f"},"headline":"Nous iogurts sense lactosa i amb est\u00e8via de La Fageda","datePublished":"2016-04-25T22:09:26+00:00","dateModified":"2022-04-07T09:05:47+00:00","mainEntityOfPage":{"@id":"https:\/\/gastronomicament.cat\/ca\/nous-iogurts-sense-lactosa-amb-estevia-de-la-fageda"},"wordCount":242,"commentCount":0,"publisher":{"@id":"https:\/\/gastronomicament.cat\/ca\/#organization"},"image":{"@id":"https:\/\/gastronomicament.cat\/ca\/nous-iogurts-sense-lactosa-amb-estevia-de-la-fageda#primaryimage"},"thumbnailUrl":"https:\/\/gastronomicament.cat\/wp-content\/uploads\/2016\/04\/nous-iogurts-descremats-i-amb-estevia.jpg","articleSection":["Actualitat"],"inLanguage":"ca-ES","potentialAction":[{"@type":"CommentAction","name":"Comment","target":["https:\/\/gastronomicament.cat\/ca\/nous-iogurts-sense-lactosa-amb-estevia-de-la-fageda#respond"]}]},{"@type":"WebPage","@id":"https:\/\/gastronomicament.cat\/ca\/nous-iogurts-sense-lactosa-amb-estevia-de-la-fageda","url":"https:\/\/gastronomicament.cat\/ca\/nous-iogurts-sense-lactosa-amb-estevia-de-la-fageda","name":"Nous iogurts sense lactosa i amb est\u00e8via de La Fageda","isPartOf":{"@id":"https:\/\/gastronomicament.cat\/ca\/#website"},"primaryImageOfPage":{"@id":"https:\/\/gastronomicament.cat\/ca\/nous-iogurts-sense-lactosa-amb-estevia-de-la-fageda#primaryimage"},"image":{"@id":"https:\/\/gastronomicament.cat\/ca\/nous-iogurts-sense-lactosa-amb-estevia-de-la-fageda#primaryimage"},"thumbnailUrl":"https:\/\/gastronomicament.cat\/wp-content\/uploads\/2016\/04\/nous-iogurts-descremats-i-amb-estevia.jpg","datePublished":"2016-04-25T22:09:26+00:00","dateModified":"2022-04-07T09:05:47+00:00","description":"Nous iogurts sense lactosa i amb est\u00e8via de La Fageda","inLanguage":"ca-ES","potentialAction":[{"@type":"ReadAction","target":["https:\/\/gastronomicament.cat\/ca\/nous-iogurts-sense-lactosa-amb-estevia-de-la-fageda"]}]},{"@type":"ImageObject","inLanguage":"ca-ES","@id":"https:\/\/gastronomicament.cat\/ca\/nous-iogurts-sense-lactosa-amb-estevia-de-la-fageda#primaryimage","url":"https:\/\/gastronomicament.cat\/wp-content\/uploads\/2016\/04\/nous-iogurts-descremats-i-amb-estevia.jpg","contentUrl":"https:\/\/gastronomicament.cat\/wp-content\/uploads\/2016\/04\/nous-iogurts-descremats-i-amb-estevia.jpg","width":640,"height":300},{"@type":"WebSite","@id":"https:\/\/gastronomicament.cat\/ca\/#website","url":"https:\/\/gastronomicament.cat\/ca\/","name":"Gastron\u00f2micament","description":"Portal de restaurants, receptes i actualitat gastron\u00f2mica","publisher":{"@id":"https:\/\/gastronomicament.cat\/ca\/#organization"},"potentialAction":[{"@type":"SearchAction","target":{"@type":"EntryPoint","urlTemplate":"https:\/\/gastronomicament.cat\/ca\/?s={search_term_string}"},"query-input":{"@type":"PropertyValueSpecification","valueRequired":true,"valueName":"search_term_string"}}],"inLanguage":"ca-ES"},{"@type":"Organization","@id":"https:\/\/gastronomicament.cat\/ca\/#organization","name":"Gastron\u00f2micament","url":"https:\/\/gastronomicament.cat\/ca\/","logo":{"@type":"ImageObject","inLanguage":"ca-ES","@id":"https:\/\/gastronomicament.cat\/ca\/#\/schema\/logo\/image\/","url":"https:\/\/gastronomicament.cat\/wp-content\/uploads\/2016\/09\/header-logo.jpg","contentUrl":"https:\/\/gastronomicament.cat\/wp-content\/uploads\/2016\/09\/header-logo.jpg","width":277,"height":39,"caption":"Gastron\u00f2micament"},"image":{"@id":"https:\/\/gastronomicament.cat\/ca\/#\/schema\/logo\/image\/"},"sameAs":["https:\/\/x.com\/gastronomicamen"]},{"@type":"Person","@id":"https:\/\/gastronomicament.cat\/ca\/#\/schema\/person\/a7c85c537a1ed62799a5b8e0f686a37f","name":"Redacci\u00f3","image":{"@type":"ImageObject","inLanguage":"ca-ES","@id":"https:\/\/secure.gravatar.com\/avatar\/9489a485c464fd611d33825daae651d13db70c4e74c65c94937a15a9d4c3ee14?s=96&d=mm&r=g69fea3cce3645dfa2166e7293e22955e","url":"https:\/\/secure.gravatar.com\/avatar\/9489a485c464fd611d33825daae651d13db70c4e74c65c94937a15a9d4c3ee14?s=96&d=mm&r=g","contentUrl":"https:\/\/secure.gravatar.com\/avatar\/9489a485c464fd611d33825daae651d13db70c4e74c65c94937a15a9d4c3ee14?s=96&d=mm&r=g","caption":"Redacci\u00f3"},"sameAs":["http:\/\/gastronomicament.cat"],"url":"https:\/\/gastronomicament.cat\/ca\/author\/admin"}]}},"_links":{"self":[{"href":"https:\/\/gastronomicament.cat\/ca\/wp-json\/wp\/v2\/posts\/17415","targetHints":{"allow":["GET"]}}],"collection":[{"href":"https:\/\/gastronomicament.cat\/ca\/wp-json\/wp\/v2\/posts"}],"about":[{"href":"https:\/\/gastronomicament.cat\/ca\/wp-json\/wp\/v2\/types\/post"}],"author":[{"embeddable":true,"href":"https:\/\/gastronomicament.cat\/ca\/wp-json\/wp\/v2\/users\/1"}],"replies":[{"embeddable":true,"href":"https:\/\/gastronomicament.cat\/ca\/wp-json\/wp\/v2\/comments?post=17415"}],"version-history":[{"count":0,"href":"https:\/\/gastronomicament.cat\/ca\/wp-json\/wp\/v2\/posts\/17415\/revisions"}],"wp:featuredmedia":[{"embeddable":true,"href":"https:\/\/gastronomicament.cat\/ca\/wp-json\/wp\/v2\/media\/17421"}],"wp:attachment":[{"href":"https:\/\/gastronomicament.cat\/ca\/wp-json\/wp\/v2\/media?parent=17415"}],"wp:term":[{"taxonomy":"category","embeddable":true,"href":"https:\/\/gastronomicament.cat\/ca\/wp-json\/wp\/v2\/categories?post=17415"},{"taxonomy":"post_tag","embeddable":true,"href":"https:\/\/gastronomicament.cat\/ca\/wp-json\/wp\/v2\/tags?post=17415"},{"taxonomy":"author","embeddable":true,"href":"https:\/\/gastronomicament.cat\/ca\/wp-json\/wp\/v2\/coauthors?post=17415"}],"curies":[{"name":"wp","href":"https:\/\/api.w.org\/{rel}","templated":true}]}}