{"id":17812,"date":"2016-07-07T01:52:01","date_gmt":"2016-07-06T23:52:01","guid":{"rendered":"http:\/\/gastronomicament.cat\/?p=17812"},"modified":"2022-04-07T11:06:04","modified_gmt":"2022-04-07T09:06:04","slug":"nova-carta-destiu-de-gelats-valls","status":"publish","type":"post","link":"https:\/\/gastronomicament.cat\/ca\/nova-carta-destiu-de-gelats-valls","title":{"rendered":"Nova carta d&#8217;estiu de Gelats Valls"},"content":{"rendered":"<p><a href=\"http:\/\/gastronomicament.cat\/wp-content\/uploads\/2016\/07\/nova-carta-gelats-valls-2016.jpg\"><img decoding=\"async\" class=\"alignleft  wp-image-17815\" style=\"margin: 6px;\" title=\"Nova carta Gelats Valls 2016\" src=\"http:\/\/gastronomicament.cat\/wp-content\/uploads\/2016\/07\/nova-carta-gelats-valls-2016-216x300.jpg\" alt=\"\" width=\"150\" \/><\/a>La <a title=\"Gelateria Gelats Valls\" href=\"http:\/\/gastronomicament.cat\/la-gelateria-de-gelats-valls\">Gelateria de Gelats Valls<\/a>, al Port de Pollen\u00e7a presenta la nova carta d&#8217;estiu. Hi trobareu un assortiment de temptacions que combinen els gelats artesans amb fruita i cookies.<\/p>\n<p>Les novetats que han preparat s\u00f3n:<\/p>\n<ul>\n<li><strong>Calaia<\/strong>: Tot ben batut i fresquet, ideal per espassar la calor.<\/li>\n<li><strong>Nono Valls<\/strong>: Segur que us sorpr\u00e8n.<\/li>\n<li><strong>Skinny:\u00a0<\/strong>Una temptaci\u00f3 amb molta fruita.<\/li>\n<li><strong>Sundays<\/strong>: La combinaci\u00f3 perfecte de fruites vermelles amb nata,<\/li>\n<li><strong>Banana Split<\/strong>: El pl\u00e0tan com a protagonista.<\/li>\n<li><strong>Brownie Deluxe<\/strong>: Una de les postres m\u00e9s sol\u00b7licitades tamb\u00e9 en format de copa de gelat.<\/li>\n<\/ul>\n<p>&nbsp;<\/p>\n<p>Tampoc no hi faltan les galletes sense gluten i gelats sense greix \ud83d\ude00<\/p>\n<p>Per\u00f2 aix\u00f2 no \u00e9s tot, tamb\u00e9 podeu sol\u00b7licitar la <strong>Fondue Party<\/strong> de xocolata ideal per a compartir, amb gelat, amb fruita natural, cookies, espongetes, fruits secs&#8230;<\/p>\n<p><a href=\"http:\/\/gastronomicament.cat\/wp-content\/uploads\/2016\/07\/fondue-party-gelats-valls.jpg\"><img decoding=\"async\" class=\"aligncenter size-full wp-image-17814\" title=\"fondue party Gelats Valls\" src=\"http:\/\/gastronomicament.cat\/wp-content\/uploads\/2016\/07\/fondue-party-gelats-valls.jpg\" alt=\"\" width=\"640\" height=\"473\" srcset=\"https:\/\/gastronomicament.cat\/wp-content\/uploads\/2016\/07\/fondue-party-gelats-valls.jpg 640w, https:\/\/gastronomicament.cat\/wp-content\/uploads\/2016\/07\/fondue-party-gelats-valls-300x222.jpg 300w, https:\/\/gastronomicament.cat\/wp-content\/uploads\/2016\/07\/fondue-party-gelats-valls-68x50.jpg 68w\" sizes=\"(max-width: 640px) 100vw, 640px\" \/><\/a><\/p>\n<p style=\"text-align: center;\">\n<p><!--more--><\/p>\n","protected":false},"excerpt":{"rendered":"<p>Hi trobareu un assortiment de temptacions.<\/p>\n","protected":false},"author":1,"featured_media":17813,"comment_status":"open","ping_status":"closed","sticky":false,"template":"","format":"gallery","meta":{"_acf_changed":false,"_swt_meta_header_display":false,"_swt_meta_footer_display":false,"_swt_meta_site_title_display":false,"_swt_meta_sticky_header":false,"_swt_meta_transparent_header":false,"footnotes":""},"categories":[692],"tags":[],"coauthors":[],"class_list":["post-17812","post","type-post","status-publish","format-gallery","has-post-thumbnail","hentry","category-actualitat","post_format-post-format-gallery"],"acf":{"gallery":null,"home_date":{"home_begin_date":null,"home_end_date":null}},"yoast_head":"<!-- This site is optimized with the Yoast SEO plugin v27.4 - https:\/\/yoast.com\/product\/yoast-seo-wordpress\/ -->\n<title>Nova carta d&#039;estiu de Gelats Valls<\/title>\n<meta name=\"description\" content=\"Nova carta d&#039;estiu de Gelats Valls\" \/>\n<meta name=\"robots\" content=\"index, follow, max-snippet:-1, max-image-preview:large, max-video-preview:-1\" \/>\n<link rel=\"canonical\" href=\"https:\/\/gastronomicament.cat\/ca\/nova-carta-destiu-de-gelats-valls\" \/>\n<meta property=\"og:locale\" content=\"ca_ES\" \/>\n<meta property=\"og:type\" content=\"article\" \/>\n<meta property=\"og:title\" content=\"Nova carta d&#039;estiu de Gelats Valls\" \/>\n<meta property=\"og:description\" content=\"Nova carta d&#039;estiu de Gelats Valls\" \/>\n<meta property=\"og:url\" content=\"https:\/\/gastronomicament.cat\/ca\/nova-carta-destiu-de-gelats-valls\" \/>\n<meta property=\"og:site_name\" content=\"Gastron\u00f2micament\" \/>\n<meta property=\"article:published_time\" content=\"2016-07-06T23:52:01+00:00\" \/>\n<meta property=\"article:modified_time\" content=\"2022-04-07T09:06:04+00:00\" \/>\n<meta property=\"og:image\" content=\"https:\/\/gastronomicament.cat\/wp-content\/uploads\/2016\/07\/nova-carta-estiu-gelats-valls-pollenca-2016.jpg\" \/>\n\t<meta property=\"og:image:width\" content=\"640\" \/>\n\t<meta property=\"og:image:height\" content=\"300\" \/>\n\t<meta property=\"og:image:type\" content=\"image\/jpeg\" \/>\n<meta name=\"author\" content=\"Redacci\u00f3\" \/>\n<meta name=\"twitter:card\" content=\"summary_large_image\" \/>\n<meta name=\"twitter:creator\" content=\"@gastronomicamen\" \/>\n<meta name=\"twitter:site\" content=\"@gastronomicamen\" \/>\n<meta name=\"twitter:label1\" content=\"Written by\" \/>\n\t<meta name=\"twitter:data1\" content=\"Redacci\u00f3\" \/>\n\t<meta name=\"twitter:label2\" content=\"Est. reading time\" \/>\n\t<meta name=\"twitter:data2\" content=\"1 minute\" \/>\n<script type=\"application\/ld+json\" class=\"yoast-schema-graph\">{\"@context\":\"https:\\\/\\\/schema.org\",\"@graph\":[{\"@type\":\"Article\",\"@id\":\"https:\\\/\\\/gastronomicament.cat\\\/ca\\\/nova-carta-destiu-de-gelats-valls#article\",\"isPartOf\":{\"@id\":\"https:\\\/\\\/gastronomicament.cat\\\/ca\\\/nova-carta-destiu-de-gelats-valls\"},\"author\":{\"name\":\"Redacci\u00f3\",\"@id\":\"https:\\\/\\\/gastronomicament.cat\\\/ca\\\/#\\\/schema\\\/person\\\/a7c85c537a1ed62799a5b8e0f686a37f\"},\"headline\":\"Nova carta d&#8217;estiu de Gelats Valls\",\"datePublished\":\"2016-07-06T23:52:01+00:00\",\"dateModified\":\"2022-04-07T09:06:04+00:00\",\"mainEntityOfPage\":{\"@id\":\"https:\\\/\\\/gastronomicament.cat\\\/ca\\\/nova-carta-destiu-de-gelats-valls\"},\"wordCount\":142,\"commentCount\":0,\"publisher\":{\"@id\":\"https:\\\/\\\/gastronomicament.cat\\\/ca\\\/#organization\"},\"image\":{\"@id\":\"https:\\\/\\\/gastronomicament.cat\\\/ca\\\/nova-carta-destiu-de-gelats-valls#primaryimage\"},\"thumbnailUrl\":\"https:\\\/\\\/gastronomicament.cat\\\/wp-content\\\/uploads\\\/2016\\\/07\\\/nova-carta-estiu-gelats-valls-pollenca-2016.jpg\",\"articleSection\":[\"Actualitat\"],\"inLanguage\":\"ca-ES\",\"potentialAction\":[{\"@type\":\"CommentAction\",\"name\":\"Comment\",\"target\":[\"https:\\\/\\\/gastronomicament.cat\\\/ca\\\/nova-carta-destiu-de-gelats-valls#respond\"]}]},{\"@type\":\"WebPage\",\"@id\":\"https:\\\/\\\/gastronomicament.cat\\\/ca\\\/nova-carta-destiu-de-gelats-valls\",\"url\":\"https:\\\/\\\/gastronomicament.cat\\\/ca\\\/nova-carta-destiu-de-gelats-valls\",\"name\":\"Nova carta d'estiu de Gelats Valls\",\"isPartOf\":{\"@id\":\"https:\\\/\\\/gastronomicament.cat\\\/ca\\\/#website\"},\"primaryImageOfPage\":{\"@id\":\"https:\\\/\\\/gastronomicament.cat\\\/ca\\\/nova-carta-destiu-de-gelats-valls#primaryimage\"},\"image\":{\"@id\":\"https:\\\/\\\/gastronomicament.cat\\\/ca\\\/nova-carta-destiu-de-gelats-valls#primaryimage\"},\"thumbnailUrl\":\"https:\\\/\\\/gastronomicament.cat\\\/wp-content\\\/uploads\\\/2016\\\/07\\\/nova-carta-estiu-gelats-valls-pollenca-2016.jpg\",\"datePublished\":\"2016-07-06T23:52:01+00:00\",\"dateModified\":\"2022-04-07T09:06:04+00:00\",\"description\":\"Nova carta d'estiu de Gelats Valls\",\"inLanguage\":\"ca-ES\",\"potentialAction\":[{\"@type\":\"ReadAction\",\"target\":[\"https:\\\/\\\/gastronomicament.cat\\\/ca\\\/nova-carta-destiu-de-gelats-valls\"]}]},{\"@type\":\"ImageObject\",\"inLanguage\":\"ca-ES\",\"@id\":\"https:\\\/\\\/gastronomicament.cat\\\/ca\\\/nova-carta-destiu-de-gelats-valls#primaryimage\",\"url\":\"https:\\\/\\\/gastronomicament.cat\\\/wp-content\\\/uploads\\\/2016\\\/07\\\/nova-carta-estiu-gelats-valls-pollenca-2016.jpg\",\"contentUrl\":\"https:\\\/\\\/gastronomicament.cat\\\/wp-content\\\/uploads\\\/2016\\\/07\\\/nova-carta-estiu-gelats-valls-pollenca-2016.jpg\",\"width\":640,\"height\":300},{\"@type\":\"WebSite\",\"@id\":\"https:\\\/\\\/gastronomicament.cat\\\/ca\\\/#website\",\"url\":\"https:\\\/\\\/gastronomicament.cat\\\/ca\\\/\",\"name\":\"Gastron\u00f2micament\",\"description\":\"Portal de restaurants, receptes i actualitat gastron\u00f2mica\",\"publisher\":{\"@id\":\"https:\\\/\\\/gastronomicament.cat\\\/ca\\\/#organization\"},\"potentialAction\":[{\"@type\":\"SearchAction\",\"target\":{\"@type\":\"EntryPoint\",\"urlTemplate\":\"https:\\\/\\\/gastronomicament.cat\\\/ca\\\/?s={search_term_string}\"},\"query-input\":{\"@type\":\"PropertyValueSpecification\",\"valueRequired\":true,\"valueName\":\"search_term_string\"}}],\"inLanguage\":\"ca-ES\"},{\"@type\":\"Organization\",\"@id\":\"https:\\\/\\\/gastronomicament.cat\\\/ca\\\/#organization\",\"name\":\"Gastron\u00f2micament\",\"url\":\"https:\\\/\\\/gastronomicament.cat\\\/ca\\\/\",\"logo\":{\"@type\":\"ImageObject\",\"inLanguage\":\"ca-ES\",\"@id\":\"https:\\\/\\\/gastronomicament.cat\\\/ca\\\/#\\\/schema\\\/logo\\\/image\\\/\",\"url\":\"https:\\\/\\\/gastronomicament.cat\\\/wp-content\\\/uploads\\\/2016\\\/09\\\/header-logo.jpg\",\"contentUrl\":\"https:\\\/\\\/gastronomicament.cat\\\/wp-content\\\/uploads\\\/2016\\\/09\\\/header-logo.jpg\",\"width\":277,\"height\":39,\"caption\":\"Gastron\u00f2micament\"},\"image\":{\"@id\":\"https:\\\/\\\/gastronomicament.cat\\\/ca\\\/#\\\/schema\\\/logo\\\/image\\\/\"},\"sameAs\":[\"https:\\\/\\\/x.com\\\/gastronomicamen\"]},{\"@type\":\"Person\",\"@id\":\"https:\\\/\\\/gastronomicament.cat\\\/ca\\\/#\\\/schema\\\/person\\\/a7c85c537a1ed62799a5b8e0f686a37f\",\"name\":\"Redacci\u00f3\",\"image\":{\"@type\":\"ImageObject\",\"inLanguage\":\"ca-ES\",\"@id\":\"https:\\\/\\\/secure.gravatar.com\\\/avatar\\\/9489a485c464fd611d33825daae651d13db70c4e74c65c94937a15a9d4c3ee14?s=96&d=mm&r=g69fea3cce3645dfa2166e7293e22955e\",\"url\":\"https:\\\/\\\/secure.gravatar.com\\\/avatar\\\/9489a485c464fd611d33825daae651d13db70c4e74c65c94937a15a9d4c3ee14?s=96&d=mm&r=g\",\"contentUrl\":\"https:\\\/\\\/secure.gravatar.com\\\/avatar\\\/9489a485c464fd611d33825daae651d13db70c4e74c65c94937a15a9d4c3ee14?s=96&d=mm&r=g\",\"caption\":\"Redacci\u00f3\"},\"sameAs\":[\"http:\\\/\\\/gastronomicament.cat\"],\"url\":\"https:\\\/\\\/gastronomicament.cat\\\/ca\\\/author\\\/admin\"}]}<\/script>\n<!-- \/ Yoast SEO plugin. -->","yoast_head_json":{"title":"Nova carta d'estiu de Gelats Valls","description":"Nova carta d'estiu de Gelats Valls","robots":{"index":"index","follow":"follow","max-snippet":"max-snippet:-1","max-image-preview":"max-image-preview:large","max-video-preview":"max-video-preview:-1"},"canonical":"https:\/\/gastronomicament.cat\/ca\/nova-carta-destiu-de-gelats-valls","og_locale":"ca_ES","og_type":"article","og_title":"Nova carta d'estiu de Gelats Valls","og_description":"Nova carta d'estiu de Gelats Valls","og_url":"https:\/\/gastronomicament.cat\/ca\/nova-carta-destiu-de-gelats-valls","og_site_name":"Gastron\u00f2micament","article_published_time":"2016-07-06T23:52:01+00:00","article_modified_time":"2022-04-07T09:06:04+00:00","og_image":[{"width":640,"height":300,"url":"https:\/\/gastronomicament.cat\/wp-content\/uploads\/2016\/07\/nova-carta-estiu-gelats-valls-pollenca-2016.jpg","type":"image\/jpeg"}],"author":"Redacci\u00f3","twitter_card":"summary_large_image","twitter_creator":"@gastronomicamen","twitter_site":"@gastronomicamen","twitter_misc":{"Written by":"Redacci\u00f3","Est. reading time":"1 minute"},"schema":{"@context":"https:\/\/schema.org","@graph":[{"@type":"Article","@id":"https:\/\/gastronomicament.cat\/ca\/nova-carta-destiu-de-gelats-valls#article","isPartOf":{"@id":"https:\/\/gastronomicament.cat\/ca\/nova-carta-destiu-de-gelats-valls"},"author":{"name":"Redacci\u00f3","@id":"https:\/\/gastronomicament.cat\/ca\/#\/schema\/person\/a7c85c537a1ed62799a5b8e0f686a37f"},"headline":"Nova carta d&#8217;estiu de Gelats Valls","datePublished":"2016-07-06T23:52:01+00:00","dateModified":"2022-04-07T09:06:04+00:00","mainEntityOfPage":{"@id":"https:\/\/gastronomicament.cat\/ca\/nova-carta-destiu-de-gelats-valls"},"wordCount":142,"commentCount":0,"publisher":{"@id":"https:\/\/gastronomicament.cat\/ca\/#organization"},"image":{"@id":"https:\/\/gastronomicament.cat\/ca\/nova-carta-destiu-de-gelats-valls#primaryimage"},"thumbnailUrl":"https:\/\/gastronomicament.cat\/wp-content\/uploads\/2016\/07\/nova-carta-estiu-gelats-valls-pollenca-2016.jpg","articleSection":["Actualitat"],"inLanguage":"ca-ES","potentialAction":[{"@type":"CommentAction","name":"Comment","target":["https:\/\/gastronomicament.cat\/ca\/nova-carta-destiu-de-gelats-valls#respond"]}]},{"@type":"WebPage","@id":"https:\/\/gastronomicament.cat\/ca\/nova-carta-destiu-de-gelats-valls","url":"https:\/\/gastronomicament.cat\/ca\/nova-carta-destiu-de-gelats-valls","name":"Nova carta d'estiu de Gelats Valls","isPartOf":{"@id":"https:\/\/gastronomicament.cat\/ca\/#website"},"primaryImageOfPage":{"@id":"https:\/\/gastronomicament.cat\/ca\/nova-carta-destiu-de-gelats-valls#primaryimage"},"image":{"@id":"https:\/\/gastronomicament.cat\/ca\/nova-carta-destiu-de-gelats-valls#primaryimage"},"thumbnailUrl":"https:\/\/gastronomicament.cat\/wp-content\/uploads\/2016\/07\/nova-carta-estiu-gelats-valls-pollenca-2016.jpg","datePublished":"2016-07-06T23:52:01+00:00","dateModified":"2022-04-07T09:06:04+00:00","description":"Nova carta d'estiu de Gelats Valls","inLanguage":"ca-ES","potentialAction":[{"@type":"ReadAction","target":["https:\/\/gastronomicament.cat\/ca\/nova-carta-destiu-de-gelats-valls"]}]},{"@type":"ImageObject","inLanguage":"ca-ES","@id":"https:\/\/gastronomicament.cat\/ca\/nova-carta-destiu-de-gelats-valls#primaryimage","url":"https:\/\/gastronomicament.cat\/wp-content\/uploads\/2016\/07\/nova-carta-estiu-gelats-valls-pollenca-2016.jpg","contentUrl":"https:\/\/gastronomicament.cat\/wp-content\/uploads\/2016\/07\/nova-carta-estiu-gelats-valls-pollenca-2016.jpg","width":640,"height":300},{"@type":"WebSite","@id":"https:\/\/gastronomicament.cat\/ca\/#website","url":"https:\/\/gastronomicament.cat\/ca\/","name":"Gastron\u00f2micament","description":"Portal de restaurants, receptes i actualitat gastron\u00f2mica","publisher":{"@id":"https:\/\/gastronomicament.cat\/ca\/#organization"},"potentialAction":[{"@type":"SearchAction","target":{"@type":"EntryPoint","urlTemplate":"https:\/\/gastronomicament.cat\/ca\/?s={search_term_string}"},"query-input":{"@type":"PropertyValueSpecification","valueRequired":true,"valueName":"search_term_string"}}],"inLanguage":"ca-ES"},{"@type":"Organization","@id":"https:\/\/gastronomicament.cat\/ca\/#organization","name":"Gastron\u00f2micament","url":"https:\/\/gastronomicament.cat\/ca\/","logo":{"@type":"ImageObject","inLanguage":"ca-ES","@id":"https:\/\/gastronomicament.cat\/ca\/#\/schema\/logo\/image\/","url":"https:\/\/gastronomicament.cat\/wp-content\/uploads\/2016\/09\/header-logo.jpg","contentUrl":"https:\/\/gastronomicament.cat\/wp-content\/uploads\/2016\/09\/header-logo.jpg","width":277,"height":39,"caption":"Gastron\u00f2micament"},"image":{"@id":"https:\/\/gastronomicament.cat\/ca\/#\/schema\/logo\/image\/"},"sameAs":["https:\/\/x.com\/gastronomicamen"]},{"@type":"Person","@id":"https:\/\/gastronomicament.cat\/ca\/#\/schema\/person\/a7c85c537a1ed62799a5b8e0f686a37f","name":"Redacci\u00f3","image":{"@type":"ImageObject","inLanguage":"ca-ES","@id":"https:\/\/secure.gravatar.com\/avatar\/9489a485c464fd611d33825daae651d13db70c4e74c65c94937a15a9d4c3ee14?s=96&d=mm&r=g69fea3cce3645dfa2166e7293e22955e","url":"https:\/\/secure.gravatar.com\/avatar\/9489a485c464fd611d33825daae651d13db70c4e74c65c94937a15a9d4c3ee14?s=96&d=mm&r=g","contentUrl":"https:\/\/secure.gravatar.com\/avatar\/9489a485c464fd611d33825daae651d13db70c4e74c65c94937a15a9d4c3ee14?s=96&d=mm&r=g","caption":"Redacci\u00f3"},"sameAs":["http:\/\/gastronomicament.cat"],"url":"https:\/\/gastronomicament.cat\/ca\/author\/admin"}]}},"_links":{"self":[{"href":"https:\/\/gastronomicament.cat\/ca\/wp-json\/wp\/v2\/posts\/17812","targetHints":{"allow":["GET"]}}],"collection":[{"href":"https:\/\/gastronomicament.cat\/ca\/wp-json\/wp\/v2\/posts"}],"about":[{"href":"https:\/\/gastronomicament.cat\/ca\/wp-json\/wp\/v2\/types\/post"}],"author":[{"embeddable":true,"href":"https:\/\/gastronomicament.cat\/ca\/wp-json\/wp\/v2\/users\/1"}],"replies":[{"embeddable":true,"href":"https:\/\/gastronomicament.cat\/ca\/wp-json\/wp\/v2\/comments?post=17812"}],"version-history":[{"count":0,"href":"https:\/\/gastronomicament.cat\/ca\/wp-json\/wp\/v2\/posts\/17812\/revisions"}],"wp:featuredmedia":[{"embeddable":true,"href":"https:\/\/gastronomicament.cat\/ca\/wp-json\/wp\/v2\/media\/17813"}],"wp:attachment":[{"href":"https:\/\/gastronomicament.cat\/ca\/wp-json\/wp\/v2\/media?parent=17812"}],"wp:term":[{"taxonomy":"category","embeddable":true,"href":"https:\/\/gastronomicament.cat\/ca\/wp-json\/wp\/v2\/categories?post=17812"},{"taxonomy":"post_tag","embeddable":true,"href":"https:\/\/gastronomicament.cat\/ca\/wp-json\/wp\/v2\/tags?post=17812"},{"taxonomy":"author","embeddable":true,"href":"https:\/\/gastronomicament.cat\/ca\/wp-json\/wp\/v2\/coauthors?post=17812"}],"curies":[{"name":"wp","href":"https:\/\/api.w.org\/{rel}","templated":true}]}}