{"id":18958,"date":"2017-02-21T11:50:10","date_gmt":"2017-02-21T10:50:10","guid":{"rendered":"http:\/\/gastronomicament.cat\/?p=18958"},"modified":"2022-04-07T11:07:22","modified_gmt":"2022-04-07T09:07:22","slug":"activitats-gastronomiques-amb-motiu-del-dia-de-les-illes-balears","status":"publish","type":"post","link":"https:\/\/gastronomicament.cat\/ca\/activitats-gastronomiques-amb-motiu-del-dia-de-les-illes-balears","title":{"rendered":"Activitats gastron\u00f2miques amb motiu del Dia de les Illes Balears"},"content":{"rendered":"<p>Amb motiu del Dia de les Illes Balears s&#8217;han programat diferents actes, d&#8217;entre les quals no hi falten les activitats gastron\u00f2miques. Hi haur\u00e0 degustacions, concurs de menjar ensa\u00efmades, vermut, rutes comentades, entre altres.<\/p>\n<p>No hi faltaran els productes locals i els cuiners, com el showcooking de Galletes Gori de Muro amb el cuiner Miquel Calent i vi de la Terra.<\/p>\n<p>Us facilitam les activitats gastron\u00f2miques de Mallorca, Menorca, Eivissa i Formentera a continuaci\u00f3:<\/p>\n<h4><strong>MALLORCA<\/strong><\/h4>\n<p>26 DE FEBRER<\/p>\n<p><em>De 13 a 15.00 h<\/em><\/p>\n<p><strong>Show Cooking Gori de Muro + Miquel Calent + vi de la terra<\/strong>\u00a026 de febrer, amenitzat per Jorge Neila Jazz, als Jardins de s&#8217;Hort del Rei &#8211; Parc de la Mar<\/p>\n<p>&nbsp;<\/p>\n<p><em>De 12.30 \u00a0a 16 h\u00a0<\/em><\/p>\n<p><strong>Hora del vermut i swing<\/strong>, amb el grup Monkey Doo. Entrada lliure \u00a0Pati del Consolat i entrada al pati del Consolat<\/p>\n<p>&nbsp;<\/p>\n<p><em>A partir de les 10 h<\/em><\/p>\n<p><strong>Concurs de menjar ensa\u00efmades<\/strong>, amb diferents categories. Zona de la fira de promoci\u00f3 del producte DO\/IGP (Parc de la Mar)<\/p>\n<p>&nbsp;<\/p>\n<p>28 DE FEBRER i 2 i 3 DE MAR\u00c7<\/p>\n<p><strong>Setmana Gastron\u00f2mica de les Illes Balears<\/strong>\u00a0a l&#8217;Escola d&#8217;Hoteleria de les Illes Balears. M\u00e9s info:\u00a0<a href=\"http:\/\/www.ehib.es\/\">www.ehib.es<\/a><\/p>\n<ul>\n<li>Dia 28 de febrer, Mostra de cocteleria Illes Balears. Gratu\u00eft<\/li>\n<li>Dies 28 de febrer, 2 i 3 de mar\u00e7, men\u00fa especial Quatre Illes, a l&#8217;aula restaurant Miramar.<\/li>\n<li>Dia 2 de mar\u00e7, taller de cuina &#8220;Sabors de les Illes Balears a la cuina actual. Preu: 20 euros<\/li>\n<li>Dia 2 de mar\u00e7, confer\u00e8ncia &#8220;Hist\u00f2ria de la Cuina Balear&#8221;, per D. Miquel Vicens. Gratu\u00eft<\/li>\n<li>Dia 3 de mar\u00e7, gran bufet per dinar tipus c\u00f2ctel de cuina tradicional balear, amb vi incl\u00f2s. Preu 18 euros.<\/li>\n<li>Dia 3 de mar\u00e7, tast de c\u00f2ctels i xerrada del mestre artes\u00e0 destil\u00b7lador Josep M. Natta. Preu: 5 euros<\/li>\n<\/ul>\n<p>Inscripcions i m\u00e9s informaci\u00f3: 971 17 26 08<\/p>\n<p>&nbsp;<\/p>\n<p>28 DE FEBRER<\/p>\n<p><em>A les 20 h<\/em><\/p>\n<p><strong>Pecatta Minuta Limited Edition<\/strong>\u00a0Chefs(in), al Teatre de Lloseta<\/p>\n<p>&nbsp;<\/p>\n<p>1 DE MAR\u00c7<\/p>\n<p><em>A les 10 h i a les 12.30 h<\/em><\/p>\n<p><strong>Ruta comentada del patrimoni gastron\u00f2mic conventual<\/strong>\u00a0a Felanitx. Informaci\u00f3 i reserves:\u00a0971 718 786<\/p>\n<p>&nbsp;<\/p>\n<p><em>A les 10 h<\/em><\/p>\n<p><strong>Ruta comentada del patrimoni gastron\u00f2mic conventual<\/strong>\u00a0a Palma. 3 Serveis Culturals (c\/ de la Corderia, 15). Visites al monestir de Santa Magdalena i casa mare de la congregaci\u00f3 de la Puresa. Informaci\u00f3 i reserves:\u00a0971 718 786<\/p>\n<p>&nbsp;<\/p>\n<p><em>De 12.30 a 16 h<\/em><\/p>\n<p>Tast de begudes de les Illes Balears m\u00e9s concert Salvatge Cor. Entrada lliure, al pati del Consolat i entrada al pati del Consolat<\/p>\n<p>&nbsp;<\/p>\n<div><i>A les 13 hores<\/i><\/div>\n<div><b>Show cooking amb Oli de Mallorca<\/b> a c\u00e0rrec de Ricardo Rossi, al recinte de la Fira de Productes Tradicional de les Illes Balears<\/div>\n<div><\/div>\n<p><em>A les 17.30 h\u00a0<\/em><\/p>\n<p>Ballada popular amb el grup Ballugall i posterior\u00a0<strong>xocolatada i bunyols<\/strong>, al\u00a0Claustre de Sant Domingo (Pollen\u00e7a)<\/p>\n<p>&nbsp;<\/p>\n<p>DEL 26 DE FEBRER A L&#8217;1 DE MAR\u00c7,<\/p>\n<p><em>De 8.30 h a 22 h Parc de la Mar<\/em><\/p>\n<p><strong>Fira de promoci\u00f3 del producte amb Denominaci\u00f3 d&#8217;Origen i Indicaci\u00f3 Geogr\u00e0fica Protegida<\/strong>\u00a0fet a les Illes Balears (exposici\u00f3, degustaci\u00f3, promoci\u00f3 i divulgaci\u00f3 de les empreses participants i campanya d&#8217;est\u00edmul al producte local)<\/p>\n<p>&nbsp;<\/p>\n<h4>MENORCA<\/h4>\n<p>DE L&#8217;1 AL 5 DE MAR\u00c7<\/p>\n<p><strong>Jornades gastron\u00f2miques de producte menorqu\u00ed<\/strong>\u00a0de temporada. Men\u00fa degustaci\u00f3 als restaurants adherits<\/p>\n<p>&nbsp;<\/p>\n<p>DIA 3 DE MAR\u00c7<\/p>\n<p><em>A les 19.30 h<\/em><\/p>\n<p>Confer\u00e8ncia sobre cuina hist\u00f2rica i tradicional d&#8217;Eivissa, a c\u00e0rrec de Pere Serra, del Restaurant Sa Nansa, a la sala de plens de l&#8217;Ajuntament des Castell. Demostraci\u00f3 gastron\u00f2mica i tast. Intercanvi amb l&#8217;Associaci\u00f3 Fra Roger<\/p>\n<p>&nbsp;<\/p>\n<p><em>A les 19.30 h<\/em><\/p>\n<p>Intercanvi gastron\u00f2mic i cultural amb Eivissa, amb el cuiner Pere Torresa a es Castell<\/p>\n<p>&nbsp;<\/p>\n<h4><strong>EIVISSA<\/strong><\/h4>\n<p>1 DE MAR\u00c7<\/p>\n<p><em>A les 13 h<\/em><\/p>\n<p><strong>Exhibici\u00f3 gastron\u00f2mica corsaria de Menorca<\/strong>, a l&#8217;antiga casa Consistorial de Sant Joan de Labritja.<\/p>\n<p>&nbsp;<\/p>\n<p><em>A les 15 h<\/em><\/p>\n<p><strong>Gran dinar popular<\/strong>,a l&#8217;Hip\u00f2drom de Sant Rafel<\/p>\n<p>&nbsp;<\/p>\n<p><em>De 18 a 20 h<\/em><\/p>\n<p><strong>Intercanvi gastron\u00f2mic amb Menorca<\/strong>, Fra Rofer a Eivissa i demostraci\u00f3 gastron\u00f2mica, a l&#8217;Hipodrom Sant Rafel<\/p>\n<p>&nbsp;<\/p>\n<h4><strong>FORMENTERA<\/strong><\/h4>\n<p>1 DE MAR\u00c7<\/p>\n<p><em>A les 14 h<\/em><\/p>\n<p><strong>Gran paella popular<\/strong>, adults 15\u20ac nens 10\u20ac destinats AECC, inscripcions al Poliesportiu Antoni Blanc. Envelat del p\u00e0rking de Sa Senienta<\/p>\n<p>&nbsp;<\/p>\n","protected":false},"excerpt":{"rendered":"<p>Amb motiu del Dia de les Illes Balears s&#8217;han programat diferents actes, d&#8217;entre les quals no&hellip;<\/p>\n","protected":false},"author":1,"featured_media":18959,"comment_status":"open","ping_status":"closed","sticky":false,"template":"","format":"standard","meta":{"_acf_changed":false,"_swt_meta_header_display":false,"_swt_meta_footer_display":false,"_swt_meta_site_title_display":false,"_swt_meta_sticky_header":false,"_swt_meta_transparent_header":false,"footnotes":""},"categories":[692],"tags":[],"coauthors":[],"class_list":["post-18958","post","type-post","status-publish","format-standard","has-post-thumbnail","hentry","category-actualitat"],"acf":{"gallery":null,"home_date":{"home_begin_date":null,"home_end_date":null}},"yoast_head":"<!-- This site is optimized with the Yoast SEO plugin v27.4 - https:\/\/yoast.com\/product\/yoast-seo-wordpress\/ -->\n<title>Activitats gastron\u00f2miques amb motiu del Dia de les Illes Balears - Gastron\u00f2micament<\/title>\n<meta name=\"description\" content=\"Activitats gastron\u00f2miques amb motiu del Dia de les Illes Balears Actualitat Amb motiu del Dia de les Illes Balears s&#039;han programat diferents actes, d&#039;entre les quals no hi falten les activitats gastron\u00f2miques. Hi haur\u00e0 degustacions, concurs de menjar ensa\u00efmades, vermut, rutes comentades, entre altres.\" \/>\n<meta name=\"robots\" content=\"index, follow, max-snippet:-1, max-image-preview:large, max-video-preview:-1\" \/>\n<link rel=\"canonical\" href=\"https:\/\/gastronomicament.cat\/ca\/activitats-gastronomiques-amb-motiu-del-dia-de-les-illes-balears\" \/>\n<meta property=\"og:locale\" content=\"ca_ES\" \/>\n<meta property=\"og:type\" content=\"article\" \/>\n<meta property=\"og:title\" content=\"Activitats gastron\u00f2miques amb motiu del Dia de les Illes Balears - Gastron\u00f2micament\" \/>\n<meta property=\"og:description\" content=\"Activitats gastron\u00f2miques amb motiu del Dia de les Illes Balears Actualitat Amb motiu del Dia de les Illes Balears s&#039;han programat diferents actes, d&#039;entre les quals no hi falten les activitats gastron\u00f2miques. Hi haur\u00e0 degustacions, concurs de menjar ensa\u00efmades, vermut, rutes comentades, entre altres.\" \/>\n<meta property=\"og:url\" content=\"https:\/\/gastronomicament.cat\/ca\/activitats-gastronomiques-amb-motiu-del-dia-de-les-illes-balears\" \/>\n<meta property=\"og:site_name\" content=\"Gastron\u00f2micament\" \/>\n<meta property=\"article:published_time\" content=\"2017-02-21T10:50:10+00:00\" \/>\n<meta property=\"article:modified_time\" content=\"2022-04-07T09:07:22+00:00\" \/>\n<meta property=\"og:image\" content=\"https:\/\/gastronomicament.cat\/wp-content\/uploads\/2017\/02\/Showcooking-Miquel-Calent-Galletes-Gori-de-Muro.jpg\" \/>\n\t<meta property=\"og:image:width\" content=\"679\" \/>\n\t<meta property=\"og:image:height\" content=\"387\" \/>\n\t<meta property=\"og:image:type\" content=\"image\/jpeg\" \/>\n<meta name=\"author\" content=\"Redacci\u00f3\" \/>\n<meta name=\"twitter:card\" content=\"summary_large_image\" \/>\n<meta name=\"twitter:creator\" content=\"@gastronomicamen\" \/>\n<meta name=\"twitter:site\" content=\"@gastronomicamen\" \/>\n<meta name=\"twitter:label1\" content=\"Written by\" \/>\n\t<meta name=\"twitter:data1\" content=\"Redacci\u00f3\" \/>\n\t<meta name=\"twitter:label2\" content=\"Est. reading time\" \/>\n\t<meta name=\"twitter:data2\" content=\"3 minutes\" \/>\n<script type=\"application\/ld+json\" class=\"yoast-schema-graph\">{\"@context\":\"https:\\\/\\\/schema.org\",\"@graph\":[{\"@type\":\"Article\",\"@id\":\"https:\\\/\\\/gastronomicament.cat\\\/ca\\\/activitats-gastronomiques-amb-motiu-del-dia-de-les-illes-balears#article\",\"isPartOf\":{\"@id\":\"https:\\\/\\\/gastronomicament.cat\\\/ca\\\/activitats-gastronomiques-amb-motiu-del-dia-de-les-illes-balears\"},\"author\":{\"name\":\"Redacci\u00f3\",\"@id\":\"https:\\\/\\\/gastronomicament.cat\\\/ca\\\/#\\\/schema\\\/person\\\/a7c85c537a1ed62799a5b8e0f686a37f\"},\"headline\":\"Activitats gastron\u00f2miques amb motiu del Dia de les Illes Balears\",\"datePublished\":\"2017-02-21T10:50:10+00:00\",\"dateModified\":\"2022-04-07T09:07:22+00:00\",\"mainEntityOfPage\":{\"@id\":\"https:\\\/\\\/gastronomicament.cat\\\/ca\\\/activitats-gastronomiques-amb-motiu-del-dia-de-les-illes-balears\"},\"wordCount\":673,\"commentCount\":0,\"publisher\":{\"@id\":\"https:\\\/\\\/gastronomicament.cat\\\/ca\\\/#organization\"},\"image\":{\"@id\":\"https:\\\/\\\/gastronomicament.cat\\\/ca\\\/activitats-gastronomiques-amb-motiu-del-dia-de-les-illes-balears#primaryimage\"},\"thumbnailUrl\":\"https:\\\/\\\/gastronomicament.cat\\\/wp-content\\\/uploads\\\/2017\\\/02\\\/Showcooking-Miquel-Calent-Galletes-Gori-de-Muro.jpg\",\"articleSection\":[\"Actualitat\"],\"inLanguage\":\"ca-ES\",\"potentialAction\":[{\"@type\":\"CommentAction\",\"name\":\"Comment\",\"target\":[\"https:\\\/\\\/gastronomicament.cat\\\/ca\\\/activitats-gastronomiques-amb-motiu-del-dia-de-les-illes-balears#respond\"]}]},{\"@type\":\"WebPage\",\"@id\":\"https:\\\/\\\/gastronomicament.cat\\\/ca\\\/activitats-gastronomiques-amb-motiu-del-dia-de-les-illes-balears\",\"url\":\"https:\\\/\\\/gastronomicament.cat\\\/ca\\\/activitats-gastronomiques-amb-motiu-del-dia-de-les-illes-balears\",\"name\":\"Activitats gastron\u00f2miques amb motiu del Dia de les Illes Balears - Gastron\u00f2micament\",\"isPartOf\":{\"@id\":\"https:\\\/\\\/gastronomicament.cat\\\/ca\\\/#website\"},\"primaryImageOfPage\":{\"@id\":\"https:\\\/\\\/gastronomicament.cat\\\/ca\\\/activitats-gastronomiques-amb-motiu-del-dia-de-les-illes-balears#primaryimage\"},\"image\":{\"@id\":\"https:\\\/\\\/gastronomicament.cat\\\/ca\\\/activitats-gastronomiques-amb-motiu-del-dia-de-les-illes-balears#primaryimage\"},\"thumbnailUrl\":\"https:\\\/\\\/gastronomicament.cat\\\/wp-content\\\/uploads\\\/2017\\\/02\\\/Showcooking-Miquel-Calent-Galletes-Gori-de-Muro.jpg\",\"datePublished\":\"2017-02-21T10:50:10+00:00\",\"dateModified\":\"2022-04-07T09:07:22+00:00\",\"description\":\"Activitats gastron\u00f2miques amb motiu del Dia de les Illes Balears Actualitat Amb motiu del Dia de les Illes Balears s'han programat diferents actes, d'entre les quals no hi falten les activitats gastron\u00f2miques. Hi haur\u00e0 degustacions, concurs de menjar ensa\u00efmades, vermut, rutes comentades, entre altres.\",\"inLanguage\":\"ca-ES\",\"potentialAction\":[{\"@type\":\"ReadAction\",\"target\":[\"https:\\\/\\\/gastronomicament.cat\\\/ca\\\/activitats-gastronomiques-amb-motiu-del-dia-de-les-illes-balears\"]}]},{\"@type\":\"ImageObject\",\"inLanguage\":\"ca-ES\",\"@id\":\"https:\\\/\\\/gastronomicament.cat\\\/ca\\\/activitats-gastronomiques-amb-motiu-del-dia-de-les-illes-balears#primaryimage\",\"url\":\"https:\\\/\\\/gastronomicament.cat\\\/wp-content\\\/uploads\\\/2017\\\/02\\\/Showcooking-Miquel-Calent-Galletes-Gori-de-Muro.jpg\",\"contentUrl\":\"https:\\\/\\\/gastronomicament.cat\\\/wp-content\\\/uploads\\\/2017\\\/02\\\/Showcooking-Miquel-Calent-Galletes-Gori-de-Muro.jpg\",\"width\":679,\"height\":387},{\"@type\":\"WebSite\",\"@id\":\"https:\\\/\\\/gastronomicament.cat\\\/ca\\\/#website\",\"url\":\"https:\\\/\\\/gastronomicament.cat\\\/ca\\\/\",\"name\":\"Gastron\u00f2micament\",\"description\":\"Portal de restaurants, receptes i actualitat gastron\u00f2mica\",\"publisher\":{\"@id\":\"https:\\\/\\\/gastronomicament.cat\\\/ca\\\/#organization\"},\"potentialAction\":[{\"@type\":\"SearchAction\",\"target\":{\"@type\":\"EntryPoint\",\"urlTemplate\":\"https:\\\/\\\/gastronomicament.cat\\\/ca\\\/?s={search_term_string}\"},\"query-input\":{\"@type\":\"PropertyValueSpecification\",\"valueRequired\":true,\"valueName\":\"search_term_string\"}}],\"inLanguage\":\"ca-ES\"},{\"@type\":\"Organization\",\"@id\":\"https:\\\/\\\/gastronomicament.cat\\\/ca\\\/#organization\",\"name\":\"Gastron\u00f2micament\",\"url\":\"https:\\\/\\\/gastronomicament.cat\\\/ca\\\/\",\"logo\":{\"@type\":\"ImageObject\",\"inLanguage\":\"ca-ES\",\"@id\":\"https:\\\/\\\/gastronomicament.cat\\\/ca\\\/#\\\/schema\\\/logo\\\/image\\\/\",\"url\":\"https:\\\/\\\/gastronomicament.cat\\\/wp-content\\\/uploads\\\/2016\\\/09\\\/header-logo.jpg\",\"contentUrl\":\"https:\\\/\\\/gastronomicament.cat\\\/wp-content\\\/uploads\\\/2016\\\/09\\\/header-logo.jpg\",\"width\":277,\"height\":39,\"caption\":\"Gastron\u00f2micament\"},\"image\":{\"@id\":\"https:\\\/\\\/gastronomicament.cat\\\/ca\\\/#\\\/schema\\\/logo\\\/image\\\/\"},\"sameAs\":[\"https:\\\/\\\/x.com\\\/gastronomicamen\"]},{\"@type\":\"Person\",\"@id\":\"https:\\\/\\\/gastronomicament.cat\\\/ca\\\/#\\\/schema\\\/person\\\/a7c85c537a1ed62799a5b8e0f686a37f\",\"name\":\"Redacci\u00f3\",\"image\":{\"@type\":\"ImageObject\",\"inLanguage\":\"ca-ES\",\"@id\":\"https:\\\/\\\/secure.gravatar.com\\\/avatar\\\/9489a485c464fd611d33825daae651d13db70c4e74c65c94937a15a9d4c3ee14?s=96&d=mm&r=g69fea3cce3645dfa2166e7293e22955e\",\"url\":\"https:\\\/\\\/secure.gravatar.com\\\/avatar\\\/9489a485c464fd611d33825daae651d13db70c4e74c65c94937a15a9d4c3ee14?s=96&d=mm&r=g\",\"contentUrl\":\"https:\\\/\\\/secure.gravatar.com\\\/avatar\\\/9489a485c464fd611d33825daae651d13db70c4e74c65c94937a15a9d4c3ee14?s=96&d=mm&r=g\",\"caption\":\"Redacci\u00f3\"},\"sameAs\":[\"http:\\\/\\\/gastronomicament.cat\"],\"url\":\"https:\\\/\\\/gastronomicament.cat\\\/ca\\\/author\\\/admin\"}]}<\/script>\n<!-- \/ Yoast SEO plugin. -->","yoast_head_json":{"title":"Activitats gastron\u00f2miques amb motiu del Dia de les Illes Balears - Gastron\u00f2micament","description":"Activitats gastron\u00f2miques amb motiu del Dia de les Illes Balears Actualitat Amb motiu del Dia de les Illes Balears s'han programat diferents actes, d'entre les quals no hi falten les activitats gastron\u00f2miques. Hi haur\u00e0 degustacions, concurs de menjar ensa\u00efmades, vermut, rutes comentades, entre altres.","robots":{"index":"index","follow":"follow","max-snippet":"max-snippet:-1","max-image-preview":"max-image-preview:large","max-video-preview":"max-video-preview:-1"},"canonical":"https:\/\/gastronomicament.cat\/ca\/activitats-gastronomiques-amb-motiu-del-dia-de-les-illes-balears","og_locale":"ca_ES","og_type":"article","og_title":"Activitats gastron\u00f2miques amb motiu del Dia de les Illes Balears - Gastron\u00f2micament","og_description":"Activitats gastron\u00f2miques amb motiu del Dia de les Illes Balears Actualitat Amb motiu del Dia de les Illes Balears s'han programat diferents actes, d'entre les quals no hi falten les activitats gastron\u00f2miques. Hi haur\u00e0 degustacions, concurs de menjar ensa\u00efmades, vermut, rutes comentades, entre altres.","og_url":"https:\/\/gastronomicament.cat\/ca\/activitats-gastronomiques-amb-motiu-del-dia-de-les-illes-balears","og_site_name":"Gastron\u00f2micament","article_published_time":"2017-02-21T10:50:10+00:00","article_modified_time":"2022-04-07T09:07:22+00:00","og_image":[{"width":679,"height":387,"url":"https:\/\/gastronomicament.cat\/wp-content\/uploads\/2017\/02\/Showcooking-Miquel-Calent-Galletes-Gori-de-Muro.jpg","type":"image\/jpeg"}],"author":"Redacci\u00f3","twitter_card":"summary_large_image","twitter_creator":"@gastronomicamen","twitter_site":"@gastronomicamen","twitter_misc":{"Written by":"Redacci\u00f3","Est. reading time":"3 minutes"},"schema":{"@context":"https:\/\/schema.org","@graph":[{"@type":"Article","@id":"https:\/\/gastronomicament.cat\/ca\/activitats-gastronomiques-amb-motiu-del-dia-de-les-illes-balears#article","isPartOf":{"@id":"https:\/\/gastronomicament.cat\/ca\/activitats-gastronomiques-amb-motiu-del-dia-de-les-illes-balears"},"author":{"name":"Redacci\u00f3","@id":"https:\/\/gastronomicament.cat\/ca\/#\/schema\/person\/a7c85c537a1ed62799a5b8e0f686a37f"},"headline":"Activitats gastron\u00f2miques amb motiu del Dia de les Illes Balears","datePublished":"2017-02-21T10:50:10+00:00","dateModified":"2022-04-07T09:07:22+00:00","mainEntityOfPage":{"@id":"https:\/\/gastronomicament.cat\/ca\/activitats-gastronomiques-amb-motiu-del-dia-de-les-illes-balears"},"wordCount":673,"commentCount":0,"publisher":{"@id":"https:\/\/gastronomicament.cat\/ca\/#organization"},"image":{"@id":"https:\/\/gastronomicament.cat\/ca\/activitats-gastronomiques-amb-motiu-del-dia-de-les-illes-balears#primaryimage"},"thumbnailUrl":"https:\/\/gastronomicament.cat\/wp-content\/uploads\/2017\/02\/Showcooking-Miquel-Calent-Galletes-Gori-de-Muro.jpg","articleSection":["Actualitat"],"inLanguage":"ca-ES","potentialAction":[{"@type":"CommentAction","name":"Comment","target":["https:\/\/gastronomicament.cat\/ca\/activitats-gastronomiques-amb-motiu-del-dia-de-les-illes-balears#respond"]}]},{"@type":"WebPage","@id":"https:\/\/gastronomicament.cat\/ca\/activitats-gastronomiques-amb-motiu-del-dia-de-les-illes-balears","url":"https:\/\/gastronomicament.cat\/ca\/activitats-gastronomiques-amb-motiu-del-dia-de-les-illes-balears","name":"Activitats gastron\u00f2miques amb motiu del Dia de les Illes Balears - Gastron\u00f2micament","isPartOf":{"@id":"https:\/\/gastronomicament.cat\/ca\/#website"},"primaryImageOfPage":{"@id":"https:\/\/gastronomicament.cat\/ca\/activitats-gastronomiques-amb-motiu-del-dia-de-les-illes-balears#primaryimage"},"image":{"@id":"https:\/\/gastronomicament.cat\/ca\/activitats-gastronomiques-amb-motiu-del-dia-de-les-illes-balears#primaryimage"},"thumbnailUrl":"https:\/\/gastronomicament.cat\/wp-content\/uploads\/2017\/02\/Showcooking-Miquel-Calent-Galletes-Gori-de-Muro.jpg","datePublished":"2017-02-21T10:50:10+00:00","dateModified":"2022-04-07T09:07:22+00:00","description":"Activitats gastron\u00f2miques amb motiu del Dia de les Illes Balears Actualitat Amb motiu del Dia de les Illes Balears s'han programat diferents actes, d'entre les quals no hi falten les activitats gastron\u00f2miques. Hi haur\u00e0 degustacions, concurs de menjar ensa\u00efmades, vermut, rutes comentades, entre altres.","inLanguage":"ca-ES","potentialAction":[{"@type":"ReadAction","target":["https:\/\/gastronomicament.cat\/ca\/activitats-gastronomiques-amb-motiu-del-dia-de-les-illes-balears"]}]},{"@type":"ImageObject","inLanguage":"ca-ES","@id":"https:\/\/gastronomicament.cat\/ca\/activitats-gastronomiques-amb-motiu-del-dia-de-les-illes-balears#primaryimage","url":"https:\/\/gastronomicament.cat\/wp-content\/uploads\/2017\/02\/Showcooking-Miquel-Calent-Galletes-Gori-de-Muro.jpg","contentUrl":"https:\/\/gastronomicament.cat\/wp-content\/uploads\/2017\/02\/Showcooking-Miquel-Calent-Galletes-Gori-de-Muro.jpg","width":679,"height":387},{"@type":"WebSite","@id":"https:\/\/gastronomicament.cat\/ca\/#website","url":"https:\/\/gastronomicament.cat\/ca\/","name":"Gastron\u00f2micament","description":"Portal de restaurants, receptes i actualitat gastron\u00f2mica","publisher":{"@id":"https:\/\/gastronomicament.cat\/ca\/#organization"},"potentialAction":[{"@type":"SearchAction","target":{"@type":"EntryPoint","urlTemplate":"https:\/\/gastronomicament.cat\/ca\/?s={search_term_string}"},"query-input":{"@type":"PropertyValueSpecification","valueRequired":true,"valueName":"search_term_string"}}],"inLanguage":"ca-ES"},{"@type":"Organization","@id":"https:\/\/gastronomicament.cat\/ca\/#organization","name":"Gastron\u00f2micament","url":"https:\/\/gastronomicament.cat\/ca\/","logo":{"@type":"ImageObject","inLanguage":"ca-ES","@id":"https:\/\/gastronomicament.cat\/ca\/#\/schema\/logo\/image\/","url":"https:\/\/gastronomicament.cat\/wp-content\/uploads\/2016\/09\/header-logo.jpg","contentUrl":"https:\/\/gastronomicament.cat\/wp-content\/uploads\/2016\/09\/header-logo.jpg","width":277,"height":39,"caption":"Gastron\u00f2micament"},"image":{"@id":"https:\/\/gastronomicament.cat\/ca\/#\/schema\/logo\/image\/"},"sameAs":["https:\/\/x.com\/gastronomicamen"]},{"@type":"Person","@id":"https:\/\/gastronomicament.cat\/ca\/#\/schema\/person\/a7c85c537a1ed62799a5b8e0f686a37f","name":"Redacci\u00f3","image":{"@type":"ImageObject","inLanguage":"ca-ES","@id":"https:\/\/secure.gravatar.com\/avatar\/9489a485c464fd611d33825daae651d13db70c4e74c65c94937a15a9d4c3ee14?s=96&d=mm&r=g69fea3cce3645dfa2166e7293e22955e","url":"https:\/\/secure.gravatar.com\/avatar\/9489a485c464fd611d33825daae651d13db70c4e74c65c94937a15a9d4c3ee14?s=96&d=mm&r=g","contentUrl":"https:\/\/secure.gravatar.com\/avatar\/9489a485c464fd611d33825daae651d13db70c4e74c65c94937a15a9d4c3ee14?s=96&d=mm&r=g","caption":"Redacci\u00f3"},"sameAs":["http:\/\/gastronomicament.cat"],"url":"https:\/\/gastronomicament.cat\/ca\/author\/admin"}]}},"_links":{"self":[{"href":"https:\/\/gastronomicament.cat\/ca\/wp-json\/wp\/v2\/posts\/18958","targetHints":{"allow":["GET"]}}],"collection":[{"href":"https:\/\/gastronomicament.cat\/ca\/wp-json\/wp\/v2\/posts"}],"about":[{"href":"https:\/\/gastronomicament.cat\/ca\/wp-json\/wp\/v2\/types\/post"}],"author":[{"embeddable":true,"href":"https:\/\/gastronomicament.cat\/ca\/wp-json\/wp\/v2\/users\/1"}],"replies":[{"embeddable":true,"href":"https:\/\/gastronomicament.cat\/ca\/wp-json\/wp\/v2\/comments?post=18958"}],"version-history":[{"count":0,"href":"https:\/\/gastronomicament.cat\/ca\/wp-json\/wp\/v2\/posts\/18958\/revisions"}],"wp:featuredmedia":[{"embeddable":true,"href":"https:\/\/gastronomicament.cat\/ca\/wp-json\/wp\/v2\/media\/18959"}],"wp:attachment":[{"href":"https:\/\/gastronomicament.cat\/ca\/wp-json\/wp\/v2\/media?parent=18958"}],"wp:term":[{"taxonomy":"category","embeddable":true,"href":"https:\/\/gastronomicament.cat\/ca\/wp-json\/wp\/v2\/categories?post=18958"},{"taxonomy":"post_tag","embeddable":true,"href":"https:\/\/gastronomicament.cat\/ca\/wp-json\/wp\/v2\/tags?post=18958"},{"taxonomy":"author","embeddable":true,"href":"https:\/\/gastronomicament.cat\/ca\/wp-json\/wp\/v2\/coauthors?post=18958"}],"curies":[{"name":"wp","href":"https:\/\/api.w.org\/{rel}","templated":true}]}}