{"id":19950,"date":"2017-09-15T11:35:13","date_gmt":"2017-09-15T09:35:13","guid":{"rendered":"http:\/\/gastronomicament.cat\/?p=19950"},"modified":"2022-04-07T11:08:56","modified_gmt":"2022-04-07T09:08:56","slug":"la-festa-des-vermar-2017-ja-es-aqui","status":"publish","type":"post","link":"https:\/\/gastronomicament.cat\/ca\/la-festa-des-vermar-2017-ja-es-aqui","title":{"rendered":"La Festa des Vermar 2017 ja \u00e9s aqu\u00ed"},"content":{"rendered":"<blockquote><p><em>Fins al 24 de setembre, Binissalem \u00e9s el centre neur\u00e0lgic de Mallorca<\/em><\/p><\/blockquote>\n<p>El vi \u00e9s el protagonista de les Festes des Vermar de Binissalem que any rere any, omple de festa els cellers i els carrers de Binissalem. Un esclafit d&#8217;alegria que aquest any 2017 arriba a la 53a edici\u00f3 amb el suport i organitzaci\u00f3 de l&#8217;Ajuntament de Binissalem, com tamb\u00e9 la implicaci\u00f3 de ve\u00efns, empreses i entitas i associacions locals.<\/p>\n<p>Les Festes des Vermar 2017 ja s\u00f3n aqu\u00ed amb un<strong>\u00a0<\/strong>programa, variat i ben entretingut, que combina gastronomia, esport, teatre, art, m\u00fasica, bauxa i espectacle. Les principals atraccions, com \u00e9s habitual, seran el concurs de trepitjar ra\u00efm, que comptar\u00e0 amb la pres\u00e8ncia del d\u00e9u grec Dion\u00eds, la vermutada solid\u00e0ria i la Fira del Vi, a m\u00e9s a m\u00e9s de la Festa dels Fideus de Vermar, el plat t\u00edpic que no pot faltar aquests dies a taula.<\/p>\n<p>A continuaci\u00f3 us detallam algunes propostes que poden ser del vostre inter\u00e8s, que tenen lloc fins al 24 de setembre:<\/p>\n<p><strong>Divendres 15<\/strong><br \/>\nA les 18 hores, hi trobareu la\u00a0<strong>benvinguda a sa Vermada<\/strong>, amb la qual els carros tornaran a entrar al poble, cantant les velles tonades del veremar, i fent ballades al carrer, com es feia un temps primer. Tamb\u00e9, un any m\u00e9s, amb un glopet de vi dol\u00e7, es donar\u00e0 la benvinguda a la Vermada, a les 17:30 h, davant Can Novell.<\/p>\n<p>A les 20 h,\u00a0<strong>Microvermada<\/strong>: Vins Ripoll obre les portes per representar-hi diferents peces de teatre i tastar els seus vins. Preu per pe\u00e7a 3 \u20ac. Preu per tot el recorregut 12 \u20ac. Informaci\u00f3 i reserves al 605 354 205. A c\u00e0rrec de Myotragus Teatre.<\/p>\n<p>A les 20 h,\u00a0<strong>recepci\u00f3 de les vermadores i vermadors<\/strong>\u00a0a l&#8217;Ajuntament.<\/p>\n<p><strong>Dissabte 16<br \/>\n<\/strong>A les 14 h, a la Pla\u00e7a de l\u2019Esgl\u00e9sia,\u00a0<strong>dinar i festa dels Trepitjadors<\/strong>.<\/p>\n<p><strong>Diumenge 17<\/strong><br \/>\nA les 17.30 h, a la Pla\u00e7a de l\u2019Esgl\u00e9sia,\u00a0<strong>XIX Concurs de Trepitjar Ra\u00efm<\/strong>.<\/p>\n<p><strong>Dilluns 18<\/strong><br \/>\nA les 21 h, al Teatre Municipal,\u00a0<strong>lliurament\u00a0<\/strong>de premis del XXI\u00a0<strong>Concurs de Gloses<\/strong>\u00a0i\u00a0<strong>combat de glosat<\/strong>\u00a0amb Maribel Servera, Mateu Xuri i Maci\u00e0 Ferrer.<\/p>\n<p><strong>Dimecres 20<\/strong><br \/>\nA les 19 h, al celler de Can Novell,\u00a0<strong>Vermutada Solid\u00e0ria<\/strong>\u00a0a benefici del Txat.<\/p>\n<p><strong>Dijous 21<\/strong><br \/>\nXXXVI\u00a0<strong>Festa de Fideus de Vermar, a Can Arab\u00ed<\/strong>, per poder menjar uns bons fideus de vermar. Amb l\u2019actuaci\u00f3 dels xeremiers i el grup Champagne. L\u2019Ajuntament recomana que la pujada es faci a peu i que cada persona dugui els plats i coberts. Es podran retirar els tiquets a l\u2019Ajuntament els dies 11, 12,14, 15 i 18 de 8.30 a 14.30 h i dia 13 de 8.30 a 14.30h i de 16 a 19.30h. Import 1\u20ac. \u00c9s imprescindible dur el tiquet per menjar fideus.<\/p>\n<p><strong>Divendres 22<br \/>\n<\/strong><strong>Sopar a la fresca<\/strong>\u00a0als carrers de Binissalem. Tots els visitants o familiars que venguin de fora vila poden entrar pel cam\u00ed de Peda\u00e7, on hi trobaran aparcament habilitat al pol\u00edgon i tamb\u00e9 n\u2019hi haur\u00e0 a les zones del Restaurant Sa Vinya, cam\u00ed de Son Roig i Supermercat Spar.Tamb\u00e9 hi haur\u00e0 serveis especials de tren: Els horaris de tren s\u00f3n: Palma &#8211; Binissalem (23.10 h &#8211; 00.40 h i 02.10 h). Binissalem &#8211; Palma (00.00 h &#8211; 01.30 h i 03.00 h).<\/p>\n<p>A les 01.30 h,\u00a0<strong>correfoc<\/strong>,\u00a0 a c\u00e0rrec de Sa Fil\u00b7loxera de l\u2019Infern.<\/p>\n<p><strong>Dissabte 23<\/strong><br \/>\nA les 17 h,\u00a0<strong>desfilada de carrosses<\/strong>, acompanyades per l\u2019Associaci\u00f3de la Tercera Edat i els Xeremiers de Binissalem.<br \/>\nDe les 17.30 a les 23 h, al Parc de la Rectoria, obertura de la XIV\u00a0<strong>Fira del Vi<\/strong>.<br \/>\nA les 22 h, a la Pla\u00e7a de l\u2019Esgl\u00e9sia,\u00a0<strong>Gran revetla<\/strong>\u00a0amb Trio Lluna Plana, Coldday (tribut a Coldplay), Disccovers,i un DJ per acabar la festa.<\/p>\n<p><strong>Diumenge 24<\/strong><br \/>\nDe les 16.30 a les 20.30 h, al Parc de la Rectoria, hi continua la\u00a0<strong>Fira del Vi<\/strong>.<br \/>\nA les 19 h, davant la Rectoria, Foto de Fi de Festa, i en\u00a0 acabar ballada popular amb els grups Sa Torre i Sa Revetla, i vi de franc per a tothom.<\/p>\n<p>Consultau el\u00a0<a href=\"https:\/\/www.ajbinissalem.net\/wp-content\/uploads\/2016\/04\/Programa-Actes-2017-web.pdf\">programa complet de la Festa des Vermar 2017 aqu\u00ed<\/a>.<\/p>\n","protected":false},"excerpt":{"rendered":"<p>Les Festes des Vermar 2017 ja s\u00f3n aqu\u00ed amb un\u00a0programa, variat i ben entretingut, que combina&hellip;<\/p>\n","protected":false},"author":1,"featured_media":19951,"comment_status":"open","ping_status":"closed","sticky":false,"template":"","format":"standard","meta":{"_acf_changed":false,"_swt_meta_header_display":false,"_swt_meta_footer_display":false,"_swt_meta_site_title_display":false,"_swt_meta_sticky_header":false,"_swt_meta_transparent_header":false,"footnotes":""},"categories":[692,954],"tags":[],"coauthors":[],"class_list":["post-19950","post","type-post","status-publish","format-standard","has-post-thumbnail","hentry","category-actualitat","category-fires-i-rutes"],"acf":{"gallery":null,"home_date":{"home_begin_date":null,"home_end_date":null}},"yoast_head":"<!-- This site is optimized with the Yoast SEO plugin v27.4 - https:\/\/yoast.com\/product\/yoast-seo-wordpress\/ -->\n<title>La Festa des Vermar 2017 ja \u00e9s aqu\u00ed - Gastron\u00f2micament<\/title>\n<meta name=\"description\" content=\"La Festa des Vermar 2017 ja \u00e9s aqu\u00ed Actualitat, Fires i rutes Les Festes des Vermar 2017 ja s\u00f3n aqu\u00ed amb un\u00a0programa, variat i ben entretingut, que combina gastronomia, esport, teatre, art, m\u00fasica, bauxa i espectacle\" \/>\n<meta name=\"robots\" content=\"index, follow, max-snippet:-1, max-image-preview:large, max-video-preview:-1\" \/>\n<link rel=\"canonical\" href=\"https:\/\/gastronomicament.cat\/ca\/la-festa-des-vermar-2017-ja-es-aqui\" \/>\n<meta property=\"og:locale\" content=\"ca_ES\" \/>\n<meta property=\"og:type\" content=\"article\" \/>\n<meta property=\"og:title\" content=\"La Festa des Vermar 2017 ja \u00e9s aqu\u00ed - Gastron\u00f2micament\" \/>\n<meta property=\"og:description\" content=\"La Festa des Vermar 2017 ja \u00e9s aqu\u00ed Actualitat, Fires i rutes Les Festes des Vermar 2017 ja s\u00f3n aqu\u00ed amb un\u00a0programa, variat i ben entretingut, que combina gastronomia, esport, teatre, art, m\u00fasica, bauxa i espectacle\" \/>\n<meta property=\"og:url\" content=\"https:\/\/gastronomicament.cat\/ca\/la-festa-des-vermar-2017-ja-es-aqui\" \/>\n<meta property=\"og:site_name\" content=\"Gastron\u00f2micament\" \/>\n<meta property=\"article:published_time\" content=\"2017-09-15T09:35:13+00:00\" \/>\n<meta property=\"article:modified_time\" content=\"2022-04-07T09:08:56+00:00\" \/>\n<meta property=\"og:image\" content=\"https:\/\/gastronomicament.cat\/wp-content\/uploads\/2017\/09\/Festa-des-Vermar-2017-Binissalem.jpg\" \/>\n\t<meta property=\"og:image:width\" content=\"950\" \/>\n\t<meta property=\"og:image:height\" content=\"545\" \/>\n\t<meta property=\"og:image:type\" content=\"image\/jpeg\" \/>\n<meta name=\"author\" content=\"Redacci\u00f3\" \/>\n<meta name=\"twitter:card\" content=\"summary_large_image\" \/>\n<meta name=\"twitter:creator\" content=\"@gastronomicamen\" \/>\n<meta name=\"twitter:site\" content=\"@gastronomicamen\" \/>\n<meta name=\"twitter:label1\" content=\"Written by\" \/>\n\t<meta name=\"twitter:data1\" content=\"Redacci\u00f3\" \/>\n\t<meta name=\"twitter:label2\" content=\"Est. reading time\" \/>\n\t<meta name=\"twitter:data2\" content=\"3 minutes\" \/>\n<script type=\"application\/ld+json\" class=\"yoast-schema-graph\">{\"@context\":\"https:\\\/\\\/schema.org\",\"@graph\":[{\"@type\":\"Article\",\"@id\":\"https:\\\/\\\/gastronomicament.cat\\\/ca\\\/la-festa-des-vermar-2017-ja-es-aqui#article\",\"isPartOf\":{\"@id\":\"https:\\\/\\\/gastronomicament.cat\\\/ca\\\/la-festa-des-vermar-2017-ja-es-aqui\"},\"author\":{\"name\":\"Redacci\u00f3\",\"@id\":\"https:\\\/\\\/gastronomicament.cat\\\/ca\\\/#\\\/schema\\\/person\\\/a7c85c537a1ed62799a5b8e0f686a37f\"},\"headline\":\"La Festa des Vermar 2017 ja \u00e9s aqu\u00ed\",\"datePublished\":\"2017-09-15T09:35:13+00:00\",\"dateModified\":\"2022-04-07T09:08:56+00:00\",\"mainEntityOfPage\":{\"@id\":\"https:\\\/\\\/gastronomicament.cat\\\/ca\\\/la-festa-des-vermar-2017-ja-es-aqui\"},\"wordCount\":670,\"commentCount\":0,\"publisher\":{\"@id\":\"https:\\\/\\\/gastronomicament.cat\\\/ca\\\/#organization\"},\"image\":{\"@id\":\"https:\\\/\\\/gastronomicament.cat\\\/ca\\\/la-festa-des-vermar-2017-ja-es-aqui#primaryimage\"},\"thumbnailUrl\":\"https:\\\/\\\/gastronomicament.cat\\\/wp-content\\\/uploads\\\/2017\\\/09\\\/Festa-des-Vermar-2017-Binissalem.jpg\",\"articleSection\":[\"Actualitat\",\"Fires i rutes\"],\"inLanguage\":\"ca-ES\",\"potentialAction\":[{\"@type\":\"CommentAction\",\"name\":\"Comment\",\"target\":[\"https:\\\/\\\/gastronomicament.cat\\\/ca\\\/la-festa-des-vermar-2017-ja-es-aqui#respond\"]}]},{\"@type\":\"WebPage\",\"@id\":\"https:\\\/\\\/gastronomicament.cat\\\/ca\\\/la-festa-des-vermar-2017-ja-es-aqui\",\"url\":\"https:\\\/\\\/gastronomicament.cat\\\/ca\\\/la-festa-des-vermar-2017-ja-es-aqui\",\"name\":\"La Festa des Vermar 2017 ja \u00e9s aqu\u00ed - Gastron\u00f2micament\",\"isPartOf\":{\"@id\":\"https:\\\/\\\/gastronomicament.cat\\\/ca\\\/#website\"},\"primaryImageOfPage\":{\"@id\":\"https:\\\/\\\/gastronomicament.cat\\\/ca\\\/la-festa-des-vermar-2017-ja-es-aqui#primaryimage\"},\"image\":{\"@id\":\"https:\\\/\\\/gastronomicament.cat\\\/ca\\\/la-festa-des-vermar-2017-ja-es-aqui#primaryimage\"},\"thumbnailUrl\":\"https:\\\/\\\/gastronomicament.cat\\\/wp-content\\\/uploads\\\/2017\\\/09\\\/Festa-des-Vermar-2017-Binissalem.jpg\",\"datePublished\":\"2017-09-15T09:35:13+00:00\",\"dateModified\":\"2022-04-07T09:08:56+00:00\",\"description\":\"La Festa des Vermar 2017 ja \u00e9s aqu\u00ed Actualitat, Fires i rutes Les Festes des Vermar 2017 ja s\u00f3n aqu\u00ed amb un\u00a0programa, variat i ben entretingut, que combina gastronomia, esport, teatre, art, m\u00fasica, bauxa i espectacle\",\"inLanguage\":\"ca-ES\",\"potentialAction\":[{\"@type\":\"ReadAction\",\"target\":[\"https:\\\/\\\/gastronomicament.cat\\\/ca\\\/la-festa-des-vermar-2017-ja-es-aqui\"]}]},{\"@type\":\"ImageObject\",\"inLanguage\":\"ca-ES\",\"@id\":\"https:\\\/\\\/gastronomicament.cat\\\/ca\\\/la-festa-des-vermar-2017-ja-es-aqui#primaryimage\",\"url\":\"https:\\\/\\\/gastronomicament.cat\\\/wp-content\\\/uploads\\\/2017\\\/09\\\/Festa-des-Vermar-2017-Binissalem.jpg\",\"contentUrl\":\"https:\\\/\\\/gastronomicament.cat\\\/wp-content\\\/uploads\\\/2017\\\/09\\\/Festa-des-Vermar-2017-Binissalem.jpg\",\"width\":950,\"height\":545},{\"@type\":\"WebSite\",\"@id\":\"https:\\\/\\\/gastronomicament.cat\\\/ca\\\/#website\",\"url\":\"https:\\\/\\\/gastronomicament.cat\\\/ca\\\/\",\"name\":\"Gastron\u00f2micament\",\"description\":\"Portal de restaurants, receptes i actualitat gastron\u00f2mica\",\"publisher\":{\"@id\":\"https:\\\/\\\/gastronomicament.cat\\\/ca\\\/#organization\"},\"potentialAction\":[{\"@type\":\"SearchAction\",\"target\":{\"@type\":\"EntryPoint\",\"urlTemplate\":\"https:\\\/\\\/gastronomicament.cat\\\/ca\\\/?s={search_term_string}\"},\"query-input\":{\"@type\":\"PropertyValueSpecification\",\"valueRequired\":true,\"valueName\":\"search_term_string\"}}],\"inLanguage\":\"ca-ES\"},{\"@type\":\"Organization\",\"@id\":\"https:\\\/\\\/gastronomicament.cat\\\/ca\\\/#organization\",\"name\":\"Gastron\u00f2micament\",\"url\":\"https:\\\/\\\/gastronomicament.cat\\\/ca\\\/\",\"logo\":{\"@type\":\"ImageObject\",\"inLanguage\":\"ca-ES\",\"@id\":\"https:\\\/\\\/gastronomicament.cat\\\/ca\\\/#\\\/schema\\\/logo\\\/image\\\/\",\"url\":\"https:\\\/\\\/gastronomicament.cat\\\/wp-content\\\/uploads\\\/2016\\\/09\\\/header-logo.jpg\",\"contentUrl\":\"https:\\\/\\\/gastronomicament.cat\\\/wp-content\\\/uploads\\\/2016\\\/09\\\/header-logo.jpg\",\"width\":277,\"height\":39,\"caption\":\"Gastron\u00f2micament\"},\"image\":{\"@id\":\"https:\\\/\\\/gastronomicament.cat\\\/ca\\\/#\\\/schema\\\/logo\\\/image\\\/\"},\"sameAs\":[\"https:\\\/\\\/x.com\\\/gastronomicamen\"]},{\"@type\":\"Person\",\"@id\":\"https:\\\/\\\/gastronomicament.cat\\\/ca\\\/#\\\/schema\\\/person\\\/a7c85c537a1ed62799a5b8e0f686a37f\",\"name\":\"Redacci\u00f3\",\"image\":{\"@type\":\"ImageObject\",\"inLanguage\":\"ca-ES\",\"@id\":\"https:\\\/\\\/secure.gravatar.com\\\/avatar\\\/9489a485c464fd611d33825daae651d13db70c4e74c65c94937a15a9d4c3ee14?s=96&d=mm&r=g69fea3cce3645dfa2166e7293e22955e\",\"url\":\"https:\\\/\\\/secure.gravatar.com\\\/avatar\\\/9489a485c464fd611d33825daae651d13db70c4e74c65c94937a15a9d4c3ee14?s=96&d=mm&r=g\",\"contentUrl\":\"https:\\\/\\\/secure.gravatar.com\\\/avatar\\\/9489a485c464fd611d33825daae651d13db70c4e74c65c94937a15a9d4c3ee14?s=96&d=mm&r=g\",\"caption\":\"Redacci\u00f3\"},\"sameAs\":[\"http:\\\/\\\/gastronomicament.cat\"],\"url\":\"https:\\\/\\\/gastronomicament.cat\\\/ca\\\/author\\\/admin\"}]}<\/script>\n<!-- \/ Yoast SEO plugin. -->","yoast_head_json":{"title":"La Festa des Vermar 2017 ja \u00e9s aqu\u00ed - Gastron\u00f2micament","description":"La Festa des Vermar 2017 ja \u00e9s aqu\u00ed Actualitat, Fires i rutes Les Festes des Vermar 2017 ja s\u00f3n aqu\u00ed amb un\u00a0programa, variat i ben entretingut, que combina gastronomia, esport, teatre, art, m\u00fasica, bauxa i espectacle","robots":{"index":"index","follow":"follow","max-snippet":"max-snippet:-1","max-image-preview":"max-image-preview:large","max-video-preview":"max-video-preview:-1"},"canonical":"https:\/\/gastronomicament.cat\/ca\/la-festa-des-vermar-2017-ja-es-aqui","og_locale":"ca_ES","og_type":"article","og_title":"La Festa des Vermar 2017 ja \u00e9s aqu\u00ed - Gastron\u00f2micament","og_description":"La Festa des Vermar 2017 ja \u00e9s aqu\u00ed Actualitat, Fires i rutes Les Festes des Vermar 2017 ja s\u00f3n aqu\u00ed amb un\u00a0programa, variat i ben entretingut, que combina gastronomia, esport, teatre, art, m\u00fasica, bauxa i espectacle","og_url":"https:\/\/gastronomicament.cat\/ca\/la-festa-des-vermar-2017-ja-es-aqui","og_site_name":"Gastron\u00f2micament","article_published_time":"2017-09-15T09:35:13+00:00","article_modified_time":"2022-04-07T09:08:56+00:00","og_image":[{"width":950,"height":545,"url":"https:\/\/gastronomicament.cat\/wp-content\/uploads\/2017\/09\/Festa-des-Vermar-2017-Binissalem.jpg","type":"image\/jpeg"}],"author":"Redacci\u00f3","twitter_card":"summary_large_image","twitter_creator":"@gastronomicamen","twitter_site":"@gastronomicamen","twitter_misc":{"Written by":"Redacci\u00f3","Est. reading time":"3 minutes"},"schema":{"@context":"https:\/\/schema.org","@graph":[{"@type":"Article","@id":"https:\/\/gastronomicament.cat\/ca\/la-festa-des-vermar-2017-ja-es-aqui#article","isPartOf":{"@id":"https:\/\/gastronomicament.cat\/ca\/la-festa-des-vermar-2017-ja-es-aqui"},"author":{"name":"Redacci\u00f3","@id":"https:\/\/gastronomicament.cat\/ca\/#\/schema\/person\/a7c85c537a1ed62799a5b8e0f686a37f"},"headline":"La Festa des Vermar 2017 ja \u00e9s aqu\u00ed","datePublished":"2017-09-15T09:35:13+00:00","dateModified":"2022-04-07T09:08:56+00:00","mainEntityOfPage":{"@id":"https:\/\/gastronomicament.cat\/ca\/la-festa-des-vermar-2017-ja-es-aqui"},"wordCount":670,"commentCount":0,"publisher":{"@id":"https:\/\/gastronomicament.cat\/ca\/#organization"},"image":{"@id":"https:\/\/gastronomicament.cat\/ca\/la-festa-des-vermar-2017-ja-es-aqui#primaryimage"},"thumbnailUrl":"https:\/\/gastronomicament.cat\/wp-content\/uploads\/2017\/09\/Festa-des-Vermar-2017-Binissalem.jpg","articleSection":["Actualitat","Fires i rutes"],"inLanguage":"ca-ES","potentialAction":[{"@type":"CommentAction","name":"Comment","target":["https:\/\/gastronomicament.cat\/ca\/la-festa-des-vermar-2017-ja-es-aqui#respond"]}]},{"@type":"WebPage","@id":"https:\/\/gastronomicament.cat\/ca\/la-festa-des-vermar-2017-ja-es-aqui","url":"https:\/\/gastronomicament.cat\/ca\/la-festa-des-vermar-2017-ja-es-aqui","name":"La Festa des Vermar 2017 ja \u00e9s aqu\u00ed - Gastron\u00f2micament","isPartOf":{"@id":"https:\/\/gastronomicament.cat\/ca\/#website"},"primaryImageOfPage":{"@id":"https:\/\/gastronomicament.cat\/ca\/la-festa-des-vermar-2017-ja-es-aqui#primaryimage"},"image":{"@id":"https:\/\/gastronomicament.cat\/ca\/la-festa-des-vermar-2017-ja-es-aqui#primaryimage"},"thumbnailUrl":"https:\/\/gastronomicament.cat\/wp-content\/uploads\/2017\/09\/Festa-des-Vermar-2017-Binissalem.jpg","datePublished":"2017-09-15T09:35:13+00:00","dateModified":"2022-04-07T09:08:56+00:00","description":"La Festa des Vermar 2017 ja \u00e9s aqu\u00ed Actualitat, Fires i rutes Les Festes des Vermar 2017 ja s\u00f3n aqu\u00ed amb un\u00a0programa, variat i ben entretingut, que combina gastronomia, esport, teatre, art, m\u00fasica, bauxa i espectacle","inLanguage":"ca-ES","potentialAction":[{"@type":"ReadAction","target":["https:\/\/gastronomicament.cat\/ca\/la-festa-des-vermar-2017-ja-es-aqui"]}]},{"@type":"ImageObject","inLanguage":"ca-ES","@id":"https:\/\/gastronomicament.cat\/ca\/la-festa-des-vermar-2017-ja-es-aqui#primaryimage","url":"https:\/\/gastronomicament.cat\/wp-content\/uploads\/2017\/09\/Festa-des-Vermar-2017-Binissalem.jpg","contentUrl":"https:\/\/gastronomicament.cat\/wp-content\/uploads\/2017\/09\/Festa-des-Vermar-2017-Binissalem.jpg","width":950,"height":545},{"@type":"WebSite","@id":"https:\/\/gastronomicament.cat\/ca\/#website","url":"https:\/\/gastronomicament.cat\/ca\/","name":"Gastron\u00f2micament","description":"Portal de restaurants, receptes i actualitat gastron\u00f2mica","publisher":{"@id":"https:\/\/gastronomicament.cat\/ca\/#organization"},"potentialAction":[{"@type":"SearchAction","target":{"@type":"EntryPoint","urlTemplate":"https:\/\/gastronomicament.cat\/ca\/?s={search_term_string}"},"query-input":{"@type":"PropertyValueSpecification","valueRequired":true,"valueName":"search_term_string"}}],"inLanguage":"ca-ES"},{"@type":"Organization","@id":"https:\/\/gastronomicament.cat\/ca\/#organization","name":"Gastron\u00f2micament","url":"https:\/\/gastronomicament.cat\/ca\/","logo":{"@type":"ImageObject","inLanguage":"ca-ES","@id":"https:\/\/gastronomicament.cat\/ca\/#\/schema\/logo\/image\/","url":"https:\/\/gastronomicament.cat\/wp-content\/uploads\/2016\/09\/header-logo.jpg","contentUrl":"https:\/\/gastronomicament.cat\/wp-content\/uploads\/2016\/09\/header-logo.jpg","width":277,"height":39,"caption":"Gastron\u00f2micament"},"image":{"@id":"https:\/\/gastronomicament.cat\/ca\/#\/schema\/logo\/image\/"},"sameAs":["https:\/\/x.com\/gastronomicamen"]},{"@type":"Person","@id":"https:\/\/gastronomicament.cat\/ca\/#\/schema\/person\/a7c85c537a1ed62799a5b8e0f686a37f","name":"Redacci\u00f3","image":{"@type":"ImageObject","inLanguage":"ca-ES","@id":"https:\/\/secure.gravatar.com\/avatar\/9489a485c464fd611d33825daae651d13db70c4e74c65c94937a15a9d4c3ee14?s=96&d=mm&r=g69fea3cce3645dfa2166e7293e22955e","url":"https:\/\/secure.gravatar.com\/avatar\/9489a485c464fd611d33825daae651d13db70c4e74c65c94937a15a9d4c3ee14?s=96&d=mm&r=g","contentUrl":"https:\/\/secure.gravatar.com\/avatar\/9489a485c464fd611d33825daae651d13db70c4e74c65c94937a15a9d4c3ee14?s=96&d=mm&r=g","caption":"Redacci\u00f3"},"sameAs":["http:\/\/gastronomicament.cat"],"url":"https:\/\/gastronomicament.cat\/ca\/author\/admin"}]}},"_links":{"self":[{"href":"https:\/\/gastronomicament.cat\/ca\/wp-json\/wp\/v2\/posts\/19950","targetHints":{"allow":["GET"]}}],"collection":[{"href":"https:\/\/gastronomicament.cat\/ca\/wp-json\/wp\/v2\/posts"}],"about":[{"href":"https:\/\/gastronomicament.cat\/ca\/wp-json\/wp\/v2\/types\/post"}],"author":[{"embeddable":true,"href":"https:\/\/gastronomicament.cat\/ca\/wp-json\/wp\/v2\/users\/1"}],"replies":[{"embeddable":true,"href":"https:\/\/gastronomicament.cat\/ca\/wp-json\/wp\/v2\/comments?post=19950"}],"version-history":[{"count":0,"href":"https:\/\/gastronomicament.cat\/ca\/wp-json\/wp\/v2\/posts\/19950\/revisions"}],"wp:featuredmedia":[{"embeddable":true,"href":"https:\/\/gastronomicament.cat\/ca\/wp-json\/wp\/v2\/media\/19951"}],"wp:attachment":[{"href":"https:\/\/gastronomicament.cat\/ca\/wp-json\/wp\/v2\/media?parent=19950"}],"wp:term":[{"taxonomy":"category","embeddable":true,"href":"https:\/\/gastronomicament.cat\/ca\/wp-json\/wp\/v2\/categories?post=19950"},{"taxonomy":"post_tag","embeddable":true,"href":"https:\/\/gastronomicament.cat\/ca\/wp-json\/wp\/v2\/tags?post=19950"},{"taxonomy":"author","embeddable":true,"href":"https:\/\/gastronomicament.cat\/ca\/wp-json\/wp\/v2\/coauthors?post=19950"}],"curies":[{"name":"wp","href":"https:\/\/api.w.org\/{rel}","templated":true}]}}