{"id":20969,"date":"2018-02-22T09:47:41","date_gmt":"2018-02-22T08:47:41","guid":{"rendered":"http:\/\/gastronomicament.cat\/?p=20969"},"modified":"2022-04-07T11:09:50","modified_gmt":"2022-04-07T09:09:50","slug":"canyes-vi-tapes-al-teatre-de-barra","status":"publish","type":"post","link":"https:\/\/gastronomicament.cat\/ca\/canyes-vi-tapes-al-teatre-de-barra","title":{"rendered":"Canyes, vi i tapes al Teatre de Barra"},"content":{"rendered":"<blockquote><p><em>El dijous 22 n&#8217;hi haur\u00e0 a Palma i el divendres 23 a Maria de la Salut<\/em><\/p><\/blockquote>\n<p>Un total de 5 bars de<strong>l barri de Canamunt de Palma<\/strong>\u00a0faran d&#8217;escenari de 5 obres teatrals curtes que tenen el cabaret com a tema central. Es tracta de la 12a edici\u00f3 del Teatre de Barra, que es far\u00e0 el dijous\u00a0<strong>22 de febrer<\/strong>\u00a0als bars Ca la Seu, Brick Bar, Molta Barra, Es trasto petit y Vermuteria Vi.Xet.\u00a0De la cita, en sortir\u00e0 una final que tendr\u00e0 lloc el 24 de mar\u00e7, al Teatre Mar i Terra.\u00a0Per cert, el dijous 22 de febrer, hi ha la promoci\u00f3 de\u00a0<strong>2&#215;1 en les entrades de primera i darrera sessi\u00f3<\/strong>.<\/p>\n<p>Tamb\u00e9 hi haur\u00e0 funcions els dies 1, 8, 15 i 22 de mar\u00e7, a les 20.15, 20.50, 21.25, 22 i 22.30 hores. Les entrades anticipades es poden comprar a la llibreria<a href=\"http:\/\/www.llibreriadracmagic.net\/\">\u00a0Drac M\u00e0gic de Palma<\/a>\u00a0o a la Tortilleria de Palma (de 19 a 23 hores).<\/p>\n<p>Les obres i llocs s\u00f3n els seg\u00fcents:<\/p>\n<ul>\n<li><strong><a href=\"http:\/\/gastronomicament.cat\/ca\/restaurant\/restaurant-ca-la-seu\">Ca la Seu<\/a><\/strong>acollir\u00e0 l&#8217;obra\u00a0<strong>Cocotte Jolie<\/strong>, escrita per Mar\u00eda Crist\u00f3bal Otxandio i interpretada per les actrius Aina Compte i Lina Mira a les ordres de Luca Bonadei.<\/li>\n<li><strong><a href=\"http:\/\/gastronomicament.cat\/ca\/restaurant\/restaurant-molta-barra\">Molta Barra<\/a><\/strong>ser\u00e0 l&#8217;escenari de\u00a0<strong>El pen\u00faltimo cupl\u00e9<\/strong>, d&#8217;Ivo Erasmo,amb Pedro Orell Melian i Miquel \u00c0ngel Torrens.<\/li>\n<li>Al\u00a0<strong><a href=\"https:\/\/www.google.cat\/maps\/dir\/''\/Brick+Hotel,+Carrer+Forn+d'en+Vila,+3,+07002+Palma+de+Mallorca+(Islas+Baleares),+Espa%C3%B1a,+07002+Palma,+Balearic+Islands\/@39.5699883,2.5848974,12z\/data=!3m1!4b1!4m8!4m7!1m0!1m5!1m1!1s0x1297924d8ac99a89:0xf275de8024f7f932!2m2!1d2.654938!2d39.569877\">Brick Bar<\/a><\/strong>hi podeu veure\u00a0<strong>El cel pot esperar<\/strong>, d\u2019Eder Mol, dirigida pel mateix Eder Mol i Pablo Varela i protagonitzada per Aina Frau i Marilena Villalonga.<\/li>\n<li><strong><a href=\"https:\/\/www.google.cat\/maps\/dir\/''\/''\/data=!4m5!4m4!1m0!1m2!1m1!1s0x129792520ed7381f:0xd0fb45bfdd8f55e5?sa=X&amp;ved=2ahUKEwiTncXnorjZAhWDNxQKHcFIA30Q9RcwAHoECAAQCg\">Es Trasto Petit<\/a><\/strong>far\u00e0 d&#8217;escenari a l&#8217;obra de Jos\u00e9 Artero, titulada\u00a0<strong>Cabaret sauvage<\/strong>. La dirigeix Vicka Duran i est\u00e0 interpretada per Marina Dom\u00ednguez i Bernat Molina.<\/li>\n<li><strong><a href=\"https:\/\/www.google.cat\/maps\/dir\/''\/vermuteria+vi-xet\/data=!4m5!4m4!1m0!1m2!1m1!1s0x12979251dfff11c1:0x24aca1634a278af8?sa=X&amp;ved=0ahUKEwjnua6DpLjZAhWIVhQKHTmZBC8Q9RcIhgEwCw\">Vermuteria Vi.Xet\u00a0<\/a><\/strong>acollir\u00e0 l&#8217;obra\u00a0<strong>Maybe this time<\/strong>, creada per Miquel \u00c0ngel Rai\u00f3 i dirigida per Lluqui Herrero, en la qual hi participen l&#8217;actor Joan Miquel Artigues i l&#8217;actriu Conchi Almeda.<\/li>\n<\/ul>\n<h4><strong>TEATRE DE BARRA A MARIA DE LA SALUT<\/strong><\/h4>\n<p>A\u00a0<strong>Maria de la Salut<\/strong>, el\u00a0<strong>divendres 23 de febrer<\/strong>, hi haur\u00e0 tres obres\u00a0als bars Can Tomeu, Melassa i Sa Canyeta.<\/p>\n<p>Les funcions es faran a les 20.30, 21.05 i 21.40 hores, amb un preu de 3\u20195 euros la funci\u00f3.<\/p>\n<p>A\u00a0<strong>Can Tomeu<\/strong>\u00a0hi trobareu l&#8217;obra\u00a0<strong>MacKensey\u00a0<\/strong>de Mar Oliver i Rodo Gener, i que compta amb Rodo Gener i Salvador Oliva a la direcci\u00f3, i a Alex Tejedor i Rodo Gener com a protagonistes. La sinopsi \u00e9s la seg\u00fcent: Un altre crim s\u2019ha com\u00e8s als barris portuaris de la gran ciutat. Un altre cambrer assassinat i ja en van quatre en el darrer mes. El detectiu Mckensey necessitar\u00e0 de tota la seva per\u00edcia per resoldre&#8230;Un moment! Amb qui xerres? Amb ning\u00fa! Me deixes el teu m\u00f2bil?<\/p>\n<p>Al bar\u00a0<strong>Melassa\u00a0<\/strong>s&#8217;hi representar\u00e0\u00a0<strong>La possessi\u00f3 de Hamlet<\/strong>, creada i dirigida per\u00a0 Llu\u00eds Valenciano, i amb Xavi N\u00fa\u00f1ez i Pere Mas com a actors. L&#8217;argument es basa en la hist\u00f2ria de dos amics, un cambrer i un dramaturg, estan decidint quina ha de ser la tem\u00e0tica de la pr\u00f2xima pe\u00e7a teatral. Mai s&#8217;haurien imaginat que el pr\u00edncep dan\u00e8s els pogu\u00e9s arribar a inspirar.<\/p>\n<p>A\u00a0<strong>Sa Canyeta<\/strong>, s&#8217;hi estrenar\u00e0 l&#8217;obra\u00a0<strong>Tractament Woolf<\/strong>, de la qual Lara D\u00edez Quintanilla n&#8217;\u00e9s l&#8217;autora i directora. Els encarregats d&#8217;interpretar-la s\u00f3n Josep Mercadal i B\u00e0rbara Nicolau. La hist\u00f2ria se situa en una cita entre dues persones i un tractament amb un resultat inesperat.<\/p>\n<pre>Foto: Jaume Salom<\/pre>\n","protected":false},"excerpt":{"rendered":"<p>Un total de 5 bars del barri de Canamunt de Palma\u00a0faran d&#8217;escenari de 5 obres teatrals&hellip;<\/p>\n","protected":false},"author":1,"featured_media":20970,"comment_status":"open","ping_status":"closed","sticky":false,"template":"","format":"standard","meta":{"_acf_changed":false,"_swt_meta_header_display":false,"_swt_meta_footer_display":false,"_swt_meta_site_title_display":false,"_swt_meta_sticky_header":false,"_swt_meta_transparent_header":false,"footnotes":""},"categories":[692,954],"tags":[],"coauthors":[],"class_list":["post-20969","post","type-post","status-publish","format-standard","has-post-thumbnail","hentry","category-actualitat","category-fires-i-rutes"],"acf":{"gallery":null,"home_date":{"home_begin_date":null,"home_end_date":null}},"yoast_head":"<!-- This site is optimized with the Yoast SEO plugin v27.4 - https:\/\/yoast.com\/product\/yoast-seo-wordpress\/ -->\n<title>Canyes, vi i tapes al Teatre de Barra - Gastron\u00f2micament<\/title>\n<meta name=\"description\" content=\"Canyes, vi i tapes al Teatre de Barra Actualitat, Fires i rutes Un total de 5 bars del barri de Canamunt de Palma\u00a0faran d&#039;escenari de 5 obres teatrals curtes que tenen el cabaret com a tema central\" \/>\n<meta name=\"robots\" content=\"index, follow, max-snippet:-1, max-image-preview:large, max-video-preview:-1\" \/>\n<link rel=\"canonical\" href=\"https:\/\/gastronomicament.cat\/ca\/canyes-vi-tapes-al-teatre-de-barra\" \/>\n<meta property=\"og:locale\" content=\"ca_ES\" \/>\n<meta property=\"og:type\" content=\"article\" \/>\n<meta property=\"og:title\" content=\"Canyes, vi i tapes al Teatre de Barra - Gastron\u00f2micament\" \/>\n<meta property=\"og:description\" content=\"Canyes, vi i tapes al Teatre de Barra Actualitat, Fires i rutes Un total de 5 bars del barri de Canamunt de Palma\u00a0faran d&#039;escenari de 5 obres teatrals curtes que tenen el cabaret com a tema central\" \/>\n<meta property=\"og:url\" content=\"https:\/\/gastronomicament.cat\/ca\/canyes-vi-tapes-al-teatre-de-barra\" \/>\n<meta property=\"og:site_name\" content=\"Gastron\u00f2micament\" \/>\n<meta property=\"article:published_time\" content=\"2018-02-22T08:47:41+00:00\" \/>\n<meta property=\"article:modified_time\" content=\"2022-04-07T09:09:50+00:00\" \/>\n<meta property=\"og:image\" content=\"https:\/\/gastronomicament.cat\/wp-content\/uploads\/2018\/02\/Foto-Jaume-Salom-Teatre-de-Barra.jpg\" \/>\n\t<meta property=\"og:image:width\" content=\"960\" \/>\n\t<meta property=\"og:image:height\" content=\"639\" \/>\n\t<meta property=\"og:image:type\" content=\"image\/jpeg\" \/>\n<meta name=\"author\" content=\"Redacci\u00f3\" \/>\n<meta name=\"twitter:card\" content=\"summary_large_image\" \/>\n<meta name=\"twitter:creator\" content=\"@gastronomicamen\" \/>\n<meta name=\"twitter:site\" content=\"@gastronomicamen\" \/>\n<meta name=\"twitter:label1\" content=\"Written by\" \/>\n\t<meta name=\"twitter:data1\" content=\"Redacci\u00f3\" \/>\n\t<meta name=\"twitter:label2\" content=\"Est. reading time\" \/>\n\t<meta name=\"twitter:data2\" content=\"3 minutes\" \/>\n<script type=\"application\/ld+json\" class=\"yoast-schema-graph\">{\"@context\":\"https:\\\/\\\/schema.org\",\"@graph\":[{\"@type\":\"Article\",\"@id\":\"https:\\\/\\\/gastronomicament.cat\\\/ca\\\/canyes-vi-tapes-al-teatre-de-barra#article\",\"isPartOf\":{\"@id\":\"https:\\\/\\\/gastronomicament.cat\\\/ca\\\/canyes-vi-tapes-al-teatre-de-barra\"},\"author\":{\"name\":\"Redacci\u00f3\",\"@id\":\"https:\\\/\\\/gastronomicament.cat\\\/ca\\\/#\\\/schema\\\/person\\\/a7c85c537a1ed62799a5b8e0f686a37f\"},\"headline\":\"Canyes, vi i tapes al Teatre de Barra\",\"datePublished\":\"2018-02-22T08:47:41+00:00\",\"dateModified\":\"2022-04-07T09:09:50+00:00\",\"mainEntityOfPage\":{\"@id\":\"https:\\\/\\\/gastronomicament.cat\\\/ca\\\/canyes-vi-tapes-al-teatre-de-barra\"},\"wordCount\":557,\"commentCount\":0,\"publisher\":{\"@id\":\"https:\\\/\\\/gastronomicament.cat\\\/ca\\\/#organization\"},\"image\":{\"@id\":\"https:\\\/\\\/gastronomicament.cat\\\/ca\\\/canyes-vi-tapes-al-teatre-de-barra#primaryimage\"},\"thumbnailUrl\":\"https:\\\/\\\/gastronomicament.cat\\\/wp-content\\\/uploads\\\/2018\\\/02\\\/Foto-Jaume-Salom-Teatre-de-Barra.jpg\",\"articleSection\":[\"Actualitat\",\"Fires i rutes\"],\"inLanguage\":\"ca-ES\",\"potentialAction\":[{\"@type\":\"CommentAction\",\"name\":\"Comment\",\"target\":[\"https:\\\/\\\/gastronomicament.cat\\\/ca\\\/canyes-vi-tapes-al-teatre-de-barra#respond\"]}]},{\"@type\":\"WebPage\",\"@id\":\"https:\\\/\\\/gastronomicament.cat\\\/ca\\\/canyes-vi-tapes-al-teatre-de-barra\",\"url\":\"https:\\\/\\\/gastronomicament.cat\\\/ca\\\/canyes-vi-tapes-al-teatre-de-barra\",\"name\":\"Canyes, vi i tapes al Teatre de Barra - Gastron\u00f2micament\",\"isPartOf\":{\"@id\":\"https:\\\/\\\/gastronomicament.cat\\\/ca\\\/#website\"},\"primaryImageOfPage\":{\"@id\":\"https:\\\/\\\/gastronomicament.cat\\\/ca\\\/canyes-vi-tapes-al-teatre-de-barra#primaryimage\"},\"image\":{\"@id\":\"https:\\\/\\\/gastronomicament.cat\\\/ca\\\/canyes-vi-tapes-al-teatre-de-barra#primaryimage\"},\"thumbnailUrl\":\"https:\\\/\\\/gastronomicament.cat\\\/wp-content\\\/uploads\\\/2018\\\/02\\\/Foto-Jaume-Salom-Teatre-de-Barra.jpg\",\"datePublished\":\"2018-02-22T08:47:41+00:00\",\"dateModified\":\"2022-04-07T09:09:50+00:00\",\"description\":\"Canyes, vi i tapes al Teatre de Barra Actualitat, Fires i rutes Un total de 5 bars del barri de Canamunt de Palma\u00a0faran d'escenari de 5 obres teatrals curtes que tenen el cabaret com a tema central\",\"inLanguage\":\"ca-ES\",\"potentialAction\":[{\"@type\":\"ReadAction\",\"target\":[\"https:\\\/\\\/gastronomicament.cat\\\/ca\\\/canyes-vi-tapes-al-teatre-de-barra\"]}]},{\"@type\":\"ImageObject\",\"inLanguage\":\"ca-ES\",\"@id\":\"https:\\\/\\\/gastronomicament.cat\\\/ca\\\/canyes-vi-tapes-al-teatre-de-barra#primaryimage\",\"url\":\"https:\\\/\\\/gastronomicament.cat\\\/wp-content\\\/uploads\\\/2018\\\/02\\\/Foto-Jaume-Salom-Teatre-de-Barra.jpg\",\"contentUrl\":\"https:\\\/\\\/gastronomicament.cat\\\/wp-content\\\/uploads\\\/2018\\\/02\\\/Foto-Jaume-Salom-Teatre-de-Barra.jpg\",\"width\":960,\"height\":639},{\"@type\":\"WebSite\",\"@id\":\"https:\\\/\\\/gastronomicament.cat\\\/ca\\\/#website\",\"url\":\"https:\\\/\\\/gastronomicament.cat\\\/ca\\\/\",\"name\":\"Gastron\u00f2micament\",\"description\":\"Portal de restaurants, receptes i actualitat gastron\u00f2mica\",\"publisher\":{\"@id\":\"https:\\\/\\\/gastronomicament.cat\\\/ca\\\/#organization\"},\"potentialAction\":[{\"@type\":\"SearchAction\",\"target\":{\"@type\":\"EntryPoint\",\"urlTemplate\":\"https:\\\/\\\/gastronomicament.cat\\\/ca\\\/?s={search_term_string}\"},\"query-input\":{\"@type\":\"PropertyValueSpecification\",\"valueRequired\":true,\"valueName\":\"search_term_string\"}}],\"inLanguage\":\"ca-ES\"},{\"@type\":\"Organization\",\"@id\":\"https:\\\/\\\/gastronomicament.cat\\\/ca\\\/#organization\",\"name\":\"Gastron\u00f2micament\",\"url\":\"https:\\\/\\\/gastronomicament.cat\\\/ca\\\/\",\"logo\":{\"@type\":\"ImageObject\",\"inLanguage\":\"ca-ES\",\"@id\":\"https:\\\/\\\/gastronomicament.cat\\\/ca\\\/#\\\/schema\\\/logo\\\/image\\\/\",\"url\":\"https:\\\/\\\/gastronomicament.cat\\\/wp-content\\\/uploads\\\/2016\\\/09\\\/header-logo.jpg\",\"contentUrl\":\"https:\\\/\\\/gastronomicament.cat\\\/wp-content\\\/uploads\\\/2016\\\/09\\\/header-logo.jpg\",\"width\":277,\"height\":39,\"caption\":\"Gastron\u00f2micament\"},\"image\":{\"@id\":\"https:\\\/\\\/gastronomicament.cat\\\/ca\\\/#\\\/schema\\\/logo\\\/image\\\/\"},\"sameAs\":[\"https:\\\/\\\/x.com\\\/gastronomicamen\"]},{\"@type\":\"Person\",\"@id\":\"https:\\\/\\\/gastronomicament.cat\\\/ca\\\/#\\\/schema\\\/person\\\/a7c85c537a1ed62799a5b8e0f686a37f\",\"name\":\"Redacci\u00f3\",\"image\":{\"@type\":\"ImageObject\",\"inLanguage\":\"ca-ES\",\"@id\":\"https:\\\/\\\/secure.gravatar.com\\\/avatar\\\/9489a485c464fd611d33825daae651d13db70c4e74c65c94937a15a9d4c3ee14?s=96&d=mm&r=g69fea3cce3645dfa2166e7293e22955e\",\"url\":\"https:\\\/\\\/secure.gravatar.com\\\/avatar\\\/9489a485c464fd611d33825daae651d13db70c4e74c65c94937a15a9d4c3ee14?s=96&d=mm&r=g\",\"contentUrl\":\"https:\\\/\\\/secure.gravatar.com\\\/avatar\\\/9489a485c464fd611d33825daae651d13db70c4e74c65c94937a15a9d4c3ee14?s=96&d=mm&r=g\",\"caption\":\"Redacci\u00f3\"},\"sameAs\":[\"http:\\\/\\\/gastronomicament.cat\"],\"url\":\"https:\\\/\\\/gastronomicament.cat\\\/ca\\\/author\\\/admin\"}]}<\/script>\n<!-- \/ Yoast SEO plugin. -->","yoast_head_json":{"title":"Canyes, vi i tapes al Teatre de Barra - Gastron\u00f2micament","description":"Canyes, vi i tapes al Teatre de Barra Actualitat, Fires i rutes Un total de 5 bars del barri de Canamunt de Palma\u00a0faran d'escenari de 5 obres teatrals curtes que tenen el cabaret com a tema central","robots":{"index":"index","follow":"follow","max-snippet":"max-snippet:-1","max-image-preview":"max-image-preview:large","max-video-preview":"max-video-preview:-1"},"canonical":"https:\/\/gastronomicament.cat\/ca\/canyes-vi-tapes-al-teatre-de-barra","og_locale":"ca_ES","og_type":"article","og_title":"Canyes, vi i tapes al Teatre de Barra - Gastron\u00f2micament","og_description":"Canyes, vi i tapes al Teatre de Barra Actualitat, Fires i rutes Un total de 5 bars del barri de Canamunt de Palma\u00a0faran d'escenari de 5 obres teatrals curtes que tenen el cabaret com a tema central","og_url":"https:\/\/gastronomicament.cat\/ca\/canyes-vi-tapes-al-teatre-de-barra","og_site_name":"Gastron\u00f2micament","article_published_time":"2018-02-22T08:47:41+00:00","article_modified_time":"2022-04-07T09:09:50+00:00","og_image":[{"width":960,"height":639,"url":"https:\/\/gastronomicament.cat\/wp-content\/uploads\/2018\/02\/Foto-Jaume-Salom-Teatre-de-Barra.jpg","type":"image\/jpeg"}],"author":"Redacci\u00f3","twitter_card":"summary_large_image","twitter_creator":"@gastronomicamen","twitter_site":"@gastronomicamen","twitter_misc":{"Written by":"Redacci\u00f3","Est. reading time":"3 minutes"},"schema":{"@context":"https:\/\/schema.org","@graph":[{"@type":"Article","@id":"https:\/\/gastronomicament.cat\/ca\/canyes-vi-tapes-al-teatre-de-barra#article","isPartOf":{"@id":"https:\/\/gastronomicament.cat\/ca\/canyes-vi-tapes-al-teatre-de-barra"},"author":{"name":"Redacci\u00f3","@id":"https:\/\/gastronomicament.cat\/ca\/#\/schema\/person\/a7c85c537a1ed62799a5b8e0f686a37f"},"headline":"Canyes, vi i tapes al Teatre de Barra","datePublished":"2018-02-22T08:47:41+00:00","dateModified":"2022-04-07T09:09:50+00:00","mainEntityOfPage":{"@id":"https:\/\/gastronomicament.cat\/ca\/canyes-vi-tapes-al-teatre-de-barra"},"wordCount":557,"commentCount":0,"publisher":{"@id":"https:\/\/gastronomicament.cat\/ca\/#organization"},"image":{"@id":"https:\/\/gastronomicament.cat\/ca\/canyes-vi-tapes-al-teatre-de-barra#primaryimage"},"thumbnailUrl":"https:\/\/gastronomicament.cat\/wp-content\/uploads\/2018\/02\/Foto-Jaume-Salom-Teatre-de-Barra.jpg","articleSection":["Actualitat","Fires i rutes"],"inLanguage":"ca-ES","potentialAction":[{"@type":"CommentAction","name":"Comment","target":["https:\/\/gastronomicament.cat\/ca\/canyes-vi-tapes-al-teatre-de-barra#respond"]}]},{"@type":"WebPage","@id":"https:\/\/gastronomicament.cat\/ca\/canyes-vi-tapes-al-teatre-de-barra","url":"https:\/\/gastronomicament.cat\/ca\/canyes-vi-tapes-al-teatre-de-barra","name":"Canyes, vi i tapes al Teatre de Barra - Gastron\u00f2micament","isPartOf":{"@id":"https:\/\/gastronomicament.cat\/ca\/#website"},"primaryImageOfPage":{"@id":"https:\/\/gastronomicament.cat\/ca\/canyes-vi-tapes-al-teatre-de-barra#primaryimage"},"image":{"@id":"https:\/\/gastronomicament.cat\/ca\/canyes-vi-tapes-al-teatre-de-barra#primaryimage"},"thumbnailUrl":"https:\/\/gastronomicament.cat\/wp-content\/uploads\/2018\/02\/Foto-Jaume-Salom-Teatre-de-Barra.jpg","datePublished":"2018-02-22T08:47:41+00:00","dateModified":"2022-04-07T09:09:50+00:00","description":"Canyes, vi i tapes al Teatre de Barra Actualitat, Fires i rutes Un total de 5 bars del barri de Canamunt de Palma\u00a0faran d'escenari de 5 obres teatrals curtes que tenen el cabaret com a tema central","inLanguage":"ca-ES","potentialAction":[{"@type":"ReadAction","target":["https:\/\/gastronomicament.cat\/ca\/canyes-vi-tapes-al-teatre-de-barra"]}]},{"@type":"ImageObject","inLanguage":"ca-ES","@id":"https:\/\/gastronomicament.cat\/ca\/canyes-vi-tapes-al-teatre-de-barra#primaryimage","url":"https:\/\/gastronomicament.cat\/wp-content\/uploads\/2018\/02\/Foto-Jaume-Salom-Teatre-de-Barra.jpg","contentUrl":"https:\/\/gastronomicament.cat\/wp-content\/uploads\/2018\/02\/Foto-Jaume-Salom-Teatre-de-Barra.jpg","width":960,"height":639},{"@type":"WebSite","@id":"https:\/\/gastronomicament.cat\/ca\/#website","url":"https:\/\/gastronomicament.cat\/ca\/","name":"Gastron\u00f2micament","description":"Portal de restaurants, receptes i actualitat gastron\u00f2mica","publisher":{"@id":"https:\/\/gastronomicament.cat\/ca\/#organization"},"potentialAction":[{"@type":"SearchAction","target":{"@type":"EntryPoint","urlTemplate":"https:\/\/gastronomicament.cat\/ca\/?s={search_term_string}"},"query-input":{"@type":"PropertyValueSpecification","valueRequired":true,"valueName":"search_term_string"}}],"inLanguage":"ca-ES"},{"@type":"Organization","@id":"https:\/\/gastronomicament.cat\/ca\/#organization","name":"Gastron\u00f2micament","url":"https:\/\/gastronomicament.cat\/ca\/","logo":{"@type":"ImageObject","inLanguage":"ca-ES","@id":"https:\/\/gastronomicament.cat\/ca\/#\/schema\/logo\/image\/","url":"https:\/\/gastronomicament.cat\/wp-content\/uploads\/2016\/09\/header-logo.jpg","contentUrl":"https:\/\/gastronomicament.cat\/wp-content\/uploads\/2016\/09\/header-logo.jpg","width":277,"height":39,"caption":"Gastron\u00f2micament"},"image":{"@id":"https:\/\/gastronomicament.cat\/ca\/#\/schema\/logo\/image\/"},"sameAs":["https:\/\/x.com\/gastronomicamen"]},{"@type":"Person","@id":"https:\/\/gastronomicament.cat\/ca\/#\/schema\/person\/a7c85c537a1ed62799a5b8e0f686a37f","name":"Redacci\u00f3","image":{"@type":"ImageObject","inLanguage":"ca-ES","@id":"https:\/\/secure.gravatar.com\/avatar\/9489a485c464fd611d33825daae651d13db70c4e74c65c94937a15a9d4c3ee14?s=96&d=mm&r=g69fea3cce3645dfa2166e7293e22955e","url":"https:\/\/secure.gravatar.com\/avatar\/9489a485c464fd611d33825daae651d13db70c4e74c65c94937a15a9d4c3ee14?s=96&d=mm&r=g","contentUrl":"https:\/\/secure.gravatar.com\/avatar\/9489a485c464fd611d33825daae651d13db70c4e74c65c94937a15a9d4c3ee14?s=96&d=mm&r=g","caption":"Redacci\u00f3"},"sameAs":["http:\/\/gastronomicament.cat"],"url":"https:\/\/gastronomicament.cat\/ca\/author\/admin"}]}},"_links":{"self":[{"href":"https:\/\/gastronomicament.cat\/ca\/wp-json\/wp\/v2\/posts\/20969","targetHints":{"allow":["GET"]}}],"collection":[{"href":"https:\/\/gastronomicament.cat\/ca\/wp-json\/wp\/v2\/posts"}],"about":[{"href":"https:\/\/gastronomicament.cat\/ca\/wp-json\/wp\/v2\/types\/post"}],"author":[{"embeddable":true,"href":"https:\/\/gastronomicament.cat\/ca\/wp-json\/wp\/v2\/users\/1"}],"replies":[{"embeddable":true,"href":"https:\/\/gastronomicament.cat\/ca\/wp-json\/wp\/v2\/comments?post=20969"}],"version-history":[{"count":0,"href":"https:\/\/gastronomicament.cat\/ca\/wp-json\/wp\/v2\/posts\/20969\/revisions"}],"wp:featuredmedia":[{"embeddable":true,"href":"https:\/\/gastronomicament.cat\/ca\/wp-json\/wp\/v2\/media\/20970"}],"wp:attachment":[{"href":"https:\/\/gastronomicament.cat\/ca\/wp-json\/wp\/v2\/media?parent=20969"}],"wp:term":[{"taxonomy":"category","embeddable":true,"href":"https:\/\/gastronomicament.cat\/ca\/wp-json\/wp\/v2\/categories?post=20969"},{"taxonomy":"post_tag","embeddable":true,"href":"https:\/\/gastronomicament.cat\/ca\/wp-json\/wp\/v2\/tags?post=20969"},{"taxonomy":"author","embeddable":true,"href":"https:\/\/gastronomicament.cat\/ca\/wp-json\/wp\/v2\/coauthors?post=20969"}],"curies":[{"name":"wp","href":"https:\/\/api.w.org\/{rel}","templated":true}]}}