{"id":21084,"date":"2018-03-06T17:54:19","date_gmt":"2018-03-06T16:54:19","guid":{"rendered":"http:\/\/gastronomicament.cat\/?p=21084"},"modified":"2022-04-07T11:09:56","modified_gmt":"2022-04-07T09:09:56","slug":"cava-aa-mirgin-exeo-castell-remei-1780-roda-i-reserva-2010","status":"publish","type":"post","link":"https:\/\/gastronomicament.cat\/ca\/cava-aa-mirgin-exeo-castell-remei-1780-roda-i-reserva-2010","title":{"rendered":"Cava AA Mirgin Exeo &#8211; Castell Remei 1780 &#8211; Roda I Reserva 2010"},"content":{"rendered":"<h4><strong>Cava AA Mirgin Exeo<\/strong><\/h4>\n<p><a href=\"http:\/\/gastronomicament.cat\/wp-content\/uploads\/2018\/03\/Cava-AA-Mirgin-Exeo-Alta-Alella.jpg\" rel=\"asdf\"><img decoding=\"async\" class=\"alignleft wp-image-21085 size-medium\" src=\"http:\/\/gastronomicament.cat\/wp-content\/uploads\/2018\/03\/Cava-AA-Mirgin-Exeo-Alta-Alella-300x300.jpg\" alt=\"\" width=\"300\" height=\"300\" srcset=\"https:\/\/gastronomicament.cat\/wp-content\/uploads\/2018\/03\/Cava-AA-Mirgin-Exeo-Alta-Alella-300x300.jpg 300w, https:\/\/gastronomicament.cat\/wp-content\/uploads\/2018\/03\/Cava-AA-Mirgin-Exeo-Alta-Alella-150x150.jpg 150w, https:\/\/gastronomicament.cat\/wp-content\/uploads\/2018\/03\/Cava-AA-Mirgin-Exeo-Alta-Alella-768x768.jpg 768w, https:\/\/gastronomicament.cat\/wp-content\/uploads\/2018\/03\/Cava-AA-Mirgin-Exeo-Alta-Alella-50x50.jpg 50w, https:\/\/gastronomicament.cat\/wp-content\/uploads\/2018\/03\/Cava-AA-Mirgin-Exeo-Alta-Alella-650x650.jpg 650w, https:\/\/gastronomicament.cat\/wp-content\/uploads\/2018\/03\/Cava-AA-Mirgin-Exeo-Alta-Alella-60x60.jpg 60w, https:\/\/gastronomicament.cat\/wp-content\/uploads\/2018\/03\/Cava-AA-Mirgin-Exeo-Alta-Alella.jpg 800w\" sizes=\"(max-width: 300px) 100vw, 300px\" \/><\/a>El celler Alta Alella presenta el seu primer\u00a0<strong>Cava de Paratge Qualificat<\/strong>, elaborat exclusivament en anyades excepcionals. Aquesta certificaci\u00f3, que actualment nom\u00e9s tenen 9 cellers,\u00a0correspon a la m\u00e9s destacada categoria premium del sector; un reconeixement que atorga la denominaci\u00f3 als caves procedents de paratges determinats amb unes condicions clim\u00e0tiques i geol\u00f2giques singulars. Alta Alella \u00e9s un celler familiar que va n\u00e9ixer fa m\u00e9s de vint anys de la m\u00e0 d\u2019en Josep Maria Pujol-Busquets i la seva esposa Cristina Guill\u00e9n, quan van adquirir la finca noucentista Can Gen\u00eds.<\/p>\n<p>El cava AA Mirgin Exeos&#8217;elabora a partir d&#8217;una acurada selecci\u00f3 de les millors\u00a0<strong>ra\u00efms ecol\u00f2gics<\/strong>\u00a0del paratge qualificat Vallcirera, els quals es destinaven fins a l&#8217;any 2012 al cupatge del vi blanc premium Exeo. L&#8217;any 2013 es va decidir retirar aquest vi del mercat per destinar el ra\u00efm al cava,<strong>\u00a0elaborat rigorosament mitjan\u00e7ant el M\u00e9thode Traditionnelle Champenoise<\/strong>\u00a0amb un per\u00edode \u00f2ptim de crian\u00e7a amb tap de suro i presentat al mercat acabat de degollar a m\u00e0. Ha rebut 96 punts i est\u00e0 en el quadre d&#8217;honor del\u00a0<em>Anuari de Vins El Pa\u00eds<\/em>; 91 punts Decanter Cava; i 91 a la Guia Pe\u00f1\u00edn. Preu: 55<\/p>\n<h4><strong>Castell Remei 1780<\/strong><\/h4>\n<p><a href=\"http:\/\/gastronomicament.cat\/wp-content\/uploads\/2018\/03\/Castell-del-Remei-1780-2014.jpg\" rel=\"asdf\"><img decoding=\"async\" class=\"alignleft wp-image-21087 size-medium\" src=\"http:\/\/gastronomicament.cat\/wp-content\/uploads\/2018\/03\/Castell-del-Remei-1780-2014-300x300.jpg\" alt=\"\" width=\"300\" height=\"300\" srcset=\"https:\/\/gastronomicament.cat\/wp-content\/uploads\/2018\/03\/Castell-del-Remei-1780-2014-300x300.jpg 300w, https:\/\/gastronomicament.cat\/wp-content\/uploads\/2018\/03\/Castell-del-Remei-1780-2014-150x150.jpg 150w, https:\/\/gastronomicament.cat\/wp-content\/uploads\/2018\/03\/Castell-del-Remei-1780-2014-768x768.jpg 768w, https:\/\/gastronomicament.cat\/wp-content\/uploads\/2018\/03\/Castell-del-Remei-1780-2014-50x50.jpg 50w, https:\/\/gastronomicament.cat\/wp-content\/uploads\/2018\/03\/Castell-del-Remei-1780-2014-650x650.jpg 650w, https:\/\/gastronomicament.cat\/wp-content\/uploads\/2018\/03\/Castell-del-Remei-1780-2014-60x60.jpg 60w, https:\/\/gastronomicament.cat\/wp-content\/uploads\/2018\/03\/Castell-del-Remei-1780-2014.jpg 800w\" sizes=\"(max-width: 300px) 100vw, 300px\" \/><\/a>Aquest celler acaba de treure al mercat l&#8217;anyada de 2014, una joia per als amants del bon vi negre. El celler Castell del Remei va ser el\u00a0<strong>primer elaborador de vins fins de crian\u00e7a a Catalunya<\/strong>\u00a0i \u00e9s la cinquena marca registrada m\u00e9s antiga d&#8217;Espanya. El 1780 ret homenatge a la data en que aquest celler va fer els primers vins i, per aix\u00f2, dona nom al vi m\u00e9s selecta de Castell del Remei. Tot i aix\u00f2, cal dir que hi ha indicis d\u2019elaboraci\u00f3 de vi a la finca des de l\u2019\u00e8poca romana.<\/p>\n<p>\u00c9s un<strong>\u00a0vi red\u00f3, un gran reserva elegant\u00a0<\/strong>que pertany a la denominaci\u00f3 d&#8217;origen Costers del Segre. Est\u00e0 elaborat amb les varietats\u00a0<strong>Cabernet, Ull de Llebre, Garnatxa i Merlot<\/strong>. T\u00e9 una crian\u00e7a de 18 mesos en b\u00f3tes noves de roure franc\u00e8s i americ\u00e0, amb un m\u00ednim de 24 mesos en ampolla abans de sortir al mercat. Preu: 22,95<\/p>\n<h4><strong>Roda I Reserva 2010<\/strong><\/h4>\n<p><a href=\"http:\/\/gastronomicament.cat\/wp-content\/uploads\/2018\/03\/Roda-I-Reserva-2010-Rioja.jpg\" rel=\"asdf\"><img decoding=\"async\" class=\"alignleft wp-image-21088 size-medium\" src=\"http:\/\/gastronomicament.cat\/wp-content\/uploads\/2018\/03\/Roda-I-Reserva-2010-Rioja-300x300.jpg\" alt=\"\" width=\"300\" height=\"300\" srcset=\"https:\/\/gastronomicament.cat\/wp-content\/uploads\/2018\/03\/Roda-I-Reserva-2010-Rioja-300x300.jpg 300w, https:\/\/gastronomicament.cat\/wp-content\/uploads\/2018\/03\/Roda-I-Reserva-2010-Rioja-150x150.jpg 150w, https:\/\/gastronomicament.cat\/wp-content\/uploads\/2018\/03\/Roda-I-Reserva-2010-Rioja-768x768.jpg 768w, https:\/\/gastronomicament.cat\/wp-content\/uploads\/2018\/03\/Roda-I-Reserva-2010-Rioja-50x50.jpg 50w, https:\/\/gastronomicament.cat\/wp-content\/uploads\/2018\/03\/Roda-I-Reserva-2010-Rioja-650x650.jpg 650w, https:\/\/gastronomicament.cat\/wp-content\/uploads\/2018\/03\/Roda-I-Reserva-2010-Rioja-60x60.jpg 60w, https:\/\/gastronomicament.cat\/wp-content\/uploads\/2018\/03\/Roda-I-Reserva-2010-Rioja.jpg 800w\" sizes=\"(max-width: 300px) 100vw, 300px\" \/><\/a>El Celler Roda presenta la nova anyada del vi Roda I, que coincideix amb el 30 aniversari d&#8217;aquesta casa de vins, una de les m\u00e9s destacades de la\u00a0<strong>denominaci\u00f3 d&#8217;origen qualificada Rioja<\/strong>, amb m\u00e9s de 70 hect\u00e0rees de finca en propietat i 50 prove\u00efdors externs. Mario Rotllant i Carme Daurella varen fundar el celler l&#8217;any 1987 i, tot i ser la darrera en incorporar-se a la denominaci\u00f3 d&#8217;origen, ha estat<strong>\u00a0pionera a l&#8217;hora de valorar les vinyes velles<\/strong>\u00a0i recuperar l&#8217;ess\u00e8ncia de la viticultura tradicional.<\/p>\n<p>Roda I 2010 \u00e9s un\u00a0<strong>vi reserva negre excepcional i, alhora, elegant<\/strong>, de color de cirera picota amb un rivet vermell fosc. \u00c9s un vi molt intens amb aromes de fruita molt negra que recorden prunes negres mesclades amb esp\u00e8cies dolces com el cacau. \u00c9s un\u00a0<strong>vi molt sed\u00f3s, viu i d&#8217;enorme complexitat<\/strong>. Preu: 45 euros.<\/p>\n","protected":false},"excerpt":{"rendered":"<p>Vin\u00edcola, la secci\u00f3 de vins i licors de Gastron\u00f2micament us ofereix una tria seleccionada de les&hellip;<\/p>\n","protected":false},"author":1,"featured_media":21094,"comment_status":"open","ping_status":"closed","sticky":false,"template":"","format":"gallery","meta":{"_acf_changed":false,"_swt_meta_header_display":false,"_swt_meta_footer_display":false,"_swt_meta_site_title_display":false,"_swt_meta_sticky_header":false,"_swt_meta_transparent_header":false,"footnotes":""},"categories":[692,963],"tags":[],"coauthors":[],"class_list":["post-21084","post","type-post","status-publish","format-gallery","has-post-thumbnail","hentry","category-actualitat","category-vinicola-actualitat","post_format-post-format-gallery"],"acf":{"gallery":null,"home_date":{"home_begin_date":null,"home_end_date":null}},"yoast_head":"<!-- This site is optimized with the Yoast SEO plugin v27.4 - https:\/\/yoast.com\/product\/yoast-seo-wordpress\/ -->\n<title>Cava AA Mirgin Exeo - Castell Remei 1780 - Roda I Reserva 2010 - Gastron\u00f2micament<\/title>\n<meta name=\"description\" content=\"Cava AA Mirgin Exeo - Castell Remei 1780 - Roda I Reserva 2010 Actualitat, Vin\u00edcola Vin\u00edcola, la secci\u00f3 de vins i licors de Gastron\u00f2micament us ofereix una tria seleccionada de les novetats i propotes m\u00e9s destacades de l&#039;actualitat.\" \/>\n<meta name=\"robots\" content=\"index, follow, max-snippet:-1, max-image-preview:large, max-video-preview:-1\" \/>\n<link rel=\"canonical\" href=\"https:\/\/gastronomicament.cat\/ca\/cava-aa-mirgin-exeo-castell-remei-1780-roda-i-reserva-2010\" \/>\n<meta property=\"og:locale\" content=\"ca_ES\" \/>\n<meta property=\"og:type\" content=\"article\" \/>\n<meta property=\"og:title\" content=\"Cava AA Mirgin Exeo - Castell Remei 1780 - Roda I Reserva 2010 - Gastron\u00f2micament\" \/>\n<meta property=\"og:description\" content=\"Cava AA Mirgin Exeo - Castell Remei 1780 - Roda I Reserva 2010 Actualitat, Vin\u00edcola Vin\u00edcola, la secci\u00f3 de vins i licors de Gastron\u00f2micament us ofereix una tria seleccionada de les novetats i propotes m\u00e9s destacades de l&#039;actualitat.\" \/>\n<meta property=\"og:url\" content=\"https:\/\/gastronomicament.cat\/ca\/cava-aa-mirgin-exeo-castell-remei-1780-roda-i-reserva-2010\" \/>\n<meta property=\"og:site_name\" content=\"Gastron\u00f2micament\" \/>\n<meta property=\"article:published_time\" content=\"2018-03-06T16:54:19+00:00\" \/>\n<meta property=\"article:modified_time\" content=\"2022-04-07T09:09:56+00:00\" \/>\n<meta property=\"og:image\" content=\"https:\/\/gastronomicament.cat\/wp-content\/uploads\/2018\/03\/vinicola-novembre-2017.png\" \/>\n\t<meta property=\"og:image:width\" content=\"850\" \/>\n\t<meta property=\"og:image:height\" content=\"400\" \/>\n\t<meta property=\"og:image:type\" content=\"image\/png\" \/>\n<meta name=\"author\" content=\"Redacci\u00f3\" \/>\n<meta name=\"twitter:card\" content=\"summary_large_image\" \/>\n<meta name=\"twitter:creator\" content=\"@gastronomicamen\" \/>\n<meta name=\"twitter:site\" content=\"@gastronomicamen\" \/>\n<meta name=\"twitter:label1\" content=\"Written by\" \/>\n\t<meta name=\"twitter:data1\" content=\"Redacci\u00f3\" \/>\n\t<meta name=\"twitter:label2\" content=\"Est. reading time\" \/>\n\t<meta name=\"twitter:data2\" content=\"3 minutes\" \/>\n<script type=\"application\/ld+json\" class=\"yoast-schema-graph\">{\"@context\":\"https:\\\/\\\/schema.org\",\"@graph\":[{\"@type\":\"Article\",\"@id\":\"https:\\\/\\\/gastronomicament.cat\\\/ca\\\/cava-aa-mirgin-exeo-castell-remei-1780-roda-i-reserva-2010#article\",\"isPartOf\":{\"@id\":\"https:\\\/\\\/gastronomicament.cat\\\/ca\\\/cava-aa-mirgin-exeo-castell-remei-1780-roda-i-reserva-2010\"},\"author\":{\"name\":\"Redacci\u00f3\",\"@id\":\"https:\\\/\\\/gastronomicament.cat\\\/ca\\\/#\\\/schema\\\/person\\\/a7c85c537a1ed62799a5b8e0f686a37f\"},\"headline\":\"Cava AA Mirgin Exeo &#8211; Castell Remei 1780 &#8211; Roda I Reserva 2010\",\"datePublished\":\"2018-03-06T16:54:19+00:00\",\"dateModified\":\"2022-04-07T09:09:56+00:00\",\"mainEntityOfPage\":{\"@id\":\"https:\\\/\\\/gastronomicament.cat\\\/ca\\\/cava-aa-mirgin-exeo-castell-remei-1780-roda-i-reserva-2010\"},\"wordCount\":520,\"commentCount\":0,\"publisher\":{\"@id\":\"https:\\\/\\\/gastronomicament.cat\\\/ca\\\/#organization\"},\"image\":{\"@id\":\"https:\\\/\\\/gastronomicament.cat\\\/ca\\\/cava-aa-mirgin-exeo-castell-remei-1780-roda-i-reserva-2010#primaryimage\"},\"thumbnailUrl\":\"https:\\\/\\\/gastronomicament.cat\\\/wp-content\\\/uploads\\\/2018\\\/03\\\/vinicola-novembre-2017.png\",\"articleSection\":[\"Actualitat\",\"Vin\u00edcola\"],\"inLanguage\":\"ca-ES\",\"potentialAction\":[{\"@type\":\"CommentAction\",\"name\":\"Comment\",\"target\":[\"https:\\\/\\\/gastronomicament.cat\\\/ca\\\/cava-aa-mirgin-exeo-castell-remei-1780-roda-i-reserva-2010#respond\"]}]},{\"@type\":\"WebPage\",\"@id\":\"https:\\\/\\\/gastronomicament.cat\\\/ca\\\/cava-aa-mirgin-exeo-castell-remei-1780-roda-i-reserva-2010\",\"url\":\"https:\\\/\\\/gastronomicament.cat\\\/ca\\\/cava-aa-mirgin-exeo-castell-remei-1780-roda-i-reserva-2010\",\"name\":\"Cava AA Mirgin Exeo - Castell Remei 1780 - Roda I Reserva 2010 - Gastron\u00f2micament\",\"isPartOf\":{\"@id\":\"https:\\\/\\\/gastronomicament.cat\\\/ca\\\/#website\"},\"primaryImageOfPage\":{\"@id\":\"https:\\\/\\\/gastronomicament.cat\\\/ca\\\/cava-aa-mirgin-exeo-castell-remei-1780-roda-i-reserva-2010#primaryimage\"},\"image\":{\"@id\":\"https:\\\/\\\/gastronomicament.cat\\\/ca\\\/cava-aa-mirgin-exeo-castell-remei-1780-roda-i-reserva-2010#primaryimage\"},\"thumbnailUrl\":\"https:\\\/\\\/gastronomicament.cat\\\/wp-content\\\/uploads\\\/2018\\\/03\\\/vinicola-novembre-2017.png\",\"datePublished\":\"2018-03-06T16:54:19+00:00\",\"dateModified\":\"2022-04-07T09:09:56+00:00\",\"description\":\"Cava AA Mirgin Exeo - Castell Remei 1780 - Roda I Reserva 2010 Actualitat, Vin\u00edcola Vin\u00edcola, la secci\u00f3 de vins i licors de Gastron\u00f2micament us ofereix una tria seleccionada de les novetats i propotes m\u00e9s destacades de l'actualitat.\",\"inLanguage\":\"ca-ES\",\"potentialAction\":[{\"@type\":\"ReadAction\",\"target\":[\"https:\\\/\\\/gastronomicament.cat\\\/ca\\\/cava-aa-mirgin-exeo-castell-remei-1780-roda-i-reserva-2010\"]}]},{\"@type\":\"ImageObject\",\"inLanguage\":\"ca-ES\",\"@id\":\"https:\\\/\\\/gastronomicament.cat\\\/ca\\\/cava-aa-mirgin-exeo-castell-remei-1780-roda-i-reserva-2010#primaryimage\",\"url\":\"https:\\\/\\\/gastronomicament.cat\\\/wp-content\\\/uploads\\\/2018\\\/03\\\/vinicola-novembre-2017.png\",\"contentUrl\":\"https:\\\/\\\/gastronomicament.cat\\\/wp-content\\\/uploads\\\/2018\\\/03\\\/vinicola-novembre-2017.png\",\"width\":850,\"height\":400},{\"@type\":\"WebSite\",\"@id\":\"https:\\\/\\\/gastronomicament.cat\\\/ca\\\/#website\",\"url\":\"https:\\\/\\\/gastronomicament.cat\\\/ca\\\/\",\"name\":\"Gastron\u00f2micament\",\"description\":\"Portal de restaurants, receptes i actualitat gastron\u00f2mica\",\"publisher\":{\"@id\":\"https:\\\/\\\/gastronomicament.cat\\\/ca\\\/#organization\"},\"potentialAction\":[{\"@type\":\"SearchAction\",\"target\":{\"@type\":\"EntryPoint\",\"urlTemplate\":\"https:\\\/\\\/gastronomicament.cat\\\/ca\\\/?s={search_term_string}\"},\"query-input\":{\"@type\":\"PropertyValueSpecification\",\"valueRequired\":true,\"valueName\":\"search_term_string\"}}],\"inLanguage\":\"ca-ES\"},{\"@type\":\"Organization\",\"@id\":\"https:\\\/\\\/gastronomicament.cat\\\/ca\\\/#organization\",\"name\":\"Gastron\u00f2micament\",\"url\":\"https:\\\/\\\/gastronomicament.cat\\\/ca\\\/\",\"logo\":{\"@type\":\"ImageObject\",\"inLanguage\":\"ca-ES\",\"@id\":\"https:\\\/\\\/gastronomicament.cat\\\/ca\\\/#\\\/schema\\\/logo\\\/image\\\/\",\"url\":\"https:\\\/\\\/gastronomicament.cat\\\/wp-content\\\/uploads\\\/2016\\\/09\\\/header-logo.jpg\",\"contentUrl\":\"https:\\\/\\\/gastronomicament.cat\\\/wp-content\\\/uploads\\\/2016\\\/09\\\/header-logo.jpg\",\"width\":277,\"height\":39,\"caption\":\"Gastron\u00f2micament\"},\"image\":{\"@id\":\"https:\\\/\\\/gastronomicament.cat\\\/ca\\\/#\\\/schema\\\/logo\\\/image\\\/\"},\"sameAs\":[\"https:\\\/\\\/x.com\\\/gastronomicamen\"]},{\"@type\":\"Person\",\"@id\":\"https:\\\/\\\/gastronomicament.cat\\\/ca\\\/#\\\/schema\\\/person\\\/a7c85c537a1ed62799a5b8e0f686a37f\",\"name\":\"Redacci\u00f3\",\"image\":{\"@type\":\"ImageObject\",\"inLanguage\":\"ca-ES\",\"@id\":\"https:\\\/\\\/secure.gravatar.com\\\/avatar\\\/9489a485c464fd611d33825daae651d13db70c4e74c65c94937a15a9d4c3ee14?s=96&d=mm&r=g69fea3cce3645dfa2166e7293e22955e\",\"url\":\"https:\\\/\\\/secure.gravatar.com\\\/avatar\\\/9489a485c464fd611d33825daae651d13db70c4e74c65c94937a15a9d4c3ee14?s=96&d=mm&r=g\",\"contentUrl\":\"https:\\\/\\\/secure.gravatar.com\\\/avatar\\\/9489a485c464fd611d33825daae651d13db70c4e74c65c94937a15a9d4c3ee14?s=96&d=mm&r=g\",\"caption\":\"Redacci\u00f3\"},\"sameAs\":[\"http:\\\/\\\/gastronomicament.cat\"],\"url\":\"https:\\\/\\\/gastronomicament.cat\\\/ca\\\/author\\\/admin\"}]}<\/script>\n<!-- \/ Yoast SEO plugin. -->","yoast_head_json":{"title":"Cava AA Mirgin Exeo - Castell Remei 1780 - Roda I Reserva 2010 - Gastron\u00f2micament","description":"Cava AA Mirgin Exeo - Castell Remei 1780 - Roda I Reserva 2010 Actualitat, Vin\u00edcola Vin\u00edcola, la secci\u00f3 de vins i licors de Gastron\u00f2micament us ofereix una tria seleccionada de les novetats i propotes m\u00e9s destacades de l'actualitat.","robots":{"index":"index","follow":"follow","max-snippet":"max-snippet:-1","max-image-preview":"max-image-preview:large","max-video-preview":"max-video-preview:-1"},"canonical":"https:\/\/gastronomicament.cat\/ca\/cava-aa-mirgin-exeo-castell-remei-1780-roda-i-reserva-2010","og_locale":"ca_ES","og_type":"article","og_title":"Cava AA Mirgin Exeo - Castell Remei 1780 - Roda I Reserva 2010 - Gastron\u00f2micament","og_description":"Cava AA Mirgin Exeo - Castell Remei 1780 - Roda I Reserva 2010 Actualitat, Vin\u00edcola Vin\u00edcola, la secci\u00f3 de vins i licors de Gastron\u00f2micament us ofereix una tria seleccionada de les novetats i propotes m\u00e9s destacades de l'actualitat.","og_url":"https:\/\/gastronomicament.cat\/ca\/cava-aa-mirgin-exeo-castell-remei-1780-roda-i-reserva-2010","og_site_name":"Gastron\u00f2micament","article_published_time":"2018-03-06T16:54:19+00:00","article_modified_time":"2022-04-07T09:09:56+00:00","og_image":[{"width":850,"height":400,"url":"https:\/\/gastronomicament.cat\/wp-content\/uploads\/2018\/03\/vinicola-novembre-2017.png","type":"image\/png"}],"author":"Redacci\u00f3","twitter_card":"summary_large_image","twitter_creator":"@gastronomicamen","twitter_site":"@gastronomicamen","twitter_misc":{"Written by":"Redacci\u00f3","Est. reading time":"3 minutes"},"schema":{"@context":"https:\/\/schema.org","@graph":[{"@type":"Article","@id":"https:\/\/gastronomicament.cat\/ca\/cava-aa-mirgin-exeo-castell-remei-1780-roda-i-reserva-2010#article","isPartOf":{"@id":"https:\/\/gastronomicament.cat\/ca\/cava-aa-mirgin-exeo-castell-remei-1780-roda-i-reserva-2010"},"author":{"name":"Redacci\u00f3","@id":"https:\/\/gastronomicament.cat\/ca\/#\/schema\/person\/a7c85c537a1ed62799a5b8e0f686a37f"},"headline":"Cava AA Mirgin Exeo &#8211; Castell Remei 1780 &#8211; Roda I Reserva 2010","datePublished":"2018-03-06T16:54:19+00:00","dateModified":"2022-04-07T09:09:56+00:00","mainEntityOfPage":{"@id":"https:\/\/gastronomicament.cat\/ca\/cava-aa-mirgin-exeo-castell-remei-1780-roda-i-reserva-2010"},"wordCount":520,"commentCount":0,"publisher":{"@id":"https:\/\/gastronomicament.cat\/ca\/#organization"},"image":{"@id":"https:\/\/gastronomicament.cat\/ca\/cava-aa-mirgin-exeo-castell-remei-1780-roda-i-reserva-2010#primaryimage"},"thumbnailUrl":"https:\/\/gastronomicament.cat\/wp-content\/uploads\/2018\/03\/vinicola-novembre-2017.png","articleSection":["Actualitat","Vin\u00edcola"],"inLanguage":"ca-ES","potentialAction":[{"@type":"CommentAction","name":"Comment","target":["https:\/\/gastronomicament.cat\/ca\/cava-aa-mirgin-exeo-castell-remei-1780-roda-i-reserva-2010#respond"]}]},{"@type":"WebPage","@id":"https:\/\/gastronomicament.cat\/ca\/cava-aa-mirgin-exeo-castell-remei-1780-roda-i-reserva-2010","url":"https:\/\/gastronomicament.cat\/ca\/cava-aa-mirgin-exeo-castell-remei-1780-roda-i-reserva-2010","name":"Cava AA Mirgin Exeo - Castell Remei 1780 - Roda I Reserva 2010 - Gastron\u00f2micament","isPartOf":{"@id":"https:\/\/gastronomicament.cat\/ca\/#website"},"primaryImageOfPage":{"@id":"https:\/\/gastronomicament.cat\/ca\/cava-aa-mirgin-exeo-castell-remei-1780-roda-i-reserva-2010#primaryimage"},"image":{"@id":"https:\/\/gastronomicament.cat\/ca\/cava-aa-mirgin-exeo-castell-remei-1780-roda-i-reserva-2010#primaryimage"},"thumbnailUrl":"https:\/\/gastronomicament.cat\/wp-content\/uploads\/2018\/03\/vinicola-novembre-2017.png","datePublished":"2018-03-06T16:54:19+00:00","dateModified":"2022-04-07T09:09:56+00:00","description":"Cava AA Mirgin Exeo - Castell Remei 1780 - Roda I Reserva 2010 Actualitat, Vin\u00edcola Vin\u00edcola, la secci\u00f3 de vins i licors de Gastron\u00f2micament us ofereix una tria seleccionada de les novetats i propotes m\u00e9s destacades de l'actualitat.","inLanguage":"ca-ES","potentialAction":[{"@type":"ReadAction","target":["https:\/\/gastronomicament.cat\/ca\/cava-aa-mirgin-exeo-castell-remei-1780-roda-i-reserva-2010"]}]},{"@type":"ImageObject","inLanguage":"ca-ES","@id":"https:\/\/gastronomicament.cat\/ca\/cava-aa-mirgin-exeo-castell-remei-1780-roda-i-reserva-2010#primaryimage","url":"https:\/\/gastronomicament.cat\/wp-content\/uploads\/2018\/03\/vinicola-novembre-2017.png","contentUrl":"https:\/\/gastronomicament.cat\/wp-content\/uploads\/2018\/03\/vinicola-novembre-2017.png","width":850,"height":400},{"@type":"WebSite","@id":"https:\/\/gastronomicament.cat\/ca\/#website","url":"https:\/\/gastronomicament.cat\/ca\/","name":"Gastron\u00f2micament","description":"Portal de restaurants, receptes i actualitat gastron\u00f2mica","publisher":{"@id":"https:\/\/gastronomicament.cat\/ca\/#organization"},"potentialAction":[{"@type":"SearchAction","target":{"@type":"EntryPoint","urlTemplate":"https:\/\/gastronomicament.cat\/ca\/?s={search_term_string}"},"query-input":{"@type":"PropertyValueSpecification","valueRequired":true,"valueName":"search_term_string"}}],"inLanguage":"ca-ES"},{"@type":"Organization","@id":"https:\/\/gastronomicament.cat\/ca\/#organization","name":"Gastron\u00f2micament","url":"https:\/\/gastronomicament.cat\/ca\/","logo":{"@type":"ImageObject","inLanguage":"ca-ES","@id":"https:\/\/gastronomicament.cat\/ca\/#\/schema\/logo\/image\/","url":"https:\/\/gastronomicament.cat\/wp-content\/uploads\/2016\/09\/header-logo.jpg","contentUrl":"https:\/\/gastronomicament.cat\/wp-content\/uploads\/2016\/09\/header-logo.jpg","width":277,"height":39,"caption":"Gastron\u00f2micament"},"image":{"@id":"https:\/\/gastronomicament.cat\/ca\/#\/schema\/logo\/image\/"},"sameAs":["https:\/\/x.com\/gastronomicamen"]},{"@type":"Person","@id":"https:\/\/gastronomicament.cat\/ca\/#\/schema\/person\/a7c85c537a1ed62799a5b8e0f686a37f","name":"Redacci\u00f3","image":{"@type":"ImageObject","inLanguage":"ca-ES","@id":"https:\/\/secure.gravatar.com\/avatar\/9489a485c464fd611d33825daae651d13db70c4e74c65c94937a15a9d4c3ee14?s=96&d=mm&r=g69fea3cce3645dfa2166e7293e22955e","url":"https:\/\/secure.gravatar.com\/avatar\/9489a485c464fd611d33825daae651d13db70c4e74c65c94937a15a9d4c3ee14?s=96&d=mm&r=g","contentUrl":"https:\/\/secure.gravatar.com\/avatar\/9489a485c464fd611d33825daae651d13db70c4e74c65c94937a15a9d4c3ee14?s=96&d=mm&r=g","caption":"Redacci\u00f3"},"sameAs":["http:\/\/gastronomicament.cat"],"url":"https:\/\/gastronomicament.cat\/ca\/author\/admin"}]}},"_links":{"self":[{"href":"https:\/\/gastronomicament.cat\/ca\/wp-json\/wp\/v2\/posts\/21084","targetHints":{"allow":["GET"]}}],"collection":[{"href":"https:\/\/gastronomicament.cat\/ca\/wp-json\/wp\/v2\/posts"}],"about":[{"href":"https:\/\/gastronomicament.cat\/ca\/wp-json\/wp\/v2\/types\/post"}],"author":[{"embeddable":true,"href":"https:\/\/gastronomicament.cat\/ca\/wp-json\/wp\/v2\/users\/1"}],"replies":[{"embeddable":true,"href":"https:\/\/gastronomicament.cat\/ca\/wp-json\/wp\/v2\/comments?post=21084"}],"version-history":[{"count":0,"href":"https:\/\/gastronomicament.cat\/ca\/wp-json\/wp\/v2\/posts\/21084\/revisions"}],"wp:featuredmedia":[{"embeddable":true,"href":"https:\/\/gastronomicament.cat\/ca\/wp-json\/wp\/v2\/media\/21094"}],"wp:attachment":[{"href":"https:\/\/gastronomicament.cat\/ca\/wp-json\/wp\/v2\/media?parent=21084"}],"wp:term":[{"taxonomy":"category","embeddable":true,"href":"https:\/\/gastronomicament.cat\/ca\/wp-json\/wp\/v2\/categories?post=21084"},{"taxonomy":"post_tag","embeddable":true,"href":"https:\/\/gastronomicament.cat\/ca\/wp-json\/wp\/v2\/tags?post=21084"},{"taxonomy":"author","embeddable":true,"href":"https:\/\/gastronomicament.cat\/ca\/wp-json\/wp\/v2\/coauthors?post=21084"}],"curies":[{"name":"wp","href":"https:\/\/api.w.org\/{rel}","templated":true}]}}