{"id":21171,"date":"2018-03-14T09:56:53","date_gmt":"2018-03-14T08:56:53","guid":{"rendered":"http:\/\/gastronomicament.cat\/?p=21171"},"modified":"2022-04-07T11:09:57","modified_gmt":"2022-04-07T09:09:57","slug":"arriba-la-i-fira-de-la-cervesa-artesanal-de-mallorca","status":"publish","type":"post","link":"https:\/\/gastronomicament.cat\/ca\/arriba-la-i-fira-de-la-cervesa-artesanal-de-mallorca","title":{"rendered":"Arriba la I Fira de la Cervesa Artesanal de Mallorca"},"content":{"rendered":"<blockquote><p><em>Es far\u00e0 els dies 16, 17 i 18 de mar\u00e7 al Bierkonig Centre de la Platja de Palma<\/em><\/p><\/blockquote>\n<p>Aquest cap de setmana teniu una bona oportunitat per con\u00e8ixer de primera m\u00e0 una bona selecci\u00f3 de cerveseres naturals de Mallorca.\u00a0<strong>Cas Cerveser<\/strong>,<strong>\u00a0Sa Forastera<\/strong>,\u00a0<strong>Beer Lovers<\/strong>,\u00a0<strong>Sa Nau<\/strong>,\u00a0<strong>Ralf\u00a0<\/strong>i\u00a0<strong>Toutatis\u00a0<\/strong>seran presents al Bierkoing Centre de la Platja de Palma amb totes les cerveses artesanes que elaboren.<\/p>\n<p>L&#8217;entrada \u00e9s gratu\u00efta i cada canya tendr\u00e0 un cost de 3 euros. La fira es complementar\u00e0 amb actuacions musicals en directe i propostes per picar. Des de Bierkonig, que est\u00e0 gestionat per l&#8217;empresa Nova Hospitality, tamb\u00e9 han comentat que han creat una cervesa pr\u00f2pia que ser\u00e0 la que donaran a degustar als seus clients, principalment d&#8217;origen germ\u00e0nic, una cervesa tamb\u00e9 artesanal elaborada per Beer Lovers.<\/p>\n<p>L&#8217;horari de la I Fira de la Cervesa Artesanal de Mallorca \u00e9s el seg\u00fcent:<\/p>\n<p><strong>Divendres\u00a0<\/strong>s&#8217;inaugurar\u00e0 a les 20.30 hores i fins les 3 de la matinada hi haur\u00e0 m\u00fasica.\u00a0<strong>Dissabte<\/strong>, romandr\u00e0 oberta de 12 a 3 h de la matinada, i\u00a0<strong>diumenge\u00a0<\/strong>obriran a les 12 i tancaran les portes a les 2 h de la matinada.<\/p>\n<p>Si voleu accedir a la\u00a0<a href=\"https:\/\/www.google.cat\/maps\/dir\/''\/bierkonig\/@39.5170506,2.6763991,12z\/data=!4m8!4m7!1m0!1m5!1m1!1s0x129792f892f2ad61:0x6b817389b34f2799!2m2!1d2.7464391!2d39.5170716\">ubicaci\u00f3 de Bierkonig Centre, clicau aqu\u00ed<\/a>.<\/p>\n","protected":false},"excerpt":{"rendered":"<p>Aquest cap de setmana teniu una bona oportunitat per con\u00e8ixer de primera m\u00e0 una bona selecci\u00f3&hellip;<\/p>\n","protected":false},"author":1,"featured_media":21172,"comment_status":"open","ping_status":"closed","sticky":false,"template":"","format":"standard","meta":{"_acf_changed":false,"_swt_meta_header_display":false,"_swt_meta_footer_display":false,"_swt_meta_site_title_display":false,"_swt_meta_sticky_header":false,"_swt_meta_transparent_header":false,"footnotes":""},"categories":[692,954],"tags":[],"coauthors":[],"class_list":["post-21171","post","type-post","status-publish","format-standard","has-post-thumbnail","hentry","category-actualitat","category-fires-i-rutes"],"acf":{"gallery":null,"home_date":{"home_begin_date":null,"home_end_date":null}},"yoast_head":"<!-- This site is optimized with the Yoast SEO plugin v27.4 - https:\/\/yoast.com\/product\/yoast-seo-wordpress\/ -->\n<title>Arriba la I Fira de la Cervesa Artesanal de Mallorca - Gastron\u00f2micament<\/title>\n<meta name=\"description\" content=\"Arriba la I Fira de la Cervesa Artesanal de Mallorca Actualitat, Fires i rutes Aquest cap de setmana teniu una bona oportunitat per con\u00e8ixer de primera m\u00e0 una bona selecci\u00f3 de cerveseres naturals de Mallorca\" \/>\n<meta name=\"robots\" content=\"index, follow, max-snippet:-1, max-image-preview:large, max-video-preview:-1\" \/>\n<link rel=\"canonical\" href=\"https:\/\/gastronomicament.cat\/ca\/arriba-la-i-fira-de-la-cervesa-artesanal-de-mallorca\" \/>\n<meta property=\"og:locale\" content=\"ca_ES\" \/>\n<meta property=\"og:type\" content=\"article\" \/>\n<meta property=\"og:title\" content=\"Arriba la I Fira de la Cervesa Artesanal de Mallorca - Gastron\u00f2micament\" \/>\n<meta property=\"og:description\" content=\"Arriba la I Fira de la Cervesa Artesanal de Mallorca Actualitat, Fires i rutes Aquest cap de setmana teniu una bona oportunitat per con\u00e8ixer de primera m\u00e0 una bona selecci\u00f3 de cerveseres naturals de Mallorca\" \/>\n<meta property=\"og:url\" content=\"https:\/\/gastronomicament.cat\/ca\/arriba-la-i-fira-de-la-cervesa-artesanal-de-mallorca\" \/>\n<meta property=\"og:site_name\" content=\"Gastron\u00f2micament\" \/>\n<meta property=\"article:published_time\" content=\"2018-03-14T08:56:53+00:00\" \/>\n<meta property=\"article:modified_time\" content=\"2022-04-07T09:09:57+00:00\" \/>\n<meta property=\"og:image\" content=\"https:\/\/gastronomicament.cat\/wp-content\/uploads\/2018\/03\/Fira-Cervesa-Artesana-i-Mallorquina-2018-Platja-de-Palma.jpg\" \/>\n\t<meta property=\"og:image:width\" content=\"2000\" \/>\n\t<meta property=\"og:image:height\" content=\"1335\" \/>\n\t<meta property=\"og:image:type\" content=\"image\/jpeg\" \/>\n<meta name=\"author\" content=\"Redacci\u00f3\" \/>\n<meta name=\"twitter:card\" content=\"summary_large_image\" \/>\n<meta name=\"twitter:creator\" content=\"@gastronomicamen\" \/>\n<meta name=\"twitter:site\" content=\"@gastronomicamen\" \/>\n<meta name=\"twitter:label1\" content=\"Written by\" \/>\n\t<meta name=\"twitter:data1\" content=\"Redacci\u00f3\" \/>\n\t<meta name=\"twitter:label2\" content=\"Est. reading time\" \/>\n\t<meta name=\"twitter:data2\" content=\"1 minute\" \/>\n<script type=\"application\/ld+json\" class=\"yoast-schema-graph\">{\"@context\":\"https:\\\/\\\/schema.org\",\"@graph\":[{\"@type\":\"Article\",\"@id\":\"https:\\\/\\\/gastronomicament.cat\\\/ca\\\/arriba-la-i-fira-de-la-cervesa-artesanal-de-mallorca#article\",\"isPartOf\":{\"@id\":\"https:\\\/\\\/gastronomicament.cat\\\/ca\\\/arriba-la-i-fira-de-la-cervesa-artesanal-de-mallorca\"},\"author\":{\"name\":\"Redacci\u00f3\",\"@id\":\"https:\\\/\\\/gastronomicament.cat\\\/ca\\\/#\\\/schema\\\/person\\\/a7c85c537a1ed62799a5b8e0f686a37f\"},\"headline\":\"Arriba la I Fira de la Cervesa Artesanal de Mallorca\",\"datePublished\":\"2018-03-14T08:56:53+00:00\",\"dateModified\":\"2022-04-07T09:09:57+00:00\",\"mainEntityOfPage\":{\"@id\":\"https:\\\/\\\/gastronomicament.cat\\\/ca\\\/arriba-la-i-fira-de-la-cervesa-artesanal-de-mallorca\"},\"wordCount\":207,\"commentCount\":0,\"publisher\":{\"@id\":\"https:\\\/\\\/gastronomicament.cat\\\/ca\\\/#organization\"},\"image\":{\"@id\":\"https:\\\/\\\/gastronomicament.cat\\\/ca\\\/arriba-la-i-fira-de-la-cervesa-artesanal-de-mallorca#primaryimage\"},\"thumbnailUrl\":\"https:\\\/\\\/gastronomicament.cat\\\/wp-content\\\/uploads\\\/2018\\\/03\\\/Fira-Cervesa-Artesana-i-Mallorquina-2018-Platja-de-Palma.jpg\",\"articleSection\":[\"Actualitat\",\"Fires i rutes\"],\"inLanguage\":\"ca-ES\",\"potentialAction\":[{\"@type\":\"CommentAction\",\"name\":\"Comment\",\"target\":[\"https:\\\/\\\/gastronomicament.cat\\\/ca\\\/arriba-la-i-fira-de-la-cervesa-artesanal-de-mallorca#respond\"]}]},{\"@type\":\"WebPage\",\"@id\":\"https:\\\/\\\/gastronomicament.cat\\\/ca\\\/arriba-la-i-fira-de-la-cervesa-artesanal-de-mallorca\",\"url\":\"https:\\\/\\\/gastronomicament.cat\\\/ca\\\/arriba-la-i-fira-de-la-cervesa-artesanal-de-mallorca\",\"name\":\"Arriba la I Fira de la Cervesa Artesanal de Mallorca - Gastron\u00f2micament\",\"isPartOf\":{\"@id\":\"https:\\\/\\\/gastronomicament.cat\\\/ca\\\/#website\"},\"primaryImageOfPage\":{\"@id\":\"https:\\\/\\\/gastronomicament.cat\\\/ca\\\/arriba-la-i-fira-de-la-cervesa-artesanal-de-mallorca#primaryimage\"},\"image\":{\"@id\":\"https:\\\/\\\/gastronomicament.cat\\\/ca\\\/arriba-la-i-fira-de-la-cervesa-artesanal-de-mallorca#primaryimage\"},\"thumbnailUrl\":\"https:\\\/\\\/gastronomicament.cat\\\/wp-content\\\/uploads\\\/2018\\\/03\\\/Fira-Cervesa-Artesana-i-Mallorquina-2018-Platja-de-Palma.jpg\",\"datePublished\":\"2018-03-14T08:56:53+00:00\",\"dateModified\":\"2022-04-07T09:09:57+00:00\",\"description\":\"Arriba la I Fira de la Cervesa Artesanal de Mallorca Actualitat, Fires i rutes Aquest cap de setmana teniu una bona oportunitat per con\u00e8ixer de primera m\u00e0 una bona selecci\u00f3 de cerveseres naturals de Mallorca\",\"inLanguage\":\"ca-ES\",\"potentialAction\":[{\"@type\":\"ReadAction\",\"target\":[\"https:\\\/\\\/gastronomicament.cat\\\/ca\\\/arriba-la-i-fira-de-la-cervesa-artesanal-de-mallorca\"]}]},{\"@type\":\"ImageObject\",\"inLanguage\":\"ca-ES\",\"@id\":\"https:\\\/\\\/gastronomicament.cat\\\/ca\\\/arriba-la-i-fira-de-la-cervesa-artesanal-de-mallorca#primaryimage\",\"url\":\"https:\\\/\\\/gastronomicament.cat\\\/wp-content\\\/uploads\\\/2018\\\/03\\\/Fira-Cervesa-Artesana-i-Mallorquina-2018-Platja-de-Palma.jpg\",\"contentUrl\":\"https:\\\/\\\/gastronomicament.cat\\\/wp-content\\\/uploads\\\/2018\\\/03\\\/Fira-Cervesa-Artesana-i-Mallorquina-2018-Platja-de-Palma.jpg\",\"width\":2000,\"height\":1335},{\"@type\":\"WebSite\",\"@id\":\"https:\\\/\\\/gastronomicament.cat\\\/ca\\\/#website\",\"url\":\"https:\\\/\\\/gastronomicament.cat\\\/ca\\\/\",\"name\":\"Gastron\u00f2micament\",\"description\":\"Portal de restaurants, receptes i actualitat gastron\u00f2mica\",\"publisher\":{\"@id\":\"https:\\\/\\\/gastronomicament.cat\\\/ca\\\/#organization\"},\"potentialAction\":[{\"@type\":\"SearchAction\",\"target\":{\"@type\":\"EntryPoint\",\"urlTemplate\":\"https:\\\/\\\/gastronomicament.cat\\\/ca\\\/?s={search_term_string}\"},\"query-input\":{\"@type\":\"PropertyValueSpecification\",\"valueRequired\":true,\"valueName\":\"search_term_string\"}}],\"inLanguage\":\"ca-ES\"},{\"@type\":\"Organization\",\"@id\":\"https:\\\/\\\/gastronomicament.cat\\\/ca\\\/#organization\",\"name\":\"Gastron\u00f2micament\",\"url\":\"https:\\\/\\\/gastronomicament.cat\\\/ca\\\/\",\"logo\":{\"@type\":\"ImageObject\",\"inLanguage\":\"ca-ES\",\"@id\":\"https:\\\/\\\/gastronomicament.cat\\\/ca\\\/#\\\/schema\\\/logo\\\/image\\\/\",\"url\":\"https:\\\/\\\/gastronomicament.cat\\\/wp-content\\\/uploads\\\/2016\\\/09\\\/header-logo.jpg\",\"contentUrl\":\"https:\\\/\\\/gastronomicament.cat\\\/wp-content\\\/uploads\\\/2016\\\/09\\\/header-logo.jpg\",\"width\":277,\"height\":39,\"caption\":\"Gastron\u00f2micament\"},\"image\":{\"@id\":\"https:\\\/\\\/gastronomicament.cat\\\/ca\\\/#\\\/schema\\\/logo\\\/image\\\/\"},\"sameAs\":[\"https:\\\/\\\/x.com\\\/gastronomicamen\"]},{\"@type\":\"Person\",\"@id\":\"https:\\\/\\\/gastronomicament.cat\\\/ca\\\/#\\\/schema\\\/person\\\/a7c85c537a1ed62799a5b8e0f686a37f\",\"name\":\"Redacci\u00f3\",\"image\":{\"@type\":\"ImageObject\",\"inLanguage\":\"ca-ES\",\"@id\":\"https:\\\/\\\/secure.gravatar.com\\\/avatar\\\/9489a485c464fd611d33825daae651d13db70c4e74c65c94937a15a9d4c3ee14?s=96&d=mm&r=g69fea3cce3645dfa2166e7293e22955e\",\"url\":\"https:\\\/\\\/secure.gravatar.com\\\/avatar\\\/9489a485c464fd611d33825daae651d13db70c4e74c65c94937a15a9d4c3ee14?s=96&d=mm&r=g\",\"contentUrl\":\"https:\\\/\\\/secure.gravatar.com\\\/avatar\\\/9489a485c464fd611d33825daae651d13db70c4e74c65c94937a15a9d4c3ee14?s=96&d=mm&r=g\",\"caption\":\"Redacci\u00f3\"},\"sameAs\":[\"http:\\\/\\\/gastronomicament.cat\"],\"url\":\"https:\\\/\\\/gastronomicament.cat\\\/ca\\\/author\\\/admin\"}]}<\/script>\n<!-- \/ Yoast SEO plugin. -->","yoast_head_json":{"title":"Arriba la I Fira de la Cervesa Artesanal de Mallorca - Gastron\u00f2micament","description":"Arriba la I Fira de la Cervesa Artesanal de Mallorca Actualitat, Fires i rutes Aquest cap de setmana teniu una bona oportunitat per con\u00e8ixer de primera m\u00e0 una bona selecci\u00f3 de cerveseres naturals de Mallorca","robots":{"index":"index","follow":"follow","max-snippet":"max-snippet:-1","max-image-preview":"max-image-preview:large","max-video-preview":"max-video-preview:-1"},"canonical":"https:\/\/gastronomicament.cat\/ca\/arriba-la-i-fira-de-la-cervesa-artesanal-de-mallorca","og_locale":"ca_ES","og_type":"article","og_title":"Arriba la I Fira de la Cervesa Artesanal de Mallorca - Gastron\u00f2micament","og_description":"Arriba la I Fira de la Cervesa Artesanal de Mallorca Actualitat, Fires i rutes Aquest cap de setmana teniu una bona oportunitat per con\u00e8ixer de primera m\u00e0 una bona selecci\u00f3 de cerveseres naturals de Mallorca","og_url":"https:\/\/gastronomicament.cat\/ca\/arriba-la-i-fira-de-la-cervesa-artesanal-de-mallorca","og_site_name":"Gastron\u00f2micament","article_published_time":"2018-03-14T08:56:53+00:00","article_modified_time":"2022-04-07T09:09:57+00:00","og_image":[{"width":2000,"height":1335,"url":"https:\/\/gastronomicament.cat\/wp-content\/uploads\/2018\/03\/Fira-Cervesa-Artesana-i-Mallorquina-2018-Platja-de-Palma.jpg","type":"image\/jpeg"}],"author":"Redacci\u00f3","twitter_card":"summary_large_image","twitter_creator":"@gastronomicamen","twitter_site":"@gastronomicamen","twitter_misc":{"Written by":"Redacci\u00f3","Est. reading time":"1 minute"},"schema":{"@context":"https:\/\/schema.org","@graph":[{"@type":"Article","@id":"https:\/\/gastronomicament.cat\/ca\/arriba-la-i-fira-de-la-cervesa-artesanal-de-mallorca#article","isPartOf":{"@id":"https:\/\/gastronomicament.cat\/ca\/arriba-la-i-fira-de-la-cervesa-artesanal-de-mallorca"},"author":{"name":"Redacci\u00f3","@id":"https:\/\/gastronomicament.cat\/ca\/#\/schema\/person\/a7c85c537a1ed62799a5b8e0f686a37f"},"headline":"Arriba la I Fira de la Cervesa Artesanal de Mallorca","datePublished":"2018-03-14T08:56:53+00:00","dateModified":"2022-04-07T09:09:57+00:00","mainEntityOfPage":{"@id":"https:\/\/gastronomicament.cat\/ca\/arriba-la-i-fira-de-la-cervesa-artesanal-de-mallorca"},"wordCount":207,"commentCount":0,"publisher":{"@id":"https:\/\/gastronomicament.cat\/ca\/#organization"},"image":{"@id":"https:\/\/gastronomicament.cat\/ca\/arriba-la-i-fira-de-la-cervesa-artesanal-de-mallorca#primaryimage"},"thumbnailUrl":"https:\/\/gastronomicament.cat\/wp-content\/uploads\/2018\/03\/Fira-Cervesa-Artesana-i-Mallorquina-2018-Platja-de-Palma.jpg","articleSection":["Actualitat","Fires i rutes"],"inLanguage":"ca-ES","potentialAction":[{"@type":"CommentAction","name":"Comment","target":["https:\/\/gastronomicament.cat\/ca\/arriba-la-i-fira-de-la-cervesa-artesanal-de-mallorca#respond"]}]},{"@type":"WebPage","@id":"https:\/\/gastronomicament.cat\/ca\/arriba-la-i-fira-de-la-cervesa-artesanal-de-mallorca","url":"https:\/\/gastronomicament.cat\/ca\/arriba-la-i-fira-de-la-cervesa-artesanal-de-mallorca","name":"Arriba la I Fira de la Cervesa Artesanal de Mallorca - Gastron\u00f2micament","isPartOf":{"@id":"https:\/\/gastronomicament.cat\/ca\/#website"},"primaryImageOfPage":{"@id":"https:\/\/gastronomicament.cat\/ca\/arriba-la-i-fira-de-la-cervesa-artesanal-de-mallorca#primaryimage"},"image":{"@id":"https:\/\/gastronomicament.cat\/ca\/arriba-la-i-fira-de-la-cervesa-artesanal-de-mallorca#primaryimage"},"thumbnailUrl":"https:\/\/gastronomicament.cat\/wp-content\/uploads\/2018\/03\/Fira-Cervesa-Artesana-i-Mallorquina-2018-Platja-de-Palma.jpg","datePublished":"2018-03-14T08:56:53+00:00","dateModified":"2022-04-07T09:09:57+00:00","description":"Arriba la I Fira de la Cervesa Artesanal de Mallorca Actualitat, Fires i rutes Aquest cap de setmana teniu una bona oportunitat per con\u00e8ixer de primera m\u00e0 una bona selecci\u00f3 de cerveseres naturals de Mallorca","inLanguage":"ca-ES","potentialAction":[{"@type":"ReadAction","target":["https:\/\/gastronomicament.cat\/ca\/arriba-la-i-fira-de-la-cervesa-artesanal-de-mallorca"]}]},{"@type":"ImageObject","inLanguage":"ca-ES","@id":"https:\/\/gastronomicament.cat\/ca\/arriba-la-i-fira-de-la-cervesa-artesanal-de-mallorca#primaryimage","url":"https:\/\/gastronomicament.cat\/wp-content\/uploads\/2018\/03\/Fira-Cervesa-Artesana-i-Mallorquina-2018-Platja-de-Palma.jpg","contentUrl":"https:\/\/gastronomicament.cat\/wp-content\/uploads\/2018\/03\/Fira-Cervesa-Artesana-i-Mallorquina-2018-Platja-de-Palma.jpg","width":2000,"height":1335},{"@type":"WebSite","@id":"https:\/\/gastronomicament.cat\/ca\/#website","url":"https:\/\/gastronomicament.cat\/ca\/","name":"Gastron\u00f2micament","description":"Portal de restaurants, receptes i actualitat gastron\u00f2mica","publisher":{"@id":"https:\/\/gastronomicament.cat\/ca\/#organization"},"potentialAction":[{"@type":"SearchAction","target":{"@type":"EntryPoint","urlTemplate":"https:\/\/gastronomicament.cat\/ca\/?s={search_term_string}"},"query-input":{"@type":"PropertyValueSpecification","valueRequired":true,"valueName":"search_term_string"}}],"inLanguage":"ca-ES"},{"@type":"Organization","@id":"https:\/\/gastronomicament.cat\/ca\/#organization","name":"Gastron\u00f2micament","url":"https:\/\/gastronomicament.cat\/ca\/","logo":{"@type":"ImageObject","inLanguage":"ca-ES","@id":"https:\/\/gastronomicament.cat\/ca\/#\/schema\/logo\/image\/","url":"https:\/\/gastronomicament.cat\/wp-content\/uploads\/2016\/09\/header-logo.jpg","contentUrl":"https:\/\/gastronomicament.cat\/wp-content\/uploads\/2016\/09\/header-logo.jpg","width":277,"height":39,"caption":"Gastron\u00f2micament"},"image":{"@id":"https:\/\/gastronomicament.cat\/ca\/#\/schema\/logo\/image\/"},"sameAs":["https:\/\/x.com\/gastronomicamen"]},{"@type":"Person","@id":"https:\/\/gastronomicament.cat\/ca\/#\/schema\/person\/a7c85c537a1ed62799a5b8e0f686a37f","name":"Redacci\u00f3","image":{"@type":"ImageObject","inLanguage":"ca-ES","@id":"https:\/\/secure.gravatar.com\/avatar\/9489a485c464fd611d33825daae651d13db70c4e74c65c94937a15a9d4c3ee14?s=96&d=mm&r=g69fea3cce3645dfa2166e7293e22955e","url":"https:\/\/secure.gravatar.com\/avatar\/9489a485c464fd611d33825daae651d13db70c4e74c65c94937a15a9d4c3ee14?s=96&d=mm&r=g","contentUrl":"https:\/\/secure.gravatar.com\/avatar\/9489a485c464fd611d33825daae651d13db70c4e74c65c94937a15a9d4c3ee14?s=96&d=mm&r=g","caption":"Redacci\u00f3"},"sameAs":["http:\/\/gastronomicament.cat"],"url":"https:\/\/gastronomicament.cat\/ca\/author\/admin"}]}},"_links":{"self":[{"href":"https:\/\/gastronomicament.cat\/ca\/wp-json\/wp\/v2\/posts\/21171","targetHints":{"allow":["GET"]}}],"collection":[{"href":"https:\/\/gastronomicament.cat\/ca\/wp-json\/wp\/v2\/posts"}],"about":[{"href":"https:\/\/gastronomicament.cat\/ca\/wp-json\/wp\/v2\/types\/post"}],"author":[{"embeddable":true,"href":"https:\/\/gastronomicament.cat\/ca\/wp-json\/wp\/v2\/users\/1"}],"replies":[{"embeddable":true,"href":"https:\/\/gastronomicament.cat\/ca\/wp-json\/wp\/v2\/comments?post=21171"}],"version-history":[{"count":0,"href":"https:\/\/gastronomicament.cat\/ca\/wp-json\/wp\/v2\/posts\/21171\/revisions"}],"wp:featuredmedia":[{"embeddable":true,"href":"https:\/\/gastronomicament.cat\/ca\/wp-json\/wp\/v2\/media\/21172"}],"wp:attachment":[{"href":"https:\/\/gastronomicament.cat\/ca\/wp-json\/wp\/v2\/media?parent=21171"}],"wp:term":[{"taxonomy":"category","embeddable":true,"href":"https:\/\/gastronomicament.cat\/ca\/wp-json\/wp\/v2\/categories?post=21171"},{"taxonomy":"post_tag","embeddable":true,"href":"https:\/\/gastronomicament.cat\/ca\/wp-json\/wp\/v2\/tags?post=21171"},{"taxonomy":"author","embeddable":true,"href":"https:\/\/gastronomicament.cat\/ca\/wp-json\/wp\/v2\/coauthors?post=21171"}],"curies":[{"name":"wp","href":"https:\/\/api.w.org\/{rel}","templated":true}]}}