{"id":21739,"date":"2018-05-08T19:34:42","date_gmt":"2018-05-08T17:34:42","guid":{"rendered":"http:\/\/gastronomicament.cat\/?p=21739"},"modified":"2018-05-08T19:34:42","modified_gmt":"2018-05-08T17:34:42","slug":"curs-basic-diniciacio-a-lagricultura-ecologica","status":"publish","type":"post","link":"https:\/\/gastronomicament.cat\/ca\/curs-basic-diniciacio-a-lagricultura-ecologica","title":{"rendered":"[:de]Curs b\u00e0sic d&#8217;iniciaci\u00f3 a l&#8217;agricultura ecol\u00f2gica[:]"},"content":{"rendered":"<blockquote><p><em>S&#8217;impartir\u00e0 a Santa Maria del Cam\u00ed, del 14 al 19 de maig<\/em><\/p><\/blockquote>\n<p>L&#8217;Associaci\u00f3 de Producci\u00f3 Agr\u00e0ria Ecol\u00f2gica de Mallorca (APAEMA) ha organitzat el\u00a0curs d&#8217;iniciaci\u00f3 a l&#8217;agricultura ecol\u00f2gica\u00a0 en el que s&#8217;exposaran les nocions b\u00e0siques d&#8217;aquest tipus de cultiu i se n&#8217;explicar\u00e0 l&#8217;aplicaci\u00f3 pr\u00e0ctica en el context de Mallorca. D&#8217;entre els temes que es tractaran, es parlar\u00e0 del reglament que la regeix, de la certifcaci\u00f3 i control, de la reconversi\u00f3 de la finca, dels cultius, del maneig del s\u00f2l, de plagues i malalties, etc. A m\u00e9s, es dedicar\u00e0 una sessi\u00f3 a ramaderia ecol\u00f2gica.<\/p>\n<p>El curs, que \u00e9s gratu\u00eft, est\u00e0 destinat a professionals del sector, per\u00f2 tamb\u00e9 a tothom que hi estigui interessat. L&#8217;impartiran els t\u00e8cnics en agricultura ecol\u00f2gica\u00a0Nofre Fullana, Miquel Serra i Miquel Torrens i tendr\u00e0 una durada de 20 hores.<\/p>\n<p>S&#8217;impartir\u00e0 els dies\u00a014, 15, 17 i 18\u00a0 de maig, de 17.30 a 21 hores i el dissabte 19, de 9 a 14 hores, a\u00a0 Ca s&#8217;Apotecari (Pla\u00e7a de la Vila,\u00a0de Santa Maria).<\/p>\n<p>Podeu apuntar-vos-hi a l&#8217;enlla\u00e7\u00a0<a href=\"https:\/\/goo.gl\/forms\/qrQddF5UgcJSQvdz2\">https:\/\/goo.gl\/forms\/qrQddF5UgcJSQvdz2<\/a>\u00a0o al tel\u00e8fon\u00a0971 16 83 26. \u00c9s imprescindible indicar-hi el nom i llinatges, n\u00fam. de document d&#8217;identitat i tel\u00e8fon de contacte.<\/p>\n","protected":false},"excerpt":{"rendered":"<p>[:de]L&#8217;Associaci\u00f3 de Producci\u00f3 Agr\u00e0ria Ecol\u00f2gica de Mallorca (APAEMA) ha organitzat el\u00a0curs d&#8217;iniciaci\u00f3 a l&#8217;agricultura ecol\u00f2gica\u00a0 en&hellip;<\/p>\n","protected":false},"author":1,"featured_media":21740,"comment_status":"open","ping_status":"closed","sticky":false,"template":"","format":"standard","meta":{"_acf_changed":false,"_swt_meta_header_display":false,"_swt_meta_footer_display":false,"_swt_meta_site_title_display":false,"_swt_meta_sticky_header":false,"_swt_meta_transparent_header":false,"footnotes":""},"categories":[692,778],"tags":[],"coauthors":[],"class_list":["post-21739","post","type-post","status-publish","format-standard","has-post-thumbnail","hentry","category-actualitat","category-cursos-i-tallers"],"acf":{"gallery":null,"home_date":{"home_begin_date":null,"home_end_date":null}},"yoast_head":"<!-- This site is optimized with the Yoast SEO plugin v27.4 - https:\/\/yoast.com\/product\/yoast-seo-wordpress\/ -->\n<title>[:de]Curs b\u00e0sic d&#039;iniciaci\u00f3 a l&#039;agricultura ecol\u00f2gica[:] - Gastron\u00f2micament<\/title>\n<meta name=\"description\" content=\"[:de]Curs b\u00e0sic d&#039;iniciaci\u00f3 a l&#039;agricultura ecol\u00f2gica[:] Actualitat, Cursos i tallers L&#039;Associaci\u00f3 de Producci\u00f3 Agr\u00e0ria Ecol\u00f2gica de Mallorca (APAEMA) ha organitzat el\u00a0curs d&#039;iniciaci\u00f3 a l&#039;agricultura ecol\u00f2gica\u00a0 en el que s&#039;exposaran les nocions b\u00e0siques d&#039;aquest tipus de cultiu i se n&#039;explicar\u00e0 l&#039;aplicaci\u00f3 pr\u00e0ctica en el context de Mallorca\" \/>\n<meta name=\"robots\" content=\"index, follow, max-snippet:-1, max-image-preview:large, max-video-preview:-1\" \/>\n<link rel=\"canonical\" href=\"https:\/\/gastronomicament.cat\/ca\/curs-basic-diniciacio-a-lagricultura-ecologica\" \/>\n<meta property=\"og:locale\" content=\"ca_ES\" \/>\n<meta property=\"og:type\" content=\"article\" \/>\n<meta property=\"og:title\" content=\"[:de]Curs b\u00e0sic d&#039;iniciaci\u00f3 a l&#039;agricultura ecol\u00f2gica[:] - Gastron\u00f2micament\" \/>\n<meta property=\"og:description\" content=\"[:de]Curs b\u00e0sic d&#039;iniciaci\u00f3 a l&#039;agricultura ecol\u00f2gica[:] Actualitat, Cursos i tallers L&#039;Associaci\u00f3 de Producci\u00f3 Agr\u00e0ria Ecol\u00f2gica de Mallorca (APAEMA) ha organitzat el\u00a0curs d&#039;iniciaci\u00f3 a l&#039;agricultura ecol\u00f2gica\u00a0 en el que s&#039;exposaran les nocions b\u00e0siques d&#039;aquest tipus de cultiu i se n&#039;explicar\u00e0 l&#039;aplicaci\u00f3 pr\u00e0ctica en el context de Mallorca\" \/>\n<meta property=\"og:url\" content=\"https:\/\/gastronomicament.cat\/ca\/curs-basic-diniciacio-a-lagricultura-ecologica\" \/>\n<meta property=\"og:site_name\" content=\"Gastron\u00f2micament\" \/>\n<meta property=\"article:published_time\" content=\"2018-05-08T17:34:42+00:00\" \/>\n<meta property=\"og:image\" content=\"https:\/\/gastronomicament.cat\/wp-content\/uploads\/2018\/05\/Curs-iniciacio-agricultura-ecologica-2018-Santa-Maria-Mallorca.jpg\" \/>\n\t<meta property=\"og:image:width\" content=\"906\" \/>\n\t<meta property=\"og:image:height\" content=\"435\" \/>\n\t<meta property=\"og:image:type\" content=\"image\/jpeg\" \/>\n<meta name=\"author\" content=\"Redacci\u00f3\" \/>\n<meta name=\"twitter:card\" content=\"summary_large_image\" \/>\n<meta name=\"twitter:creator\" content=\"@gastronomicamen\" \/>\n<meta name=\"twitter:site\" content=\"@gastronomicamen\" \/>\n<meta name=\"twitter:label1\" content=\"Written by\" \/>\n\t<meta name=\"twitter:data1\" content=\"Redacci\u00f3\" \/>\n\t<meta name=\"twitter:label2\" content=\"Est. reading time\" \/>\n\t<meta name=\"twitter:data2\" content=\"1 minute\" \/>\n<script type=\"application\/ld+json\" class=\"yoast-schema-graph\">{\"@context\":\"https:\\\/\\\/schema.org\",\"@graph\":[{\"@type\":\"Article\",\"@id\":\"https:\\\/\\\/gastronomicament.cat\\\/ca\\\/curs-basic-diniciacio-a-lagricultura-ecologica#article\",\"isPartOf\":{\"@id\":\"https:\\\/\\\/gastronomicament.cat\\\/ca\\\/curs-basic-diniciacio-a-lagricultura-ecologica\"},\"author\":{\"name\":\"Redacci\u00f3\",\"@id\":\"https:\\\/\\\/gastronomicament.cat\\\/ca\\\/#\\\/schema\\\/person\\\/a7c85c537a1ed62799a5b8e0f686a37f\"},\"headline\":\"[:de]Curs b\u00e0sic d&#8217;iniciaci\u00f3 a l&#8217;agricultura ecol\u00f2gica[:]\",\"datePublished\":\"2018-05-08T17:34:42+00:00\",\"mainEntityOfPage\":{\"@id\":\"https:\\\/\\\/gastronomicament.cat\\\/ca\\\/curs-basic-diniciacio-a-lagricultura-ecologica\"},\"wordCount\":206,\"commentCount\":0,\"publisher\":{\"@id\":\"https:\\\/\\\/gastronomicament.cat\\\/ca\\\/#organization\"},\"image\":{\"@id\":\"https:\\\/\\\/gastronomicament.cat\\\/ca\\\/curs-basic-diniciacio-a-lagricultura-ecologica#primaryimage\"},\"thumbnailUrl\":\"https:\\\/\\\/gastronomicament.cat\\\/wp-content\\\/uploads\\\/2018\\\/05\\\/Curs-iniciacio-agricultura-ecologica-2018-Santa-Maria-Mallorca.jpg\",\"articleSection\":[\"Actualitat\",\"Cursos i tallers\"],\"inLanguage\":\"ca-ES\",\"potentialAction\":[{\"@type\":\"CommentAction\",\"name\":\"Comment\",\"target\":[\"https:\\\/\\\/gastronomicament.cat\\\/ca\\\/curs-basic-diniciacio-a-lagricultura-ecologica#respond\"]}]},{\"@type\":\"WebPage\",\"@id\":\"https:\\\/\\\/gastronomicament.cat\\\/ca\\\/curs-basic-diniciacio-a-lagricultura-ecologica\",\"url\":\"https:\\\/\\\/gastronomicament.cat\\\/ca\\\/curs-basic-diniciacio-a-lagricultura-ecologica\",\"name\":\"[:de]Curs b\u00e0sic d'iniciaci\u00f3 a l'agricultura ecol\u00f2gica[:] - Gastron\u00f2micament\",\"isPartOf\":{\"@id\":\"https:\\\/\\\/gastronomicament.cat\\\/ca\\\/#website\"},\"primaryImageOfPage\":{\"@id\":\"https:\\\/\\\/gastronomicament.cat\\\/ca\\\/curs-basic-diniciacio-a-lagricultura-ecologica#primaryimage\"},\"image\":{\"@id\":\"https:\\\/\\\/gastronomicament.cat\\\/ca\\\/curs-basic-diniciacio-a-lagricultura-ecologica#primaryimage\"},\"thumbnailUrl\":\"https:\\\/\\\/gastronomicament.cat\\\/wp-content\\\/uploads\\\/2018\\\/05\\\/Curs-iniciacio-agricultura-ecologica-2018-Santa-Maria-Mallorca.jpg\",\"datePublished\":\"2018-05-08T17:34:42+00:00\",\"description\":\"[:de]Curs b\u00e0sic d'iniciaci\u00f3 a l'agricultura ecol\u00f2gica[:] Actualitat, Cursos i tallers L'Associaci\u00f3 de Producci\u00f3 Agr\u00e0ria Ecol\u00f2gica de Mallorca (APAEMA) ha organitzat el\u00a0curs d'iniciaci\u00f3 a l'agricultura ecol\u00f2gica\u00a0 en el que s'exposaran les nocions b\u00e0siques d'aquest tipus de cultiu i se n'explicar\u00e0 l'aplicaci\u00f3 pr\u00e0ctica en el context de Mallorca\",\"inLanguage\":\"ca-ES\",\"potentialAction\":[{\"@type\":\"ReadAction\",\"target\":[\"https:\\\/\\\/gastronomicament.cat\\\/ca\\\/curs-basic-diniciacio-a-lagricultura-ecologica\"]}]},{\"@type\":\"ImageObject\",\"inLanguage\":\"ca-ES\",\"@id\":\"https:\\\/\\\/gastronomicament.cat\\\/ca\\\/curs-basic-diniciacio-a-lagricultura-ecologica#primaryimage\",\"url\":\"https:\\\/\\\/gastronomicament.cat\\\/wp-content\\\/uploads\\\/2018\\\/05\\\/Curs-iniciacio-agricultura-ecologica-2018-Santa-Maria-Mallorca.jpg\",\"contentUrl\":\"https:\\\/\\\/gastronomicament.cat\\\/wp-content\\\/uploads\\\/2018\\\/05\\\/Curs-iniciacio-agricultura-ecologica-2018-Santa-Maria-Mallorca.jpg\",\"width\":906,\"height\":435},{\"@type\":\"WebSite\",\"@id\":\"https:\\\/\\\/gastronomicament.cat\\\/ca\\\/#website\",\"url\":\"https:\\\/\\\/gastronomicament.cat\\\/ca\\\/\",\"name\":\"Gastron\u00f2micament\",\"description\":\"Portal de restaurants, receptes i actualitat gastron\u00f2mica\",\"publisher\":{\"@id\":\"https:\\\/\\\/gastronomicament.cat\\\/ca\\\/#organization\"},\"potentialAction\":[{\"@type\":\"SearchAction\",\"target\":{\"@type\":\"EntryPoint\",\"urlTemplate\":\"https:\\\/\\\/gastronomicament.cat\\\/ca\\\/?s={search_term_string}\"},\"query-input\":{\"@type\":\"PropertyValueSpecification\",\"valueRequired\":true,\"valueName\":\"search_term_string\"}}],\"inLanguage\":\"ca-ES\"},{\"@type\":\"Organization\",\"@id\":\"https:\\\/\\\/gastronomicament.cat\\\/ca\\\/#organization\",\"name\":\"Gastron\u00f2micament\",\"url\":\"https:\\\/\\\/gastronomicament.cat\\\/ca\\\/\",\"logo\":{\"@type\":\"ImageObject\",\"inLanguage\":\"ca-ES\",\"@id\":\"https:\\\/\\\/gastronomicament.cat\\\/ca\\\/#\\\/schema\\\/logo\\\/image\\\/\",\"url\":\"https:\\\/\\\/gastronomicament.cat\\\/wp-content\\\/uploads\\\/2016\\\/09\\\/header-logo.jpg\",\"contentUrl\":\"https:\\\/\\\/gastronomicament.cat\\\/wp-content\\\/uploads\\\/2016\\\/09\\\/header-logo.jpg\",\"width\":277,\"height\":39,\"caption\":\"Gastron\u00f2micament\"},\"image\":{\"@id\":\"https:\\\/\\\/gastronomicament.cat\\\/ca\\\/#\\\/schema\\\/logo\\\/image\\\/\"},\"sameAs\":[\"https:\\\/\\\/x.com\\\/gastronomicamen\"]},{\"@type\":\"Person\",\"@id\":\"https:\\\/\\\/gastronomicament.cat\\\/ca\\\/#\\\/schema\\\/person\\\/a7c85c537a1ed62799a5b8e0f686a37f\",\"name\":\"Redacci\u00f3\",\"image\":{\"@type\":\"ImageObject\",\"inLanguage\":\"ca-ES\",\"@id\":\"https:\\\/\\\/secure.gravatar.com\\\/avatar\\\/9489a485c464fd611d33825daae651d13db70c4e74c65c94937a15a9d4c3ee14?s=96&d=mm&r=g69fea3cce3645dfa2166e7293e22955e\",\"url\":\"https:\\\/\\\/secure.gravatar.com\\\/avatar\\\/9489a485c464fd611d33825daae651d13db70c4e74c65c94937a15a9d4c3ee14?s=96&d=mm&r=g\",\"contentUrl\":\"https:\\\/\\\/secure.gravatar.com\\\/avatar\\\/9489a485c464fd611d33825daae651d13db70c4e74c65c94937a15a9d4c3ee14?s=96&d=mm&r=g\",\"caption\":\"Redacci\u00f3\"},\"sameAs\":[\"http:\\\/\\\/gastronomicament.cat\"],\"url\":\"https:\\\/\\\/gastronomicament.cat\\\/ca\\\/author\\\/admin\"}]}<\/script>\n<!-- \/ Yoast SEO plugin. -->","yoast_head_json":{"title":"[:de]Curs b\u00e0sic d'iniciaci\u00f3 a l'agricultura ecol\u00f2gica[:] - Gastron\u00f2micament","description":"[:de]Curs b\u00e0sic d'iniciaci\u00f3 a l'agricultura ecol\u00f2gica[:] Actualitat, Cursos i tallers L'Associaci\u00f3 de Producci\u00f3 Agr\u00e0ria Ecol\u00f2gica de Mallorca (APAEMA) ha organitzat el\u00a0curs d'iniciaci\u00f3 a l'agricultura ecol\u00f2gica\u00a0 en el que s'exposaran les nocions b\u00e0siques d'aquest tipus de cultiu i se n'explicar\u00e0 l'aplicaci\u00f3 pr\u00e0ctica en el context de Mallorca","robots":{"index":"index","follow":"follow","max-snippet":"max-snippet:-1","max-image-preview":"max-image-preview:large","max-video-preview":"max-video-preview:-1"},"canonical":"https:\/\/gastronomicament.cat\/ca\/curs-basic-diniciacio-a-lagricultura-ecologica","og_locale":"ca_ES","og_type":"article","og_title":"[:de]Curs b\u00e0sic d'iniciaci\u00f3 a l'agricultura ecol\u00f2gica[:] - Gastron\u00f2micament","og_description":"[:de]Curs b\u00e0sic d'iniciaci\u00f3 a l'agricultura ecol\u00f2gica[:] Actualitat, Cursos i tallers L'Associaci\u00f3 de Producci\u00f3 Agr\u00e0ria Ecol\u00f2gica de Mallorca (APAEMA) ha organitzat el\u00a0curs d'iniciaci\u00f3 a l'agricultura ecol\u00f2gica\u00a0 en el que s'exposaran les nocions b\u00e0siques d'aquest tipus de cultiu i se n'explicar\u00e0 l'aplicaci\u00f3 pr\u00e0ctica en el context de Mallorca","og_url":"https:\/\/gastronomicament.cat\/ca\/curs-basic-diniciacio-a-lagricultura-ecologica","og_site_name":"Gastron\u00f2micament","article_published_time":"2018-05-08T17:34:42+00:00","og_image":[{"width":906,"height":435,"url":"https:\/\/gastronomicament.cat\/wp-content\/uploads\/2018\/05\/Curs-iniciacio-agricultura-ecologica-2018-Santa-Maria-Mallorca.jpg","type":"image\/jpeg"}],"author":"Redacci\u00f3","twitter_card":"summary_large_image","twitter_creator":"@gastronomicamen","twitter_site":"@gastronomicamen","twitter_misc":{"Written by":"Redacci\u00f3","Est. reading time":"1 minute"},"schema":{"@context":"https:\/\/schema.org","@graph":[{"@type":"Article","@id":"https:\/\/gastronomicament.cat\/ca\/curs-basic-diniciacio-a-lagricultura-ecologica#article","isPartOf":{"@id":"https:\/\/gastronomicament.cat\/ca\/curs-basic-diniciacio-a-lagricultura-ecologica"},"author":{"name":"Redacci\u00f3","@id":"https:\/\/gastronomicament.cat\/ca\/#\/schema\/person\/a7c85c537a1ed62799a5b8e0f686a37f"},"headline":"[:de]Curs b\u00e0sic d&#8217;iniciaci\u00f3 a l&#8217;agricultura ecol\u00f2gica[:]","datePublished":"2018-05-08T17:34:42+00:00","mainEntityOfPage":{"@id":"https:\/\/gastronomicament.cat\/ca\/curs-basic-diniciacio-a-lagricultura-ecologica"},"wordCount":206,"commentCount":0,"publisher":{"@id":"https:\/\/gastronomicament.cat\/ca\/#organization"},"image":{"@id":"https:\/\/gastronomicament.cat\/ca\/curs-basic-diniciacio-a-lagricultura-ecologica#primaryimage"},"thumbnailUrl":"https:\/\/gastronomicament.cat\/wp-content\/uploads\/2018\/05\/Curs-iniciacio-agricultura-ecologica-2018-Santa-Maria-Mallorca.jpg","articleSection":["Actualitat","Cursos i tallers"],"inLanguage":"ca-ES","potentialAction":[{"@type":"CommentAction","name":"Comment","target":["https:\/\/gastronomicament.cat\/ca\/curs-basic-diniciacio-a-lagricultura-ecologica#respond"]}]},{"@type":"WebPage","@id":"https:\/\/gastronomicament.cat\/ca\/curs-basic-diniciacio-a-lagricultura-ecologica","url":"https:\/\/gastronomicament.cat\/ca\/curs-basic-diniciacio-a-lagricultura-ecologica","name":"[:de]Curs b\u00e0sic d'iniciaci\u00f3 a l'agricultura ecol\u00f2gica[:] - Gastron\u00f2micament","isPartOf":{"@id":"https:\/\/gastronomicament.cat\/ca\/#website"},"primaryImageOfPage":{"@id":"https:\/\/gastronomicament.cat\/ca\/curs-basic-diniciacio-a-lagricultura-ecologica#primaryimage"},"image":{"@id":"https:\/\/gastronomicament.cat\/ca\/curs-basic-diniciacio-a-lagricultura-ecologica#primaryimage"},"thumbnailUrl":"https:\/\/gastronomicament.cat\/wp-content\/uploads\/2018\/05\/Curs-iniciacio-agricultura-ecologica-2018-Santa-Maria-Mallorca.jpg","datePublished":"2018-05-08T17:34:42+00:00","description":"[:de]Curs b\u00e0sic d'iniciaci\u00f3 a l'agricultura ecol\u00f2gica[:] Actualitat, Cursos i tallers L'Associaci\u00f3 de Producci\u00f3 Agr\u00e0ria Ecol\u00f2gica de Mallorca (APAEMA) ha organitzat el\u00a0curs d'iniciaci\u00f3 a l'agricultura ecol\u00f2gica\u00a0 en el que s'exposaran les nocions b\u00e0siques d'aquest tipus de cultiu i se n'explicar\u00e0 l'aplicaci\u00f3 pr\u00e0ctica en el context de Mallorca","inLanguage":"ca-ES","potentialAction":[{"@type":"ReadAction","target":["https:\/\/gastronomicament.cat\/ca\/curs-basic-diniciacio-a-lagricultura-ecologica"]}]},{"@type":"ImageObject","inLanguage":"ca-ES","@id":"https:\/\/gastronomicament.cat\/ca\/curs-basic-diniciacio-a-lagricultura-ecologica#primaryimage","url":"https:\/\/gastronomicament.cat\/wp-content\/uploads\/2018\/05\/Curs-iniciacio-agricultura-ecologica-2018-Santa-Maria-Mallorca.jpg","contentUrl":"https:\/\/gastronomicament.cat\/wp-content\/uploads\/2018\/05\/Curs-iniciacio-agricultura-ecologica-2018-Santa-Maria-Mallorca.jpg","width":906,"height":435},{"@type":"WebSite","@id":"https:\/\/gastronomicament.cat\/ca\/#website","url":"https:\/\/gastronomicament.cat\/ca\/","name":"Gastron\u00f2micament","description":"Portal de restaurants, receptes i actualitat gastron\u00f2mica","publisher":{"@id":"https:\/\/gastronomicament.cat\/ca\/#organization"},"potentialAction":[{"@type":"SearchAction","target":{"@type":"EntryPoint","urlTemplate":"https:\/\/gastronomicament.cat\/ca\/?s={search_term_string}"},"query-input":{"@type":"PropertyValueSpecification","valueRequired":true,"valueName":"search_term_string"}}],"inLanguage":"ca-ES"},{"@type":"Organization","@id":"https:\/\/gastronomicament.cat\/ca\/#organization","name":"Gastron\u00f2micament","url":"https:\/\/gastronomicament.cat\/ca\/","logo":{"@type":"ImageObject","inLanguage":"ca-ES","@id":"https:\/\/gastronomicament.cat\/ca\/#\/schema\/logo\/image\/","url":"https:\/\/gastronomicament.cat\/wp-content\/uploads\/2016\/09\/header-logo.jpg","contentUrl":"https:\/\/gastronomicament.cat\/wp-content\/uploads\/2016\/09\/header-logo.jpg","width":277,"height":39,"caption":"Gastron\u00f2micament"},"image":{"@id":"https:\/\/gastronomicament.cat\/ca\/#\/schema\/logo\/image\/"},"sameAs":["https:\/\/x.com\/gastronomicamen"]},{"@type":"Person","@id":"https:\/\/gastronomicament.cat\/ca\/#\/schema\/person\/a7c85c537a1ed62799a5b8e0f686a37f","name":"Redacci\u00f3","image":{"@type":"ImageObject","inLanguage":"ca-ES","@id":"https:\/\/secure.gravatar.com\/avatar\/9489a485c464fd611d33825daae651d13db70c4e74c65c94937a15a9d4c3ee14?s=96&d=mm&r=g69fea3cce3645dfa2166e7293e22955e","url":"https:\/\/secure.gravatar.com\/avatar\/9489a485c464fd611d33825daae651d13db70c4e74c65c94937a15a9d4c3ee14?s=96&d=mm&r=g","contentUrl":"https:\/\/secure.gravatar.com\/avatar\/9489a485c464fd611d33825daae651d13db70c4e74c65c94937a15a9d4c3ee14?s=96&d=mm&r=g","caption":"Redacci\u00f3"},"sameAs":["http:\/\/gastronomicament.cat"],"url":"https:\/\/gastronomicament.cat\/ca\/author\/admin"}]}},"_links":{"self":[{"href":"https:\/\/gastronomicament.cat\/ca\/wp-json\/wp\/v2\/posts\/21739","targetHints":{"allow":["GET"]}}],"collection":[{"href":"https:\/\/gastronomicament.cat\/ca\/wp-json\/wp\/v2\/posts"}],"about":[{"href":"https:\/\/gastronomicament.cat\/ca\/wp-json\/wp\/v2\/types\/post"}],"author":[{"embeddable":true,"href":"https:\/\/gastronomicament.cat\/ca\/wp-json\/wp\/v2\/users\/1"}],"replies":[{"embeddable":true,"href":"https:\/\/gastronomicament.cat\/ca\/wp-json\/wp\/v2\/comments?post=21739"}],"version-history":[{"count":0,"href":"https:\/\/gastronomicament.cat\/ca\/wp-json\/wp\/v2\/posts\/21739\/revisions"}],"wp:featuredmedia":[{"embeddable":true,"href":"https:\/\/gastronomicament.cat\/ca\/wp-json\/wp\/v2\/media\/21740"}],"wp:attachment":[{"href":"https:\/\/gastronomicament.cat\/ca\/wp-json\/wp\/v2\/media?parent=21739"}],"wp:term":[{"taxonomy":"category","embeddable":true,"href":"https:\/\/gastronomicament.cat\/ca\/wp-json\/wp\/v2\/categories?post=21739"},{"taxonomy":"post_tag","embeddable":true,"href":"https:\/\/gastronomicament.cat\/ca\/wp-json\/wp\/v2\/tags?post=21739"},{"taxonomy":"author","embeddable":true,"href":"https:\/\/gastronomicament.cat\/ca\/wp-json\/wp\/v2\/coauthors?post=21739"}],"curies":[{"name":"wp","href":"https:\/\/api.w.org\/{rel}","templated":true}]}}