{"id":22327,"date":"2018-07-19T00:31:31","date_gmt":"2018-07-18T22:31:31","guid":{"rendered":"http:\/\/gastronomicament.cat\/?p=22327"},"modified":"2022-04-07T11:10:30","modified_gmt":"2022-04-07T09:10:30","slug":"macarena-de-castro-i-santi-taura-a-dusserdolf-amb-loli-de-mallorca","status":"publish","type":"post","link":"https:\/\/gastronomicament.cat\/ca\/macarena-de-castro-i-santi-taura-a-dusserdolf-amb-loli-de-mallorca","title":{"rendered":"Macarena de Castro i Santi Taura a D\u00fcsserdolf amb l&#8217;Oli de Mallorca"},"content":{"rendered":"<blockquote><p><em>Hi serviren un men\u00fa amb plats t\u00edpics i tradicionals de l&#8217;illa<\/em><\/p><\/blockquote>\n<p>Macarena de Castro ha convidat el cuiner Santi Taura a D\u00fcsserdolf perqu\u00e8 participi a la segona entrega de Maca &amp; Friends. La cuinera d&#8217;Alc\u00fadia celebra aquest 2018 la primera edici\u00f3 d&#8217;aquesta cita culin\u00e0ria al restaurant que t\u00e9 a D\u00fcsseldorf,\u00a0 un dels esdeveniments m\u00e9s destacats de la ciutat alemanya.<\/p>\n<p>La cita va tenir lloc el dimarts 17 de juliol i compta amb la col\u00b7laboraci\u00f3 d&#8217;Oli de Mallorca. De fet, tots dos cuiners varen elaborar un men\u00fa\u00a0degustaci\u00f3 en el qual l&#8217;oli d&#8217;oliva verge extra mallorqu\u00ed en va ser el protagonista. Els assistents pogueren degustar plats t\u00edpics i tradicionals de Mallorca comles alberg\u00ednies farcides de carn i tom\u00e0tiga de ramellet, la llagosta mallorquina amb ceba, el bra\u00e7 de xot amb verdures i el gat\u00f3 d&#8217;ametlla amb pinyons.<\/p>\n<p>Aquesta primera edici\u00f3 de Maca &amp; Friends culminar\u00e0 el mes de setembre amb Tomeu Caldentey com a cuiner convidat.<\/p>\n","protected":false},"excerpt":{"rendered":"<p>Macarena de Castro ha convidat el cuiner Santi Taura a D\u00fcsserdolf perqu\u00e8 participi a la segona&hellip;<\/p>\n","protected":false},"author":1,"featured_media":22329,"comment_status":"open","ping_status":"closed","sticky":false,"template":"","format":"gallery","meta":{"_acf_changed":false,"_swt_meta_header_display":false,"_swt_meta_footer_display":false,"_swt_meta_site_title_display":false,"_swt_meta_sticky_header":false,"_swt_meta_transparent_header":false,"footnotes":""},"categories":[692,955],"tags":[],"coauthors":[],"class_list":["post-22327","post","type-post","status-publish","format-gallery","has-post-thumbnail","hentry","category-actualitat","category-reportatges-i-novetats","post_format-post-format-gallery"],"acf":{"gallery":null,"home_date":{"home_begin_date":null,"home_end_date":null}},"yoast_head":"<!-- This site is optimized with the Yoast SEO plugin v27.4 - https:\/\/yoast.com\/product\/yoast-seo-wordpress\/ -->\n<title>Macarena de Castro i Santi Taura a D\u00fcsserdolf amb l&#039;Oli de Mallorca - Gastron\u00f2micament<\/title>\n<meta name=\"description\" content=\"Macarena de Castro i Santi Taura a D\u00fcsserdolf amb l&#039;Oli de Mallorca Actualitat, Reportatges i novetats Macarena de Castro ha convidat el cuiner Santi Taura a D\u00fcsserdolf perqu\u00e8 participi a la segona entrega de Maca &amp; Friends. La cuinera d&#039;Alc\u00fadia celebra aquest 2018 la primera edici\u00f3 d&#039;aquesta cita culin\u00e0ria al restaurant que t\u00e9 a D\u00fcsseldorf,\u00a0 un dels esdeveniments m\u00e9s destacats de la ciutat alemanya.\" \/>\n<meta name=\"robots\" content=\"index, follow, max-snippet:-1, max-image-preview:large, max-video-preview:-1\" \/>\n<link rel=\"canonical\" href=\"https:\/\/gastronomicament.cat\/ca\/macarena-de-castro-i-santi-taura-a-dusserdolf-amb-loli-de-mallorca\" \/>\n<meta property=\"og:locale\" content=\"ca_ES\" \/>\n<meta property=\"og:type\" content=\"article\" \/>\n<meta property=\"og:title\" content=\"Macarena de Castro i Santi Taura a D\u00fcsserdolf amb l&#039;Oli de Mallorca - Gastron\u00f2micament\" \/>\n<meta property=\"og:description\" content=\"Macarena de Castro i Santi Taura a D\u00fcsserdolf amb l&#039;Oli de Mallorca Actualitat, Reportatges i novetats Macarena de Castro ha convidat el cuiner Santi Taura a D\u00fcsserdolf perqu\u00e8 participi a la segona entrega de Maca &amp; Friends. La cuinera d&#039;Alc\u00fadia celebra aquest 2018 la primera edici\u00f3 d&#039;aquesta cita culin\u00e0ria al restaurant que t\u00e9 a D\u00fcsseldorf,\u00a0 un dels esdeveniments m\u00e9s destacats de la ciutat alemanya.\" \/>\n<meta property=\"og:url\" content=\"https:\/\/gastronomicament.cat\/ca\/macarena-de-castro-i-santi-taura-a-dusserdolf-amb-loli-de-mallorca\" \/>\n<meta property=\"og:site_name\" content=\"Gastron\u00f2micament\" \/>\n<meta property=\"article:published_time\" content=\"2018-07-18T22:31:31+00:00\" \/>\n<meta property=\"article:modified_time\" content=\"2022-04-07T09:10:30+00:00\" \/>\n<meta property=\"og:image\" content=\"https:\/\/gastronomicament.cat\/wp-content\/uploads\/2018\/07\/Macafriends.-Santi-Taura-2.jpg\" \/>\n\t<meta property=\"og:image:width\" content=\"1200\" \/>\n\t<meta property=\"og:image:height\" content=\"900\" \/>\n\t<meta property=\"og:image:type\" content=\"image\/jpeg\" \/>\n<meta name=\"author\" content=\"Redacci\u00f3\" \/>\n<meta name=\"twitter:card\" content=\"summary_large_image\" \/>\n<meta name=\"twitter:creator\" content=\"@gastronomicamen\" \/>\n<meta name=\"twitter:site\" content=\"@gastronomicamen\" \/>\n<meta name=\"twitter:label1\" content=\"Written by\" \/>\n\t<meta name=\"twitter:data1\" content=\"Redacci\u00f3\" \/>\n\t<meta name=\"twitter:label2\" content=\"Est. reading time\" \/>\n\t<meta name=\"twitter:data2\" content=\"1 minute\" \/>\n<script type=\"application\/ld+json\" class=\"yoast-schema-graph\">{\"@context\":\"https:\\\/\\\/schema.org\",\"@graph\":[{\"@type\":\"Article\",\"@id\":\"https:\\\/\\\/gastronomicament.cat\\\/ca\\\/macarena-de-castro-i-santi-taura-a-dusserdolf-amb-loli-de-mallorca#article\",\"isPartOf\":{\"@id\":\"https:\\\/\\\/gastronomicament.cat\\\/ca\\\/macarena-de-castro-i-santi-taura-a-dusserdolf-amb-loli-de-mallorca\"},\"author\":{\"name\":\"Redacci\u00f3\",\"@id\":\"https:\\\/\\\/gastronomicament.cat\\\/ca\\\/#\\\/schema\\\/person\\\/a7c85c537a1ed62799a5b8e0f686a37f\"},\"headline\":\"Macarena de Castro i Santi Taura a D\u00fcsserdolf amb l&#8217;Oli de Mallorca\",\"datePublished\":\"2018-07-18T22:31:31+00:00\",\"dateModified\":\"2022-04-07T09:10:30+00:00\",\"mainEntityOfPage\":{\"@id\":\"https:\\\/\\\/gastronomicament.cat\\\/ca\\\/macarena-de-castro-i-santi-taura-a-dusserdolf-amb-loli-de-mallorca\"},\"wordCount\":176,\"commentCount\":0,\"publisher\":{\"@id\":\"https:\\\/\\\/gastronomicament.cat\\\/ca\\\/#organization\"},\"image\":{\"@id\":\"https:\\\/\\\/gastronomicament.cat\\\/ca\\\/macarena-de-castro-i-santi-taura-a-dusserdolf-amb-loli-de-mallorca#primaryimage\"},\"thumbnailUrl\":\"https:\\\/\\\/gastronomicament.cat\\\/wp-content\\\/uploads\\\/2018\\\/07\\\/Macafriends.-Santi-Taura-2.jpg\",\"articleSection\":[\"Actualitat\",\"Reportatges i novetats\"],\"inLanguage\":\"ca-ES\",\"potentialAction\":[{\"@type\":\"CommentAction\",\"name\":\"Comment\",\"target\":[\"https:\\\/\\\/gastronomicament.cat\\\/ca\\\/macarena-de-castro-i-santi-taura-a-dusserdolf-amb-loli-de-mallorca#respond\"]}]},{\"@type\":\"WebPage\",\"@id\":\"https:\\\/\\\/gastronomicament.cat\\\/ca\\\/macarena-de-castro-i-santi-taura-a-dusserdolf-amb-loli-de-mallorca\",\"url\":\"https:\\\/\\\/gastronomicament.cat\\\/ca\\\/macarena-de-castro-i-santi-taura-a-dusserdolf-amb-loli-de-mallorca\",\"name\":\"Macarena de Castro i Santi Taura a D\u00fcsserdolf amb l'Oli de Mallorca - Gastron\u00f2micament\",\"isPartOf\":{\"@id\":\"https:\\\/\\\/gastronomicament.cat\\\/ca\\\/#website\"},\"primaryImageOfPage\":{\"@id\":\"https:\\\/\\\/gastronomicament.cat\\\/ca\\\/macarena-de-castro-i-santi-taura-a-dusserdolf-amb-loli-de-mallorca#primaryimage\"},\"image\":{\"@id\":\"https:\\\/\\\/gastronomicament.cat\\\/ca\\\/macarena-de-castro-i-santi-taura-a-dusserdolf-amb-loli-de-mallorca#primaryimage\"},\"thumbnailUrl\":\"https:\\\/\\\/gastronomicament.cat\\\/wp-content\\\/uploads\\\/2018\\\/07\\\/Macafriends.-Santi-Taura-2.jpg\",\"datePublished\":\"2018-07-18T22:31:31+00:00\",\"dateModified\":\"2022-04-07T09:10:30+00:00\",\"description\":\"Macarena de Castro i Santi Taura a D\u00fcsserdolf amb l'Oli de Mallorca Actualitat, Reportatges i novetats Macarena de Castro ha convidat el cuiner Santi Taura a D\u00fcsserdolf perqu\u00e8 participi a la segona entrega de Maca & Friends. La cuinera d'Alc\u00fadia celebra aquest 2018 la primera edici\u00f3 d'aquesta cita culin\u00e0ria al restaurant que t\u00e9 a D\u00fcsseldorf,\u00a0 un dels esdeveniments m\u00e9s destacats de la ciutat alemanya.\",\"inLanguage\":\"ca-ES\",\"potentialAction\":[{\"@type\":\"ReadAction\",\"target\":[\"https:\\\/\\\/gastronomicament.cat\\\/ca\\\/macarena-de-castro-i-santi-taura-a-dusserdolf-amb-loli-de-mallorca\"]}]},{\"@type\":\"ImageObject\",\"inLanguage\":\"ca-ES\",\"@id\":\"https:\\\/\\\/gastronomicament.cat\\\/ca\\\/macarena-de-castro-i-santi-taura-a-dusserdolf-amb-loli-de-mallorca#primaryimage\",\"url\":\"https:\\\/\\\/gastronomicament.cat\\\/wp-content\\\/uploads\\\/2018\\\/07\\\/Macafriends.-Santi-Taura-2.jpg\",\"contentUrl\":\"https:\\\/\\\/gastronomicament.cat\\\/wp-content\\\/uploads\\\/2018\\\/07\\\/Macafriends.-Santi-Taura-2.jpg\",\"width\":1200,\"height\":900},{\"@type\":\"WebSite\",\"@id\":\"https:\\\/\\\/gastronomicament.cat\\\/ca\\\/#website\",\"url\":\"https:\\\/\\\/gastronomicament.cat\\\/ca\\\/\",\"name\":\"Gastron\u00f2micament\",\"description\":\"Portal de restaurants, receptes i actualitat gastron\u00f2mica\",\"publisher\":{\"@id\":\"https:\\\/\\\/gastronomicament.cat\\\/ca\\\/#organization\"},\"potentialAction\":[{\"@type\":\"SearchAction\",\"target\":{\"@type\":\"EntryPoint\",\"urlTemplate\":\"https:\\\/\\\/gastronomicament.cat\\\/ca\\\/?s={search_term_string}\"},\"query-input\":{\"@type\":\"PropertyValueSpecification\",\"valueRequired\":true,\"valueName\":\"search_term_string\"}}],\"inLanguage\":\"ca-ES\"},{\"@type\":\"Organization\",\"@id\":\"https:\\\/\\\/gastronomicament.cat\\\/ca\\\/#organization\",\"name\":\"Gastron\u00f2micament\",\"url\":\"https:\\\/\\\/gastronomicament.cat\\\/ca\\\/\",\"logo\":{\"@type\":\"ImageObject\",\"inLanguage\":\"ca-ES\",\"@id\":\"https:\\\/\\\/gastronomicament.cat\\\/ca\\\/#\\\/schema\\\/logo\\\/image\\\/\",\"url\":\"https:\\\/\\\/gastronomicament.cat\\\/wp-content\\\/uploads\\\/2016\\\/09\\\/header-logo.jpg\",\"contentUrl\":\"https:\\\/\\\/gastronomicament.cat\\\/wp-content\\\/uploads\\\/2016\\\/09\\\/header-logo.jpg\",\"width\":277,\"height\":39,\"caption\":\"Gastron\u00f2micament\"},\"image\":{\"@id\":\"https:\\\/\\\/gastronomicament.cat\\\/ca\\\/#\\\/schema\\\/logo\\\/image\\\/\"},\"sameAs\":[\"https:\\\/\\\/x.com\\\/gastronomicamen\"]},{\"@type\":\"Person\",\"@id\":\"https:\\\/\\\/gastronomicament.cat\\\/ca\\\/#\\\/schema\\\/person\\\/a7c85c537a1ed62799a5b8e0f686a37f\",\"name\":\"Redacci\u00f3\",\"image\":{\"@type\":\"ImageObject\",\"inLanguage\":\"ca-ES\",\"@id\":\"https:\\\/\\\/secure.gravatar.com\\\/avatar\\\/9489a485c464fd611d33825daae651d13db70c4e74c65c94937a15a9d4c3ee14?s=96&d=mm&r=g69fea3cce3645dfa2166e7293e22955e\",\"url\":\"https:\\\/\\\/secure.gravatar.com\\\/avatar\\\/9489a485c464fd611d33825daae651d13db70c4e74c65c94937a15a9d4c3ee14?s=96&d=mm&r=g\",\"contentUrl\":\"https:\\\/\\\/secure.gravatar.com\\\/avatar\\\/9489a485c464fd611d33825daae651d13db70c4e74c65c94937a15a9d4c3ee14?s=96&d=mm&r=g\",\"caption\":\"Redacci\u00f3\"},\"sameAs\":[\"http:\\\/\\\/gastronomicament.cat\"],\"url\":\"https:\\\/\\\/gastronomicament.cat\\\/ca\\\/author\\\/admin\"}]}<\/script>\n<!-- \/ Yoast SEO plugin. -->","yoast_head_json":{"title":"Macarena de Castro i Santi Taura a D\u00fcsserdolf amb l'Oli de Mallorca - Gastron\u00f2micament","description":"Macarena de Castro i Santi Taura a D\u00fcsserdolf amb l'Oli de Mallorca Actualitat, Reportatges i novetats Macarena de Castro ha convidat el cuiner Santi Taura a D\u00fcsserdolf perqu\u00e8 participi a la segona entrega de Maca & Friends. La cuinera d'Alc\u00fadia celebra aquest 2018 la primera edici\u00f3 d'aquesta cita culin\u00e0ria al restaurant que t\u00e9 a D\u00fcsseldorf,\u00a0 un dels esdeveniments m\u00e9s destacats de la ciutat alemanya.","robots":{"index":"index","follow":"follow","max-snippet":"max-snippet:-1","max-image-preview":"max-image-preview:large","max-video-preview":"max-video-preview:-1"},"canonical":"https:\/\/gastronomicament.cat\/ca\/macarena-de-castro-i-santi-taura-a-dusserdolf-amb-loli-de-mallorca","og_locale":"ca_ES","og_type":"article","og_title":"Macarena de Castro i Santi Taura a D\u00fcsserdolf amb l'Oli de Mallorca - Gastron\u00f2micament","og_description":"Macarena de Castro i Santi Taura a D\u00fcsserdolf amb l'Oli de Mallorca Actualitat, Reportatges i novetats Macarena de Castro ha convidat el cuiner Santi Taura a D\u00fcsserdolf perqu\u00e8 participi a la segona entrega de Maca & Friends. La cuinera d'Alc\u00fadia celebra aquest 2018 la primera edici\u00f3 d'aquesta cita culin\u00e0ria al restaurant que t\u00e9 a D\u00fcsseldorf,\u00a0 un dels esdeveniments m\u00e9s destacats de la ciutat alemanya.","og_url":"https:\/\/gastronomicament.cat\/ca\/macarena-de-castro-i-santi-taura-a-dusserdolf-amb-loli-de-mallorca","og_site_name":"Gastron\u00f2micament","article_published_time":"2018-07-18T22:31:31+00:00","article_modified_time":"2022-04-07T09:10:30+00:00","og_image":[{"width":1200,"height":900,"url":"https:\/\/gastronomicament.cat\/wp-content\/uploads\/2018\/07\/Macafriends.-Santi-Taura-2.jpg","type":"image\/jpeg"}],"author":"Redacci\u00f3","twitter_card":"summary_large_image","twitter_creator":"@gastronomicamen","twitter_site":"@gastronomicamen","twitter_misc":{"Written by":"Redacci\u00f3","Est. reading time":"1 minute"},"schema":{"@context":"https:\/\/schema.org","@graph":[{"@type":"Article","@id":"https:\/\/gastronomicament.cat\/ca\/macarena-de-castro-i-santi-taura-a-dusserdolf-amb-loli-de-mallorca#article","isPartOf":{"@id":"https:\/\/gastronomicament.cat\/ca\/macarena-de-castro-i-santi-taura-a-dusserdolf-amb-loli-de-mallorca"},"author":{"name":"Redacci\u00f3","@id":"https:\/\/gastronomicament.cat\/ca\/#\/schema\/person\/a7c85c537a1ed62799a5b8e0f686a37f"},"headline":"Macarena de Castro i Santi Taura a D\u00fcsserdolf amb l&#8217;Oli de Mallorca","datePublished":"2018-07-18T22:31:31+00:00","dateModified":"2022-04-07T09:10:30+00:00","mainEntityOfPage":{"@id":"https:\/\/gastronomicament.cat\/ca\/macarena-de-castro-i-santi-taura-a-dusserdolf-amb-loli-de-mallorca"},"wordCount":176,"commentCount":0,"publisher":{"@id":"https:\/\/gastronomicament.cat\/ca\/#organization"},"image":{"@id":"https:\/\/gastronomicament.cat\/ca\/macarena-de-castro-i-santi-taura-a-dusserdolf-amb-loli-de-mallorca#primaryimage"},"thumbnailUrl":"https:\/\/gastronomicament.cat\/wp-content\/uploads\/2018\/07\/Macafriends.-Santi-Taura-2.jpg","articleSection":["Actualitat","Reportatges i novetats"],"inLanguage":"ca-ES","potentialAction":[{"@type":"CommentAction","name":"Comment","target":["https:\/\/gastronomicament.cat\/ca\/macarena-de-castro-i-santi-taura-a-dusserdolf-amb-loli-de-mallorca#respond"]}]},{"@type":"WebPage","@id":"https:\/\/gastronomicament.cat\/ca\/macarena-de-castro-i-santi-taura-a-dusserdolf-amb-loli-de-mallorca","url":"https:\/\/gastronomicament.cat\/ca\/macarena-de-castro-i-santi-taura-a-dusserdolf-amb-loli-de-mallorca","name":"Macarena de Castro i Santi Taura a D\u00fcsserdolf amb l'Oli de Mallorca - Gastron\u00f2micament","isPartOf":{"@id":"https:\/\/gastronomicament.cat\/ca\/#website"},"primaryImageOfPage":{"@id":"https:\/\/gastronomicament.cat\/ca\/macarena-de-castro-i-santi-taura-a-dusserdolf-amb-loli-de-mallorca#primaryimage"},"image":{"@id":"https:\/\/gastronomicament.cat\/ca\/macarena-de-castro-i-santi-taura-a-dusserdolf-amb-loli-de-mallorca#primaryimage"},"thumbnailUrl":"https:\/\/gastronomicament.cat\/wp-content\/uploads\/2018\/07\/Macafriends.-Santi-Taura-2.jpg","datePublished":"2018-07-18T22:31:31+00:00","dateModified":"2022-04-07T09:10:30+00:00","description":"Macarena de Castro i Santi Taura a D\u00fcsserdolf amb l'Oli de Mallorca Actualitat, Reportatges i novetats Macarena de Castro ha convidat el cuiner Santi Taura a D\u00fcsserdolf perqu\u00e8 participi a la segona entrega de Maca & Friends. La cuinera d'Alc\u00fadia celebra aquest 2018 la primera edici\u00f3 d'aquesta cita culin\u00e0ria al restaurant que t\u00e9 a D\u00fcsseldorf,\u00a0 un dels esdeveniments m\u00e9s destacats de la ciutat alemanya.","inLanguage":"ca-ES","potentialAction":[{"@type":"ReadAction","target":["https:\/\/gastronomicament.cat\/ca\/macarena-de-castro-i-santi-taura-a-dusserdolf-amb-loli-de-mallorca"]}]},{"@type":"ImageObject","inLanguage":"ca-ES","@id":"https:\/\/gastronomicament.cat\/ca\/macarena-de-castro-i-santi-taura-a-dusserdolf-amb-loli-de-mallorca#primaryimage","url":"https:\/\/gastronomicament.cat\/wp-content\/uploads\/2018\/07\/Macafriends.-Santi-Taura-2.jpg","contentUrl":"https:\/\/gastronomicament.cat\/wp-content\/uploads\/2018\/07\/Macafriends.-Santi-Taura-2.jpg","width":1200,"height":900},{"@type":"WebSite","@id":"https:\/\/gastronomicament.cat\/ca\/#website","url":"https:\/\/gastronomicament.cat\/ca\/","name":"Gastron\u00f2micament","description":"Portal de restaurants, receptes i actualitat gastron\u00f2mica","publisher":{"@id":"https:\/\/gastronomicament.cat\/ca\/#organization"},"potentialAction":[{"@type":"SearchAction","target":{"@type":"EntryPoint","urlTemplate":"https:\/\/gastronomicament.cat\/ca\/?s={search_term_string}"},"query-input":{"@type":"PropertyValueSpecification","valueRequired":true,"valueName":"search_term_string"}}],"inLanguage":"ca-ES"},{"@type":"Organization","@id":"https:\/\/gastronomicament.cat\/ca\/#organization","name":"Gastron\u00f2micament","url":"https:\/\/gastronomicament.cat\/ca\/","logo":{"@type":"ImageObject","inLanguage":"ca-ES","@id":"https:\/\/gastronomicament.cat\/ca\/#\/schema\/logo\/image\/","url":"https:\/\/gastronomicament.cat\/wp-content\/uploads\/2016\/09\/header-logo.jpg","contentUrl":"https:\/\/gastronomicament.cat\/wp-content\/uploads\/2016\/09\/header-logo.jpg","width":277,"height":39,"caption":"Gastron\u00f2micament"},"image":{"@id":"https:\/\/gastronomicament.cat\/ca\/#\/schema\/logo\/image\/"},"sameAs":["https:\/\/x.com\/gastronomicamen"]},{"@type":"Person","@id":"https:\/\/gastronomicament.cat\/ca\/#\/schema\/person\/a7c85c537a1ed62799a5b8e0f686a37f","name":"Redacci\u00f3","image":{"@type":"ImageObject","inLanguage":"ca-ES","@id":"https:\/\/secure.gravatar.com\/avatar\/9489a485c464fd611d33825daae651d13db70c4e74c65c94937a15a9d4c3ee14?s=96&d=mm&r=g69fea3cce3645dfa2166e7293e22955e","url":"https:\/\/secure.gravatar.com\/avatar\/9489a485c464fd611d33825daae651d13db70c4e74c65c94937a15a9d4c3ee14?s=96&d=mm&r=g","contentUrl":"https:\/\/secure.gravatar.com\/avatar\/9489a485c464fd611d33825daae651d13db70c4e74c65c94937a15a9d4c3ee14?s=96&d=mm&r=g","caption":"Redacci\u00f3"},"sameAs":["http:\/\/gastronomicament.cat"],"url":"https:\/\/gastronomicament.cat\/ca\/author\/admin"}]}},"_links":{"self":[{"href":"https:\/\/gastronomicament.cat\/ca\/wp-json\/wp\/v2\/posts\/22327","targetHints":{"allow":["GET"]}}],"collection":[{"href":"https:\/\/gastronomicament.cat\/ca\/wp-json\/wp\/v2\/posts"}],"about":[{"href":"https:\/\/gastronomicament.cat\/ca\/wp-json\/wp\/v2\/types\/post"}],"author":[{"embeddable":true,"href":"https:\/\/gastronomicament.cat\/ca\/wp-json\/wp\/v2\/users\/1"}],"replies":[{"embeddable":true,"href":"https:\/\/gastronomicament.cat\/ca\/wp-json\/wp\/v2\/comments?post=22327"}],"version-history":[{"count":0,"href":"https:\/\/gastronomicament.cat\/ca\/wp-json\/wp\/v2\/posts\/22327\/revisions"}],"wp:featuredmedia":[{"embeddable":true,"href":"https:\/\/gastronomicament.cat\/ca\/wp-json\/wp\/v2\/media\/22329"}],"wp:attachment":[{"href":"https:\/\/gastronomicament.cat\/ca\/wp-json\/wp\/v2\/media?parent=22327"}],"wp:term":[{"taxonomy":"category","embeddable":true,"href":"https:\/\/gastronomicament.cat\/ca\/wp-json\/wp\/v2\/categories?post=22327"},{"taxonomy":"post_tag","embeddable":true,"href":"https:\/\/gastronomicament.cat\/ca\/wp-json\/wp\/v2\/tags?post=22327"},{"taxonomy":"author","embeddable":true,"href":"https:\/\/gastronomicament.cat\/ca\/wp-json\/wp\/v2\/coauthors?post=22327"}],"curies":[{"name":"wp","href":"https:\/\/api.w.org\/{rel}","templated":true}]}}