{"id":22714,"date":"2018-09-27T10:05:40","date_gmt":"2018-09-27T08:05:40","guid":{"rendered":"http:\/\/gastronomicament.cat\/?p=22714"},"modified":"2022-04-07T11:10:40","modified_gmt":"2022-04-07T09:10:40","slug":"corimbo-i-2012-pecat-2014-niades-2014","status":"publish","type":"post","link":"https:\/\/gastronomicament.cat\/ca\/corimbo-i-2012-pecat-2014-niades-2014","title":{"rendered":"Corimbo I 2012 &#8211; Pecat 2014 &#8211; Niades 2014"},"content":{"rendered":"<h4><strong>Corimbo I 2012<\/strong><\/h4>\n<p><a href=\"http:\/\/gastronomicament.cat\/wp-content\/uploads\/2018\/09\/CORIMBO-I-2012.jpg\"><img decoding=\"async\" class=\"alignleft wp-image-22715 size-medium\" src=\"http:\/\/gastronomicament.cat\/wp-content\/uploads\/2018\/09\/CORIMBO-I-2012-300x300.jpg\" alt=\"\" width=\"300\" height=\"300\" srcset=\"https:\/\/gastronomicament.cat\/wp-content\/uploads\/2018\/09\/CORIMBO-I-2012-300x300.jpg 300w, https:\/\/gastronomicament.cat\/wp-content\/uploads\/2018\/09\/CORIMBO-I-2012-150x150.jpg 150w, https:\/\/gastronomicament.cat\/wp-content\/uploads\/2018\/09\/CORIMBO-I-2012-50x50.jpg 50w, https:\/\/gastronomicament.cat\/wp-content\/uploads\/2018\/09\/CORIMBO-I-2012-60x60.jpg 60w, https:\/\/gastronomicament.cat\/wp-content\/uploads\/2018\/09\/CORIMBO-I-2012.jpg 600w\" sizes=\"(max-width: 300px) 100vw, 300px\" \/><\/a><\/p>\n<p>Aquest Ribera del Duero, del celler Bodegas La Horra, \u00e9s fresc i equilibrat. \u00c9s un monovarietal d&#8217;Ull de Llebre, que es cultiva en petites parcel\u00b7les de la Horra, a Burgos, amb un ceps que tenen una mitjana superior als 50 anys. T\u00e9 una crian\u00e7a 16 mesos en barrica (80% francesa i 20% americana). Cal comentar que el vi Corimbo I 2012 \u00e9s l&#8217;\u00fanic del m\u00f3n que ha estat present al dinar de gala de la reuni\u00f3 anual del Comit\u00e8 Jiangsu &#8211; Hong Kong al Centre d&#8217;Exhibicions i Convencions de Hong Kong (Hong Kong Exhibiton Center) que va tenir lloc el passat dissabte 22 de setembre. La cita, amb m\u00e9s de 1.200 assistents, \u00e9s un punt de trobada per a empresaris, pol\u00edtics, alts funcionaris i membres del Partit Comunista Xin\u00e8s de dues de les regions m\u00e9s riques de la Xina.\u00a0 Preu: 45 euros.<\/p>\n<p>&nbsp;<\/p>\n<p>&nbsp;<\/p>\n<h4><b>Pecat 2014\u00a0<\/b><\/h4>\n<p><a href=\"http:\/\/gastronomicament.cat\/wp-content\/uploads\/2018\/09\/Pecat-2014-Mallorca.jpg\"><img decoding=\"async\" class=\"alignleft wp-image-22716 size-medium\" src=\"http:\/\/gastronomicament.cat\/wp-content\/uploads\/2018\/09\/Pecat-2014-Mallorca-300x300.jpg\" alt=\"\" width=\"300\" height=\"300\" srcset=\"https:\/\/gastronomicament.cat\/wp-content\/uploads\/2018\/09\/Pecat-2014-Mallorca-300x300.jpg 300w, https:\/\/gastronomicament.cat\/wp-content\/uploads\/2018\/09\/Pecat-2014-Mallorca-150x150.jpg 150w, https:\/\/gastronomicament.cat\/wp-content\/uploads\/2018\/09\/Pecat-2014-Mallorca-50x50.jpg 50w, https:\/\/gastronomicament.cat\/wp-content\/uploads\/2018\/09\/Pecat-2014-Mallorca-60x60.jpg 60w, https:\/\/gastronomicament.cat\/wp-content\/uploads\/2018\/09\/Pecat-2014-Mallorca.jpg 550w\" sizes=\"(max-width: 300px) 100vw, 300px\" \/><\/a><\/p>\n<p>La fam\u00edlia Canyelles &#8211; Sim\u00f3 elabora aquest vi a les terres del seu agroturisme, un hotel amb molt d&#8217;encant situat a la finca de Son Sim\u00f3 Vell, al municipi d&#8217;Alc\u00fadia (Mallorca). La passi\u00f3 pel vi ve d&#8217;enrere ja que pertanyen a la fam\u00edlia que va crear el celler Maci\u00e0 Batle l&#8217;any 1856, avui dia en actiu i en mans de la fam\u00edlia Rub\u00ed.<\/p>\n<p>Pecat 2014 \u00e9s un vi\u00a0 fet amb les varietats Cabernet Sauvignon, Merlot i Sir\u00e0. \u00c9s elegant, d&#8217;un color vermell viu i fosc que recorda la cirera picota. Al nas \u00e9s suggerent, amb notes de maduixa madura, cacau i reminisc\u00e8ncies de vainilla. T\u00e9 un gust agradable a la boca, harm\u00f2nic i equilibrat. Preu: 19,5 euros.<\/p>\n<p>&nbsp;<\/p>\n<p>&nbsp;<\/p>\n<h4><b>Niades 2014<\/b><\/h4>\n<p><a href=\"http:\/\/gastronomicament.cat\/wp-content\/uploads\/2018\/09\/vi-naiades-2014-Verdejo.jpg\"><img decoding=\"async\" class=\"alignleft wp-image-22717 size-medium\" src=\"http:\/\/gastronomicament.cat\/wp-content\/uploads\/2018\/09\/vi-naiades-2014-Verdejo-300x300.jpg\" alt=\"\" width=\"300\" height=\"300\" srcset=\"https:\/\/gastronomicament.cat\/wp-content\/uploads\/2018\/09\/vi-naiades-2014-Verdejo-300x300.jpg 300w, https:\/\/gastronomicament.cat\/wp-content\/uploads\/2018\/09\/vi-naiades-2014-Verdejo-150x150.jpg 150w, https:\/\/gastronomicament.cat\/wp-content\/uploads\/2018\/09\/vi-naiades-2014-Verdejo-50x50.jpg 50w, https:\/\/gastronomicament.cat\/wp-content\/uploads\/2018\/09\/vi-naiades-2014-Verdejo-60x60.jpg 60w, https:\/\/gastronomicament.cat\/wp-content\/uploads\/2018\/09\/vi-naiades-2014-Verdejo.jpg 450w\" sizes=\"(max-width: 300px) 100vw, 300px\" \/><\/a><\/p>\n<p>Aquest vi del celler Bodegas Naia ha estat considerat com el tercer Verdejo m\u00e9s ben puntuat de la Guia Pe\u00f1\u00edn 2018. Ha envellit 7 mesos sobre sediments en barrica de roble franc\u00e8s.<\/p>\n<p>El ra\u00efm d&#8217;aquest vi de la DO Rueda prov\u00e9 de ceps de la varietat Verdejo d&#8217;abans de la filoxera, amb m\u00e9s de 100 anys de vida. De color groc amb reflexos daurats, \u00e9s un vi arom\u00e0tic amb tocs de melicot\u00f3 amb alm\u00edvar, records d&#8217;avellanes. \u00c9s fresc en boca, dens i de gran mineralitat. Preu: 20,85 euros<\/p>\n<p>&nbsp;<\/p>\n","protected":false},"excerpt":{"rendered":"<p>Vin\u00edcola, la secci\u00f3 de vins i licors de Gastron\u00f2micament us ofereix una tria seleccionada de les&hellip;<\/p>\n","protected":false},"author":1,"featured_media":22718,"comment_status":"open","ping_status":"closed","sticky":false,"template":"","format":"standard","meta":{"_acf_changed":false,"_swt_meta_header_display":false,"_swt_meta_footer_display":false,"_swt_meta_site_title_display":false,"_swt_meta_sticky_header":false,"_swt_meta_transparent_header":false,"footnotes":""},"categories":[692,963],"tags":[],"coauthors":[],"class_list":["post-22714","post","type-post","status-publish","format-standard","has-post-thumbnail","hentry","category-actualitat","category-vinicola-actualitat"],"acf":{"gallery":null,"home_date":{"home_begin_date":null,"home_end_date":null}},"yoast_head":"<!-- This site is optimized with the Yoast SEO plugin v27.4 - https:\/\/yoast.com\/product\/yoast-seo-wordpress\/ -->\n<title>Corimbo I 2012 - Pecat 2014 - Niades 2014 - Gastron\u00f2micament<\/title>\n<meta name=\"description\" content=\"Corimbo I 2012 - Pecat 2014 - Niades 2014 Actualitat, Vin\u00edcola Vin\u00edcola, la secci\u00f3 de vins i licors de Gastron\u00f2micament us ofereix una tria seleccionada de les novetats i propotes m\u00e9s destacades de l&#039;actualitat.\" \/>\n<meta name=\"robots\" content=\"index, follow, max-snippet:-1, max-image-preview:large, max-video-preview:-1\" \/>\n<link rel=\"canonical\" href=\"https:\/\/gastronomicament.cat\/ca\/corimbo-i-2012-pecat-2014-niades-2014\" \/>\n<meta property=\"og:locale\" content=\"ca_ES\" \/>\n<meta property=\"og:type\" content=\"article\" \/>\n<meta property=\"og:title\" content=\"Corimbo I 2012 - Pecat 2014 - Niades 2014 - Gastron\u00f2micament\" \/>\n<meta property=\"og:description\" content=\"Corimbo I 2012 - Pecat 2014 - Niades 2014 Actualitat, Vin\u00edcola Vin\u00edcola, la secci\u00f3 de vins i licors de Gastron\u00f2micament us ofereix una tria seleccionada de les novetats i propotes m\u00e9s destacades de l&#039;actualitat.\" \/>\n<meta property=\"og:url\" content=\"https:\/\/gastronomicament.cat\/ca\/corimbo-i-2012-pecat-2014-niades-2014\" \/>\n<meta property=\"og:site_name\" content=\"Gastron\u00f2micament\" \/>\n<meta property=\"article:published_time\" content=\"2018-09-27T08:05:40+00:00\" \/>\n<meta property=\"article:modified_time\" content=\"2022-04-07T09:10:40+00:00\" \/>\n<meta property=\"og:image\" content=\"https:\/\/gastronomicament.cat\/wp-content\/uploads\/2018\/09\/vinicola-setembre-2018.jpg\" \/>\n\t<meta property=\"og:image:width\" content=\"850\" \/>\n\t<meta property=\"og:image:height\" content=\"400\" \/>\n\t<meta property=\"og:image:type\" content=\"image\/jpeg\" \/>\n<meta name=\"author\" content=\"Redacci\u00f3\" \/>\n<meta name=\"twitter:card\" content=\"summary_large_image\" \/>\n<meta name=\"twitter:creator\" content=\"@gastronomicamen\" \/>\n<meta name=\"twitter:site\" content=\"@gastronomicamen\" \/>\n<meta name=\"twitter:label1\" content=\"Written by\" \/>\n\t<meta name=\"twitter:data1\" content=\"Redacci\u00f3\" \/>\n\t<meta name=\"twitter:label2\" content=\"Est. reading time\" \/>\n\t<meta name=\"twitter:data2\" content=\"2 minutes\" \/>\n<script type=\"application\/ld+json\" class=\"yoast-schema-graph\">{\"@context\":\"https:\\\/\\\/schema.org\",\"@graph\":[{\"@type\":\"Article\",\"@id\":\"https:\\\/\\\/gastronomicament.cat\\\/ca\\\/corimbo-i-2012-pecat-2014-niades-2014#article\",\"isPartOf\":{\"@id\":\"https:\\\/\\\/gastronomicament.cat\\\/ca\\\/corimbo-i-2012-pecat-2014-niades-2014\"},\"author\":{\"name\":\"Redacci\u00f3\",\"@id\":\"https:\\\/\\\/gastronomicament.cat\\\/ca\\\/#\\\/schema\\\/person\\\/a7c85c537a1ed62799a5b8e0f686a37f\"},\"headline\":\"Corimbo I 2012 &#8211; Pecat 2014 &#8211; Niades 2014\",\"datePublished\":\"2018-09-27T08:05:40+00:00\",\"dateModified\":\"2022-04-07T09:10:40+00:00\",\"mainEntityOfPage\":{\"@id\":\"https:\\\/\\\/gastronomicament.cat\\\/ca\\\/corimbo-i-2012-pecat-2014-niades-2014\"},\"wordCount\":368,\"commentCount\":0,\"publisher\":{\"@id\":\"https:\\\/\\\/gastronomicament.cat\\\/ca\\\/#organization\"},\"image\":{\"@id\":\"https:\\\/\\\/gastronomicament.cat\\\/ca\\\/corimbo-i-2012-pecat-2014-niades-2014#primaryimage\"},\"thumbnailUrl\":\"https:\\\/\\\/gastronomicament.cat\\\/wp-content\\\/uploads\\\/2018\\\/09\\\/vinicola-setembre-2018.jpg\",\"articleSection\":[\"Actualitat\",\"Vin\u00edcola\"],\"inLanguage\":\"ca-ES\",\"potentialAction\":[{\"@type\":\"CommentAction\",\"name\":\"Comment\",\"target\":[\"https:\\\/\\\/gastronomicament.cat\\\/ca\\\/corimbo-i-2012-pecat-2014-niades-2014#respond\"]}]},{\"@type\":\"WebPage\",\"@id\":\"https:\\\/\\\/gastronomicament.cat\\\/ca\\\/corimbo-i-2012-pecat-2014-niades-2014\",\"url\":\"https:\\\/\\\/gastronomicament.cat\\\/ca\\\/corimbo-i-2012-pecat-2014-niades-2014\",\"name\":\"Corimbo I 2012 - Pecat 2014 - Niades 2014 - Gastron\u00f2micament\",\"isPartOf\":{\"@id\":\"https:\\\/\\\/gastronomicament.cat\\\/ca\\\/#website\"},\"primaryImageOfPage\":{\"@id\":\"https:\\\/\\\/gastronomicament.cat\\\/ca\\\/corimbo-i-2012-pecat-2014-niades-2014#primaryimage\"},\"image\":{\"@id\":\"https:\\\/\\\/gastronomicament.cat\\\/ca\\\/corimbo-i-2012-pecat-2014-niades-2014#primaryimage\"},\"thumbnailUrl\":\"https:\\\/\\\/gastronomicament.cat\\\/wp-content\\\/uploads\\\/2018\\\/09\\\/vinicola-setembre-2018.jpg\",\"datePublished\":\"2018-09-27T08:05:40+00:00\",\"dateModified\":\"2022-04-07T09:10:40+00:00\",\"description\":\"Corimbo I 2012 - Pecat 2014 - Niades 2014 Actualitat, Vin\u00edcola Vin\u00edcola, la secci\u00f3 de vins i licors de Gastron\u00f2micament us ofereix una tria seleccionada de les novetats i propotes m\u00e9s destacades de l'actualitat.\",\"inLanguage\":\"ca-ES\",\"potentialAction\":[{\"@type\":\"ReadAction\",\"target\":[\"https:\\\/\\\/gastronomicament.cat\\\/ca\\\/corimbo-i-2012-pecat-2014-niades-2014\"]}]},{\"@type\":\"ImageObject\",\"inLanguage\":\"ca-ES\",\"@id\":\"https:\\\/\\\/gastronomicament.cat\\\/ca\\\/corimbo-i-2012-pecat-2014-niades-2014#primaryimage\",\"url\":\"https:\\\/\\\/gastronomicament.cat\\\/wp-content\\\/uploads\\\/2018\\\/09\\\/vinicola-setembre-2018.jpg\",\"contentUrl\":\"https:\\\/\\\/gastronomicament.cat\\\/wp-content\\\/uploads\\\/2018\\\/09\\\/vinicola-setembre-2018.jpg\",\"width\":850,\"height\":400},{\"@type\":\"WebSite\",\"@id\":\"https:\\\/\\\/gastronomicament.cat\\\/ca\\\/#website\",\"url\":\"https:\\\/\\\/gastronomicament.cat\\\/ca\\\/\",\"name\":\"Gastron\u00f2micament\",\"description\":\"Portal de restaurants, receptes i actualitat gastron\u00f2mica\",\"publisher\":{\"@id\":\"https:\\\/\\\/gastronomicament.cat\\\/ca\\\/#organization\"},\"potentialAction\":[{\"@type\":\"SearchAction\",\"target\":{\"@type\":\"EntryPoint\",\"urlTemplate\":\"https:\\\/\\\/gastronomicament.cat\\\/ca\\\/?s={search_term_string}\"},\"query-input\":{\"@type\":\"PropertyValueSpecification\",\"valueRequired\":true,\"valueName\":\"search_term_string\"}}],\"inLanguage\":\"ca-ES\"},{\"@type\":\"Organization\",\"@id\":\"https:\\\/\\\/gastronomicament.cat\\\/ca\\\/#organization\",\"name\":\"Gastron\u00f2micament\",\"url\":\"https:\\\/\\\/gastronomicament.cat\\\/ca\\\/\",\"logo\":{\"@type\":\"ImageObject\",\"inLanguage\":\"ca-ES\",\"@id\":\"https:\\\/\\\/gastronomicament.cat\\\/ca\\\/#\\\/schema\\\/logo\\\/image\\\/\",\"url\":\"https:\\\/\\\/gastronomicament.cat\\\/wp-content\\\/uploads\\\/2016\\\/09\\\/header-logo.jpg\",\"contentUrl\":\"https:\\\/\\\/gastronomicament.cat\\\/wp-content\\\/uploads\\\/2016\\\/09\\\/header-logo.jpg\",\"width\":277,\"height\":39,\"caption\":\"Gastron\u00f2micament\"},\"image\":{\"@id\":\"https:\\\/\\\/gastronomicament.cat\\\/ca\\\/#\\\/schema\\\/logo\\\/image\\\/\"},\"sameAs\":[\"https:\\\/\\\/x.com\\\/gastronomicamen\"]},{\"@type\":\"Person\",\"@id\":\"https:\\\/\\\/gastronomicament.cat\\\/ca\\\/#\\\/schema\\\/person\\\/a7c85c537a1ed62799a5b8e0f686a37f\",\"name\":\"Redacci\u00f3\",\"image\":{\"@type\":\"ImageObject\",\"inLanguage\":\"ca-ES\",\"@id\":\"https:\\\/\\\/secure.gravatar.com\\\/avatar\\\/9489a485c464fd611d33825daae651d13db70c4e74c65c94937a15a9d4c3ee14?s=96&d=mm&r=g69fea3cce3645dfa2166e7293e22955e\",\"url\":\"https:\\\/\\\/secure.gravatar.com\\\/avatar\\\/9489a485c464fd611d33825daae651d13db70c4e74c65c94937a15a9d4c3ee14?s=96&d=mm&r=g\",\"contentUrl\":\"https:\\\/\\\/secure.gravatar.com\\\/avatar\\\/9489a485c464fd611d33825daae651d13db70c4e74c65c94937a15a9d4c3ee14?s=96&d=mm&r=g\",\"caption\":\"Redacci\u00f3\"},\"sameAs\":[\"http:\\\/\\\/gastronomicament.cat\"],\"url\":\"https:\\\/\\\/gastronomicament.cat\\\/ca\\\/author\\\/admin\"}]}<\/script>\n<!-- \/ Yoast SEO plugin. -->","yoast_head_json":{"title":"Corimbo I 2012 - Pecat 2014 - Niades 2014 - Gastron\u00f2micament","description":"Corimbo I 2012 - Pecat 2014 - Niades 2014 Actualitat, Vin\u00edcola Vin\u00edcola, la secci\u00f3 de vins i licors de Gastron\u00f2micament us ofereix una tria seleccionada de les novetats i propotes m\u00e9s destacades de l'actualitat.","robots":{"index":"index","follow":"follow","max-snippet":"max-snippet:-1","max-image-preview":"max-image-preview:large","max-video-preview":"max-video-preview:-1"},"canonical":"https:\/\/gastronomicament.cat\/ca\/corimbo-i-2012-pecat-2014-niades-2014","og_locale":"ca_ES","og_type":"article","og_title":"Corimbo I 2012 - Pecat 2014 - Niades 2014 - Gastron\u00f2micament","og_description":"Corimbo I 2012 - Pecat 2014 - Niades 2014 Actualitat, Vin\u00edcola Vin\u00edcola, la secci\u00f3 de vins i licors de Gastron\u00f2micament us ofereix una tria seleccionada de les novetats i propotes m\u00e9s destacades de l'actualitat.","og_url":"https:\/\/gastronomicament.cat\/ca\/corimbo-i-2012-pecat-2014-niades-2014","og_site_name":"Gastron\u00f2micament","article_published_time":"2018-09-27T08:05:40+00:00","article_modified_time":"2022-04-07T09:10:40+00:00","og_image":[{"width":850,"height":400,"url":"https:\/\/gastronomicament.cat\/wp-content\/uploads\/2018\/09\/vinicola-setembre-2018.jpg","type":"image\/jpeg"}],"author":"Redacci\u00f3","twitter_card":"summary_large_image","twitter_creator":"@gastronomicamen","twitter_site":"@gastronomicamen","twitter_misc":{"Written by":"Redacci\u00f3","Est. reading time":"2 minutes"},"schema":{"@context":"https:\/\/schema.org","@graph":[{"@type":"Article","@id":"https:\/\/gastronomicament.cat\/ca\/corimbo-i-2012-pecat-2014-niades-2014#article","isPartOf":{"@id":"https:\/\/gastronomicament.cat\/ca\/corimbo-i-2012-pecat-2014-niades-2014"},"author":{"name":"Redacci\u00f3","@id":"https:\/\/gastronomicament.cat\/ca\/#\/schema\/person\/a7c85c537a1ed62799a5b8e0f686a37f"},"headline":"Corimbo I 2012 &#8211; Pecat 2014 &#8211; Niades 2014","datePublished":"2018-09-27T08:05:40+00:00","dateModified":"2022-04-07T09:10:40+00:00","mainEntityOfPage":{"@id":"https:\/\/gastronomicament.cat\/ca\/corimbo-i-2012-pecat-2014-niades-2014"},"wordCount":368,"commentCount":0,"publisher":{"@id":"https:\/\/gastronomicament.cat\/ca\/#organization"},"image":{"@id":"https:\/\/gastronomicament.cat\/ca\/corimbo-i-2012-pecat-2014-niades-2014#primaryimage"},"thumbnailUrl":"https:\/\/gastronomicament.cat\/wp-content\/uploads\/2018\/09\/vinicola-setembre-2018.jpg","articleSection":["Actualitat","Vin\u00edcola"],"inLanguage":"ca-ES","potentialAction":[{"@type":"CommentAction","name":"Comment","target":["https:\/\/gastronomicament.cat\/ca\/corimbo-i-2012-pecat-2014-niades-2014#respond"]}]},{"@type":"WebPage","@id":"https:\/\/gastronomicament.cat\/ca\/corimbo-i-2012-pecat-2014-niades-2014","url":"https:\/\/gastronomicament.cat\/ca\/corimbo-i-2012-pecat-2014-niades-2014","name":"Corimbo I 2012 - Pecat 2014 - Niades 2014 - Gastron\u00f2micament","isPartOf":{"@id":"https:\/\/gastronomicament.cat\/ca\/#website"},"primaryImageOfPage":{"@id":"https:\/\/gastronomicament.cat\/ca\/corimbo-i-2012-pecat-2014-niades-2014#primaryimage"},"image":{"@id":"https:\/\/gastronomicament.cat\/ca\/corimbo-i-2012-pecat-2014-niades-2014#primaryimage"},"thumbnailUrl":"https:\/\/gastronomicament.cat\/wp-content\/uploads\/2018\/09\/vinicola-setembre-2018.jpg","datePublished":"2018-09-27T08:05:40+00:00","dateModified":"2022-04-07T09:10:40+00:00","description":"Corimbo I 2012 - Pecat 2014 - Niades 2014 Actualitat, Vin\u00edcola Vin\u00edcola, la secci\u00f3 de vins i licors de Gastron\u00f2micament us ofereix una tria seleccionada de les novetats i propotes m\u00e9s destacades de l'actualitat.","inLanguage":"ca-ES","potentialAction":[{"@type":"ReadAction","target":["https:\/\/gastronomicament.cat\/ca\/corimbo-i-2012-pecat-2014-niades-2014"]}]},{"@type":"ImageObject","inLanguage":"ca-ES","@id":"https:\/\/gastronomicament.cat\/ca\/corimbo-i-2012-pecat-2014-niades-2014#primaryimage","url":"https:\/\/gastronomicament.cat\/wp-content\/uploads\/2018\/09\/vinicola-setembre-2018.jpg","contentUrl":"https:\/\/gastronomicament.cat\/wp-content\/uploads\/2018\/09\/vinicola-setembre-2018.jpg","width":850,"height":400},{"@type":"WebSite","@id":"https:\/\/gastronomicament.cat\/ca\/#website","url":"https:\/\/gastronomicament.cat\/ca\/","name":"Gastron\u00f2micament","description":"Portal de restaurants, receptes i actualitat gastron\u00f2mica","publisher":{"@id":"https:\/\/gastronomicament.cat\/ca\/#organization"},"potentialAction":[{"@type":"SearchAction","target":{"@type":"EntryPoint","urlTemplate":"https:\/\/gastronomicament.cat\/ca\/?s={search_term_string}"},"query-input":{"@type":"PropertyValueSpecification","valueRequired":true,"valueName":"search_term_string"}}],"inLanguage":"ca-ES"},{"@type":"Organization","@id":"https:\/\/gastronomicament.cat\/ca\/#organization","name":"Gastron\u00f2micament","url":"https:\/\/gastronomicament.cat\/ca\/","logo":{"@type":"ImageObject","inLanguage":"ca-ES","@id":"https:\/\/gastronomicament.cat\/ca\/#\/schema\/logo\/image\/","url":"https:\/\/gastronomicament.cat\/wp-content\/uploads\/2016\/09\/header-logo.jpg","contentUrl":"https:\/\/gastronomicament.cat\/wp-content\/uploads\/2016\/09\/header-logo.jpg","width":277,"height":39,"caption":"Gastron\u00f2micament"},"image":{"@id":"https:\/\/gastronomicament.cat\/ca\/#\/schema\/logo\/image\/"},"sameAs":["https:\/\/x.com\/gastronomicamen"]},{"@type":"Person","@id":"https:\/\/gastronomicament.cat\/ca\/#\/schema\/person\/a7c85c537a1ed62799a5b8e0f686a37f","name":"Redacci\u00f3","image":{"@type":"ImageObject","inLanguage":"ca-ES","@id":"https:\/\/secure.gravatar.com\/avatar\/9489a485c464fd611d33825daae651d13db70c4e74c65c94937a15a9d4c3ee14?s=96&d=mm&r=g69fea3cce3645dfa2166e7293e22955e","url":"https:\/\/secure.gravatar.com\/avatar\/9489a485c464fd611d33825daae651d13db70c4e74c65c94937a15a9d4c3ee14?s=96&d=mm&r=g","contentUrl":"https:\/\/secure.gravatar.com\/avatar\/9489a485c464fd611d33825daae651d13db70c4e74c65c94937a15a9d4c3ee14?s=96&d=mm&r=g","caption":"Redacci\u00f3"},"sameAs":["http:\/\/gastronomicament.cat"],"url":"https:\/\/gastronomicament.cat\/ca\/author\/admin"}]}},"_links":{"self":[{"href":"https:\/\/gastronomicament.cat\/ca\/wp-json\/wp\/v2\/posts\/22714","targetHints":{"allow":["GET"]}}],"collection":[{"href":"https:\/\/gastronomicament.cat\/ca\/wp-json\/wp\/v2\/posts"}],"about":[{"href":"https:\/\/gastronomicament.cat\/ca\/wp-json\/wp\/v2\/types\/post"}],"author":[{"embeddable":true,"href":"https:\/\/gastronomicament.cat\/ca\/wp-json\/wp\/v2\/users\/1"}],"replies":[{"embeddable":true,"href":"https:\/\/gastronomicament.cat\/ca\/wp-json\/wp\/v2\/comments?post=22714"}],"version-history":[{"count":0,"href":"https:\/\/gastronomicament.cat\/ca\/wp-json\/wp\/v2\/posts\/22714\/revisions"}],"wp:featuredmedia":[{"embeddable":true,"href":"https:\/\/gastronomicament.cat\/ca\/wp-json\/wp\/v2\/media\/22718"}],"wp:attachment":[{"href":"https:\/\/gastronomicament.cat\/ca\/wp-json\/wp\/v2\/media?parent=22714"}],"wp:term":[{"taxonomy":"category","embeddable":true,"href":"https:\/\/gastronomicament.cat\/ca\/wp-json\/wp\/v2\/categories?post=22714"},{"taxonomy":"post_tag","embeddable":true,"href":"https:\/\/gastronomicament.cat\/ca\/wp-json\/wp\/v2\/tags?post=22714"},{"taxonomy":"author","embeddable":true,"href":"https:\/\/gastronomicament.cat\/ca\/wp-json\/wp\/v2\/coauthors?post=22714"}],"curies":[{"name":"wp","href":"https:\/\/api.w.org\/{rel}","templated":true}]}}