{"id":22944,"date":"2018-10-30T18:00:37","date_gmt":"2018-10-30T17:00:37","guid":{"rendered":"https:\/\/gastronomicament.cat\/?p=22944"},"modified":"2022-04-07T11:10:49","modified_gmt":"2022-04-07T09:10:49","slug":"el-programa-uep-com-anam-rep-la-gota-doli","status":"publish","type":"post","link":"https:\/\/gastronomicament.cat\/ca\/el-programa-uep-com-anam-rep-la-gota-doli","title":{"rendered":"El programa Uep! Com anam? rep la Gota d&#8217;Oli"},"content":{"rendered":"<p>El Consell de Mallorca i la DO Oli de Mallorca han atorgat al programa de televisi\u00f3\u00a0<em>Uep! Com anam?<\/em>\u00a0el premi Gota d&#8217;Oli 2018. El guard\u00f3 premia la tasca que el programa d&#8217;IB3 Televisi\u00f3 fa des d&#8217;aquest espai per difondre ll&#8217;oli de l&#8217;illa. De fet, Miquel Ensenyat, president del Consell de Mallorca, va remarcar la feina del programa deg\u00e0 de la televisi\u00f3 auton\u00f2mica de les Illes Balears &#8220;en la difusi\u00f3 de la cultura de l&#8217;oli, posant cara i veu als olivicultors de Mallorca&#8221;.<\/p>\n<p>El lliurament del premi, que es va fer el 26 d&#8217;octubre, coincideix amb el primer oli de la tafona de la temporada. Els encarregats de recollir la Gota d&#8217;Oli 2018 varen ser Jaume Rovira, director del programa, i Toni\u00a0<em>Ballador\u00a0<\/em>i Felip Munar, que en s\u00f3n els presentadors des de l&#8217;inici de l&#8217;emissi\u00f3, juntament amb altres col\u00b7laboradors de\u00a0<em>Uep! Com anam?<\/em>, que se&#8217;n mostraren satisfets.<\/p>\n<pre>Foto: DO Oli de Mallorca<\/pre>\n","protected":false},"excerpt":{"rendered":"<p>El Consell de Mallorca i la DO Oli de Mallorca han atorgat al programa de televisi\u00f3\u00a0Uep!&hellip;<\/p>\n","protected":false},"author":1,"featured_media":22945,"comment_status":"open","ping_status":"closed","sticky":false,"template":"","format":"standard","meta":{"_acf_changed":false,"_swt_meta_header_display":false,"_swt_meta_footer_display":false,"_swt_meta_site_title_display":false,"_swt_meta_sticky_header":false,"_swt_meta_transparent_header":false,"footnotes":""},"categories":[692,953],"tags":[],"coauthors":[],"class_list":["post-22944","post","type-post","status-publish","format-standard","has-post-thumbnail","hentry","category-actualitat","category-concursos-i-premis"],"acf":{"gallery":null,"home_date":{"home_begin_date":null,"home_end_date":null}},"yoast_head":"<!-- This site is optimized with the Yoast SEO plugin v27.4 - https:\/\/yoast.com\/product\/yoast-seo-wordpress\/ -->\n<title>El programa Uep! Com anam? rep la Gota d&#039;Oli - Gastron\u00f2micament<\/title>\n<meta name=\"description\" content=\"El programa Uep! Com anam? rep la Gota d&#039;Oli Actualitat, Concursos i premis El Consell de Mallorca i la DO Oli de Mallorca han atorgat al programa de televisi\u00f3\u00a0Uep! Com anam?\u00a0el premi Gota d&#039;Oli 2018\" \/>\n<meta name=\"robots\" content=\"index, follow, max-snippet:-1, max-image-preview:large, max-video-preview:-1\" \/>\n<link rel=\"canonical\" href=\"https:\/\/gastronomicament.cat\/ca\/el-programa-uep-com-anam-rep-la-gota-doli\" \/>\n<meta property=\"og:locale\" content=\"ca_ES\" \/>\n<meta property=\"og:type\" content=\"article\" \/>\n<meta property=\"og:title\" content=\"El programa Uep! Com anam? rep la Gota d&#039;Oli - Gastron\u00f2micament\" \/>\n<meta property=\"og:description\" content=\"El programa Uep! Com anam? rep la Gota d&#039;Oli Actualitat, Concursos i premis El Consell de Mallorca i la DO Oli de Mallorca han atorgat al programa de televisi\u00f3\u00a0Uep! Com anam?\u00a0el premi Gota d&#039;Oli 2018\" \/>\n<meta property=\"og:url\" content=\"https:\/\/gastronomicament.cat\/ca\/el-programa-uep-com-anam-rep-la-gota-doli\" \/>\n<meta property=\"og:site_name\" content=\"Gastron\u00f2micament\" \/>\n<meta property=\"article:published_time\" content=\"2018-10-30T17:00:37+00:00\" \/>\n<meta property=\"article:modified_time\" content=\"2022-04-07T09:10:49+00:00\" \/>\n<meta property=\"og:image\" content=\"https:\/\/gastronomicament.cat\/wp-content\/uploads\/2018\/10\/Lliurament-Gota-Oli-2018-Uep-com-anam-IB3.jpg\" \/>\n\t<meta property=\"og:image:width\" content=\"1693\" \/>\n\t<meta property=\"og:image:height\" content=\"1278\" \/>\n\t<meta property=\"og:image:type\" content=\"image\/jpeg\" \/>\n<meta name=\"author\" content=\"Redacci\u00f3\" \/>\n<meta name=\"twitter:card\" content=\"summary_large_image\" \/>\n<meta name=\"twitter:creator\" content=\"@gastronomicamen\" \/>\n<meta name=\"twitter:site\" content=\"@gastronomicamen\" \/>\n<meta name=\"twitter:label1\" content=\"Written by\" \/>\n\t<meta name=\"twitter:data1\" content=\"Redacci\u00f3\" \/>\n\t<meta name=\"twitter:label2\" content=\"Est. reading time\" \/>\n\t<meta name=\"twitter:data2\" content=\"1 minute\" \/>\n<script type=\"application\/ld+json\" class=\"yoast-schema-graph\">{\"@context\":\"https:\\\/\\\/schema.org\",\"@graph\":[{\"@type\":\"Article\",\"@id\":\"https:\\\/\\\/gastronomicament.cat\\\/ca\\\/el-programa-uep-com-anam-rep-la-gota-doli#article\",\"isPartOf\":{\"@id\":\"https:\\\/\\\/gastronomicament.cat\\\/ca\\\/el-programa-uep-com-anam-rep-la-gota-doli\"},\"author\":{\"name\":\"Redacci\u00f3\",\"@id\":\"https:\\\/\\\/gastronomicament.cat\\\/ca\\\/#\\\/schema\\\/person\\\/a7c85c537a1ed62799a5b8e0f686a37f\"},\"headline\":\"El programa Uep! Com anam? rep la Gota d&#8217;Oli\",\"datePublished\":\"2018-10-30T17:00:37+00:00\",\"dateModified\":\"2022-04-07T09:10:49+00:00\",\"mainEntityOfPage\":{\"@id\":\"https:\\\/\\\/gastronomicament.cat\\\/ca\\\/el-programa-uep-com-anam-rep-la-gota-doli\"},\"wordCount\":157,\"commentCount\":0,\"publisher\":{\"@id\":\"https:\\\/\\\/gastronomicament.cat\\\/ca\\\/#organization\"},\"image\":{\"@id\":\"https:\\\/\\\/gastronomicament.cat\\\/ca\\\/el-programa-uep-com-anam-rep-la-gota-doli#primaryimage\"},\"thumbnailUrl\":\"https:\\\/\\\/gastronomicament.cat\\\/wp-content\\\/uploads\\\/2018\\\/10\\\/Lliurament-Gota-Oli-2018-Uep-com-anam-IB3.jpg\",\"articleSection\":[\"Actualitat\",\"Concursos i premis\"],\"inLanguage\":\"ca-ES\",\"potentialAction\":[{\"@type\":\"CommentAction\",\"name\":\"Comment\",\"target\":[\"https:\\\/\\\/gastronomicament.cat\\\/ca\\\/el-programa-uep-com-anam-rep-la-gota-doli#respond\"]}]},{\"@type\":\"WebPage\",\"@id\":\"https:\\\/\\\/gastronomicament.cat\\\/ca\\\/el-programa-uep-com-anam-rep-la-gota-doli\",\"url\":\"https:\\\/\\\/gastronomicament.cat\\\/ca\\\/el-programa-uep-com-anam-rep-la-gota-doli\",\"name\":\"El programa Uep! Com anam? rep la Gota d'Oli - Gastron\u00f2micament\",\"isPartOf\":{\"@id\":\"https:\\\/\\\/gastronomicament.cat\\\/ca\\\/#website\"},\"primaryImageOfPage\":{\"@id\":\"https:\\\/\\\/gastronomicament.cat\\\/ca\\\/el-programa-uep-com-anam-rep-la-gota-doli#primaryimage\"},\"image\":{\"@id\":\"https:\\\/\\\/gastronomicament.cat\\\/ca\\\/el-programa-uep-com-anam-rep-la-gota-doli#primaryimage\"},\"thumbnailUrl\":\"https:\\\/\\\/gastronomicament.cat\\\/wp-content\\\/uploads\\\/2018\\\/10\\\/Lliurament-Gota-Oli-2018-Uep-com-anam-IB3.jpg\",\"datePublished\":\"2018-10-30T17:00:37+00:00\",\"dateModified\":\"2022-04-07T09:10:49+00:00\",\"description\":\"El programa Uep! Com anam? rep la Gota d'Oli Actualitat, Concursos i premis El Consell de Mallorca i la DO Oli de Mallorca han atorgat al programa de televisi\u00f3\u00a0Uep! Com anam?\u00a0el premi Gota d'Oli 2018\",\"inLanguage\":\"ca-ES\",\"potentialAction\":[{\"@type\":\"ReadAction\",\"target\":[\"https:\\\/\\\/gastronomicament.cat\\\/ca\\\/el-programa-uep-com-anam-rep-la-gota-doli\"]}]},{\"@type\":\"ImageObject\",\"inLanguage\":\"ca-ES\",\"@id\":\"https:\\\/\\\/gastronomicament.cat\\\/ca\\\/el-programa-uep-com-anam-rep-la-gota-doli#primaryimage\",\"url\":\"https:\\\/\\\/gastronomicament.cat\\\/wp-content\\\/uploads\\\/2018\\\/10\\\/Lliurament-Gota-Oli-2018-Uep-com-anam-IB3.jpg\",\"contentUrl\":\"https:\\\/\\\/gastronomicament.cat\\\/wp-content\\\/uploads\\\/2018\\\/10\\\/Lliurament-Gota-Oli-2018-Uep-com-anam-IB3.jpg\",\"width\":1693,\"height\":1278},{\"@type\":\"WebSite\",\"@id\":\"https:\\\/\\\/gastronomicament.cat\\\/ca\\\/#website\",\"url\":\"https:\\\/\\\/gastronomicament.cat\\\/ca\\\/\",\"name\":\"Gastron\u00f2micament\",\"description\":\"Portal de restaurants, receptes i actualitat gastron\u00f2mica\",\"publisher\":{\"@id\":\"https:\\\/\\\/gastronomicament.cat\\\/ca\\\/#organization\"},\"potentialAction\":[{\"@type\":\"SearchAction\",\"target\":{\"@type\":\"EntryPoint\",\"urlTemplate\":\"https:\\\/\\\/gastronomicament.cat\\\/ca\\\/?s={search_term_string}\"},\"query-input\":{\"@type\":\"PropertyValueSpecification\",\"valueRequired\":true,\"valueName\":\"search_term_string\"}}],\"inLanguage\":\"ca-ES\"},{\"@type\":\"Organization\",\"@id\":\"https:\\\/\\\/gastronomicament.cat\\\/ca\\\/#organization\",\"name\":\"Gastron\u00f2micament\",\"url\":\"https:\\\/\\\/gastronomicament.cat\\\/ca\\\/\",\"logo\":{\"@type\":\"ImageObject\",\"inLanguage\":\"ca-ES\",\"@id\":\"https:\\\/\\\/gastronomicament.cat\\\/ca\\\/#\\\/schema\\\/logo\\\/image\\\/\",\"url\":\"https:\\\/\\\/gastronomicament.cat\\\/wp-content\\\/uploads\\\/2016\\\/09\\\/header-logo.jpg\",\"contentUrl\":\"https:\\\/\\\/gastronomicament.cat\\\/wp-content\\\/uploads\\\/2016\\\/09\\\/header-logo.jpg\",\"width\":277,\"height\":39,\"caption\":\"Gastron\u00f2micament\"},\"image\":{\"@id\":\"https:\\\/\\\/gastronomicament.cat\\\/ca\\\/#\\\/schema\\\/logo\\\/image\\\/\"},\"sameAs\":[\"https:\\\/\\\/x.com\\\/gastronomicamen\"]},{\"@type\":\"Person\",\"@id\":\"https:\\\/\\\/gastronomicament.cat\\\/ca\\\/#\\\/schema\\\/person\\\/a7c85c537a1ed62799a5b8e0f686a37f\",\"name\":\"Redacci\u00f3\",\"image\":{\"@type\":\"ImageObject\",\"inLanguage\":\"ca-ES\",\"@id\":\"https:\\\/\\\/secure.gravatar.com\\\/avatar\\\/9489a485c464fd611d33825daae651d13db70c4e74c65c94937a15a9d4c3ee14?s=96&d=mm&r=g69fea3cce3645dfa2166e7293e22955e\",\"url\":\"https:\\\/\\\/secure.gravatar.com\\\/avatar\\\/9489a485c464fd611d33825daae651d13db70c4e74c65c94937a15a9d4c3ee14?s=96&d=mm&r=g\",\"contentUrl\":\"https:\\\/\\\/secure.gravatar.com\\\/avatar\\\/9489a485c464fd611d33825daae651d13db70c4e74c65c94937a15a9d4c3ee14?s=96&d=mm&r=g\",\"caption\":\"Redacci\u00f3\"},\"sameAs\":[\"http:\\\/\\\/gastronomicament.cat\"],\"url\":\"https:\\\/\\\/gastronomicament.cat\\\/ca\\\/author\\\/admin\"}]}<\/script>\n<!-- \/ Yoast SEO plugin. -->","yoast_head_json":{"title":"El programa Uep! Com anam? rep la Gota d'Oli - Gastron\u00f2micament","description":"El programa Uep! Com anam? rep la Gota d'Oli Actualitat, Concursos i premis El Consell de Mallorca i la DO Oli de Mallorca han atorgat al programa de televisi\u00f3\u00a0Uep! Com anam?\u00a0el premi Gota d'Oli 2018","robots":{"index":"index","follow":"follow","max-snippet":"max-snippet:-1","max-image-preview":"max-image-preview:large","max-video-preview":"max-video-preview:-1"},"canonical":"https:\/\/gastronomicament.cat\/ca\/el-programa-uep-com-anam-rep-la-gota-doli","og_locale":"ca_ES","og_type":"article","og_title":"El programa Uep! Com anam? rep la Gota d'Oli - Gastron\u00f2micament","og_description":"El programa Uep! Com anam? rep la Gota d'Oli Actualitat, Concursos i premis El Consell de Mallorca i la DO Oli de Mallorca han atorgat al programa de televisi\u00f3\u00a0Uep! Com anam?\u00a0el premi Gota d'Oli 2018","og_url":"https:\/\/gastronomicament.cat\/ca\/el-programa-uep-com-anam-rep-la-gota-doli","og_site_name":"Gastron\u00f2micament","article_published_time":"2018-10-30T17:00:37+00:00","article_modified_time":"2022-04-07T09:10:49+00:00","og_image":[{"width":1693,"height":1278,"url":"https:\/\/gastronomicament.cat\/wp-content\/uploads\/2018\/10\/Lliurament-Gota-Oli-2018-Uep-com-anam-IB3.jpg","type":"image\/jpeg"}],"author":"Redacci\u00f3","twitter_card":"summary_large_image","twitter_creator":"@gastronomicamen","twitter_site":"@gastronomicamen","twitter_misc":{"Written by":"Redacci\u00f3","Est. reading time":"1 minute"},"schema":{"@context":"https:\/\/schema.org","@graph":[{"@type":"Article","@id":"https:\/\/gastronomicament.cat\/ca\/el-programa-uep-com-anam-rep-la-gota-doli#article","isPartOf":{"@id":"https:\/\/gastronomicament.cat\/ca\/el-programa-uep-com-anam-rep-la-gota-doli"},"author":{"name":"Redacci\u00f3","@id":"https:\/\/gastronomicament.cat\/ca\/#\/schema\/person\/a7c85c537a1ed62799a5b8e0f686a37f"},"headline":"El programa Uep! Com anam? rep la Gota d&#8217;Oli","datePublished":"2018-10-30T17:00:37+00:00","dateModified":"2022-04-07T09:10:49+00:00","mainEntityOfPage":{"@id":"https:\/\/gastronomicament.cat\/ca\/el-programa-uep-com-anam-rep-la-gota-doli"},"wordCount":157,"commentCount":0,"publisher":{"@id":"https:\/\/gastronomicament.cat\/ca\/#organization"},"image":{"@id":"https:\/\/gastronomicament.cat\/ca\/el-programa-uep-com-anam-rep-la-gota-doli#primaryimage"},"thumbnailUrl":"https:\/\/gastronomicament.cat\/wp-content\/uploads\/2018\/10\/Lliurament-Gota-Oli-2018-Uep-com-anam-IB3.jpg","articleSection":["Actualitat","Concursos i premis"],"inLanguage":"ca-ES","potentialAction":[{"@type":"CommentAction","name":"Comment","target":["https:\/\/gastronomicament.cat\/ca\/el-programa-uep-com-anam-rep-la-gota-doli#respond"]}]},{"@type":"WebPage","@id":"https:\/\/gastronomicament.cat\/ca\/el-programa-uep-com-anam-rep-la-gota-doli","url":"https:\/\/gastronomicament.cat\/ca\/el-programa-uep-com-anam-rep-la-gota-doli","name":"El programa Uep! Com anam? rep la Gota d'Oli - Gastron\u00f2micament","isPartOf":{"@id":"https:\/\/gastronomicament.cat\/ca\/#website"},"primaryImageOfPage":{"@id":"https:\/\/gastronomicament.cat\/ca\/el-programa-uep-com-anam-rep-la-gota-doli#primaryimage"},"image":{"@id":"https:\/\/gastronomicament.cat\/ca\/el-programa-uep-com-anam-rep-la-gota-doli#primaryimage"},"thumbnailUrl":"https:\/\/gastronomicament.cat\/wp-content\/uploads\/2018\/10\/Lliurament-Gota-Oli-2018-Uep-com-anam-IB3.jpg","datePublished":"2018-10-30T17:00:37+00:00","dateModified":"2022-04-07T09:10:49+00:00","description":"El programa Uep! Com anam? rep la Gota d'Oli Actualitat, Concursos i premis El Consell de Mallorca i la DO Oli de Mallorca han atorgat al programa de televisi\u00f3\u00a0Uep! Com anam?\u00a0el premi Gota d'Oli 2018","inLanguage":"ca-ES","potentialAction":[{"@type":"ReadAction","target":["https:\/\/gastronomicament.cat\/ca\/el-programa-uep-com-anam-rep-la-gota-doli"]}]},{"@type":"ImageObject","inLanguage":"ca-ES","@id":"https:\/\/gastronomicament.cat\/ca\/el-programa-uep-com-anam-rep-la-gota-doli#primaryimage","url":"https:\/\/gastronomicament.cat\/wp-content\/uploads\/2018\/10\/Lliurament-Gota-Oli-2018-Uep-com-anam-IB3.jpg","contentUrl":"https:\/\/gastronomicament.cat\/wp-content\/uploads\/2018\/10\/Lliurament-Gota-Oli-2018-Uep-com-anam-IB3.jpg","width":1693,"height":1278},{"@type":"WebSite","@id":"https:\/\/gastronomicament.cat\/ca\/#website","url":"https:\/\/gastronomicament.cat\/ca\/","name":"Gastron\u00f2micament","description":"Portal de restaurants, receptes i actualitat gastron\u00f2mica","publisher":{"@id":"https:\/\/gastronomicament.cat\/ca\/#organization"},"potentialAction":[{"@type":"SearchAction","target":{"@type":"EntryPoint","urlTemplate":"https:\/\/gastronomicament.cat\/ca\/?s={search_term_string}"},"query-input":{"@type":"PropertyValueSpecification","valueRequired":true,"valueName":"search_term_string"}}],"inLanguage":"ca-ES"},{"@type":"Organization","@id":"https:\/\/gastronomicament.cat\/ca\/#organization","name":"Gastron\u00f2micament","url":"https:\/\/gastronomicament.cat\/ca\/","logo":{"@type":"ImageObject","inLanguage":"ca-ES","@id":"https:\/\/gastronomicament.cat\/ca\/#\/schema\/logo\/image\/","url":"https:\/\/gastronomicament.cat\/wp-content\/uploads\/2016\/09\/header-logo.jpg","contentUrl":"https:\/\/gastronomicament.cat\/wp-content\/uploads\/2016\/09\/header-logo.jpg","width":277,"height":39,"caption":"Gastron\u00f2micament"},"image":{"@id":"https:\/\/gastronomicament.cat\/ca\/#\/schema\/logo\/image\/"},"sameAs":["https:\/\/x.com\/gastronomicamen"]},{"@type":"Person","@id":"https:\/\/gastronomicament.cat\/ca\/#\/schema\/person\/a7c85c537a1ed62799a5b8e0f686a37f","name":"Redacci\u00f3","image":{"@type":"ImageObject","inLanguage":"ca-ES","@id":"https:\/\/secure.gravatar.com\/avatar\/9489a485c464fd611d33825daae651d13db70c4e74c65c94937a15a9d4c3ee14?s=96&d=mm&r=g69fea3cce3645dfa2166e7293e22955e","url":"https:\/\/secure.gravatar.com\/avatar\/9489a485c464fd611d33825daae651d13db70c4e74c65c94937a15a9d4c3ee14?s=96&d=mm&r=g","contentUrl":"https:\/\/secure.gravatar.com\/avatar\/9489a485c464fd611d33825daae651d13db70c4e74c65c94937a15a9d4c3ee14?s=96&d=mm&r=g","caption":"Redacci\u00f3"},"sameAs":["http:\/\/gastronomicament.cat"],"url":"https:\/\/gastronomicament.cat\/ca\/author\/admin"}]}},"_links":{"self":[{"href":"https:\/\/gastronomicament.cat\/ca\/wp-json\/wp\/v2\/posts\/22944","targetHints":{"allow":["GET"]}}],"collection":[{"href":"https:\/\/gastronomicament.cat\/ca\/wp-json\/wp\/v2\/posts"}],"about":[{"href":"https:\/\/gastronomicament.cat\/ca\/wp-json\/wp\/v2\/types\/post"}],"author":[{"embeddable":true,"href":"https:\/\/gastronomicament.cat\/ca\/wp-json\/wp\/v2\/users\/1"}],"replies":[{"embeddable":true,"href":"https:\/\/gastronomicament.cat\/ca\/wp-json\/wp\/v2\/comments?post=22944"}],"version-history":[{"count":0,"href":"https:\/\/gastronomicament.cat\/ca\/wp-json\/wp\/v2\/posts\/22944\/revisions"}],"wp:featuredmedia":[{"embeddable":true,"href":"https:\/\/gastronomicament.cat\/ca\/wp-json\/wp\/v2\/media\/22945"}],"wp:attachment":[{"href":"https:\/\/gastronomicament.cat\/ca\/wp-json\/wp\/v2\/media?parent=22944"}],"wp:term":[{"taxonomy":"category","embeddable":true,"href":"https:\/\/gastronomicament.cat\/ca\/wp-json\/wp\/v2\/categories?post=22944"},{"taxonomy":"post_tag","embeddable":true,"href":"https:\/\/gastronomicament.cat\/ca\/wp-json\/wp\/v2\/tags?post=22944"},{"taxonomy":"author","embeddable":true,"href":"https:\/\/gastronomicament.cat\/ca\/wp-json\/wp\/v2\/coauthors?post=22944"}],"curies":[{"name":"wp","href":"https:\/\/api.w.org\/{rel}","templated":true}]}}