{"id":23157,"date":"2018-11-29T10:23:07","date_gmt":"2018-11-29T09:23:07","guid":{"rendered":"https:\/\/gastronomicament.cat\/?p=23157"},"modified":"2018-11-29T10:24:28","modified_gmt":"2018-11-29T09:24:28","slug":"coneix-les-tapes-premiades-de-tapalma-2018","status":"publish","type":"post","link":"https:\/\/gastronomicament.cat\/ca\/coneix-les-tapes-premiades-de-tapalma-2018","title":{"rendered":"[:es]Coneix les tapes premiades de Tapalma 2018[:]"},"content":{"rendered":"<p>Us presentam totes les tapes que han guanyat el concurs de Tapalma 2018 i els restaurants on les podeu tastar. La ruta Tapalma\u00a0 se celebra a la capital balear del 28 de novembre al 2 de desembre i compta amb la participaci\u00f3 de 41 restaurants.<\/p>\n<p>Podeu consultar-los tots a:\u00a0<a href=\"https:\/\/gastronomicament.cat\/wp-content\/uploads\/2018\/11\/Programa-Tapalma-2018-web.pdf\">Programa Tapalma 2018<\/a><\/p>\n<p><a href=\"https:\/\/gastronomicament.cat\/wp-content\/uploads\/2018\/11\/Caminantes-Tailandia-Tapalma-2018-1r-premi-Or.jpg\"><img decoding=\"async\" class=\"aligncenter size-medium wp-image-23162\" src=\"https:\/\/gastronomicament.cat\/wp-content\/uploads\/2018\/11\/Caminantes-Tailandia-Tapalma-2018-1r-premi-Or-300x200.jpg\" alt=\"\" width=\"300\" height=\"200\" srcset=\"https:\/\/gastronomicament.cat\/wp-content\/uploads\/2018\/11\/Caminantes-Tailandia-Tapalma-2018-1r-premi-Or-300x200.jpg 300w, https:\/\/gastronomicament.cat\/wp-content\/uploads\/2018\/11\/Caminantes-Tailandia-Tapalma-2018-1r-premi-Or-768x512.jpg 768w, https:\/\/gastronomicament.cat\/wp-content\/uploads\/2018\/11\/Caminantes-Tailandia-Tapalma-2018-1r-premi-Or-1024x683.jpg 1024w, https:\/\/gastronomicament.cat\/wp-content\/uploads\/2018\/11\/Caminantes-Tailandia-Tapalma-2018-1r-premi-Or-75x50.jpg 75w, https:\/\/gastronomicament.cat\/wp-content\/uploads\/2018\/11\/Caminantes-Tailandia-Tapalma-2018-1r-premi-Or-650x433.jpg 650w, https:\/\/gastronomicament.cat\/wp-content\/uploads\/2018\/11\/Caminantes-Tailandia-Tapalma-2018-1r-premi-Or-1000x667.jpg 1000w, https:\/\/gastronomicament.cat\/wp-content\/uploads\/2018\/11\/Caminantes-Tailandia-Tapalma-2018-1r-premi-Or.jpg 1500w\" sizes=\"(max-width: 300px) 100vw, 300px\" \/><\/a><\/p>\n<h4>1r Premi Or Tapalma 2018<\/h4>\n<p><strong>&#8216;Caminantes&#8217; a Tail\u00e0ndia:\u00a0<\/strong>Torrada cruixent de peus de porc i gingebre amb aire de coco i llima.<\/p>\n<p>Xef: Vicen\u00e7 Lobo<\/p>\n<p>Restaurant: Ombu<\/p>\n<p>&nbsp;<\/p>\n<p><a href=\"https:\/\/gastronomicament.cat\/wp-content\/uploads\/2018\/11\/Patacon-Tapalma-2018-2n-premi-Plata.jpg\"><img decoding=\"async\" class=\"aligncenter size-medium wp-image-23163\" src=\"https:\/\/gastronomicament.cat\/wp-content\/uploads\/2018\/11\/Patacon-Tapalma-2018-2n-premi-Plata-300x200.jpg\" alt=\"\" width=\"300\" height=\"200\" srcset=\"https:\/\/gastronomicament.cat\/wp-content\/uploads\/2018\/11\/Patacon-Tapalma-2018-2n-premi-Plata-300x200.jpg 300w, https:\/\/gastronomicament.cat\/wp-content\/uploads\/2018\/11\/Patacon-Tapalma-2018-2n-premi-Plata-768x512.jpg 768w, https:\/\/gastronomicament.cat\/wp-content\/uploads\/2018\/11\/Patacon-Tapalma-2018-2n-premi-Plata-1024x683.jpg 1024w, https:\/\/gastronomicament.cat\/wp-content\/uploads\/2018\/11\/Patacon-Tapalma-2018-2n-premi-Plata-75x50.jpg 75w, https:\/\/gastronomicament.cat\/wp-content\/uploads\/2018\/11\/Patacon-Tapalma-2018-2n-premi-Plata-650x433.jpg 650w, https:\/\/gastronomicament.cat\/wp-content\/uploads\/2018\/11\/Patacon-Tapalma-2018-2n-premi-Plata-1000x667.jpg 1000w, https:\/\/gastronomicament.cat\/wp-content\/uploads\/2018\/11\/Patacon-Tapalma-2018-2n-premi-Plata.jpg 1500w\" sizes=\"(max-width: 300px) 100vw, 300px\" \/><\/a><\/p>\n<h4>2n Premi Plata Tapalma 2018<\/h4>\n<p><strong>Llegat colomb\u00ed:\u00a0<\/strong><em>Patac\u00f3n<\/em>\u00a0farcit de carn de porc marinada, salsa de pebre bord fumat i vinagre de Xer\u00e8s.<\/p>\n<p>Xef: Bernab\u00e9 Caravotta<\/p>\n<p>Restaurant: Vandal<\/p>\n<p><a href=\"https:\/\/gastronomicament.cat\/wp-content\/uploads\/2018\/11\/Niguiri-de-paella-Tapalma-2018-3r-premi-Bronze.jpg\"><img decoding=\"async\" class=\"aligncenter size-medium wp-image-23164\" src=\"https:\/\/gastronomicament.cat\/wp-content\/uploads\/2018\/11\/Niguiri-de-paella-Tapalma-2018-3r-premi-Bronze-300x200.jpg\" alt=\"\" width=\"300\" height=\"200\" srcset=\"https:\/\/gastronomicament.cat\/wp-content\/uploads\/2018\/11\/Niguiri-de-paella-Tapalma-2018-3r-premi-Bronze-300x200.jpg 300w, https:\/\/gastronomicament.cat\/wp-content\/uploads\/2018\/11\/Niguiri-de-paella-Tapalma-2018-3r-premi-Bronze-768x512.jpg 768w, https:\/\/gastronomicament.cat\/wp-content\/uploads\/2018\/11\/Niguiri-de-paella-Tapalma-2018-3r-premi-Bronze-1024x683.jpg 1024w, https:\/\/gastronomicament.cat\/wp-content\/uploads\/2018\/11\/Niguiri-de-paella-Tapalma-2018-3r-premi-Bronze-75x50.jpg 75w, https:\/\/gastronomicament.cat\/wp-content\/uploads\/2018\/11\/Niguiri-de-paella-Tapalma-2018-3r-premi-Bronze-650x433.jpg 650w, https:\/\/gastronomicament.cat\/wp-content\/uploads\/2018\/11\/Niguiri-de-paella-Tapalma-2018-3r-premi-Bronze-1000x667.jpg 1000w, https:\/\/gastronomicament.cat\/wp-content\/uploads\/2018\/11\/Niguiri-de-paella-Tapalma-2018-3r-premi-Bronze.jpg 1500w\" sizes=\"(max-width: 300px) 100vw, 300px\" \/><\/a><\/p>\n<h4>3r Premi Bronze Tapalma 2018<\/h4>\n<p><strong>Niguiri de paella:\u00a0<\/strong>T\u00e0rtar de calamar amb fondo de paella i arr\u00f2s inflat de safr\u00e0.<\/p>\n<p>Xef: Tito Verger<\/p>\n<p>Restaurant: Forn de Sant Joan<\/p>\n<p>&nbsp;<\/p>\n<p><a href=\"https:\/\/gastronomicament.cat\/wp-content\/uploads\/2018\/11\/Anguila-Albufera-Tapalma-2018-1r-premi-Tematica.jpg\"><img decoding=\"async\" class=\"aligncenter size-medium wp-image-23165\" src=\"https:\/\/gastronomicament.cat\/wp-content\/uploads\/2018\/11\/Anguila-Albufera-Tapalma-2018-1r-premi-Tematica-300x200.jpg\" alt=\"\" width=\"300\" height=\"200\" srcset=\"https:\/\/gastronomicament.cat\/wp-content\/uploads\/2018\/11\/Anguila-Albufera-Tapalma-2018-1r-premi-Tematica-300x200.jpg 300w, https:\/\/gastronomicament.cat\/wp-content\/uploads\/2018\/11\/Anguila-Albufera-Tapalma-2018-1r-premi-Tematica-768x512.jpg 768w, https:\/\/gastronomicament.cat\/wp-content\/uploads\/2018\/11\/Anguila-Albufera-Tapalma-2018-1r-premi-Tematica-1024x683.jpg 1024w, https:\/\/gastronomicament.cat\/wp-content\/uploads\/2018\/11\/Anguila-Albufera-Tapalma-2018-1r-premi-Tematica-75x50.jpg 75w, https:\/\/gastronomicament.cat\/wp-content\/uploads\/2018\/11\/Anguila-Albufera-Tapalma-2018-1r-premi-Tematica-650x433.jpg 650w, https:\/\/gastronomicament.cat\/wp-content\/uploads\/2018\/11\/Anguila-Albufera-Tapalma-2018-1r-premi-Tematica-1000x667.jpg 1000w, https:\/\/gastronomicament.cat\/wp-content\/uploads\/2018\/11\/Anguila-Albufera-Tapalma-2018-1r-premi-Tematica.jpg 1500w\" sizes=\"(max-width: 300px) 100vw, 300px\" \/><\/a><\/p>\n<h4>1r Premi Tapa Tem\u00e0tica Tapalma 2018<\/h4>\n<p><strong>Quely de l&#8217;Albufera:\u00a0<\/strong><\/p>\n<p>Xef: Bernab\u00e9 Caravotta<\/p>\n<p>Restaurant: Vandal<\/p>\n<p>&nbsp;<\/p>\n<p><a href=\"https:\/\/gastronomicament.cat\/wp-content\/uploads\/2018\/11\/Dinamita-Quely-Tapalma-2018-2n-Premi-Tematica.jpg\"><img decoding=\"async\" class=\"aligncenter size-medium wp-image-23166\" src=\"https:\/\/gastronomicament.cat\/wp-content\/uploads\/2018\/11\/Dinamita-Quely-Tapalma-2018-2n-Premi-Tematica-300x200.jpg\" alt=\"\" width=\"300\" height=\"200\" srcset=\"https:\/\/gastronomicament.cat\/wp-content\/uploads\/2018\/11\/Dinamita-Quely-Tapalma-2018-2n-Premi-Tematica-300x200.jpg 300w, https:\/\/gastronomicament.cat\/wp-content\/uploads\/2018\/11\/Dinamita-Quely-Tapalma-2018-2n-Premi-Tematica-768x512.jpg 768w, https:\/\/gastronomicament.cat\/wp-content\/uploads\/2018\/11\/Dinamita-Quely-Tapalma-2018-2n-Premi-Tematica-1024x683.jpg 1024w, https:\/\/gastronomicament.cat\/wp-content\/uploads\/2018\/11\/Dinamita-Quely-Tapalma-2018-2n-Premi-Tematica-75x50.jpg 75w, https:\/\/gastronomicament.cat\/wp-content\/uploads\/2018\/11\/Dinamita-Quely-Tapalma-2018-2n-Premi-Tematica-650x433.jpg 650w, https:\/\/gastronomicament.cat\/wp-content\/uploads\/2018\/11\/Dinamita-Quely-Tapalma-2018-2n-Premi-Tematica-1000x667.jpg 1000w, https:\/\/gastronomicament.cat\/wp-content\/uploads\/2018\/11\/Dinamita-Quely-Tapalma-2018-2n-Premi-Tematica.jpg 1500w\" sizes=\"(max-width: 300px) 100vw, 300px\" \/><\/a><\/p>\n<h4>2n Premi Tapa Tem\u00e0tica Tapalma 2018<\/h4>\n<p><strong>Dinamita Quely:<\/strong><\/p>\n<p>Xef: Andreu Moreno<\/p>\n<p>Restaurant: Daniel Sorlut (Mercat de l&#8217;Olivar)<\/p>\n<p>&nbsp;<\/p>\n<p><a href=\"https:\/\/gastronomicament.cat\/wp-content\/uploads\/2018\/11\/Alfajor-Quely-Tapalma-2018-3r-premi-Tematica.jpg\"><img decoding=\"async\" class=\"aligncenter size-medium wp-image-23167\" src=\"https:\/\/gastronomicament.cat\/wp-content\/uploads\/2018\/11\/Alfajor-Quely-Tapalma-2018-3r-premi-Tematica-300x200.jpg\" alt=\"\" width=\"300\" height=\"200\" srcset=\"https:\/\/gastronomicament.cat\/wp-content\/uploads\/2018\/11\/Alfajor-Quely-Tapalma-2018-3r-premi-Tematica-300x200.jpg 300w, https:\/\/gastronomicament.cat\/wp-content\/uploads\/2018\/11\/Alfajor-Quely-Tapalma-2018-3r-premi-Tematica-768x513.jpg 768w, https:\/\/gastronomicament.cat\/wp-content\/uploads\/2018\/11\/Alfajor-Quely-Tapalma-2018-3r-premi-Tematica-1024x683.jpg 1024w, https:\/\/gastronomicament.cat\/wp-content\/uploads\/2018\/11\/Alfajor-Quely-Tapalma-2018-3r-premi-Tematica-75x50.jpg 75w, https:\/\/gastronomicament.cat\/wp-content\/uploads\/2018\/11\/Alfajor-Quely-Tapalma-2018-3r-premi-Tematica-650x434.jpg 650w, https:\/\/gastronomicament.cat\/wp-content\/uploads\/2018\/11\/Alfajor-Quely-Tapalma-2018-3r-premi-Tematica-1000x667.jpg 1000w, https:\/\/gastronomicament.cat\/wp-content\/uploads\/2018\/11\/Alfajor-Quely-Tapalma-2018-3r-premi-Tematica.jpg 1500w\" sizes=\"(max-width: 300px) 100vw, 300px\" \/><\/a><\/p>\n<h4>3r Premi Tapa Tem\u00e0tica Tapalma 2018<\/h4>\n<p><strong>Alfajor Quelyco farcit de dulce de leche<\/strong><\/p>\n<p>Xef: Leticia Garobera<\/p>\n<p>Restaurant: Bruselas<\/p>\n<p>&nbsp;<\/p>\n<p><a href=\"https:\/\/gastronomicament.cat\/wp-content\/uploads\/2018\/11\/El-Passaport-Tapalma-2018-1r-premi-coctel.jpg\"><img decoding=\"async\" class=\"aligncenter size-medium wp-image-23168\" src=\"https:\/\/gastronomicament.cat\/wp-content\/uploads\/2018\/11\/El-Passaport-Tapalma-2018-1r-premi-coctel-300x200.jpg\" alt=\"\" width=\"300\" height=\"200\" srcset=\"https:\/\/gastronomicament.cat\/wp-content\/uploads\/2018\/11\/El-Passaport-Tapalma-2018-1r-premi-coctel-300x200.jpg 300w, https:\/\/gastronomicament.cat\/wp-content\/uploads\/2018\/11\/El-Passaport-Tapalma-2018-1r-premi-coctel-768x512.jpg 768w, https:\/\/gastronomicament.cat\/wp-content\/uploads\/2018\/11\/El-Passaport-Tapalma-2018-1r-premi-coctel-1024x683.jpg 1024w, https:\/\/gastronomicament.cat\/wp-content\/uploads\/2018\/11\/El-Passaport-Tapalma-2018-1r-premi-coctel-75x50.jpg 75w, https:\/\/gastronomicament.cat\/wp-content\/uploads\/2018\/11\/El-Passaport-Tapalma-2018-1r-premi-coctel-650x433.jpg 650w, https:\/\/gastronomicament.cat\/wp-content\/uploads\/2018\/11\/El-Passaport-Tapalma-2018-1r-premi-coctel-1000x667.jpg 1000w, https:\/\/gastronomicament.cat\/wp-content\/uploads\/2018\/11\/El-Passaport-Tapalma-2018-1r-premi-coctel.jpg 1500w\" sizes=\"(max-width: 300px) 100vw, 300px\" \/><\/a><\/p>\n<h4>1r Premi C\u00f2ctel Tapalma 2018<\/h4>\n<p><strong>El Passaport:\u00a0<\/strong>Bacard\u00ed, maraschino, suc de llima i fruita de la passi\u00f3 amb un toc d&#8217;herba-sana.<\/p>\n<p>Barman: Haytam Sbai<br \/>\nRestaurant: Assaona<\/p>\n<p>&nbsp;<\/p>\n<p><a href=\"https:\/\/gastronomicament.cat\/wp-content\/uploads\/2018\/11\/Bon-Vespre-Tapalma-2018-2n-premi-coctel.jpg\"><img decoding=\"async\" class=\"aligncenter size-medium wp-image-23169\" src=\"https:\/\/gastronomicament.cat\/wp-content\/uploads\/2018\/11\/Bon-Vespre-Tapalma-2018-2n-premi-coctel-300x200.jpg\" alt=\"\" width=\"300\" height=\"200\" srcset=\"https:\/\/gastronomicament.cat\/wp-content\/uploads\/2018\/11\/Bon-Vespre-Tapalma-2018-2n-premi-coctel-300x200.jpg 300w, https:\/\/gastronomicament.cat\/wp-content\/uploads\/2018\/11\/Bon-Vespre-Tapalma-2018-2n-premi-coctel-768x512.jpg 768w, https:\/\/gastronomicament.cat\/wp-content\/uploads\/2018\/11\/Bon-Vespre-Tapalma-2018-2n-premi-coctel-1024x683.jpg 1024w, https:\/\/gastronomicament.cat\/wp-content\/uploads\/2018\/11\/Bon-Vespre-Tapalma-2018-2n-premi-coctel-75x50.jpg 75w, https:\/\/gastronomicament.cat\/wp-content\/uploads\/2018\/11\/Bon-Vespre-Tapalma-2018-2n-premi-coctel-650x433.jpg 650w, https:\/\/gastronomicament.cat\/wp-content\/uploads\/2018\/11\/Bon-Vespre-Tapalma-2018-2n-premi-coctel-1000x667.jpg 1000w, https:\/\/gastronomicament.cat\/wp-content\/uploads\/2018\/11\/Bon-Vespre-Tapalma-2018-2n-premi-coctel.jpg 1500w\" sizes=\"(max-width: 300px) 100vw, 300px\" \/><\/a><\/p>\n<h4>2n Premi C\u00f2ctel Tapalma 2018<\/h4>\n<p><strong>Bon vespre:\u00a0<\/strong>Xerop de Quely, suc de mandarina, ginebra taronja i vermut blanc.<br \/>\nBarman: Sofian Dris<br \/>\nRestaurant: Ombu<\/p>\n<p>&nbsp;<\/p>\n<p><a href=\"https:\/\/gastronomicament.cat\/wp-content\/uploads\/2018\/11\/Acostat-Tapalma-2018-3r-premi-coctel.jpg\"><img decoding=\"async\" class=\"aligncenter size-medium wp-image-23170\" src=\"https:\/\/gastronomicament.cat\/wp-content\/uploads\/2018\/11\/Acostat-Tapalma-2018-3r-premi-coctel-300x200.jpg\" alt=\"\" width=\"300\" height=\"200\" srcset=\"https:\/\/gastronomicament.cat\/wp-content\/uploads\/2018\/11\/Acostat-Tapalma-2018-3r-premi-coctel-300x200.jpg 300w, https:\/\/gastronomicament.cat\/wp-content\/uploads\/2018\/11\/Acostat-Tapalma-2018-3r-premi-coctel-768x512.jpg 768w, https:\/\/gastronomicament.cat\/wp-content\/uploads\/2018\/11\/Acostat-Tapalma-2018-3r-premi-coctel-1024x683.jpg 1024w, https:\/\/gastronomicament.cat\/wp-content\/uploads\/2018\/11\/Acostat-Tapalma-2018-3r-premi-coctel-75x50.jpg 75w, https:\/\/gastronomicament.cat\/wp-content\/uploads\/2018\/11\/Acostat-Tapalma-2018-3r-premi-coctel-650x433.jpg 650w, https:\/\/gastronomicament.cat\/wp-content\/uploads\/2018\/11\/Acostat-Tapalma-2018-3r-premi-coctel-1000x667.jpg 1000w, https:\/\/gastronomicament.cat\/wp-content\/uploads\/2018\/11\/Acostat-Tapalma-2018-3r-premi-coctel.jpg 1500w\" sizes=\"(max-width: 300px) 100vw, 300px\" \/><\/a><\/p>\n<h4>3r Premi C\u00f2ctel Tapalma 2018<\/h4>\n<p><strong>L\u2019 acosat:\u00a0<\/strong>Vodka, herbes, vermut, xerop, blanc d&#8217;ou, llima i suc de s\u00edndria.<br \/>\nB\u00e0rman: V\u00edctor Abal<\/p>\n<p>Restaurant: Little Italy Mallorca<\/p>\n<p>&nbsp;<\/p>\n<pre>Fotos: Javier Fern\u00e1ndez - La Siesta \/ Tapalma 2018<\/pre>\n<p><iframe src=\"https:\/\/www.google.com\/maps\/d\/embed?mid=1KSBoPIeR9PLIXKoMVCuq6BtxDaIdKA1Z&amp;hl=ca\" width=\"640\" height=\"480\"><\/iframe><\/p>\n","protected":false},"excerpt":{"rendered":"<p>[:es]Us presentam totes les tapes que han guanyat el concurs de Tapalma 2018 i els restaurants&hellip;<\/p>\n","protected":false},"author":1,"featured_media":23171,"comment_status":"open","ping_status":"closed","sticky":false,"template":"","format":"gallery","meta":{"_acf_changed":false,"_swt_meta_header_display":false,"_swt_meta_footer_display":false,"_swt_meta_site_title_display":false,"_swt_meta_sticky_header":false,"_swt_meta_transparent_header":false,"footnotes":""},"categories":[692,953],"tags":[],"coauthors":[],"class_list":["post-23157","post","type-post","status-publish","format-gallery","has-post-thumbnail","hentry","category-actualitat","category-concursos-i-premis","post_format-post-format-gallery"],"acf":{"gallery":null,"home_date":{"home_begin_date":null,"home_end_date":null}},"yoast_head":"<!-- This site is optimized with the Yoast SEO plugin v27.4 - https:\/\/yoast.com\/product\/yoast-seo-wordpress\/ -->\n<title>[:es]Coneix les tapes premiades de Tapalma 2018[:] - Gastron\u00f2micament<\/title>\n<meta name=\"description\" content=\"[:es]Coneix les tapes premiades de Tapalma 2018[:] Actualitat, Concursos i premis Us presentam totes les tapes que han guanyat el concurs de Tapalma 2018 i els restaurants on les podeu tastar. La ruta Tapalma\u00a0 se celebra a la capital balear del 28 de novembre al 2 de desembre i compta amb la participaci\u00f3 de 41 restaurants\" \/>\n<meta name=\"robots\" content=\"index, follow, max-snippet:-1, max-image-preview:large, max-video-preview:-1\" \/>\n<link rel=\"canonical\" href=\"https:\/\/gastronomicament.cat\/ca\/coneix-les-tapes-premiades-de-tapalma-2018\" \/>\n<meta property=\"og:locale\" content=\"ca_ES\" \/>\n<meta property=\"og:type\" content=\"article\" \/>\n<meta property=\"og:title\" content=\"[:es]Coneix les tapes premiades de Tapalma 2018[:] - Gastron\u00f2micament\" \/>\n<meta property=\"og:description\" content=\"[:es]Coneix les tapes premiades de Tapalma 2018[:] Actualitat, Concursos i premis Us presentam totes les tapes que han guanyat el concurs de Tapalma 2018 i els restaurants on les podeu tastar. La ruta Tapalma\u00a0 se celebra a la capital balear del 28 de novembre al 2 de desembre i compta amb la participaci\u00f3 de 41 restaurants\" \/>\n<meta property=\"og:url\" content=\"https:\/\/gastronomicament.cat\/ca\/coneix-les-tapes-premiades-de-tapalma-2018\" \/>\n<meta property=\"og:site_name\" content=\"Gastron\u00f2micament\" \/>\n<meta property=\"article:published_time\" content=\"2018-11-29T09:23:07+00:00\" \/>\n<meta property=\"article:modified_time\" content=\"2018-11-29T09:24:28+00:00\" \/>\n<meta property=\"og:image\" content=\"https:\/\/gastronomicament.cat\/wp-content\/uploads\/2018\/11\/Portada-TaPalma-2018.jpg\" \/>\n\t<meta property=\"og:image:width\" content=\"820\" \/>\n\t<meta property=\"og:image:height\" content=\"312\" \/>\n\t<meta property=\"og:image:type\" content=\"image\/jpeg\" \/>\n<meta name=\"author\" content=\"Redacci\u00f3\" \/>\n<meta name=\"twitter:card\" content=\"summary_large_image\" \/>\n<meta name=\"twitter:creator\" content=\"@gastronomicamen\" \/>\n<meta name=\"twitter:site\" content=\"@gastronomicamen\" \/>\n<meta name=\"twitter:label1\" content=\"Written by\" \/>\n\t<meta name=\"twitter:data1\" content=\"Redacci\u00f3\" \/>\n\t<meta name=\"twitter:label2\" content=\"Est. reading time\" \/>\n\t<meta name=\"twitter:data2\" content=\"1 minute\" \/>\n<script type=\"application\/ld+json\" class=\"yoast-schema-graph\">{\"@context\":\"https:\\\/\\\/schema.org\",\"@graph\":[{\"@type\":\"Article\",\"@id\":\"https:\\\/\\\/gastronomicament.cat\\\/ca\\\/coneix-les-tapes-premiades-de-tapalma-2018#article\",\"isPartOf\":{\"@id\":\"https:\\\/\\\/gastronomicament.cat\\\/ca\\\/coneix-les-tapes-premiades-de-tapalma-2018\"},\"author\":{\"name\":\"Redacci\u00f3\",\"@id\":\"https:\\\/\\\/gastronomicament.cat\\\/ca\\\/#\\\/schema\\\/person\\\/a7c85c537a1ed62799a5b8e0f686a37f\"},\"headline\":\"[:es]Coneix les tapes premiades de Tapalma 2018[:]\",\"datePublished\":\"2018-11-29T09:23:07+00:00\",\"dateModified\":\"2018-11-29T09:24:28+00:00\",\"mainEntityOfPage\":{\"@id\":\"https:\\\/\\\/gastronomicament.cat\\\/ca\\\/coneix-les-tapes-premiades-de-tapalma-2018\"},\"wordCount\":273,\"commentCount\":0,\"publisher\":{\"@id\":\"https:\\\/\\\/gastronomicament.cat\\\/ca\\\/#organization\"},\"image\":{\"@id\":\"https:\\\/\\\/gastronomicament.cat\\\/ca\\\/coneix-les-tapes-premiades-de-tapalma-2018#primaryimage\"},\"thumbnailUrl\":\"https:\\\/\\\/gastronomicament.cat\\\/wp-content\\\/uploads\\\/2018\\\/11\\\/Portada-TaPalma-2018.jpg\",\"articleSection\":[\"Actualitat\",\"Concursos i premis\"],\"inLanguage\":\"ca-ES\",\"potentialAction\":[{\"@type\":\"CommentAction\",\"name\":\"Comment\",\"target\":[\"https:\\\/\\\/gastronomicament.cat\\\/ca\\\/coneix-les-tapes-premiades-de-tapalma-2018#respond\"]}]},{\"@type\":\"WebPage\",\"@id\":\"https:\\\/\\\/gastronomicament.cat\\\/ca\\\/coneix-les-tapes-premiades-de-tapalma-2018\",\"url\":\"https:\\\/\\\/gastronomicament.cat\\\/ca\\\/coneix-les-tapes-premiades-de-tapalma-2018\",\"name\":\"[:es]Coneix les tapes premiades de Tapalma 2018[:] - Gastron\u00f2micament\",\"isPartOf\":{\"@id\":\"https:\\\/\\\/gastronomicament.cat\\\/ca\\\/#website\"},\"primaryImageOfPage\":{\"@id\":\"https:\\\/\\\/gastronomicament.cat\\\/ca\\\/coneix-les-tapes-premiades-de-tapalma-2018#primaryimage\"},\"image\":{\"@id\":\"https:\\\/\\\/gastronomicament.cat\\\/ca\\\/coneix-les-tapes-premiades-de-tapalma-2018#primaryimage\"},\"thumbnailUrl\":\"https:\\\/\\\/gastronomicament.cat\\\/wp-content\\\/uploads\\\/2018\\\/11\\\/Portada-TaPalma-2018.jpg\",\"datePublished\":\"2018-11-29T09:23:07+00:00\",\"dateModified\":\"2018-11-29T09:24:28+00:00\",\"description\":\"[:es]Coneix les tapes premiades de Tapalma 2018[:] Actualitat, Concursos i premis Us presentam totes les tapes que han guanyat el concurs de Tapalma 2018 i els restaurants on les podeu tastar. La ruta Tapalma\u00a0 se celebra a la capital balear del 28 de novembre al 2 de desembre i compta amb la participaci\u00f3 de 41 restaurants\",\"inLanguage\":\"ca-ES\",\"potentialAction\":[{\"@type\":\"ReadAction\",\"target\":[\"https:\\\/\\\/gastronomicament.cat\\\/ca\\\/coneix-les-tapes-premiades-de-tapalma-2018\"]}]},{\"@type\":\"ImageObject\",\"inLanguage\":\"ca-ES\",\"@id\":\"https:\\\/\\\/gastronomicament.cat\\\/ca\\\/coneix-les-tapes-premiades-de-tapalma-2018#primaryimage\",\"url\":\"https:\\\/\\\/gastronomicament.cat\\\/wp-content\\\/uploads\\\/2018\\\/11\\\/Portada-TaPalma-2018.jpg\",\"contentUrl\":\"https:\\\/\\\/gastronomicament.cat\\\/wp-content\\\/uploads\\\/2018\\\/11\\\/Portada-TaPalma-2018.jpg\",\"width\":820,\"height\":312},{\"@type\":\"WebSite\",\"@id\":\"https:\\\/\\\/gastronomicament.cat\\\/ca\\\/#website\",\"url\":\"https:\\\/\\\/gastronomicament.cat\\\/ca\\\/\",\"name\":\"Gastron\u00f2micament\",\"description\":\"Portal de restaurants, receptes i actualitat gastron\u00f2mica\",\"publisher\":{\"@id\":\"https:\\\/\\\/gastronomicament.cat\\\/ca\\\/#organization\"},\"potentialAction\":[{\"@type\":\"SearchAction\",\"target\":{\"@type\":\"EntryPoint\",\"urlTemplate\":\"https:\\\/\\\/gastronomicament.cat\\\/ca\\\/?s={search_term_string}\"},\"query-input\":{\"@type\":\"PropertyValueSpecification\",\"valueRequired\":true,\"valueName\":\"search_term_string\"}}],\"inLanguage\":\"ca-ES\"},{\"@type\":\"Organization\",\"@id\":\"https:\\\/\\\/gastronomicament.cat\\\/ca\\\/#organization\",\"name\":\"Gastron\u00f2micament\",\"url\":\"https:\\\/\\\/gastronomicament.cat\\\/ca\\\/\",\"logo\":{\"@type\":\"ImageObject\",\"inLanguage\":\"ca-ES\",\"@id\":\"https:\\\/\\\/gastronomicament.cat\\\/ca\\\/#\\\/schema\\\/logo\\\/image\\\/\",\"url\":\"https:\\\/\\\/gastronomicament.cat\\\/wp-content\\\/uploads\\\/2016\\\/09\\\/header-logo.jpg\",\"contentUrl\":\"https:\\\/\\\/gastronomicament.cat\\\/wp-content\\\/uploads\\\/2016\\\/09\\\/header-logo.jpg\",\"width\":277,\"height\":39,\"caption\":\"Gastron\u00f2micament\"},\"image\":{\"@id\":\"https:\\\/\\\/gastronomicament.cat\\\/ca\\\/#\\\/schema\\\/logo\\\/image\\\/\"},\"sameAs\":[\"https:\\\/\\\/x.com\\\/gastronomicamen\"]},{\"@type\":\"Person\",\"@id\":\"https:\\\/\\\/gastronomicament.cat\\\/ca\\\/#\\\/schema\\\/person\\\/a7c85c537a1ed62799a5b8e0f686a37f\",\"name\":\"Redacci\u00f3\",\"image\":{\"@type\":\"ImageObject\",\"inLanguage\":\"ca-ES\",\"@id\":\"https:\\\/\\\/secure.gravatar.com\\\/avatar\\\/9489a485c464fd611d33825daae651d13db70c4e74c65c94937a15a9d4c3ee14?s=96&d=mm&r=g69fea3cce3645dfa2166e7293e22955e\",\"url\":\"https:\\\/\\\/secure.gravatar.com\\\/avatar\\\/9489a485c464fd611d33825daae651d13db70c4e74c65c94937a15a9d4c3ee14?s=96&d=mm&r=g\",\"contentUrl\":\"https:\\\/\\\/secure.gravatar.com\\\/avatar\\\/9489a485c464fd611d33825daae651d13db70c4e74c65c94937a15a9d4c3ee14?s=96&d=mm&r=g\",\"caption\":\"Redacci\u00f3\"},\"sameAs\":[\"http:\\\/\\\/gastronomicament.cat\"],\"url\":\"https:\\\/\\\/gastronomicament.cat\\\/ca\\\/author\\\/admin\"}]}<\/script>\n<!-- \/ Yoast SEO plugin. -->","yoast_head_json":{"title":"[:es]Coneix les tapes premiades de Tapalma 2018[:] - Gastron\u00f2micament","description":"[:es]Coneix les tapes premiades de Tapalma 2018[:] Actualitat, Concursos i premis Us presentam totes les tapes que han guanyat el concurs de Tapalma 2018 i els restaurants on les podeu tastar. La ruta Tapalma\u00a0 se celebra a la capital balear del 28 de novembre al 2 de desembre i compta amb la participaci\u00f3 de 41 restaurants","robots":{"index":"index","follow":"follow","max-snippet":"max-snippet:-1","max-image-preview":"max-image-preview:large","max-video-preview":"max-video-preview:-1"},"canonical":"https:\/\/gastronomicament.cat\/ca\/coneix-les-tapes-premiades-de-tapalma-2018","og_locale":"ca_ES","og_type":"article","og_title":"[:es]Coneix les tapes premiades de Tapalma 2018[:] - Gastron\u00f2micament","og_description":"[:es]Coneix les tapes premiades de Tapalma 2018[:] Actualitat, Concursos i premis Us presentam totes les tapes que han guanyat el concurs de Tapalma 2018 i els restaurants on les podeu tastar. La ruta Tapalma\u00a0 se celebra a la capital balear del 28 de novembre al 2 de desembre i compta amb la participaci\u00f3 de 41 restaurants","og_url":"https:\/\/gastronomicament.cat\/ca\/coneix-les-tapes-premiades-de-tapalma-2018","og_site_name":"Gastron\u00f2micament","article_published_time":"2018-11-29T09:23:07+00:00","article_modified_time":"2018-11-29T09:24:28+00:00","og_image":[{"width":820,"height":312,"url":"https:\/\/gastronomicament.cat\/wp-content\/uploads\/2018\/11\/Portada-TaPalma-2018.jpg","type":"image\/jpeg"}],"author":"Redacci\u00f3","twitter_card":"summary_large_image","twitter_creator":"@gastronomicamen","twitter_site":"@gastronomicamen","twitter_misc":{"Written by":"Redacci\u00f3","Est. reading time":"1 minute"},"schema":{"@context":"https:\/\/schema.org","@graph":[{"@type":"Article","@id":"https:\/\/gastronomicament.cat\/ca\/coneix-les-tapes-premiades-de-tapalma-2018#article","isPartOf":{"@id":"https:\/\/gastronomicament.cat\/ca\/coneix-les-tapes-premiades-de-tapalma-2018"},"author":{"name":"Redacci\u00f3","@id":"https:\/\/gastronomicament.cat\/ca\/#\/schema\/person\/a7c85c537a1ed62799a5b8e0f686a37f"},"headline":"[:es]Coneix les tapes premiades de Tapalma 2018[:]","datePublished":"2018-11-29T09:23:07+00:00","dateModified":"2018-11-29T09:24:28+00:00","mainEntityOfPage":{"@id":"https:\/\/gastronomicament.cat\/ca\/coneix-les-tapes-premiades-de-tapalma-2018"},"wordCount":273,"commentCount":0,"publisher":{"@id":"https:\/\/gastronomicament.cat\/ca\/#organization"},"image":{"@id":"https:\/\/gastronomicament.cat\/ca\/coneix-les-tapes-premiades-de-tapalma-2018#primaryimage"},"thumbnailUrl":"https:\/\/gastronomicament.cat\/wp-content\/uploads\/2018\/11\/Portada-TaPalma-2018.jpg","articleSection":["Actualitat","Concursos i premis"],"inLanguage":"ca-ES","potentialAction":[{"@type":"CommentAction","name":"Comment","target":["https:\/\/gastronomicament.cat\/ca\/coneix-les-tapes-premiades-de-tapalma-2018#respond"]}]},{"@type":"WebPage","@id":"https:\/\/gastronomicament.cat\/ca\/coneix-les-tapes-premiades-de-tapalma-2018","url":"https:\/\/gastronomicament.cat\/ca\/coneix-les-tapes-premiades-de-tapalma-2018","name":"[:es]Coneix les tapes premiades de Tapalma 2018[:] - Gastron\u00f2micament","isPartOf":{"@id":"https:\/\/gastronomicament.cat\/ca\/#website"},"primaryImageOfPage":{"@id":"https:\/\/gastronomicament.cat\/ca\/coneix-les-tapes-premiades-de-tapalma-2018#primaryimage"},"image":{"@id":"https:\/\/gastronomicament.cat\/ca\/coneix-les-tapes-premiades-de-tapalma-2018#primaryimage"},"thumbnailUrl":"https:\/\/gastronomicament.cat\/wp-content\/uploads\/2018\/11\/Portada-TaPalma-2018.jpg","datePublished":"2018-11-29T09:23:07+00:00","dateModified":"2018-11-29T09:24:28+00:00","description":"[:es]Coneix les tapes premiades de Tapalma 2018[:] Actualitat, Concursos i premis Us presentam totes les tapes que han guanyat el concurs de Tapalma 2018 i els restaurants on les podeu tastar. La ruta Tapalma\u00a0 se celebra a la capital balear del 28 de novembre al 2 de desembre i compta amb la participaci\u00f3 de 41 restaurants","inLanguage":"ca-ES","potentialAction":[{"@type":"ReadAction","target":["https:\/\/gastronomicament.cat\/ca\/coneix-les-tapes-premiades-de-tapalma-2018"]}]},{"@type":"ImageObject","inLanguage":"ca-ES","@id":"https:\/\/gastronomicament.cat\/ca\/coneix-les-tapes-premiades-de-tapalma-2018#primaryimage","url":"https:\/\/gastronomicament.cat\/wp-content\/uploads\/2018\/11\/Portada-TaPalma-2018.jpg","contentUrl":"https:\/\/gastronomicament.cat\/wp-content\/uploads\/2018\/11\/Portada-TaPalma-2018.jpg","width":820,"height":312},{"@type":"WebSite","@id":"https:\/\/gastronomicament.cat\/ca\/#website","url":"https:\/\/gastronomicament.cat\/ca\/","name":"Gastron\u00f2micament","description":"Portal de restaurants, receptes i actualitat gastron\u00f2mica","publisher":{"@id":"https:\/\/gastronomicament.cat\/ca\/#organization"},"potentialAction":[{"@type":"SearchAction","target":{"@type":"EntryPoint","urlTemplate":"https:\/\/gastronomicament.cat\/ca\/?s={search_term_string}"},"query-input":{"@type":"PropertyValueSpecification","valueRequired":true,"valueName":"search_term_string"}}],"inLanguage":"ca-ES"},{"@type":"Organization","@id":"https:\/\/gastronomicament.cat\/ca\/#organization","name":"Gastron\u00f2micament","url":"https:\/\/gastronomicament.cat\/ca\/","logo":{"@type":"ImageObject","inLanguage":"ca-ES","@id":"https:\/\/gastronomicament.cat\/ca\/#\/schema\/logo\/image\/","url":"https:\/\/gastronomicament.cat\/wp-content\/uploads\/2016\/09\/header-logo.jpg","contentUrl":"https:\/\/gastronomicament.cat\/wp-content\/uploads\/2016\/09\/header-logo.jpg","width":277,"height":39,"caption":"Gastron\u00f2micament"},"image":{"@id":"https:\/\/gastronomicament.cat\/ca\/#\/schema\/logo\/image\/"},"sameAs":["https:\/\/x.com\/gastronomicamen"]},{"@type":"Person","@id":"https:\/\/gastronomicament.cat\/ca\/#\/schema\/person\/a7c85c537a1ed62799a5b8e0f686a37f","name":"Redacci\u00f3","image":{"@type":"ImageObject","inLanguage":"ca-ES","@id":"https:\/\/secure.gravatar.com\/avatar\/9489a485c464fd611d33825daae651d13db70c4e74c65c94937a15a9d4c3ee14?s=96&d=mm&r=g69fea3cce3645dfa2166e7293e22955e","url":"https:\/\/secure.gravatar.com\/avatar\/9489a485c464fd611d33825daae651d13db70c4e74c65c94937a15a9d4c3ee14?s=96&d=mm&r=g","contentUrl":"https:\/\/secure.gravatar.com\/avatar\/9489a485c464fd611d33825daae651d13db70c4e74c65c94937a15a9d4c3ee14?s=96&d=mm&r=g","caption":"Redacci\u00f3"},"sameAs":["http:\/\/gastronomicament.cat"],"url":"https:\/\/gastronomicament.cat\/ca\/author\/admin"}]}},"_links":{"self":[{"href":"https:\/\/gastronomicament.cat\/ca\/wp-json\/wp\/v2\/posts\/23157","targetHints":{"allow":["GET"]}}],"collection":[{"href":"https:\/\/gastronomicament.cat\/ca\/wp-json\/wp\/v2\/posts"}],"about":[{"href":"https:\/\/gastronomicament.cat\/ca\/wp-json\/wp\/v2\/types\/post"}],"author":[{"embeddable":true,"href":"https:\/\/gastronomicament.cat\/ca\/wp-json\/wp\/v2\/users\/1"}],"replies":[{"embeddable":true,"href":"https:\/\/gastronomicament.cat\/ca\/wp-json\/wp\/v2\/comments?post=23157"}],"version-history":[{"count":0,"href":"https:\/\/gastronomicament.cat\/ca\/wp-json\/wp\/v2\/posts\/23157\/revisions"}],"wp:featuredmedia":[{"embeddable":true,"href":"https:\/\/gastronomicament.cat\/ca\/wp-json\/wp\/v2\/media\/23171"}],"wp:attachment":[{"href":"https:\/\/gastronomicament.cat\/ca\/wp-json\/wp\/v2\/media?parent=23157"}],"wp:term":[{"taxonomy":"category","embeddable":true,"href":"https:\/\/gastronomicament.cat\/ca\/wp-json\/wp\/v2\/categories?post=23157"},{"taxonomy":"post_tag","embeddable":true,"href":"https:\/\/gastronomicament.cat\/ca\/wp-json\/wp\/v2\/tags?post=23157"},{"taxonomy":"author","embeddable":true,"href":"https:\/\/gastronomicament.cat\/ca\/wp-json\/wp\/v2\/coauthors?post=23157"}],"curies":[{"name":"wp","href":"https:\/\/api.w.org\/{rel}","templated":true}]}}