{"id":23246,"date":"2018-12-12T21:52:11","date_gmt":"2018-12-12T20:52:11","guid":{"rendered":"https:\/\/gastronomicament.cat\/?p=23246"},"modified":"2022-04-07T11:13:05","modified_gmt":"2022-04-07T09:13:05","slug":"mostra-solidaria-de-vins-mallorquins","status":"publish","type":"post","link":"https:\/\/gastronomicament.cat\/ca\/mostra-solidaria-de-vins-mallorquins","title":{"rendered":"Mostra solid\u00e0ria de vins mallorquins"},"content":{"rendered":"<blockquote><p><em>Hi participen 28 cellers amb m\u00e9s de 300 vins<\/em><\/p><\/blockquote>\n<p>La DOP Pla i Llevant i el consell regulador de Vi de la Terra Mallorca han organitzat la segona edici\u00f3 de la mostra\u00a0<strong>Un vi de Mallorca per Nadal<\/strong>. La cita es far\u00e0 el divendres 14 de desembre, de\u00a0<strong>19 a 21.30 hores<\/strong>, a la sala Alb\u00e9niz de l&#8217;Auditorium.<\/p>\n<p>Enguany, l&#8217;acte acollir\u00e0 la representaci\u00f3 de<strong>\u00a028 cellers de Mallorca\u00a0<\/strong>que oferiran devers 300 vins. Com a novetat, aquesta edici\u00f3 t\u00e9 un car\u00e0cter solidari at\u00e8s que la meitat de l&#8217;entrada es destinar\u00e0 a les v\u00edctimes del Llevant mallorqu\u00ed. D&#8217;aquesta manera 5 euros seran per als damnificats de la torrentada mentre que els altres 5 euros es podran fer servir per comprar vi en el mateix recinte de l&#8217;Auditorium.<\/p>\n<p>Cal destacar que durant la vetllada es podran tastar les especialitats de cuina mallorquina d&#8217;HiperCentro.<\/p>\n","protected":false},"excerpt":{"rendered":"<p>La DOP Pla i Llevant i el consell regulador de Vi de la Terra Mallorca han&hellip;<\/p>\n","protected":false},"author":1,"featured_media":23247,"comment_status":"open","ping_status":"closed","sticky":false,"template":"","format":"standard","meta":{"_acf_changed":false,"_swt_meta_header_display":false,"_swt_meta_footer_display":false,"_swt_meta_site_title_display":false,"_swt_meta_sticky_header":false,"_swt_meta_transparent_header":false,"footnotes":""},"categories":[692,954],"tags":[],"coauthors":[],"class_list":["post-23246","post","type-post","status-publish","format-standard","has-post-thumbnail","hentry","category-actualitat","category-fires-i-rutes"],"acf":{"gallery":null,"home_date":{"home_begin_date":null,"home_end_date":null}},"yoast_head":"<!-- This site is optimized with the Yoast SEO plugin v27.4 - https:\/\/yoast.com\/product\/yoast-seo-wordpress\/ -->\n<title>Mostra solid\u00e0ria de vins mallorquins - Gastron\u00f2micament<\/title>\n<meta name=\"description\" content=\"Mostra solid\u00e0ria de vins mallorquins Actualitat, Fires i rutes La DOP Pla i Llevant i el consell regulador de Vi de la Terra Mallorca han organitzat la segona edici\u00f3 de la mostra\u00a0Un vi de Mallorca per Nadal\" \/>\n<meta name=\"robots\" content=\"index, follow, max-snippet:-1, max-image-preview:large, max-video-preview:-1\" \/>\n<link rel=\"canonical\" href=\"https:\/\/gastronomicament.cat\/ca\/mostra-solidaria-de-vins-mallorquins\" \/>\n<meta property=\"og:locale\" content=\"ca_ES\" \/>\n<meta property=\"og:type\" content=\"article\" \/>\n<meta property=\"og:title\" content=\"Mostra solid\u00e0ria de vins mallorquins - Gastron\u00f2micament\" \/>\n<meta property=\"og:description\" content=\"Mostra solid\u00e0ria de vins mallorquins Actualitat, Fires i rutes La DOP Pla i Llevant i el consell regulador de Vi de la Terra Mallorca han organitzat la segona edici\u00f3 de la mostra\u00a0Un vi de Mallorca per Nadal\" \/>\n<meta property=\"og:url\" content=\"https:\/\/gastronomicament.cat\/ca\/mostra-solidaria-de-vins-mallorquins\" \/>\n<meta property=\"og:site_name\" content=\"Gastron\u00f2micament\" \/>\n<meta property=\"article:published_time\" content=\"2018-12-12T20:52:11+00:00\" \/>\n<meta property=\"article:modified_time\" content=\"2022-04-07T09:13:05+00:00\" \/>\n<meta property=\"og:image\" content=\"https:\/\/gastronomicament.cat\/wp-content\/uploads\/2018\/12\/Vi-de-Mallorca-Majorcan-Wine.jpg\" \/>\n\t<meta property=\"og:image:width\" content=\"1256\" \/>\n\t<meta property=\"og:image:height\" content=\"706\" \/>\n\t<meta property=\"og:image:type\" content=\"image\/jpeg\" \/>\n<meta name=\"author\" content=\"Redacci\u00f3\" \/>\n<meta name=\"twitter:card\" content=\"summary_large_image\" \/>\n<meta name=\"twitter:creator\" content=\"@gastronomicamen\" \/>\n<meta name=\"twitter:site\" content=\"@gastronomicamen\" \/>\n<meta name=\"twitter:label1\" content=\"Written by\" \/>\n\t<meta name=\"twitter:data1\" content=\"Redacci\u00f3\" \/>\n\t<meta name=\"twitter:label2\" content=\"Est. reading time\" \/>\n\t<meta name=\"twitter:data2\" content=\"1 minute\" \/>\n<script type=\"application\/ld+json\" class=\"yoast-schema-graph\">{\"@context\":\"https:\\\/\\\/schema.org\",\"@graph\":[{\"@type\":\"Article\",\"@id\":\"https:\\\/\\\/gastronomicament.cat\\\/ca\\\/mostra-solidaria-de-vins-mallorquins#article\",\"isPartOf\":{\"@id\":\"https:\\\/\\\/gastronomicament.cat\\\/ca\\\/mostra-solidaria-de-vins-mallorquins\"},\"author\":{\"name\":\"Redacci\u00f3\",\"@id\":\"https:\\\/\\\/gastronomicament.cat\\\/ca\\\/#\\\/schema\\\/person\\\/a7c85c537a1ed62799a5b8e0f686a37f\"},\"headline\":\"Mostra solid\u00e0ria de vins mallorquins\",\"datePublished\":\"2018-12-12T20:52:11+00:00\",\"dateModified\":\"2022-04-07T09:13:05+00:00\",\"mainEntityOfPage\":{\"@id\":\"https:\\\/\\\/gastronomicament.cat\\\/ca\\\/mostra-solidaria-de-vins-mallorquins\"},\"wordCount\":143,\"commentCount\":0,\"publisher\":{\"@id\":\"https:\\\/\\\/gastronomicament.cat\\\/ca\\\/#organization\"},\"image\":{\"@id\":\"https:\\\/\\\/gastronomicament.cat\\\/ca\\\/mostra-solidaria-de-vins-mallorquins#primaryimage\"},\"thumbnailUrl\":\"https:\\\/\\\/gastronomicament.cat\\\/wp-content\\\/uploads\\\/2018\\\/12\\\/Vi-de-Mallorca-Majorcan-Wine.jpg\",\"articleSection\":[\"Actualitat\",\"Fires i rutes\"],\"inLanguage\":\"ca-ES\",\"potentialAction\":[{\"@type\":\"CommentAction\",\"name\":\"Comment\",\"target\":[\"https:\\\/\\\/gastronomicament.cat\\\/ca\\\/mostra-solidaria-de-vins-mallorquins#respond\"]}]},{\"@type\":\"WebPage\",\"@id\":\"https:\\\/\\\/gastronomicament.cat\\\/ca\\\/mostra-solidaria-de-vins-mallorquins\",\"url\":\"https:\\\/\\\/gastronomicament.cat\\\/ca\\\/mostra-solidaria-de-vins-mallorquins\",\"name\":\"Mostra solid\u00e0ria de vins mallorquins - Gastron\u00f2micament\",\"isPartOf\":{\"@id\":\"https:\\\/\\\/gastronomicament.cat\\\/ca\\\/#website\"},\"primaryImageOfPage\":{\"@id\":\"https:\\\/\\\/gastronomicament.cat\\\/ca\\\/mostra-solidaria-de-vins-mallorquins#primaryimage\"},\"image\":{\"@id\":\"https:\\\/\\\/gastronomicament.cat\\\/ca\\\/mostra-solidaria-de-vins-mallorquins#primaryimage\"},\"thumbnailUrl\":\"https:\\\/\\\/gastronomicament.cat\\\/wp-content\\\/uploads\\\/2018\\\/12\\\/Vi-de-Mallorca-Majorcan-Wine.jpg\",\"datePublished\":\"2018-12-12T20:52:11+00:00\",\"dateModified\":\"2022-04-07T09:13:05+00:00\",\"description\":\"Mostra solid\u00e0ria de vins mallorquins Actualitat, Fires i rutes La DOP Pla i Llevant i el consell regulador de Vi de la Terra Mallorca han organitzat la segona edici\u00f3 de la mostra\u00a0Un vi de Mallorca per Nadal\",\"inLanguage\":\"ca-ES\",\"potentialAction\":[{\"@type\":\"ReadAction\",\"target\":[\"https:\\\/\\\/gastronomicament.cat\\\/ca\\\/mostra-solidaria-de-vins-mallorquins\"]}]},{\"@type\":\"ImageObject\",\"inLanguage\":\"ca-ES\",\"@id\":\"https:\\\/\\\/gastronomicament.cat\\\/ca\\\/mostra-solidaria-de-vins-mallorquins#primaryimage\",\"url\":\"https:\\\/\\\/gastronomicament.cat\\\/wp-content\\\/uploads\\\/2018\\\/12\\\/Vi-de-Mallorca-Majorcan-Wine.jpg\",\"contentUrl\":\"https:\\\/\\\/gastronomicament.cat\\\/wp-content\\\/uploads\\\/2018\\\/12\\\/Vi-de-Mallorca-Majorcan-Wine.jpg\",\"width\":1256,\"height\":706},{\"@type\":\"WebSite\",\"@id\":\"https:\\\/\\\/gastronomicament.cat\\\/ca\\\/#website\",\"url\":\"https:\\\/\\\/gastronomicament.cat\\\/ca\\\/\",\"name\":\"Gastron\u00f2micament\",\"description\":\"Portal de restaurants, receptes i actualitat gastron\u00f2mica\",\"publisher\":{\"@id\":\"https:\\\/\\\/gastronomicament.cat\\\/ca\\\/#organization\"},\"potentialAction\":[{\"@type\":\"SearchAction\",\"target\":{\"@type\":\"EntryPoint\",\"urlTemplate\":\"https:\\\/\\\/gastronomicament.cat\\\/ca\\\/?s={search_term_string}\"},\"query-input\":{\"@type\":\"PropertyValueSpecification\",\"valueRequired\":true,\"valueName\":\"search_term_string\"}}],\"inLanguage\":\"ca-ES\"},{\"@type\":\"Organization\",\"@id\":\"https:\\\/\\\/gastronomicament.cat\\\/ca\\\/#organization\",\"name\":\"Gastron\u00f2micament\",\"url\":\"https:\\\/\\\/gastronomicament.cat\\\/ca\\\/\",\"logo\":{\"@type\":\"ImageObject\",\"inLanguage\":\"ca-ES\",\"@id\":\"https:\\\/\\\/gastronomicament.cat\\\/ca\\\/#\\\/schema\\\/logo\\\/image\\\/\",\"url\":\"https:\\\/\\\/gastronomicament.cat\\\/wp-content\\\/uploads\\\/2016\\\/09\\\/header-logo.jpg\",\"contentUrl\":\"https:\\\/\\\/gastronomicament.cat\\\/wp-content\\\/uploads\\\/2016\\\/09\\\/header-logo.jpg\",\"width\":277,\"height\":39,\"caption\":\"Gastron\u00f2micament\"},\"image\":{\"@id\":\"https:\\\/\\\/gastronomicament.cat\\\/ca\\\/#\\\/schema\\\/logo\\\/image\\\/\"},\"sameAs\":[\"https:\\\/\\\/x.com\\\/gastronomicamen\"]},{\"@type\":\"Person\",\"@id\":\"https:\\\/\\\/gastronomicament.cat\\\/ca\\\/#\\\/schema\\\/person\\\/a7c85c537a1ed62799a5b8e0f686a37f\",\"name\":\"Redacci\u00f3\",\"image\":{\"@type\":\"ImageObject\",\"inLanguage\":\"ca-ES\",\"@id\":\"https:\\\/\\\/secure.gravatar.com\\\/avatar\\\/9489a485c464fd611d33825daae651d13db70c4e74c65c94937a15a9d4c3ee14?s=96&d=mm&r=g69fea3cce3645dfa2166e7293e22955e\",\"url\":\"https:\\\/\\\/secure.gravatar.com\\\/avatar\\\/9489a485c464fd611d33825daae651d13db70c4e74c65c94937a15a9d4c3ee14?s=96&d=mm&r=g\",\"contentUrl\":\"https:\\\/\\\/secure.gravatar.com\\\/avatar\\\/9489a485c464fd611d33825daae651d13db70c4e74c65c94937a15a9d4c3ee14?s=96&d=mm&r=g\",\"caption\":\"Redacci\u00f3\"},\"sameAs\":[\"http:\\\/\\\/gastronomicament.cat\"],\"url\":\"https:\\\/\\\/gastronomicament.cat\\\/ca\\\/author\\\/admin\"}]}<\/script>\n<!-- \/ Yoast SEO plugin. -->","yoast_head_json":{"title":"Mostra solid\u00e0ria de vins mallorquins - Gastron\u00f2micament","description":"Mostra solid\u00e0ria de vins mallorquins Actualitat, Fires i rutes La DOP Pla i Llevant i el consell regulador de Vi de la Terra Mallorca han organitzat la segona edici\u00f3 de la mostra\u00a0Un vi de Mallorca per Nadal","robots":{"index":"index","follow":"follow","max-snippet":"max-snippet:-1","max-image-preview":"max-image-preview:large","max-video-preview":"max-video-preview:-1"},"canonical":"https:\/\/gastronomicament.cat\/ca\/mostra-solidaria-de-vins-mallorquins","og_locale":"ca_ES","og_type":"article","og_title":"Mostra solid\u00e0ria de vins mallorquins - Gastron\u00f2micament","og_description":"Mostra solid\u00e0ria de vins mallorquins Actualitat, Fires i rutes La DOP Pla i Llevant i el consell regulador de Vi de la Terra Mallorca han organitzat la segona edici\u00f3 de la mostra\u00a0Un vi de Mallorca per Nadal","og_url":"https:\/\/gastronomicament.cat\/ca\/mostra-solidaria-de-vins-mallorquins","og_site_name":"Gastron\u00f2micament","article_published_time":"2018-12-12T20:52:11+00:00","article_modified_time":"2022-04-07T09:13:05+00:00","og_image":[{"width":1256,"height":706,"url":"https:\/\/gastronomicament.cat\/wp-content\/uploads\/2018\/12\/Vi-de-Mallorca-Majorcan-Wine.jpg","type":"image\/jpeg"}],"author":"Redacci\u00f3","twitter_card":"summary_large_image","twitter_creator":"@gastronomicamen","twitter_site":"@gastronomicamen","twitter_misc":{"Written by":"Redacci\u00f3","Est. reading time":"1 minute"},"schema":{"@context":"https:\/\/schema.org","@graph":[{"@type":"Article","@id":"https:\/\/gastronomicament.cat\/ca\/mostra-solidaria-de-vins-mallorquins#article","isPartOf":{"@id":"https:\/\/gastronomicament.cat\/ca\/mostra-solidaria-de-vins-mallorquins"},"author":{"name":"Redacci\u00f3","@id":"https:\/\/gastronomicament.cat\/ca\/#\/schema\/person\/a7c85c537a1ed62799a5b8e0f686a37f"},"headline":"Mostra solid\u00e0ria de vins mallorquins","datePublished":"2018-12-12T20:52:11+00:00","dateModified":"2022-04-07T09:13:05+00:00","mainEntityOfPage":{"@id":"https:\/\/gastronomicament.cat\/ca\/mostra-solidaria-de-vins-mallorquins"},"wordCount":143,"commentCount":0,"publisher":{"@id":"https:\/\/gastronomicament.cat\/ca\/#organization"},"image":{"@id":"https:\/\/gastronomicament.cat\/ca\/mostra-solidaria-de-vins-mallorquins#primaryimage"},"thumbnailUrl":"https:\/\/gastronomicament.cat\/wp-content\/uploads\/2018\/12\/Vi-de-Mallorca-Majorcan-Wine.jpg","articleSection":["Actualitat","Fires i rutes"],"inLanguage":"ca-ES","potentialAction":[{"@type":"CommentAction","name":"Comment","target":["https:\/\/gastronomicament.cat\/ca\/mostra-solidaria-de-vins-mallorquins#respond"]}]},{"@type":"WebPage","@id":"https:\/\/gastronomicament.cat\/ca\/mostra-solidaria-de-vins-mallorquins","url":"https:\/\/gastronomicament.cat\/ca\/mostra-solidaria-de-vins-mallorquins","name":"Mostra solid\u00e0ria de vins mallorquins - Gastron\u00f2micament","isPartOf":{"@id":"https:\/\/gastronomicament.cat\/ca\/#website"},"primaryImageOfPage":{"@id":"https:\/\/gastronomicament.cat\/ca\/mostra-solidaria-de-vins-mallorquins#primaryimage"},"image":{"@id":"https:\/\/gastronomicament.cat\/ca\/mostra-solidaria-de-vins-mallorquins#primaryimage"},"thumbnailUrl":"https:\/\/gastronomicament.cat\/wp-content\/uploads\/2018\/12\/Vi-de-Mallorca-Majorcan-Wine.jpg","datePublished":"2018-12-12T20:52:11+00:00","dateModified":"2022-04-07T09:13:05+00:00","description":"Mostra solid\u00e0ria de vins mallorquins Actualitat, Fires i rutes La DOP Pla i Llevant i el consell regulador de Vi de la Terra Mallorca han organitzat la segona edici\u00f3 de la mostra\u00a0Un vi de Mallorca per Nadal","inLanguage":"ca-ES","potentialAction":[{"@type":"ReadAction","target":["https:\/\/gastronomicament.cat\/ca\/mostra-solidaria-de-vins-mallorquins"]}]},{"@type":"ImageObject","inLanguage":"ca-ES","@id":"https:\/\/gastronomicament.cat\/ca\/mostra-solidaria-de-vins-mallorquins#primaryimage","url":"https:\/\/gastronomicament.cat\/wp-content\/uploads\/2018\/12\/Vi-de-Mallorca-Majorcan-Wine.jpg","contentUrl":"https:\/\/gastronomicament.cat\/wp-content\/uploads\/2018\/12\/Vi-de-Mallorca-Majorcan-Wine.jpg","width":1256,"height":706},{"@type":"WebSite","@id":"https:\/\/gastronomicament.cat\/ca\/#website","url":"https:\/\/gastronomicament.cat\/ca\/","name":"Gastron\u00f2micament","description":"Portal de restaurants, receptes i actualitat gastron\u00f2mica","publisher":{"@id":"https:\/\/gastronomicament.cat\/ca\/#organization"},"potentialAction":[{"@type":"SearchAction","target":{"@type":"EntryPoint","urlTemplate":"https:\/\/gastronomicament.cat\/ca\/?s={search_term_string}"},"query-input":{"@type":"PropertyValueSpecification","valueRequired":true,"valueName":"search_term_string"}}],"inLanguage":"ca-ES"},{"@type":"Organization","@id":"https:\/\/gastronomicament.cat\/ca\/#organization","name":"Gastron\u00f2micament","url":"https:\/\/gastronomicament.cat\/ca\/","logo":{"@type":"ImageObject","inLanguage":"ca-ES","@id":"https:\/\/gastronomicament.cat\/ca\/#\/schema\/logo\/image\/","url":"https:\/\/gastronomicament.cat\/wp-content\/uploads\/2016\/09\/header-logo.jpg","contentUrl":"https:\/\/gastronomicament.cat\/wp-content\/uploads\/2016\/09\/header-logo.jpg","width":277,"height":39,"caption":"Gastron\u00f2micament"},"image":{"@id":"https:\/\/gastronomicament.cat\/ca\/#\/schema\/logo\/image\/"},"sameAs":["https:\/\/x.com\/gastronomicamen"]},{"@type":"Person","@id":"https:\/\/gastronomicament.cat\/ca\/#\/schema\/person\/a7c85c537a1ed62799a5b8e0f686a37f","name":"Redacci\u00f3","image":{"@type":"ImageObject","inLanguage":"ca-ES","@id":"https:\/\/secure.gravatar.com\/avatar\/9489a485c464fd611d33825daae651d13db70c4e74c65c94937a15a9d4c3ee14?s=96&d=mm&r=g69fea3cce3645dfa2166e7293e22955e","url":"https:\/\/secure.gravatar.com\/avatar\/9489a485c464fd611d33825daae651d13db70c4e74c65c94937a15a9d4c3ee14?s=96&d=mm&r=g","contentUrl":"https:\/\/secure.gravatar.com\/avatar\/9489a485c464fd611d33825daae651d13db70c4e74c65c94937a15a9d4c3ee14?s=96&d=mm&r=g","caption":"Redacci\u00f3"},"sameAs":["http:\/\/gastronomicament.cat"],"url":"https:\/\/gastronomicament.cat\/ca\/author\/admin"}]}},"_links":{"self":[{"href":"https:\/\/gastronomicament.cat\/ca\/wp-json\/wp\/v2\/posts\/23246","targetHints":{"allow":["GET"]}}],"collection":[{"href":"https:\/\/gastronomicament.cat\/ca\/wp-json\/wp\/v2\/posts"}],"about":[{"href":"https:\/\/gastronomicament.cat\/ca\/wp-json\/wp\/v2\/types\/post"}],"author":[{"embeddable":true,"href":"https:\/\/gastronomicament.cat\/ca\/wp-json\/wp\/v2\/users\/1"}],"replies":[{"embeddable":true,"href":"https:\/\/gastronomicament.cat\/ca\/wp-json\/wp\/v2\/comments?post=23246"}],"version-history":[{"count":0,"href":"https:\/\/gastronomicament.cat\/ca\/wp-json\/wp\/v2\/posts\/23246\/revisions"}],"wp:featuredmedia":[{"embeddable":true,"href":"https:\/\/gastronomicament.cat\/ca\/wp-json\/wp\/v2\/media\/23247"}],"wp:attachment":[{"href":"https:\/\/gastronomicament.cat\/ca\/wp-json\/wp\/v2\/media?parent=23246"}],"wp:term":[{"taxonomy":"category","embeddable":true,"href":"https:\/\/gastronomicament.cat\/ca\/wp-json\/wp\/v2\/categories?post=23246"},{"taxonomy":"post_tag","embeddable":true,"href":"https:\/\/gastronomicament.cat\/ca\/wp-json\/wp\/v2\/tags?post=23246"},{"taxonomy":"author","embeddable":true,"href":"https:\/\/gastronomicament.cat\/ca\/wp-json\/wp\/v2\/coauthors?post=23246"}],"curies":[{"name":"wp","href":"https:\/\/api.w.org\/{rel}","templated":true}]}}