{"id":23348,"date":"2019-01-02T21:07:28","date_gmt":"2019-01-02T20:07:28","guid":{"rendered":"https:\/\/gastronomicament.cat\/?p=23348"},"modified":"2022-04-07T11:13:09","modified_gmt":"2022-04-07T09:13:09","slug":"coleccio-privada-2015-qbq-2016-son-agullo-2016","status":"publish","type":"post","link":"https:\/\/gastronomicament.cat\/ca\/coleccio-privada-2015-qbq-2016-son-agullo-2016","title":{"rendered":"Colecci\u00f3 Privada 2015 &#8211; qbq 2016 &#8211; Son Agull\u00f3 2016"},"content":{"rendered":"<h4><strong>Colecci\u00f3 Privada 2015<br \/>\n<\/strong><\/h4>\n<p><a href=\"https:\/\/gastronomicament.cat\/wp-content\/uploads\/2019\/01\/Colleccio-Privada-2015-Macia-Batle.jpg\"><img decoding=\"async\" class=\"alignleft wp-image-23349 size-medium\" src=\"https:\/\/gastronomicament.cat\/wp-content\/uploads\/2019\/01\/Colleccio-Privada-2015-Macia-Batle-300x300.jpg\" alt=\"\" width=\"300\" height=\"300\" srcset=\"https:\/\/gastronomicament.cat\/wp-content\/uploads\/2019\/01\/Colleccio-Privada-2015-Macia-Batle-300x300.jpg 300w, https:\/\/gastronomicament.cat\/wp-content\/uploads\/2019\/01\/Colleccio-Privada-2015-Macia-Batle-150x150.jpg 150w, https:\/\/gastronomicament.cat\/wp-content\/uploads\/2019\/01\/Colleccio-Privada-2015-Macia-Batle-50x50.jpg 50w, https:\/\/gastronomicament.cat\/wp-content\/uploads\/2019\/01\/Colleccio-Privada-2015-Macia-Batle-650x650.jpg 650w, https:\/\/gastronomicament.cat\/wp-content\/uploads\/2019\/01\/Colleccio-Privada-2015-Macia-Batle-60x60.jpg 60w, https:\/\/gastronomicament.cat\/wp-content\/uploads\/2019\/01\/Colleccio-Privada-2015-Macia-Batle.jpg 708w\" sizes=\"(max-width: 300px) 100vw, 300px\" \/><\/a>\u00c9s l&#8217;emblema del celler Maci\u00e0 Batle, ja que \u00e9s fruit de la millor selecci\u00f3 del ra\u00efm de les seves vinyes. Hi trobareu un\u00a0coupage\u00a0en el qual la varietat Mantonegro, una de les aut\u00f2ctones de Mallorca hi predomina, amb un 40%, i es combina a parts iguals (un 20%) amb Cabernet Sauvignon, Sir\u00e0 i Merlot. T\u00e9 una crian\u00e7a de 36 mesos, 18 en bota de roure i 18 en botella. Cada any, un artista n&#8217;elabora l&#8217;etiqueta. En el cas de Col\u00b7lecci\u00f3 Privada 2015 \u00e9s a c\u00e0rrec del pintor alemany Markus Tollmann, que passa temporades residint a l&#8217;illa. Preu: 22 euros<\/p>\n<p>&nbsp;<\/p>\n<p>&nbsp;<\/p>\n<p>&nbsp;<\/p>\n<p>&nbsp;<\/p>\n<h4><b>qbq 2016<\/b><\/h4>\n<p><a href=\"https:\/\/gastronomicament.cat\/wp-content\/uploads\/2019\/01\/qbq-Miquel-Oliver-2016-Mallorca.jpg\"><img decoding=\"async\" class=\"alignleft wp-image-23350 size-medium\" src=\"https:\/\/gastronomicament.cat\/wp-content\/uploads\/2019\/01\/qbq-Miquel-Oliver-2016-Mallorca-300x300.jpg\" alt=\"\" width=\"300\" height=\"300\" srcset=\"https:\/\/gastronomicament.cat\/wp-content\/uploads\/2019\/01\/qbq-Miquel-Oliver-2016-Mallorca-300x300.jpg 300w, https:\/\/gastronomicament.cat\/wp-content\/uploads\/2019\/01\/qbq-Miquel-Oliver-2016-Mallorca-150x150.jpg 150w, https:\/\/gastronomicament.cat\/wp-content\/uploads\/2019\/01\/qbq-Miquel-Oliver-2016-Mallorca-50x50.jpg 50w, https:\/\/gastronomicament.cat\/wp-content\/uploads\/2019\/01\/qbq-Miquel-Oliver-2016-Mallorca-650x650.jpg 650w, https:\/\/gastronomicament.cat\/wp-content\/uploads\/2019\/01\/qbq-Miquel-Oliver-2016-Mallorca-60x60.jpg 60w, https:\/\/gastronomicament.cat\/wp-content\/uploads\/2019\/01\/qbq-Miquel-Oliver-2016-Mallorca.jpg 700w\" sizes=\"(max-width: 300px) 100vw, 300px\" \/><\/a><\/p>\n<p>El celler mallorqu\u00ed Miquel Oliver presenta aquest vi blanc de la varietat aut\u00f2ctona Gir\u00f3 Blanc, que es recol\u00b7lecta manualment. El nom del vi remet a les inicials de la frase &#8216;que\u00a0bo\u00a0que \u00e9s&#8217;.\u00a0 El vi compta amb la denominaci\u00f3 d&#8217;origen Pla i Llevant. Hi destaquen les aromes de fruites blanques. A la vista, \u00e9s brillant amb un toc verd, i en boca \u00e9s fresc i amb un intens final. Preu: 25 euros.<\/p>\n<p>&nbsp;<\/p>\n<p>&nbsp;<\/p>\n<p>&nbsp;<\/p>\n<p>&nbsp;<\/p>\n<h4><b>Son Agull\u00f3 2016<\/b><\/h4>\n<p><a href=\"https:\/\/gastronomicament.cat\/wp-content\/uploads\/2019\/01\/Son-Agullo-Can-Verdura-Viticultors.jpg\"><img decoding=\"async\" class=\"alignleft wp-image-23351 size-medium\" src=\"https:\/\/gastronomicament.cat\/wp-content\/uploads\/2019\/01\/Son-Agullo-Can-Verdura-Viticultors-300x300.jpg\" alt=\"\" width=\"300\" height=\"300\" srcset=\"https:\/\/gastronomicament.cat\/wp-content\/uploads\/2019\/01\/Son-Agullo-Can-Verdura-Viticultors-300x300.jpg 300w, https:\/\/gastronomicament.cat\/wp-content\/uploads\/2019\/01\/Son-Agullo-Can-Verdura-Viticultors-150x150.jpg 150w, https:\/\/gastronomicament.cat\/wp-content\/uploads\/2019\/01\/Son-Agullo-Can-Verdura-Viticultors-768x768.jpg 768w, https:\/\/gastronomicament.cat\/wp-content\/uploads\/2019\/01\/Son-Agullo-Can-Verdura-Viticultors-50x50.jpg 50w, https:\/\/gastronomicament.cat\/wp-content\/uploads\/2019\/01\/Son-Agullo-Can-Verdura-Viticultors-650x650.jpg 650w, https:\/\/gastronomicament.cat\/wp-content\/uploads\/2019\/01\/Son-Agullo-Can-Verdura-Viticultors-60x60.jpg 60w, https:\/\/gastronomicament.cat\/wp-content\/uploads\/2019\/01\/Son-Agullo-Can-Verdura-Viticultors.jpg 960w\" sizes=\"(max-width: 300px) 100vw, 300px\" \/><\/a><\/p>\n<p>Vi monovarietal, 100% Mantonegro. El vineter mallorqu\u00ed Tomeu Llabr\u00e9s, de Ca&#8217;n Verdura Viticultors, sempre ha reivindicat aquesta varietat aut\u00f2ctona de Mallorca, caracter\u00edstica dels vins de la DO Binissalem. Prov\u00e9 de les vinyes de la finca de Pla de Buc de Santa Maria del Cam\u00ed. T\u00e9 13 mesos de rep\u00f2s en bota de roure franc\u00e8s i reposat en cava 3 mesos m\u00e9s.\u00a0 Preu: 37,9 euros<\/p>\n<p>&nbsp;<\/p>\n","protected":false},"excerpt":{"rendered":"<p>Vin\u00edcola, la secci\u00f3 de vins i licors de Gastron\u00f2micament us ofereix una tria seleccionada de les&hellip;<\/p>\n","protected":false},"author":1,"featured_media":23352,"comment_status":"open","ping_status":"closed","sticky":false,"template":"","format":"standard","meta":{"_acf_changed":false,"_swt_meta_header_display":false,"_swt_meta_footer_display":false,"_swt_meta_site_title_display":false,"_swt_meta_sticky_header":false,"_swt_meta_transparent_header":false,"footnotes":""},"categories":[692,963],"tags":[],"coauthors":[],"class_list":["post-23348","post","type-post","status-publish","format-standard","has-post-thumbnail","hentry","category-actualitat","category-vinicola-actualitat"],"acf":{"gallery":null,"home_date":{"home_begin_date":null,"home_end_date":null}},"yoast_head":"<!-- This site is optimized with the Yoast SEO plugin v27.4 - https:\/\/yoast.com\/product\/yoast-seo-wordpress\/ -->\n<title>Colecci\u00f3 Privada 2015 - qbq 2016 - Son Agull\u00f3 2016 - Gastron\u00f2micament<\/title>\n<meta name=\"description\" content=\"Colecci\u00f3 Privada 2015 - qbq 2016 - Son Agull\u00f3 2016 Actualitat, Vin\u00edcola Vin\u00edcola, la secci\u00f3 de vins i licors de Gastron\u00f2micament us ofereix una tria seleccionada de les novetats i propostes m\u00e9s destacades de l&#039;actualitat.\" \/>\n<meta name=\"robots\" content=\"index, follow, max-snippet:-1, max-image-preview:large, max-video-preview:-1\" \/>\n<link rel=\"canonical\" href=\"https:\/\/gastronomicament.cat\/ca\/coleccio-privada-2015-qbq-2016-son-agullo-2016\" \/>\n<meta property=\"og:locale\" content=\"ca_ES\" \/>\n<meta property=\"og:type\" content=\"article\" \/>\n<meta property=\"og:title\" content=\"Colecci\u00f3 Privada 2015 - qbq 2016 - Son Agull\u00f3 2016 - Gastron\u00f2micament\" \/>\n<meta property=\"og:description\" content=\"Colecci\u00f3 Privada 2015 - qbq 2016 - Son Agull\u00f3 2016 Actualitat, Vin\u00edcola Vin\u00edcola, la secci\u00f3 de vins i licors de Gastron\u00f2micament us ofereix una tria seleccionada de les novetats i propostes m\u00e9s destacades de l&#039;actualitat.\" \/>\n<meta property=\"og:url\" content=\"https:\/\/gastronomicament.cat\/ca\/coleccio-privada-2015-qbq-2016-son-agullo-2016\" \/>\n<meta property=\"og:site_name\" content=\"Gastron\u00f2micament\" \/>\n<meta property=\"article:published_time\" content=\"2019-01-02T20:07:28+00:00\" \/>\n<meta property=\"article:modified_time\" content=\"2022-04-07T09:13:09+00:00\" \/>\n<meta property=\"og:image\" content=\"https:\/\/gastronomicament.cat\/wp-content\/uploads\/2019\/01\/vinicola-gener-2019.jpg\" \/>\n\t<meta property=\"og:image:width\" content=\"850\" \/>\n\t<meta property=\"og:image:height\" content=\"400\" \/>\n\t<meta property=\"og:image:type\" content=\"image\/jpeg\" \/>\n<meta name=\"author\" content=\"Redacci\u00f3\" \/>\n<meta name=\"twitter:card\" content=\"summary_large_image\" \/>\n<meta name=\"twitter:creator\" content=\"@gastronomicamen\" \/>\n<meta name=\"twitter:site\" content=\"@gastronomicamen\" \/>\n<meta name=\"twitter:label1\" content=\"Written by\" \/>\n\t<meta name=\"twitter:data1\" content=\"Redacci\u00f3\" \/>\n\t<meta name=\"twitter:label2\" content=\"Est. reading time\" \/>\n\t<meta name=\"twitter:data2\" content=\"1 minute\" \/>\n<script type=\"application\/ld+json\" class=\"yoast-schema-graph\">{\"@context\":\"https:\\\/\\\/schema.org\",\"@graph\":[{\"@type\":\"Article\",\"@id\":\"https:\\\/\\\/gastronomicament.cat\\\/ca\\\/coleccio-privada-2015-qbq-2016-son-agullo-2016#article\",\"isPartOf\":{\"@id\":\"https:\\\/\\\/gastronomicament.cat\\\/ca\\\/coleccio-privada-2015-qbq-2016-son-agullo-2016\"},\"author\":{\"name\":\"Redacci\u00f3\",\"@id\":\"https:\\\/\\\/gastronomicament.cat\\\/ca\\\/#\\\/schema\\\/person\\\/a7c85c537a1ed62799a5b8e0f686a37f\"},\"headline\":\"Colecci\u00f3 Privada 2015 &#8211; qbq 2016 &#8211; Son Agull\u00f3 2016\",\"datePublished\":\"2019-01-02T20:07:28+00:00\",\"dateModified\":\"2022-04-07T09:13:09+00:00\",\"mainEntityOfPage\":{\"@id\":\"https:\\\/\\\/gastronomicament.cat\\\/ca\\\/coleccio-privada-2015-qbq-2016-son-agullo-2016\"},\"wordCount\":259,\"commentCount\":0,\"publisher\":{\"@id\":\"https:\\\/\\\/gastronomicament.cat\\\/ca\\\/#organization\"},\"image\":{\"@id\":\"https:\\\/\\\/gastronomicament.cat\\\/ca\\\/coleccio-privada-2015-qbq-2016-son-agullo-2016#primaryimage\"},\"thumbnailUrl\":\"https:\\\/\\\/gastronomicament.cat\\\/wp-content\\\/uploads\\\/2019\\\/01\\\/vinicola-gener-2019.jpg\",\"articleSection\":[\"Actualitat\",\"Vin\u00edcola\"],\"inLanguage\":\"ca-ES\",\"potentialAction\":[{\"@type\":\"CommentAction\",\"name\":\"Comment\",\"target\":[\"https:\\\/\\\/gastronomicament.cat\\\/ca\\\/coleccio-privada-2015-qbq-2016-son-agullo-2016#respond\"]}]},{\"@type\":\"WebPage\",\"@id\":\"https:\\\/\\\/gastronomicament.cat\\\/ca\\\/coleccio-privada-2015-qbq-2016-son-agullo-2016\",\"url\":\"https:\\\/\\\/gastronomicament.cat\\\/ca\\\/coleccio-privada-2015-qbq-2016-son-agullo-2016\",\"name\":\"Colecci\u00f3 Privada 2015 - qbq 2016 - Son Agull\u00f3 2016 - Gastron\u00f2micament\",\"isPartOf\":{\"@id\":\"https:\\\/\\\/gastronomicament.cat\\\/ca\\\/#website\"},\"primaryImageOfPage\":{\"@id\":\"https:\\\/\\\/gastronomicament.cat\\\/ca\\\/coleccio-privada-2015-qbq-2016-son-agullo-2016#primaryimage\"},\"image\":{\"@id\":\"https:\\\/\\\/gastronomicament.cat\\\/ca\\\/coleccio-privada-2015-qbq-2016-son-agullo-2016#primaryimage\"},\"thumbnailUrl\":\"https:\\\/\\\/gastronomicament.cat\\\/wp-content\\\/uploads\\\/2019\\\/01\\\/vinicola-gener-2019.jpg\",\"datePublished\":\"2019-01-02T20:07:28+00:00\",\"dateModified\":\"2022-04-07T09:13:09+00:00\",\"description\":\"Colecci\u00f3 Privada 2015 - qbq 2016 - Son Agull\u00f3 2016 Actualitat, Vin\u00edcola Vin\u00edcola, la secci\u00f3 de vins i licors de Gastron\u00f2micament us ofereix una tria seleccionada de les novetats i propostes m\u00e9s destacades de l'actualitat.\",\"inLanguage\":\"ca-ES\",\"potentialAction\":[{\"@type\":\"ReadAction\",\"target\":[\"https:\\\/\\\/gastronomicament.cat\\\/ca\\\/coleccio-privada-2015-qbq-2016-son-agullo-2016\"]}]},{\"@type\":\"ImageObject\",\"inLanguage\":\"ca-ES\",\"@id\":\"https:\\\/\\\/gastronomicament.cat\\\/ca\\\/coleccio-privada-2015-qbq-2016-son-agullo-2016#primaryimage\",\"url\":\"https:\\\/\\\/gastronomicament.cat\\\/wp-content\\\/uploads\\\/2019\\\/01\\\/vinicola-gener-2019.jpg\",\"contentUrl\":\"https:\\\/\\\/gastronomicament.cat\\\/wp-content\\\/uploads\\\/2019\\\/01\\\/vinicola-gener-2019.jpg\",\"width\":850,\"height\":400},{\"@type\":\"WebSite\",\"@id\":\"https:\\\/\\\/gastronomicament.cat\\\/ca\\\/#website\",\"url\":\"https:\\\/\\\/gastronomicament.cat\\\/ca\\\/\",\"name\":\"Gastron\u00f2micament\",\"description\":\"Portal de restaurants, receptes i actualitat gastron\u00f2mica\",\"publisher\":{\"@id\":\"https:\\\/\\\/gastronomicament.cat\\\/ca\\\/#organization\"},\"potentialAction\":[{\"@type\":\"SearchAction\",\"target\":{\"@type\":\"EntryPoint\",\"urlTemplate\":\"https:\\\/\\\/gastronomicament.cat\\\/ca\\\/?s={search_term_string}\"},\"query-input\":{\"@type\":\"PropertyValueSpecification\",\"valueRequired\":true,\"valueName\":\"search_term_string\"}}],\"inLanguage\":\"ca-ES\"},{\"@type\":\"Organization\",\"@id\":\"https:\\\/\\\/gastronomicament.cat\\\/ca\\\/#organization\",\"name\":\"Gastron\u00f2micament\",\"url\":\"https:\\\/\\\/gastronomicament.cat\\\/ca\\\/\",\"logo\":{\"@type\":\"ImageObject\",\"inLanguage\":\"ca-ES\",\"@id\":\"https:\\\/\\\/gastronomicament.cat\\\/ca\\\/#\\\/schema\\\/logo\\\/image\\\/\",\"url\":\"https:\\\/\\\/gastronomicament.cat\\\/wp-content\\\/uploads\\\/2016\\\/09\\\/header-logo.jpg\",\"contentUrl\":\"https:\\\/\\\/gastronomicament.cat\\\/wp-content\\\/uploads\\\/2016\\\/09\\\/header-logo.jpg\",\"width\":277,\"height\":39,\"caption\":\"Gastron\u00f2micament\"},\"image\":{\"@id\":\"https:\\\/\\\/gastronomicament.cat\\\/ca\\\/#\\\/schema\\\/logo\\\/image\\\/\"},\"sameAs\":[\"https:\\\/\\\/x.com\\\/gastronomicamen\"]},{\"@type\":\"Person\",\"@id\":\"https:\\\/\\\/gastronomicament.cat\\\/ca\\\/#\\\/schema\\\/person\\\/a7c85c537a1ed62799a5b8e0f686a37f\",\"name\":\"Redacci\u00f3\",\"image\":{\"@type\":\"ImageObject\",\"inLanguage\":\"ca-ES\",\"@id\":\"https:\\\/\\\/secure.gravatar.com\\\/avatar\\\/9489a485c464fd611d33825daae651d13db70c4e74c65c94937a15a9d4c3ee14?s=96&d=mm&r=g69fea3cce3645dfa2166e7293e22955e\",\"url\":\"https:\\\/\\\/secure.gravatar.com\\\/avatar\\\/9489a485c464fd611d33825daae651d13db70c4e74c65c94937a15a9d4c3ee14?s=96&d=mm&r=g\",\"contentUrl\":\"https:\\\/\\\/secure.gravatar.com\\\/avatar\\\/9489a485c464fd611d33825daae651d13db70c4e74c65c94937a15a9d4c3ee14?s=96&d=mm&r=g\",\"caption\":\"Redacci\u00f3\"},\"sameAs\":[\"http:\\\/\\\/gastronomicament.cat\"],\"url\":\"https:\\\/\\\/gastronomicament.cat\\\/ca\\\/author\\\/admin\"}]}<\/script>\n<!-- \/ Yoast SEO plugin. -->","yoast_head_json":{"title":"Colecci\u00f3 Privada 2015 - qbq 2016 - Son Agull\u00f3 2016 - Gastron\u00f2micament","description":"Colecci\u00f3 Privada 2015 - qbq 2016 - Son Agull\u00f3 2016 Actualitat, Vin\u00edcola Vin\u00edcola, la secci\u00f3 de vins i licors de Gastron\u00f2micament us ofereix una tria seleccionada de les novetats i propostes m\u00e9s destacades de l'actualitat.","robots":{"index":"index","follow":"follow","max-snippet":"max-snippet:-1","max-image-preview":"max-image-preview:large","max-video-preview":"max-video-preview:-1"},"canonical":"https:\/\/gastronomicament.cat\/ca\/coleccio-privada-2015-qbq-2016-son-agullo-2016","og_locale":"ca_ES","og_type":"article","og_title":"Colecci\u00f3 Privada 2015 - qbq 2016 - Son Agull\u00f3 2016 - Gastron\u00f2micament","og_description":"Colecci\u00f3 Privada 2015 - qbq 2016 - Son Agull\u00f3 2016 Actualitat, Vin\u00edcola Vin\u00edcola, la secci\u00f3 de vins i licors de Gastron\u00f2micament us ofereix una tria seleccionada de les novetats i propostes m\u00e9s destacades de l'actualitat.","og_url":"https:\/\/gastronomicament.cat\/ca\/coleccio-privada-2015-qbq-2016-son-agullo-2016","og_site_name":"Gastron\u00f2micament","article_published_time":"2019-01-02T20:07:28+00:00","article_modified_time":"2022-04-07T09:13:09+00:00","og_image":[{"width":850,"height":400,"url":"https:\/\/gastronomicament.cat\/wp-content\/uploads\/2019\/01\/vinicola-gener-2019.jpg","type":"image\/jpeg"}],"author":"Redacci\u00f3","twitter_card":"summary_large_image","twitter_creator":"@gastronomicamen","twitter_site":"@gastronomicamen","twitter_misc":{"Written by":"Redacci\u00f3","Est. reading time":"1 minute"},"schema":{"@context":"https:\/\/schema.org","@graph":[{"@type":"Article","@id":"https:\/\/gastronomicament.cat\/ca\/coleccio-privada-2015-qbq-2016-son-agullo-2016#article","isPartOf":{"@id":"https:\/\/gastronomicament.cat\/ca\/coleccio-privada-2015-qbq-2016-son-agullo-2016"},"author":{"name":"Redacci\u00f3","@id":"https:\/\/gastronomicament.cat\/ca\/#\/schema\/person\/a7c85c537a1ed62799a5b8e0f686a37f"},"headline":"Colecci\u00f3 Privada 2015 &#8211; qbq 2016 &#8211; Son Agull\u00f3 2016","datePublished":"2019-01-02T20:07:28+00:00","dateModified":"2022-04-07T09:13:09+00:00","mainEntityOfPage":{"@id":"https:\/\/gastronomicament.cat\/ca\/coleccio-privada-2015-qbq-2016-son-agullo-2016"},"wordCount":259,"commentCount":0,"publisher":{"@id":"https:\/\/gastronomicament.cat\/ca\/#organization"},"image":{"@id":"https:\/\/gastronomicament.cat\/ca\/coleccio-privada-2015-qbq-2016-son-agullo-2016#primaryimage"},"thumbnailUrl":"https:\/\/gastronomicament.cat\/wp-content\/uploads\/2019\/01\/vinicola-gener-2019.jpg","articleSection":["Actualitat","Vin\u00edcola"],"inLanguage":"ca-ES","potentialAction":[{"@type":"CommentAction","name":"Comment","target":["https:\/\/gastronomicament.cat\/ca\/coleccio-privada-2015-qbq-2016-son-agullo-2016#respond"]}]},{"@type":"WebPage","@id":"https:\/\/gastronomicament.cat\/ca\/coleccio-privada-2015-qbq-2016-son-agullo-2016","url":"https:\/\/gastronomicament.cat\/ca\/coleccio-privada-2015-qbq-2016-son-agullo-2016","name":"Colecci\u00f3 Privada 2015 - qbq 2016 - Son Agull\u00f3 2016 - Gastron\u00f2micament","isPartOf":{"@id":"https:\/\/gastronomicament.cat\/ca\/#website"},"primaryImageOfPage":{"@id":"https:\/\/gastronomicament.cat\/ca\/coleccio-privada-2015-qbq-2016-son-agullo-2016#primaryimage"},"image":{"@id":"https:\/\/gastronomicament.cat\/ca\/coleccio-privada-2015-qbq-2016-son-agullo-2016#primaryimage"},"thumbnailUrl":"https:\/\/gastronomicament.cat\/wp-content\/uploads\/2019\/01\/vinicola-gener-2019.jpg","datePublished":"2019-01-02T20:07:28+00:00","dateModified":"2022-04-07T09:13:09+00:00","description":"Colecci\u00f3 Privada 2015 - qbq 2016 - Son Agull\u00f3 2016 Actualitat, Vin\u00edcola Vin\u00edcola, la secci\u00f3 de vins i licors de Gastron\u00f2micament us ofereix una tria seleccionada de les novetats i propostes m\u00e9s destacades de l'actualitat.","inLanguage":"ca-ES","potentialAction":[{"@type":"ReadAction","target":["https:\/\/gastronomicament.cat\/ca\/coleccio-privada-2015-qbq-2016-son-agullo-2016"]}]},{"@type":"ImageObject","inLanguage":"ca-ES","@id":"https:\/\/gastronomicament.cat\/ca\/coleccio-privada-2015-qbq-2016-son-agullo-2016#primaryimage","url":"https:\/\/gastronomicament.cat\/wp-content\/uploads\/2019\/01\/vinicola-gener-2019.jpg","contentUrl":"https:\/\/gastronomicament.cat\/wp-content\/uploads\/2019\/01\/vinicola-gener-2019.jpg","width":850,"height":400},{"@type":"WebSite","@id":"https:\/\/gastronomicament.cat\/ca\/#website","url":"https:\/\/gastronomicament.cat\/ca\/","name":"Gastron\u00f2micament","description":"Portal de restaurants, receptes i actualitat gastron\u00f2mica","publisher":{"@id":"https:\/\/gastronomicament.cat\/ca\/#organization"},"potentialAction":[{"@type":"SearchAction","target":{"@type":"EntryPoint","urlTemplate":"https:\/\/gastronomicament.cat\/ca\/?s={search_term_string}"},"query-input":{"@type":"PropertyValueSpecification","valueRequired":true,"valueName":"search_term_string"}}],"inLanguage":"ca-ES"},{"@type":"Organization","@id":"https:\/\/gastronomicament.cat\/ca\/#organization","name":"Gastron\u00f2micament","url":"https:\/\/gastronomicament.cat\/ca\/","logo":{"@type":"ImageObject","inLanguage":"ca-ES","@id":"https:\/\/gastronomicament.cat\/ca\/#\/schema\/logo\/image\/","url":"https:\/\/gastronomicament.cat\/wp-content\/uploads\/2016\/09\/header-logo.jpg","contentUrl":"https:\/\/gastronomicament.cat\/wp-content\/uploads\/2016\/09\/header-logo.jpg","width":277,"height":39,"caption":"Gastron\u00f2micament"},"image":{"@id":"https:\/\/gastronomicament.cat\/ca\/#\/schema\/logo\/image\/"},"sameAs":["https:\/\/x.com\/gastronomicamen"]},{"@type":"Person","@id":"https:\/\/gastronomicament.cat\/ca\/#\/schema\/person\/a7c85c537a1ed62799a5b8e0f686a37f","name":"Redacci\u00f3","image":{"@type":"ImageObject","inLanguage":"ca-ES","@id":"https:\/\/secure.gravatar.com\/avatar\/9489a485c464fd611d33825daae651d13db70c4e74c65c94937a15a9d4c3ee14?s=96&d=mm&r=g69fea3cce3645dfa2166e7293e22955e","url":"https:\/\/secure.gravatar.com\/avatar\/9489a485c464fd611d33825daae651d13db70c4e74c65c94937a15a9d4c3ee14?s=96&d=mm&r=g","contentUrl":"https:\/\/secure.gravatar.com\/avatar\/9489a485c464fd611d33825daae651d13db70c4e74c65c94937a15a9d4c3ee14?s=96&d=mm&r=g","caption":"Redacci\u00f3"},"sameAs":["http:\/\/gastronomicament.cat"],"url":"https:\/\/gastronomicament.cat\/ca\/author\/admin"}]}},"_links":{"self":[{"href":"https:\/\/gastronomicament.cat\/ca\/wp-json\/wp\/v2\/posts\/23348","targetHints":{"allow":["GET"]}}],"collection":[{"href":"https:\/\/gastronomicament.cat\/ca\/wp-json\/wp\/v2\/posts"}],"about":[{"href":"https:\/\/gastronomicament.cat\/ca\/wp-json\/wp\/v2\/types\/post"}],"author":[{"embeddable":true,"href":"https:\/\/gastronomicament.cat\/ca\/wp-json\/wp\/v2\/users\/1"}],"replies":[{"embeddable":true,"href":"https:\/\/gastronomicament.cat\/ca\/wp-json\/wp\/v2\/comments?post=23348"}],"version-history":[{"count":0,"href":"https:\/\/gastronomicament.cat\/ca\/wp-json\/wp\/v2\/posts\/23348\/revisions"}],"wp:featuredmedia":[{"embeddable":true,"href":"https:\/\/gastronomicament.cat\/ca\/wp-json\/wp\/v2\/media\/23352"}],"wp:attachment":[{"href":"https:\/\/gastronomicament.cat\/ca\/wp-json\/wp\/v2\/media?parent=23348"}],"wp:term":[{"taxonomy":"category","embeddable":true,"href":"https:\/\/gastronomicament.cat\/ca\/wp-json\/wp\/v2\/categories?post=23348"},{"taxonomy":"post_tag","embeddable":true,"href":"https:\/\/gastronomicament.cat\/ca\/wp-json\/wp\/v2\/tags?post=23348"},{"taxonomy":"author","embeddable":true,"href":"https:\/\/gastronomicament.cat\/ca\/wp-json\/wp\/v2\/coauthors?post=23348"}],"curies":[{"name":"wp","href":"https:\/\/api.w.org\/{rel}","templated":true}]}}