{"id":23443,"date":"2019-01-24T09:42:56","date_gmt":"2019-01-24T08:42:56","guid":{"rendered":"https:\/\/gastronomicament.cat\/?p=23443"},"modified":"2022-04-07T11:13:10","modified_gmt":"2022-04-07T09:13:10","slug":"lassociacio-de-forners-i-pastissers-de-les-illes-balears-participara-en-el-i-campionat-del-mon-del-pa-amb-oli","status":"publish","type":"post","link":"https:\/\/gastronomicament.cat\/ca\/lassociacio-de-forners-i-pastissers-de-les-illes-balears-participara-en-el-i-campionat-del-mon-del-pa-amb-oli","title":{"rendered":"L&#8217;Associaci\u00f3 de Forners i Pastissers de les Illes Balears participar\u00e0 en el I Campionat del M\u00f3n del Pa amb Oli"},"content":{"rendered":"<p>La pol\u00e8mica sembla haver acabat entre l&#8217;organitzaci\u00f3 del<a href=\"https:\/\/gastronomicament.cat\/es-convoca-el-1r-campionat-del-mon-de-pa-amb-oli\"><strong>\u00a0I Campionat del M\u00f3n de Pa amb Oli<\/strong>\u00a0<\/a>i el gremi de forners. El malestar va sorgir quan\u00a0<strong>Restauraci\u00f3 Mallorca\u00a0<\/strong>i l&#8217;<strong><a href=\"http:\/\/www.agenciacom.com\/\">Ag\u00e8ncia Com<\/a><\/strong>\u00a0va convocar aquest concurs sense comptar amb l&#8217;<strong>Associaci\u00f3 de Forners i Pastissers de les Illes Balears<\/strong>, tot i comptar amb un forner com a membre del jurat. Despr\u00e9s del malestar generat, l&#8217;organitzaci\u00f3 ha informat que els forners participaran en el I Campionat del M\u00f3n de Pa amb Oli<\/p>\n<p>El gerent del gremi de forners,\u00a0<strong>Pep Magraner<\/strong>, ha afirmat que els organitzadors tenen l&#8217;objectiu com\u00fa: &#8220;fomentar el pa amb oli als restaurants, bars i cafeteries amb els ingredients b\u00e0sics d&#8217;aquest plat tradicional, com s\u00f3n el pa pag\u00e8s i l&#8217;oli d&#8217;oliva&#8221;. A m\u00e9s, ha agra\u00eft la invitaci\u00f3 de l&#8217;organitzaci\u00f3 perqu\u00e8 els coneixements dels forners ajudaran a determinar els atributs essencials que ha de tenir el pa del millor pamboli del m\u00f3n&#8221;.<\/p>\n<p>Tot i aix\u00f2, cal comentar que no hi participa cap entitat relacionada amb l&#8217;oli d&#8217;oliva ni la tom\u00e0tiga, dos dels tres ingredients indispensables per confeccionar un pamboli a les Illes Balears.<\/p>\n<p><strong>ASCAIB tamb\u00e9 hi participa<\/strong><\/p>\n<p>L&#8217;Associaci\u00f3 de Cuiners Afincats a les Illes Balears (ASCAIB) tamb\u00e9 ser\u00e0 part de l&#8217;equip organitzatiu d&#8217;aquesta cita. Per participar-hi no cal pagar res, ja que la inscripci\u00f3 \u00e9s gratu\u00efta i podran participar-hi tots els restaurants de Mallorca, Menorca, Eivissa i Formentera, com\u00a0 tamb\u00e9 restaurants de tot el m\u00f3n. Consultau-ne les bases a:\u00a0<a href=\"https:\/\/gastronomicament.cat\/es-convoca-el-1r-campionat-del-mon-de-pa-amb-oli\">https:\/\/gastronomicament.cat\/es-convoca-el-1r-campionat-del-mon-de-pa-amb-oli<\/a><\/p>\n","protected":false},"excerpt":{"rendered":"<p>El gerent del gremi de forners,\u00a0Pep Magraner, ha afirmat que els organitzadors tenen l&#8217;objectiu com\u00fa<\/p>\n","protected":false},"author":1,"featured_media":23444,"comment_status":"open","ping_status":"closed","sticky":false,"template":"","format":"standard","meta":{"_acf_changed":false,"_swt_meta_header_display":false,"_swt_meta_footer_display":false,"_swt_meta_site_title_display":false,"_swt_meta_sticky_header":false,"_swt_meta_transparent_header":false,"footnotes":""},"categories":[692,953],"tags":[],"coauthors":[],"class_list":["post-23443","post","type-post","status-publish","format-standard","has-post-thumbnail","hentry","category-actualitat","category-concursos-i-premis"],"acf":{"gallery":null,"home_date":{"home_begin_date":null,"home_end_date":null}},"yoast_head":"<!-- This site is optimized with the Yoast SEO plugin v27.4 - https:\/\/yoast.com\/product\/yoast-seo-wordpress\/ -->\n<title>L&#039;Associaci\u00f3 de Forners i Pastissers de les Illes Balears participar\u00e0 en el I Campionat del M\u00f3n del Pa amb Oli - Gastron\u00f2micament<\/title>\n<meta name=\"description\" content=\"L&#039;Associaci\u00f3 de Forners i Pastissers de les Illes Balears participar\u00e0 en el I Campionat del M\u00f3n del Pa amb Oli Actualitat, Concursos i premis El gerent del gremi de forners,\u00a0Pep Magraner, ha afirmat que els organitzadors tenen l&#039;objectiu com\u00fa\" \/>\n<meta name=\"robots\" content=\"index, follow, max-snippet:-1, max-image-preview:large, max-video-preview:-1\" \/>\n<link rel=\"canonical\" href=\"https:\/\/gastronomicament.cat\/ca\/lassociacio-de-forners-i-pastissers-de-les-illes-balears-participara-en-el-i-campionat-del-mon-del-pa-amb-oli\" \/>\n<meta property=\"og:locale\" content=\"ca_ES\" \/>\n<meta property=\"og:type\" content=\"article\" \/>\n<meta property=\"og:title\" content=\"L&#039;Associaci\u00f3 de Forners i Pastissers de les Illes Balears participar\u00e0 en el I Campionat del M\u00f3n del Pa amb Oli - Gastron\u00f2micament\" \/>\n<meta property=\"og:description\" content=\"L&#039;Associaci\u00f3 de Forners i Pastissers de les Illes Balears participar\u00e0 en el I Campionat del M\u00f3n del Pa amb Oli Actualitat, Concursos i premis El gerent del gremi de forners,\u00a0Pep Magraner, ha afirmat que els organitzadors tenen l&#039;objectiu com\u00fa\" \/>\n<meta property=\"og:url\" content=\"https:\/\/gastronomicament.cat\/ca\/lassociacio-de-forners-i-pastissers-de-les-illes-balears-participara-en-el-i-campionat-del-mon-del-pa-amb-oli\" \/>\n<meta property=\"og:site_name\" content=\"Gastron\u00f2micament\" \/>\n<meta property=\"article:published_time\" content=\"2019-01-24T08:42:56+00:00\" \/>\n<meta property=\"article:modified_time\" content=\"2022-04-07T09:13:10+00:00\" \/>\n<meta property=\"og:image\" content=\"https:\/\/gastronomicament.cat\/wp-content\/uploads\/2019\/01\/Campionat-de-Pa-amb-Oli-2019.jpg\" \/>\n\t<meta property=\"og:image:width\" content=\"1200\" \/>\n\t<meta property=\"og:image:height\" content=\"677\" \/>\n\t<meta property=\"og:image:type\" content=\"image\/jpeg\" \/>\n<meta name=\"author\" content=\"Redacci\u00f3\" \/>\n<meta name=\"twitter:card\" content=\"summary_large_image\" \/>\n<meta name=\"twitter:creator\" content=\"@gastronomicamen\" \/>\n<meta name=\"twitter:site\" content=\"@gastronomicamen\" \/>\n<meta name=\"twitter:label1\" content=\"Written by\" \/>\n\t<meta name=\"twitter:data1\" content=\"Redacci\u00f3\" \/>\n\t<meta name=\"twitter:label2\" content=\"Est. reading time\" \/>\n\t<meta name=\"twitter:data2\" content=\"1 minute\" \/>\n<script type=\"application\/ld+json\" class=\"yoast-schema-graph\">{\"@context\":\"https:\\\/\\\/schema.org\",\"@graph\":[{\"@type\":\"Article\",\"@id\":\"https:\\\/\\\/gastronomicament.cat\\\/ca\\\/lassociacio-de-forners-i-pastissers-de-les-illes-balears-participara-en-el-i-campionat-del-mon-del-pa-amb-oli#article\",\"isPartOf\":{\"@id\":\"https:\\\/\\\/gastronomicament.cat\\\/ca\\\/lassociacio-de-forners-i-pastissers-de-les-illes-balears-participara-en-el-i-campionat-del-mon-del-pa-amb-oli\"},\"author\":{\"name\":\"Redacci\u00f3\",\"@id\":\"https:\\\/\\\/gastronomicament.cat\\\/ca\\\/#\\\/schema\\\/person\\\/a7c85c537a1ed62799a5b8e0f686a37f\"},\"headline\":\"L&#8217;Associaci\u00f3 de Forners i Pastissers de les Illes Balears participar\u00e0 en el I Campionat del M\u00f3n del Pa amb Oli\",\"datePublished\":\"2019-01-24T08:42:56+00:00\",\"dateModified\":\"2022-04-07T09:13:10+00:00\",\"mainEntityOfPage\":{\"@id\":\"https:\\\/\\\/gastronomicament.cat\\\/ca\\\/lassociacio-de-forners-i-pastissers-de-les-illes-balears-participara-en-el-i-campionat-del-mon-del-pa-amb-oli\"},\"wordCount\":278,\"commentCount\":0,\"publisher\":{\"@id\":\"https:\\\/\\\/gastronomicament.cat\\\/ca\\\/#organization\"},\"image\":{\"@id\":\"https:\\\/\\\/gastronomicament.cat\\\/ca\\\/lassociacio-de-forners-i-pastissers-de-les-illes-balears-participara-en-el-i-campionat-del-mon-del-pa-amb-oli#primaryimage\"},\"thumbnailUrl\":\"https:\\\/\\\/gastronomicament.cat\\\/wp-content\\\/uploads\\\/2019\\\/01\\\/Campionat-de-Pa-amb-Oli-2019.jpg\",\"articleSection\":[\"Actualitat\",\"Concursos i premis\"],\"inLanguage\":\"ca-ES\",\"potentialAction\":[{\"@type\":\"CommentAction\",\"name\":\"Comment\",\"target\":[\"https:\\\/\\\/gastronomicament.cat\\\/ca\\\/lassociacio-de-forners-i-pastissers-de-les-illes-balears-participara-en-el-i-campionat-del-mon-del-pa-amb-oli#respond\"]}]},{\"@type\":\"WebPage\",\"@id\":\"https:\\\/\\\/gastronomicament.cat\\\/ca\\\/lassociacio-de-forners-i-pastissers-de-les-illes-balears-participara-en-el-i-campionat-del-mon-del-pa-amb-oli\",\"url\":\"https:\\\/\\\/gastronomicament.cat\\\/ca\\\/lassociacio-de-forners-i-pastissers-de-les-illes-balears-participara-en-el-i-campionat-del-mon-del-pa-amb-oli\",\"name\":\"L'Associaci\u00f3 de Forners i Pastissers de les Illes Balears participar\u00e0 en el I Campionat del M\u00f3n del Pa amb Oli - Gastron\u00f2micament\",\"isPartOf\":{\"@id\":\"https:\\\/\\\/gastronomicament.cat\\\/ca\\\/#website\"},\"primaryImageOfPage\":{\"@id\":\"https:\\\/\\\/gastronomicament.cat\\\/ca\\\/lassociacio-de-forners-i-pastissers-de-les-illes-balears-participara-en-el-i-campionat-del-mon-del-pa-amb-oli#primaryimage\"},\"image\":{\"@id\":\"https:\\\/\\\/gastronomicament.cat\\\/ca\\\/lassociacio-de-forners-i-pastissers-de-les-illes-balears-participara-en-el-i-campionat-del-mon-del-pa-amb-oli#primaryimage\"},\"thumbnailUrl\":\"https:\\\/\\\/gastronomicament.cat\\\/wp-content\\\/uploads\\\/2019\\\/01\\\/Campionat-de-Pa-amb-Oli-2019.jpg\",\"datePublished\":\"2019-01-24T08:42:56+00:00\",\"dateModified\":\"2022-04-07T09:13:10+00:00\",\"description\":\"L'Associaci\u00f3 de Forners i Pastissers de les Illes Balears participar\u00e0 en el I Campionat del M\u00f3n del Pa amb Oli Actualitat, Concursos i premis El gerent del gremi de forners,\u00a0Pep Magraner, ha afirmat que els organitzadors tenen l'objectiu com\u00fa\",\"inLanguage\":\"ca-ES\",\"potentialAction\":[{\"@type\":\"ReadAction\",\"target\":[\"https:\\\/\\\/gastronomicament.cat\\\/ca\\\/lassociacio-de-forners-i-pastissers-de-les-illes-balears-participara-en-el-i-campionat-del-mon-del-pa-amb-oli\"]}]},{\"@type\":\"ImageObject\",\"inLanguage\":\"ca-ES\",\"@id\":\"https:\\\/\\\/gastronomicament.cat\\\/ca\\\/lassociacio-de-forners-i-pastissers-de-les-illes-balears-participara-en-el-i-campionat-del-mon-del-pa-amb-oli#primaryimage\",\"url\":\"https:\\\/\\\/gastronomicament.cat\\\/wp-content\\\/uploads\\\/2019\\\/01\\\/Campionat-de-Pa-amb-Oli-2019.jpg\",\"contentUrl\":\"https:\\\/\\\/gastronomicament.cat\\\/wp-content\\\/uploads\\\/2019\\\/01\\\/Campionat-de-Pa-amb-Oli-2019.jpg\",\"width\":1200,\"height\":677},{\"@type\":\"WebSite\",\"@id\":\"https:\\\/\\\/gastronomicament.cat\\\/ca\\\/#website\",\"url\":\"https:\\\/\\\/gastronomicament.cat\\\/ca\\\/\",\"name\":\"Gastron\u00f2micament\",\"description\":\"Portal de restaurants, receptes i actualitat gastron\u00f2mica\",\"publisher\":{\"@id\":\"https:\\\/\\\/gastronomicament.cat\\\/ca\\\/#organization\"},\"potentialAction\":[{\"@type\":\"SearchAction\",\"target\":{\"@type\":\"EntryPoint\",\"urlTemplate\":\"https:\\\/\\\/gastronomicament.cat\\\/ca\\\/?s={search_term_string}\"},\"query-input\":{\"@type\":\"PropertyValueSpecification\",\"valueRequired\":true,\"valueName\":\"search_term_string\"}}],\"inLanguage\":\"ca-ES\"},{\"@type\":\"Organization\",\"@id\":\"https:\\\/\\\/gastronomicament.cat\\\/ca\\\/#organization\",\"name\":\"Gastron\u00f2micament\",\"url\":\"https:\\\/\\\/gastronomicament.cat\\\/ca\\\/\",\"logo\":{\"@type\":\"ImageObject\",\"inLanguage\":\"ca-ES\",\"@id\":\"https:\\\/\\\/gastronomicament.cat\\\/ca\\\/#\\\/schema\\\/logo\\\/image\\\/\",\"url\":\"https:\\\/\\\/gastronomicament.cat\\\/wp-content\\\/uploads\\\/2016\\\/09\\\/header-logo.jpg\",\"contentUrl\":\"https:\\\/\\\/gastronomicament.cat\\\/wp-content\\\/uploads\\\/2016\\\/09\\\/header-logo.jpg\",\"width\":277,\"height\":39,\"caption\":\"Gastron\u00f2micament\"},\"image\":{\"@id\":\"https:\\\/\\\/gastronomicament.cat\\\/ca\\\/#\\\/schema\\\/logo\\\/image\\\/\"},\"sameAs\":[\"https:\\\/\\\/x.com\\\/gastronomicamen\"]},{\"@type\":\"Person\",\"@id\":\"https:\\\/\\\/gastronomicament.cat\\\/ca\\\/#\\\/schema\\\/person\\\/a7c85c537a1ed62799a5b8e0f686a37f\",\"name\":\"Redacci\u00f3\",\"image\":{\"@type\":\"ImageObject\",\"inLanguage\":\"ca-ES\",\"@id\":\"https:\\\/\\\/secure.gravatar.com\\\/avatar\\\/9489a485c464fd611d33825daae651d13db70c4e74c65c94937a15a9d4c3ee14?s=96&d=mm&r=g69fea3cce3645dfa2166e7293e22955e\",\"url\":\"https:\\\/\\\/secure.gravatar.com\\\/avatar\\\/9489a485c464fd611d33825daae651d13db70c4e74c65c94937a15a9d4c3ee14?s=96&d=mm&r=g\",\"contentUrl\":\"https:\\\/\\\/secure.gravatar.com\\\/avatar\\\/9489a485c464fd611d33825daae651d13db70c4e74c65c94937a15a9d4c3ee14?s=96&d=mm&r=g\",\"caption\":\"Redacci\u00f3\"},\"sameAs\":[\"http:\\\/\\\/gastronomicament.cat\"],\"url\":\"https:\\\/\\\/gastronomicament.cat\\\/ca\\\/author\\\/admin\"}]}<\/script>\n<!-- \/ Yoast SEO plugin. -->","yoast_head_json":{"title":"L'Associaci\u00f3 de Forners i Pastissers de les Illes Balears participar\u00e0 en el I Campionat del M\u00f3n del Pa amb Oli - Gastron\u00f2micament","description":"L'Associaci\u00f3 de Forners i Pastissers de les Illes Balears participar\u00e0 en el I Campionat del M\u00f3n del Pa amb Oli Actualitat, Concursos i premis El gerent del gremi de forners,\u00a0Pep Magraner, ha afirmat que els organitzadors tenen l'objectiu com\u00fa","robots":{"index":"index","follow":"follow","max-snippet":"max-snippet:-1","max-image-preview":"max-image-preview:large","max-video-preview":"max-video-preview:-1"},"canonical":"https:\/\/gastronomicament.cat\/ca\/lassociacio-de-forners-i-pastissers-de-les-illes-balears-participara-en-el-i-campionat-del-mon-del-pa-amb-oli","og_locale":"ca_ES","og_type":"article","og_title":"L'Associaci\u00f3 de Forners i Pastissers de les Illes Balears participar\u00e0 en el I Campionat del M\u00f3n del Pa amb Oli - Gastron\u00f2micament","og_description":"L'Associaci\u00f3 de Forners i Pastissers de les Illes Balears participar\u00e0 en el I Campionat del M\u00f3n del Pa amb Oli Actualitat, Concursos i premis El gerent del gremi de forners,\u00a0Pep Magraner, ha afirmat que els organitzadors tenen l'objectiu com\u00fa","og_url":"https:\/\/gastronomicament.cat\/ca\/lassociacio-de-forners-i-pastissers-de-les-illes-balears-participara-en-el-i-campionat-del-mon-del-pa-amb-oli","og_site_name":"Gastron\u00f2micament","article_published_time":"2019-01-24T08:42:56+00:00","article_modified_time":"2022-04-07T09:13:10+00:00","og_image":[{"width":1200,"height":677,"url":"https:\/\/gastronomicament.cat\/wp-content\/uploads\/2019\/01\/Campionat-de-Pa-amb-Oli-2019.jpg","type":"image\/jpeg"}],"author":"Redacci\u00f3","twitter_card":"summary_large_image","twitter_creator":"@gastronomicamen","twitter_site":"@gastronomicamen","twitter_misc":{"Written by":"Redacci\u00f3","Est. reading time":"1 minute"},"schema":{"@context":"https:\/\/schema.org","@graph":[{"@type":"Article","@id":"https:\/\/gastronomicament.cat\/ca\/lassociacio-de-forners-i-pastissers-de-les-illes-balears-participara-en-el-i-campionat-del-mon-del-pa-amb-oli#article","isPartOf":{"@id":"https:\/\/gastronomicament.cat\/ca\/lassociacio-de-forners-i-pastissers-de-les-illes-balears-participara-en-el-i-campionat-del-mon-del-pa-amb-oli"},"author":{"name":"Redacci\u00f3","@id":"https:\/\/gastronomicament.cat\/ca\/#\/schema\/person\/a7c85c537a1ed62799a5b8e0f686a37f"},"headline":"L&#8217;Associaci\u00f3 de Forners i Pastissers de les Illes Balears participar\u00e0 en el I Campionat del M\u00f3n del Pa amb Oli","datePublished":"2019-01-24T08:42:56+00:00","dateModified":"2022-04-07T09:13:10+00:00","mainEntityOfPage":{"@id":"https:\/\/gastronomicament.cat\/ca\/lassociacio-de-forners-i-pastissers-de-les-illes-balears-participara-en-el-i-campionat-del-mon-del-pa-amb-oli"},"wordCount":278,"commentCount":0,"publisher":{"@id":"https:\/\/gastronomicament.cat\/ca\/#organization"},"image":{"@id":"https:\/\/gastronomicament.cat\/ca\/lassociacio-de-forners-i-pastissers-de-les-illes-balears-participara-en-el-i-campionat-del-mon-del-pa-amb-oli#primaryimage"},"thumbnailUrl":"https:\/\/gastronomicament.cat\/wp-content\/uploads\/2019\/01\/Campionat-de-Pa-amb-Oli-2019.jpg","articleSection":["Actualitat","Concursos i premis"],"inLanguage":"ca-ES","potentialAction":[{"@type":"CommentAction","name":"Comment","target":["https:\/\/gastronomicament.cat\/ca\/lassociacio-de-forners-i-pastissers-de-les-illes-balears-participara-en-el-i-campionat-del-mon-del-pa-amb-oli#respond"]}]},{"@type":"WebPage","@id":"https:\/\/gastronomicament.cat\/ca\/lassociacio-de-forners-i-pastissers-de-les-illes-balears-participara-en-el-i-campionat-del-mon-del-pa-amb-oli","url":"https:\/\/gastronomicament.cat\/ca\/lassociacio-de-forners-i-pastissers-de-les-illes-balears-participara-en-el-i-campionat-del-mon-del-pa-amb-oli","name":"L'Associaci\u00f3 de Forners i Pastissers de les Illes Balears participar\u00e0 en el I Campionat del M\u00f3n del Pa amb Oli - Gastron\u00f2micament","isPartOf":{"@id":"https:\/\/gastronomicament.cat\/ca\/#website"},"primaryImageOfPage":{"@id":"https:\/\/gastronomicament.cat\/ca\/lassociacio-de-forners-i-pastissers-de-les-illes-balears-participara-en-el-i-campionat-del-mon-del-pa-amb-oli#primaryimage"},"image":{"@id":"https:\/\/gastronomicament.cat\/ca\/lassociacio-de-forners-i-pastissers-de-les-illes-balears-participara-en-el-i-campionat-del-mon-del-pa-amb-oli#primaryimage"},"thumbnailUrl":"https:\/\/gastronomicament.cat\/wp-content\/uploads\/2019\/01\/Campionat-de-Pa-amb-Oli-2019.jpg","datePublished":"2019-01-24T08:42:56+00:00","dateModified":"2022-04-07T09:13:10+00:00","description":"L'Associaci\u00f3 de Forners i Pastissers de les Illes Balears participar\u00e0 en el I Campionat del M\u00f3n del Pa amb Oli Actualitat, Concursos i premis El gerent del gremi de forners,\u00a0Pep Magraner, ha afirmat que els organitzadors tenen l'objectiu com\u00fa","inLanguage":"ca-ES","potentialAction":[{"@type":"ReadAction","target":["https:\/\/gastronomicament.cat\/ca\/lassociacio-de-forners-i-pastissers-de-les-illes-balears-participara-en-el-i-campionat-del-mon-del-pa-amb-oli"]}]},{"@type":"ImageObject","inLanguage":"ca-ES","@id":"https:\/\/gastronomicament.cat\/ca\/lassociacio-de-forners-i-pastissers-de-les-illes-balears-participara-en-el-i-campionat-del-mon-del-pa-amb-oli#primaryimage","url":"https:\/\/gastronomicament.cat\/wp-content\/uploads\/2019\/01\/Campionat-de-Pa-amb-Oli-2019.jpg","contentUrl":"https:\/\/gastronomicament.cat\/wp-content\/uploads\/2019\/01\/Campionat-de-Pa-amb-Oli-2019.jpg","width":1200,"height":677},{"@type":"WebSite","@id":"https:\/\/gastronomicament.cat\/ca\/#website","url":"https:\/\/gastronomicament.cat\/ca\/","name":"Gastron\u00f2micament","description":"Portal de restaurants, receptes i actualitat gastron\u00f2mica","publisher":{"@id":"https:\/\/gastronomicament.cat\/ca\/#organization"},"potentialAction":[{"@type":"SearchAction","target":{"@type":"EntryPoint","urlTemplate":"https:\/\/gastronomicament.cat\/ca\/?s={search_term_string}"},"query-input":{"@type":"PropertyValueSpecification","valueRequired":true,"valueName":"search_term_string"}}],"inLanguage":"ca-ES"},{"@type":"Organization","@id":"https:\/\/gastronomicament.cat\/ca\/#organization","name":"Gastron\u00f2micament","url":"https:\/\/gastronomicament.cat\/ca\/","logo":{"@type":"ImageObject","inLanguage":"ca-ES","@id":"https:\/\/gastronomicament.cat\/ca\/#\/schema\/logo\/image\/","url":"https:\/\/gastronomicament.cat\/wp-content\/uploads\/2016\/09\/header-logo.jpg","contentUrl":"https:\/\/gastronomicament.cat\/wp-content\/uploads\/2016\/09\/header-logo.jpg","width":277,"height":39,"caption":"Gastron\u00f2micament"},"image":{"@id":"https:\/\/gastronomicament.cat\/ca\/#\/schema\/logo\/image\/"},"sameAs":["https:\/\/x.com\/gastronomicamen"]},{"@type":"Person","@id":"https:\/\/gastronomicament.cat\/ca\/#\/schema\/person\/a7c85c537a1ed62799a5b8e0f686a37f","name":"Redacci\u00f3","image":{"@type":"ImageObject","inLanguage":"ca-ES","@id":"https:\/\/secure.gravatar.com\/avatar\/9489a485c464fd611d33825daae651d13db70c4e74c65c94937a15a9d4c3ee14?s=96&d=mm&r=g69fea3cce3645dfa2166e7293e22955e","url":"https:\/\/secure.gravatar.com\/avatar\/9489a485c464fd611d33825daae651d13db70c4e74c65c94937a15a9d4c3ee14?s=96&d=mm&r=g","contentUrl":"https:\/\/secure.gravatar.com\/avatar\/9489a485c464fd611d33825daae651d13db70c4e74c65c94937a15a9d4c3ee14?s=96&d=mm&r=g","caption":"Redacci\u00f3"},"sameAs":["http:\/\/gastronomicament.cat"],"url":"https:\/\/gastronomicament.cat\/ca\/author\/admin"}]}},"_links":{"self":[{"href":"https:\/\/gastronomicament.cat\/ca\/wp-json\/wp\/v2\/posts\/23443","targetHints":{"allow":["GET"]}}],"collection":[{"href":"https:\/\/gastronomicament.cat\/ca\/wp-json\/wp\/v2\/posts"}],"about":[{"href":"https:\/\/gastronomicament.cat\/ca\/wp-json\/wp\/v2\/types\/post"}],"author":[{"embeddable":true,"href":"https:\/\/gastronomicament.cat\/ca\/wp-json\/wp\/v2\/users\/1"}],"replies":[{"embeddable":true,"href":"https:\/\/gastronomicament.cat\/ca\/wp-json\/wp\/v2\/comments?post=23443"}],"version-history":[{"count":0,"href":"https:\/\/gastronomicament.cat\/ca\/wp-json\/wp\/v2\/posts\/23443\/revisions"}],"wp:featuredmedia":[{"embeddable":true,"href":"https:\/\/gastronomicament.cat\/ca\/wp-json\/wp\/v2\/media\/23444"}],"wp:attachment":[{"href":"https:\/\/gastronomicament.cat\/ca\/wp-json\/wp\/v2\/media?parent=23443"}],"wp:term":[{"taxonomy":"category","embeddable":true,"href":"https:\/\/gastronomicament.cat\/ca\/wp-json\/wp\/v2\/categories?post=23443"},{"taxonomy":"post_tag","embeddable":true,"href":"https:\/\/gastronomicament.cat\/ca\/wp-json\/wp\/v2\/tags?post=23443"},{"taxonomy":"author","embeddable":true,"href":"https:\/\/gastronomicament.cat\/ca\/wp-json\/wp\/v2\/coauthors?post=23443"}],"curies":[{"name":"wp","href":"https:\/\/api.w.org\/{rel}","templated":true}]}}