{"id":23602,"date":"2019-02-22T13:32:49","date_gmt":"2019-02-22T12:32:49","guid":{"rendered":"https:\/\/gastronomicament.cat\/?p=23602"},"modified":"2022-04-07T11:13:18","modified_gmt":"2022-04-07T09:13:18","slug":"oli-de-mallorca-celebra-amb-exit-la-nit-de-loli","status":"publish","type":"post","link":"https:\/\/gastronomicament.cat\/ca\/oli-de-mallorca-celebra-amb-exit-la-nit-de-loli","title":{"rendered":"Oli de Mallorca celebra amb \u00e8xit la Nit de l&#8217;Oli"},"content":{"rendered":"<p>L\u2019Aljub d\u2019Es Baluard acoll\u00ed dia 20 de febrer la Nit de l\u2019Oli, presentaci\u00f3 dels olis d\u2019oliva verge extra de la DO Oli de Mallorca de la campanya 2018-2019.<\/p>\n<p>Aquesta quarta edici\u00f3 va reunir a vint-i-un elaboradors inscrits a la denominaci\u00f3 d\u2019origen els quals donaren a con\u00e8ixer els seus sucs d\u2019oliva als prop de tres centenars de persones que passaren per l\u2019Aljub.<\/p>\n<p>Durant la presentaci\u00f3 la DO Oli de Mallorca va lliurar els diplomes de reconeixement als elaboradors guardonats a cert\u00e0mens nacionals i internacionals que premien els olis d\u2019oliva verge extra de qualitat, distinci\u00f3 que varen rebre la Cooperativa de S\u00f3ller, Son Catiu i Es Roquissar de mans del president del Consell de Mallorca, Miquel Ensenyat; el conseller de Medi Ambient, Agricultura i Pesca, Vicen\u00e7 Vidal i el president de la DO Oli de Mallorca, Sebasti\u00e0 Solivellas.<\/p>\n<p>A l\u2019acte tamb\u00e9 hi assistiren el conseller insular d\u2019Economia i Hisenda, Cosme Bonet i el director insular de Foment de l\u2019Economia Local, Lluis Socias.<\/p>\n<p>Els oliers participants a la presentaci\u00f3 foren Aubocassa, Roqueta, Treurer, Solivellas, Son Catiu, Olis S\u00f3ller, Son Mesquidassa, Es Verger, Ullar\u00f3, Verderol, Es Convent, Reis de Mallorca, Son Mir, Oli d\u2019Es Pla, Oli d\u2019Es Mirant, Oli Moix, Son Valls, Oli Son Nadal, Sa Cadernera, Desinenter, 7 Empelts<\/p>\n","protected":false},"excerpt":{"rendered":"<p>L\u2019Aljub d\u2019Es Baluard acoll\u00ed dia 20 de febrer la Nit de l\u2019Oli, presentaci\u00f3 dels olis d\u2019oliva&hellip;<\/p>\n","protected":false},"author":1,"featured_media":23605,"comment_status":"open","ping_status":"closed","sticky":false,"template":"","format":"gallery","meta":{"_acf_changed":false,"_swt_meta_header_display":false,"_swt_meta_footer_display":false,"_swt_meta_site_title_display":false,"_swt_meta_sticky_header":false,"_swt_meta_transparent_header":false,"footnotes":""},"categories":[692,954],"tags":[],"coauthors":[],"class_list":["post-23602","post","type-post","status-publish","format-gallery","has-post-thumbnail","hentry","category-actualitat","category-fires-i-rutes","post_format-post-format-gallery"],"acf":{"gallery":null,"home_date":{"home_begin_date":null,"home_end_date":null}},"yoast_head":"<!-- This site is optimized with the Yoast SEO plugin v27.4 - https:\/\/yoast.com\/product\/yoast-seo-wordpress\/ -->\n<title>Oli de Mallorca celebra amb \u00e8xit la Nit de l&#039;Oli - Gastron\u00f2micament<\/title>\n<meta name=\"description\" content=\"Oli de Mallorca celebra amb \u00e8xit la Nit de l&#039;Oli Actualitat, Fires i rutes L\u2019Aljub d\u2019Es Baluard acoll\u00ed dia 20 de febrer la Nit de l\u2019Oli, presentaci\u00f3 dels olis d\u2019oliva verge extra de la DO Oli de Mallorca de la campanya 2018-2019.\" \/>\n<meta name=\"robots\" content=\"index, follow, max-snippet:-1, max-image-preview:large, max-video-preview:-1\" \/>\n<link rel=\"canonical\" href=\"https:\/\/gastronomicament.cat\/ca\/oli-de-mallorca-celebra-amb-exit-la-nit-de-loli\" \/>\n<meta property=\"og:locale\" content=\"ca_ES\" \/>\n<meta property=\"og:type\" content=\"article\" \/>\n<meta property=\"og:title\" content=\"Oli de Mallorca celebra amb \u00e8xit la Nit de l&#039;Oli - Gastron\u00f2micament\" \/>\n<meta property=\"og:description\" content=\"Oli de Mallorca celebra amb \u00e8xit la Nit de l&#039;Oli Actualitat, Fires i rutes L\u2019Aljub d\u2019Es Baluard acoll\u00ed dia 20 de febrer la Nit de l\u2019Oli, presentaci\u00f3 dels olis d\u2019oliva verge extra de la DO Oli de Mallorca de la campanya 2018-2019.\" \/>\n<meta property=\"og:url\" content=\"https:\/\/gastronomicament.cat\/ca\/oli-de-mallorca-celebra-amb-exit-la-nit-de-loli\" \/>\n<meta property=\"og:site_name\" content=\"Gastron\u00f2micament\" \/>\n<meta property=\"article:published_time\" content=\"2019-02-22T12:32:49+00:00\" \/>\n<meta property=\"article:modified_time\" content=\"2022-04-07T09:13:18+00:00\" \/>\n<meta property=\"og:image\" content=\"https:\/\/gastronomicament.cat\/wp-content\/uploads\/2019\/02\/Nit-de-lOli-lliurament-diplomes.jpg\" \/>\n\t<meta property=\"og:image:width\" content=\"1200\" \/>\n\t<meta property=\"og:image:height\" content=\"904\" \/>\n\t<meta property=\"og:image:type\" content=\"image\/jpeg\" \/>\n<meta name=\"author\" content=\"Redacci\u00f3\" \/>\n<meta name=\"twitter:card\" content=\"summary_large_image\" \/>\n<meta name=\"twitter:creator\" content=\"@gastronomicamen\" \/>\n<meta name=\"twitter:site\" content=\"@gastronomicamen\" \/>\n<meta name=\"twitter:label1\" content=\"Written by\" \/>\n\t<meta name=\"twitter:data1\" content=\"Redacci\u00f3\" \/>\n\t<meta name=\"twitter:label2\" content=\"Est. reading time\" \/>\n\t<meta name=\"twitter:data2\" content=\"1 minute\" \/>\n<script type=\"application\/ld+json\" class=\"yoast-schema-graph\">{\"@context\":\"https:\\\/\\\/schema.org\",\"@graph\":[{\"@type\":\"Article\",\"@id\":\"https:\\\/\\\/gastronomicament.cat\\\/ca\\\/oli-de-mallorca-celebra-amb-exit-la-nit-de-loli#article\",\"isPartOf\":{\"@id\":\"https:\\\/\\\/gastronomicament.cat\\\/ca\\\/oli-de-mallorca-celebra-amb-exit-la-nit-de-loli\"},\"author\":{\"name\":\"Redacci\u00f3\",\"@id\":\"https:\\\/\\\/gastronomicament.cat\\\/ca\\\/#\\\/schema\\\/person\\\/a7c85c537a1ed62799a5b8e0f686a37f\"},\"headline\":\"Oli de Mallorca celebra amb \u00e8xit la Nit de l&#8217;Oli\",\"datePublished\":\"2019-02-22T12:32:49+00:00\",\"dateModified\":\"2022-04-07T09:13:18+00:00\",\"mainEntityOfPage\":{\"@id\":\"https:\\\/\\\/gastronomicament.cat\\\/ca\\\/oli-de-mallorca-celebra-amb-exit-la-nit-de-loli\"},\"wordCount\":231,\"commentCount\":0,\"publisher\":{\"@id\":\"https:\\\/\\\/gastronomicament.cat\\\/ca\\\/#organization\"},\"image\":{\"@id\":\"https:\\\/\\\/gastronomicament.cat\\\/ca\\\/oli-de-mallorca-celebra-amb-exit-la-nit-de-loli#primaryimage\"},\"thumbnailUrl\":\"https:\\\/\\\/gastronomicament.cat\\\/wp-content\\\/uploads\\\/2019\\\/02\\\/Nit-de-lOli-lliurament-diplomes.jpg\",\"articleSection\":[\"Actualitat\",\"Fires i rutes\"],\"inLanguage\":\"ca-ES\",\"potentialAction\":[{\"@type\":\"CommentAction\",\"name\":\"Comment\",\"target\":[\"https:\\\/\\\/gastronomicament.cat\\\/ca\\\/oli-de-mallorca-celebra-amb-exit-la-nit-de-loli#respond\"]}]},{\"@type\":\"WebPage\",\"@id\":\"https:\\\/\\\/gastronomicament.cat\\\/ca\\\/oli-de-mallorca-celebra-amb-exit-la-nit-de-loli\",\"url\":\"https:\\\/\\\/gastronomicament.cat\\\/ca\\\/oli-de-mallorca-celebra-amb-exit-la-nit-de-loli\",\"name\":\"Oli de Mallorca celebra amb \u00e8xit la Nit de l'Oli - Gastron\u00f2micament\",\"isPartOf\":{\"@id\":\"https:\\\/\\\/gastronomicament.cat\\\/ca\\\/#website\"},\"primaryImageOfPage\":{\"@id\":\"https:\\\/\\\/gastronomicament.cat\\\/ca\\\/oli-de-mallorca-celebra-amb-exit-la-nit-de-loli#primaryimage\"},\"image\":{\"@id\":\"https:\\\/\\\/gastronomicament.cat\\\/ca\\\/oli-de-mallorca-celebra-amb-exit-la-nit-de-loli#primaryimage\"},\"thumbnailUrl\":\"https:\\\/\\\/gastronomicament.cat\\\/wp-content\\\/uploads\\\/2019\\\/02\\\/Nit-de-lOli-lliurament-diplomes.jpg\",\"datePublished\":\"2019-02-22T12:32:49+00:00\",\"dateModified\":\"2022-04-07T09:13:18+00:00\",\"description\":\"Oli de Mallorca celebra amb \u00e8xit la Nit de l'Oli Actualitat, Fires i rutes L\u2019Aljub d\u2019Es Baluard acoll\u00ed dia 20 de febrer la Nit de l\u2019Oli, presentaci\u00f3 dels olis d\u2019oliva verge extra de la DO Oli de Mallorca de la campanya 2018-2019.\",\"inLanguage\":\"ca-ES\",\"potentialAction\":[{\"@type\":\"ReadAction\",\"target\":[\"https:\\\/\\\/gastronomicament.cat\\\/ca\\\/oli-de-mallorca-celebra-amb-exit-la-nit-de-loli\"]}]},{\"@type\":\"ImageObject\",\"inLanguage\":\"ca-ES\",\"@id\":\"https:\\\/\\\/gastronomicament.cat\\\/ca\\\/oli-de-mallorca-celebra-amb-exit-la-nit-de-loli#primaryimage\",\"url\":\"https:\\\/\\\/gastronomicament.cat\\\/wp-content\\\/uploads\\\/2019\\\/02\\\/Nit-de-lOli-lliurament-diplomes.jpg\",\"contentUrl\":\"https:\\\/\\\/gastronomicament.cat\\\/wp-content\\\/uploads\\\/2019\\\/02\\\/Nit-de-lOli-lliurament-diplomes.jpg\",\"width\":1200,\"height\":904},{\"@type\":\"WebSite\",\"@id\":\"https:\\\/\\\/gastronomicament.cat\\\/ca\\\/#website\",\"url\":\"https:\\\/\\\/gastronomicament.cat\\\/ca\\\/\",\"name\":\"Gastron\u00f2micament\",\"description\":\"Portal de restaurants, receptes i actualitat gastron\u00f2mica\",\"publisher\":{\"@id\":\"https:\\\/\\\/gastronomicament.cat\\\/ca\\\/#organization\"},\"potentialAction\":[{\"@type\":\"SearchAction\",\"target\":{\"@type\":\"EntryPoint\",\"urlTemplate\":\"https:\\\/\\\/gastronomicament.cat\\\/ca\\\/?s={search_term_string}\"},\"query-input\":{\"@type\":\"PropertyValueSpecification\",\"valueRequired\":true,\"valueName\":\"search_term_string\"}}],\"inLanguage\":\"ca-ES\"},{\"@type\":\"Organization\",\"@id\":\"https:\\\/\\\/gastronomicament.cat\\\/ca\\\/#organization\",\"name\":\"Gastron\u00f2micament\",\"url\":\"https:\\\/\\\/gastronomicament.cat\\\/ca\\\/\",\"logo\":{\"@type\":\"ImageObject\",\"inLanguage\":\"ca-ES\",\"@id\":\"https:\\\/\\\/gastronomicament.cat\\\/ca\\\/#\\\/schema\\\/logo\\\/image\\\/\",\"url\":\"https:\\\/\\\/gastronomicament.cat\\\/wp-content\\\/uploads\\\/2016\\\/09\\\/header-logo.jpg\",\"contentUrl\":\"https:\\\/\\\/gastronomicament.cat\\\/wp-content\\\/uploads\\\/2016\\\/09\\\/header-logo.jpg\",\"width\":277,\"height\":39,\"caption\":\"Gastron\u00f2micament\"},\"image\":{\"@id\":\"https:\\\/\\\/gastronomicament.cat\\\/ca\\\/#\\\/schema\\\/logo\\\/image\\\/\"},\"sameAs\":[\"https:\\\/\\\/x.com\\\/gastronomicamen\"]},{\"@type\":\"Person\",\"@id\":\"https:\\\/\\\/gastronomicament.cat\\\/ca\\\/#\\\/schema\\\/person\\\/a7c85c537a1ed62799a5b8e0f686a37f\",\"name\":\"Redacci\u00f3\",\"image\":{\"@type\":\"ImageObject\",\"inLanguage\":\"ca-ES\",\"@id\":\"https:\\\/\\\/secure.gravatar.com\\\/avatar\\\/9489a485c464fd611d33825daae651d13db70c4e74c65c94937a15a9d4c3ee14?s=96&d=mm&r=g69fea3cce3645dfa2166e7293e22955e\",\"url\":\"https:\\\/\\\/secure.gravatar.com\\\/avatar\\\/9489a485c464fd611d33825daae651d13db70c4e74c65c94937a15a9d4c3ee14?s=96&d=mm&r=g\",\"contentUrl\":\"https:\\\/\\\/secure.gravatar.com\\\/avatar\\\/9489a485c464fd611d33825daae651d13db70c4e74c65c94937a15a9d4c3ee14?s=96&d=mm&r=g\",\"caption\":\"Redacci\u00f3\"},\"sameAs\":[\"http:\\\/\\\/gastronomicament.cat\"],\"url\":\"https:\\\/\\\/gastronomicament.cat\\\/ca\\\/author\\\/admin\"}]}<\/script>\n<!-- \/ Yoast SEO plugin. -->","yoast_head_json":{"title":"Oli de Mallorca celebra amb \u00e8xit la Nit de l'Oli - Gastron\u00f2micament","description":"Oli de Mallorca celebra amb \u00e8xit la Nit de l'Oli Actualitat, Fires i rutes L\u2019Aljub d\u2019Es Baluard acoll\u00ed dia 20 de febrer la Nit de l\u2019Oli, presentaci\u00f3 dels olis d\u2019oliva verge extra de la DO Oli de Mallorca de la campanya 2018-2019.","robots":{"index":"index","follow":"follow","max-snippet":"max-snippet:-1","max-image-preview":"max-image-preview:large","max-video-preview":"max-video-preview:-1"},"canonical":"https:\/\/gastronomicament.cat\/ca\/oli-de-mallorca-celebra-amb-exit-la-nit-de-loli","og_locale":"ca_ES","og_type":"article","og_title":"Oli de Mallorca celebra amb \u00e8xit la Nit de l'Oli - Gastron\u00f2micament","og_description":"Oli de Mallorca celebra amb \u00e8xit la Nit de l'Oli Actualitat, Fires i rutes L\u2019Aljub d\u2019Es Baluard acoll\u00ed dia 20 de febrer la Nit de l\u2019Oli, presentaci\u00f3 dels olis d\u2019oliva verge extra de la DO Oli de Mallorca de la campanya 2018-2019.","og_url":"https:\/\/gastronomicament.cat\/ca\/oli-de-mallorca-celebra-amb-exit-la-nit-de-loli","og_site_name":"Gastron\u00f2micament","article_published_time":"2019-02-22T12:32:49+00:00","article_modified_time":"2022-04-07T09:13:18+00:00","og_image":[{"width":1200,"height":904,"url":"https:\/\/gastronomicament.cat\/wp-content\/uploads\/2019\/02\/Nit-de-lOli-lliurament-diplomes.jpg","type":"image\/jpeg"}],"author":"Redacci\u00f3","twitter_card":"summary_large_image","twitter_creator":"@gastronomicamen","twitter_site":"@gastronomicamen","twitter_misc":{"Written by":"Redacci\u00f3","Est. reading time":"1 minute"},"schema":{"@context":"https:\/\/schema.org","@graph":[{"@type":"Article","@id":"https:\/\/gastronomicament.cat\/ca\/oli-de-mallorca-celebra-amb-exit-la-nit-de-loli#article","isPartOf":{"@id":"https:\/\/gastronomicament.cat\/ca\/oli-de-mallorca-celebra-amb-exit-la-nit-de-loli"},"author":{"name":"Redacci\u00f3","@id":"https:\/\/gastronomicament.cat\/ca\/#\/schema\/person\/a7c85c537a1ed62799a5b8e0f686a37f"},"headline":"Oli de Mallorca celebra amb \u00e8xit la Nit de l&#8217;Oli","datePublished":"2019-02-22T12:32:49+00:00","dateModified":"2022-04-07T09:13:18+00:00","mainEntityOfPage":{"@id":"https:\/\/gastronomicament.cat\/ca\/oli-de-mallorca-celebra-amb-exit-la-nit-de-loli"},"wordCount":231,"commentCount":0,"publisher":{"@id":"https:\/\/gastronomicament.cat\/ca\/#organization"},"image":{"@id":"https:\/\/gastronomicament.cat\/ca\/oli-de-mallorca-celebra-amb-exit-la-nit-de-loli#primaryimage"},"thumbnailUrl":"https:\/\/gastronomicament.cat\/wp-content\/uploads\/2019\/02\/Nit-de-lOli-lliurament-diplomes.jpg","articleSection":["Actualitat","Fires i rutes"],"inLanguage":"ca-ES","potentialAction":[{"@type":"CommentAction","name":"Comment","target":["https:\/\/gastronomicament.cat\/ca\/oli-de-mallorca-celebra-amb-exit-la-nit-de-loli#respond"]}]},{"@type":"WebPage","@id":"https:\/\/gastronomicament.cat\/ca\/oli-de-mallorca-celebra-amb-exit-la-nit-de-loli","url":"https:\/\/gastronomicament.cat\/ca\/oli-de-mallorca-celebra-amb-exit-la-nit-de-loli","name":"Oli de Mallorca celebra amb \u00e8xit la Nit de l'Oli - Gastron\u00f2micament","isPartOf":{"@id":"https:\/\/gastronomicament.cat\/ca\/#website"},"primaryImageOfPage":{"@id":"https:\/\/gastronomicament.cat\/ca\/oli-de-mallorca-celebra-amb-exit-la-nit-de-loli#primaryimage"},"image":{"@id":"https:\/\/gastronomicament.cat\/ca\/oli-de-mallorca-celebra-amb-exit-la-nit-de-loli#primaryimage"},"thumbnailUrl":"https:\/\/gastronomicament.cat\/wp-content\/uploads\/2019\/02\/Nit-de-lOli-lliurament-diplomes.jpg","datePublished":"2019-02-22T12:32:49+00:00","dateModified":"2022-04-07T09:13:18+00:00","description":"Oli de Mallorca celebra amb \u00e8xit la Nit de l'Oli Actualitat, Fires i rutes L\u2019Aljub d\u2019Es Baluard acoll\u00ed dia 20 de febrer la Nit de l\u2019Oli, presentaci\u00f3 dels olis d\u2019oliva verge extra de la DO Oli de Mallorca de la campanya 2018-2019.","inLanguage":"ca-ES","potentialAction":[{"@type":"ReadAction","target":["https:\/\/gastronomicament.cat\/ca\/oli-de-mallorca-celebra-amb-exit-la-nit-de-loli"]}]},{"@type":"ImageObject","inLanguage":"ca-ES","@id":"https:\/\/gastronomicament.cat\/ca\/oli-de-mallorca-celebra-amb-exit-la-nit-de-loli#primaryimage","url":"https:\/\/gastronomicament.cat\/wp-content\/uploads\/2019\/02\/Nit-de-lOli-lliurament-diplomes.jpg","contentUrl":"https:\/\/gastronomicament.cat\/wp-content\/uploads\/2019\/02\/Nit-de-lOli-lliurament-diplomes.jpg","width":1200,"height":904},{"@type":"WebSite","@id":"https:\/\/gastronomicament.cat\/ca\/#website","url":"https:\/\/gastronomicament.cat\/ca\/","name":"Gastron\u00f2micament","description":"Portal de restaurants, receptes i actualitat gastron\u00f2mica","publisher":{"@id":"https:\/\/gastronomicament.cat\/ca\/#organization"},"potentialAction":[{"@type":"SearchAction","target":{"@type":"EntryPoint","urlTemplate":"https:\/\/gastronomicament.cat\/ca\/?s={search_term_string}"},"query-input":{"@type":"PropertyValueSpecification","valueRequired":true,"valueName":"search_term_string"}}],"inLanguage":"ca-ES"},{"@type":"Organization","@id":"https:\/\/gastronomicament.cat\/ca\/#organization","name":"Gastron\u00f2micament","url":"https:\/\/gastronomicament.cat\/ca\/","logo":{"@type":"ImageObject","inLanguage":"ca-ES","@id":"https:\/\/gastronomicament.cat\/ca\/#\/schema\/logo\/image\/","url":"https:\/\/gastronomicament.cat\/wp-content\/uploads\/2016\/09\/header-logo.jpg","contentUrl":"https:\/\/gastronomicament.cat\/wp-content\/uploads\/2016\/09\/header-logo.jpg","width":277,"height":39,"caption":"Gastron\u00f2micament"},"image":{"@id":"https:\/\/gastronomicament.cat\/ca\/#\/schema\/logo\/image\/"},"sameAs":["https:\/\/x.com\/gastronomicamen"]},{"@type":"Person","@id":"https:\/\/gastronomicament.cat\/ca\/#\/schema\/person\/a7c85c537a1ed62799a5b8e0f686a37f","name":"Redacci\u00f3","image":{"@type":"ImageObject","inLanguage":"ca-ES","@id":"https:\/\/secure.gravatar.com\/avatar\/9489a485c464fd611d33825daae651d13db70c4e74c65c94937a15a9d4c3ee14?s=96&d=mm&r=g69fea3cce3645dfa2166e7293e22955e","url":"https:\/\/secure.gravatar.com\/avatar\/9489a485c464fd611d33825daae651d13db70c4e74c65c94937a15a9d4c3ee14?s=96&d=mm&r=g","contentUrl":"https:\/\/secure.gravatar.com\/avatar\/9489a485c464fd611d33825daae651d13db70c4e74c65c94937a15a9d4c3ee14?s=96&d=mm&r=g","caption":"Redacci\u00f3"},"sameAs":["http:\/\/gastronomicament.cat"],"url":"https:\/\/gastronomicament.cat\/ca\/author\/admin"}]}},"_links":{"self":[{"href":"https:\/\/gastronomicament.cat\/ca\/wp-json\/wp\/v2\/posts\/23602","targetHints":{"allow":["GET"]}}],"collection":[{"href":"https:\/\/gastronomicament.cat\/ca\/wp-json\/wp\/v2\/posts"}],"about":[{"href":"https:\/\/gastronomicament.cat\/ca\/wp-json\/wp\/v2\/types\/post"}],"author":[{"embeddable":true,"href":"https:\/\/gastronomicament.cat\/ca\/wp-json\/wp\/v2\/users\/1"}],"replies":[{"embeddable":true,"href":"https:\/\/gastronomicament.cat\/ca\/wp-json\/wp\/v2\/comments?post=23602"}],"version-history":[{"count":0,"href":"https:\/\/gastronomicament.cat\/ca\/wp-json\/wp\/v2\/posts\/23602\/revisions"}],"wp:featuredmedia":[{"embeddable":true,"href":"https:\/\/gastronomicament.cat\/ca\/wp-json\/wp\/v2\/media\/23605"}],"wp:attachment":[{"href":"https:\/\/gastronomicament.cat\/ca\/wp-json\/wp\/v2\/media?parent=23602"}],"wp:term":[{"taxonomy":"category","embeddable":true,"href":"https:\/\/gastronomicament.cat\/ca\/wp-json\/wp\/v2\/categories?post=23602"},{"taxonomy":"post_tag","embeddable":true,"href":"https:\/\/gastronomicament.cat\/ca\/wp-json\/wp\/v2\/tags?post=23602"},{"taxonomy":"author","embeddable":true,"href":"https:\/\/gastronomicament.cat\/ca\/wp-json\/wp\/v2\/coauthors?post=23602"}],"curies":[{"name":"wp","href":"https:\/\/api.w.org\/{rel}","templated":true}]}}