{"id":24171,"date":"2019-05-07T16:15:50","date_gmt":"2019-05-07T14:15:50","guid":{"rendered":"https:\/\/gastronomicament.cat\/?p=24171"},"modified":"2022-04-07T11:13:38","modified_gmt":"2022-04-07T09:13:38","slug":"pinxo-gonzalez-guanya-el-concurs-oleotapa-2019","status":"publish","type":"post","link":"https:\/\/gastronomicament.cat\/ca\/pinxo-gonzalez-guanya-el-concurs-oleotapa-2019","title":{"rendered":"Pinxo Gonz\u00e1lez guanya el concurs Oleotapa 2019"},"content":{"rendered":"<p>El cuiner del restaurant\u00a0<strong>Ses Portes Vermelles<\/strong>\u00a0de Palma,\u00a0<strong>Pinxo Gonz\u00e1lez<\/strong>, s\u2019ha proclamat guanyador de la setena edici\u00f3 del concurs de tapes amb Oli de Mallorca\u00a0<strong>Oleotapa<\/strong>, celebrat el dilluns dia 6 de maig a l\u2019Escola d\u2019Hoteleria de les Illes Balears.<\/p>\n<p>La tapa que ha preparat Gonz\u00e1lez i que li ha servit per assolir el primer lloc del certamen ha esta una tapa de\u00a0<strong>galeta de gamba mallorquina marinada amb Oli de Mallorca i capuccino de remolatxa i llima<\/strong>.<\/p>\n<p>El segon classificat ha estat\u00a0<strong>Ricardo Rossi<\/strong>, del\u00a0<strong>restaurant<\/strong>\u00a0<strong>Hotel Valldemossa<\/strong>\u00a0(Valdemossa), amb una mossegada dol\u00e7a: \u2018S\u2019Olivar i les seves xocolates\u2019; i la tercera finalista ha estat\u00a0<strong>Roc\u00edo Copado<\/strong>, del\u00a0<strong>restaurant Club de Mar de Palm<\/strong>a, amb un tataki de tonyina amb perles de tom\u00e0tiga de ramellet. Cal destacar que Rossi ha guanyat en dues edicions anteriors, 2016 i 2017, i que aquesta i l&#8217;any 2018 va quedar en segona posici\u00f3.<\/p>\n<p><strong>Jurat i premis<\/strong><\/p>\n<p>En total, han participat a Oleotapa set finalistes les seves elaboracions davant un jurat format per\u00a0<strong>Sebasti\u00e0 Solivellas<\/strong>\u00a0(president de la DO Oli de Mallorca),<strong>\u00a0Jaume Aguil\u00f3<\/strong>\u00a0(president de l&#8217;Associaci\u00f3 de\u00a0 Comerciants del Mercat de l\u2019Olivar),\u00a0<strong>Carmen Aguil\u00f3<\/strong>\u00a0(subdirectora de l&#8217;Escola d\u2019Hoteleria de les Illes Balears),\u00a0<strong>Adri\u00e1n Quetglas<\/strong>\u00a0(xef del restaurant amb estrella Michelin Adri\u00e1n Quetglas),\u00a0<strong>Michael Maier<\/strong>\u00a0(membre de l&#8217;Associaci\u00f3 de Periodistes i Escriptors Gastron\u00f2mics de les Illes Balears) i\u00a0<strong>Arsenio Fuentes<\/strong>\u00a0(professor de cuina de la EHIB)<\/p>\n<p>El jurat ha ha tingut en compte la incid\u00e8ncia sensorial de l\u2019Oli de Mallorca a les tapes, com tamb\u00e9 altres aspectes que abasten des de la presentaci\u00f3 i la complexitat t\u00e8cnica de la tapa, fins a la preparaci\u00f3 correcta i professional dins la cuina.<\/p>\n<p>El guanyador ha rebut, a m\u00e9s del trofeu acreditatiu, un passi de congressista a Madrid Fusion, un lot d\u2019Oli de Mallorca a m\u00e9s d&#8217;un xec del Mercat de l\u2019Olivar per valor de 200 euros, mentre que el segon i tercer classificat han rebut un lot d\u2019Oli de Mallorca i un xec del Mercat de l\u2019Olivar per valor de 100 euros.<\/p>\n<p>Els altres finalistes que han participat a Oleotapa 2019 han estat:<\/p>\n<p><strong>Marzio Cambuli. Restaurante tropical<\/strong><\/p>\n<ul>\n<li>Calamarsets farcits de llagost\u00ed, tartar de tonyina en tinta de calamar amb salsa de llam\u00e0ntol<\/li>\n<\/ul>\n<p><strong>Rub\u00e9n Novella. Hipotels Platja de Palma Palace<\/strong><\/p>\n<ul>\n<li>Pamboli 2.0<\/li>\n<\/ul>\n<p><strong>Joan Alemany. Es Rac\u00f3 d\u2019Es Teix<\/strong><\/p>\n<ul>\n<li>Copa Pa amb Oli<\/li>\n<\/ul>\n<p><strong>Alfonso Copado. Hotel Nixe Palace<\/strong><\/p>\n<ul>\n<li>Sorpresa de\u00a0<em>salmorejo\u00a0<\/em>amb vermell d\u2019ou de gu\u00e0tlera marinada i niu de wonton ib\u00e8ric<\/li>\n<\/ul>\n","protected":false},"excerpt":{"rendered":"<p>El cuiner del restaurant\u00a0Ses Portes Vermelles\u00a0de Palma,\u00a0Pinxo Gonz\u00e1lez, s\u2019ha proclamat guanyador de la setena edici\u00f3 del&hellip;<\/p>\n","protected":false},"author":1,"featured_media":24173,"comment_status":"open","ping_status":"closed","sticky":false,"template":"","format":"gallery","meta":{"_acf_changed":false,"_swt_meta_header_display":false,"_swt_meta_footer_display":false,"_swt_meta_site_title_display":false,"_swt_meta_sticky_header":false,"_swt_meta_transparent_header":false,"footnotes":""},"categories":[692,953],"tags":[],"coauthors":[],"class_list":["post-24171","post","type-post","status-publish","format-gallery","has-post-thumbnail","hentry","category-actualitat","category-concursos-i-premis","post_format-post-format-gallery"],"acf":{"gallery":null,"home_date":{"home_begin_date":null,"home_end_date":null}},"yoast_head":"<!-- This site is optimized with the Yoast SEO plugin v27.4 - https:\/\/yoast.com\/product\/yoast-seo-wordpress\/ -->\n<title>Pinxo Gonz\u00e1lez guanya el concurs Oleotapa 2019 - Gastron\u00f2micament<\/title>\n<meta name=\"description\" content=\"Pinxo Gonz\u00e1lez guanya el concurs Oleotapa 2019 Actualitat, Concursos i premis El cuiner del restaurant\u00a0Ses Portes Vermelles\u00a0de Palma,\u00a0Pinxo Gonz\u00e1lez, s\u2019ha proclamat guanyador de la setena edici\u00f3 del concurs de tapes amb Oli de Mallorca\u00a0Oleotapa\" \/>\n<meta name=\"robots\" content=\"index, follow, max-snippet:-1, max-image-preview:large, max-video-preview:-1\" \/>\n<link rel=\"canonical\" href=\"https:\/\/gastronomicament.cat\/ca\/pinxo-gonzalez-guanya-el-concurs-oleotapa-2019\" \/>\n<meta property=\"og:locale\" content=\"ca_ES\" \/>\n<meta property=\"og:type\" content=\"article\" \/>\n<meta property=\"og:title\" content=\"Pinxo Gonz\u00e1lez guanya el concurs Oleotapa 2019 - Gastron\u00f2micament\" \/>\n<meta property=\"og:description\" content=\"Pinxo Gonz\u00e1lez guanya el concurs Oleotapa 2019 Actualitat, Concursos i premis El cuiner del restaurant\u00a0Ses Portes Vermelles\u00a0de Palma,\u00a0Pinxo Gonz\u00e1lez, s\u2019ha proclamat guanyador de la setena edici\u00f3 del concurs de tapes amb Oli de Mallorca\u00a0Oleotapa\" \/>\n<meta property=\"og:url\" content=\"https:\/\/gastronomicament.cat\/ca\/pinxo-gonzalez-guanya-el-concurs-oleotapa-2019\" \/>\n<meta property=\"og:site_name\" content=\"Gastron\u00f2micament\" \/>\n<meta property=\"article:published_time\" content=\"2019-05-07T14:15:50+00:00\" \/>\n<meta property=\"article:modified_time\" content=\"2022-04-07T09:13:38+00:00\" \/>\n<meta property=\"og:image\" content=\"https:\/\/gastronomicament.cat\/wp-content\/uploads\/2019\/05\/primer-premi-oleotapa-2019.jpg\" \/>\n\t<meta property=\"og:image:width\" content=\"1200\" \/>\n\t<meta property=\"og:image:height\" content=\"643\" \/>\n\t<meta property=\"og:image:type\" content=\"image\/jpeg\" \/>\n<meta name=\"author\" content=\"Redacci\u00f3\" \/>\n<meta name=\"twitter:card\" content=\"summary_large_image\" \/>\n<meta name=\"twitter:creator\" content=\"@gastronomicamen\" \/>\n<meta name=\"twitter:site\" content=\"@gastronomicamen\" \/>\n<meta name=\"twitter:label1\" content=\"Written by\" \/>\n\t<meta name=\"twitter:data1\" content=\"Redacci\u00f3\" \/>\n\t<meta name=\"twitter:label2\" content=\"Est. reading time\" \/>\n\t<meta name=\"twitter:data2\" content=\"2 minutes\" \/>\n<script type=\"application\/ld+json\" class=\"yoast-schema-graph\">{\"@context\":\"https:\\\/\\\/schema.org\",\"@graph\":[{\"@type\":\"Article\",\"@id\":\"https:\\\/\\\/gastronomicament.cat\\\/ca\\\/pinxo-gonzalez-guanya-el-concurs-oleotapa-2019#article\",\"isPartOf\":{\"@id\":\"https:\\\/\\\/gastronomicament.cat\\\/ca\\\/pinxo-gonzalez-guanya-el-concurs-oleotapa-2019\"},\"author\":{\"name\":\"Redacci\u00f3\",\"@id\":\"https:\\\/\\\/gastronomicament.cat\\\/ca\\\/#\\\/schema\\\/person\\\/a7c85c537a1ed62799a5b8e0f686a37f\"},\"headline\":\"Pinxo Gonz\u00e1lez guanya el concurs Oleotapa 2019\",\"datePublished\":\"2019-05-07T14:15:50+00:00\",\"dateModified\":\"2022-04-07T09:13:38+00:00\",\"mainEntityOfPage\":{\"@id\":\"https:\\\/\\\/gastronomicament.cat\\\/ca\\\/pinxo-gonzalez-guanya-el-concurs-oleotapa-2019\"},\"wordCount\":432,\"commentCount\":0,\"publisher\":{\"@id\":\"https:\\\/\\\/gastronomicament.cat\\\/ca\\\/#organization\"},\"image\":{\"@id\":\"https:\\\/\\\/gastronomicament.cat\\\/ca\\\/pinxo-gonzalez-guanya-el-concurs-oleotapa-2019#primaryimage\"},\"thumbnailUrl\":\"https:\\\/\\\/gastronomicament.cat\\\/wp-content\\\/uploads\\\/2019\\\/05\\\/primer-premi-oleotapa-2019.jpg\",\"articleSection\":[\"Actualitat\",\"Concursos i premis\"],\"inLanguage\":\"ca-ES\",\"potentialAction\":[{\"@type\":\"CommentAction\",\"name\":\"Comment\",\"target\":[\"https:\\\/\\\/gastronomicament.cat\\\/ca\\\/pinxo-gonzalez-guanya-el-concurs-oleotapa-2019#respond\"]}]},{\"@type\":\"WebPage\",\"@id\":\"https:\\\/\\\/gastronomicament.cat\\\/ca\\\/pinxo-gonzalez-guanya-el-concurs-oleotapa-2019\",\"url\":\"https:\\\/\\\/gastronomicament.cat\\\/ca\\\/pinxo-gonzalez-guanya-el-concurs-oleotapa-2019\",\"name\":\"Pinxo Gonz\u00e1lez guanya el concurs Oleotapa 2019 - Gastron\u00f2micament\",\"isPartOf\":{\"@id\":\"https:\\\/\\\/gastronomicament.cat\\\/ca\\\/#website\"},\"primaryImageOfPage\":{\"@id\":\"https:\\\/\\\/gastronomicament.cat\\\/ca\\\/pinxo-gonzalez-guanya-el-concurs-oleotapa-2019#primaryimage\"},\"image\":{\"@id\":\"https:\\\/\\\/gastronomicament.cat\\\/ca\\\/pinxo-gonzalez-guanya-el-concurs-oleotapa-2019#primaryimage\"},\"thumbnailUrl\":\"https:\\\/\\\/gastronomicament.cat\\\/wp-content\\\/uploads\\\/2019\\\/05\\\/primer-premi-oleotapa-2019.jpg\",\"datePublished\":\"2019-05-07T14:15:50+00:00\",\"dateModified\":\"2022-04-07T09:13:38+00:00\",\"description\":\"Pinxo Gonz\u00e1lez guanya el concurs Oleotapa 2019 Actualitat, Concursos i premis El cuiner del restaurant\u00a0Ses Portes Vermelles\u00a0de Palma,\u00a0Pinxo Gonz\u00e1lez, s\u2019ha proclamat guanyador de la setena edici\u00f3 del concurs de tapes amb Oli de Mallorca\u00a0Oleotapa\",\"inLanguage\":\"ca-ES\",\"potentialAction\":[{\"@type\":\"ReadAction\",\"target\":[\"https:\\\/\\\/gastronomicament.cat\\\/ca\\\/pinxo-gonzalez-guanya-el-concurs-oleotapa-2019\"]}]},{\"@type\":\"ImageObject\",\"inLanguage\":\"ca-ES\",\"@id\":\"https:\\\/\\\/gastronomicament.cat\\\/ca\\\/pinxo-gonzalez-guanya-el-concurs-oleotapa-2019#primaryimage\",\"url\":\"https:\\\/\\\/gastronomicament.cat\\\/wp-content\\\/uploads\\\/2019\\\/05\\\/primer-premi-oleotapa-2019.jpg\",\"contentUrl\":\"https:\\\/\\\/gastronomicament.cat\\\/wp-content\\\/uploads\\\/2019\\\/05\\\/primer-premi-oleotapa-2019.jpg\",\"width\":1200,\"height\":643},{\"@type\":\"WebSite\",\"@id\":\"https:\\\/\\\/gastronomicament.cat\\\/ca\\\/#website\",\"url\":\"https:\\\/\\\/gastronomicament.cat\\\/ca\\\/\",\"name\":\"Gastron\u00f2micament\",\"description\":\"Portal de restaurants, receptes i actualitat gastron\u00f2mica\",\"publisher\":{\"@id\":\"https:\\\/\\\/gastronomicament.cat\\\/ca\\\/#organization\"},\"potentialAction\":[{\"@type\":\"SearchAction\",\"target\":{\"@type\":\"EntryPoint\",\"urlTemplate\":\"https:\\\/\\\/gastronomicament.cat\\\/ca\\\/?s={search_term_string}\"},\"query-input\":{\"@type\":\"PropertyValueSpecification\",\"valueRequired\":true,\"valueName\":\"search_term_string\"}}],\"inLanguage\":\"ca-ES\"},{\"@type\":\"Organization\",\"@id\":\"https:\\\/\\\/gastronomicament.cat\\\/ca\\\/#organization\",\"name\":\"Gastron\u00f2micament\",\"url\":\"https:\\\/\\\/gastronomicament.cat\\\/ca\\\/\",\"logo\":{\"@type\":\"ImageObject\",\"inLanguage\":\"ca-ES\",\"@id\":\"https:\\\/\\\/gastronomicament.cat\\\/ca\\\/#\\\/schema\\\/logo\\\/image\\\/\",\"url\":\"https:\\\/\\\/gastronomicament.cat\\\/wp-content\\\/uploads\\\/2016\\\/09\\\/header-logo.jpg\",\"contentUrl\":\"https:\\\/\\\/gastronomicament.cat\\\/wp-content\\\/uploads\\\/2016\\\/09\\\/header-logo.jpg\",\"width\":277,\"height\":39,\"caption\":\"Gastron\u00f2micament\"},\"image\":{\"@id\":\"https:\\\/\\\/gastronomicament.cat\\\/ca\\\/#\\\/schema\\\/logo\\\/image\\\/\"},\"sameAs\":[\"https:\\\/\\\/x.com\\\/gastronomicamen\"]},{\"@type\":\"Person\",\"@id\":\"https:\\\/\\\/gastronomicament.cat\\\/ca\\\/#\\\/schema\\\/person\\\/a7c85c537a1ed62799a5b8e0f686a37f\",\"name\":\"Redacci\u00f3\",\"image\":{\"@type\":\"ImageObject\",\"inLanguage\":\"ca-ES\",\"@id\":\"https:\\\/\\\/secure.gravatar.com\\\/avatar\\\/9489a485c464fd611d33825daae651d13db70c4e74c65c94937a15a9d4c3ee14?s=96&d=mm&r=g69fea3cce3645dfa2166e7293e22955e\",\"url\":\"https:\\\/\\\/secure.gravatar.com\\\/avatar\\\/9489a485c464fd611d33825daae651d13db70c4e74c65c94937a15a9d4c3ee14?s=96&d=mm&r=g\",\"contentUrl\":\"https:\\\/\\\/secure.gravatar.com\\\/avatar\\\/9489a485c464fd611d33825daae651d13db70c4e74c65c94937a15a9d4c3ee14?s=96&d=mm&r=g\",\"caption\":\"Redacci\u00f3\"},\"sameAs\":[\"http:\\\/\\\/gastronomicament.cat\"],\"url\":\"https:\\\/\\\/gastronomicament.cat\\\/ca\\\/author\\\/admin\"}]}<\/script>\n<!-- \/ Yoast SEO plugin. -->","yoast_head_json":{"title":"Pinxo Gonz\u00e1lez guanya el concurs Oleotapa 2019 - Gastron\u00f2micament","description":"Pinxo Gonz\u00e1lez guanya el concurs Oleotapa 2019 Actualitat, Concursos i premis El cuiner del restaurant\u00a0Ses Portes Vermelles\u00a0de Palma,\u00a0Pinxo Gonz\u00e1lez, s\u2019ha proclamat guanyador de la setena edici\u00f3 del concurs de tapes amb Oli de Mallorca\u00a0Oleotapa","robots":{"index":"index","follow":"follow","max-snippet":"max-snippet:-1","max-image-preview":"max-image-preview:large","max-video-preview":"max-video-preview:-1"},"canonical":"https:\/\/gastronomicament.cat\/ca\/pinxo-gonzalez-guanya-el-concurs-oleotapa-2019","og_locale":"ca_ES","og_type":"article","og_title":"Pinxo Gonz\u00e1lez guanya el concurs Oleotapa 2019 - Gastron\u00f2micament","og_description":"Pinxo Gonz\u00e1lez guanya el concurs Oleotapa 2019 Actualitat, Concursos i premis El cuiner del restaurant\u00a0Ses Portes Vermelles\u00a0de Palma,\u00a0Pinxo Gonz\u00e1lez, s\u2019ha proclamat guanyador de la setena edici\u00f3 del concurs de tapes amb Oli de Mallorca\u00a0Oleotapa","og_url":"https:\/\/gastronomicament.cat\/ca\/pinxo-gonzalez-guanya-el-concurs-oleotapa-2019","og_site_name":"Gastron\u00f2micament","article_published_time":"2019-05-07T14:15:50+00:00","article_modified_time":"2022-04-07T09:13:38+00:00","og_image":[{"width":1200,"height":643,"url":"https:\/\/gastronomicament.cat\/wp-content\/uploads\/2019\/05\/primer-premi-oleotapa-2019.jpg","type":"image\/jpeg"}],"author":"Redacci\u00f3","twitter_card":"summary_large_image","twitter_creator":"@gastronomicamen","twitter_site":"@gastronomicamen","twitter_misc":{"Written by":"Redacci\u00f3","Est. reading time":"2 minutes"},"schema":{"@context":"https:\/\/schema.org","@graph":[{"@type":"Article","@id":"https:\/\/gastronomicament.cat\/ca\/pinxo-gonzalez-guanya-el-concurs-oleotapa-2019#article","isPartOf":{"@id":"https:\/\/gastronomicament.cat\/ca\/pinxo-gonzalez-guanya-el-concurs-oleotapa-2019"},"author":{"name":"Redacci\u00f3","@id":"https:\/\/gastronomicament.cat\/ca\/#\/schema\/person\/a7c85c537a1ed62799a5b8e0f686a37f"},"headline":"Pinxo Gonz\u00e1lez guanya el concurs Oleotapa 2019","datePublished":"2019-05-07T14:15:50+00:00","dateModified":"2022-04-07T09:13:38+00:00","mainEntityOfPage":{"@id":"https:\/\/gastronomicament.cat\/ca\/pinxo-gonzalez-guanya-el-concurs-oleotapa-2019"},"wordCount":432,"commentCount":0,"publisher":{"@id":"https:\/\/gastronomicament.cat\/ca\/#organization"},"image":{"@id":"https:\/\/gastronomicament.cat\/ca\/pinxo-gonzalez-guanya-el-concurs-oleotapa-2019#primaryimage"},"thumbnailUrl":"https:\/\/gastronomicament.cat\/wp-content\/uploads\/2019\/05\/primer-premi-oleotapa-2019.jpg","articleSection":["Actualitat","Concursos i premis"],"inLanguage":"ca-ES","potentialAction":[{"@type":"CommentAction","name":"Comment","target":["https:\/\/gastronomicament.cat\/ca\/pinxo-gonzalez-guanya-el-concurs-oleotapa-2019#respond"]}]},{"@type":"WebPage","@id":"https:\/\/gastronomicament.cat\/ca\/pinxo-gonzalez-guanya-el-concurs-oleotapa-2019","url":"https:\/\/gastronomicament.cat\/ca\/pinxo-gonzalez-guanya-el-concurs-oleotapa-2019","name":"Pinxo Gonz\u00e1lez guanya el concurs Oleotapa 2019 - Gastron\u00f2micament","isPartOf":{"@id":"https:\/\/gastronomicament.cat\/ca\/#website"},"primaryImageOfPage":{"@id":"https:\/\/gastronomicament.cat\/ca\/pinxo-gonzalez-guanya-el-concurs-oleotapa-2019#primaryimage"},"image":{"@id":"https:\/\/gastronomicament.cat\/ca\/pinxo-gonzalez-guanya-el-concurs-oleotapa-2019#primaryimage"},"thumbnailUrl":"https:\/\/gastronomicament.cat\/wp-content\/uploads\/2019\/05\/primer-premi-oleotapa-2019.jpg","datePublished":"2019-05-07T14:15:50+00:00","dateModified":"2022-04-07T09:13:38+00:00","description":"Pinxo Gonz\u00e1lez guanya el concurs Oleotapa 2019 Actualitat, Concursos i premis El cuiner del restaurant\u00a0Ses Portes Vermelles\u00a0de Palma,\u00a0Pinxo Gonz\u00e1lez, s\u2019ha proclamat guanyador de la setena edici\u00f3 del concurs de tapes amb Oli de Mallorca\u00a0Oleotapa","inLanguage":"ca-ES","potentialAction":[{"@type":"ReadAction","target":["https:\/\/gastronomicament.cat\/ca\/pinxo-gonzalez-guanya-el-concurs-oleotapa-2019"]}]},{"@type":"ImageObject","inLanguage":"ca-ES","@id":"https:\/\/gastronomicament.cat\/ca\/pinxo-gonzalez-guanya-el-concurs-oleotapa-2019#primaryimage","url":"https:\/\/gastronomicament.cat\/wp-content\/uploads\/2019\/05\/primer-premi-oleotapa-2019.jpg","contentUrl":"https:\/\/gastronomicament.cat\/wp-content\/uploads\/2019\/05\/primer-premi-oleotapa-2019.jpg","width":1200,"height":643},{"@type":"WebSite","@id":"https:\/\/gastronomicament.cat\/ca\/#website","url":"https:\/\/gastronomicament.cat\/ca\/","name":"Gastron\u00f2micament","description":"Portal de restaurants, receptes i actualitat gastron\u00f2mica","publisher":{"@id":"https:\/\/gastronomicament.cat\/ca\/#organization"},"potentialAction":[{"@type":"SearchAction","target":{"@type":"EntryPoint","urlTemplate":"https:\/\/gastronomicament.cat\/ca\/?s={search_term_string}"},"query-input":{"@type":"PropertyValueSpecification","valueRequired":true,"valueName":"search_term_string"}}],"inLanguage":"ca-ES"},{"@type":"Organization","@id":"https:\/\/gastronomicament.cat\/ca\/#organization","name":"Gastron\u00f2micament","url":"https:\/\/gastronomicament.cat\/ca\/","logo":{"@type":"ImageObject","inLanguage":"ca-ES","@id":"https:\/\/gastronomicament.cat\/ca\/#\/schema\/logo\/image\/","url":"https:\/\/gastronomicament.cat\/wp-content\/uploads\/2016\/09\/header-logo.jpg","contentUrl":"https:\/\/gastronomicament.cat\/wp-content\/uploads\/2016\/09\/header-logo.jpg","width":277,"height":39,"caption":"Gastron\u00f2micament"},"image":{"@id":"https:\/\/gastronomicament.cat\/ca\/#\/schema\/logo\/image\/"},"sameAs":["https:\/\/x.com\/gastronomicamen"]},{"@type":"Person","@id":"https:\/\/gastronomicament.cat\/ca\/#\/schema\/person\/a7c85c537a1ed62799a5b8e0f686a37f","name":"Redacci\u00f3","image":{"@type":"ImageObject","inLanguage":"ca-ES","@id":"https:\/\/secure.gravatar.com\/avatar\/9489a485c464fd611d33825daae651d13db70c4e74c65c94937a15a9d4c3ee14?s=96&d=mm&r=g69fea3cce3645dfa2166e7293e22955e","url":"https:\/\/secure.gravatar.com\/avatar\/9489a485c464fd611d33825daae651d13db70c4e74c65c94937a15a9d4c3ee14?s=96&d=mm&r=g","contentUrl":"https:\/\/secure.gravatar.com\/avatar\/9489a485c464fd611d33825daae651d13db70c4e74c65c94937a15a9d4c3ee14?s=96&d=mm&r=g","caption":"Redacci\u00f3"},"sameAs":["http:\/\/gastronomicament.cat"],"url":"https:\/\/gastronomicament.cat\/ca\/author\/admin"}]}},"_links":{"self":[{"href":"https:\/\/gastronomicament.cat\/ca\/wp-json\/wp\/v2\/posts\/24171","targetHints":{"allow":["GET"]}}],"collection":[{"href":"https:\/\/gastronomicament.cat\/ca\/wp-json\/wp\/v2\/posts"}],"about":[{"href":"https:\/\/gastronomicament.cat\/ca\/wp-json\/wp\/v2\/types\/post"}],"author":[{"embeddable":true,"href":"https:\/\/gastronomicament.cat\/ca\/wp-json\/wp\/v2\/users\/1"}],"replies":[{"embeddable":true,"href":"https:\/\/gastronomicament.cat\/ca\/wp-json\/wp\/v2\/comments?post=24171"}],"version-history":[{"count":0,"href":"https:\/\/gastronomicament.cat\/ca\/wp-json\/wp\/v2\/posts\/24171\/revisions"}],"wp:featuredmedia":[{"embeddable":true,"href":"https:\/\/gastronomicament.cat\/ca\/wp-json\/wp\/v2\/media\/24173"}],"wp:attachment":[{"href":"https:\/\/gastronomicament.cat\/ca\/wp-json\/wp\/v2\/media?parent=24171"}],"wp:term":[{"taxonomy":"category","embeddable":true,"href":"https:\/\/gastronomicament.cat\/ca\/wp-json\/wp\/v2\/categories?post=24171"},{"taxonomy":"post_tag","embeddable":true,"href":"https:\/\/gastronomicament.cat\/ca\/wp-json\/wp\/v2\/tags?post=24171"},{"taxonomy":"author","embeddable":true,"href":"https:\/\/gastronomicament.cat\/ca\/wp-json\/wp\/v2\/coauthors?post=24171"}],"curies":[{"name":"wp","href":"https:\/\/api.w.org\/{rel}","templated":true}]}}