{"id":24302,"date":"2019-05-23T09:08:09","date_gmt":"2019-05-23T07:08:09","guid":{"rendered":"https:\/\/gastronomicament.cat\/?p=24302"},"modified":"2022-04-07T11:13:41","modified_gmt":"2022-04-07T09:13:41","slug":"albert-adria-i-andreu-genetra-cuinaran-plegats-a-palma","status":"publish","type":"post","link":"https:\/\/gastronomicament.cat\/ca\/albert-adria-i-andreu-genetra-cuinaran-plegats-a-palma","title":{"rendered":"Albert Adri\u00e0 i Andreu Genetra cuinaran plegats a Palma"},"content":{"rendered":"<p><strong>Albert Adri\u00e0<\/strong>\u00a0cuinar\u00e0 per primera vegada a\u00a0<strong>Mallorca<\/strong>\u00a0i ho far\u00e0 a quatre mans amb el xef\u00a0<strong>Andreu Genestra<\/strong>. La cita, organitzada per la\u00a0<strong>cervesa Rosa Blanca<\/strong>, tendr\u00e0 lloc el dimarts\u00a0<strong>vespre<\/strong>, dia\u00a0<strong>28 de maig<\/strong>, al\u00a0<strong>restaurant Bala Roja de Palma<\/strong>, ubicat a l&#8217;hotel de 5 estrelles Es Pr\u00edncep.<\/p>\n<p>Albert Adri\u00e0, xef del restaurant\u00a0<strong>Tickets<\/strong>\u00a0de\u00a0<strong>Barcelona<\/strong>, \u00e9s una de les figures m\u00e9s destacades del sector a nivell estatal. El sopar\u00a0<strong>restringit a 60 persones<\/strong>, comen\u00e7ar\u00e0 a la terrassa de l&#8217;hotel on els assistents podran maridar una quinzena d&#8217;aperitius com l&#8217;<strong>oliva esferificada<\/strong>, l&#8217;esp\u00e0rrec tronc, el\u00a0<strong>niguiri de verat\u00a0<\/strong>d&#8217;Albert Adri\u00e0<strong>.<\/strong>\u00a0Per la seva banda, Genestra hi preparar\u00e0 el<strong>\u00a0musclo en escabetxo de llorer<\/strong>, el porro de gamba o l&#8217;<strong>espardenya de porc negre<\/strong>. Seguidament, els convidats passaran a la sala on s&#8217;hi assaboriran els plats forts com la<strong>\u00a0pizza d&#8217;alvocat amb cranc reial\u00a0<\/strong>d&#8217;Albert Adri\u00e0 i la<strong>\u00a0galta de tonyina i cireres<\/strong>\u00a0de Genestra, a m\u00e9s de les postres com el gelat de sobrassada i mel d&#8217;Adri\u00e0 o el s\u00e8sam-albercoc-alcaravia de Genestra.<\/p>\n<p>Els plats estaran maridats amb la<strong>\u00a0cervesa Rosa Blanca<\/strong>, organitzadora d&#8217;aquesta cita imprescindible per als amants de la bona cuina. Rosa Blanca va n\u00e9ixer a Mallorca l&#8217;any\u00a0<strong>1927<\/strong>\u00a0i durant d\u00e8cades va acompanyar els \u00e0pats i moments d&#8217;oci dels mallorquins fins que va desapar\u00e8ixer l&#8217;any 1997. L&#8217;any 2018, Estrella Damm la va\u00a0<a href=\"https:\/\/gastronomicament.cat\/el-retorn-de-la-cervesa-rosa-blanca\">recuperar Rosa Blanca<\/a>\u00a0com a marca pr\u00f2pia i va actualitzar-ne la f\u00f2rmula amb el ll\u00fapol Citra. El resultat \u00e9s una cervesa fresca gastron\u00f2mica, amb un toc c\u00edtric i notes afruitades, ideal per acompanyar qualsevol moment especial.<\/p>\n<p>Per a\u00a0<strong>reserves<\/strong>\u00a0cal telefonar al 660 852 132 o escriure a ambassador [arrova] esprincep [punt] com<\/p>\n","protected":false},"excerpt":{"rendered":"<p>Albert Adri\u00e0\u00a0cuinar\u00e0 per primera vegada a\u00a0Mallorca\u00a0i ho far\u00e0 a quatre mans amb el xef\u00a0Andreu Genestra<\/p>\n","protected":false},"author":1,"featured_media":24303,"comment_status":"open","ping_status":"closed","sticky":false,"template":"","format":"standard","meta":{"_acf_changed":false,"_swt_meta_header_display":false,"_swt_meta_footer_display":false,"_swt_meta_site_title_display":false,"_swt_meta_sticky_header":false,"_swt_meta_transparent_header":false,"footnotes":""},"categories":[692,955],"tags":[],"coauthors":[],"class_list":["post-24302","post","type-post","status-publish","format-standard","has-post-thumbnail","hentry","category-actualitat","category-reportatges-i-novetats"],"acf":{"gallery":null,"home_date":{"home_begin_date":null,"home_end_date":null}},"yoast_head":"<!-- This site is optimized with the Yoast SEO plugin v27.4 - https:\/\/yoast.com\/product\/yoast-seo-wordpress\/ -->\n<title>Albert Adri\u00e0 i Andreu Genetra cuinaran plegats a Palma - Gastron\u00f2micament<\/title>\n<meta name=\"description\" content=\"Albert Adri\u00e0 i Andreu Genetra cuinaran plegats a Palma Actualitat, Reportatges i novetats Albert Adri\u00e0\u00a0cuinar\u00e0 per primera vegada a\u00a0Mallorca\u00a0i ho far\u00e0 a quatre mans amb el xef\u00a0Andreu Genestra\" \/>\n<meta name=\"robots\" content=\"index, follow, max-snippet:-1, max-image-preview:large, max-video-preview:-1\" \/>\n<link rel=\"canonical\" href=\"https:\/\/gastronomicament.cat\/ca\/albert-adria-i-andreu-genetra-cuinaran-plegats-a-palma\" \/>\n<meta property=\"og:locale\" content=\"ca_ES\" \/>\n<meta property=\"og:type\" content=\"article\" \/>\n<meta property=\"og:title\" content=\"Albert Adri\u00e0 i Andreu Genetra cuinaran plegats a Palma - Gastron\u00f2micament\" \/>\n<meta property=\"og:description\" content=\"Albert Adri\u00e0 i Andreu Genetra cuinaran plegats a Palma Actualitat, Reportatges i novetats Albert Adri\u00e0\u00a0cuinar\u00e0 per primera vegada a\u00a0Mallorca\u00a0i ho far\u00e0 a quatre mans amb el xef\u00a0Andreu Genestra\" \/>\n<meta property=\"og:url\" content=\"https:\/\/gastronomicament.cat\/ca\/albert-adria-i-andreu-genetra-cuinaran-plegats-a-palma\" \/>\n<meta property=\"og:site_name\" content=\"Gastron\u00f2micament\" \/>\n<meta property=\"article:published_time\" content=\"2019-05-23T07:08:09+00:00\" \/>\n<meta property=\"article:modified_time\" content=\"2022-04-07T09:13:41+00:00\" \/>\n<meta property=\"og:image\" content=\"https:\/\/gastronomicament.cat\/wp-content\/uploads\/2019\/05\/Albert-Adria-Andreu-Genestra-Mallorca.jpg\" \/>\n\t<meta property=\"og:image:width\" content=\"560\" \/>\n\t<meta property=\"og:image:height\" content=\"370\" \/>\n\t<meta property=\"og:image:type\" content=\"image\/jpeg\" \/>\n<meta name=\"author\" content=\"Redacci\u00f3\" \/>\n<meta name=\"twitter:card\" content=\"summary_large_image\" \/>\n<meta name=\"twitter:creator\" content=\"@gastronomicamen\" \/>\n<meta name=\"twitter:site\" content=\"@gastronomicamen\" \/>\n<meta name=\"twitter:label1\" content=\"Written by\" \/>\n\t<meta name=\"twitter:data1\" content=\"Redacci\u00f3\" \/>\n\t<meta name=\"twitter:label2\" content=\"Est. reading time\" \/>\n\t<meta name=\"twitter:data2\" content=\"1 minute\" \/>\n<script type=\"application\/ld+json\" class=\"yoast-schema-graph\">{\"@context\":\"https:\\\/\\\/schema.org\",\"@graph\":[{\"@type\":\"Article\",\"@id\":\"https:\\\/\\\/gastronomicament.cat\\\/ca\\\/albert-adria-i-andreu-genetra-cuinaran-plegats-a-palma#article\",\"isPartOf\":{\"@id\":\"https:\\\/\\\/gastronomicament.cat\\\/ca\\\/albert-adria-i-andreu-genetra-cuinaran-plegats-a-palma\"},\"author\":{\"name\":\"Redacci\u00f3\",\"@id\":\"https:\\\/\\\/gastronomicament.cat\\\/ca\\\/#\\\/schema\\\/person\\\/a7c85c537a1ed62799a5b8e0f686a37f\"},\"headline\":\"Albert Adri\u00e0 i Andreu Genetra cuinaran plegats a Palma\",\"datePublished\":\"2019-05-23T07:08:09+00:00\",\"dateModified\":\"2022-04-07T09:13:41+00:00\",\"mainEntityOfPage\":{\"@id\":\"https:\\\/\\\/gastronomicament.cat\\\/ca\\\/albert-adria-i-andreu-genetra-cuinaran-plegats-a-palma\"},\"wordCount\":291,\"commentCount\":0,\"publisher\":{\"@id\":\"https:\\\/\\\/gastronomicament.cat\\\/ca\\\/#organization\"},\"image\":{\"@id\":\"https:\\\/\\\/gastronomicament.cat\\\/ca\\\/albert-adria-i-andreu-genetra-cuinaran-plegats-a-palma#primaryimage\"},\"thumbnailUrl\":\"https:\\\/\\\/gastronomicament.cat\\\/wp-content\\\/uploads\\\/2019\\\/05\\\/Albert-Adria-Andreu-Genestra-Mallorca.jpg\",\"articleSection\":[\"Actualitat\",\"Reportatges i novetats\"],\"inLanguage\":\"ca-ES\",\"potentialAction\":[{\"@type\":\"CommentAction\",\"name\":\"Comment\",\"target\":[\"https:\\\/\\\/gastronomicament.cat\\\/ca\\\/albert-adria-i-andreu-genetra-cuinaran-plegats-a-palma#respond\"]}]},{\"@type\":\"WebPage\",\"@id\":\"https:\\\/\\\/gastronomicament.cat\\\/ca\\\/albert-adria-i-andreu-genetra-cuinaran-plegats-a-palma\",\"url\":\"https:\\\/\\\/gastronomicament.cat\\\/ca\\\/albert-adria-i-andreu-genetra-cuinaran-plegats-a-palma\",\"name\":\"Albert Adri\u00e0 i Andreu Genetra cuinaran plegats a Palma - Gastron\u00f2micament\",\"isPartOf\":{\"@id\":\"https:\\\/\\\/gastronomicament.cat\\\/ca\\\/#website\"},\"primaryImageOfPage\":{\"@id\":\"https:\\\/\\\/gastronomicament.cat\\\/ca\\\/albert-adria-i-andreu-genetra-cuinaran-plegats-a-palma#primaryimage\"},\"image\":{\"@id\":\"https:\\\/\\\/gastronomicament.cat\\\/ca\\\/albert-adria-i-andreu-genetra-cuinaran-plegats-a-palma#primaryimage\"},\"thumbnailUrl\":\"https:\\\/\\\/gastronomicament.cat\\\/wp-content\\\/uploads\\\/2019\\\/05\\\/Albert-Adria-Andreu-Genestra-Mallorca.jpg\",\"datePublished\":\"2019-05-23T07:08:09+00:00\",\"dateModified\":\"2022-04-07T09:13:41+00:00\",\"description\":\"Albert Adri\u00e0 i Andreu Genetra cuinaran plegats a Palma Actualitat, Reportatges i novetats Albert Adri\u00e0\u00a0cuinar\u00e0 per primera vegada a\u00a0Mallorca\u00a0i ho far\u00e0 a quatre mans amb el xef\u00a0Andreu Genestra\",\"inLanguage\":\"ca-ES\",\"potentialAction\":[{\"@type\":\"ReadAction\",\"target\":[\"https:\\\/\\\/gastronomicament.cat\\\/ca\\\/albert-adria-i-andreu-genetra-cuinaran-plegats-a-palma\"]}]},{\"@type\":\"ImageObject\",\"inLanguage\":\"ca-ES\",\"@id\":\"https:\\\/\\\/gastronomicament.cat\\\/ca\\\/albert-adria-i-andreu-genetra-cuinaran-plegats-a-palma#primaryimage\",\"url\":\"https:\\\/\\\/gastronomicament.cat\\\/wp-content\\\/uploads\\\/2019\\\/05\\\/Albert-Adria-Andreu-Genestra-Mallorca.jpg\",\"contentUrl\":\"https:\\\/\\\/gastronomicament.cat\\\/wp-content\\\/uploads\\\/2019\\\/05\\\/Albert-Adria-Andreu-Genestra-Mallorca.jpg\",\"width\":560,\"height\":370},{\"@type\":\"WebSite\",\"@id\":\"https:\\\/\\\/gastronomicament.cat\\\/ca\\\/#website\",\"url\":\"https:\\\/\\\/gastronomicament.cat\\\/ca\\\/\",\"name\":\"Gastron\u00f2micament\",\"description\":\"Portal de restaurants, receptes i actualitat gastron\u00f2mica\",\"publisher\":{\"@id\":\"https:\\\/\\\/gastronomicament.cat\\\/ca\\\/#organization\"},\"potentialAction\":[{\"@type\":\"SearchAction\",\"target\":{\"@type\":\"EntryPoint\",\"urlTemplate\":\"https:\\\/\\\/gastronomicament.cat\\\/ca\\\/?s={search_term_string}\"},\"query-input\":{\"@type\":\"PropertyValueSpecification\",\"valueRequired\":true,\"valueName\":\"search_term_string\"}}],\"inLanguage\":\"ca-ES\"},{\"@type\":\"Organization\",\"@id\":\"https:\\\/\\\/gastronomicament.cat\\\/ca\\\/#organization\",\"name\":\"Gastron\u00f2micament\",\"url\":\"https:\\\/\\\/gastronomicament.cat\\\/ca\\\/\",\"logo\":{\"@type\":\"ImageObject\",\"inLanguage\":\"ca-ES\",\"@id\":\"https:\\\/\\\/gastronomicament.cat\\\/ca\\\/#\\\/schema\\\/logo\\\/image\\\/\",\"url\":\"https:\\\/\\\/gastronomicament.cat\\\/wp-content\\\/uploads\\\/2016\\\/09\\\/header-logo.jpg\",\"contentUrl\":\"https:\\\/\\\/gastronomicament.cat\\\/wp-content\\\/uploads\\\/2016\\\/09\\\/header-logo.jpg\",\"width\":277,\"height\":39,\"caption\":\"Gastron\u00f2micament\"},\"image\":{\"@id\":\"https:\\\/\\\/gastronomicament.cat\\\/ca\\\/#\\\/schema\\\/logo\\\/image\\\/\"},\"sameAs\":[\"https:\\\/\\\/x.com\\\/gastronomicamen\"]},{\"@type\":\"Person\",\"@id\":\"https:\\\/\\\/gastronomicament.cat\\\/ca\\\/#\\\/schema\\\/person\\\/a7c85c537a1ed62799a5b8e0f686a37f\",\"name\":\"Redacci\u00f3\",\"image\":{\"@type\":\"ImageObject\",\"inLanguage\":\"ca-ES\",\"@id\":\"https:\\\/\\\/secure.gravatar.com\\\/avatar\\\/9489a485c464fd611d33825daae651d13db70c4e74c65c94937a15a9d4c3ee14?s=96&d=mm&r=g69fea3cce3645dfa2166e7293e22955e\",\"url\":\"https:\\\/\\\/secure.gravatar.com\\\/avatar\\\/9489a485c464fd611d33825daae651d13db70c4e74c65c94937a15a9d4c3ee14?s=96&d=mm&r=g\",\"contentUrl\":\"https:\\\/\\\/secure.gravatar.com\\\/avatar\\\/9489a485c464fd611d33825daae651d13db70c4e74c65c94937a15a9d4c3ee14?s=96&d=mm&r=g\",\"caption\":\"Redacci\u00f3\"},\"sameAs\":[\"http:\\\/\\\/gastronomicament.cat\"],\"url\":\"https:\\\/\\\/gastronomicament.cat\\\/ca\\\/author\\\/admin\"}]}<\/script>\n<!-- \/ Yoast SEO plugin. -->","yoast_head_json":{"title":"Albert Adri\u00e0 i Andreu Genetra cuinaran plegats a Palma - Gastron\u00f2micament","description":"Albert Adri\u00e0 i Andreu Genetra cuinaran plegats a Palma Actualitat, Reportatges i novetats Albert Adri\u00e0\u00a0cuinar\u00e0 per primera vegada a\u00a0Mallorca\u00a0i ho far\u00e0 a quatre mans amb el xef\u00a0Andreu Genestra","robots":{"index":"index","follow":"follow","max-snippet":"max-snippet:-1","max-image-preview":"max-image-preview:large","max-video-preview":"max-video-preview:-1"},"canonical":"https:\/\/gastronomicament.cat\/ca\/albert-adria-i-andreu-genetra-cuinaran-plegats-a-palma","og_locale":"ca_ES","og_type":"article","og_title":"Albert Adri\u00e0 i Andreu Genetra cuinaran plegats a Palma - Gastron\u00f2micament","og_description":"Albert Adri\u00e0 i Andreu Genetra cuinaran plegats a Palma Actualitat, Reportatges i novetats Albert Adri\u00e0\u00a0cuinar\u00e0 per primera vegada a\u00a0Mallorca\u00a0i ho far\u00e0 a quatre mans amb el xef\u00a0Andreu Genestra","og_url":"https:\/\/gastronomicament.cat\/ca\/albert-adria-i-andreu-genetra-cuinaran-plegats-a-palma","og_site_name":"Gastron\u00f2micament","article_published_time":"2019-05-23T07:08:09+00:00","article_modified_time":"2022-04-07T09:13:41+00:00","og_image":[{"width":560,"height":370,"url":"https:\/\/gastronomicament.cat\/wp-content\/uploads\/2019\/05\/Albert-Adria-Andreu-Genestra-Mallorca.jpg","type":"image\/jpeg"}],"author":"Redacci\u00f3","twitter_card":"summary_large_image","twitter_creator":"@gastronomicamen","twitter_site":"@gastronomicamen","twitter_misc":{"Written by":"Redacci\u00f3","Est. reading time":"1 minute"},"schema":{"@context":"https:\/\/schema.org","@graph":[{"@type":"Article","@id":"https:\/\/gastronomicament.cat\/ca\/albert-adria-i-andreu-genetra-cuinaran-plegats-a-palma#article","isPartOf":{"@id":"https:\/\/gastronomicament.cat\/ca\/albert-adria-i-andreu-genetra-cuinaran-plegats-a-palma"},"author":{"name":"Redacci\u00f3","@id":"https:\/\/gastronomicament.cat\/ca\/#\/schema\/person\/a7c85c537a1ed62799a5b8e0f686a37f"},"headline":"Albert Adri\u00e0 i Andreu Genetra cuinaran plegats a Palma","datePublished":"2019-05-23T07:08:09+00:00","dateModified":"2022-04-07T09:13:41+00:00","mainEntityOfPage":{"@id":"https:\/\/gastronomicament.cat\/ca\/albert-adria-i-andreu-genetra-cuinaran-plegats-a-palma"},"wordCount":291,"commentCount":0,"publisher":{"@id":"https:\/\/gastronomicament.cat\/ca\/#organization"},"image":{"@id":"https:\/\/gastronomicament.cat\/ca\/albert-adria-i-andreu-genetra-cuinaran-plegats-a-palma#primaryimage"},"thumbnailUrl":"https:\/\/gastronomicament.cat\/wp-content\/uploads\/2019\/05\/Albert-Adria-Andreu-Genestra-Mallorca.jpg","articleSection":["Actualitat","Reportatges i novetats"],"inLanguage":"ca-ES","potentialAction":[{"@type":"CommentAction","name":"Comment","target":["https:\/\/gastronomicament.cat\/ca\/albert-adria-i-andreu-genetra-cuinaran-plegats-a-palma#respond"]}]},{"@type":"WebPage","@id":"https:\/\/gastronomicament.cat\/ca\/albert-adria-i-andreu-genetra-cuinaran-plegats-a-palma","url":"https:\/\/gastronomicament.cat\/ca\/albert-adria-i-andreu-genetra-cuinaran-plegats-a-palma","name":"Albert Adri\u00e0 i Andreu Genetra cuinaran plegats a Palma - Gastron\u00f2micament","isPartOf":{"@id":"https:\/\/gastronomicament.cat\/ca\/#website"},"primaryImageOfPage":{"@id":"https:\/\/gastronomicament.cat\/ca\/albert-adria-i-andreu-genetra-cuinaran-plegats-a-palma#primaryimage"},"image":{"@id":"https:\/\/gastronomicament.cat\/ca\/albert-adria-i-andreu-genetra-cuinaran-plegats-a-palma#primaryimage"},"thumbnailUrl":"https:\/\/gastronomicament.cat\/wp-content\/uploads\/2019\/05\/Albert-Adria-Andreu-Genestra-Mallorca.jpg","datePublished":"2019-05-23T07:08:09+00:00","dateModified":"2022-04-07T09:13:41+00:00","description":"Albert Adri\u00e0 i Andreu Genetra cuinaran plegats a Palma Actualitat, Reportatges i novetats Albert Adri\u00e0\u00a0cuinar\u00e0 per primera vegada a\u00a0Mallorca\u00a0i ho far\u00e0 a quatre mans amb el xef\u00a0Andreu Genestra","inLanguage":"ca-ES","potentialAction":[{"@type":"ReadAction","target":["https:\/\/gastronomicament.cat\/ca\/albert-adria-i-andreu-genetra-cuinaran-plegats-a-palma"]}]},{"@type":"ImageObject","inLanguage":"ca-ES","@id":"https:\/\/gastronomicament.cat\/ca\/albert-adria-i-andreu-genetra-cuinaran-plegats-a-palma#primaryimage","url":"https:\/\/gastronomicament.cat\/wp-content\/uploads\/2019\/05\/Albert-Adria-Andreu-Genestra-Mallorca.jpg","contentUrl":"https:\/\/gastronomicament.cat\/wp-content\/uploads\/2019\/05\/Albert-Adria-Andreu-Genestra-Mallorca.jpg","width":560,"height":370},{"@type":"WebSite","@id":"https:\/\/gastronomicament.cat\/ca\/#website","url":"https:\/\/gastronomicament.cat\/ca\/","name":"Gastron\u00f2micament","description":"Portal de restaurants, receptes i actualitat gastron\u00f2mica","publisher":{"@id":"https:\/\/gastronomicament.cat\/ca\/#organization"},"potentialAction":[{"@type":"SearchAction","target":{"@type":"EntryPoint","urlTemplate":"https:\/\/gastronomicament.cat\/ca\/?s={search_term_string}"},"query-input":{"@type":"PropertyValueSpecification","valueRequired":true,"valueName":"search_term_string"}}],"inLanguage":"ca-ES"},{"@type":"Organization","@id":"https:\/\/gastronomicament.cat\/ca\/#organization","name":"Gastron\u00f2micament","url":"https:\/\/gastronomicament.cat\/ca\/","logo":{"@type":"ImageObject","inLanguage":"ca-ES","@id":"https:\/\/gastronomicament.cat\/ca\/#\/schema\/logo\/image\/","url":"https:\/\/gastronomicament.cat\/wp-content\/uploads\/2016\/09\/header-logo.jpg","contentUrl":"https:\/\/gastronomicament.cat\/wp-content\/uploads\/2016\/09\/header-logo.jpg","width":277,"height":39,"caption":"Gastron\u00f2micament"},"image":{"@id":"https:\/\/gastronomicament.cat\/ca\/#\/schema\/logo\/image\/"},"sameAs":["https:\/\/x.com\/gastronomicamen"]},{"@type":"Person","@id":"https:\/\/gastronomicament.cat\/ca\/#\/schema\/person\/a7c85c537a1ed62799a5b8e0f686a37f","name":"Redacci\u00f3","image":{"@type":"ImageObject","inLanguage":"ca-ES","@id":"https:\/\/secure.gravatar.com\/avatar\/9489a485c464fd611d33825daae651d13db70c4e74c65c94937a15a9d4c3ee14?s=96&d=mm&r=g69fea3cce3645dfa2166e7293e22955e","url":"https:\/\/secure.gravatar.com\/avatar\/9489a485c464fd611d33825daae651d13db70c4e74c65c94937a15a9d4c3ee14?s=96&d=mm&r=g","contentUrl":"https:\/\/secure.gravatar.com\/avatar\/9489a485c464fd611d33825daae651d13db70c4e74c65c94937a15a9d4c3ee14?s=96&d=mm&r=g","caption":"Redacci\u00f3"},"sameAs":["http:\/\/gastronomicament.cat"],"url":"https:\/\/gastronomicament.cat\/ca\/author\/admin"}]}},"_links":{"self":[{"href":"https:\/\/gastronomicament.cat\/ca\/wp-json\/wp\/v2\/posts\/24302","targetHints":{"allow":["GET"]}}],"collection":[{"href":"https:\/\/gastronomicament.cat\/ca\/wp-json\/wp\/v2\/posts"}],"about":[{"href":"https:\/\/gastronomicament.cat\/ca\/wp-json\/wp\/v2\/types\/post"}],"author":[{"embeddable":true,"href":"https:\/\/gastronomicament.cat\/ca\/wp-json\/wp\/v2\/users\/1"}],"replies":[{"embeddable":true,"href":"https:\/\/gastronomicament.cat\/ca\/wp-json\/wp\/v2\/comments?post=24302"}],"version-history":[{"count":0,"href":"https:\/\/gastronomicament.cat\/ca\/wp-json\/wp\/v2\/posts\/24302\/revisions"}],"wp:featuredmedia":[{"embeddable":true,"href":"https:\/\/gastronomicament.cat\/ca\/wp-json\/wp\/v2\/media\/24303"}],"wp:attachment":[{"href":"https:\/\/gastronomicament.cat\/ca\/wp-json\/wp\/v2\/media?parent=24302"}],"wp:term":[{"taxonomy":"category","embeddable":true,"href":"https:\/\/gastronomicament.cat\/ca\/wp-json\/wp\/v2\/categories?post=24302"},{"taxonomy":"post_tag","embeddable":true,"href":"https:\/\/gastronomicament.cat\/ca\/wp-json\/wp\/v2\/tags?post=24302"},{"taxonomy":"author","embeddable":true,"href":"https:\/\/gastronomicament.cat\/ca\/wp-json\/wp\/v2\/coauthors?post=24302"}],"curies":[{"name":"wp","href":"https:\/\/api.w.org\/{rel}","templated":true}]}}