{"id":24442,"date":"2019-06-14T13:08:07","date_gmt":"2019-06-14T11:08:07","guid":{"rendered":"https:\/\/gastronomicament.cat\/?p=24442"},"modified":"2022-04-07T11:13:44","modified_gmt":"2022-04-07T09:13:44","slug":"saps-el-que-compres-els-nostres-habits-a-lhora-de-comprar-i-limpacte-mediambiental","status":"publish","type":"post","link":"https:\/\/gastronomicament.cat\/ca\/saps-el-que-compres-els-nostres-habits-a-lhora-de-comprar-i-limpacte-mediambiental","title":{"rendered":"Saps el que compres? Els nostres h\u00e0bits a l&#8217;hora de comprar i l&#8217;impacte mediambiental"},"content":{"rendered":"<p>Amb motiu del Dia Mundial del Medi Ambient (5 de juny) i la Setmana Europea de l\u2019Energia Sostenible (del 17 al 21 de juny) el Govern Balear, juntament amb el Consell Insular de Mallorca, ha organitzat una s\u00e8rie de tert\u00falies sobre distints temes mediambientals.<\/p>\n<p>La primera d\u2019elles va tenir lloc aquest passat dijous 13 de juny a Manacor. Aquesta primera t\u00e9rtulia, amb el tema de: \u201c<strong>Saps el que compres?<\/strong>\u201d va ser un \u00e8xit d\u2019assist\u00e8ncia, on els ponents <strong>Nofre Fullana<\/strong> (Associaci\u00f3 de la Producci\u00f3 Agr\u00e0ria Ecol\u00f2gica de Mallorca), <strong>Caterina Amengual<\/strong> (T\u00e8cnica Mediambiental de l\u2019Ajuntament d\u2019Art\u00e0), <strong>Marta Hern\u00e1ndez de la Cruz<\/strong> (Oficina Espa\u00f1ola de Cambio Clim\u00e1tico) i <strong>Jaume Ordina<\/strong> (Garden Hotels) tenien per objectiu concienciar de la nostra responsabilitat com emisors de carboni, com podem modificar els nostres h\u00e0bits a l\u2019hora de comprar:<strong> les ecoetiquetes<\/strong>, els residus; i com reduir aquestes emisions.<\/p>\n<p>Les altres dues t\u00e9rtulies organitzades s\u00f3n:<\/p>\n<ul>\n<li><strong> Dimarts, 18 de juny de 2019 a les 18 hores. Integraci\u00f3 de les energies renovables al nostre entorn. Llucmajor. Caf\u00e9 Col\u00f3n, Pla\u00e7a Espanya, 17. <\/strong>Objectiu: donar a con\u00e8ixer les noves obligacions que marca la llei respecte a la instalaci\u00f3n d\u2019energ\u00edes renovables a edificis p\u00fablics, reforma d\u2019edificis y noves edificacions<\/li>\n<li><strong> Dimecres, 19 juny de 2019 a les 18 hores. Els reptes del canvi clim\u00e0tic per el turismo. <\/strong><strong>Calvi\u00e1. Bar Trinxet, Carrer Major 49. <\/strong>Objectiu: donar a con\u00e9rixer com afectar\u00e0 el canvi clim\u00e0tic al sector tur\u00edstic a les Illes Balears<\/li>\n<\/ul>\n<p>Reserves de pla\u00e7a per a les tert\u00falies: canviclimatic@energia.caib.es<\/p>\n<p>M\u00e9s informaci\u00f3: <a href=\"http:\/\/www.caib.es\/sites\/batles\/ca\/inici\/?campa=yes)\">http:\/\/www.caib.es\/sites\/batles\/ca\/inici\/?campa=yes)<\/a><\/p>\n<pre>Foto: <a href=\"https:\/\/ola-pr.com\/\" target=\"_blank\" rel=\"noopener noreferrer\">OLA PR<\/a><\/pre>\n","protected":false},"excerpt":{"rendered":"<p>Amb motiu del Dia Mundial del Medi Ambient (5 de juny) i la Setmana Europea de&hellip;<\/p>\n","protected":false},"author":1,"featured_media":24443,"comment_status":"open","ping_status":"closed","sticky":false,"template":"","format":"standard","meta":{"_acf_changed":false,"_swt_meta_header_display":false,"_swt_meta_footer_display":false,"_swt_meta_site_title_display":false,"_swt_meta_sticky_header":false,"_swt_meta_transparent_header":false,"footnotes":""},"categories":[692,955],"tags":[],"coauthors":[],"class_list":["post-24442","post","type-post","status-publish","format-standard","has-post-thumbnail","hentry","category-actualitat","category-reportatges-i-novetats"],"acf":{"gallery":null,"home_date":{"home_begin_date":null,"home_end_date":null}},"yoast_head":"<!-- This site is optimized with the Yoast SEO plugin v27.4 - https:\/\/yoast.com\/product\/yoast-seo-wordpress\/ -->\n<title>Saps el que compres? Els nostres h\u00e0bits a l&#039;hora de comprar i l&#039;impacte mediambiental - Gastron\u00f2micament<\/title>\n<meta name=\"description\" content=\"Saps el que compres? Els nostres h\u00e0bits a l&#039;hora de comprar i l&#039;impacte mediambiental Actualitat, Reportatges i novetats Amb motiu del Dia Mundial del Medi Ambient (5 de juny) i la Setmana Europea de l\u2019Energia Sostenible (del 17 al 21 de juny) el Govern Balear, juntament amb el Consell Insular de Mallorca, ha organitzat una s\u00e8rie de tert\u00falies sobre distints temes mediambientals\" \/>\n<meta name=\"robots\" content=\"index, follow, max-snippet:-1, max-image-preview:large, max-video-preview:-1\" \/>\n<link rel=\"canonical\" href=\"https:\/\/gastronomicament.cat\/ca\/saps-el-que-compres-els-nostres-habits-a-lhora-de-comprar-i-limpacte-mediambiental\" \/>\n<meta property=\"og:locale\" content=\"ca_ES\" \/>\n<meta property=\"og:type\" content=\"article\" \/>\n<meta property=\"og:title\" content=\"Saps el que compres? Els nostres h\u00e0bits a l&#039;hora de comprar i l&#039;impacte mediambiental - Gastron\u00f2micament\" \/>\n<meta property=\"og:description\" content=\"Saps el que compres? Els nostres h\u00e0bits a l&#039;hora de comprar i l&#039;impacte mediambiental Actualitat, Reportatges i novetats Amb motiu del Dia Mundial del Medi Ambient (5 de juny) i la Setmana Europea de l\u2019Energia Sostenible (del 17 al 21 de juny) el Govern Balear, juntament amb el Consell Insular de Mallorca, ha organitzat una s\u00e8rie de tert\u00falies sobre distints temes mediambientals\" \/>\n<meta property=\"og:url\" content=\"https:\/\/gastronomicament.cat\/ca\/saps-el-que-compres-els-nostres-habits-a-lhora-de-comprar-i-limpacte-mediambiental\" \/>\n<meta property=\"og:site_name\" content=\"Gastron\u00f2micament\" \/>\n<meta property=\"article:published_time\" content=\"2019-06-14T11:08:07+00:00\" \/>\n<meta property=\"article:modified_time\" content=\"2022-04-07T09:13:44+00:00\" \/>\n<meta property=\"og:image\" content=\"https:\/\/gastronomicament.cat\/wp-content\/uploads\/2019\/06\/Saps-el-que-compres.jpg\" \/>\n\t<meta property=\"og:image:width\" content=\"1200\" \/>\n\t<meta property=\"og:image:height\" content=\"900\" \/>\n\t<meta property=\"og:image:type\" content=\"image\/jpeg\" \/>\n<meta name=\"author\" content=\"Redacci\u00f3\" \/>\n<meta name=\"twitter:card\" content=\"summary_large_image\" \/>\n<meta name=\"twitter:creator\" content=\"@gastronomicamen\" \/>\n<meta name=\"twitter:site\" content=\"@gastronomicamen\" \/>\n<meta name=\"twitter:label1\" content=\"Written by\" \/>\n\t<meta name=\"twitter:data1\" content=\"Redacci\u00f3\" \/>\n\t<meta name=\"twitter:label2\" content=\"Est. reading time\" \/>\n\t<meta name=\"twitter:data2\" content=\"1 minute\" \/>\n<script type=\"application\/ld+json\" class=\"yoast-schema-graph\">{\"@context\":\"https:\\\/\\\/schema.org\",\"@graph\":[{\"@type\":\"Article\",\"@id\":\"https:\\\/\\\/gastronomicament.cat\\\/ca\\\/saps-el-que-compres-els-nostres-habits-a-lhora-de-comprar-i-limpacte-mediambiental#article\",\"isPartOf\":{\"@id\":\"https:\\\/\\\/gastronomicament.cat\\\/ca\\\/saps-el-que-compres-els-nostres-habits-a-lhora-de-comprar-i-limpacte-mediambiental\"},\"author\":{\"name\":\"Redacci\u00f3\",\"@id\":\"https:\\\/\\\/gastronomicament.cat\\\/ca\\\/#\\\/schema\\\/person\\\/a7c85c537a1ed62799a5b8e0f686a37f\"},\"headline\":\"Saps el que compres? Els nostres h\u00e0bits a l&#8217;hora de comprar i l&#8217;impacte mediambiental\",\"datePublished\":\"2019-06-14T11:08:07+00:00\",\"dateModified\":\"2022-04-07T09:13:44+00:00\",\"mainEntityOfPage\":{\"@id\":\"https:\\\/\\\/gastronomicament.cat\\\/ca\\\/saps-el-que-compres-els-nostres-habits-a-lhora-de-comprar-i-limpacte-mediambiental\"},\"wordCount\":294,\"commentCount\":0,\"publisher\":{\"@id\":\"https:\\\/\\\/gastronomicament.cat\\\/ca\\\/#organization\"},\"image\":{\"@id\":\"https:\\\/\\\/gastronomicament.cat\\\/ca\\\/saps-el-que-compres-els-nostres-habits-a-lhora-de-comprar-i-limpacte-mediambiental#primaryimage\"},\"thumbnailUrl\":\"https:\\\/\\\/gastronomicament.cat\\\/wp-content\\\/uploads\\\/2019\\\/06\\\/Saps-el-que-compres.jpg\",\"articleSection\":[\"Actualitat\",\"Reportatges i novetats\"],\"inLanguage\":\"ca-ES\",\"potentialAction\":[{\"@type\":\"CommentAction\",\"name\":\"Comment\",\"target\":[\"https:\\\/\\\/gastronomicament.cat\\\/ca\\\/saps-el-que-compres-els-nostres-habits-a-lhora-de-comprar-i-limpacte-mediambiental#respond\"]}]},{\"@type\":\"WebPage\",\"@id\":\"https:\\\/\\\/gastronomicament.cat\\\/ca\\\/saps-el-que-compres-els-nostres-habits-a-lhora-de-comprar-i-limpacte-mediambiental\",\"url\":\"https:\\\/\\\/gastronomicament.cat\\\/ca\\\/saps-el-que-compres-els-nostres-habits-a-lhora-de-comprar-i-limpacte-mediambiental\",\"name\":\"Saps el que compres? Els nostres h\u00e0bits a l'hora de comprar i l'impacte mediambiental - Gastron\u00f2micament\",\"isPartOf\":{\"@id\":\"https:\\\/\\\/gastronomicament.cat\\\/ca\\\/#website\"},\"primaryImageOfPage\":{\"@id\":\"https:\\\/\\\/gastronomicament.cat\\\/ca\\\/saps-el-que-compres-els-nostres-habits-a-lhora-de-comprar-i-limpacte-mediambiental#primaryimage\"},\"image\":{\"@id\":\"https:\\\/\\\/gastronomicament.cat\\\/ca\\\/saps-el-que-compres-els-nostres-habits-a-lhora-de-comprar-i-limpacte-mediambiental#primaryimage\"},\"thumbnailUrl\":\"https:\\\/\\\/gastronomicament.cat\\\/wp-content\\\/uploads\\\/2019\\\/06\\\/Saps-el-que-compres.jpg\",\"datePublished\":\"2019-06-14T11:08:07+00:00\",\"dateModified\":\"2022-04-07T09:13:44+00:00\",\"description\":\"Saps el que compres? Els nostres h\u00e0bits a l'hora de comprar i l'impacte mediambiental Actualitat, Reportatges i novetats Amb motiu del Dia Mundial del Medi Ambient (5 de juny) i la Setmana Europea de l\u2019Energia Sostenible (del 17 al 21 de juny) el Govern Balear, juntament amb el Consell Insular de Mallorca, ha organitzat una s\u00e8rie de tert\u00falies sobre distints temes mediambientals\",\"inLanguage\":\"ca-ES\",\"potentialAction\":[{\"@type\":\"ReadAction\",\"target\":[\"https:\\\/\\\/gastronomicament.cat\\\/ca\\\/saps-el-que-compres-els-nostres-habits-a-lhora-de-comprar-i-limpacte-mediambiental\"]}]},{\"@type\":\"ImageObject\",\"inLanguage\":\"ca-ES\",\"@id\":\"https:\\\/\\\/gastronomicament.cat\\\/ca\\\/saps-el-que-compres-els-nostres-habits-a-lhora-de-comprar-i-limpacte-mediambiental#primaryimage\",\"url\":\"https:\\\/\\\/gastronomicament.cat\\\/wp-content\\\/uploads\\\/2019\\\/06\\\/Saps-el-que-compres.jpg\",\"contentUrl\":\"https:\\\/\\\/gastronomicament.cat\\\/wp-content\\\/uploads\\\/2019\\\/06\\\/Saps-el-que-compres.jpg\",\"width\":1200,\"height\":900},{\"@type\":\"WebSite\",\"@id\":\"https:\\\/\\\/gastronomicament.cat\\\/ca\\\/#website\",\"url\":\"https:\\\/\\\/gastronomicament.cat\\\/ca\\\/\",\"name\":\"Gastron\u00f2micament\",\"description\":\"Portal de restaurants, receptes i actualitat gastron\u00f2mica\",\"publisher\":{\"@id\":\"https:\\\/\\\/gastronomicament.cat\\\/ca\\\/#organization\"},\"potentialAction\":[{\"@type\":\"SearchAction\",\"target\":{\"@type\":\"EntryPoint\",\"urlTemplate\":\"https:\\\/\\\/gastronomicament.cat\\\/ca\\\/?s={search_term_string}\"},\"query-input\":{\"@type\":\"PropertyValueSpecification\",\"valueRequired\":true,\"valueName\":\"search_term_string\"}}],\"inLanguage\":\"ca-ES\"},{\"@type\":\"Organization\",\"@id\":\"https:\\\/\\\/gastronomicament.cat\\\/ca\\\/#organization\",\"name\":\"Gastron\u00f2micament\",\"url\":\"https:\\\/\\\/gastronomicament.cat\\\/ca\\\/\",\"logo\":{\"@type\":\"ImageObject\",\"inLanguage\":\"ca-ES\",\"@id\":\"https:\\\/\\\/gastronomicament.cat\\\/ca\\\/#\\\/schema\\\/logo\\\/image\\\/\",\"url\":\"https:\\\/\\\/gastronomicament.cat\\\/wp-content\\\/uploads\\\/2016\\\/09\\\/header-logo.jpg\",\"contentUrl\":\"https:\\\/\\\/gastronomicament.cat\\\/wp-content\\\/uploads\\\/2016\\\/09\\\/header-logo.jpg\",\"width\":277,\"height\":39,\"caption\":\"Gastron\u00f2micament\"},\"image\":{\"@id\":\"https:\\\/\\\/gastronomicament.cat\\\/ca\\\/#\\\/schema\\\/logo\\\/image\\\/\"},\"sameAs\":[\"https:\\\/\\\/x.com\\\/gastronomicamen\"]},{\"@type\":\"Person\",\"@id\":\"https:\\\/\\\/gastronomicament.cat\\\/ca\\\/#\\\/schema\\\/person\\\/a7c85c537a1ed62799a5b8e0f686a37f\",\"name\":\"Redacci\u00f3\",\"image\":{\"@type\":\"ImageObject\",\"inLanguage\":\"ca-ES\",\"@id\":\"https:\\\/\\\/secure.gravatar.com\\\/avatar\\\/9489a485c464fd611d33825daae651d13db70c4e74c65c94937a15a9d4c3ee14?s=96&d=mm&r=g69fea3cce3645dfa2166e7293e22955e\",\"url\":\"https:\\\/\\\/secure.gravatar.com\\\/avatar\\\/9489a485c464fd611d33825daae651d13db70c4e74c65c94937a15a9d4c3ee14?s=96&d=mm&r=g\",\"contentUrl\":\"https:\\\/\\\/secure.gravatar.com\\\/avatar\\\/9489a485c464fd611d33825daae651d13db70c4e74c65c94937a15a9d4c3ee14?s=96&d=mm&r=g\",\"caption\":\"Redacci\u00f3\"},\"sameAs\":[\"http:\\\/\\\/gastronomicament.cat\"],\"url\":\"https:\\\/\\\/gastronomicament.cat\\\/ca\\\/author\\\/admin\"}]}<\/script>\n<!-- \/ Yoast SEO plugin. -->","yoast_head_json":{"title":"Saps el que compres? Els nostres h\u00e0bits a l'hora de comprar i l'impacte mediambiental - Gastron\u00f2micament","description":"Saps el que compres? Els nostres h\u00e0bits a l'hora de comprar i l'impacte mediambiental Actualitat, Reportatges i novetats Amb motiu del Dia Mundial del Medi Ambient (5 de juny) i la Setmana Europea de l\u2019Energia Sostenible (del 17 al 21 de juny) el Govern Balear, juntament amb el Consell Insular de Mallorca, ha organitzat una s\u00e8rie de tert\u00falies sobre distints temes mediambientals","robots":{"index":"index","follow":"follow","max-snippet":"max-snippet:-1","max-image-preview":"max-image-preview:large","max-video-preview":"max-video-preview:-1"},"canonical":"https:\/\/gastronomicament.cat\/ca\/saps-el-que-compres-els-nostres-habits-a-lhora-de-comprar-i-limpacte-mediambiental","og_locale":"ca_ES","og_type":"article","og_title":"Saps el que compres? Els nostres h\u00e0bits a l'hora de comprar i l'impacte mediambiental - Gastron\u00f2micament","og_description":"Saps el que compres? Els nostres h\u00e0bits a l'hora de comprar i l'impacte mediambiental Actualitat, Reportatges i novetats Amb motiu del Dia Mundial del Medi Ambient (5 de juny) i la Setmana Europea de l\u2019Energia Sostenible (del 17 al 21 de juny) el Govern Balear, juntament amb el Consell Insular de Mallorca, ha organitzat una s\u00e8rie de tert\u00falies sobre distints temes mediambientals","og_url":"https:\/\/gastronomicament.cat\/ca\/saps-el-que-compres-els-nostres-habits-a-lhora-de-comprar-i-limpacte-mediambiental","og_site_name":"Gastron\u00f2micament","article_published_time":"2019-06-14T11:08:07+00:00","article_modified_time":"2022-04-07T09:13:44+00:00","og_image":[{"width":1200,"height":900,"url":"https:\/\/gastronomicament.cat\/wp-content\/uploads\/2019\/06\/Saps-el-que-compres.jpg","type":"image\/jpeg"}],"author":"Redacci\u00f3","twitter_card":"summary_large_image","twitter_creator":"@gastronomicamen","twitter_site":"@gastronomicamen","twitter_misc":{"Written by":"Redacci\u00f3","Est. reading time":"1 minute"},"schema":{"@context":"https:\/\/schema.org","@graph":[{"@type":"Article","@id":"https:\/\/gastronomicament.cat\/ca\/saps-el-que-compres-els-nostres-habits-a-lhora-de-comprar-i-limpacte-mediambiental#article","isPartOf":{"@id":"https:\/\/gastronomicament.cat\/ca\/saps-el-que-compres-els-nostres-habits-a-lhora-de-comprar-i-limpacte-mediambiental"},"author":{"name":"Redacci\u00f3","@id":"https:\/\/gastronomicament.cat\/ca\/#\/schema\/person\/a7c85c537a1ed62799a5b8e0f686a37f"},"headline":"Saps el que compres? Els nostres h\u00e0bits a l&#8217;hora de comprar i l&#8217;impacte mediambiental","datePublished":"2019-06-14T11:08:07+00:00","dateModified":"2022-04-07T09:13:44+00:00","mainEntityOfPage":{"@id":"https:\/\/gastronomicament.cat\/ca\/saps-el-que-compres-els-nostres-habits-a-lhora-de-comprar-i-limpacte-mediambiental"},"wordCount":294,"commentCount":0,"publisher":{"@id":"https:\/\/gastronomicament.cat\/ca\/#organization"},"image":{"@id":"https:\/\/gastronomicament.cat\/ca\/saps-el-que-compres-els-nostres-habits-a-lhora-de-comprar-i-limpacte-mediambiental#primaryimage"},"thumbnailUrl":"https:\/\/gastronomicament.cat\/wp-content\/uploads\/2019\/06\/Saps-el-que-compres.jpg","articleSection":["Actualitat","Reportatges i novetats"],"inLanguage":"ca-ES","potentialAction":[{"@type":"CommentAction","name":"Comment","target":["https:\/\/gastronomicament.cat\/ca\/saps-el-que-compres-els-nostres-habits-a-lhora-de-comprar-i-limpacte-mediambiental#respond"]}]},{"@type":"WebPage","@id":"https:\/\/gastronomicament.cat\/ca\/saps-el-que-compres-els-nostres-habits-a-lhora-de-comprar-i-limpacte-mediambiental","url":"https:\/\/gastronomicament.cat\/ca\/saps-el-que-compres-els-nostres-habits-a-lhora-de-comprar-i-limpacte-mediambiental","name":"Saps el que compres? Els nostres h\u00e0bits a l'hora de comprar i l'impacte mediambiental - Gastron\u00f2micament","isPartOf":{"@id":"https:\/\/gastronomicament.cat\/ca\/#website"},"primaryImageOfPage":{"@id":"https:\/\/gastronomicament.cat\/ca\/saps-el-que-compres-els-nostres-habits-a-lhora-de-comprar-i-limpacte-mediambiental#primaryimage"},"image":{"@id":"https:\/\/gastronomicament.cat\/ca\/saps-el-que-compres-els-nostres-habits-a-lhora-de-comprar-i-limpacte-mediambiental#primaryimage"},"thumbnailUrl":"https:\/\/gastronomicament.cat\/wp-content\/uploads\/2019\/06\/Saps-el-que-compres.jpg","datePublished":"2019-06-14T11:08:07+00:00","dateModified":"2022-04-07T09:13:44+00:00","description":"Saps el que compres? Els nostres h\u00e0bits a l'hora de comprar i l'impacte mediambiental Actualitat, Reportatges i novetats Amb motiu del Dia Mundial del Medi Ambient (5 de juny) i la Setmana Europea de l\u2019Energia Sostenible (del 17 al 21 de juny) el Govern Balear, juntament amb el Consell Insular de Mallorca, ha organitzat una s\u00e8rie de tert\u00falies sobre distints temes mediambientals","inLanguage":"ca-ES","potentialAction":[{"@type":"ReadAction","target":["https:\/\/gastronomicament.cat\/ca\/saps-el-que-compres-els-nostres-habits-a-lhora-de-comprar-i-limpacte-mediambiental"]}]},{"@type":"ImageObject","inLanguage":"ca-ES","@id":"https:\/\/gastronomicament.cat\/ca\/saps-el-que-compres-els-nostres-habits-a-lhora-de-comprar-i-limpacte-mediambiental#primaryimage","url":"https:\/\/gastronomicament.cat\/wp-content\/uploads\/2019\/06\/Saps-el-que-compres.jpg","contentUrl":"https:\/\/gastronomicament.cat\/wp-content\/uploads\/2019\/06\/Saps-el-que-compres.jpg","width":1200,"height":900},{"@type":"WebSite","@id":"https:\/\/gastronomicament.cat\/ca\/#website","url":"https:\/\/gastronomicament.cat\/ca\/","name":"Gastron\u00f2micament","description":"Portal de restaurants, receptes i actualitat gastron\u00f2mica","publisher":{"@id":"https:\/\/gastronomicament.cat\/ca\/#organization"},"potentialAction":[{"@type":"SearchAction","target":{"@type":"EntryPoint","urlTemplate":"https:\/\/gastronomicament.cat\/ca\/?s={search_term_string}"},"query-input":{"@type":"PropertyValueSpecification","valueRequired":true,"valueName":"search_term_string"}}],"inLanguage":"ca-ES"},{"@type":"Organization","@id":"https:\/\/gastronomicament.cat\/ca\/#organization","name":"Gastron\u00f2micament","url":"https:\/\/gastronomicament.cat\/ca\/","logo":{"@type":"ImageObject","inLanguage":"ca-ES","@id":"https:\/\/gastronomicament.cat\/ca\/#\/schema\/logo\/image\/","url":"https:\/\/gastronomicament.cat\/wp-content\/uploads\/2016\/09\/header-logo.jpg","contentUrl":"https:\/\/gastronomicament.cat\/wp-content\/uploads\/2016\/09\/header-logo.jpg","width":277,"height":39,"caption":"Gastron\u00f2micament"},"image":{"@id":"https:\/\/gastronomicament.cat\/ca\/#\/schema\/logo\/image\/"},"sameAs":["https:\/\/x.com\/gastronomicamen"]},{"@type":"Person","@id":"https:\/\/gastronomicament.cat\/ca\/#\/schema\/person\/a7c85c537a1ed62799a5b8e0f686a37f","name":"Redacci\u00f3","image":{"@type":"ImageObject","inLanguage":"ca-ES","@id":"https:\/\/secure.gravatar.com\/avatar\/9489a485c464fd611d33825daae651d13db70c4e74c65c94937a15a9d4c3ee14?s=96&d=mm&r=g69fea3cce3645dfa2166e7293e22955e","url":"https:\/\/secure.gravatar.com\/avatar\/9489a485c464fd611d33825daae651d13db70c4e74c65c94937a15a9d4c3ee14?s=96&d=mm&r=g","contentUrl":"https:\/\/secure.gravatar.com\/avatar\/9489a485c464fd611d33825daae651d13db70c4e74c65c94937a15a9d4c3ee14?s=96&d=mm&r=g","caption":"Redacci\u00f3"},"sameAs":["http:\/\/gastronomicament.cat"],"url":"https:\/\/gastronomicament.cat\/ca\/author\/admin"}]}},"_links":{"self":[{"href":"https:\/\/gastronomicament.cat\/ca\/wp-json\/wp\/v2\/posts\/24442","targetHints":{"allow":["GET"]}}],"collection":[{"href":"https:\/\/gastronomicament.cat\/ca\/wp-json\/wp\/v2\/posts"}],"about":[{"href":"https:\/\/gastronomicament.cat\/ca\/wp-json\/wp\/v2\/types\/post"}],"author":[{"embeddable":true,"href":"https:\/\/gastronomicament.cat\/ca\/wp-json\/wp\/v2\/users\/1"}],"replies":[{"embeddable":true,"href":"https:\/\/gastronomicament.cat\/ca\/wp-json\/wp\/v2\/comments?post=24442"}],"version-history":[{"count":0,"href":"https:\/\/gastronomicament.cat\/ca\/wp-json\/wp\/v2\/posts\/24442\/revisions"}],"wp:featuredmedia":[{"embeddable":true,"href":"https:\/\/gastronomicament.cat\/ca\/wp-json\/wp\/v2\/media\/24443"}],"wp:attachment":[{"href":"https:\/\/gastronomicament.cat\/ca\/wp-json\/wp\/v2\/media?parent=24442"}],"wp:term":[{"taxonomy":"category","embeddable":true,"href":"https:\/\/gastronomicament.cat\/ca\/wp-json\/wp\/v2\/categories?post=24442"},{"taxonomy":"post_tag","embeddable":true,"href":"https:\/\/gastronomicament.cat\/ca\/wp-json\/wp\/v2\/tags?post=24442"},{"taxonomy":"author","embeddable":true,"href":"https:\/\/gastronomicament.cat\/ca\/wp-json\/wp\/v2\/coauthors?post=24442"}],"curies":[{"name":"wp","href":"https:\/\/api.w.org\/{rel}","templated":true}]}}