{"id":25054,"date":"2019-10-02T11:42:45","date_gmt":"2019-10-02T09:42:45","guid":{"rendered":"https:\/\/gastronomicament.cat\/?p=25054"},"modified":"2022-04-07T11:14:03","modified_gmt":"2022-04-07T09:14:03","slug":"son-roca-2017-callet-garrut-2018","status":"publish","type":"post","link":"https:\/\/gastronomicament.cat\/ca\/son-roca-2017-callet-garrut-2018","title":{"rendered":"Son Roca 2017 &#8211; Callet &#8211; Garrut 2018"},"content":{"rendered":"<h4><strong>Son Roca 2017<\/strong><\/h4>\n<p><a href=\"https:\/\/gastronomicament.cat\/wp-content\/uploads\/2019\/09\/Son-Roca-Blanca-Terra-Vi-de-la-Terra-Mallorca.jpg\"><img decoding=\"async\" class=\"alignleft wp-image-25056 size-medium\" src=\"https:\/\/gastronomicament.cat\/wp-content\/uploads\/2019\/09\/Son-Roca-Blanca-Terra-Vi-de-la-Terra-Mallorca-300x300.jpg\" alt=\"\" width=\"300\" height=\"300\" srcset=\"https:\/\/gastronomicament.cat\/wp-content\/uploads\/2019\/09\/Son-Roca-Blanca-Terra-Vi-de-la-Terra-Mallorca-300x300.jpg 300w, https:\/\/gastronomicament.cat\/wp-content\/uploads\/2019\/09\/Son-Roca-Blanca-Terra-Vi-de-la-Terra-Mallorca-150x150.jpg 150w, https:\/\/gastronomicament.cat\/wp-content\/uploads\/2019\/09\/Son-Roca-Blanca-Terra-Vi-de-la-Terra-Mallorca-50x50.jpg 50w, https:\/\/gastronomicament.cat\/wp-content\/uploads\/2019\/09\/Son-Roca-Blanca-Terra-Vi-de-la-Terra-Mallorca-60x60.jpg 60w, https:\/\/gastronomicament.cat\/wp-content\/uploads\/2019\/09\/Son-Roca-Blanca-Terra-Vi-de-la-Terra-Mallorca.jpg 500w\" sizes=\"(max-width: 300px) 100vw, 300px\" \/><\/a><\/p>\n<p>Aquest vi est\u00e0 elaborat pel celler\u00a0<strong>Blanca Terra<\/strong>, de la indicaci\u00f3 geogr\u00e0fica protegida Vi de la Terra de Mallorca. \u00c9s un vi monovarietal de\u00a0<strong>Sir\u00e0<\/strong>\u00a0que passa 6 mesos de crian\u00e7a en bota de roure franc\u00e8s. El ra\u00efm prov\u00e9 de vinyes joves de\u00a0<strong>Porreres<\/strong>. \u00c9s un vi arom\u00e0tic, amb un vermell intens. T\u00e9 una entrada suau en boca i hi persisteix el gust de fruita vermella d&#8217;una manera agradable. El nom \u00e9s un homenatge a la casa pairal del creador del celler,\u00a0<strong>Bernat Febrer<\/strong>, originari de Petra. Preu: 15,95 euros.<\/p>\n<p>&nbsp;<\/p>\n<p>&nbsp;<\/p>\n<p>&nbsp;<\/p>\n<p>&nbsp;<\/p>\n<h4><strong>Callet<\/strong><\/h4>\n<p><a href=\"https:\/\/gastronomicament.cat\/wp-content\/uploads\/2019\/09\/Callet-Can-Majoral.jpg\"><img decoding=\"async\" class=\"alignleft wp-image-25057 size-medium\" src=\"https:\/\/gastronomicament.cat\/wp-content\/uploads\/2019\/09\/Callet-Can-Majoral-300x300.jpg\" alt=\"\" width=\"300\" height=\"300\" srcset=\"https:\/\/gastronomicament.cat\/wp-content\/uploads\/2019\/09\/Callet-Can-Majoral-300x300.jpg 300w, https:\/\/gastronomicament.cat\/wp-content\/uploads\/2019\/09\/Callet-Can-Majoral-150x150.jpg 150w, https:\/\/gastronomicament.cat\/wp-content\/uploads\/2019\/09\/Callet-Can-Majoral-50x50.jpg 50w, https:\/\/gastronomicament.cat\/wp-content\/uploads\/2019\/09\/Callet-Can-Majoral-60x60.jpg 60w, https:\/\/gastronomicament.cat\/wp-content\/uploads\/2019\/09\/Callet-Can-Majoral.jpg 400w\" sizes=\"(max-width: 300px) 100vw, 300px\" \/><\/a><\/p>\n<p>El celler\u00a0<strong>Can Majoral\u00a0<\/strong>d&#8217;<strong>Algaida<\/strong>, de la Denominaci\u00f3 d&#8217;Origen Pla i Llevant, ha elaborat aquest vi amb la varietat que li dona el nom,\u00a0<strong>Callet<\/strong>. Es tracta d&#8217;un ra\u00efm aut\u00f2cton de Mallorca que t\u00e9 una crian\u00e7a de 10 mesos de crian\u00e7a en botes de roure franc\u00e8s. El vi t\u00e9 la certificaci\u00f3 ecol\u00f2gica. \u00c9s un vi fresc, amb una aroma fresca amb aromes florals i l\u00e0ctiques.\u00a0 En vista de color\u00a0<strong>vermell cirera,\u00a0<\/strong><strong>net i brillant<\/strong>.\u00a0L&#8217;etiqueta \u00e9s obra del pintor Llu\u00eds Maraver. Preu: 22 euros.<\/p>\n<p>&nbsp;<\/p>\n<p>&nbsp;<\/p>\n<p>&nbsp;<\/p>\n<p>&nbsp;<\/p>\n<h4><strong>Garrut 2018<\/strong><\/h4>\n<p><a href=\"https:\/\/gastronomicament.cat\/wp-content\/uploads\/2019\/09\/Garrut-2018.png\"><img decoding=\"async\" class=\"alignleft wp-image-25058 size-medium\" src=\"https:\/\/gastronomicament.cat\/wp-content\/uploads\/2019\/09\/Garrut-2018-300x300.png\" alt=\"\" width=\"300\" height=\"300\" srcset=\"https:\/\/gastronomicament.cat\/wp-content\/uploads\/2019\/09\/Garrut-2018-300x300.png 300w, https:\/\/gastronomicament.cat\/wp-content\/uploads\/2019\/09\/Garrut-2018-150x150.png 150w, https:\/\/gastronomicament.cat\/wp-content\/uploads\/2019\/09\/Garrut-2018-50x50.png 50w, https:\/\/gastronomicament.cat\/wp-content\/uploads\/2019\/09\/Garrut-2018-60x60.png 60w, https:\/\/gastronomicament.cat\/wp-content\/uploads\/2019\/09\/Garrut-2018.png 500w\" sizes=\"(max-width: 300px) 100vw, 300px\" \/><\/a><\/p>\n<p>El celler\u00a0<strong>Cara Nord<\/strong>, de la Denominaci\u00f3 d&#8217;Origen Conca de Barber\u00e0, presenta aquest vi elaborat amb la varietat aut\u00f2ctona de\u00a0<strong>Tarragona<\/strong>:\u00a0<strong>Garrut<\/strong>. \u00c9s un vi d&#8217;alta muntanya, elaborat amb ra\u00efm que procedeix de\u00a0<strong>vinyes situades a 800 metres<\/strong>\u00a0d&#8217;altitud, concretament a la cara nord de la Serra de Prades. A Garrut 2018, hhi destaquen notes de fruita vermella intensa, amb la frescor en boca i una bona acidesa. Preu: 15 euros<\/p>\n<p>&nbsp;<\/p>\n<p>&nbsp;<\/p>\n","protected":false},"excerpt":{"rendered":"<p>Vin\u00edcola, la secci\u00f3 de vins i licors de Gastron\u00f2micament us ofereix una tria seleccionada de les&hellip;<\/p>\n","protected":false},"author":1,"featured_media":25055,"comment_status":"open","ping_status":"closed","sticky":false,"template":"","format":"standard","meta":{"_acf_changed":false,"_swt_meta_header_display":false,"_swt_meta_footer_display":false,"_swt_meta_site_title_display":false,"_swt_meta_sticky_header":false,"_swt_meta_transparent_header":false,"footnotes":""},"categories":[692,963],"tags":[],"coauthors":[],"class_list":["post-25054","post","type-post","status-publish","format-standard","has-post-thumbnail","hentry","category-actualitat","category-vinicola-actualitat"],"acf":{"gallery":null,"home_date":{"home_begin_date":null,"home_end_date":null}},"yoast_head":"<!-- This site is optimized with the Yoast SEO plugin v27.4 - https:\/\/yoast.com\/product\/yoast-seo-wordpress\/ -->\n<title>Son Roca 2017 - Callet - Garrut 2018 - Gastron\u00f2micament<\/title>\n<meta name=\"description\" content=\"Son Roca 2017 - Callet - Garrut 2018 Actualitat, Vin\u00edcola Vin\u00edcola, la secci\u00f3 de vins i licors de Gastron\u00f2micament us ofereix una tria seleccionada de les novetats i propotes m\u00e9s destacades de l&#039;actualitat\" \/>\n<meta name=\"robots\" content=\"index, follow, max-snippet:-1, max-image-preview:large, max-video-preview:-1\" \/>\n<link rel=\"canonical\" href=\"https:\/\/gastronomicament.cat\/ca\/son-roca-2017-callet-garrut-2018\" \/>\n<meta property=\"og:locale\" content=\"ca_ES\" \/>\n<meta property=\"og:type\" content=\"article\" \/>\n<meta property=\"og:title\" content=\"Son Roca 2017 - Callet - Garrut 2018 - Gastron\u00f2micament\" \/>\n<meta property=\"og:description\" content=\"Son Roca 2017 - Callet - Garrut 2018 Actualitat, Vin\u00edcola Vin\u00edcola, la secci\u00f3 de vins i licors de Gastron\u00f2micament us ofereix una tria seleccionada de les novetats i propotes m\u00e9s destacades de l&#039;actualitat\" \/>\n<meta property=\"og:url\" content=\"https:\/\/gastronomicament.cat\/ca\/son-roca-2017-callet-garrut-2018\" \/>\n<meta property=\"og:site_name\" content=\"Gastron\u00f2micament\" \/>\n<meta property=\"article:published_time\" content=\"2019-10-02T09:42:45+00:00\" \/>\n<meta property=\"article:modified_time\" content=\"2022-04-07T09:14:03+00:00\" \/>\n<meta property=\"og:image\" content=\"https:\/\/gastronomicament.cat\/wp-content\/uploads\/2019\/09\/vinicola-octubre-2019.jpg\" \/>\n\t<meta property=\"og:image:width\" content=\"850\" \/>\n\t<meta property=\"og:image:height\" content=\"400\" \/>\n\t<meta property=\"og:image:type\" content=\"image\/jpeg\" \/>\n<meta name=\"author\" content=\"Redacci\u00f3\" \/>\n<meta name=\"twitter:card\" content=\"summary_large_image\" \/>\n<meta name=\"twitter:creator\" content=\"@gastronomicamen\" \/>\n<meta name=\"twitter:site\" content=\"@gastronomicamen\" \/>\n<meta name=\"twitter:label1\" content=\"Written by\" \/>\n\t<meta name=\"twitter:data1\" content=\"Redacci\u00f3\" \/>\n\t<meta name=\"twitter:label2\" content=\"Est. reading time\" \/>\n\t<meta name=\"twitter:data2\" content=\"1 minute\" \/>\n<script type=\"application\/ld+json\" class=\"yoast-schema-graph\">{\"@context\":\"https:\\\/\\\/schema.org\",\"@graph\":[{\"@type\":\"Article\",\"@id\":\"https:\\\/\\\/gastronomicament.cat\\\/ca\\\/son-roca-2017-callet-garrut-2018#article\",\"isPartOf\":{\"@id\":\"https:\\\/\\\/gastronomicament.cat\\\/ca\\\/son-roca-2017-callet-garrut-2018\"},\"author\":{\"name\":\"Redacci\u00f3\",\"@id\":\"https:\\\/\\\/gastronomicament.cat\\\/ca\\\/#\\\/schema\\\/person\\\/a7c85c537a1ed62799a5b8e0f686a37f\"},\"headline\":\"Son Roca 2017 &#8211; Callet &#8211; Garrut 2018\",\"datePublished\":\"2019-10-02T09:42:45+00:00\",\"dateModified\":\"2022-04-07T09:14:03+00:00\",\"mainEntityOfPage\":{\"@id\":\"https:\\\/\\\/gastronomicament.cat\\\/ca\\\/son-roca-2017-callet-garrut-2018\"},\"wordCount\":273,\"commentCount\":0,\"publisher\":{\"@id\":\"https:\\\/\\\/gastronomicament.cat\\\/ca\\\/#organization\"},\"image\":{\"@id\":\"https:\\\/\\\/gastronomicament.cat\\\/ca\\\/son-roca-2017-callet-garrut-2018#primaryimage\"},\"thumbnailUrl\":\"https:\\\/\\\/gastronomicament.cat\\\/wp-content\\\/uploads\\\/2019\\\/09\\\/vinicola-octubre-2019.jpg\",\"articleSection\":[\"Actualitat\",\"Vin\u00edcola\"],\"inLanguage\":\"ca-ES\",\"potentialAction\":[{\"@type\":\"CommentAction\",\"name\":\"Comment\",\"target\":[\"https:\\\/\\\/gastronomicament.cat\\\/ca\\\/son-roca-2017-callet-garrut-2018#respond\"]}]},{\"@type\":\"WebPage\",\"@id\":\"https:\\\/\\\/gastronomicament.cat\\\/ca\\\/son-roca-2017-callet-garrut-2018\",\"url\":\"https:\\\/\\\/gastronomicament.cat\\\/ca\\\/son-roca-2017-callet-garrut-2018\",\"name\":\"Son Roca 2017 - Callet - Garrut 2018 - Gastron\u00f2micament\",\"isPartOf\":{\"@id\":\"https:\\\/\\\/gastronomicament.cat\\\/ca\\\/#website\"},\"primaryImageOfPage\":{\"@id\":\"https:\\\/\\\/gastronomicament.cat\\\/ca\\\/son-roca-2017-callet-garrut-2018#primaryimage\"},\"image\":{\"@id\":\"https:\\\/\\\/gastronomicament.cat\\\/ca\\\/son-roca-2017-callet-garrut-2018#primaryimage\"},\"thumbnailUrl\":\"https:\\\/\\\/gastronomicament.cat\\\/wp-content\\\/uploads\\\/2019\\\/09\\\/vinicola-octubre-2019.jpg\",\"datePublished\":\"2019-10-02T09:42:45+00:00\",\"dateModified\":\"2022-04-07T09:14:03+00:00\",\"description\":\"Son Roca 2017 - Callet - Garrut 2018 Actualitat, Vin\u00edcola Vin\u00edcola, la secci\u00f3 de vins i licors de Gastron\u00f2micament us ofereix una tria seleccionada de les novetats i propotes m\u00e9s destacades de l'actualitat\",\"inLanguage\":\"ca-ES\",\"potentialAction\":[{\"@type\":\"ReadAction\",\"target\":[\"https:\\\/\\\/gastronomicament.cat\\\/ca\\\/son-roca-2017-callet-garrut-2018\"]}]},{\"@type\":\"ImageObject\",\"inLanguage\":\"ca-ES\",\"@id\":\"https:\\\/\\\/gastronomicament.cat\\\/ca\\\/son-roca-2017-callet-garrut-2018#primaryimage\",\"url\":\"https:\\\/\\\/gastronomicament.cat\\\/wp-content\\\/uploads\\\/2019\\\/09\\\/vinicola-octubre-2019.jpg\",\"contentUrl\":\"https:\\\/\\\/gastronomicament.cat\\\/wp-content\\\/uploads\\\/2019\\\/09\\\/vinicola-octubre-2019.jpg\",\"width\":850,\"height\":400},{\"@type\":\"WebSite\",\"@id\":\"https:\\\/\\\/gastronomicament.cat\\\/ca\\\/#website\",\"url\":\"https:\\\/\\\/gastronomicament.cat\\\/ca\\\/\",\"name\":\"Gastron\u00f2micament\",\"description\":\"Portal de restaurants, receptes i actualitat gastron\u00f2mica\",\"publisher\":{\"@id\":\"https:\\\/\\\/gastronomicament.cat\\\/ca\\\/#organization\"},\"potentialAction\":[{\"@type\":\"SearchAction\",\"target\":{\"@type\":\"EntryPoint\",\"urlTemplate\":\"https:\\\/\\\/gastronomicament.cat\\\/ca\\\/?s={search_term_string}\"},\"query-input\":{\"@type\":\"PropertyValueSpecification\",\"valueRequired\":true,\"valueName\":\"search_term_string\"}}],\"inLanguage\":\"ca-ES\"},{\"@type\":\"Organization\",\"@id\":\"https:\\\/\\\/gastronomicament.cat\\\/ca\\\/#organization\",\"name\":\"Gastron\u00f2micament\",\"url\":\"https:\\\/\\\/gastronomicament.cat\\\/ca\\\/\",\"logo\":{\"@type\":\"ImageObject\",\"inLanguage\":\"ca-ES\",\"@id\":\"https:\\\/\\\/gastronomicament.cat\\\/ca\\\/#\\\/schema\\\/logo\\\/image\\\/\",\"url\":\"https:\\\/\\\/gastronomicament.cat\\\/wp-content\\\/uploads\\\/2016\\\/09\\\/header-logo.jpg\",\"contentUrl\":\"https:\\\/\\\/gastronomicament.cat\\\/wp-content\\\/uploads\\\/2016\\\/09\\\/header-logo.jpg\",\"width\":277,\"height\":39,\"caption\":\"Gastron\u00f2micament\"},\"image\":{\"@id\":\"https:\\\/\\\/gastronomicament.cat\\\/ca\\\/#\\\/schema\\\/logo\\\/image\\\/\"},\"sameAs\":[\"https:\\\/\\\/x.com\\\/gastronomicamen\"]},{\"@type\":\"Person\",\"@id\":\"https:\\\/\\\/gastronomicament.cat\\\/ca\\\/#\\\/schema\\\/person\\\/a7c85c537a1ed62799a5b8e0f686a37f\",\"name\":\"Redacci\u00f3\",\"image\":{\"@type\":\"ImageObject\",\"inLanguage\":\"ca-ES\",\"@id\":\"https:\\\/\\\/secure.gravatar.com\\\/avatar\\\/9489a485c464fd611d33825daae651d13db70c4e74c65c94937a15a9d4c3ee14?s=96&d=mm&r=g69fea3cce3645dfa2166e7293e22955e\",\"url\":\"https:\\\/\\\/secure.gravatar.com\\\/avatar\\\/9489a485c464fd611d33825daae651d13db70c4e74c65c94937a15a9d4c3ee14?s=96&d=mm&r=g\",\"contentUrl\":\"https:\\\/\\\/secure.gravatar.com\\\/avatar\\\/9489a485c464fd611d33825daae651d13db70c4e74c65c94937a15a9d4c3ee14?s=96&d=mm&r=g\",\"caption\":\"Redacci\u00f3\"},\"sameAs\":[\"http:\\\/\\\/gastronomicament.cat\"],\"url\":\"https:\\\/\\\/gastronomicament.cat\\\/ca\\\/author\\\/admin\"}]}<\/script>\n<!-- \/ Yoast SEO plugin. -->","yoast_head_json":{"title":"Son Roca 2017 - Callet - Garrut 2018 - Gastron\u00f2micament","description":"Son Roca 2017 - Callet - Garrut 2018 Actualitat, Vin\u00edcola Vin\u00edcola, la secci\u00f3 de vins i licors de Gastron\u00f2micament us ofereix una tria seleccionada de les novetats i propotes m\u00e9s destacades de l'actualitat","robots":{"index":"index","follow":"follow","max-snippet":"max-snippet:-1","max-image-preview":"max-image-preview:large","max-video-preview":"max-video-preview:-1"},"canonical":"https:\/\/gastronomicament.cat\/ca\/son-roca-2017-callet-garrut-2018","og_locale":"ca_ES","og_type":"article","og_title":"Son Roca 2017 - Callet - Garrut 2018 - Gastron\u00f2micament","og_description":"Son Roca 2017 - Callet - Garrut 2018 Actualitat, Vin\u00edcola Vin\u00edcola, la secci\u00f3 de vins i licors de Gastron\u00f2micament us ofereix una tria seleccionada de les novetats i propotes m\u00e9s destacades de l'actualitat","og_url":"https:\/\/gastronomicament.cat\/ca\/son-roca-2017-callet-garrut-2018","og_site_name":"Gastron\u00f2micament","article_published_time":"2019-10-02T09:42:45+00:00","article_modified_time":"2022-04-07T09:14:03+00:00","og_image":[{"width":850,"height":400,"url":"https:\/\/gastronomicament.cat\/wp-content\/uploads\/2019\/09\/vinicola-octubre-2019.jpg","type":"image\/jpeg"}],"author":"Redacci\u00f3","twitter_card":"summary_large_image","twitter_creator":"@gastronomicamen","twitter_site":"@gastronomicamen","twitter_misc":{"Written by":"Redacci\u00f3","Est. reading time":"1 minute"},"schema":{"@context":"https:\/\/schema.org","@graph":[{"@type":"Article","@id":"https:\/\/gastronomicament.cat\/ca\/son-roca-2017-callet-garrut-2018#article","isPartOf":{"@id":"https:\/\/gastronomicament.cat\/ca\/son-roca-2017-callet-garrut-2018"},"author":{"name":"Redacci\u00f3","@id":"https:\/\/gastronomicament.cat\/ca\/#\/schema\/person\/a7c85c537a1ed62799a5b8e0f686a37f"},"headline":"Son Roca 2017 &#8211; Callet &#8211; Garrut 2018","datePublished":"2019-10-02T09:42:45+00:00","dateModified":"2022-04-07T09:14:03+00:00","mainEntityOfPage":{"@id":"https:\/\/gastronomicament.cat\/ca\/son-roca-2017-callet-garrut-2018"},"wordCount":273,"commentCount":0,"publisher":{"@id":"https:\/\/gastronomicament.cat\/ca\/#organization"},"image":{"@id":"https:\/\/gastronomicament.cat\/ca\/son-roca-2017-callet-garrut-2018#primaryimage"},"thumbnailUrl":"https:\/\/gastronomicament.cat\/wp-content\/uploads\/2019\/09\/vinicola-octubre-2019.jpg","articleSection":["Actualitat","Vin\u00edcola"],"inLanguage":"ca-ES","potentialAction":[{"@type":"CommentAction","name":"Comment","target":["https:\/\/gastronomicament.cat\/ca\/son-roca-2017-callet-garrut-2018#respond"]}]},{"@type":"WebPage","@id":"https:\/\/gastronomicament.cat\/ca\/son-roca-2017-callet-garrut-2018","url":"https:\/\/gastronomicament.cat\/ca\/son-roca-2017-callet-garrut-2018","name":"Son Roca 2017 - Callet - Garrut 2018 - Gastron\u00f2micament","isPartOf":{"@id":"https:\/\/gastronomicament.cat\/ca\/#website"},"primaryImageOfPage":{"@id":"https:\/\/gastronomicament.cat\/ca\/son-roca-2017-callet-garrut-2018#primaryimage"},"image":{"@id":"https:\/\/gastronomicament.cat\/ca\/son-roca-2017-callet-garrut-2018#primaryimage"},"thumbnailUrl":"https:\/\/gastronomicament.cat\/wp-content\/uploads\/2019\/09\/vinicola-octubre-2019.jpg","datePublished":"2019-10-02T09:42:45+00:00","dateModified":"2022-04-07T09:14:03+00:00","description":"Son Roca 2017 - Callet - Garrut 2018 Actualitat, Vin\u00edcola Vin\u00edcola, la secci\u00f3 de vins i licors de Gastron\u00f2micament us ofereix una tria seleccionada de les novetats i propotes m\u00e9s destacades de l'actualitat","inLanguage":"ca-ES","potentialAction":[{"@type":"ReadAction","target":["https:\/\/gastronomicament.cat\/ca\/son-roca-2017-callet-garrut-2018"]}]},{"@type":"ImageObject","inLanguage":"ca-ES","@id":"https:\/\/gastronomicament.cat\/ca\/son-roca-2017-callet-garrut-2018#primaryimage","url":"https:\/\/gastronomicament.cat\/wp-content\/uploads\/2019\/09\/vinicola-octubre-2019.jpg","contentUrl":"https:\/\/gastronomicament.cat\/wp-content\/uploads\/2019\/09\/vinicola-octubre-2019.jpg","width":850,"height":400},{"@type":"WebSite","@id":"https:\/\/gastronomicament.cat\/ca\/#website","url":"https:\/\/gastronomicament.cat\/ca\/","name":"Gastron\u00f2micament","description":"Portal de restaurants, receptes i actualitat gastron\u00f2mica","publisher":{"@id":"https:\/\/gastronomicament.cat\/ca\/#organization"},"potentialAction":[{"@type":"SearchAction","target":{"@type":"EntryPoint","urlTemplate":"https:\/\/gastronomicament.cat\/ca\/?s={search_term_string}"},"query-input":{"@type":"PropertyValueSpecification","valueRequired":true,"valueName":"search_term_string"}}],"inLanguage":"ca-ES"},{"@type":"Organization","@id":"https:\/\/gastronomicament.cat\/ca\/#organization","name":"Gastron\u00f2micament","url":"https:\/\/gastronomicament.cat\/ca\/","logo":{"@type":"ImageObject","inLanguage":"ca-ES","@id":"https:\/\/gastronomicament.cat\/ca\/#\/schema\/logo\/image\/","url":"https:\/\/gastronomicament.cat\/wp-content\/uploads\/2016\/09\/header-logo.jpg","contentUrl":"https:\/\/gastronomicament.cat\/wp-content\/uploads\/2016\/09\/header-logo.jpg","width":277,"height":39,"caption":"Gastron\u00f2micament"},"image":{"@id":"https:\/\/gastronomicament.cat\/ca\/#\/schema\/logo\/image\/"},"sameAs":["https:\/\/x.com\/gastronomicamen"]},{"@type":"Person","@id":"https:\/\/gastronomicament.cat\/ca\/#\/schema\/person\/a7c85c537a1ed62799a5b8e0f686a37f","name":"Redacci\u00f3","image":{"@type":"ImageObject","inLanguage":"ca-ES","@id":"https:\/\/secure.gravatar.com\/avatar\/9489a485c464fd611d33825daae651d13db70c4e74c65c94937a15a9d4c3ee14?s=96&d=mm&r=g69fea3cce3645dfa2166e7293e22955e","url":"https:\/\/secure.gravatar.com\/avatar\/9489a485c464fd611d33825daae651d13db70c4e74c65c94937a15a9d4c3ee14?s=96&d=mm&r=g","contentUrl":"https:\/\/secure.gravatar.com\/avatar\/9489a485c464fd611d33825daae651d13db70c4e74c65c94937a15a9d4c3ee14?s=96&d=mm&r=g","caption":"Redacci\u00f3"},"sameAs":["http:\/\/gastronomicament.cat"],"url":"https:\/\/gastronomicament.cat\/ca\/author\/admin"}]}},"_links":{"self":[{"href":"https:\/\/gastronomicament.cat\/ca\/wp-json\/wp\/v2\/posts\/25054","targetHints":{"allow":["GET"]}}],"collection":[{"href":"https:\/\/gastronomicament.cat\/ca\/wp-json\/wp\/v2\/posts"}],"about":[{"href":"https:\/\/gastronomicament.cat\/ca\/wp-json\/wp\/v2\/types\/post"}],"author":[{"embeddable":true,"href":"https:\/\/gastronomicament.cat\/ca\/wp-json\/wp\/v2\/users\/1"}],"replies":[{"embeddable":true,"href":"https:\/\/gastronomicament.cat\/ca\/wp-json\/wp\/v2\/comments?post=25054"}],"version-history":[{"count":0,"href":"https:\/\/gastronomicament.cat\/ca\/wp-json\/wp\/v2\/posts\/25054\/revisions"}],"wp:featuredmedia":[{"embeddable":true,"href":"https:\/\/gastronomicament.cat\/ca\/wp-json\/wp\/v2\/media\/25055"}],"wp:attachment":[{"href":"https:\/\/gastronomicament.cat\/ca\/wp-json\/wp\/v2\/media?parent=25054"}],"wp:term":[{"taxonomy":"category","embeddable":true,"href":"https:\/\/gastronomicament.cat\/ca\/wp-json\/wp\/v2\/categories?post=25054"},{"taxonomy":"post_tag","embeddable":true,"href":"https:\/\/gastronomicament.cat\/ca\/wp-json\/wp\/v2\/tags?post=25054"},{"taxonomy":"author","embeddable":true,"href":"https:\/\/gastronomicament.cat\/ca\/wp-json\/wp\/v2\/coauthors?post=25054"}],"curies":[{"name":"wp","href":"https:\/\/api.w.org\/{rel}","templated":true}]}}