{"id":25146,"date":"2019-10-09T09:44:46","date_gmt":"2019-10-09T07:44:46","guid":{"rendered":"https:\/\/gastronomicament.cat\/?p=25146"},"modified":"2022-04-07T11:14:04","modified_gmt":"2022-04-07T09:14:04","slug":"gran-sopar-a-jumeirah-port-de-soller","status":"publish","type":"post","link":"https:\/\/gastronomicament.cat\/ca\/gran-sopar-a-jumeirah-port-de-soller","title":{"rendered":"Gran sopar a Jumeirah Port de S\u00f3ller"},"content":{"rendered":"<p>El restaurant\u00a0<strong>Es Fanals<\/strong>\u00a0de l&#8217;hotel\u00a0<strong>Jumeirah Port de S\u00f3ller<\/strong>\u00a0ha organitzat un\u00a0<strong>sopar\u00a0<\/strong>amb un cartell de primera. Es tracta de la darrera sessi\u00f3 del cicle<strong>\u00a0Guest Chef Series<\/strong>\u00a0que aquest\u00a0<strong>2019\u00a0<\/strong>ha arribat a la quarta edici\u00f3.<\/p>\n<p>L&#8217;activitat tendr\u00e0 lloc dia<strong>\u00a01 de novembre<\/strong>\u00a0i reunir\u00e0 a tots els cuiners que han participat enguany en aquest cicle.\u00a0<strong>Javier Soriano<\/strong>, cap de cuina del restaurant Es Fanals, compartir\u00e0 fogons amb 4 destacades figures de la cuina de Mallorca com\u00a0<strong>Cati Pieras<\/strong>, xef del restaurant Daica i Millor Xef de l&#8217;any 2018 a Mallorca. Tamb\u00e9 hi ser\u00e0 present\u00a0<strong>Andreu Ben\u00edtez<\/strong>, xef del restaurant Bot\u00e0nic de Palma, qui durant anys ha estat la m\u00e0 dreta de Tomeu Caldentey al desaparegut Bou Restaurant. A m\u00e9s a m\u00e9s, hi participar\u00e0\u00a0<strong>Javier Hoebeec<\/strong>k, xef del restaurant Fusi\u00f3n 19 de la Platja de Muro, que est\u00e0 destacant a la zona nord de Mallorca; i tamb\u00e9 hi participar\u00e0\u00a0<strong>Fabi\u00e1n Fuster<\/strong>, del restaurant Canela de Palma, un dels restaurants que marquen tend\u00e8ncia des de fa un parell d&#8217;anys a la capital de l&#8217;illa.<\/p>\n<p>Per gaudir completament d&#8217;aquesta experi\u00e8ncia culin\u00e0ria l&#8217;hotel Jumeriah ha creat un\u00a0<strong>paquet\u00a0<\/strong>especial que inclou el\u00a0<strong>sopar\u00a0<\/strong>i l&#8217;<strong>estada d&#8217;una nit<\/strong>\u00a0per<strong>\u00a0450 euros<\/strong>. M\u00e9s\u00a0<strong>informaci\u00f3\u00a0<\/strong>i\u00a0<strong>reserves\u00a0<\/strong>al\u00a0971 637 888.<\/p>\n","protected":false},"excerpt":{"rendered":"<p>El restaurant\u00a0Es Fanals\u00a0de l&#8217;hotel\u00a0Jumeirah Port de S\u00f3ller\u00a0ha organitzat un\u00a0sopar\u00a0amb un cartell de primera. Es tracta de&hellip;<\/p>\n","protected":false},"author":1,"featured_media":25147,"comment_status":"open","ping_status":"closed","sticky":false,"template":"","format":"standard","meta":{"_acf_changed":false,"_swt_meta_header_display":false,"_swt_meta_footer_display":false,"_swt_meta_site_title_display":false,"_swt_meta_sticky_header":false,"_swt_meta_transparent_header":false,"footnotes":""},"categories":[692,954],"tags":[],"coauthors":[],"class_list":["post-25146","post","type-post","status-publish","format-standard","has-post-thumbnail","hentry","category-actualitat","category-fires-i-rutes"],"acf":{"gallery":null,"home_date":{"home_begin_date":null,"home_end_date":null}},"yoast_head":"<!-- This site is optimized with the Yoast SEO plugin v27.4 - https:\/\/yoast.com\/product\/yoast-seo-wordpress\/ -->\n<title>Gran sopar a Jumeirah Port de S\u00f3ller - Gastron\u00f2micament<\/title>\n<meta name=\"description\" content=\"Gran sopar a Jumeirah Port de S\u00f3ller Actualitat, Fires i rutes El restaurant\u00a0Es Fanals\u00a0de l&#039;hotel\u00a0Jumeirah Port de S\u00f3ller\u00a0ha organitzat un\u00a0sopar\u00a0amb un cartell de primera. Es tracta de la darrera sessi\u00f3 del cicle\u00a0Guest Chef Series\u00a0que aquest\u00a02019\u00a0ha arribat a la quarta edici\u00f3\" \/>\n<meta name=\"robots\" content=\"index, follow, max-snippet:-1, max-image-preview:large, max-video-preview:-1\" \/>\n<link rel=\"canonical\" href=\"https:\/\/gastronomicament.cat\/ca\/gran-sopar-a-jumeirah-port-de-soller\" \/>\n<meta property=\"og:locale\" content=\"ca_ES\" \/>\n<meta property=\"og:type\" content=\"article\" \/>\n<meta property=\"og:title\" content=\"Gran sopar a Jumeirah Port de S\u00f3ller - Gastron\u00f2micament\" \/>\n<meta property=\"og:description\" content=\"Gran sopar a Jumeirah Port de S\u00f3ller Actualitat, Fires i rutes El restaurant\u00a0Es Fanals\u00a0de l&#039;hotel\u00a0Jumeirah Port de S\u00f3ller\u00a0ha organitzat un\u00a0sopar\u00a0amb un cartell de primera. Es tracta de la darrera sessi\u00f3 del cicle\u00a0Guest Chef Series\u00a0que aquest\u00a02019\u00a0ha arribat a la quarta edici\u00f3\" \/>\n<meta property=\"og:url\" content=\"https:\/\/gastronomicament.cat\/ca\/gran-sopar-a-jumeirah-port-de-soller\" \/>\n<meta property=\"og:site_name\" content=\"Gastron\u00f2micament\" \/>\n<meta property=\"article:published_time\" content=\"2019-10-09T07:44:46+00:00\" \/>\n<meta property=\"article:modified_time\" content=\"2022-04-07T09:14:04+00:00\" \/>\n<meta property=\"og:image\" content=\"https:\/\/gastronomicament.cat\/wp-content\/uploads\/2019\/10\/Guest-Chef-Series-Jumeirah-Port-Soller-2019.jpg\" \/>\n\t<meta property=\"og:image:width\" content=\"960\" \/>\n\t<meta property=\"og:image:height\" content=\"744\" \/>\n\t<meta property=\"og:image:type\" content=\"image\/jpeg\" \/>\n<meta name=\"author\" content=\"Redacci\u00f3\" \/>\n<meta name=\"twitter:card\" content=\"summary_large_image\" \/>\n<meta name=\"twitter:creator\" content=\"@gastronomicamen\" \/>\n<meta name=\"twitter:site\" content=\"@gastronomicamen\" \/>\n<meta name=\"twitter:label1\" content=\"Written by\" \/>\n\t<meta name=\"twitter:data1\" content=\"Redacci\u00f3\" \/>\n\t<meta name=\"twitter:label2\" content=\"Est. reading time\" \/>\n\t<meta name=\"twitter:data2\" content=\"1 minute\" \/>\n<script type=\"application\/ld+json\" class=\"yoast-schema-graph\">{\"@context\":\"https:\\\/\\\/schema.org\",\"@graph\":[{\"@type\":\"Article\",\"@id\":\"https:\\\/\\\/gastronomicament.cat\\\/ca\\\/gran-sopar-a-jumeirah-port-de-soller#article\",\"isPartOf\":{\"@id\":\"https:\\\/\\\/gastronomicament.cat\\\/ca\\\/gran-sopar-a-jumeirah-port-de-soller\"},\"author\":{\"name\":\"Redacci\u00f3\",\"@id\":\"https:\\\/\\\/gastronomicament.cat\\\/ca\\\/#\\\/schema\\\/person\\\/a7c85c537a1ed62799a5b8e0f686a37f\"},\"headline\":\"Gran sopar a Jumeirah Port de S\u00f3ller\",\"datePublished\":\"2019-10-09T07:44:46+00:00\",\"dateModified\":\"2022-04-07T09:14:04+00:00\",\"mainEntityOfPage\":{\"@id\":\"https:\\\/\\\/gastronomicament.cat\\\/ca\\\/gran-sopar-a-jumeirah-port-de-soller\"},\"wordCount\":218,\"commentCount\":0,\"publisher\":{\"@id\":\"https:\\\/\\\/gastronomicament.cat\\\/ca\\\/#organization\"},\"image\":{\"@id\":\"https:\\\/\\\/gastronomicament.cat\\\/ca\\\/gran-sopar-a-jumeirah-port-de-soller#primaryimage\"},\"thumbnailUrl\":\"https:\\\/\\\/gastronomicament.cat\\\/wp-content\\\/uploads\\\/2019\\\/10\\\/Guest-Chef-Series-Jumeirah-Port-Soller-2019.jpg\",\"articleSection\":[\"Actualitat\",\"Fires i rutes\"],\"inLanguage\":\"ca-ES\",\"potentialAction\":[{\"@type\":\"CommentAction\",\"name\":\"Comment\",\"target\":[\"https:\\\/\\\/gastronomicament.cat\\\/ca\\\/gran-sopar-a-jumeirah-port-de-soller#respond\"]}]},{\"@type\":\"WebPage\",\"@id\":\"https:\\\/\\\/gastronomicament.cat\\\/ca\\\/gran-sopar-a-jumeirah-port-de-soller\",\"url\":\"https:\\\/\\\/gastronomicament.cat\\\/ca\\\/gran-sopar-a-jumeirah-port-de-soller\",\"name\":\"Gran sopar a Jumeirah Port de S\u00f3ller - Gastron\u00f2micament\",\"isPartOf\":{\"@id\":\"https:\\\/\\\/gastronomicament.cat\\\/ca\\\/#website\"},\"primaryImageOfPage\":{\"@id\":\"https:\\\/\\\/gastronomicament.cat\\\/ca\\\/gran-sopar-a-jumeirah-port-de-soller#primaryimage\"},\"image\":{\"@id\":\"https:\\\/\\\/gastronomicament.cat\\\/ca\\\/gran-sopar-a-jumeirah-port-de-soller#primaryimage\"},\"thumbnailUrl\":\"https:\\\/\\\/gastronomicament.cat\\\/wp-content\\\/uploads\\\/2019\\\/10\\\/Guest-Chef-Series-Jumeirah-Port-Soller-2019.jpg\",\"datePublished\":\"2019-10-09T07:44:46+00:00\",\"dateModified\":\"2022-04-07T09:14:04+00:00\",\"description\":\"Gran sopar a Jumeirah Port de S\u00f3ller Actualitat, Fires i rutes El restaurant\u00a0Es Fanals\u00a0de l'hotel\u00a0Jumeirah Port de S\u00f3ller\u00a0ha organitzat un\u00a0sopar\u00a0amb un cartell de primera. Es tracta de la darrera sessi\u00f3 del cicle\u00a0Guest Chef Series\u00a0que aquest\u00a02019\u00a0ha arribat a la quarta edici\u00f3\",\"inLanguage\":\"ca-ES\",\"potentialAction\":[{\"@type\":\"ReadAction\",\"target\":[\"https:\\\/\\\/gastronomicament.cat\\\/ca\\\/gran-sopar-a-jumeirah-port-de-soller\"]}]},{\"@type\":\"ImageObject\",\"inLanguage\":\"ca-ES\",\"@id\":\"https:\\\/\\\/gastronomicament.cat\\\/ca\\\/gran-sopar-a-jumeirah-port-de-soller#primaryimage\",\"url\":\"https:\\\/\\\/gastronomicament.cat\\\/wp-content\\\/uploads\\\/2019\\\/10\\\/Guest-Chef-Series-Jumeirah-Port-Soller-2019.jpg\",\"contentUrl\":\"https:\\\/\\\/gastronomicament.cat\\\/wp-content\\\/uploads\\\/2019\\\/10\\\/Guest-Chef-Series-Jumeirah-Port-Soller-2019.jpg\",\"width\":960,\"height\":744},{\"@type\":\"WebSite\",\"@id\":\"https:\\\/\\\/gastronomicament.cat\\\/ca\\\/#website\",\"url\":\"https:\\\/\\\/gastronomicament.cat\\\/ca\\\/\",\"name\":\"Gastron\u00f2micament\",\"description\":\"Portal de restaurants, receptes i actualitat gastron\u00f2mica\",\"publisher\":{\"@id\":\"https:\\\/\\\/gastronomicament.cat\\\/ca\\\/#organization\"},\"potentialAction\":[{\"@type\":\"SearchAction\",\"target\":{\"@type\":\"EntryPoint\",\"urlTemplate\":\"https:\\\/\\\/gastronomicament.cat\\\/ca\\\/?s={search_term_string}\"},\"query-input\":{\"@type\":\"PropertyValueSpecification\",\"valueRequired\":true,\"valueName\":\"search_term_string\"}}],\"inLanguage\":\"ca-ES\"},{\"@type\":\"Organization\",\"@id\":\"https:\\\/\\\/gastronomicament.cat\\\/ca\\\/#organization\",\"name\":\"Gastron\u00f2micament\",\"url\":\"https:\\\/\\\/gastronomicament.cat\\\/ca\\\/\",\"logo\":{\"@type\":\"ImageObject\",\"inLanguage\":\"ca-ES\",\"@id\":\"https:\\\/\\\/gastronomicament.cat\\\/ca\\\/#\\\/schema\\\/logo\\\/image\\\/\",\"url\":\"https:\\\/\\\/gastronomicament.cat\\\/wp-content\\\/uploads\\\/2016\\\/09\\\/header-logo.jpg\",\"contentUrl\":\"https:\\\/\\\/gastronomicament.cat\\\/wp-content\\\/uploads\\\/2016\\\/09\\\/header-logo.jpg\",\"width\":277,\"height\":39,\"caption\":\"Gastron\u00f2micament\"},\"image\":{\"@id\":\"https:\\\/\\\/gastronomicament.cat\\\/ca\\\/#\\\/schema\\\/logo\\\/image\\\/\"},\"sameAs\":[\"https:\\\/\\\/x.com\\\/gastronomicamen\"]},{\"@type\":\"Person\",\"@id\":\"https:\\\/\\\/gastronomicament.cat\\\/ca\\\/#\\\/schema\\\/person\\\/a7c85c537a1ed62799a5b8e0f686a37f\",\"name\":\"Redacci\u00f3\",\"image\":{\"@type\":\"ImageObject\",\"inLanguage\":\"ca-ES\",\"@id\":\"https:\\\/\\\/secure.gravatar.com\\\/avatar\\\/9489a485c464fd611d33825daae651d13db70c4e74c65c94937a15a9d4c3ee14?s=96&d=mm&r=g69fea3cce3645dfa2166e7293e22955e\",\"url\":\"https:\\\/\\\/secure.gravatar.com\\\/avatar\\\/9489a485c464fd611d33825daae651d13db70c4e74c65c94937a15a9d4c3ee14?s=96&d=mm&r=g\",\"contentUrl\":\"https:\\\/\\\/secure.gravatar.com\\\/avatar\\\/9489a485c464fd611d33825daae651d13db70c4e74c65c94937a15a9d4c3ee14?s=96&d=mm&r=g\",\"caption\":\"Redacci\u00f3\"},\"sameAs\":[\"http:\\\/\\\/gastronomicament.cat\"],\"url\":\"https:\\\/\\\/gastronomicament.cat\\\/ca\\\/author\\\/admin\"}]}<\/script>\n<!-- \/ Yoast SEO plugin. -->","yoast_head_json":{"title":"Gran sopar a Jumeirah Port de S\u00f3ller - Gastron\u00f2micament","description":"Gran sopar a Jumeirah Port de S\u00f3ller Actualitat, Fires i rutes El restaurant\u00a0Es Fanals\u00a0de l'hotel\u00a0Jumeirah Port de S\u00f3ller\u00a0ha organitzat un\u00a0sopar\u00a0amb un cartell de primera. Es tracta de la darrera sessi\u00f3 del cicle\u00a0Guest Chef Series\u00a0que aquest\u00a02019\u00a0ha arribat a la quarta edici\u00f3","robots":{"index":"index","follow":"follow","max-snippet":"max-snippet:-1","max-image-preview":"max-image-preview:large","max-video-preview":"max-video-preview:-1"},"canonical":"https:\/\/gastronomicament.cat\/ca\/gran-sopar-a-jumeirah-port-de-soller","og_locale":"ca_ES","og_type":"article","og_title":"Gran sopar a Jumeirah Port de S\u00f3ller - Gastron\u00f2micament","og_description":"Gran sopar a Jumeirah Port de S\u00f3ller Actualitat, Fires i rutes El restaurant\u00a0Es Fanals\u00a0de l'hotel\u00a0Jumeirah Port de S\u00f3ller\u00a0ha organitzat un\u00a0sopar\u00a0amb un cartell de primera. Es tracta de la darrera sessi\u00f3 del cicle\u00a0Guest Chef Series\u00a0que aquest\u00a02019\u00a0ha arribat a la quarta edici\u00f3","og_url":"https:\/\/gastronomicament.cat\/ca\/gran-sopar-a-jumeirah-port-de-soller","og_site_name":"Gastron\u00f2micament","article_published_time":"2019-10-09T07:44:46+00:00","article_modified_time":"2022-04-07T09:14:04+00:00","og_image":[{"width":960,"height":744,"url":"https:\/\/gastronomicament.cat\/wp-content\/uploads\/2019\/10\/Guest-Chef-Series-Jumeirah-Port-Soller-2019.jpg","type":"image\/jpeg"}],"author":"Redacci\u00f3","twitter_card":"summary_large_image","twitter_creator":"@gastronomicamen","twitter_site":"@gastronomicamen","twitter_misc":{"Written by":"Redacci\u00f3","Est. reading time":"1 minute"},"schema":{"@context":"https:\/\/schema.org","@graph":[{"@type":"Article","@id":"https:\/\/gastronomicament.cat\/ca\/gran-sopar-a-jumeirah-port-de-soller#article","isPartOf":{"@id":"https:\/\/gastronomicament.cat\/ca\/gran-sopar-a-jumeirah-port-de-soller"},"author":{"name":"Redacci\u00f3","@id":"https:\/\/gastronomicament.cat\/ca\/#\/schema\/person\/a7c85c537a1ed62799a5b8e0f686a37f"},"headline":"Gran sopar a Jumeirah Port de S\u00f3ller","datePublished":"2019-10-09T07:44:46+00:00","dateModified":"2022-04-07T09:14:04+00:00","mainEntityOfPage":{"@id":"https:\/\/gastronomicament.cat\/ca\/gran-sopar-a-jumeirah-port-de-soller"},"wordCount":218,"commentCount":0,"publisher":{"@id":"https:\/\/gastronomicament.cat\/ca\/#organization"},"image":{"@id":"https:\/\/gastronomicament.cat\/ca\/gran-sopar-a-jumeirah-port-de-soller#primaryimage"},"thumbnailUrl":"https:\/\/gastronomicament.cat\/wp-content\/uploads\/2019\/10\/Guest-Chef-Series-Jumeirah-Port-Soller-2019.jpg","articleSection":["Actualitat","Fires i rutes"],"inLanguage":"ca-ES","potentialAction":[{"@type":"CommentAction","name":"Comment","target":["https:\/\/gastronomicament.cat\/ca\/gran-sopar-a-jumeirah-port-de-soller#respond"]}]},{"@type":"WebPage","@id":"https:\/\/gastronomicament.cat\/ca\/gran-sopar-a-jumeirah-port-de-soller","url":"https:\/\/gastronomicament.cat\/ca\/gran-sopar-a-jumeirah-port-de-soller","name":"Gran sopar a Jumeirah Port de S\u00f3ller - Gastron\u00f2micament","isPartOf":{"@id":"https:\/\/gastronomicament.cat\/ca\/#website"},"primaryImageOfPage":{"@id":"https:\/\/gastronomicament.cat\/ca\/gran-sopar-a-jumeirah-port-de-soller#primaryimage"},"image":{"@id":"https:\/\/gastronomicament.cat\/ca\/gran-sopar-a-jumeirah-port-de-soller#primaryimage"},"thumbnailUrl":"https:\/\/gastronomicament.cat\/wp-content\/uploads\/2019\/10\/Guest-Chef-Series-Jumeirah-Port-Soller-2019.jpg","datePublished":"2019-10-09T07:44:46+00:00","dateModified":"2022-04-07T09:14:04+00:00","description":"Gran sopar a Jumeirah Port de S\u00f3ller Actualitat, Fires i rutes El restaurant\u00a0Es Fanals\u00a0de l'hotel\u00a0Jumeirah Port de S\u00f3ller\u00a0ha organitzat un\u00a0sopar\u00a0amb un cartell de primera. Es tracta de la darrera sessi\u00f3 del cicle\u00a0Guest Chef Series\u00a0que aquest\u00a02019\u00a0ha arribat a la quarta edici\u00f3","inLanguage":"ca-ES","potentialAction":[{"@type":"ReadAction","target":["https:\/\/gastronomicament.cat\/ca\/gran-sopar-a-jumeirah-port-de-soller"]}]},{"@type":"ImageObject","inLanguage":"ca-ES","@id":"https:\/\/gastronomicament.cat\/ca\/gran-sopar-a-jumeirah-port-de-soller#primaryimage","url":"https:\/\/gastronomicament.cat\/wp-content\/uploads\/2019\/10\/Guest-Chef-Series-Jumeirah-Port-Soller-2019.jpg","contentUrl":"https:\/\/gastronomicament.cat\/wp-content\/uploads\/2019\/10\/Guest-Chef-Series-Jumeirah-Port-Soller-2019.jpg","width":960,"height":744},{"@type":"WebSite","@id":"https:\/\/gastronomicament.cat\/ca\/#website","url":"https:\/\/gastronomicament.cat\/ca\/","name":"Gastron\u00f2micament","description":"Portal de restaurants, receptes i actualitat gastron\u00f2mica","publisher":{"@id":"https:\/\/gastronomicament.cat\/ca\/#organization"},"potentialAction":[{"@type":"SearchAction","target":{"@type":"EntryPoint","urlTemplate":"https:\/\/gastronomicament.cat\/ca\/?s={search_term_string}"},"query-input":{"@type":"PropertyValueSpecification","valueRequired":true,"valueName":"search_term_string"}}],"inLanguage":"ca-ES"},{"@type":"Organization","@id":"https:\/\/gastronomicament.cat\/ca\/#organization","name":"Gastron\u00f2micament","url":"https:\/\/gastronomicament.cat\/ca\/","logo":{"@type":"ImageObject","inLanguage":"ca-ES","@id":"https:\/\/gastronomicament.cat\/ca\/#\/schema\/logo\/image\/","url":"https:\/\/gastronomicament.cat\/wp-content\/uploads\/2016\/09\/header-logo.jpg","contentUrl":"https:\/\/gastronomicament.cat\/wp-content\/uploads\/2016\/09\/header-logo.jpg","width":277,"height":39,"caption":"Gastron\u00f2micament"},"image":{"@id":"https:\/\/gastronomicament.cat\/ca\/#\/schema\/logo\/image\/"},"sameAs":["https:\/\/x.com\/gastronomicamen"]},{"@type":"Person","@id":"https:\/\/gastronomicament.cat\/ca\/#\/schema\/person\/a7c85c537a1ed62799a5b8e0f686a37f","name":"Redacci\u00f3","image":{"@type":"ImageObject","inLanguage":"ca-ES","@id":"https:\/\/secure.gravatar.com\/avatar\/9489a485c464fd611d33825daae651d13db70c4e74c65c94937a15a9d4c3ee14?s=96&d=mm&r=g69fea3cce3645dfa2166e7293e22955e","url":"https:\/\/secure.gravatar.com\/avatar\/9489a485c464fd611d33825daae651d13db70c4e74c65c94937a15a9d4c3ee14?s=96&d=mm&r=g","contentUrl":"https:\/\/secure.gravatar.com\/avatar\/9489a485c464fd611d33825daae651d13db70c4e74c65c94937a15a9d4c3ee14?s=96&d=mm&r=g","caption":"Redacci\u00f3"},"sameAs":["http:\/\/gastronomicament.cat"],"url":"https:\/\/gastronomicament.cat\/ca\/author\/admin"}]}},"_links":{"self":[{"href":"https:\/\/gastronomicament.cat\/ca\/wp-json\/wp\/v2\/posts\/25146","targetHints":{"allow":["GET"]}}],"collection":[{"href":"https:\/\/gastronomicament.cat\/ca\/wp-json\/wp\/v2\/posts"}],"about":[{"href":"https:\/\/gastronomicament.cat\/ca\/wp-json\/wp\/v2\/types\/post"}],"author":[{"embeddable":true,"href":"https:\/\/gastronomicament.cat\/ca\/wp-json\/wp\/v2\/users\/1"}],"replies":[{"embeddable":true,"href":"https:\/\/gastronomicament.cat\/ca\/wp-json\/wp\/v2\/comments?post=25146"}],"version-history":[{"count":0,"href":"https:\/\/gastronomicament.cat\/ca\/wp-json\/wp\/v2\/posts\/25146\/revisions"}],"wp:featuredmedia":[{"embeddable":true,"href":"https:\/\/gastronomicament.cat\/ca\/wp-json\/wp\/v2\/media\/25147"}],"wp:attachment":[{"href":"https:\/\/gastronomicament.cat\/ca\/wp-json\/wp\/v2\/media?parent=25146"}],"wp:term":[{"taxonomy":"category","embeddable":true,"href":"https:\/\/gastronomicament.cat\/ca\/wp-json\/wp\/v2\/categories?post=25146"},{"taxonomy":"post_tag","embeddable":true,"href":"https:\/\/gastronomicament.cat\/ca\/wp-json\/wp\/v2\/tags?post=25146"},{"taxonomy":"author","embeddable":true,"href":"https:\/\/gastronomicament.cat\/ca\/wp-json\/wp\/v2\/coauthors?post=25146"}],"curies":[{"name":"wp","href":"https:\/\/api.w.org\/{rel}","templated":true}]}}