{"id":25525,"date":"2019-11-28T09:45:20","date_gmt":"2019-11-28T08:45:20","guid":{"rendered":"https:\/\/gastronomicament.cat\/?p=25525"},"modified":"2022-04-07T11:14:17","modified_gmt":"2022-04-07T09:14:17","slug":"blanc-de-premsal-cuvee-brut-nature-finca-barqueres-2016","status":"publish","type":"post","link":"https:\/\/gastronomicament.cat\/ca\/blanc-de-premsal-cuvee-brut-nature-finca-barqueres-2016","title":{"rendered":"Blanc de Premsal &#8211; Cuv\u00e9e Brut Nature &#8211;  Finca Barqueres 2016"},"content":{"rendered":"<p><strong>Blanc de Premsal<\/strong><\/p>\n<p><a href=\"https:\/\/gastronomicament.cat\/wp-content\/uploads\/2019\/11\/Premsal-Blanc-Sebastia-Pastor-Mallorcaac.jpg\"><img decoding=\"async\" class=\"alignleft wp-image-25528 size-medium\" src=\"https:\/\/gastronomicament.cat\/wp-content\/uploads\/2019\/11\/Premsal-Blanc-Sebastia-Pastor-Mallorcaac-300x300.jpg\" alt=\"\" width=\"300\" height=\"300\" srcset=\"https:\/\/gastronomicament.cat\/wp-content\/uploads\/2019\/11\/Premsal-Blanc-Sebastia-Pastor-Mallorcaac-300x300.jpg 300w, https:\/\/gastronomicament.cat\/wp-content\/uploads\/2019\/11\/Premsal-Blanc-Sebastia-Pastor-Mallorcaac-150x150.jpg 150w, https:\/\/gastronomicament.cat\/wp-content\/uploads\/2019\/11\/Premsal-Blanc-Sebastia-Pastor-Mallorcaac-768x768.jpg 768w, https:\/\/gastronomicament.cat\/wp-content\/uploads\/2019\/11\/Premsal-Blanc-Sebastia-Pastor-Mallorcaac-50x50.jpg 50w, https:\/\/gastronomicament.cat\/wp-content\/uploads\/2019\/11\/Premsal-Blanc-Sebastia-Pastor-Mallorcaac-650x650.jpg 650w, https:\/\/gastronomicament.cat\/wp-content\/uploads\/2019\/11\/Premsal-Blanc-Sebastia-Pastor-Mallorcaac-60x60.jpg 60w, https:\/\/gastronomicament.cat\/wp-content\/uploads\/2019\/11\/Premsal-Blanc-Sebastia-Pastor-Mallorcaac.jpg 868w\" sizes=\"(max-width: 300px) 100vw, 300px\" \/><\/a><\/p>\n<p>Aquest monovarietal de la varietat aut\u00f2ctona mallorquina Premsal Blanc est\u00e0 elaborat pel celler Sebasti\u00e0 Pastor, situat a Santa Maria del Cam\u00ed. Aquest petit celler va n\u00e9ixer al segle XVIII i s&#8217;ha modernitzat amb el temps. Els vins que treu al mercat estan emmarcats en la denominaci\u00f3 d&#8217;origen Binissalem &#8211; Mallorca.<\/p>\n<p>\u00c9s un vi blanc que t\u00e9 una crian\u00e7a de 4 mesos sobre el seu p\u00f2sit. En vista, \u00e9s groc pal\u00b7lid, amb un aspecte net i lluent. Tamb\u00e9 hi destaquen tocs verdosos. Pel que fa al nas, hi destaquen les flors blanques i les aromes de la poma i de la pera. En boca, \u00e9s fresc i equilibrat.<\/p>\n<p>&nbsp;<\/p>\n<p>&nbsp;<\/p>\n<p><strong>Cuv\u00e9e Brut Nature\u00a0<\/strong><\/p>\n<p><a href=\"https:\/\/gastronomicament.cat\/wp-content\/uploads\/2019\/11\/Cuv\u00e9e-Brut-Nature-Cava-Castell-del-Remei.jpg\"><img decoding=\"async\" class=\"alignleft wp-image-25529 size-medium\" src=\"https:\/\/gastronomicament.cat\/wp-content\/uploads\/2019\/11\/Cuv\u00e9e-Brut-Nature-Cava-Castell-del-Remei-300x300.jpg\" alt=\"\" width=\"300\" height=\"300\" srcset=\"https:\/\/gastronomicament.cat\/wp-content\/uploads\/2019\/11\/Cuv\u00e9e-Brut-Nature-Cava-Castell-del-Remei-300x300.jpg 300w, https:\/\/gastronomicament.cat\/wp-content\/uploads\/2019\/11\/Cuv\u00e9e-Brut-Nature-Cava-Castell-del-Remei-150x150.jpg 150w, https:\/\/gastronomicament.cat\/wp-content\/uploads\/2019\/11\/Cuv\u00e9e-Brut-Nature-Cava-Castell-del-Remei-768x768.jpg 768w, https:\/\/gastronomicament.cat\/wp-content\/uploads\/2019\/11\/Cuv\u00e9e-Brut-Nature-Cava-Castell-del-Remei-50x50.jpg 50w, https:\/\/gastronomicament.cat\/wp-content\/uploads\/2019\/11\/Cuv\u00e9e-Brut-Nature-Cava-Castell-del-Remei-650x650.jpg 650w, https:\/\/gastronomicament.cat\/wp-content\/uploads\/2019\/11\/Cuv\u00e9e-Brut-Nature-Cava-Castell-del-Remei-60x60.jpg 60w, https:\/\/gastronomicament.cat\/wp-content\/uploads\/2019\/11\/Cuv\u00e9e-Brut-Nature-Cava-Castell-del-Remei.jpg 834w\" sizes=\"(max-width: 300px) 100vw, 300px\" \/><\/a><\/p>\n<p>Aquest \u00e9s el primer cava del Celler Castell del Remei, el primer elaborador \u00a0de vins fins de crian\u00e7a a Catalunya i el primer celler catal\u00e0 concebut amb el model del\u00a0<em>ch\u00e2teaux\u00a0<\/em>bordol\u00e8s.\u00a0Est\u00e0 elaborat amb les varietats aut\u00f2ctones catalanes Xarel\u00b7lo, Macabeu i Parellada, dins la DO Cava. T\u00e9 una crian\u00e7a m\u00ednima de 15 mesos.<\/p>\n<p>A la vista, t\u00e9 un groc pal\u00b7lid, amb reflexos verdosos i bimbolla persistent i fina. L&#8217;aroma \u00e9s intensa i elegant, amb tocs de poma verda i c\u00edtrics. En boca destaca perqu\u00e8 \u00e9s equilibrat pel que fa al grau alcoh\u00f2lic i l&#8217;acidesa, a m\u00e9s del component greix\u00f3s dels sediments de la crian\u00e7a que li aporten una amplitud i una persist\u00e8ncia agradable.<\/p>\n<p>Com a curiositat, s&#8217;han fet sis xapes diferents que recullen l&#8217;ess\u00e8ncia hist\u00f2rica d&#8217;aquest celler, situat en un enclavament privilegiat, i que va iniciar la seva activitat vin\u00edcola a final del segle XVIII. Preu: 9,5 euros<\/p>\n<p><strong>Finca Barqueres\u00a02016\u00a0<\/strong><\/p>\n<p><a href=\"https:\/\/gastronomicament.cat\/wp-content\/uploads\/2019\/11\/Finca-Barqueres-Tomas-Cusine.jpg\"><img decoding=\"async\" class=\"alignleft wp-image-25530 size-medium\" src=\"https:\/\/gastronomicament.cat\/wp-content\/uploads\/2019\/11\/Finca-Barqueres-Tomas-Cusine-300x300.jpg\" alt=\"\" width=\"300\" height=\"300\" srcset=\"https:\/\/gastronomicament.cat\/wp-content\/uploads\/2019\/11\/Finca-Barqueres-Tomas-Cusine-300x300.jpg 300w, https:\/\/gastronomicament.cat\/wp-content\/uploads\/2019\/11\/Finca-Barqueres-Tomas-Cusine-150x150.jpg 150w, https:\/\/gastronomicament.cat\/wp-content\/uploads\/2019\/11\/Finca-Barqueres-Tomas-Cusine-50x50.jpg 50w, https:\/\/gastronomicament.cat\/wp-content\/uploads\/2019\/11\/Finca-Barqueres-Tomas-Cusine-650x650.jpg 650w, https:\/\/gastronomicament.cat\/wp-content\/uploads\/2019\/11\/Finca-Barqueres-Tomas-Cusine-60x60.jpg 60w, https:\/\/gastronomicament.cat\/wp-content\/uploads\/2019\/11\/Finca-Barqueres-Tomas-Cusine.jpg 725w\" sizes=\"(max-width: 300px) 100vw, 300px\" \/><\/a><\/p>\n<p>Tom\u00e0s Cusin\u00e9, en\u00f2leg i empresari i tamb\u00e9 conegut com un dels viticultors de major prestigi de Catalunya, presenta aquest monovarietal de Sams\u00f3 (ra\u00efm que tamb\u00e9 es coneix com a Carinyena) que prov\u00e9 d&#8217;una finca amb 1,2 hect\u00e0rees de vinya,situada al vessant nord-est, a m\u00e9s de 700 metres sobre el nivell de la mar Mediterr\u00e0nia.<\/p>\n<p>\u00c9s un vi negre de color intens, molt expressiu al nas, amb aromes de fruita negra, pruna i tabac. Un vi delicat amb un pas per boca fresc, tanins fins i un postgust llarg.\u00e9s de color groc daurat, en boca \u00e9s suau i amable, dues caracter\u00edstiques que es combinen amb la profunditat i el volumen.\u00a0Preu: 25 euros<\/p>\n<p>&nbsp;<\/p>\n<p>&nbsp;<\/p>\n","protected":false},"excerpt":{"rendered":"<p>Vin\u00edcola, la secci\u00f3 de vins i licors de Gastron\u00f2micament us ofereix una tria seleccionada de les&hellip;<\/p>\n","protected":false},"author":1,"featured_media":25527,"comment_status":"open","ping_status":"closed","sticky":false,"template":"","format":"standard","meta":{"_acf_changed":false,"_swt_meta_header_display":false,"_swt_meta_footer_display":false,"_swt_meta_site_title_display":false,"_swt_meta_sticky_header":false,"_swt_meta_transparent_header":false,"footnotes":""},"categories":[692,963],"tags":[],"coauthors":[],"class_list":["post-25525","post","type-post","status-publish","format-standard","has-post-thumbnail","hentry","category-actualitat","category-vinicola-actualitat"],"acf":{"gallery":null,"home_date":{"home_begin_date":null,"home_end_date":null}},"yoast_head":"<!-- This site is optimized with the Yoast SEO plugin v27.4 - https:\/\/yoast.com\/product\/yoast-seo-wordpress\/ -->\n<title>Blanc de Premsal - Cuv\u00e9e Brut Nature - Finca Barqueres 2016 - Gastron\u00f2micament<\/title>\n<meta name=\"description\" content=\"Blanc de Premsal - Cuv\u00e9e Brut Nature - Finca Barqueres 2016 Actualitat, Vin\u00edcola Vin\u00edcola, la secci\u00f3 de vins i licors de Gastron\u00f2micament us ofereix una tria seleccionada de les novetats i propotes m\u00e9s destacades de l&#039;actualitat.\" \/>\n<meta name=\"robots\" content=\"index, follow, max-snippet:-1, max-image-preview:large, max-video-preview:-1\" \/>\n<link rel=\"canonical\" href=\"https:\/\/gastronomicament.cat\/ca\/blanc-de-premsal-cuvee-brut-nature-finca-barqueres-2016\" \/>\n<meta property=\"og:locale\" content=\"ca_ES\" \/>\n<meta property=\"og:type\" content=\"article\" \/>\n<meta property=\"og:title\" content=\"Blanc de Premsal - Cuv\u00e9e Brut Nature - Finca Barqueres 2016 - Gastron\u00f2micament\" \/>\n<meta property=\"og:description\" content=\"Blanc de Premsal - Cuv\u00e9e Brut Nature - Finca Barqueres 2016 Actualitat, Vin\u00edcola Vin\u00edcola, la secci\u00f3 de vins i licors de Gastron\u00f2micament us ofereix una tria seleccionada de les novetats i propotes m\u00e9s destacades de l&#039;actualitat.\" \/>\n<meta property=\"og:url\" content=\"https:\/\/gastronomicament.cat\/ca\/blanc-de-premsal-cuvee-brut-nature-finca-barqueres-2016\" \/>\n<meta property=\"og:site_name\" content=\"Gastron\u00f2micament\" \/>\n<meta property=\"article:published_time\" content=\"2019-11-28T08:45:20+00:00\" \/>\n<meta property=\"article:modified_time\" content=\"2022-04-07T09:14:17+00:00\" \/>\n<meta property=\"og:image\" content=\"https:\/\/gastronomicament.cat\/wp-content\/uploads\/2019\/11\/vinicola-novembre-2019.jpg\" \/>\n\t<meta property=\"og:image:width\" content=\"850\" \/>\n\t<meta property=\"og:image:height\" content=\"400\" \/>\n\t<meta property=\"og:image:type\" content=\"image\/jpeg\" \/>\n<meta name=\"author\" content=\"Redacci\u00f3\" \/>\n<meta name=\"twitter:card\" content=\"summary_large_image\" \/>\n<meta name=\"twitter:creator\" content=\"@gastronomicamen\" \/>\n<meta name=\"twitter:site\" content=\"@gastronomicamen\" \/>\n<meta name=\"twitter:label1\" content=\"Written by\" \/>\n\t<meta name=\"twitter:data1\" content=\"Redacci\u00f3\" \/>\n\t<meta name=\"twitter:label2\" content=\"Est. reading time\" \/>\n\t<meta name=\"twitter:data2\" content=\"2 minutes\" \/>\n<script type=\"application\/ld+json\" class=\"yoast-schema-graph\">{\"@context\":\"https:\\\/\\\/schema.org\",\"@graph\":[{\"@type\":\"Article\",\"@id\":\"https:\\\/\\\/gastronomicament.cat\\\/ca\\\/blanc-de-premsal-cuvee-brut-nature-finca-barqueres-2016#article\",\"isPartOf\":{\"@id\":\"https:\\\/\\\/gastronomicament.cat\\\/ca\\\/blanc-de-premsal-cuvee-brut-nature-finca-barqueres-2016\"},\"author\":{\"name\":\"Redacci\u00f3\",\"@id\":\"https:\\\/\\\/gastronomicament.cat\\\/ca\\\/#\\\/schema\\\/person\\\/a7c85c537a1ed62799a5b8e0f686a37f\"},\"headline\":\"Blanc de Premsal &#8211; Cuv\u00e9e Brut Nature &#8211; Finca Barqueres 2016\",\"datePublished\":\"2019-11-28T08:45:20+00:00\",\"dateModified\":\"2022-04-07T09:14:17+00:00\",\"mainEntityOfPage\":{\"@id\":\"https:\\\/\\\/gastronomicament.cat\\\/ca\\\/blanc-de-premsal-cuvee-brut-nature-finca-barqueres-2016\"},\"wordCount\":417,\"commentCount\":0,\"publisher\":{\"@id\":\"https:\\\/\\\/gastronomicament.cat\\\/ca\\\/#organization\"},\"image\":{\"@id\":\"https:\\\/\\\/gastronomicament.cat\\\/ca\\\/blanc-de-premsal-cuvee-brut-nature-finca-barqueres-2016#primaryimage\"},\"thumbnailUrl\":\"https:\\\/\\\/gastronomicament.cat\\\/wp-content\\\/uploads\\\/2019\\\/11\\\/vinicola-novembre-2019.jpg\",\"articleSection\":[\"Actualitat\",\"Vin\u00edcola\"],\"inLanguage\":\"ca-ES\",\"potentialAction\":[{\"@type\":\"CommentAction\",\"name\":\"Comment\",\"target\":[\"https:\\\/\\\/gastronomicament.cat\\\/ca\\\/blanc-de-premsal-cuvee-brut-nature-finca-barqueres-2016#respond\"]}]},{\"@type\":\"WebPage\",\"@id\":\"https:\\\/\\\/gastronomicament.cat\\\/ca\\\/blanc-de-premsal-cuvee-brut-nature-finca-barqueres-2016\",\"url\":\"https:\\\/\\\/gastronomicament.cat\\\/ca\\\/blanc-de-premsal-cuvee-brut-nature-finca-barqueres-2016\",\"name\":\"Blanc de Premsal - Cuv\u00e9e Brut Nature - Finca Barqueres 2016 - Gastron\u00f2micament\",\"isPartOf\":{\"@id\":\"https:\\\/\\\/gastronomicament.cat\\\/ca\\\/#website\"},\"primaryImageOfPage\":{\"@id\":\"https:\\\/\\\/gastronomicament.cat\\\/ca\\\/blanc-de-premsal-cuvee-brut-nature-finca-barqueres-2016#primaryimage\"},\"image\":{\"@id\":\"https:\\\/\\\/gastronomicament.cat\\\/ca\\\/blanc-de-premsal-cuvee-brut-nature-finca-barqueres-2016#primaryimage\"},\"thumbnailUrl\":\"https:\\\/\\\/gastronomicament.cat\\\/wp-content\\\/uploads\\\/2019\\\/11\\\/vinicola-novembre-2019.jpg\",\"datePublished\":\"2019-11-28T08:45:20+00:00\",\"dateModified\":\"2022-04-07T09:14:17+00:00\",\"description\":\"Blanc de Premsal - Cuv\u00e9e Brut Nature - Finca Barqueres 2016 Actualitat, Vin\u00edcola Vin\u00edcola, la secci\u00f3 de vins i licors de Gastron\u00f2micament us ofereix una tria seleccionada de les novetats i propotes m\u00e9s destacades de l'actualitat.\",\"inLanguage\":\"ca-ES\",\"potentialAction\":[{\"@type\":\"ReadAction\",\"target\":[\"https:\\\/\\\/gastronomicament.cat\\\/ca\\\/blanc-de-premsal-cuvee-brut-nature-finca-barqueres-2016\"]}]},{\"@type\":\"ImageObject\",\"inLanguage\":\"ca-ES\",\"@id\":\"https:\\\/\\\/gastronomicament.cat\\\/ca\\\/blanc-de-premsal-cuvee-brut-nature-finca-barqueres-2016#primaryimage\",\"url\":\"https:\\\/\\\/gastronomicament.cat\\\/wp-content\\\/uploads\\\/2019\\\/11\\\/vinicola-novembre-2019.jpg\",\"contentUrl\":\"https:\\\/\\\/gastronomicament.cat\\\/wp-content\\\/uploads\\\/2019\\\/11\\\/vinicola-novembre-2019.jpg\",\"width\":850,\"height\":400},{\"@type\":\"WebSite\",\"@id\":\"https:\\\/\\\/gastronomicament.cat\\\/ca\\\/#website\",\"url\":\"https:\\\/\\\/gastronomicament.cat\\\/ca\\\/\",\"name\":\"Gastron\u00f2micament\",\"description\":\"Portal de restaurants, receptes i actualitat gastron\u00f2mica\",\"publisher\":{\"@id\":\"https:\\\/\\\/gastronomicament.cat\\\/ca\\\/#organization\"},\"potentialAction\":[{\"@type\":\"SearchAction\",\"target\":{\"@type\":\"EntryPoint\",\"urlTemplate\":\"https:\\\/\\\/gastronomicament.cat\\\/ca\\\/?s={search_term_string}\"},\"query-input\":{\"@type\":\"PropertyValueSpecification\",\"valueRequired\":true,\"valueName\":\"search_term_string\"}}],\"inLanguage\":\"ca-ES\"},{\"@type\":\"Organization\",\"@id\":\"https:\\\/\\\/gastronomicament.cat\\\/ca\\\/#organization\",\"name\":\"Gastron\u00f2micament\",\"url\":\"https:\\\/\\\/gastronomicament.cat\\\/ca\\\/\",\"logo\":{\"@type\":\"ImageObject\",\"inLanguage\":\"ca-ES\",\"@id\":\"https:\\\/\\\/gastronomicament.cat\\\/ca\\\/#\\\/schema\\\/logo\\\/image\\\/\",\"url\":\"https:\\\/\\\/gastronomicament.cat\\\/wp-content\\\/uploads\\\/2016\\\/09\\\/header-logo.jpg\",\"contentUrl\":\"https:\\\/\\\/gastronomicament.cat\\\/wp-content\\\/uploads\\\/2016\\\/09\\\/header-logo.jpg\",\"width\":277,\"height\":39,\"caption\":\"Gastron\u00f2micament\"},\"image\":{\"@id\":\"https:\\\/\\\/gastronomicament.cat\\\/ca\\\/#\\\/schema\\\/logo\\\/image\\\/\"},\"sameAs\":[\"https:\\\/\\\/x.com\\\/gastronomicamen\"]},{\"@type\":\"Person\",\"@id\":\"https:\\\/\\\/gastronomicament.cat\\\/ca\\\/#\\\/schema\\\/person\\\/a7c85c537a1ed62799a5b8e0f686a37f\",\"name\":\"Redacci\u00f3\",\"image\":{\"@type\":\"ImageObject\",\"inLanguage\":\"ca-ES\",\"@id\":\"https:\\\/\\\/secure.gravatar.com\\\/avatar\\\/9489a485c464fd611d33825daae651d13db70c4e74c65c94937a15a9d4c3ee14?s=96&d=mm&r=g69fea3cce3645dfa2166e7293e22955e\",\"url\":\"https:\\\/\\\/secure.gravatar.com\\\/avatar\\\/9489a485c464fd611d33825daae651d13db70c4e74c65c94937a15a9d4c3ee14?s=96&d=mm&r=g\",\"contentUrl\":\"https:\\\/\\\/secure.gravatar.com\\\/avatar\\\/9489a485c464fd611d33825daae651d13db70c4e74c65c94937a15a9d4c3ee14?s=96&d=mm&r=g\",\"caption\":\"Redacci\u00f3\"},\"sameAs\":[\"http:\\\/\\\/gastronomicament.cat\"],\"url\":\"https:\\\/\\\/gastronomicament.cat\\\/ca\\\/author\\\/admin\"}]}<\/script>\n<!-- \/ Yoast SEO plugin. -->","yoast_head_json":{"title":"Blanc de Premsal - Cuv\u00e9e Brut Nature - Finca Barqueres 2016 - Gastron\u00f2micament","description":"Blanc de Premsal - Cuv\u00e9e Brut Nature - Finca Barqueres 2016 Actualitat, Vin\u00edcola Vin\u00edcola, la secci\u00f3 de vins i licors de Gastron\u00f2micament us ofereix una tria seleccionada de les novetats i propotes m\u00e9s destacades de l'actualitat.","robots":{"index":"index","follow":"follow","max-snippet":"max-snippet:-1","max-image-preview":"max-image-preview:large","max-video-preview":"max-video-preview:-1"},"canonical":"https:\/\/gastronomicament.cat\/ca\/blanc-de-premsal-cuvee-brut-nature-finca-barqueres-2016","og_locale":"ca_ES","og_type":"article","og_title":"Blanc de Premsal - Cuv\u00e9e Brut Nature - Finca Barqueres 2016 - Gastron\u00f2micament","og_description":"Blanc de Premsal - Cuv\u00e9e Brut Nature - Finca Barqueres 2016 Actualitat, Vin\u00edcola Vin\u00edcola, la secci\u00f3 de vins i licors de Gastron\u00f2micament us ofereix una tria seleccionada de les novetats i propotes m\u00e9s destacades de l'actualitat.","og_url":"https:\/\/gastronomicament.cat\/ca\/blanc-de-premsal-cuvee-brut-nature-finca-barqueres-2016","og_site_name":"Gastron\u00f2micament","article_published_time":"2019-11-28T08:45:20+00:00","article_modified_time":"2022-04-07T09:14:17+00:00","og_image":[{"width":850,"height":400,"url":"https:\/\/gastronomicament.cat\/wp-content\/uploads\/2019\/11\/vinicola-novembre-2019.jpg","type":"image\/jpeg"}],"author":"Redacci\u00f3","twitter_card":"summary_large_image","twitter_creator":"@gastronomicamen","twitter_site":"@gastronomicamen","twitter_misc":{"Written by":"Redacci\u00f3","Est. reading time":"2 minutes"},"schema":{"@context":"https:\/\/schema.org","@graph":[{"@type":"Article","@id":"https:\/\/gastronomicament.cat\/ca\/blanc-de-premsal-cuvee-brut-nature-finca-barqueres-2016#article","isPartOf":{"@id":"https:\/\/gastronomicament.cat\/ca\/blanc-de-premsal-cuvee-brut-nature-finca-barqueres-2016"},"author":{"name":"Redacci\u00f3","@id":"https:\/\/gastronomicament.cat\/ca\/#\/schema\/person\/a7c85c537a1ed62799a5b8e0f686a37f"},"headline":"Blanc de Premsal &#8211; Cuv\u00e9e Brut Nature &#8211; Finca Barqueres 2016","datePublished":"2019-11-28T08:45:20+00:00","dateModified":"2022-04-07T09:14:17+00:00","mainEntityOfPage":{"@id":"https:\/\/gastronomicament.cat\/ca\/blanc-de-premsal-cuvee-brut-nature-finca-barqueres-2016"},"wordCount":417,"commentCount":0,"publisher":{"@id":"https:\/\/gastronomicament.cat\/ca\/#organization"},"image":{"@id":"https:\/\/gastronomicament.cat\/ca\/blanc-de-premsal-cuvee-brut-nature-finca-barqueres-2016#primaryimage"},"thumbnailUrl":"https:\/\/gastronomicament.cat\/wp-content\/uploads\/2019\/11\/vinicola-novembre-2019.jpg","articleSection":["Actualitat","Vin\u00edcola"],"inLanguage":"ca-ES","potentialAction":[{"@type":"CommentAction","name":"Comment","target":["https:\/\/gastronomicament.cat\/ca\/blanc-de-premsal-cuvee-brut-nature-finca-barqueres-2016#respond"]}]},{"@type":"WebPage","@id":"https:\/\/gastronomicament.cat\/ca\/blanc-de-premsal-cuvee-brut-nature-finca-barqueres-2016","url":"https:\/\/gastronomicament.cat\/ca\/blanc-de-premsal-cuvee-brut-nature-finca-barqueres-2016","name":"Blanc de Premsal - Cuv\u00e9e Brut Nature - Finca Barqueres 2016 - Gastron\u00f2micament","isPartOf":{"@id":"https:\/\/gastronomicament.cat\/ca\/#website"},"primaryImageOfPage":{"@id":"https:\/\/gastronomicament.cat\/ca\/blanc-de-premsal-cuvee-brut-nature-finca-barqueres-2016#primaryimage"},"image":{"@id":"https:\/\/gastronomicament.cat\/ca\/blanc-de-premsal-cuvee-brut-nature-finca-barqueres-2016#primaryimage"},"thumbnailUrl":"https:\/\/gastronomicament.cat\/wp-content\/uploads\/2019\/11\/vinicola-novembre-2019.jpg","datePublished":"2019-11-28T08:45:20+00:00","dateModified":"2022-04-07T09:14:17+00:00","description":"Blanc de Premsal - Cuv\u00e9e Brut Nature - Finca Barqueres 2016 Actualitat, Vin\u00edcola Vin\u00edcola, la secci\u00f3 de vins i licors de Gastron\u00f2micament us ofereix una tria seleccionada de les novetats i propotes m\u00e9s destacades de l'actualitat.","inLanguage":"ca-ES","potentialAction":[{"@type":"ReadAction","target":["https:\/\/gastronomicament.cat\/ca\/blanc-de-premsal-cuvee-brut-nature-finca-barqueres-2016"]}]},{"@type":"ImageObject","inLanguage":"ca-ES","@id":"https:\/\/gastronomicament.cat\/ca\/blanc-de-premsal-cuvee-brut-nature-finca-barqueres-2016#primaryimage","url":"https:\/\/gastronomicament.cat\/wp-content\/uploads\/2019\/11\/vinicola-novembre-2019.jpg","contentUrl":"https:\/\/gastronomicament.cat\/wp-content\/uploads\/2019\/11\/vinicola-novembre-2019.jpg","width":850,"height":400},{"@type":"WebSite","@id":"https:\/\/gastronomicament.cat\/ca\/#website","url":"https:\/\/gastronomicament.cat\/ca\/","name":"Gastron\u00f2micament","description":"Portal de restaurants, receptes i actualitat gastron\u00f2mica","publisher":{"@id":"https:\/\/gastronomicament.cat\/ca\/#organization"},"potentialAction":[{"@type":"SearchAction","target":{"@type":"EntryPoint","urlTemplate":"https:\/\/gastronomicament.cat\/ca\/?s={search_term_string}"},"query-input":{"@type":"PropertyValueSpecification","valueRequired":true,"valueName":"search_term_string"}}],"inLanguage":"ca-ES"},{"@type":"Organization","@id":"https:\/\/gastronomicament.cat\/ca\/#organization","name":"Gastron\u00f2micament","url":"https:\/\/gastronomicament.cat\/ca\/","logo":{"@type":"ImageObject","inLanguage":"ca-ES","@id":"https:\/\/gastronomicament.cat\/ca\/#\/schema\/logo\/image\/","url":"https:\/\/gastronomicament.cat\/wp-content\/uploads\/2016\/09\/header-logo.jpg","contentUrl":"https:\/\/gastronomicament.cat\/wp-content\/uploads\/2016\/09\/header-logo.jpg","width":277,"height":39,"caption":"Gastron\u00f2micament"},"image":{"@id":"https:\/\/gastronomicament.cat\/ca\/#\/schema\/logo\/image\/"},"sameAs":["https:\/\/x.com\/gastronomicamen"]},{"@type":"Person","@id":"https:\/\/gastronomicament.cat\/ca\/#\/schema\/person\/a7c85c537a1ed62799a5b8e0f686a37f","name":"Redacci\u00f3","image":{"@type":"ImageObject","inLanguage":"ca-ES","@id":"https:\/\/secure.gravatar.com\/avatar\/9489a485c464fd611d33825daae651d13db70c4e74c65c94937a15a9d4c3ee14?s=96&d=mm&r=g69fea3cce3645dfa2166e7293e22955e","url":"https:\/\/secure.gravatar.com\/avatar\/9489a485c464fd611d33825daae651d13db70c4e74c65c94937a15a9d4c3ee14?s=96&d=mm&r=g","contentUrl":"https:\/\/secure.gravatar.com\/avatar\/9489a485c464fd611d33825daae651d13db70c4e74c65c94937a15a9d4c3ee14?s=96&d=mm&r=g","caption":"Redacci\u00f3"},"sameAs":["http:\/\/gastronomicament.cat"],"url":"https:\/\/gastronomicament.cat\/ca\/author\/admin"}]}},"_links":{"self":[{"href":"https:\/\/gastronomicament.cat\/ca\/wp-json\/wp\/v2\/posts\/25525","targetHints":{"allow":["GET"]}}],"collection":[{"href":"https:\/\/gastronomicament.cat\/ca\/wp-json\/wp\/v2\/posts"}],"about":[{"href":"https:\/\/gastronomicament.cat\/ca\/wp-json\/wp\/v2\/types\/post"}],"author":[{"embeddable":true,"href":"https:\/\/gastronomicament.cat\/ca\/wp-json\/wp\/v2\/users\/1"}],"replies":[{"embeddable":true,"href":"https:\/\/gastronomicament.cat\/ca\/wp-json\/wp\/v2\/comments?post=25525"}],"version-history":[{"count":0,"href":"https:\/\/gastronomicament.cat\/ca\/wp-json\/wp\/v2\/posts\/25525\/revisions"}],"wp:featuredmedia":[{"embeddable":true,"href":"https:\/\/gastronomicament.cat\/ca\/wp-json\/wp\/v2\/media\/25527"}],"wp:attachment":[{"href":"https:\/\/gastronomicament.cat\/ca\/wp-json\/wp\/v2\/media?parent=25525"}],"wp:term":[{"taxonomy":"category","embeddable":true,"href":"https:\/\/gastronomicament.cat\/ca\/wp-json\/wp\/v2\/categories?post=25525"},{"taxonomy":"post_tag","embeddable":true,"href":"https:\/\/gastronomicament.cat\/ca\/wp-json\/wp\/v2\/tags?post=25525"},{"taxonomy":"author","embeddable":true,"href":"https:\/\/gastronomicament.cat\/ca\/wp-json\/wp\/v2\/coauthors?post=25525"}],"curies":[{"name":"wp","href":"https:\/\/api.w.org\/{rel}","templated":true}]}}