{"id":25541,"date":"2019-11-29T12:02:43","date_gmt":"2019-11-29T11:02:43","guid":{"rendered":"https:\/\/gastronomicament.cat\/?p=25541"},"modified":"2022-04-07T11:14:17","modified_gmt":"2022-04-07T09:14:17","slug":"tornen-els-dimecres-de-brou-a-menorca","status":"publish","type":"post","link":"https:\/\/gastronomicament.cat\/ca\/tornen-els-dimecres-de-brou-a-menorca","title":{"rendered":"Tornen els Dimecres de Brou a Menorca"},"content":{"rendered":"<p>Durant els mesos de desembre i gener,\u00a0<strong>Menorca\u00a0<\/strong>celebra la 6a edici\u00f3 de les jornades gastron\u00f2miques\u00a0<strong>Dimecres de Brou<\/strong>. La iniciativa permet gaudir d&#8217;un\u00a0<strong>men\u00fa\u00a0<\/strong>complet en qu\u00e8 els\u00a0<strong>plats de cullera<\/strong>\u00a0s\u00f3n els protagonistes per nom\u00e9s\u00a0<strong>14 euros<\/strong>.<\/p>\n<p>L&#8217;activitat fomenta durant la temporada baixa el dinamisme gastron\u00f2mic i econ\u00f2mic. En total hi participen una desena de restaurants de Menorca de les localitats de Ciutadella, Ma\u00f3, Ferreries, es Mercadal, Sant Climent i que ajuda a combatre el fred,d&#8217;una manera ben saborosa.<\/p>\n<p>L&#8217;Associaci\u00f3 Menorquina de Bars, Restaurants i Cafeteries \u00e9s l&#8217;organitzadora d&#8217;aquesta iniciativa que va posar en marxa el 2014.\u00a0 Per a aquesta edici\u00f3, els\u00a0<strong>dimecres<\/strong>\u00a0que podeu assaborir el brou menorqu\u00ed seran els dies\u00a0<strong>4, 11 i 18 de desembre<\/strong>, i\u00a0<strong>8, 15, 22 i 29 de gener<\/strong>.\u00a0<strong>Aquesta experi\u00e8ncia culin\u00e0ria es pot complementar amb visites tur\u00edstiques i culturals<\/strong>\u00a0com la ruta talai\u00f2tica, senderisme pel Cam\u00ed de Cavalls, fars, cales, museus, etc.<\/p>\n<p>El<strong>\u00a0brou de Menorca<\/strong>\u00a0t\u00e9 com a\u00a0<strong>ingredients\u00a0<\/strong>principals la carn de vedella xenc, gallina, patates, ciurons, tom\u00e0tic, ceba, pastanaga, herbes i sobrassada. Ara b\u00e9, realment s\u00f3n com\u00a0<strong>dos plats en un\u00a0<\/strong>ja que primer se serveix i es menja la sopa, normalment amb fideus; i despr\u00e9s la resta d&#8217;ingredients que s&#8217;han bullit dins l&#8217;olla.<\/p>\n<p>El preu de men\u00fa a tots els restaurants i bars participants \u00e9s de 14 euros i inclou aigua o copa de vi, pa i postres.<\/p>\n<p>Els restaurants de Menorca que participen a Dimecres de Brou 2019 s\u00f3n:<\/p>\n<ul>\n<li><a href=\"https:\/\/www.gastronomiamenorca.es\/establecimiento\/233\/aquarium-port\">Aquarium Port Ciutadella<\/a>\u00a0(Moll del Port, Marina, 99. Ciutadella. Tel\u00e8fon 971386700)<\/li>\n<li><a href=\"https:\/\/www.gastronomiamenorca.es\/establecimiento\/14\/ca-lluis\">Ca\u2019n Lluis<\/a>\u00a0(carrer Alaior, 22. Ciutadella. Tel\u00e8fon 971380154)<\/li>\n<li><a href=\"https:\/\/www.gastronomiamenorca.es\/establecimiento\/52\/moli-des-raco\">Mol\u00ed d\u2019es Rac\u00f3<\/a>\u00a0(carrer Major, 53. Es Mercadal. Tel\u00e8fon 971375392)<\/li>\n<li><a href=\"https:\/\/www.gastronomiamenorca.es\/establecimiento\/49\/ca-aguedet\">Ca n\u2019Aguedet<\/a>\u00a0(carrer Lepanto, 30. Es Mercadal. Tel\u00e8fon 971375391)<\/li>\n<li><a href=\"https:\/\/www.gastronomiamenorca.es\/establecimiento\/51\/hotel-jeni-restaurante\">Hotel Jeni &amp; Restaurante<\/a>\u00a0(carrer Mirada del Toro, 81. Es Mercadal. Tel\u00e8fon 971375059)<\/li>\n<li><a href=\"https:\/\/www.gastronomiamenorca.es\/establecimiento\/62\/meson-rias-baixas\">Meson Rias Baixas<\/a>\u00a0(Pla\u00e7a Menorca, 1. Ferreries. Tel\u00e8fon 971374558)<\/li>\n<li><a href=\"https:\/\/www.gastronomiamenorca.es\/establecimiento\/61\/loar-ferreries\">Loar Ferreries<\/a>\u00a0(carrer Verge del Toro, 2. Ferreries. Tel\u00e8fon 971374181)<\/li>\n<li><a href=\"https:\/\/www.gastronomiamenorca.es\/establecimiento\/189\/23-can-avelino\">23 Can Avelino<\/a>\u00a0(carrer S\u00ednia des Moret, 23. Ma\u00f3. Tel\u00e8fon 971091744)<\/li>\n<li><a href=\"https:\/\/www.gastronomiamenorca.es\/establecimiento\/81\/casino-sant-climent\">Casino Sant Climent\u00a0<\/a>\u00a0(carrer Sant Jaume, 4. Sant Climent. Tel\u00e8fon 971853722)<\/li>\n<\/ul>\n<p>D&#8217;altra banda, cal recordar que fa tot just un mes\u00a0<strong>Menorca\u00a0<\/strong>va presentar a Brussel\u00b7les la\u00a0<strong>candidatura\u00a0<\/strong>per ser\u00a0<strong>Regi\u00f3 Gastron\u00f2mica Europea 2022<\/strong>, decisi\u00f3 que es far\u00e0 p\u00fablica l&#8217;any 2020.<\/p>\n","protected":false},"excerpt":{"rendered":"<p>Durant els mesos de desembre i gener,\u00a0Menorca\u00a0celebra la 6a edici\u00f3 de les jornades gastron\u00f2miques\u00a0Dimecres de Brou<\/p>\n","protected":false},"author":1,"featured_media":25542,"comment_status":"open","ping_status":"closed","sticky":false,"template":"","format":"gallery","meta":{"_acf_changed":false,"_swt_meta_header_display":false,"_swt_meta_footer_display":false,"_swt_meta_site_title_display":false,"_swt_meta_sticky_header":false,"_swt_meta_transparent_header":false,"footnotes":""},"categories":[692,954],"tags":[],"coauthors":[],"class_list":["post-25541","post","type-post","status-publish","format-gallery","has-post-thumbnail","hentry","category-actualitat","category-fires-i-rutes","post_format-post-format-gallery"],"acf":{"gallery":null,"home_date":{"home_begin_date":null,"home_end_date":null}},"yoast_head":"<!-- This site is optimized with the Yoast SEO plugin v27.4 - https:\/\/yoast.com\/product\/yoast-seo-wordpress\/ -->\n<title>Tornen els Dimecres de Brou a Menorca - Gastron\u00f2micament<\/title>\n<meta name=\"description\" content=\"Tornen els Dimecres de Brou a Menorca Actualitat, Fires i rutes Durant els mesos de desembre i gener,\u00a0Menorca\u00a0celebra la 6a edici\u00f3 de les jornades gastron\u00f2miques\u00a0Dimecres de Brou\" \/>\n<meta name=\"robots\" content=\"index, follow, max-snippet:-1, max-image-preview:large, max-video-preview:-1\" \/>\n<link rel=\"canonical\" href=\"https:\/\/gastronomicament.cat\/ca\/tornen-els-dimecres-de-brou-a-menorca\" \/>\n<meta property=\"og:locale\" content=\"ca_ES\" \/>\n<meta property=\"og:type\" content=\"article\" \/>\n<meta property=\"og:title\" content=\"Tornen els Dimecres de Brou a Menorca - Gastron\u00f2micament\" \/>\n<meta property=\"og:description\" content=\"Tornen els Dimecres de Brou a Menorca Actualitat, Fires i rutes Durant els mesos de desembre i gener,\u00a0Menorca\u00a0celebra la 6a edici\u00f3 de les jornades gastron\u00f2miques\u00a0Dimecres de Brou\" \/>\n<meta property=\"og:url\" content=\"https:\/\/gastronomicament.cat\/ca\/tornen-els-dimecres-de-brou-a-menorca\" \/>\n<meta property=\"og:site_name\" content=\"Gastron\u00f2micament\" \/>\n<meta property=\"article:published_time\" content=\"2019-11-29T11:02:43+00:00\" \/>\n<meta property=\"article:modified_time\" content=\"2022-04-07T09:14:17+00:00\" \/>\n<meta property=\"og:image\" content=\"https:\/\/gastronomicament.cat\/wp-content\/uploads\/2019\/11\/MENORCA-BROU-bullit.jpg\" \/>\n\t<meta property=\"og:image:width\" content=\"1200\" \/>\n\t<meta property=\"og:image:height\" content=\"800\" \/>\n\t<meta property=\"og:image:type\" content=\"image\/jpeg\" \/>\n<meta name=\"author\" content=\"Redacci\u00f3\" \/>\n<meta name=\"twitter:card\" content=\"summary_large_image\" \/>\n<meta name=\"twitter:creator\" content=\"@gastronomicamen\" \/>\n<meta name=\"twitter:site\" content=\"@gastronomicamen\" \/>\n<meta name=\"twitter:label1\" content=\"Written by\" \/>\n\t<meta name=\"twitter:data1\" content=\"Redacci\u00f3\" \/>\n\t<meta name=\"twitter:label2\" content=\"Est. reading time\" \/>\n\t<meta name=\"twitter:data2\" content=\"2 minutes\" \/>\n<script type=\"application\/ld+json\" class=\"yoast-schema-graph\">{\"@context\":\"https:\\\/\\\/schema.org\",\"@graph\":[{\"@type\":\"Article\",\"@id\":\"https:\\\/\\\/gastronomicament.cat\\\/ca\\\/tornen-els-dimecres-de-brou-a-menorca#article\",\"isPartOf\":{\"@id\":\"https:\\\/\\\/gastronomicament.cat\\\/ca\\\/tornen-els-dimecres-de-brou-a-menorca\"},\"author\":{\"name\":\"Redacci\u00f3\",\"@id\":\"https:\\\/\\\/gastronomicament.cat\\\/ca\\\/#\\\/schema\\\/person\\\/a7c85c537a1ed62799a5b8e0f686a37f\"},\"headline\":\"Tornen els Dimecres de Brou a Menorca\",\"datePublished\":\"2019-11-29T11:02:43+00:00\",\"dateModified\":\"2022-04-07T09:14:17+00:00\",\"mainEntityOfPage\":{\"@id\":\"https:\\\/\\\/gastronomicament.cat\\\/ca\\\/tornen-els-dimecres-de-brou-a-menorca\"},\"wordCount\":372,\"commentCount\":0,\"publisher\":{\"@id\":\"https:\\\/\\\/gastronomicament.cat\\\/ca\\\/#organization\"},\"image\":{\"@id\":\"https:\\\/\\\/gastronomicament.cat\\\/ca\\\/tornen-els-dimecres-de-brou-a-menorca#primaryimage\"},\"thumbnailUrl\":\"https:\\\/\\\/gastronomicament.cat\\\/wp-content\\\/uploads\\\/2019\\\/11\\\/MENORCA-BROU-bullit.jpg\",\"articleSection\":[\"Actualitat\",\"Fires i rutes\"],\"inLanguage\":\"ca-ES\",\"potentialAction\":[{\"@type\":\"CommentAction\",\"name\":\"Comment\",\"target\":[\"https:\\\/\\\/gastronomicament.cat\\\/ca\\\/tornen-els-dimecres-de-brou-a-menorca#respond\"]}]},{\"@type\":\"WebPage\",\"@id\":\"https:\\\/\\\/gastronomicament.cat\\\/ca\\\/tornen-els-dimecres-de-brou-a-menorca\",\"url\":\"https:\\\/\\\/gastronomicament.cat\\\/ca\\\/tornen-els-dimecres-de-brou-a-menorca\",\"name\":\"Tornen els Dimecres de Brou a Menorca - Gastron\u00f2micament\",\"isPartOf\":{\"@id\":\"https:\\\/\\\/gastronomicament.cat\\\/ca\\\/#website\"},\"primaryImageOfPage\":{\"@id\":\"https:\\\/\\\/gastronomicament.cat\\\/ca\\\/tornen-els-dimecres-de-brou-a-menorca#primaryimage\"},\"image\":{\"@id\":\"https:\\\/\\\/gastronomicament.cat\\\/ca\\\/tornen-els-dimecres-de-brou-a-menorca#primaryimage\"},\"thumbnailUrl\":\"https:\\\/\\\/gastronomicament.cat\\\/wp-content\\\/uploads\\\/2019\\\/11\\\/MENORCA-BROU-bullit.jpg\",\"datePublished\":\"2019-11-29T11:02:43+00:00\",\"dateModified\":\"2022-04-07T09:14:17+00:00\",\"description\":\"Tornen els Dimecres de Brou a Menorca Actualitat, Fires i rutes Durant els mesos de desembre i gener,\u00a0Menorca\u00a0celebra la 6a edici\u00f3 de les jornades gastron\u00f2miques\u00a0Dimecres de Brou\",\"inLanguage\":\"ca-ES\",\"potentialAction\":[{\"@type\":\"ReadAction\",\"target\":[\"https:\\\/\\\/gastronomicament.cat\\\/ca\\\/tornen-els-dimecres-de-brou-a-menorca\"]}]},{\"@type\":\"ImageObject\",\"inLanguage\":\"ca-ES\",\"@id\":\"https:\\\/\\\/gastronomicament.cat\\\/ca\\\/tornen-els-dimecres-de-brou-a-menorca#primaryimage\",\"url\":\"https:\\\/\\\/gastronomicament.cat\\\/wp-content\\\/uploads\\\/2019\\\/11\\\/MENORCA-BROU-bullit.jpg\",\"contentUrl\":\"https:\\\/\\\/gastronomicament.cat\\\/wp-content\\\/uploads\\\/2019\\\/11\\\/MENORCA-BROU-bullit.jpg\",\"width\":1200,\"height\":800},{\"@type\":\"WebSite\",\"@id\":\"https:\\\/\\\/gastronomicament.cat\\\/ca\\\/#website\",\"url\":\"https:\\\/\\\/gastronomicament.cat\\\/ca\\\/\",\"name\":\"Gastron\u00f2micament\",\"description\":\"Portal de restaurants, receptes i actualitat gastron\u00f2mica\",\"publisher\":{\"@id\":\"https:\\\/\\\/gastronomicament.cat\\\/ca\\\/#organization\"},\"potentialAction\":[{\"@type\":\"SearchAction\",\"target\":{\"@type\":\"EntryPoint\",\"urlTemplate\":\"https:\\\/\\\/gastronomicament.cat\\\/ca\\\/?s={search_term_string}\"},\"query-input\":{\"@type\":\"PropertyValueSpecification\",\"valueRequired\":true,\"valueName\":\"search_term_string\"}}],\"inLanguage\":\"ca-ES\"},{\"@type\":\"Organization\",\"@id\":\"https:\\\/\\\/gastronomicament.cat\\\/ca\\\/#organization\",\"name\":\"Gastron\u00f2micament\",\"url\":\"https:\\\/\\\/gastronomicament.cat\\\/ca\\\/\",\"logo\":{\"@type\":\"ImageObject\",\"inLanguage\":\"ca-ES\",\"@id\":\"https:\\\/\\\/gastronomicament.cat\\\/ca\\\/#\\\/schema\\\/logo\\\/image\\\/\",\"url\":\"https:\\\/\\\/gastronomicament.cat\\\/wp-content\\\/uploads\\\/2016\\\/09\\\/header-logo.jpg\",\"contentUrl\":\"https:\\\/\\\/gastronomicament.cat\\\/wp-content\\\/uploads\\\/2016\\\/09\\\/header-logo.jpg\",\"width\":277,\"height\":39,\"caption\":\"Gastron\u00f2micament\"},\"image\":{\"@id\":\"https:\\\/\\\/gastronomicament.cat\\\/ca\\\/#\\\/schema\\\/logo\\\/image\\\/\"},\"sameAs\":[\"https:\\\/\\\/x.com\\\/gastronomicamen\"]},{\"@type\":\"Person\",\"@id\":\"https:\\\/\\\/gastronomicament.cat\\\/ca\\\/#\\\/schema\\\/person\\\/a7c85c537a1ed62799a5b8e0f686a37f\",\"name\":\"Redacci\u00f3\",\"image\":{\"@type\":\"ImageObject\",\"inLanguage\":\"ca-ES\",\"@id\":\"https:\\\/\\\/secure.gravatar.com\\\/avatar\\\/9489a485c464fd611d33825daae651d13db70c4e74c65c94937a15a9d4c3ee14?s=96&d=mm&r=g69fea3cce3645dfa2166e7293e22955e\",\"url\":\"https:\\\/\\\/secure.gravatar.com\\\/avatar\\\/9489a485c464fd611d33825daae651d13db70c4e74c65c94937a15a9d4c3ee14?s=96&d=mm&r=g\",\"contentUrl\":\"https:\\\/\\\/secure.gravatar.com\\\/avatar\\\/9489a485c464fd611d33825daae651d13db70c4e74c65c94937a15a9d4c3ee14?s=96&d=mm&r=g\",\"caption\":\"Redacci\u00f3\"},\"sameAs\":[\"http:\\\/\\\/gastronomicament.cat\"],\"url\":\"https:\\\/\\\/gastronomicament.cat\\\/ca\\\/author\\\/admin\"}]}<\/script>\n<!-- \/ Yoast SEO plugin. -->","yoast_head_json":{"title":"Tornen els Dimecres de Brou a Menorca - Gastron\u00f2micament","description":"Tornen els Dimecres de Brou a Menorca Actualitat, Fires i rutes Durant els mesos de desembre i gener,\u00a0Menorca\u00a0celebra la 6a edici\u00f3 de les jornades gastron\u00f2miques\u00a0Dimecres de Brou","robots":{"index":"index","follow":"follow","max-snippet":"max-snippet:-1","max-image-preview":"max-image-preview:large","max-video-preview":"max-video-preview:-1"},"canonical":"https:\/\/gastronomicament.cat\/ca\/tornen-els-dimecres-de-brou-a-menorca","og_locale":"ca_ES","og_type":"article","og_title":"Tornen els Dimecres de Brou a Menorca - Gastron\u00f2micament","og_description":"Tornen els Dimecres de Brou a Menorca Actualitat, Fires i rutes Durant els mesos de desembre i gener,\u00a0Menorca\u00a0celebra la 6a edici\u00f3 de les jornades gastron\u00f2miques\u00a0Dimecres de Brou","og_url":"https:\/\/gastronomicament.cat\/ca\/tornen-els-dimecres-de-brou-a-menorca","og_site_name":"Gastron\u00f2micament","article_published_time":"2019-11-29T11:02:43+00:00","article_modified_time":"2022-04-07T09:14:17+00:00","og_image":[{"width":1200,"height":800,"url":"https:\/\/gastronomicament.cat\/wp-content\/uploads\/2019\/11\/MENORCA-BROU-bullit.jpg","type":"image\/jpeg"}],"author":"Redacci\u00f3","twitter_card":"summary_large_image","twitter_creator":"@gastronomicamen","twitter_site":"@gastronomicamen","twitter_misc":{"Written by":"Redacci\u00f3","Est. reading time":"2 minutes"},"schema":{"@context":"https:\/\/schema.org","@graph":[{"@type":"Article","@id":"https:\/\/gastronomicament.cat\/ca\/tornen-els-dimecres-de-brou-a-menorca#article","isPartOf":{"@id":"https:\/\/gastronomicament.cat\/ca\/tornen-els-dimecres-de-brou-a-menorca"},"author":{"name":"Redacci\u00f3","@id":"https:\/\/gastronomicament.cat\/ca\/#\/schema\/person\/a7c85c537a1ed62799a5b8e0f686a37f"},"headline":"Tornen els Dimecres de Brou a Menorca","datePublished":"2019-11-29T11:02:43+00:00","dateModified":"2022-04-07T09:14:17+00:00","mainEntityOfPage":{"@id":"https:\/\/gastronomicament.cat\/ca\/tornen-els-dimecres-de-brou-a-menorca"},"wordCount":372,"commentCount":0,"publisher":{"@id":"https:\/\/gastronomicament.cat\/ca\/#organization"},"image":{"@id":"https:\/\/gastronomicament.cat\/ca\/tornen-els-dimecres-de-brou-a-menorca#primaryimage"},"thumbnailUrl":"https:\/\/gastronomicament.cat\/wp-content\/uploads\/2019\/11\/MENORCA-BROU-bullit.jpg","articleSection":["Actualitat","Fires i rutes"],"inLanguage":"ca-ES","potentialAction":[{"@type":"CommentAction","name":"Comment","target":["https:\/\/gastronomicament.cat\/ca\/tornen-els-dimecres-de-brou-a-menorca#respond"]}]},{"@type":"WebPage","@id":"https:\/\/gastronomicament.cat\/ca\/tornen-els-dimecres-de-brou-a-menorca","url":"https:\/\/gastronomicament.cat\/ca\/tornen-els-dimecres-de-brou-a-menorca","name":"Tornen els Dimecres de Brou a Menorca - Gastron\u00f2micament","isPartOf":{"@id":"https:\/\/gastronomicament.cat\/ca\/#website"},"primaryImageOfPage":{"@id":"https:\/\/gastronomicament.cat\/ca\/tornen-els-dimecres-de-brou-a-menorca#primaryimage"},"image":{"@id":"https:\/\/gastronomicament.cat\/ca\/tornen-els-dimecres-de-brou-a-menorca#primaryimage"},"thumbnailUrl":"https:\/\/gastronomicament.cat\/wp-content\/uploads\/2019\/11\/MENORCA-BROU-bullit.jpg","datePublished":"2019-11-29T11:02:43+00:00","dateModified":"2022-04-07T09:14:17+00:00","description":"Tornen els Dimecres de Brou a Menorca Actualitat, Fires i rutes Durant els mesos de desembre i gener,\u00a0Menorca\u00a0celebra la 6a edici\u00f3 de les jornades gastron\u00f2miques\u00a0Dimecres de Brou","inLanguage":"ca-ES","potentialAction":[{"@type":"ReadAction","target":["https:\/\/gastronomicament.cat\/ca\/tornen-els-dimecres-de-brou-a-menorca"]}]},{"@type":"ImageObject","inLanguage":"ca-ES","@id":"https:\/\/gastronomicament.cat\/ca\/tornen-els-dimecres-de-brou-a-menorca#primaryimage","url":"https:\/\/gastronomicament.cat\/wp-content\/uploads\/2019\/11\/MENORCA-BROU-bullit.jpg","contentUrl":"https:\/\/gastronomicament.cat\/wp-content\/uploads\/2019\/11\/MENORCA-BROU-bullit.jpg","width":1200,"height":800},{"@type":"WebSite","@id":"https:\/\/gastronomicament.cat\/ca\/#website","url":"https:\/\/gastronomicament.cat\/ca\/","name":"Gastron\u00f2micament","description":"Portal de restaurants, receptes i actualitat gastron\u00f2mica","publisher":{"@id":"https:\/\/gastronomicament.cat\/ca\/#organization"},"potentialAction":[{"@type":"SearchAction","target":{"@type":"EntryPoint","urlTemplate":"https:\/\/gastronomicament.cat\/ca\/?s={search_term_string}"},"query-input":{"@type":"PropertyValueSpecification","valueRequired":true,"valueName":"search_term_string"}}],"inLanguage":"ca-ES"},{"@type":"Organization","@id":"https:\/\/gastronomicament.cat\/ca\/#organization","name":"Gastron\u00f2micament","url":"https:\/\/gastronomicament.cat\/ca\/","logo":{"@type":"ImageObject","inLanguage":"ca-ES","@id":"https:\/\/gastronomicament.cat\/ca\/#\/schema\/logo\/image\/","url":"https:\/\/gastronomicament.cat\/wp-content\/uploads\/2016\/09\/header-logo.jpg","contentUrl":"https:\/\/gastronomicament.cat\/wp-content\/uploads\/2016\/09\/header-logo.jpg","width":277,"height":39,"caption":"Gastron\u00f2micament"},"image":{"@id":"https:\/\/gastronomicament.cat\/ca\/#\/schema\/logo\/image\/"},"sameAs":["https:\/\/x.com\/gastronomicamen"]},{"@type":"Person","@id":"https:\/\/gastronomicament.cat\/ca\/#\/schema\/person\/a7c85c537a1ed62799a5b8e0f686a37f","name":"Redacci\u00f3","image":{"@type":"ImageObject","inLanguage":"ca-ES","@id":"https:\/\/secure.gravatar.com\/avatar\/9489a485c464fd611d33825daae651d13db70c4e74c65c94937a15a9d4c3ee14?s=96&d=mm&r=g69fea3cce3645dfa2166e7293e22955e","url":"https:\/\/secure.gravatar.com\/avatar\/9489a485c464fd611d33825daae651d13db70c4e74c65c94937a15a9d4c3ee14?s=96&d=mm&r=g","contentUrl":"https:\/\/secure.gravatar.com\/avatar\/9489a485c464fd611d33825daae651d13db70c4e74c65c94937a15a9d4c3ee14?s=96&d=mm&r=g","caption":"Redacci\u00f3"},"sameAs":["http:\/\/gastronomicament.cat"],"url":"https:\/\/gastronomicament.cat\/ca\/author\/admin"}]}},"_links":{"self":[{"href":"https:\/\/gastronomicament.cat\/ca\/wp-json\/wp\/v2\/posts\/25541","targetHints":{"allow":["GET"]}}],"collection":[{"href":"https:\/\/gastronomicament.cat\/ca\/wp-json\/wp\/v2\/posts"}],"about":[{"href":"https:\/\/gastronomicament.cat\/ca\/wp-json\/wp\/v2\/types\/post"}],"author":[{"embeddable":true,"href":"https:\/\/gastronomicament.cat\/ca\/wp-json\/wp\/v2\/users\/1"}],"replies":[{"embeddable":true,"href":"https:\/\/gastronomicament.cat\/ca\/wp-json\/wp\/v2\/comments?post=25541"}],"version-history":[{"count":0,"href":"https:\/\/gastronomicament.cat\/ca\/wp-json\/wp\/v2\/posts\/25541\/revisions"}],"wp:featuredmedia":[{"embeddable":true,"href":"https:\/\/gastronomicament.cat\/ca\/wp-json\/wp\/v2\/media\/25542"}],"wp:attachment":[{"href":"https:\/\/gastronomicament.cat\/ca\/wp-json\/wp\/v2\/media?parent=25541"}],"wp:term":[{"taxonomy":"category","embeddable":true,"href":"https:\/\/gastronomicament.cat\/ca\/wp-json\/wp\/v2\/categories?post=25541"},{"taxonomy":"post_tag","embeddable":true,"href":"https:\/\/gastronomicament.cat\/ca\/wp-json\/wp\/v2\/tags?post=25541"},{"taxonomy":"author","embeddable":true,"href":"https:\/\/gastronomicament.cat\/ca\/wp-json\/wp\/v2\/coauthors?post=25541"}],"curies":[{"name":"wp","href":"https:\/\/api.w.org\/{rel}","templated":true}]}}