{"id":25612,"date":"2019-12-12T09:22:38","date_gmt":"2019-12-12T08:22:38","guid":{"rendered":"https:\/\/gastronomicament.cat\/?p=25612"},"modified":"2022-04-07T11:14:20","modified_gmt":"2022-04-07T09:14:20","slug":"pere-quetglas-i-maria-solivellas-reben-el-mantonegro-dargent-2019","status":"publish","type":"post","link":"https:\/\/gastronomicament.cat\/ca\/pere-quetglas-i-maria-solivellas-reben-el-mantonegro-dargent-2019","title":{"rendered":"Pere Quetglas i Maria Solivellas reben el Mantonegro d&#8217;Argent 2019"},"content":{"rendered":"<p>El consell regulador de la denominaci\u00f3 d&#8217;origen\u00a0<strong>Binissalem\u00a0<\/strong>ha guardonat amb el\u00a0<strong>Mantonegro d&#8217;Argent<\/strong>\u00a0a Pere Quetglas i a Maria Solivellas pel seu comprom\u00eds amb el producte local i la sostenibilitat.<\/p>\n<p>L&#8217;acte va tenir lloc el dissabte 7 de desembre al celler de\u00a0<strong>Vins Nadal\u00a0<\/strong>de Binissalem on es reuniren prop d&#8217;un centenar de persones. Es tracta de la cinquena edici\u00f3 d&#8217;aquest reconeixement que es va crear l&#8217;any 2015, amb motiu del 25 aniversari de la DO Binissalem. L&#8217;objectiu \u00e9s\u00a0<strong>valorar la dedicaci\u00f3 i contribuci\u00f3 al m\u00f3n de la viticultura que fan persones o entitats de l&#8217;\u00e0mbit de la la gastronomia, la cultura, els esports, la ci\u00e8ncia etc. amb alguna vinculaci\u00f3 amb el territori<\/strong>. El guard\u00f3 \u00e9s una ins\u00edgnia de plata, en forma de ra\u00efm, que simbolitza el\u00a0<strong>ra\u00efm Mantonegro, varietat principal a la DO Binissalem<\/strong>.<\/p>\n<p><strong>Pere Quetglas<\/strong>\u00a0\u00e9s un enginyer agr\u00f2nom que\u00a0<strong>ha contribu\u00eft a la creaci\u00f3 i desenvolupament de la DO Binissalem<\/strong>\u00a0i per la dedicaci\u00f3 al producte local, tasca que continua fent en la seva explotaci\u00f3 familiar de porc negre i de vaques de ra\u00e7a mallorquina. Quetglas va recordar la import\u00e0ncia de les marques de qualitat com a eines per protegir el producte local i les varietats aut\u00f2ctones.<\/p>\n<p><strong>Maria Solivellas<\/strong>, xef del restaurant Ca Na Toneta, \u00e9s\u00a0<strong>pionera en la interpretaci\u00f3 de la cuina i de la restauraci\u00f3 d&#8217;una manera responsable<\/strong>, unint gastronomia i cultura, apostant sempre pel\u00a0<strong>producte local, de temporada i km 0<\/strong>. De fet, el dia del reconeixement acababa d&#8217;arribar de la cimera per al clima COP25, en qu\u00e8 va impartir una pon\u00e8ncia sobre hedonisme responsable. Va explica que fa 18 anys quecuina, recopilant informaci\u00f3 dels pagesos sobre varietats aut\u00f2ctones, costums&#8230; Durant la intervenci\u00f3 va destacar la feina realitzada de viticultors i cellers, que &#8220;s&#8217;han sabut organitzar i dur a terme un projecte empresarial d&#8217;\u00e8xit&#8221;.<\/p>\n","protected":false},"excerpt":{"rendered":"<p>El consell regulador de la denominaci\u00f3 d&#8217;origen\u00a0Binissalem\u00a0ha guardonat amb el\u00a0Mantonegro d&#8217;Argent\u00a0a Pere Quetglas i a Maria&hellip;<\/p>\n","protected":false},"author":1,"featured_media":25613,"comment_status":"open","ping_status":"closed","sticky":false,"template":"","format":"gallery","meta":{"_acf_changed":false,"_swt_meta_header_display":false,"_swt_meta_footer_display":false,"_swt_meta_site_title_display":false,"_swt_meta_sticky_header":false,"_swt_meta_transparent_header":false,"footnotes":""},"categories":[692,953],"tags":[],"coauthors":[],"class_list":["post-25612","post","type-post","status-publish","format-gallery","has-post-thumbnail","hentry","category-actualitat","category-concursos-i-premis","post_format-post-format-gallery"],"acf":{"gallery":null,"home_date":{"home_begin_date":null,"home_end_date":null}},"yoast_head":"<!-- This site is optimized with the Yoast SEO plugin v27.4 - https:\/\/yoast.com\/product\/yoast-seo-wordpress\/ -->\n<title>Pere Quetglas i Maria Solivellas reben el Mantonegro d&#039;Argent 2019 - Gastron\u00f2micament<\/title>\n<meta name=\"description\" content=\"Pere Quetglas i Maria Solivellas reben el Mantonegro d&#039;Argent 2019 Actualitat, Concursos i premis El consell regulador de la denominaci\u00f3 d&#039;origen\u00a0Binissalem\u00a0ha guardonat amb el\u00a0Mantonegro d&#039;Argent\u00a0a Pere Quetglas i a Maria Solivellas pel seu comprom\u00eds amb el producte local i la sostenibilitat\" \/>\n<meta name=\"robots\" content=\"index, follow, max-snippet:-1, max-image-preview:large, max-video-preview:-1\" \/>\n<link rel=\"canonical\" href=\"https:\/\/gastronomicament.cat\/ca\/pere-quetglas-i-maria-solivellas-reben-el-mantonegro-dargent-2019\" \/>\n<meta property=\"og:locale\" content=\"ca_ES\" \/>\n<meta property=\"og:type\" content=\"article\" \/>\n<meta property=\"og:title\" content=\"Pere Quetglas i Maria Solivellas reben el Mantonegro d&#039;Argent 2019 - Gastron\u00f2micament\" \/>\n<meta property=\"og:description\" content=\"Pere Quetglas i Maria Solivellas reben el Mantonegro d&#039;Argent 2019 Actualitat, Concursos i premis El consell regulador de la denominaci\u00f3 d&#039;origen\u00a0Binissalem\u00a0ha guardonat amb el\u00a0Mantonegro d&#039;Argent\u00a0a Pere Quetglas i a Maria Solivellas pel seu comprom\u00eds amb el producte local i la sostenibilitat\" \/>\n<meta property=\"og:url\" content=\"https:\/\/gastronomicament.cat\/ca\/pere-quetglas-i-maria-solivellas-reben-el-mantonegro-dargent-2019\" \/>\n<meta property=\"og:site_name\" content=\"Gastron\u00f2micament\" \/>\n<meta property=\"article:published_time\" content=\"2019-12-12T08:22:38+00:00\" \/>\n<meta property=\"article:modified_time\" content=\"2022-04-07T09:14:20+00:00\" \/>\n<meta property=\"og:image\" content=\"https:\/\/gastronomicament.cat\/wp-content\/uploads\/2019\/12\/Mantonegro-Argent-2019.jpg\" \/>\n\t<meta property=\"og:image:width\" content=\"1200\" \/>\n\t<meta property=\"og:image:height\" content=\"800\" \/>\n\t<meta property=\"og:image:type\" content=\"image\/jpeg\" \/>\n<meta name=\"author\" content=\"Redacci\u00f3\" \/>\n<meta name=\"twitter:card\" content=\"summary_large_image\" \/>\n<meta name=\"twitter:creator\" content=\"@gastronomicamen\" \/>\n<meta name=\"twitter:site\" content=\"@gastronomicamen\" \/>\n<meta name=\"twitter:label1\" content=\"Written by\" \/>\n\t<meta name=\"twitter:data1\" content=\"Redacci\u00f3\" \/>\n\t<meta name=\"twitter:label2\" content=\"Est. reading time\" \/>\n\t<meta name=\"twitter:data2\" content=\"2 minutes\" \/>\n<script type=\"application\/ld+json\" class=\"yoast-schema-graph\">{\"@context\":\"https:\\\/\\\/schema.org\",\"@graph\":[{\"@type\":\"Article\",\"@id\":\"https:\\\/\\\/gastronomicament.cat\\\/ca\\\/pere-quetglas-i-maria-solivellas-reben-el-mantonegro-dargent-2019#article\",\"isPartOf\":{\"@id\":\"https:\\\/\\\/gastronomicament.cat\\\/ca\\\/pere-quetglas-i-maria-solivellas-reben-el-mantonegro-dargent-2019\"},\"author\":{\"name\":\"Redacci\u00f3\",\"@id\":\"https:\\\/\\\/gastronomicament.cat\\\/ca\\\/#\\\/schema\\\/person\\\/a7c85c537a1ed62799a5b8e0f686a37f\"},\"headline\":\"Pere Quetglas i Maria Solivellas reben el Mantonegro d&#8217;Argent 2019\",\"datePublished\":\"2019-12-12T08:22:38+00:00\",\"dateModified\":\"2022-04-07T09:14:20+00:00\",\"mainEntityOfPage\":{\"@id\":\"https:\\\/\\\/gastronomicament.cat\\\/ca\\\/pere-quetglas-i-maria-solivellas-reben-el-mantonegro-dargent-2019\"},\"wordCount\":320,\"commentCount\":0,\"publisher\":{\"@id\":\"https:\\\/\\\/gastronomicament.cat\\\/ca\\\/#organization\"},\"image\":{\"@id\":\"https:\\\/\\\/gastronomicament.cat\\\/ca\\\/pere-quetglas-i-maria-solivellas-reben-el-mantonegro-dargent-2019#primaryimage\"},\"thumbnailUrl\":\"https:\\\/\\\/gastronomicament.cat\\\/wp-content\\\/uploads\\\/2019\\\/12\\\/Mantonegro-Argent-2019.jpg\",\"articleSection\":[\"Actualitat\",\"Concursos i premis\"],\"inLanguage\":\"ca-ES\",\"potentialAction\":[{\"@type\":\"CommentAction\",\"name\":\"Comment\",\"target\":[\"https:\\\/\\\/gastronomicament.cat\\\/ca\\\/pere-quetglas-i-maria-solivellas-reben-el-mantonegro-dargent-2019#respond\"]}]},{\"@type\":\"WebPage\",\"@id\":\"https:\\\/\\\/gastronomicament.cat\\\/ca\\\/pere-quetglas-i-maria-solivellas-reben-el-mantonegro-dargent-2019\",\"url\":\"https:\\\/\\\/gastronomicament.cat\\\/ca\\\/pere-quetglas-i-maria-solivellas-reben-el-mantonegro-dargent-2019\",\"name\":\"Pere Quetglas i Maria Solivellas reben el Mantonegro d'Argent 2019 - Gastron\u00f2micament\",\"isPartOf\":{\"@id\":\"https:\\\/\\\/gastronomicament.cat\\\/ca\\\/#website\"},\"primaryImageOfPage\":{\"@id\":\"https:\\\/\\\/gastronomicament.cat\\\/ca\\\/pere-quetglas-i-maria-solivellas-reben-el-mantonegro-dargent-2019#primaryimage\"},\"image\":{\"@id\":\"https:\\\/\\\/gastronomicament.cat\\\/ca\\\/pere-quetglas-i-maria-solivellas-reben-el-mantonegro-dargent-2019#primaryimage\"},\"thumbnailUrl\":\"https:\\\/\\\/gastronomicament.cat\\\/wp-content\\\/uploads\\\/2019\\\/12\\\/Mantonegro-Argent-2019.jpg\",\"datePublished\":\"2019-12-12T08:22:38+00:00\",\"dateModified\":\"2022-04-07T09:14:20+00:00\",\"description\":\"Pere Quetglas i Maria Solivellas reben el Mantonegro d'Argent 2019 Actualitat, Concursos i premis El consell regulador de la denominaci\u00f3 d'origen\u00a0Binissalem\u00a0ha guardonat amb el\u00a0Mantonegro d'Argent\u00a0a Pere Quetglas i a Maria Solivellas pel seu comprom\u00eds amb el producte local i la sostenibilitat\",\"inLanguage\":\"ca-ES\",\"potentialAction\":[{\"@type\":\"ReadAction\",\"target\":[\"https:\\\/\\\/gastronomicament.cat\\\/ca\\\/pere-quetglas-i-maria-solivellas-reben-el-mantonegro-dargent-2019\"]}]},{\"@type\":\"ImageObject\",\"inLanguage\":\"ca-ES\",\"@id\":\"https:\\\/\\\/gastronomicament.cat\\\/ca\\\/pere-quetglas-i-maria-solivellas-reben-el-mantonegro-dargent-2019#primaryimage\",\"url\":\"https:\\\/\\\/gastronomicament.cat\\\/wp-content\\\/uploads\\\/2019\\\/12\\\/Mantonegro-Argent-2019.jpg\",\"contentUrl\":\"https:\\\/\\\/gastronomicament.cat\\\/wp-content\\\/uploads\\\/2019\\\/12\\\/Mantonegro-Argent-2019.jpg\",\"width\":1200,\"height\":800},{\"@type\":\"WebSite\",\"@id\":\"https:\\\/\\\/gastronomicament.cat\\\/ca\\\/#website\",\"url\":\"https:\\\/\\\/gastronomicament.cat\\\/ca\\\/\",\"name\":\"Gastron\u00f2micament\",\"description\":\"Portal de restaurants, receptes i actualitat gastron\u00f2mica\",\"publisher\":{\"@id\":\"https:\\\/\\\/gastronomicament.cat\\\/ca\\\/#organization\"},\"potentialAction\":[{\"@type\":\"SearchAction\",\"target\":{\"@type\":\"EntryPoint\",\"urlTemplate\":\"https:\\\/\\\/gastronomicament.cat\\\/ca\\\/?s={search_term_string}\"},\"query-input\":{\"@type\":\"PropertyValueSpecification\",\"valueRequired\":true,\"valueName\":\"search_term_string\"}}],\"inLanguage\":\"ca-ES\"},{\"@type\":\"Organization\",\"@id\":\"https:\\\/\\\/gastronomicament.cat\\\/ca\\\/#organization\",\"name\":\"Gastron\u00f2micament\",\"url\":\"https:\\\/\\\/gastronomicament.cat\\\/ca\\\/\",\"logo\":{\"@type\":\"ImageObject\",\"inLanguage\":\"ca-ES\",\"@id\":\"https:\\\/\\\/gastronomicament.cat\\\/ca\\\/#\\\/schema\\\/logo\\\/image\\\/\",\"url\":\"https:\\\/\\\/gastronomicament.cat\\\/wp-content\\\/uploads\\\/2016\\\/09\\\/header-logo.jpg\",\"contentUrl\":\"https:\\\/\\\/gastronomicament.cat\\\/wp-content\\\/uploads\\\/2016\\\/09\\\/header-logo.jpg\",\"width\":277,\"height\":39,\"caption\":\"Gastron\u00f2micament\"},\"image\":{\"@id\":\"https:\\\/\\\/gastronomicament.cat\\\/ca\\\/#\\\/schema\\\/logo\\\/image\\\/\"},\"sameAs\":[\"https:\\\/\\\/x.com\\\/gastronomicamen\"]},{\"@type\":\"Person\",\"@id\":\"https:\\\/\\\/gastronomicament.cat\\\/ca\\\/#\\\/schema\\\/person\\\/a7c85c537a1ed62799a5b8e0f686a37f\",\"name\":\"Redacci\u00f3\",\"image\":{\"@type\":\"ImageObject\",\"inLanguage\":\"ca-ES\",\"@id\":\"https:\\\/\\\/secure.gravatar.com\\\/avatar\\\/9489a485c464fd611d33825daae651d13db70c4e74c65c94937a15a9d4c3ee14?s=96&d=mm&r=g69fea3cce3645dfa2166e7293e22955e\",\"url\":\"https:\\\/\\\/secure.gravatar.com\\\/avatar\\\/9489a485c464fd611d33825daae651d13db70c4e74c65c94937a15a9d4c3ee14?s=96&d=mm&r=g\",\"contentUrl\":\"https:\\\/\\\/secure.gravatar.com\\\/avatar\\\/9489a485c464fd611d33825daae651d13db70c4e74c65c94937a15a9d4c3ee14?s=96&d=mm&r=g\",\"caption\":\"Redacci\u00f3\"},\"sameAs\":[\"http:\\\/\\\/gastronomicament.cat\"],\"url\":\"https:\\\/\\\/gastronomicament.cat\\\/ca\\\/author\\\/admin\"}]}<\/script>\n<!-- \/ Yoast SEO plugin. -->","yoast_head_json":{"title":"Pere Quetglas i Maria Solivellas reben el Mantonegro d'Argent 2019 - Gastron\u00f2micament","description":"Pere Quetglas i Maria Solivellas reben el Mantonegro d'Argent 2019 Actualitat, Concursos i premis El consell regulador de la denominaci\u00f3 d'origen\u00a0Binissalem\u00a0ha guardonat amb el\u00a0Mantonegro d'Argent\u00a0a Pere Quetglas i a Maria Solivellas pel seu comprom\u00eds amb el producte local i la sostenibilitat","robots":{"index":"index","follow":"follow","max-snippet":"max-snippet:-1","max-image-preview":"max-image-preview:large","max-video-preview":"max-video-preview:-1"},"canonical":"https:\/\/gastronomicament.cat\/ca\/pere-quetglas-i-maria-solivellas-reben-el-mantonegro-dargent-2019","og_locale":"ca_ES","og_type":"article","og_title":"Pere Quetglas i Maria Solivellas reben el Mantonegro d'Argent 2019 - Gastron\u00f2micament","og_description":"Pere Quetglas i Maria Solivellas reben el Mantonegro d'Argent 2019 Actualitat, Concursos i premis El consell regulador de la denominaci\u00f3 d'origen\u00a0Binissalem\u00a0ha guardonat amb el\u00a0Mantonegro d'Argent\u00a0a Pere Quetglas i a Maria Solivellas pel seu comprom\u00eds amb el producte local i la sostenibilitat","og_url":"https:\/\/gastronomicament.cat\/ca\/pere-quetglas-i-maria-solivellas-reben-el-mantonegro-dargent-2019","og_site_name":"Gastron\u00f2micament","article_published_time":"2019-12-12T08:22:38+00:00","article_modified_time":"2022-04-07T09:14:20+00:00","og_image":[{"width":1200,"height":800,"url":"https:\/\/gastronomicament.cat\/wp-content\/uploads\/2019\/12\/Mantonegro-Argent-2019.jpg","type":"image\/jpeg"}],"author":"Redacci\u00f3","twitter_card":"summary_large_image","twitter_creator":"@gastronomicamen","twitter_site":"@gastronomicamen","twitter_misc":{"Written by":"Redacci\u00f3","Est. reading time":"2 minutes"},"schema":{"@context":"https:\/\/schema.org","@graph":[{"@type":"Article","@id":"https:\/\/gastronomicament.cat\/ca\/pere-quetglas-i-maria-solivellas-reben-el-mantonegro-dargent-2019#article","isPartOf":{"@id":"https:\/\/gastronomicament.cat\/ca\/pere-quetglas-i-maria-solivellas-reben-el-mantonegro-dargent-2019"},"author":{"name":"Redacci\u00f3","@id":"https:\/\/gastronomicament.cat\/ca\/#\/schema\/person\/a7c85c537a1ed62799a5b8e0f686a37f"},"headline":"Pere Quetglas i Maria Solivellas reben el Mantonegro d&#8217;Argent 2019","datePublished":"2019-12-12T08:22:38+00:00","dateModified":"2022-04-07T09:14:20+00:00","mainEntityOfPage":{"@id":"https:\/\/gastronomicament.cat\/ca\/pere-quetglas-i-maria-solivellas-reben-el-mantonegro-dargent-2019"},"wordCount":320,"commentCount":0,"publisher":{"@id":"https:\/\/gastronomicament.cat\/ca\/#organization"},"image":{"@id":"https:\/\/gastronomicament.cat\/ca\/pere-quetglas-i-maria-solivellas-reben-el-mantonegro-dargent-2019#primaryimage"},"thumbnailUrl":"https:\/\/gastronomicament.cat\/wp-content\/uploads\/2019\/12\/Mantonegro-Argent-2019.jpg","articleSection":["Actualitat","Concursos i premis"],"inLanguage":"ca-ES","potentialAction":[{"@type":"CommentAction","name":"Comment","target":["https:\/\/gastronomicament.cat\/ca\/pere-quetglas-i-maria-solivellas-reben-el-mantonegro-dargent-2019#respond"]}]},{"@type":"WebPage","@id":"https:\/\/gastronomicament.cat\/ca\/pere-quetglas-i-maria-solivellas-reben-el-mantonegro-dargent-2019","url":"https:\/\/gastronomicament.cat\/ca\/pere-quetglas-i-maria-solivellas-reben-el-mantonegro-dargent-2019","name":"Pere Quetglas i Maria Solivellas reben el Mantonegro d'Argent 2019 - Gastron\u00f2micament","isPartOf":{"@id":"https:\/\/gastronomicament.cat\/ca\/#website"},"primaryImageOfPage":{"@id":"https:\/\/gastronomicament.cat\/ca\/pere-quetglas-i-maria-solivellas-reben-el-mantonegro-dargent-2019#primaryimage"},"image":{"@id":"https:\/\/gastronomicament.cat\/ca\/pere-quetglas-i-maria-solivellas-reben-el-mantonegro-dargent-2019#primaryimage"},"thumbnailUrl":"https:\/\/gastronomicament.cat\/wp-content\/uploads\/2019\/12\/Mantonegro-Argent-2019.jpg","datePublished":"2019-12-12T08:22:38+00:00","dateModified":"2022-04-07T09:14:20+00:00","description":"Pere Quetglas i Maria Solivellas reben el Mantonegro d'Argent 2019 Actualitat, Concursos i premis El consell regulador de la denominaci\u00f3 d'origen\u00a0Binissalem\u00a0ha guardonat amb el\u00a0Mantonegro d'Argent\u00a0a Pere Quetglas i a Maria Solivellas pel seu comprom\u00eds amb el producte local i la sostenibilitat","inLanguage":"ca-ES","potentialAction":[{"@type":"ReadAction","target":["https:\/\/gastronomicament.cat\/ca\/pere-quetglas-i-maria-solivellas-reben-el-mantonegro-dargent-2019"]}]},{"@type":"ImageObject","inLanguage":"ca-ES","@id":"https:\/\/gastronomicament.cat\/ca\/pere-quetglas-i-maria-solivellas-reben-el-mantonegro-dargent-2019#primaryimage","url":"https:\/\/gastronomicament.cat\/wp-content\/uploads\/2019\/12\/Mantonegro-Argent-2019.jpg","contentUrl":"https:\/\/gastronomicament.cat\/wp-content\/uploads\/2019\/12\/Mantonegro-Argent-2019.jpg","width":1200,"height":800},{"@type":"WebSite","@id":"https:\/\/gastronomicament.cat\/ca\/#website","url":"https:\/\/gastronomicament.cat\/ca\/","name":"Gastron\u00f2micament","description":"Portal de restaurants, receptes i actualitat gastron\u00f2mica","publisher":{"@id":"https:\/\/gastronomicament.cat\/ca\/#organization"},"potentialAction":[{"@type":"SearchAction","target":{"@type":"EntryPoint","urlTemplate":"https:\/\/gastronomicament.cat\/ca\/?s={search_term_string}"},"query-input":{"@type":"PropertyValueSpecification","valueRequired":true,"valueName":"search_term_string"}}],"inLanguage":"ca-ES"},{"@type":"Organization","@id":"https:\/\/gastronomicament.cat\/ca\/#organization","name":"Gastron\u00f2micament","url":"https:\/\/gastronomicament.cat\/ca\/","logo":{"@type":"ImageObject","inLanguage":"ca-ES","@id":"https:\/\/gastronomicament.cat\/ca\/#\/schema\/logo\/image\/","url":"https:\/\/gastronomicament.cat\/wp-content\/uploads\/2016\/09\/header-logo.jpg","contentUrl":"https:\/\/gastronomicament.cat\/wp-content\/uploads\/2016\/09\/header-logo.jpg","width":277,"height":39,"caption":"Gastron\u00f2micament"},"image":{"@id":"https:\/\/gastronomicament.cat\/ca\/#\/schema\/logo\/image\/"},"sameAs":["https:\/\/x.com\/gastronomicamen"]},{"@type":"Person","@id":"https:\/\/gastronomicament.cat\/ca\/#\/schema\/person\/a7c85c537a1ed62799a5b8e0f686a37f","name":"Redacci\u00f3","image":{"@type":"ImageObject","inLanguage":"ca-ES","@id":"https:\/\/secure.gravatar.com\/avatar\/9489a485c464fd611d33825daae651d13db70c4e74c65c94937a15a9d4c3ee14?s=96&d=mm&r=g69fea3cce3645dfa2166e7293e22955e","url":"https:\/\/secure.gravatar.com\/avatar\/9489a485c464fd611d33825daae651d13db70c4e74c65c94937a15a9d4c3ee14?s=96&d=mm&r=g","contentUrl":"https:\/\/secure.gravatar.com\/avatar\/9489a485c464fd611d33825daae651d13db70c4e74c65c94937a15a9d4c3ee14?s=96&d=mm&r=g","caption":"Redacci\u00f3"},"sameAs":["http:\/\/gastronomicament.cat"],"url":"https:\/\/gastronomicament.cat\/ca\/author\/admin"}]}},"_links":{"self":[{"href":"https:\/\/gastronomicament.cat\/ca\/wp-json\/wp\/v2\/posts\/25612","targetHints":{"allow":["GET"]}}],"collection":[{"href":"https:\/\/gastronomicament.cat\/ca\/wp-json\/wp\/v2\/posts"}],"about":[{"href":"https:\/\/gastronomicament.cat\/ca\/wp-json\/wp\/v2\/types\/post"}],"author":[{"embeddable":true,"href":"https:\/\/gastronomicament.cat\/ca\/wp-json\/wp\/v2\/users\/1"}],"replies":[{"embeddable":true,"href":"https:\/\/gastronomicament.cat\/ca\/wp-json\/wp\/v2\/comments?post=25612"}],"version-history":[{"count":0,"href":"https:\/\/gastronomicament.cat\/ca\/wp-json\/wp\/v2\/posts\/25612\/revisions"}],"wp:featuredmedia":[{"embeddable":true,"href":"https:\/\/gastronomicament.cat\/ca\/wp-json\/wp\/v2\/media\/25613"}],"wp:attachment":[{"href":"https:\/\/gastronomicament.cat\/ca\/wp-json\/wp\/v2\/media?parent=25612"}],"wp:term":[{"taxonomy":"category","embeddable":true,"href":"https:\/\/gastronomicament.cat\/ca\/wp-json\/wp\/v2\/categories?post=25612"},{"taxonomy":"post_tag","embeddable":true,"href":"https:\/\/gastronomicament.cat\/ca\/wp-json\/wp\/v2\/tags?post=25612"},{"taxonomy":"author","embeddable":true,"href":"https:\/\/gastronomicament.cat\/ca\/wp-json\/wp\/v2\/coauthors?post=25612"}],"curies":[{"name":"wp","href":"https:\/\/api.w.org\/{rel}","templated":true}]}}