{"id":25758,"date":"2020-01-23T09:00:20","date_gmt":"2020-01-23T08:00:20","guid":{"rendered":"https:\/\/gastronomicament.cat\/?p=25758"},"modified":"2022-04-07T11:14:24","modified_gmt":"2022-04-07T09:14:24","slug":"obertes-les-inscripcions-per-participar-al-ii-campionat-del-mon-de-pa-amb-oli","status":"publish","type":"post","link":"https:\/\/gastronomicament.cat\/ca\/obertes-les-inscripcions-per-participar-al-ii-campionat-del-mon-de-pa-amb-oli","title":{"rendered":"Obertes les inscripcions per participar al II Campionat del M\u00f3n de Pa amb Oli"},"content":{"rendered":"<p>Els principals requisits a l&#8217;hora de confeccionar el Pa amb Oli s\u00f3n el pa de pag\u00e8s i l\u2019oli. A m\u00e9s, ser\u00e0 obligatori servir el Pa amb Oli en un plat de 20 cm de di\u00e0metre i les llesques de pa no poden ser m\u00e9s grans que el plat.<\/p>\n<p>Tots els restaurants de Mallorca, Menorca, Eivissa i Formentera, aix\u00ed com restaurants de tot el m\u00f3n, que vulguin confeccionar &#8216;El millor Pa amb Oli de M\u00f3n&#8217; ja es poden inscriure a la segona edici\u00f3 del Campionat del M\u00f3n de Pa amb Oli. La inscripci\u00f3 \u00e9s gratu\u00efta i han de complir amb una s\u00e8rie de requisits: el pa ha de ser pag\u00e8s, ha de dur oli, s&#8217;ha de servir en un plat de 20 cent\u00edmetres de di\u00e0metre i les llesques \u00a0no poden ser m\u00e9s grans que el pa.<\/p>\n<p>Per apuntar-s&#8217;hi cal enviar un missatge a inscripcions [arrova] agenciacom [punt] com, s&#8217;hi ha d&#8217;indicar que volen participar en el campionat i amb les seves dades (nom, cognoms, restaurant amb el qual hi participa, tel\u00e8fon i e-mail de contacte). La cita es dividir\u00e0 en dures parts, la pr\u00e8via i la final. Per a la fase pr\u00e8via hi haur\u00e0 una competici\u00f3 per illa (Mallorca, Menorca i Piti\u00fcses) i una altra d&#8217;\u00e0mbit internacional que se celebrar\u00e0 a Mallorca.<\/p>\n<p>El jurat del II Campionat del M\u00f3n del Pa amb Oli estar\u00e0 format per cuiners i experts gastron\u00f2mics de les Illes Balears. El guanyador de \u2018El Millor Pa amb oli del M\u00f3n\u2019 i els finalistes podran vendre el seu pamboli, a un preu marcat per l&#8217;organitzaci\u00f3, durant els tres dies de la Fira del Pa amb Oli que se celebrar\u00e0 del 28 de febrer a l&#8217;1 de mar\u00e7 a sa Feixina a Palma, amb motiu del Dia de les Illes Balears.<\/p>\n","protected":false},"excerpt":{"rendered":"<p>Els principals requisits a l&#8217;hora de confeccionar el Pa amb Oli s\u00f3n el pa de pag\u00e8s&hellip;<\/p>\n","protected":false},"author":1,"featured_media":25759,"comment_status":"open","ping_status":"closed","sticky":false,"template":"","format":"standard","meta":{"_acf_changed":false,"_swt_meta_header_display":false,"_swt_meta_footer_display":false,"_swt_meta_site_title_display":false,"_swt_meta_sticky_header":false,"_swt_meta_transparent_header":false,"footnotes":""},"categories":[692,953],"tags":[],"coauthors":[],"class_list":["post-25758","post","type-post","status-publish","format-standard","has-post-thumbnail","hentry","category-actualitat","category-concursos-i-premis"],"acf":{"gallery":null,"home_date":{"home_begin_date":null,"home_end_date":null}},"yoast_head":"<!-- This site is optimized with the Yoast SEO plugin v27.4 - https:\/\/yoast.com\/product\/yoast-seo-wordpress\/ -->\n<title>Obertes les inscripcions per participar al II Campionat del M\u00f3n de Pa amb Oli - Gastron\u00f2micament<\/title>\n<meta name=\"description\" content=\"Obertes les inscripcions per participar al II Campionat del M\u00f3n de Pa amb Oli Actualitat, Concursos i premis Els principals requisits a l&#039;hora de confeccionar el Pa amb Oli s\u00f3n el pa de pag\u00e8s i l\u2019oli\" \/>\n<meta name=\"robots\" content=\"index, follow, max-snippet:-1, max-image-preview:large, max-video-preview:-1\" \/>\n<link rel=\"canonical\" href=\"https:\/\/gastronomicament.cat\/ca\/obertes-les-inscripcions-per-participar-al-ii-campionat-del-mon-de-pa-amb-oli\" \/>\n<meta property=\"og:locale\" content=\"ca_ES\" \/>\n<meta property=\"og:type\" content=\"article\" \/>\n<meta property=\"og:title\" content=\"Obertes les inscripcions per participar al II Campionat del M\u00f3n de Pa amb Oli - Gastron\u00f2micament\" \/>\n<meta property=\"og:description\" content=\"Obertes les inscripcions per participar al II Campionat del M\u00f3n de Pa amb Oli Actualitat, Concursos i premis Els principals requisits a l&#039;hora de confeccionar el Pa amb Oli s\u00f3n el pa de pag\u00e8s i l\u2019oli\" \/>\n<meta property=\"og:url\" content=\"https:\/\/gastronomicament.cat\/ca\/obertes-les-inscripcions-per-participar-al-ii-campionat-del-mon-de-pa-amb-oli\" \/>\n<meta property=\"og:site_name\" content=\"Gastron\u00f2micament\" \/>\n<meta property=\"article:published_time\" content=\"2020-01-23T08:00:20+00:00\" \/>\n<meta property=\"article:modified_time\" content=\"2022-04-07T09:14:24+00:00\" \/>\n<meta property=\"og:image\" content=\"https:\/\/gastronomicament.cat\/wp-content\/uploads\/2020\/01\/Concurs-Pamboli-2020.jpg\" \/>\n\t<meta property=\"og:image:width\" content=\"600\" \/>\n\t<meta property=\"og:image:height\" content=\"401\" \/>\n\t<meta property=\"og:image:type\" content=\"image\/jpeg\" \/>\n<meta name=\"author\" content=\"Redacci\u00f3\" \/>\n<meta name=\"twitter:card\" content=\"summary_large_image\" \/>\n<meta name=\"twitter:creator\" content=\"@gastronomicamen\" \/>\n<meta name=\"twitter:site\" content=\"@gastronomicamen\" \/>\n<meta name=\"twitter:label1\" content=\"Written by\" \/>\n\t<meta name=\"twitter:data1\" content=\"Redacci\u00f3\" \/>\n\t<meta name=\"twitter:label2\" content=\"Est. reading time\" \/>\n\t<meta name=\"twitter:data2\" content=\"2 minutes\" \/>\n<script type=\"application\/ld+json\" class=\"yoast-schema-graph\">{\"@context\":\"https:\\\/\\\/schema.org\",\"@graph\":[{\"@type\":\"Article\",\"@id\":\"https:\\\/\\\/gastronomicament.cat\\\/ca\\\/obertes-les-inscripcions-per-participar-al-ii-campionat-del-mon-de-pa-amb-oli#article\",\"isPartOf\":{\"@id\":\"https:\\\/\\\/gastronomicament.cat\\\/ca\\\/obertes-les-inscripcions-per-participar-al-ii-campionat-del-mon-de-pa-amb-oli\"},\"author\":{\"name\":\"Redacci\u00f3\",\"@id\":\"https:\\\/\\\/gastronomicament.cat\\\/ca\\\/#\\\/schema\\\/person\\\/a7c85c537a1ed62799a5b8e0f686a37f\"},\"headline\":\"Obertes les inscripcions per participar al II Campionat del M\u00f3n de Pa amb Oli\",\"datePublished\":\"2020-01-23T08:00:20+00:00\",\"dateModified\":\"2022-04-07T09:14:24+00:00\",\"mainEntityOfPage\":{\"@id\":\"https:\\\/\\\/gastronomicament.cat\\\/ca\\\/obertes-les-inscripcions-per-participar-al-ii-campionat-del-mon-de-pa-amb-oli\"},\"wordCount\":327,\"commentCount\":0,\"publisher\":{\"@id\":\"https:\\\/\\\/gastronomicament.cat\\\/ca\\\/#organization\"},\"image\":{\"@id\":\"https:\\\/\\\/gastronomicament.cat\\\/ca\\\/obertes-les-inscripcions-per-participar-al-ii-campionat-del-mon-de-pa-amb-oli#primaryimage\"},\"thumbnailUrl\":\"https:\\\/\\\/gastronomicament.cat\\\/wp-content\\\/uploads\\\/2020\\\/01\\\/Concurs-Pamboli-2020.jpg\",\"articleSection\":[\"Actualitat\",\"Concursos i premis\"],\"inLanguage\":\"ca-ES\",\"potentialAction\":[{\"@type\":\"CommentAction\",\"name\":\"Comment\",\"target\":[\"https:\\\/\\\/gastronomicament.cat\\\/ca\\\/obertes-les-inscripcions-per-participar-al-ii-campionat-del-mon-de-pa-amb-oli#respond\"]}]},{\"@type\":\"WebPage\",\"@id\":\"https:\\\/\\\/gastronomicament.cat\\\/ca\\\/obertes-les-inscripcions-per-participar-al-ii-campionat-del-mon-de-pa-amb-oli\",\"url\":\"https:\\\/\\\/gastronomicament.cat\\\/ca\\\/obertes-les-inscripcions-per-participar-al-ii-campionat-del-mon-de-pa-amb-oli\",\"name\":\"Obertes les inscripcions per participar al II Campionat del M\u00f3n de Pa amb Oli - Gastron\u00f2micament\",\"isPartOf\":{\"@id\":\"https:\\\/\\\/gastronomicament.cat\\\/ca\\\/#website\"},\"primaryImageOfPage\":{\"@id\":\"https:\\\/\\\/gastronomicament.cat\\\/ca\\\/obertes-les-inscripcions-per-participar-al-ii-campionat-del-mon-de-pa-amb-oli#primaryimage\"},\"image\":{\"@id\":\"https:\\\/\\\/gastronomicament.cat\\\/ca\\\/obertes-les-inscripcions-per-participar-al-ii-campionat-del-mon-de-pa-amb-oli#primaryimage\"},\"thumbnailUrl\":\"https:\\\/\\\/gastronomicament.cat\\\/wp-content\\\/uploads\\\/2020\\\/01\\\/Concurs-Pamboli-2020.jpg\",\"datePublished\":\"2020-01-23T08:00:20+00:00\",\"dateModified\":\"2022-04-07T09:14:24+00:00\",\"description\":\"Obertes les inscripcions per participar al II Campionat del M\u00f3n de Pa amb Oli Actualitat, Concursos i premis Els principals requisits a l'hora de confeccionar el Pa amb Oli s\u00f3n el pa de pag\u00e8s i l\u2019oli\",\"inLanguage\":\"ca-ES\",\"potentialAction\":[{\"@type\":\"ReadAction\",\"target\":[\"https:\\\/\\\/gastronomicament.cat\\\/ca\\\/obertes-les-inscripcions-per-participar-al-ii-campionat-del-mon-de-pa-amb-oli\"]}]},{\"@type\":\"ImageObject\",\"inLanguage\":\"ca-ES\",\"@id\":\"https:\\\/\\\/gastronomicament.cat\\\/ca\\\/obertes-les-inscripcions-per-participar-al-ii-campionat-del-mon-de-pa-amb-oli#primaryimage\",\"url\":\"https:\\\/\\\/gastronomicament.cat\\\/wp-content\\\/uploads\\\/2020\\\/01\\\/Concurs-Pamboli-2020.jpg\",\"contentUrl\":\"https:\\\/\\\/gastronomicament.cat\\\/wp-content\\\/uploads\\\/2020\\\/01\\\/Concurs-Pamboli-2020.jpg\",\"width\":600,\"height\":401},{\"@type\":\"WebSite\",\"@id\":\"https:\\\/\\\/gastronomicament.cat\\\/ca\\\/#website\",\"url\":\"https:\\\/\\\/gastronomicament.cat\\\/ca\\\/\",\"name\":\"Gastron\u00f2micament\",\"description\":\"Portal de restaurants, receptes i actualitat gastron\u00f2mica\",\"publisher\":{\"@id\":\"https:\\\/\\\/gastronomicament.cat\\\/ca\\\/#organization\"},\"potentialAction\":[{\"@type\":\"SearchAction\",\"target\":{\"@type\":\"EntryPoint\",\"urlTemplate\":\"https:\\\/\\\/gastronomicament.cat\\\/ca\\\/?s={search_term_string}\"},\"query-input\":{\"@type\":\"PropertyValueSpecification\",\"valueRequired\":true,\"valueName\":\"search_term_string\"}}],\"inLanguage\":\"ca-ES\"},{\"@type\":\"Organization\",\"@id\":\"https:\\\/\\\/gastronomicament.cat\\\/ca\\\/#organization\",\"name\":\"Gastron\u00f2micament\",\"url\":\"https:\\\/\\\/gastronomicament.cat\\\/ca\\\/\",\"logo\":{\"@type\":\"ImageObject\",\"inLanguage\":\"ca-ES\",\"@id\":\"https:\\\/\\\/gastronomicament.cat\\\/ca\\\/#\\\/schema\\\/logo\\\/image\\\/\",\"url\":\"https:\\\/\\\/gastronomicament.cat\\\/wp-content\\\/uploads\\\/2016\\\/09\\\/header-logo.jpg\",\"contentUrl\":\"https:\\\/\\\/gastronomicament.cat\\\/wp-content\\\/uploads\\\/2016\\\/09\\\/header-logo.jpg\",\"width\":277,\"height\":39,\"caption\":\"Gastron\u00f2micament\"},\"image\":{\"@id\":\"https:\\\/\\\/gastronomicament.cat\\\/ca\\\/#\\\/schema\\\/logo\\\/image\\\/\"},\"sameAs\":[\"https:\\\/\\\/x.com\\\/gastronomicamen\"]},{\"@type\":\"Person\",\"@id\":\"https:\\\/\\\/gastronomicament.cat\\\/ca\\\/#\\\/schema\\\/person\\\/a7c85c537a1ed62799a5b8e0f686a37f\",\"name\":\"Redacci\u00f3\",\"image\":{\"@type\":\"ImageObject\",\"inLanguage\":\"ca-ES\",\"@id\":\"https:\\\/\\\/secure.gravatar.com\\\/avatar\\\/9489a485c464fd611d33825daae651d13db70c4e74c65c94937a15a9d4c3ee14?s=96&d=mm&r=g69fea3cce3645dfa2166e7293e22955e\",\"url\":\"https:\\\/\\\/secure.gravatar.com\\\/avatar\\\/9489a485c464fd611d33825daae651d13db70c4e74c65c94937a15a9d4c3ee14?s=96&d=mm&r=g\",\"contentUrl\":\"https:\\\/\\\/secure.gravatar.com\\\/avatar\\\/9489a485c464fd611d33825daae651d13db70c4e74c65c94937a15a9d4c3ee14?s=96&d=mm&r=g\",\"caption\":\"Redacci\u00f3\"},\"sameAs\":[\"http:\\\/\\\/gastronomicament.cat\"],\"url\":\"https:\\\/\\\/gastronomicament.cat\\\/ca\\\/author\\\/admin\"}]}<\/script>\n<!-- \/ Yoast SEO plugin. -->","yoast_head_json":{"title":"Obertes les inscripcions per participar al II Campionat del M\u00f3n de Pa amb Oli - Gastron\u00f2micament","description":"Obertes les inscripcions per participar al II Campionat del M\u00f3n de Pa amb Oli Actualitat, Concursos i premis Els principals requisits a l'hora de confeccionar el Pa amb Oli s\u00f3n el pa de pag\u00e8s i l\u2019oli","robots":{"index":"index","follow":"follow","max-snippet":"max-snippet:-1","max-image-preview":"max-image-preview:large","max-video-preview":"max-video-preview:-1"},"canonical":"https:\/\/gastronomicament.cat\/ca\/obertes-les-inscripcions-per-participar-al-ii-campionat-del-mon-de-pa-amb-oli","og_locale":"ca_ES","og_type":"article","og_title":"Obertes les inscripcions per participar al II Campionat del M\u00f3n de Pa amb Oli - Gastron\u00f2micament","og_description":"Obertes les inscripcions per participar al II Campionat del M\u00f3n de Pa amb Oli Actualitat, Concursos i premis Els principals requisits a l'hora de confeccionar el Pa amb Oli s\u00f3n el pa de pag\u00e8s i l\u2019oli","og_url":"https:\/\/gastronomicament.cat\/ca\/obertes-les-inscripcions-per-participar-al-ii-campionat-del-mon-de-pa-amb-oli","og_site_name":"Gastron\u00f2micament","article_published_time":"2020-01-23T08:00:20+00:00","article_modified_time":"2022-04-07T09:14:24+00:00","og_image":[{"width":600,"height":401,"url":"https:\/\/gastronomicament.cat\/wp-content\/uploads\/2020\/01\/Concurs-Pamboli-2020.jpg","type":"image\/jpeg"}],"author":"Redacci\u00f3","twitter_card":"summary_large_image","twitter_creator":"@gastronomicamen","twitter_site":"@gastronomicamen","twitter_misc":{"Written by":"Redacci\u00f3","Est. reading time":"2 minutes"},"schema":{"@context":"https:\/\/schema.org","@graph":[{"@type":"Article","@id":"https:\/\/gastronomicament.cat\/ca\/obertes-les-inscripcions-per-participar-al-ii-campionat-del-mon-de-pa-amb-oli#article","isPartOf":{"@id":"https:\/\/gastronomicament.cat\/ca\/obertes-les-inscripcions-per-participar-al-ii-campionat-del-mon-de-pa-amb-oli"},"author":{"name":"Redacci\u00f3","@id":"https:\/\/gastronomicament.cat\/ca\/#\/schema\/person\/a7c85c537a1ed62799a5b8e0f686a37f"},"headline":"Obertes les inscripcions per participar al II Campionat del M\u00f3n de Pa amb Oli","datePublished":"2020-01-23T08:00:20+00:00","dateModified":"2022-04-07T09:14:24+00:00","mainEntityOfPage":{"@id":"https:\/\/gastronomicament.cat\/ca\/obertes-les-inscripcions-per-participar-al-ii-campionat-del-mon-de-pa-amb-oli"},"wordCount":327,"commentCount":0,"publisher":{"@id":"https:\/\/gastronomicament.cat\/ca\/#organization"},"image":{"@id":"https:\/\/gastronomicament.cat\/ca\/obertes-les-inscripcions-per-participar-al-ii-campionat-del-mon-de-pa-amb-oli#primaryimage"},"thumbnailUrl":"https:\/\/gastronomicament.cat\/wp-content\/uploads\/2020\/01\/Concurs-Pamboli-2020.jpg","articleSection":["Actualitat","Concursos i premis"],"inLanguage":"ca-ES","potentialAction":[{"@type":"CommentAction","name":"Comment","target":["https:\/\/gastronomicament.cat\/ca\/obertes-les-inscripcions-per-participar-al-ii-campionat-del-mon-de-pa-amb-oli#respond"]}]},{"@type":"WebPage","@id":"https:\/\/gastronomicament.cat\/ca\/obertes-les-inscripcions-per-participar-al-ii-campionat-del-mon-de-pa-amb-oli","url":"https:\/\/gastronomicament.cat\/ca\/obertes-les-inscripcions-per-participar-al-ii-campionat-del-mon-de-pa-amb-oli","name":"Obertes les inscripcions per participar al II Campionat del M\u00f3n de Pa amb Oli - Gastron\u00f2micament","isPartOf":{"@id":"https:\/\/gastronomicament.cat\/ca\/#website"},"primaryImageOfPage":{"@id":"https:\/\/gastronomicament.cat\/ca\/obertes-les-inscripcions-per-participar-al-ii-campionat-del-mon-de-pa-amb-oli#primaryimage"},"image":{"@id":"https:\/\/gastronomicament.cat\/ca\/obertes-les-inscripcions-per-participar-al-ii-campionat-del-mon-de-pa-amb-oli#primaryimage"},"thumbnailUrl":"https:\/\/gastronomicament.cat\/wp-content\/uploads\/2020\/01\/Concurs-Pamboli-2020.jpg","datePublished":"2020-01-23T08:00:20+00:00","dateModified":"2022-04-07T09:14:24+00:00","description":"Obertes les inscripcions per participar al II Campionat del M\u00f3n de Pa amb Oli Actualitat, Concursos i premis Els principals requisits a l'hora de confeccionar el Pa amb Oli s\u00f3n el pa de pag\u00e8s i l\u2019oli","inLanguage":"ca-ES","potentialAction":[{"@type":"ReadAction","target":["https:\/\/gastronomicament.cat\/ca\/obertes-les-inscripcions-per-participar-al-ii-campionat-del-mon-de-pa-amb-oli"]}]},{"@type":"ImageObject","inLanguage":"ca-ES","@id":"https:\/\/gastronomicament.cat\/ca\/obertes-les-inscripcions-per-participar-al-ii-campionat-del-mon-de-pa-amb-oli#primaryimage","url":"https:\/\/gastronomicament.cat\/wp-content\/uploads\/2020\/01\/Concurs-Pamboli-2020.jpg","contentUrl":"https:\/\/gastronomicament.cat\/wp-content\/uploads\/2020\/01\/Concurs-Pamboli-2020.jpg","width":600,"height":401},{"@type":"WebSite","@id":"https:\/\/gastronomicament.cat\/ca\/#website","url":"https:\/\/gastronomicament.cat\/ca\/","name":"Gastron\u00f2micament","description":"Portal de restaurants, receptes i actualitat gastron\u00f2mica","publisher":{"@id":"https:\/\/gastronomicament.cat\/ca\/#organization"},"potentialAction":[{"@type":"SearchAction","target":{"@type":"EntryPoint","urlTemplate":"https:\/\/gastronomicament.cat\/ca\/?s={search_term_string}"},"query-input":{"@type":"PropertyValueSpecification","valueRequired":true,"valueName":"search_term_string"}}],"inLanguage":"ca-ES"},{"@type":"Organization","@id":"https:\/\/gastronomicament.cat\/ca\/#organization","name":"Gastron\u00f2micament","url":"https:\/\/gastronomicament.cat\/ca\/","logo":{"@type":"ImageObject","inLanguage":"ca-ES","@id":"https:\/\/gastronomicament.cat\/ca\/#\/schema\/logo\/image\/","url":"https:\/\/gastronomicament.cat\/wp-content\/uploads\/2016\/09\/header-logo.jpg","contentUrl":"https:\/\/gastronomicament.cat\/wp-content\/uploads\/2016\/09\/header-logo.jpg","width":277,"height":39,"caption":"Gastron\u00f2micament"},"image":{"@id":"https:\/\/gastronomicament.cat\/ca\/#\/schema\/logo\/image\/"},"sameAs":["https:\/\/x.com\/gastronomicamen"]},{"@type":"Person","@id":"https:\/\/gastronomicament.cat\/ca\/#\/schema\/person\/a7c85c537a1ed62799a5b8e0f686a37f","name":"Redacci\u00f3","image":{"@type":"ImageObject","inLanguage":"ca-ES","@id":"https:\/\/secure.gravatar.com\/avatar\/9489a485c464fd611d33825daae651d13db70c4e74c65c94937a15a9d4c3ee14?s=96&d=mm&r=g69fea3cce3645dfa2166e7293e22955e","url":"https:\/\/secure.gravatar.com\/avatar\/9489a485c464fd611d33825daae651d13db70c4e74c65c94937a15a9d4c3ee14?s=96&d=mm&r=g","contentUrl":"https:\/\/secure.gravatar.com\/avatar\/9489a485c464fd611d33825daae651d13db70c4e74c65c94937a15a9d4c3ee14?s=96&d=mm&r=g","caption":"Redacci\u00f3"},"sameAs":["http:\/\/gastronomicament.cat"],"url":"https:\/\/gastronomicament.cat\/ca\/author\/admin"}]}},"_links":{"self":[{"href":"https:\/\/gastronomicament.cat\/ca\/wp-json\/wp\/v2\/posts\/25758","targetHints":{"allow":["GET"]}}],"collection":[{"href":"https:\/\/gastronomicament.cat\/ca\/wp-json\/wp\/v2\/posts"}],"about":[{"href":"https:\/\/gastronomicament.cat\/ca\/wp-json\/wp\/v2\/types\/post"}],"author":[{"embeddable":true,"href":"https:\/\/gastronomicament.cat\/ca\/wp-json\/wp\/v2\/users\/1"}],"replies":[{"embeddable":true,"href":"https:\/\/gastronomicament.cat\/ca\/wp-json\/wp\/v2\/comments?post=25758"}],"version-history":[{"count":0,"href":"https:\/\/gastronomicament.cat\/ca\/wp-json\/wp\/v2\/posts\/25758\/revisions"}],"wp:featuredmedia":[{"embeddable":true,"href":"https:\/\/gastronomicament.cat\/ca\/wp-json\/wp\/v2\/media\/25759"}],"wp:attachment":[{"href":"https:\/\/gastronomicament.cat\/ca\/wp-json\/wp\/v2\/media?parent=25758"}],"wp:term":[{"taxonomy":"category","embeddable":true,"href":"https:\/\/gastronomicament.cat\/ca\/wp-json\/wp\/v2\/categories?post=25758"},{"taxonomy":"post_tag","embeddable":true,"href":"https:\/\/gastronomicament.cat\/ca\/wp-json\/wp\/v2\/tags?post=25758"},{"taxonomy":"author","embeddable":true,"href":"https:\/\/gastronomicament.cat\/ca\/wp-json\/wp\/v2\/coauthors?post=25758"}],"curies":[{"name":"wp","href":"https:\/\/api.w.org\/{rel}","templated":true}]}}