{"id":25821,"date":"2020-02-06T09:02:33","date_gmt":"2020-02-06T08:02:33","guid":{"rendered":"https:\/\/gastronomicament.cat\/?p=25821"},"modified":"2022-04-07T11:14:27","modified_gmt":"2022-04-07T09:14:27","slug":"nous-tallers-de-tasts-de-vins-de-la-do-binissalem","status":"publish","type":"post","link":"https:\/\/gastronomicament.cat\/ca\/nous-tallers-de-tasts-de-vins-de-la-do-binissalem","title":{"rendered":"Nous tallers de tasts de vins de la DO Binissalem"},"content":{"rendered":"<p>La Denominaci\u00f3 d&#8217;Origen Binissalem ha organitzat per als mesos de febrer, mar\u00e7 i abril de 2020 un cicle de tallers de vins.<\/p>\n<p>L&#8217;activitat es dur\u00e0 a terme a diferents cellers de la DO Binissalem i seran impartits pel professionals que els elaboren a cada celler.<\/p>\n<p><strong>Divendres, 7 de febrer<\/strong><\/p>\n<p><strong>La copa natural<\/strong>: Com la for\u00e7a de la terra i les varietats aut\u00f2ctones es traslladen a la copa amb el m\u00e0xim respecte pel medi ambient, mitjan\u00e7ant l&#8217;agricultura ecol\u00f2gica i, s&#8217;expressen en els vins.<br \/>\n<em>Lloc: Celler Jaume de Puntir\u00f3. Pla\u00e7a Nova, 23 Santa Maria del Cam\u00ed<br \/>\n<\/em><br \/>\n<strong>Dijous, 20 de febrer\u00a0<\/strong><\/p>\n<p><strong>Com passa el temps!<\/strong>:<strong>\u00a0<\/strong>S&#8217;hi far\u00e0 un tast vertical d&#8217;anyades de la Finca Biniagual.<br \/>\n<em>Lloc: Celler Biniagual. Llogaret de Biniagual.<br \/>\n<\/em><br \/>\n<strong>Dijous, 19 de mar\u00e7<\/strong><\/p>\n<p><strong>La singularitat dels vins de la DO Binissalem<\/strong>: S&#8217;hi explicar\u00e0 com les condicions del s\u00f2l, clima i varietats de ra\u00efm marquen la singularitat dels vins de la DO.<br \/>\n<em>Lloc: Celler Vins Nadal. Ramon Llull, 2 Binissalem<br \/>\n<\/em><br \/>\n<strong>Dijous, 23 d&#8217;abril<\/strong><\/p>\n<p><strong>Diversitat de vins blancs<\/strong>: S&#8217;hi analitzaran les diferents caracter\u00edstiques organol\u00e8ptiques de cada vi blanc en funci\u00f3 de les varietats de ra\u00efm i el m\u00e8tode d&#8217;elaboraci\u00f3.<br \/>\n<em>Lloc: Bodegas Jos\u00e9 L. Ferrer C\/ Conquistador, 103, Binissalem<br \/>\n<\/em><br \/>\nPer apuntar-vos-hi, heu d&#8217;emplenar el formulari en l\u00ednia seg\u00fcent:<\/p>\n<p><a href=\"https:\/\/docs.google.com\/forms\/d\/e\/1FAIpQLScm6tzD9t5D0LB0quyLcWRCosBgCx2qd7Iq1Lq3ZtFJHthpLA\/viewform?pli=1\">https:\/\/docs.google.com\/forms\/d\/e\/1FAIpQLScm6tzD9t5D0LB0quyLcWRCosBgCx2qd7Iq1Lq3ZtFJHthpLA\/viewform?pli=1<\/a><\/p>\n<p>Si voleu assistir a un taller, el preu \u00e9s de 20 euros per persona. Si un apuntau a 2 tallers, el preu \u00e9s de 40 euros. En cas de voler apuntar-se a 3 o a 4 tallers, el preu \u00e9s de 50 i 60 euros respectivament per persona.<\/p>\n","protected":false},"excerpt":{"rendered":"<p>La Denominaci\u00f3 d&#8217;Origen Binissalem ha organitzat per als mesos de febrer, mar\u00e7 i abril de 2020&hellip;<\/p>\n","protected":false},"author":1,"featured_media":25822,"comment_status":"open","ping_status":"closed","sticky":false,"template":"","format":"standard","meta":{"_acf_changed":false,"_swt_meta_header_display":false,"_swt_meta_footer_display":false,"_swt_meta_site_title_display":false,"_swt_meta_sticky_header":false,"_swt_meta_transparent_header":false,"footnotes":""},"categories":[692,778],"tags":[],"coauthors":[],"class_list":["post-25821","post","type-post","status-publish","format-standard","has-post-thumbnail","hentry","category-actualitat","category-cursos-i-tallers"],"acf":{"gallery":null,"home_date":{"home_begin_date":null,"home_end_date":null}},"yoast_head":"<!-- This site is optimized with the Yoast SEO plugin v27.4 - https:\/\/yoast.com\/product\/yoast-seo-wordpress\/ -->\n<title>Nous tallers de tasts de vins de la DO Binissalem - Gastron\u00f2micament<\/title>\n<meta name=\"description\" content=\"Nous tallers de tasts de vins de la DO Binissalem Actualitat, Cursos i tallers La Denominaci\u00f3 d&#039;Origen Binissalem ha organitzat per als mesos de febrer, mar\u00e7 i abril de 2020 un cicle de tallers de vins\" \/>\n<meta name=\"robots\" content=\"index, follow, max-snippet:-1, max-image-preview:large, max-video-preview:-1\" \/>\n<link rel=\"canonical\" href=\"https:\/\/gastronomicament.cat\/ca\/nous-tallers-de-tasts-de-vins-de-la-do-binissalem\" \/>\n<meta property=\"og:locale\" content=\"ca_ES\" \/>\n<meta property=\"og:type\" content=\"article\" \/>\n<meta property=\"og:title\" content=\"Nous tallers de tasts de vins de la DO Binissalem - Gastron\u00f2micament\" \/>\n<meta property=\"og:description\" content=\"Nous tallers de tasts de vins de la DO Binissalem Actualitat, Cursos i tallers La Denominaci\u00f3 d&#039;Origen Binissalem ha organitzat per als mesos de febrer, mar\u00e7 i abril de 2020 un cicle de tallers de vins\" \/>\n<meta property=\"og:url\" content=\"https:\/\/gastronomicament.cat\/ca\/nous-tallers-de-tasts-de-vins-de-la-do-binissalem\" \/>\n<meta property=\"og:site_name\" content=\"Gastron\u00f2micament\" \/>\n<meta property=\"article:published_time\" content=\"2020-02-06T08:02:33+00:00\" \/>\n<meta property=\"article:modified_time\" content=\"2022-04-07T09:14:27+00:00\" \/>\n<meta property=\"og:image\" content=\"https:\/\/gastronomicament.cat\/wp-content\/uploads\/2020\/02\/Taller-de-vi-DO-Binissalem-2020.jpg\" \/>\n\t<meta property=\"og:image:width\" content=\"1200\" \/>\n\t<meta property=\"og:image:height\" content=\"900\" \/>\n\t<meta property=\"og:image:type\" content=\"image\/jpeg\" \/>\n<meta name=\"author\" content=\"Redacci\u00f3\" \/>\n<meta name=\"twitter:card\" content=\"summary_large_image\" \/>\n<meta name=\"twitter:creator\" content=\"@gastronomicamen\" \/>\n<meta name=\"twitter:site\" content=\"@gastronomicamen\" \/>\n<meta name=\"twitter:label1\" content=\"Written by\" \/>\n\t<meta name=\"twitter:data1\" content=\"Redacci\u00f3\" \/>\n\t<meta name=\"twitter:label2\" content=\"Est. reading time\" \/>\n\t<meta name=\"twitter:data2\" content=\"1 minute\" \/>\n<script type=\"application\/ld+json\" class=\"yoast-schema-graph\">{\"@context\":\"https:\\\/\\\/schema.org\",\"@graph\":[{\"@type\":\"Article\",\"@id\":\"https:\\\/\\\/gastronomicament.cat\\\/ca\\\/nous-tallers-de-tasts-de-vins-de-la-do-binissalem#article\",\"isPartOf\":{\"@id\":\"https:\\\/\\\/gastronomicament.cat\\\/ca\\\/nous-tallers-de-tasts-de-vins-de-la-do-binissalem\"},\"author\":{\"name\":\"Redacci\u00f3\",\"@id\":\"https:\\\/\\\/gastronomicament.cat\\\/ca\\\/#\\\/schema\\\/person\\\/a7c85c537a1ed62799a5b8e0f686a37f\"},\"headline\":\"Nous tallers de tasts de vins de la DO Binissalem\",\"datePublished\":\"2020-02-06T08:02:33+00:00\",\"dateModified\":\"2022-04-07T09:14:27+00:00\",\"mainEntityOfPage\":{\"@id\":\"https:\\\/\\\/gastronomicament.cat\\\/ca\\\/nous-tallers-de-tasts-de-vins-de-la-do-binissalem\"},\"wordCount\":280,\"commentCount\":0,\"publisher\":{\"@id\":\"https:\\\/\\\/gastronomicament.cat\\\/ca\\\/#organization\"},\"image\":{\"@id\":\"https:\\\/\\\/gastronomicament.cat\\\/ca\\\/nous-tallers-de-tasts-de-vins-de-la-do-binissalem#primaryimage\"},\"thumbnailUrl\":\"https:\\\/\\\/gastronomicament.cat\\\/wp-content\\\/uploads\\\/2020\\\/02\\\/Taller-de-vi-DO-Binissalem-2020.jpg\",\"articleSection\":[\"Actualitat\",\"Cursos i tallers\"],\"inLanguage\":\"ca-ES\",\"potentialAction\":[{\"@type\":\"CommentAction\",\"name\":\"Comment\",\"target\":[\"https:\\\/\\\/gastronomicament.cat\\\/ca\\\/nous-tallers-de-tasts-de-vins-de-la-do-binissalem#respond\"]}]},{\"@type\":\"WebPage\",\"@id\":\"https:\\\/\\\/gastronomicament.cat\\\/ca\\\/nous-tallers-de-tasts-de-vins-de-la-do-binissalem\",\"url\":\"https:\\\/\\\/gastronomicament.cat\\\/ca\\\/nous-tallers-de-tasts-de-vins-de-la-do-binissalem\",\"name\":\"Nous tallers de tasts de vins de la DO Binissalem - Gastron\u00f2micament\",\"isPartOf\":{\"@id\":\"https:\\\/\\\/gastronomicament.cat\\\/ca\\\/#website\"},\"primaryImageOfPage\":{\"@id\":\"https:\\\/\\\/gastronomicament.cat\\\/ca\\\/nous-tallers-de-tasts-de-vins-de-la-do-binissalem#primaryimage\"},\"image\":{\"@id\":\"https:\\\/\\\/gastronomicament.cat\\\/ca\\\/nous-tallers-de-tasts-de-vins-de-la-do-binissalem#primaryimage\"},\"thumbnailUrl\":\"https:\\\/\\\/gastronomicament.cat\\\/wp-content\\\/uploads\\\/2020\\\/02\\\/Taller-de-vi-DO-Binissalem-2020.jpg\",\"datePublished\":\"2020-02-06T08:02:33+00:00\",\"dateModified\":\"2022-04-07T09:14:27+00:00\",\"description\":\"Nous tallers de tasts de vins de la DO Binissalem Actualitat, Cursos i tallers La Denominaci\u00f3 d'Origen Binissalem ha organitzat per als mesos de febrer, mar\u00e7 i abril de 2020 un cicle de tallers de vins\",\"inLanguage\":\"ca-ES\",\"potentialAction\":[{\"@type\":\"ReadAction\",\"target\":[\"https:\\\/\\\/gastronomicament.cat\\\/ca\\\/nous-tallers-de-tasts-de-vins-de-la-do-binissalem\"]}]},{\"@type\":\"ImageObject\",\"inLanguage\":\"ca-ES\",\"@id\":\"https:\\\/\\\/gastronomicament.cat\\\/ca\\\/nous-tallers-de-tasts-de-vins-de-la-do-binissalem#primaryimage\",\"url\":\"https:\\\/\\\/gastronomicament.cat\\\/wp-content\\\/uploads\\\/2020\\\/02\\\/Taller-de-vi-DO-Binissalem-2020.jpg\",\"contentUrl\":\"https:\\\/\\\/gastronomicament.cat\\\/wp-content\\\/uploads\\\/2020\\\/02\\\/Taller-de-vi-DO-Binissalem-2020.jpg\",\"width\":1200,\"height\":900},{\"@type\":\"WebSite\",\"@id\":\"https:\\\/\\\/gastronomicament.cat\\\/ca\\\/#website\",\"url\":\"https:\\\/\\\/gastronomicament.cat\\\/ca\\\/\",\"name\":\"Gastron\u00f2micament\",\"description\":\"Portal de restaurants, receptes i actualitat gastron\u00f2mica\",\"publisher\":{\"@id\":\"https:\\\/\\\/gastronomicament.cat\\\/ca\\\/#organization\"},\"potentialAction\":[{\"@type\":\"SearchAction\",\"target\":{\"@type\":\"EntryPoint\",\"urlTemplate\":\"https:\\\/\\\/gastronomicament.cat\\\/ca\\\/?s={search_term_string}\"},\"query-input\":{\"@type\":\"PropertyValueSpecification\",\"valueRequired\":true,\"valueName\":\"search_term_string\"}}],\"inLanguage\":\"ca-ES\"},{\"@type\":\"Organization\",\"@id\":\"https:\\\/\\\/gastronomicament.cat\\\/ca\\\/#organization\",\"name\":\"Gastron\u00f2micament\",\"url\":\"https:\\\/\\\/gastronomicament.cat\\\/ca\\\/\",\"logo\":{\"@type\":\"ImageObject\",\"inLanguage\":\"ca-ES\",\"@id\":\"https:\\\/\\\/gastronomicament.cat\\\/ca\\\/#\\\/schema\\\/logo\\\/image\\\/\",\"url\":\"https:\\\/\\\/gastronomicament.cat\\\/wp-content\\\/uploads\\\/2016\\\/09\\\/header-logo.jpg\",\"contentUrl\":\"https:\\\/\\\/gastronomicament.cat\\\/wp-content\\\/uploads\\\/2016\\\/09\\\/header-logo.jpg\",\"width\":277,\"height\":39,\"caption\":\"Gastron\u00f2micament\"},\"image\":{\"@id\":\"https:\\\/\\\/gastronomicament.cat\\\/ca\\\/#\\\/schema\\\/logo\\\/image\\\/\"},\"sameAs\":[\"https:\\\/\\\/x.com\\\/gastronomicamen\"]},{\"@type\":\"Person\",\"@id\":\"https:\\\/\\\/gastronomicament.cat\\\/ca\\\/#\\\/schema\\\/person\\\/a7c85c537a1ed62799a5b8e0f686a37f\",\"name\":\"Redacci\u00f3\",\"image\":{\"@type\":\"ImageObject\",\"inLanguage\":\"ca-ES\",\"@id\":\"https:\\\/\\\/secure.gravatar.com\\\/avatar\\\/9489a485c464fd611d33825daae651d13db70c4e74c65c94937a15a9d4c3ee14?s=96&d=mm&r=g69fea3cce3645dfa2166e7293e22955e\",\"url\":\"https:\\\/\\\/secure.gravatar.com\\\/avatar\\\/9489a485c464fd611d33825daae651d13db70c4e74c65c94937a15a9d4c3ee14?s=96&d=mm&r=g\",\"contentUrl\":\"https:\\\/\\\/secure.gravatar.com\\\/avatar\\\/9489a485c464fd611d33825daae651d13db70c4e74c65c94937a15a9d4c3ee14?s=96&d=mm&r=g\",\"caption\":\"Redacci\u00f3\"},\"sameAs\":[\"http:\\\/\\\/gastronomicament.cat\"],\"url\":\"https:\\\/\\\/gastronomicament.cat\\\/ca\\\/author\\\/admin\"}]}<\/script>\n<!-- \/ Yoast SEO plugin. -->","yoast_head_json":{"title":"Nous tallers de tasts de vins de la DO Binissalem - Gastron\u00f2micament","description":"Nous tallers de tasts de vins de la DO Binissalem Actualitat, Cursos i tallers La Denominaci\u00f3 d'Origen Binissalem ha organitzat per als mesos de febrer, mar\u00e7 i abril de 2020 un cicle de tallers de vins","robots":{"index":"index","follow":"follow","max-snippet":"max-snippet:-1","max-image-preview":"max-image-preview:large","max-video-preview":"max-video-preview:-1"},"canonical":"https:\/\/gastronomicament.cat\/ca\/nous-tallers-de-tasts-de-vins-de-la-do-binissalem","og_locale":"ca_ES","og_type":"article","og_title":"Nous tallers de tasts de vins de la DO Binissalem - Gastron\u00f2micament","og_description":"Nous tallers de tasts de vins de la DO Binissalem Actualitat, Cursos i tallers La Denominaci\u00f3 d'Origen Binissalem ha organitzat per als mesos de febrer, mar\u00e7 i abril de 2020 un cicle de tallers de vins","og_url":"https:\/\/gastronomicament.cat\/ca\/nous-tallers-de-tasts-de-vins-de-la-do-binissalem","og_site_name":"Gastron\u00f2micament","article_published_time":"2020-02-06T08:02:33+00:00","article_modified_time":"2022-04-07T09:14:27+00:00","og_image":[{"width":1200,"height":900,"url":"https:\/\/gastronomicament.cat\/wp-content\/uploads\/2020\/02\/Taller-de-vi-DO-Binissalem-2020.jpg","type":"image\/jpeg"}],"author":"Redacci\u00f3","twitter_card":"summary_large_image","twitter_creator":"@gastronomicamen","twitter_site":"@gastronomicamen","twitter_misc":{"Written by":"Redacci\u00f3","Est. reading time":"1 minute"},"schema":{"@context":"https:\/\/schema.org","@graph":[{"@type":"Article","@id":"https:\/\/gastronomicament.cat\/ca\/nous-tallers-de-tasts-de-vins-de-la-do-binissalem#article","isPartOf":{"@id":"https:\/\/gastronomicament.cat\/ca\/nous-tallers-de-tasts-de-vins-de-la-do-binissalem"},"author":{"name":"Redacci\u00f3","@id":"https:\/\/gastronomicament.cat\/ca\/#\/schema\/person\/a7c85c537a1ed62799a5b8e0f686a37f"},"headline":"Nous tallers de tasts de vins de la DO Binissalem","datePublished":"2020-02-06T08:02:33+00:00","dateModified":"2022-04-07T09:14:27+00:00","mainEntityOfPage":{"@id":"https:\/\/gastronomicament.cat\/ca\/nous-tallers-de-tasts-de-vins-de-la-do-binissalem"},"wordCount":280,"commentCount":0,"publisher":{"@id":"https:\/\/gastronomicament.cat\/ca\/#organization"},"image":{"@id":"https:\/\/gastronomicament.cat\/ca\/nous-tallers-de-tasts-de-vins-de-la-do-binissalem#primaryimage"},"thumbnailUrl":"https:\/\/gastronomicament.cat\/wp-content\/uploads\/2020\/02\/Taller-de-vi-DO-Binissalem-2020.jpg","articleSection":["Actualitat","Cursos i tallers"],"inLanguage":"ca-ES","potentialAction":[{"@type":"CommentAction","name":"Comment","target":["https:\/\/gastronomicament.cat\/ca\/nous-tallers-de-tasts-de-vins-de-la-do-binissalem#respond"]}]},{"@type":"WebPage","@id":"https:\/\/gastronomicament.cat\/ca\/nous-tallers-de-tasts-de-vins-de-la-do-binissalem","url":"https:\/\/gastronomicament.cat\/ca\/nous-tallers-de-tasts-de-vins-de-la-do-binissalem","name":"Nous tallers de tasts de vins de la DO Binissalem - Gastron\u00f2micament","isPartOf":{"@id":"https:\/\/gastronomicament.cat\/ca\/#website"},"primaryImageOfPage":{"@id":"https:\/\/gastronomicament.cat\/ca\/nous-tallers-de-tasts-de-vins-de-la-do-binissalem#primaryimage"},"image":{"@id":"https:\/\/gastronomicament.cat\/ca\/nous-tallers-de-tasts-de-vins-de-la-do-binissalem#primaryimage"},"thumbnailUrl":"https:\/\/gastronomicament.cat\/wp-content\/uploads\/2020\/02\/Taller-de-vi-DO-Binissalem-2020.jpg","datePublished":"2020-02-06T08:02:33+00:00","dateModified":"2022-04-07T09:14:27+00:00","description":"Nous tallers de tasts de vins de la DO Binissalem Actualitat, Cursos i tallers La Denominaci\u00f3 d'Origen Binissalem ha organitzat per als mesos de febrer, mar\u00e7 i abril de 2020 un cicle de tallers de vins","inLanguage":"ca-ES","potentialAction":[{"@type":"ReadAction","target":["https:\/\/gastronomicament.cat\/ca\/nous-tallers-de-tasts-de-vins-de-la-do-binissalem"]}]},{"@type":"ImageObject","inLanguage":"ca-ES","@id":"https:\/\/gastronomicament.cat\/ca\/nous-tallers-de-tasts-de-vins-de-la-do-binissalem#primaryimage","url":"https:\/\/gastronomicament.cat\/wp-content\/uploads\/2020\/02\/Taller-de-vi-DO-Binissalem-2020.jpg","contentUrl":"https:\/\/gastronomicament.cat\/wp-content\/uploads\/2020\/02\/Taller-de-vi-DO-Binissalem-2020.jpg","width":1200,"height":900},{"@type":"WebSite","@id":"https:\/\/gastronomicament.cat\/ca\/#website","url":"https:\/\/gastronomicament.cat\/ca\/","name":"Gastron\u00f2micament","description":"Portal de restaurants, receptes i actualitat gastron\u00f2mica","publisher":{"@id":"https:\/\/gastronomicament.cat\/ca\/#organization"},"potentialAction":[{"@type":"SearchAction","target":{"@type":"EntryPoint","urlTemplate":"https:\/\/gastronomicament.cat\/ca\/?s={search_term_string}"},"query-input":{"@type":"PropertyValueSpecification","valueRequired":true,"valueName":"search_term_string"}}],"inLanguage":"ca-ES"},{"@type":"Organization","@id":"https:\/\/gastronomicament.cat\/ca\/#organization","name":"Gastron\u00f2micament","url":"https:\/\/gastronomicament.cat\/ca\/","logo":{"@type":"ImageObject","inLanguage":"ca-ES","@id":"https:\/\/gastronomicament.cat\/ca\/#\/schema\/logo\/image\/","url":"https:\/\/gastronomicament.cat\/wp-content\/uploads\/2016\/09\/header-logo.jpg","contentUrl":"https:\/\/gastronomicament.cat\/wp-content\/uploads\/2016\/09\/header-logo.jpg","width":277,"height":39,"caption":"Gastron\u00f2micament"},"image":{"@id":"https:\/\/gastronomicament.cat\/ca\/#\/schema\/logo\/image\/"},"sameAs":["https:\/\/x.com\/gastronomicamen"]},{"@type":"Person","@id":"https:\/\/gastronomicament.cat\/ca\/#\/schema\/person\/a7c85c537a1ed62799a5b8e0f686a37f","name":"Redacci\u00f3","image":{"@type":"ImageObject","inLanguage":"ca-ES","@id":"https:\/\/secure.gravatar.com\/avatar\/9489a485c464fd611d33825daae651d13db70c4e74c65c94937a15a9d4c3ee14?s=96&d=mm&r=g69fea3cce3645dfa2166e7293e22955e","url":"https:\/\/secure.gravatar.com\/avatar\/9489a485c464fd611d33825daae651d13db70c4e74c65c94937a15a9d4c3ee14?s=96&d=mm&r=g","contentUrl":"https:\/\/secure.gravatar.com\/avatar\/9489a485c464fd611d33825daae651d13db70c4e74c65c94937a15a9d4c3ee14?s=96&d=mm&r=g","caption":"Redacci\u00f3"},"sameAs":["http:\/\/gastronomicament.cat"],"url":"https:\/\/gastronomicament.cat\/ca\/author\/admin"}]}},"_links":{"self":[{"href":"https:\/\/gastronomicament.cat\/ca\/wp-json\/wp\/v2\/posts\/25821","targetHints":{"allow":["GET"]}}],"collection":[{"href":"https:\/\/gastronomicament.cat\/ca\/wp-json\/wp\/v2\/posts"}],"about":[{"href":"https:\/\/gastronomicament.cat\/ca\/wp-json\/wp\/v2\/types\/post"}],"author":[{"embeddable":true,"href":"https:\/\/gastronomicament.cat\/ca\/wp-json\/wp\/v2\/users\/1"}],"replies":[{"embeddable":true,"href":"https:\/\/gastronomicament.cat\/ca\/wp-json\/wp\/v2\/comments?post=25821"}],"version-history":[{"count":0,"href":"https:\/\/gastronomicament.cat\/ca\/wp-json\/wp\/v2\/posts\/25821\/revisions"}],"wp:featuredmedia":[{"embeddable":true,"href":"https:\/\/gastronomicament.cat\/ca\/wp-json\/wp\/v2\/media\/25822"}],"wp:attachment":[{"href":"https:\/\/gastronomicament.cat\/ca\/wp-json\/wp\/v2\/media?parent=25821"}],"wp:term":[{"taxonomy":"category","embeddable":true,"href":"https:\/\/gastronomicament.cat\/ca\/wp-json\/wp\/v2\/categories?post=25821"},{"taxonomy":"post_tag","embeddable":true,"href":"https:\/\/gastronomicament.cat\/ca\/wp-json\/wp\/v2\/tags?post=25821"},{"taxonomy":"author","embeddable":true,"href":"https:\/\/gastronomicament.cat\/ca\/wp-json\/wp\/v2\/coauthors?post=25821"}],"curies":[{"name":"wp","href":"https:\/\/api.w.org\/{rel}","templated":true}]}}