{"id":25845,"date":"2020-02-13T08:48:27","date_gmt":"2020-02-13T07:48:27","guid":{"rendered":"https:\/\/gastronomicament.cat\/?p=25845"},"modified":"2022-04-07T11:14:27","modified_gmt":"2022-04-07T09:14:27","slug":"clandesti-protagonitza-els-tasts-de-rosa-blanca","status":"publish","type":"post","link":"https:\/\/gastronomicament.cat\/ca\/clandesti-protagonitza-els-tasts-de-rosa-blanca","title":{"rendered":"Clandest\u00ed protagonitza els Tasts de Rosa Blanca"},"content":{"rendered":"<p>El proper mes de mar\u00e7 comen\u00e7a la tercera edici\u00f3 dels\u00a0<strong>Tasts de Rosa Blanca<\/strong>. En aquesta ocasi\u00f3, les propostes gastron\u00f2miques dels cuiners del restaurant<strong>\u00a0Clandest\u00ed Taller Gastron\u00f2mic<\/strong>, en seran els protagonistes.<\/p>\n<p><strong>Ariadna Salvador i Pau Navarro<\/strong>, s\u00f3n els creadors d\u2019aquest projecte que ha revolucionat l\u2019escena gastron\u00f2mica local.\u00a0 Junts oferiran als assistents dels tasts de Rosa Blanca un men\u00fa exclusiu que han ideat, inspirant-se en el sabor particular de la cervesa. En total, hi haur\u00e0 5 maridatges creats especialment per a l\u2019ocasi\u00f3.<\/p>\n<p>Els tasts tindran lloc els<strong>\u00a0dies 5, 6, 11, 12, 13, 18, 19, 20, 25, 26 i 27 de mar\u00e7 de 2020, de 19 a 21 hores.<\/strong>\u00a0Les\u00a0<strong>inscripcions<\/strong>, que tenen un preu de 30 euros,<strong>\u00a0<\/strong>es poden fer al web oficial de Rosa Blanca\u00a0<strong><a rel=\"nofollow\" href=\"http:\/\/cervezarosablanca.es\/tasts\">cervezarosablanca.es\/tasts<\/a>\u00a0\u00a0<\/strong><\/p>\n<p>El lloc triat per viure aquesta cita especial ser\u00e0\u00a0<strong>Contain<\/strong>, un dels espais m\u00e9s capdavanters i avantguardistes de Palma. Situat al carrer de Sant Feliu, 17, \u00e9s un local amb m\u00e9s de 300 anys d\u2019hist\u00f2ria ha funcionat amb unes cavallerisses, un hort i la redacci\u00f3 d\u2019un diari local.<\/p>\n<p>A trav\u00e9s dels tasts, Rosa Blanca permet descobrir la seva particular cervesa de sabor suau, refrescant i d\u2019aroma intensa; una cervesa hoppy lager amb un toc molt caracter\u00edstic de ll\u00fapol citra.<\/p>\n<p><strong>Rosa Blanca<\/strong>\u00a0\u00e9s una cervesa<strong>\u00a0de baixa fermentaci\u00f3<\/strong>\u00a0amb un toc caracter\u00edstic de ll\u00fapol. \u00c9s suau, refrescant i d\u2019aroma intensa. Al final del proc\u00e9s d\u2019elaboraci\u00f3, s&#8217;hi afegeix ll\u00fapol de la varietat Citra, que hi aporta les\u00a0<strong>aromes afruitades i les notes c\u00edtriques<\/strong>\u00a0caracter\u00edstiques d&#8217;aquesta cervesa..<\/p>\n","protected":false},"excerpt":{"rendered":"<p>El proper mes de mar\u00e7 comen\u00e7a la tercera edici\u00f3 dels\u00a0Tasts de Rosa Blanca. En aquesta ocasi\u00f3,&hellip;<\/p>\n","protected":false},"author":1,"featured_media":25846,"comment_status":"open","ping_status":"closed","sticky":false,"template":"","format":"gallery","meta":{"_acf_changed":false,"_swt_meta_header_display":false,"_swt_meta_footer_display":false,"_swt_meta_site_title_display":false,"_swt_meta_sticky_header":false,"_swt_meta_transparent_header":false,"footnotes":""},"categories":[692,778],"tags":[],"coauthors":[],"class_list":["post-25845","post","type-post","status-publish","format-gallery","has-post-thumbnail","hentry","category-actualitat","category-cursos-i-tallers","post_format-post-format-gallery"],"acf":{"gallery":null,"home_date":{"home_begin_date":null,"home_end_date":null}},"yoast_head":"<!-- This site is optimized with the Yoast SEO plugin v27.4 - https:\/\/yoast.com\/product\/yoast-seo-wordpress\/ -->\n<title>Clandest\u00ed protagonitza els Tasts de Rosa Blanca - Gastron\u00f2micament<\/title>\n<meta name=\"description\" content=\"Clandest\u00ed protagonitza els Tasts de Rosa Blanca Actualitat, Cursos i tallers El proper mes de mar\u00e7 comen\u00e7a la tercera edici\u00f3 dels\u00a0Tasts de Rosa Blanca. En aquesta ocasi\u00f3, les propostes gastron\u00f2miques dels cuiners del restaurant\u00a0Clandest\u00ed Taller Gastron\u00f2mic, en seran els protagonistes\" \/>\n<meta name=\"robots\" content=\"index, follow, max-snippet:-1, max-image-preview:large, max-video-preview:-1\" \/>\n<link rel=\"canonical\" href=\"https:\/\/gastronomicament.cat\/ca\/clandesti-protagonitza-els-tasts-de-rosa-blanca\" \/>\n<meta property=\"og:locale\" content=\"ca_ES\" \/>\n<meta property=\"og:type\" content=\"article\" \/>\n<meta property=\"og:title\" content=\"Clandest\u00ed protagonitza els Tasts de Rosa Blanca - Gastron\u00f2micament\" \/>\n<meta property=\"og:description\" content=\"Clandest\u00ed protagonitza els Tasts de Rosa Blanca Actualitat, Cursos i tallers El proper mes de mar\u00e7 comen\u00e7a la tercera edici\u00f3 dels\u00a0Tasts de Rosa Blanca. En aquesta ocasi\u00f3, les propostes gastron\u00f2miques dels cuiners del restaurant\u00a0Clandest\u00ed Taller Gastron\u00f2mic, en seran els protagonistes\" \/>\n<meta property=\"og:url\" content=\"https:\/\/gastronomicament.cat\/ca\/clandesti-protagonitza-els-tasts-de-rosa-blanca\" \/>\n<meta property=\"og:site_name\" content=\"Gastron\u00f2micament\" \/>\n<meta property=\"article:published_time\" content=\"2020-02-13T07:48:27+00:00\" \/>\n<meta property=\"article:modified_time\" content=\"2022-04-07T09:14:27+00:00\" \/>\n<meta property=\"og:image\" content=\"https:\/\/gastronomicament.cat\/wp-content\/uploads\/2020\/02\/Rosa-Blanca-Pau-Navarro.jpg\" \/>\n\t<meta property=\"og:image:width\" content=\"1309\" \/>\n\t<meta property=\"og:image:height\" content=\"668\" \/>\n\t<meta property=\"og:image:type\" content=\"image\/jpeg\" \/>\n<meta name=\"author\" content=\"Redacci\u00f3\" \/>\n<meta name=\"twitter:card\" content=\"summary_large_image\" \/>\n<meta name=\"twitter:creator\" content=\"@gastronomicamen\" \/>\n<meta name=\"twitter:site\" content=\"@gastronomicamen\" \/>\n<meta name=\"twitter:label1\" content=\"Written by\" \/>\n\t<meta name=\"twitter:data1\" content=\"Redacci\u00f3\" \/>\n\t<meta name=\"twitter:label2\" content=\"Est. reading time\" \/>\n\t<meta name=\"twitter:data2\" content=\"1 minute\" \/>\n<script type=\"application\/ld+json\" class=\"yoast-schema-graph\">{\"@context\":\"https:\\\/\\\/schema.org\",\"@graph\":[{\"@type\":\"Article\",\"@id\":\"https:\\\/\\\/gastronomicament.cat\\\/ca\\\/clandesti-protagonitza-els-tasts-de-rosa-blanca#article\",\"isPartOf\":{\"@id\":\"https:\\\/\\\/gastronomicament.cat\\\/ca\\\/clandesti-protagonitza-els-tasts-de-rosa-blanca\"},\"author\":{\"name\":\"Redacci\u00f3\",\"@id\":\"https:\\\/\\\/gastronomicament.cat\\\/ca\\\/#\\\/schema\\\/person\\\/a7c85c537a1ed62799a5b8e0f686a37f\"},\"headline\":\"Clandest\u00ed protagonitza els Tasts de Rosa Blanca\",\"datePublished\":\"2020-02-13T07:48:27+00:00\",\"dateModified\":\"2022-04-07T09:14:27+00:00\",\"mainEntityOfPage\":{\"@id\":\"https:\\\/\\\/gastronomicament.cat\\\/ca\\\/clandesti-protagonitza-els-tasts-de-rosa-blanca\"},\"wordCount\":267,\"commentCount\":0,\"publisher\":{\"@id\":\"https:\\\/\\\/gastronomicament.cat\\\/ca\\\/#organization\"},\"image\":{\"@id\":\"https:\\\/\\\/gastronomicament.cat\\\/ca\\\/clandesti-protagonitza-els-tasts-de-rosa-blanca#primaryimage\"},\"thumbnailUrl\":\"https:\\\/\\\/gastronomicament.cat\\\/wp-content\\\/uploads\\\/2020\\\/02\\\/Rosa-Blanca-Pau-Navarro.jpg\",\"articleSection\":[\"Actualitat\",\"Cursos i tallers\"],\"inLanguage\":\"ca-ES\",\"potentialAction\":[{\"@type\":\"CommentAction\",\"name\":\"Comment\",\"target\":[\"https:\\\/\\\/gastronomicament.cat\\\/ca\\\/clandesti-protagonitza-els-tasts-de-rosa-blanca#respond\"]}]},{\"@type\":\"WebPage\",\"@id\":\"https:\\\/\\\/gastronomicament.cat\\\/ca\\\/clandesti-protagonitza-els-tasts-de-rosa-blanca\",\"url\":\"https:\\\/\\\/gastronomicament.cat\\\/ca\\\/clandesti-protagonitza-els-tasts-de-rosa-blanca\",\"name\":\"Clandest\u00ed protagonitza els Tasts de Rosa Blanca - Gastron\u00f2micament\",\"isPartOf\":{\"@id\":\"https:\\\/\\\/gastronomicament.cat\\\/ca\\\/#website\"},\"primaryImageOfPage\":{\"@id\":\"https:\\\/\\\/gastronomicament.cat\\\/ca\\\/clandesti-protagonitza-els-tasts-de-rosa-blanca#primaryimage\"},\"image\":{\"@id\":\"https:\\\/\\\/gastronomicament.cat\\\/ca\\\/clandesti-protagonitza-els-tasts-de-rosa-blanca#primaryimage\"},\"thumbnailUrl\":\"https:\\\/\\\/gastronomicament.cat\\\/wp-content\\\/uploads\\\/2020\\\/02\\\/Rosa-Blanca-Pau-Navarro.jpg\",\"datePublished\":\"2020-02-13T07:48:27+00:00\",\"dateModified\":\"2022-04-07T09:14:27+00:00\",\"description\":\"Clandest\u00ed protagonitza els Tasts de Rosa Blanca Actualitat, Cursos i tallers El proper mes de mar\u00e7 comen\u00e7a la tercera edici\u00f3 dels\u00a0Tasts de Rosa Blanca. En aquesta ocasi\u00f3, les propostes gastron\u00f2miques dels cuiners del restaurant\u00a0Clandest\u00ed Taller Gastron\u00f2mic, en seran els protagonistes\",\"inLanguage\":\"ca-ES\",\"potentialAction\":[{\"@type\":\"ReadAction\",\"target\":[\"https:\\\/\\\/gastronomicament.cat\\\/ca\\\/clandesti-protagonitza-els-tasts-de-rosa-blanca\"]}]},{\"@type\":\"ImageObject\",\"inLanguage\":\"ca-ES\",\"@id\":\"https:\\\/\\\/gastronomicament.cat\\\/ca\\\/clandesti-protagonitza-els-tasts-de-rosa-blanca#primaryimage\",\"url\":\"https:\\\/\\\/gastronomicament.cat\\\/wp-content\\\/uploads\\\/2020\\\/02\\\/Rosa-Blanca-Pau-Navarro.jpg\",\"contentUrl\":\"https:\\\/\\\/gastronomicament.cat\\\/wp-content\\\/uploads\\\/2020\\\/02\\\/Rosa-Blanca-Pau-Navarro.jpg\",\"width\":1309,\"height\":668},{\"@type\":\"WebSite\",\"@id\":\"https:\\\/\\\/gastronomicament.cat\\\/ca\\\/#website\",\"url\":\"https:\\\/\\\/gastronomicament.cat\\\/ca\\\/\",\"name\":\"Gastron\u00f2micament\",\"description\":\"Portal de restaurants, receptes i actualitat gastron\u00f2mica\",\"publisher\":{\"@id\":\"https:\\\/\\\/gastronomicament.cat\\\/ca\\\/#organization\"},\"potentialAction\":[{\"@type\":\"SearchAction\",\"target\":{\"@type\":\"EntryPoint\",\"urlTemplate\":\"https:\\\/\\\/gastronomicament.cat\\\/ca\\\/?s={search_term_string}\"},\"query-input\":{\"@type\":\"PropertyValueSpecification\",\"valueRequired\":true,\"valueName\":\"search_term_string\"}}],\"inLanguage\":\"ca-ES\"},{\"@type\":\"Organization\",\"@id\":\"https:\\\/\\\/gastronomicament.cat\\\/ca\\\/#organization\",\"name\":\"Gastron\u00f2micament\",\"url\":\"https:\\\/\\\/gastronomicament.cat\\\/ca\\\/\",\"logo\":{\"@type\":\"ImageObject\",\"inLanguage\":\"ca-ES\",\"@id\":\"https:\\\/\\\/gastronomicament.cat\\\/ca\\\/#\\\/schema\\\/logo\\\/image\\\/\",\"url\":\"https:\\\/\\\/gastronomicament.cat\\\/wp-content\\\/uploads\\\/2016\\\/09\\\/header-logo.jpg\",\"contentUrl\":\"https:\\\/\\\/gastronomicament.cat\\\/wp-content\\\/uploads\\\/2016\\\/09\\\/header-logo.jpg\",\"width\":277,\"height\":39,\"caption\":\"Gastron\u00f2micament\"},\"image\":{\"@id\":\"https:\\\/\\\/gastronomicament.cat\\\/ca\\\/#\\\/schema\\\/logo\\\/image\\\/\"},\"sameAs\":[\"https:\\\/\\\/x.com\\\/gastronomicamen\"]},{\"@type\":\"Person\",\"@id\":\"https:\\\/\\\/gastronomicament.cat\\\/ca\\\/#\\\/schema\\\/person\\\/a7c85c537a1ed62799a5b8e0f686a37f\",\"name\":\"Redacci\u00f3\",\"image\":{\"@type\":\"ImageObject\",\"inLanguage\":\"ca-ES\",\"@id\":\"https:\\\/\\\/secure.gravatar.com\\\/avatar\\\/9489a485c464fd611d33825daae651d13db70c4e74c65c94937a15a9d4c3ee14?s=96&d=mm&r=g69fea3cce3645dfa2166e7293e22955e\",\"url\":\"https:\\\/\\\/secure.gravatar.com\\\/avatar\\\/9489a485c464fd611d33825daae651d13db70c4e74c65c94937a15a9d4c3ee14?s=96&d=mm&r=g\",\"contentUrl\":\"https:\\\/\\\/secure.gravatar.com\\\/avatar\\\/9489a485c464fd611d33825daae651d13db70c4e74c65c94937a15a9d4c3ee14?s=96&d=mm&r=g\",\"caption\":\"Redacci\u00f3\"},\"sameAs\":[\"http:\\\/\\\/gastronomicament.cat\"],\"url\":\"https:\\\/\\\/gastronomicament.cat\\\/ca\\\/author\\\/admin\"}]}<\/script>\n<!-- \/ Yoast SEO plugin. -->","yoast_head_json":{"title":"Clandest\u00ed protagonitza els Tasts de Rosa Blanca - Gastron\u00f2micament","description":"Clandest\u00ed protagonitza els Tasts de Rosa Blanca Actualitat, Cursos i tallers El proper mes de mar\u00e7 comen\u00e7a la tercera edici\u00f3 dels\u00a0Tasts de Rosa Blanca. En aquesta ocasi\u00f3, les propostes gastron\u00f2miques dels cuiners del restaurant\u00a0Clandest\u00ed Taller Gastron\u00f2mic, en seran els protagonistes","robots":{"index":"index","follow":"follow","max-snippet":"max-snippet:-1","max-image-preview":"max-image-preview:large","max-video-preview":"max-video-preview:-1"},"canonical":"https:\/\/gastronomicament.cat\/ca\/clandesti-protagonitza-els-tasts-de-rosa-blanca","og_locale":"ca_ES","og_type":"article","og_title":"Clandest\u00ed protagonitza els Tasts de Rosa Blanca - Gastron\u00f2micament","og_description":"Clandest\u00ed protagonitza els Tasts de Rosa Blanca Actualitat, Cursos i tallers El proper mes de mar\u00e7 comen\u00e7a la tercera edici\u00f3 dels\u00a0Tasts de Rosa Blanca. En aquesta ocasi\u00f3, les propostes gastron\u00f2miques dels cuiners del restaurant\u00a0Clandest\u00ed Taller Gastron\u00f2mic, en seran els protagonistes","og_url":"https:\/\/gastronomicament.cat\/ca\/clandesti-protagonitza-els-tasts-de-rosa-blanca","og_site_name":"Gastron\u00f2micament","article_published_time":"2020-02-13T07:48:27+00:00","article_modified_time":"2022-04-07T09:14:27+00:00","og_image":[{"width":1309,"height":668,"url":"https:\/\/gastronomicament.cat\/wp-content\/uploads\/2020\/02\/Rosa-Blanca-Pau-Navarro.jpg","type":"image\/jpeg"}],"author":"Redacci\u00f3","twitter_card":"summary_large_image","twitter_creator":"@gastronomicamen","twitter_site":"@gastronomicamen","twitter_misc":{"Written by":"Redacci\u00f3","Est. reading time":"1 minute"},"schema":{"@context":"https:\/\/schema.org","@graph":[{"@type":"Article","@id":"https:\/\/gastronomicament.cat\/ca\/clandesti-protagonitza-els-tasts-de-rosa-blanca#article","isPartOf":{"@id":"https:\/\/gastronomicament.cat\/ca\/clandesti-protagonitza-els-tasts-de-rosa-blanca"},"author":{"name":"Redacci\u00f3","@id":"https:\/\/gastronomicament.cat\/ca\/#\/schema\/person\/a7c85c537a1ed62799a5b8e0f686a37f"},"headline":"Clandest\u00ed protagonitza els Tasts de Rosa Blanca","datePublished":"2020-02-13T07:48:27+00:00","dateModified":"2022-04-07T09:14:27+00:00","mainEntityOfPage":{"@id":"https:\/\/gastronomicament.cat\/ca\/clandesti-protagonitza-els-tasts-de-rosa-blanca"},"wordCount":267,"commentCount":0,"publisher":{"@id":"https:\/\/gastronomicament.cat\/ca\/#organization"},"image":{"@id":"https:\/\/gastronomicament.cat\/ca\/clandesti-protagonitza-els-tasts-de-rosa-blanca#primaryimage"},"thumbnailUrl":"https:\/\/gastronomicament.cat\/wp-content\/uploads\/2020\/02\/Rosa-Blanca-Pau-Navarro.jpg","articleSection":["Actualitat","Cursos i tallers"],"inLanguage":"ca-ES","potentialAction":[{"@type":"CommentAction","name":"Comment","target":["https:\/\/gastronomicament.cat\/ca\/clandesti-protagonitza-els-tasts-de-rosa-blanca#respond"]}]},{"@type":"WebPage","@id":"https:\/\/gastronomicament.cat\/ca\/clandesti-protagonitza-els-tasts-de-rosa-blanca","url":"https:\/\/gastronomicament.cat\/ca\/clandesti-protagonitza-els-tasts-de-rosa-blanca","name":"Clandest\u00ed protagonitza els Tasts de Rosa Blanca - Gastron\u00f2micament","isPartOf":{"@id":"https:\/\/gastronomicament.cat\/ca\/#website"},"primaryImageOfPage":{"@id":"https:\/\/gastronomicament.cat\/ca\/clandesti-protagonitza-els-tasts-de-rosa-blanca#primaryimage"},"image":{"@id":"https:\/\/gastronomicament.cat\/ca\/clandesti-protagonitza-els-tasts-de-rosa-blanca#primaryimage"},"thumbnailUrl":"https:\/\/gastronomicament.cat\/wp-content\/uploads\/2020\/02\/Rosa-Blanca-Pau-Navarro.jpg","datePublished":"2020-02-13T07:48:27+00:00","dateModified":"2022-04-07T09:14:27+00:00","description":"Clandest\u00ed protagonitza els Tasts de Rosa Blanca Actualitat, Cursos i tallers El proper mes de mar\u00e7 comen\u00e7a la tercera edici\u00f3 dels\u00a0Tasts de Rosa Blanca. En aquesta ocasi\u00f3, les propostes gastron\u00f2miques dels cuiners del restaurant\u00a0Clandest\u00ed Taller Gastron\u00f2mic, en seran els protagonistes","inLanguage":"ca-ES","potentialAction":[{"@type":"ReadAction","target":["https:\/\/gastronomicament.cat\/ca\/clandesti-protagonitza-els-tasts-de-rosa-blanca"]}]},{"@type":"ImageObject","inLanguage":"ca-ES","@id":"https:\/\/gastronomicament.cat\/ca\/clandesti-protagonitza-els-tasts-de-rosa-blanca#primaryimage","url":"https:\/\/gastronomicament.cat\/wp-content\/uploads\/2020\/02\/Rosa-Blanca-Pau-Navarro.jpg","contentUrl":"https:\/\/gastronomicament.cat\/wp-content\/uploads\/2020\/02\/Rosa-Blanca-Pau-Navarro.jpg","width":1309,"height":668},{"@type":"WebSite","@id":"https:\/\/gastronomicament.cat\/ca\/#website","url":"https:\/\/gastronomicament.cat\/ca\/","name":"Gastron\u00f2micament","description":"Portal de restaurants, receptes i actualitat gastron\u00f2mica","publisher":{"@id":"https:\/\/gastronomicament.cat\/ca\/#organization"},"potentialAction":[{"@type":"SearchAction","target":{"@type":"EntryPoint","urlTemplate":"https:\/\/gastronomicament.cat\/ca\/?s={search_term_string}"},"query-input":{"@type":"PropertyValueSpecification","valueRequired":true,"valueName":"search_term_string"}}],"inLanguage":"ca-ES"},{"@type":"Organization","@id":"https:\/\/gastronomicament.cat\/ca\/#organization","name":"Gastron\u00f2micament","url":"https:\/\/gastronomicament.cat\/ca\/","logo":{"@type":"ImageObject","inLanguage":"ca-ES","@id":"https:\/\/gastronomicament.cat\/ca\/#\/schema\/logo\/image\/","url":"https:\/\/gastronomicament.cat\/wp-content\/uploads\/2016\/09\/header-logo.jpg","contentUrl":"https:\/\/gastronomicament.cat\/wp-content\/uploads\/2016\/09\/header-logo.jpg","width":277,"height":39,"caption":"Gastron\u00f2micament"},"image":{"@id":"https:\/\/gastronomicament.cat\/ca\/#\/schema\/logo\/image\/"},"sameAs":["https:\/\/x.com\/gastronomicamen"]},{"@type":"Person","@id":"https:\/\/gastronomicament.cat\/ca\/#\/schema\/person\/a7c85c537a1ed62799a5b8e0f686a37f","name":"Redacci\u00f3","image":{"@type":"ImageObject","inLanguage":"ca-ES","@id":"https:\/\/secure.gravatar.com\/avatar\/9489a485c464fd611d33825daae651d13db70c4e74c65c94937a15a9d4c3ee14?s=96&d=mm&r=g69fea3cce3645dfa2166e7293e22955e","url":"https:\/\/secure.gravatar.com\/avatar\/9489a485c464fd611d33825daae651d13db70c4e74c65c94937a15a9d4c3ee14?s=96&d=mm&r=g","contentUrl":"https:\/\/secure.gravatar.com\/avatar\/9489a485c464fd611d33825daae651d13db70c4e74c65c94937a15a9d4c3ee14?s=96&d=mm&r=g","caption":"Redacci\u00f3"},"sameAs":["http:\/\/gastronomicament.cat"],"url":"https:\/\/gastronomicament.cat\/ca\/author\/admin"}]}},"_links":{"self":[{"href":"https:\/\/gastronomicament.cat\/ca\/wp-json\/wp\/v2\/posts\/25845","targetHints":{"allow":["GET"]}}],"collection":[{"href":"https:\/\/gastronomicament.cat\/ca\/wp-json\/wp\/v2\/posts"}],"about":[{"href":"https:\/\/gastronomicament.cat\/ca\/wp-json\/wp\/v2\/types\/post"}],"author":[{"embeddable":true,"href":"https:\/\/gastronomicament.cat\/ca\/wp-json\/wp\/v2\/users\/1"}],"replies":[{"embeddable":true,"href":"https:\/\/gastronomicament.cat\/ca\/wp-json\/wp\/v2\/comments?post=25845"}],"version-history":[{"count":0,"href":"https:\/\/gastronomicament.cat\/ca\/wp-json\/wp\/v2\/posts\/25845\/revisions"}],"wp:featuredmedia":[{"embeddable":true,"href":"https:\/\/gastronomicament.cat\/ca\/wp-json\/wp\/v2\/media\/25846"}],"wp:attachment":[{"href":"https:\/\/gastronomicament.cat\/ca\/wp-json\/wp\/v2\/media?parent=25845"}],"wp:term":[{"taxonomy":"category","embeddable":true,"href":"https:\/\/gastronomicament.cat\/ca\/wp-json\/wp\/v2\/categories?post=25845"},{"taxonomy":"post_tag","embeddable":true,"href":"https:\/\/gastronomicament.cat\/ca\/wp-json\/wp\/v2\/tags?post=25845"},{"taxonomy":"author","embeddable":true,"href":"https:\/\/gastronomicament.cat\/ca\/wp-json\/wp\/v2\/coauthors?post=25845"}],"curies":[{"name":"wp","href":"https:\/\/api.w.org\/{rel}","templated":true}]}}