{"id":25891,"date":"2020-02-20T08:42:43","date_gmt":"2020-02-20T07:42:43","guid":{"rendered":"https:\/\/gastronomicament.cat\/?p=25891"},"modified":"2022-04-07T11:14:28","modified_gmt":"2022-04-07T09:14:28","slug":"aquests-son-els-finalistes-del-campionat-mundial-de-pa-amb-oli-2020","status":"publish","type":"post","link":"https:\/\/gastronomicament.cat\/ca\/aquests-son-els-finalistes-del-campionat-mundial-de-pa-amb-oli-2020","title":{"rendered":"Aquests s\u00f3n els finalistes del Campionat Mundial de Pa amb Oli 2020"},"content":{"rendered":"<p>Despr\u00e9s de disputar les fases pr\u00e8vies, ja es coneixen els finalistes del Campionat del M\u00f3n de Pa amb Oli. En aquesta segona edici\u00f3, hi participaran dos finalistes de Mallorca i un de Menorca.<\/p>\n<p>Es tracta de\u00a0<strong>Merendero Minyones\u00a0<\/strong>(Palma), del<strong>\u00a0restaurant Sa Punta<\/strong>\u00a0(Son Servera) i\u00a0<strong>Ses Voltes Espai Gastron\u00f2mic<\/strong>\u00a0(Ciutadella).<\/p>\n<p>Cal comentar que a Eivissa i a Formentera no hi ha hagut cap proposta presentada tot i que l&#8217;any passat la guanyadora va ser Catalina Riera, cuinera del restaurant Ca n&#8217;Alfredo, tot un referent culinari d&#8217;Eivissa.<\/p>\n<p><strong>Fase de Mallorca<\/strong><\/p>\n<p>En la fase de Mallorca, s&#8217;hi presentaren 13 restaurants. Els finalistes han estat Merendero Minyones, que hi va presentar un\u00a0<strong>pamboli amb pat\u00e9 de fetge de porc de Felanitx, formatge maon\u00e8s i cabell d&#8217;\u00e0ngel amb herbes dolces mallorquines<\/strong>.<\/p>\n<p>D&#8217;altra banda, el restaurant Sa Punta hi va presentar un\u00a0<strong>pamboli amb arengada, formatge de Manacor i ceba fresca, amb oli de la DO Oli de Mallorca<\/strong>\u00a0de la zona de Manacor.<\/p>\n<p>El jurat va estar format per Igor Rodr\u00edguez, xef del restaurant El Txoko de Santa Eul\u00e0lia i coordinador del II Campionat del M\u00f3n del Pa amb Oli; Pep Magraner, president de l&#8217;Associaci\u00f3 de Forners i Pastissers de les Illes Balears; Joan Fornari, forner del Forn i Pastisseria Gelabert de Llub\u00ed i guanyador del &#8216;Millor Pa Moreno 2019&#8217;; Lydia Larrey, de la Denominaci\u00f3 d&#8217;Origen Oli de Mallorca; Lydia Corral, periodista gastron\u00f2mica; Maria Tugores, directora de l&#8217;Escola d&#8217;Hoteleria de les Illes Balears; i Roger Busquets, xef del restaurant Es Rebost.<\/p>\n<p><strong>Fase de Menorca<\/strong><\/p>\n<p>Pel que fa a Menorca, el restaurant Ses Voltes Espai Gastron\u00f3mic de Ciutadella s&#8217;ha convertit en el finalista de Menorca gr\u00e0cies al\u00a0<strong>pamboli que ha presentat que consisteix en un saltat\u00a0<\/strong><strong>de porc negre\u00a0amb\u00a0verdura ecol\u00f2gica,\u00a0pa\u00a0de xeixa de la Vall i microbrots de coriandre<\/strong>. El jurat estava compost per\u00a0Igor Rodr\u00edguez, xef del restaurant El Txoko de Santa Eul\u00e0lia i coordinador del II Campionat del M\u00f3n del Pa amb Oli; Pedro Herbera, forner de Herbera Bakery; Bep Al.l\u00e8s, periodista gastron\u00f2mic; i Miquel Mariano, president de Fra Roger.<\/p>\n<p><strong>Fira del Pa amb Oli<\/strong><\/p>\n<p>La II\u00a0<strong>Fira del Pa amb Oli se celebrar\u00e0 del 28 de febrer a l&#8217;1 de mar\u00e7 a sa Feixina (Palma)<\/strong>, amb motiu del Dia de les Illes Balears.\u00a0 El guanyador del Millor Pa amb Oli del M\u00f3n i els finalistes hi oferiran el pamboli creat als visitants durant els tres dies de la fira per 6 euos.<\/p>\n","protected":false},"excerpt":{"rendered":"<p>Despr\u00e9s de disputar les fases pr\u00e8vies, ja es coneixen els finalistes del Campionat del M\u00f3n de&hellip;<\/p>\n","protected":false},"author":1,"featured_media":25892,"comment_status":"open","ping_status":"closed","sticky":false,"template":"","format":"gallery","meta":{"_acf_changed":false,"_swt_meta_header_display":false,"_swt_meta_footer_display":false,"_swt_meta_site_title_display":false,"_swt_meta_sticky_header":false,"_swt_meta_transparent_header":false,"footnotes":""},"categories":[692,953],"tags":[],"coauthors":[],"class_list":["post-25891","post","type-post","status-publish","format-gallery","has-post-thumbnail","hentry","category-actualitat","category-concursos-i-premis","post_format-post-format-gallery"],"acf":{"gallery":null,"home_date":{"home_begin_date":null,"home_end_date":null}},"yoast_head":"<!-- This site is optimized with the Yoast SEO plugin v27.4 - https:\/\/yoast.com\/product\/yoast-seo-wordpress\/ -->\n<title>Aquests s\u00f3n els finalistes del Campionat Mundial de Pa amb Oli 2020 - Gastron\u00f2micament<\/title>\n<meta name=\"description\" content=\"Aquests s\u00f3n els finalistes del Campionat Mundial de Pa amb Oli 2020 Actualitat, Concursos i premis Despr\u00e9s de disputar les fases pr\u00e8vies, ja es coneixen els finalistes del Campionat del M\u00f3n de Pa amb Oli. En aquesta segona edici\u00f3, hi participaran dos finalistes de Mallorca i un de Menorca\" \/>\n<meta name=\"robots\" content=\"index, follow, max-snippet:-1, max-image-preview:large, max-video-preview:-1\" \/>\n<link rel=\"canonical\" href=\"https:\/\/gastronomicament.cat\/ca\/aquests-son-els-finalistes-del-campionat-mundial-de-pa-amb-oli-2020\" \/>\n<meta property=\"og:locale\" content=\"ca_ES\" \/>\n<meta property=\"og:type\" content=\"article\" \/>\n<meta property=\"og:title\" content=\"Aquests s\u00f3n els finalistes del Campionat Mundial de Pa amb Oli 2020 - Gastron\u00f2micament\" \/>\n<meta property=\"og:description\" content=\"Aquests s\u00f3n els finalistes del Campionat Mundial de Pa amb Oli 2020 Actualitat, Concursos i premis Despr\u00e9s de disputar les fases pr\u00e8vies, ja es coneixen els finalistes del Campionat del M\u00f3n de Pa amb Oli. En aquesta segona edici\u00f3, hi participaran dos finalistes de Mallorca i un de Menorca\" \/>\n<meta property=\"og:url\" content=\"https:\/\/gastronomicament.cat\/ca\/aquests-son-els-finalistes-del-campionat-mundial-de-pa-amb-oli-2020\" \/>\n<meta property=\"og:site_name\" content=\"Gastron\u00f2micament\" \/>\n<meta property=\"article:published_time\" content=\"2020-02-20T07:42:43+00:00\" \/>\n<meta property=\"article:modified_time\" content=\"2022-04-07T09:14:28+00:00\" \/>\n<meta property=\"og:image\" content=\"https:\/\/gastronomicament.cat\/wp-content\/uploads\/2020\/02\/Pamboli-restaurant-Sa-Punta-Son-Servera.jpg\" \/>\n\t<meta property=\"og:image:width\" content=\"1200\" \/>\n\t<meta property=\"og:image:height\" content=\"800\" \/>\n\t<meta property=\"og:image:type\" content=\"image\/jpeg\" \/>\n<meta name=\"author\" content=\"Redacci\u00f3\" \/>\n<meta name=\"twitter:card\" content=\"summary_large_image\" \/>\n<meta name=\"twitter:creator\" content=\"@gastronomicamen\" \/>\n<meta name=\"twitter:site\" content=\"@gastronomicamen\" \/>\n<meta name=\"twitter:label1\" content=\"Written by\" \/>\n\t<meta name=\"twitter:data1\" content=\"Redacci\u00f3\" \/>\n\t<meta name=\"twitter:label2\" content=\"Est. reading time\" \/>\n\t<meta name=\"twitter:data2\" content=\"2 minutes\" \/>\n<script type=\"application\/ld+json\" class=\"yoast-schema-graph\">{\"@context\":\"https:\\\/\\\/schema.org\",\"@graph\":[{\"@type\":\"Article\",\"@id\":\"https:\\\/\\\/gastronomicament.cat\\\/ca\\\/aquests-son-els-finalistes-del-campionat-mundial-de-pa-amb-oli-2020#article\",\"isPartOf\":{\"@id\":\"https:\\\/\\\/gastronomicament.cat\\\/ca\\\/aquests-son-els-finalistes-del-campionat-mundial-de-pa-amb-oli-2020\"},\"author\":{\"name\":\"Redacci\u00f3\",\"@id\":\"https:\\\/\\\/gastronomicament.cat\\\/ca\\\/#\\\/schema\\\/person\\\/a7c85c537a1ed62799a5b8e0f686a37f\"},\"headline\":\"Aquests s\u00f3n els finalistes del Campionat Mundial de Pa amb Oli 2020\",\"datePublished\":\"2020-02-20T07:42:43+00:00\",\"dateModified\":\"2022-04-07T09:14:28+00:00\",\"mainEntityOfPage\":{\"@id\":\"https:\\\/\\\/gastronomicament.cat\\\/ca\\\/aquests-son-els-finalistes-del-campionat-mundial-de-pa-amb-oli-2020\"},\"wordCount\":433,\"commentCount\":0,\"publisher\":{\"@id\":\"https:\\\/\\\/gastronomicament.cat\\\/ca\\\/#organization\"},\"image\":{\"@id\":\"https:\\\/\\\/gastronomicament.cat\\\/ca\\\/aquests-son-els-finalistes-del-campionat-mundial-de-pa-amb-oli-2020#primaryimage\"},\"thumbnailUrl\":\"https:\\\/\\\/gastronomicament.cat\\\/wp-content\\\/uploads\\\/2020\\\/02\\\/Pamboli-restaurant-Sa-Punta-Son-Servera.jpg\",\"articleSection\":[\"Actualitat\",\"Concursos i premis\"],\"inLanguage\":\"ca-ES\",\"potentialAction\":[{\"@type\":\"CommentAction\",\"name\":\"Comment\",\"target\":[\"https:\\\/\\\/gastronomicament.cat\\\/ca\\\/aquests-son-els-finalistes-del-campionat-mundial-de-pa-amb-oli-2020#respond\"]}]},{\"@type\":\"WebPage\",\"@id\":\"https:\\\/\\\/gastronomicament.cat\\\/ca\\\/aquests-son-els-finalistes-del-campionat-mundial-de-pa-amb-oli-2020\",\"url\":\"https:\\\/\\\/gastronomicament.cat\\\/ca\\\/aquests-son-els-finalistes-del-campionat-mundial-de-pa-amb-oli-2020\",\"name\":\"Aquests s\u00f3n els finalistes del Campionat Mundial de Pa amb Oli 2020 - Gastron\u00f2micament\",\"isPartOf\":{\"@id\":\"https:\\\/\\\/gastronomicament.cat\\\/ca\\\/#website\"},\"primaryImageOfPage\":{\"@id\":\"https:\\\/\\\/gastronomicament.cat\\\/ca\\\/aquests-son-els-finalistes-del-campionat-mundial-de-pa-amb-oli-2020#primaryimage\"},\"image\":{\"@id\":\"https:\\\/\\\/gastronomicament.cat\\\/ca\\\/aquests-son-els-finalistes-del-campionat-mundial-de-pa-amb-oli-2020#primaryimage\"},\"thumbnailUrl\":\"https:\\\/\\\/gastronomicament.cat\\\/wp-content\\\/uploads\\\/2020\\\/02\\\/Pamboli-restaurant-Sa-Punta-Son-Servera.jpg\",\"datePublished\":\"2020-02-20T07:42:43+00:00\",\"dateModified\":\"2022-04-07T09:14:28+00:00\",\"description\":\"Aquests s\u00f3n els finalistes del Campionat Mundial de Pa amb Oli 2020 Actualitat, Concursos i premis Despr\u00e9s de disputar les fases pr\u00e8vies, ja es coneixen els finalistes del Campionat del M\u00f3n de Pa amb Oli. En aquesta segona edici\u00f3, hi participaran dos finalistes de Mallorca i un de Menorca\",\"inLanguage\":\"ca-ES\",\"potentialAction\":[{\"@type\":\"ReadAction\",\"target\":[\"https:\\\/\\\/gastronomicament.cat\\\/ca\\\/aquests-son-els-finalistes-del-campionat-mundial-de-pa-amb-oli-2020\"]}]},{\"@type\":\"ImageObject\",\"inLanguage\":\"ca-ES\",\"@id\":\"https:\\\/\\\/gastronomicament.cat\\\/ca\\\/aquests-son-els-finalistes-del-campionat-mundial-de-pa-amb-oli-2020#primaryimage\",\"url\":\"https:\\\/\\\/gastronomicament.cat\\\/wp-content\\\/uploads\\\/2020\\\/02\\\/Pamboli-restaurant-Sa-Punta-Son-Servera.jpg\",\"contentUrl\":\"https:\\\/\\\/gastronomicament.cat\\\/wp-content\\\/uploads\\\/2020\\\/02\\\/Pamboli-restaurant-Sa-Punta-Son-Servera.jpg\",\"width\":1200,\"height\":800},{\"@type\":\"WebSite\",\"@id\":\"https:\\\/\\\/gastronomicament.cat\\\/ca\\\/#website\",\"url\":\"https:\\\/\\\/gastronomicament.cat\\\/ca\\\/\",\"name\":\"Gastron\u00f2micament\",\"description\":\"Portal de restaurants, receptes i actualitat gastron\u00f2mica\",\"publisher\":{\"@id\":\"https:\\\/\\\/gastronomicament.cat\\\/ca\\\/#organization\"},\"potentialAction\":[{\"@type\":\"SearchAction\",\"target\":{\"@type\":\"EntryPoint\",\"urlTemplate\":\"https:\\\/\\\/gastronomicament.cat\\\/ca\\\/?s={search_term_string}\"},\"query-input\":{\"@type\":\"PropertyValueSpecification\",\"valueRequired\":true,\"valueName\":\"search_term_string\"}}],\"inLanguage\":\"ca-ES\"},{\"@type\":\"Organization\",\"@id\":\"https:\\\/\\\/gastronomicament.cat\\\/ca\\\/#organization\",\"name\":\"Gastron\u00f2micament\",\"url\":\"https:\\\/\\\/gastronomicament.cat\\\/ca\\\/\",\"logo\":{\"@type\":\"ImageObject\",\"inLanguage\":\"ca-ES\",\"@id\":\"https:\\\/\\\/gastronomicament.cat\\\/ca\\\/#\\\/schema\\\/logo\\\/image\\\/\",\"url\":\"https:\\\/\\\/gastronomicament.cat\\\/wp-content\\\/uploads\\\/2016\\\/09\\\/header-logo.jpg\",\"contentUrl\":\"https:\\\/\\\/gastronomicament.cat\\\/wp-content\\\/uploads\\\/2016\\\/09\\\/header-logo.jpg\",\"width\":277,\"height\":39,\"caption\":\"Gastron\u00f2micament\"},\"image\":{\"@id\":\"https:\\\/\\\/gastronomicament.cat\\\/ca\\\/#\\\/schema\\\/logo\\\/image\\\/\"},\"sameAs\":[\"https:\\\/\\\/x.com\\\/gastronomicamen\"]},{\"@type\":\"Person\",\"@id\":\"https:\\\/\\\/gastronomicament.cat\\\/ca\\\/#\\\/schema\\\/person\\\/a7c85c537a1ed62799a5b8e0f686a37f\",\"name\":\"Redacci\u00f3\",\"image\":{\"@type\":\"ImageObject\",\"inLanguage\":\"ca-ES\",\"@id\":\"https:\\\/\\\/secure.gravatar.com\\\/avatar\\\/9489a485c464fd611d33825daae651d13db70c4e74c65c94937a15a9d4c3ee14?s=96&d=mm&r=g69fea3cce3645dfa2166e7293e22955e\",\"url\":\"https:\\\/\\\/secure.gravatar.com\\\/avatar\\\/9489a485c464fd611d33825daae651d13db70c4e74c65c94937a15a9d4c3ee14?s=96&d=mm&r=g\",\"contentUrl\":\"https:\\\/\\\/secure.gravatar.com\\\/avatar\\\/9489a485c464fd611d33825daae651d13db70c4e74c65c94937a15a9d4c3ee14?s=96&d=mm&r=g\",\"caption\":\"Redacci\u00f3\"},\"sameAs\":[\"http:\\\/\\\/gastronomicament.cat\"],\"url\":\"https:\\\/\\\/gastronomicament.cat\\\/ca\\\/author\\\/admin\"}]}<\/script>\n<!-- \/ Yoast SEO plugin. -->","yoast_head_json":{"title":"Aquests s\u00f3n els finalistes del Campionat Mundial de Pa amb Oli 2020 - Gastron\u00f2micament","description":"Aquests s\u00f3n els finalistes del Campionat Mundial de Pa amb Oli 2020 Actualitat, Concursos i premis Despr\u00e9s de disputar les fases pr\u00e8vies, ja es coneixen els finalistes del Campionat del M\u00f3n de Pa amb Oli. En aquesta segona edici\u00f3, hi participaran dos finalistes de Mallorca i un de Menorca","robots":{"index":"index","follow":"follow","max-snippet":"max-snippet:-1","max-image-preview":"max-image-preview:large","max-video-preview":"max-video-preview:-1"},"canonical":"https:\/\/gastronomicament.cat\/ca\/aquests-son-els-finalistes-del-campionat-mundial-de-pa-amb-oli-2020","og_locale":"ca_ES","og_type":"article","og_title":"Aquests s\u00f3n els finalistes del Campionat Mundial de Pa amb Oli 2020 - Gastron\u00f2micament","og_description":"Aquests s\u00f3n els finalistes del Campionat Mundial de Pa amb Oli 2020 Actualitat, Concursos i premis Despr\u00e9s de disputar les fases pr\u00e8vies, ja es coneixen els finalistes del Campionat del M\u00f3n de Pa amb Oli. En aquesta segona edici\u00f3, hi participaran dos finalistes de Mallorca i un de Menorca","og_url":"https:\/\/gastronomicament.cat\/ca\/aquests-son-els-finalistes-del-campionat-mundial-de-pa-amb-oli-2020","og_site_name":"Gastron\u00f2micament","article_published_time":"2020-02-20T07:42:43+00:00","article_modified_time":"2022-04-07T09:14:28+00:00","og_image":[{"width":1200,"height":800,"url":"https:\/\/gastronomicament.cat\/wp-content\/uploads\/2020\/02\/Pamboli-restaurant-Sa-Punta-Son-Servera.jpg","type":"image\/jpeg"}],"author":"Redacci\u00f3","twitter_card":"summary_large_image","twitter_creator":"@gastronomicamen","twitter_site":"@gastronomicamen","twitter_misc":{"Written by":"Redacci\u00f3","Est. reading time":"2 minutes"},"schema":{"@context":"https:\/\/schema.org","@graph":[{"@type":"Article","@id":"https:\/\/gastronomicament.cat\/ca\/aquests-son-els-finalistes-del-campionat-mundial-de-pa-amb-oli-2020#article","isPartOf":{"@id":"https:\/\/gastronomicament.cat\/ca\/aquests-son-els-finalistes-del-campionat-mundial-de-pa-amb-oli-2020"},"author":{"name":"Redacci\u00f3","@id":"https:\/\/gastronomicament.cat\/ca\/#\/schema\/person\/a7c85c537a1ed62799a5b8e0f686a37f"},"headline":"Aquests s\u00f3n els finalistes del Campionat Mundial de Pa amb Oli 2020","datePublished":"2020-02-20T07:42:43+00:00","dateModified":"2022-04-07T09:14:28+00:00","mainEntityOfPage":{"@id":"https:\/\/gastronomicament.cat\/ca\/aquests-son-els-finalistes-del-campionat-mundial-de-pa-amb-oli-2020"},"wordCount":433,"commentCount":0,"publisher":{"@id":"https:\/\/gastronomicament.cat\/ca\/#organization"},"image":{"@id":"https:\/\/gastronomicament.cat\/ca\/aquests-son-els-finalistes-del-campionat-mundial-de-pa-amb-oli-2020#primaryimage"},"thumbnailUrl":"https:\/\/gastronomicament.cat\/wp-content\/uploads\/2020\/02\/Pamboli-restaurant-Sa-Punta-Son-Servera.jpg","articleSection":["Actualitat","Concursos i premis"],"inLanguage":"ca-ES","potentialAction":[{"@type":"CommentAction","name":"Comment","target":["https:\/\/gastronomicament.cat\/ca\/aquests-son-els-finalistes-del-campionat-mundial-de-pa-amb-oli-2020#respond"]}]},{"@type":"WebPage","@id":"https:\/\/gastronomicament.cat\/ca\/aquests-son-els-finalistes-del-campionat-mundial-de-pa-amb-oli-2020","url":"https:\/\/gastronomicament.cat\/ca\/aquests-son-els-finalistes-del-campionat-mundial-de-pa-amb-oli-2020","name":"Aquests s\u00f3n els finalistes del Campionat Mundial de Pa amb Oli 2020 - Gastron\u00f2micament","isPartOf":{"@id":"https:\/\/gastronomicament.cat\/ca\/#website"},"primaryImageOfPage":{"@id":"https:\/\/gastronomicament.cat\/ca\/aquests-son-els-finalistes-del-campionat-mundial-de-pa-amb-oli-2020#primaryimage"},"image":{"@id":"https:\/\/gastronomicament.cat\/ca\/aquests-son-els-finalistes-del-campionat-mundial-de-pa-amb-oli-2020#primaryimage"},"thumbnailUrl":"https:\/\/gastronomicament.cat\/wp-content\/uploads\/2020\/02\/Pamboli-restaurant-Sa-Punta-Son-Servera.jpg","datePublished":"2020-02-20T07:42:43+00:00","dateModified":"2022-04-07T09:14:28+00:00","description":"Aquests s\u00f3n els finalistes del Campionat Mundial de Pa amb Oli 2020 Actualitat, Concursos i premis Despr\u00e9s de disputar les fases pr\u00e8vies, ja es coneixen els finalistes del Campionat del M\u00f3n de Pa amb Oli. En aquesta segona edici\u00f3, hi participaran dos finalistes de Mallorca i un de Menorca","inLanguage":"ca-ES","potentialAction":[{"@type":"ReadAction","target":["https:\/\/gastronomicament.cat\/ca\/aquests-son-els-finalistes-del-campionat-mundial-de-pa-amb-oli-2020"]}]},{"@type":"ImageObject","inLanguage":"ca-ES","@id":"https:\/\/gastronomicament.cat\/ca\/aquests-son-els-finalistes-del-campionat-mundial-de-pa-amb-oli-2020#primaryimage","url":"https:\/\/gastronomicament.cat\/wp-content\/uploads\/2020\/02\/Pamboli-restaurant-Sa-Punta-Son-Servera.jpg","contentUrl":"https:\/\/gastronomicament.cat\/wp-content\/uploads\/2020\/02\/Pamboli-restaurant-Sa-Punta-Son-Servera.jpg","width":1200,"height":800},{"@type":"WebSite","@id":"https:\/\/gastronomicament.cat\/ca\/#website","url":"https:\/\/gastronomicament.cat\/ca\/","name":"Gastron\u00f2micament","description":"Portal de restaurants, receptes i actualitat gastron\u00f2mica","publisher":{"@id":"https:\/\/gastronomicament.cat\/ca\/#organization"},"potentialAction":[{"@type":"SearchAction","target":{"@type":"EntryPoint","urlTemplate":"https:\/\/gastronomicament.cat\/ca\/?s={search_term_string}"},"query-input":{"@type":"PropertyValueSpecification","valueRequired":true,"valueName":"search_term_string"}}],"inLanguage":"ca-ES"},{"@type":"Organization","@id":"https:\/\/gastronomicament.cat\/ca\/#organization","name":"Gastron\u00f2micament","url":"https:\/\/gastronomicament.cat\/ca\/","logo":{"@type":"ImageObject","inLanguage":"ca-ES","@id":"https:\/\/gastronomicament.cat\/ca\/#\/schema\/logo\/image\/","url":"https:\/\/gastronomicament.cat\/wp-content\/uploads\/2016\/09\/header-logo.jpg","contentUrl":"https:\/\/gastronomicament.cat\/wp-content\/uploads\/2016\/09\/header-logo.jpg","width":277,"height":39,"caption":"Gastron\u00f2micament"},"image":{"@id":"https:\/\/gastronomicament.cat\/ca\/#\/schema\/logo\/image\/"},"sameAs":["https:\/\/x.com\/gastronomicamen"]},{"@type":"Person","@id":"https:\/\/gastronomicament.cat\/ca\/#\/schema\/person\/a7c85c537a1ed62799a5b8e0f686a37f","name":"Redacci\u00f3","image":{"@type":"ImageObject","inLanguage":"ca-ES","@id":"https:\/\/secure.gravatar.com\/avatar\/9489a485c464fd611d33825daae651d13db70c4e74c65c94937a15a9d4c3ee14?s=96&d=mm&r=g69fea3cce3645dfa2166e7293e22955e","url":"https:\/\/secure.gravatar.com\/avatar\/9489a485c464fd611d33825daae651d13db70c4e74c65c94937a15a9d4c3ee14?s=96&d=mm&r=g","contentUrl":"https:\/\/secure.gravatar.com\/avatar\/9489a485c464fd611d33825daae651d13db70c4e74c65c94937a15a9d4c3ee14?s=96&d=mm&r=g","caption":"Redacci\u00f3"},"sameAs":["http:\/\/gastronomicament.cat"],"url":"https:\/\/gastronomicament.cat\/ca\/author\/admin"}]}},"_links":{"self":[{"href":"https:\/\/gastronomicament.cat\/ca\/wp-json\/wp\/v2\/posts\/25891","targetHints":{"allow":["GET"]}}],"collection":[{"href":"https:\/\/gastronomicament.cat\/ca\/wp-json\/wp\/v2\/posts"}],"about":[{"href":"https:\/\/gastronomicament.cat\/ca\/wp-json\/wp\/v2\/types\/post"}],"author":[{"embeddable":true,"href":"https:\/\/gastronomicament.cat\/ca\/wp-json\/wp\/v2\/users\/1"}],"replies":[{"embeddable":true,"href":"https:\/\/gastronomicament.cat\/ca\/wp-json\/wp\/v2\/comments?post=25891"}],"version-history":[{"count":0,"href":"https:\/\/gastronomicament.cat\/ca\/wp-json\/wp\/v2\/posts\/25891\/revisions"}],"wp:featuredmedia":[{"embeddable":true,"href":"https:\/\/gastronomicament.cat\/ca\/wp-json\/wp\/v2\/media\/25892"}],"wp:attachment":[{"href":"https:\/\/gastronomicament.cat\/ca\/wp-json\/wp\/v2\/media?parent=25891"}],"wp:term":[{"taxonomy":"category","embeddable":true,"href":"https:\/\/gastronomicament.cat\/ca\/wp-json\/wp\/v2\/categories?post=25891"},{"taxonomy":"post_tag","embeddable":true,"href":"https:\/\/gastronomicament.cat\/ca\/wp-json\/wp\/v2\/tags?post=25891"},{"taxonomy":"author","embeddable":true,"href":"https:\/\/gastronomicament.cat\/ca\/wp-json\/wp\/v2\/coauthors?post=25891"}],"curies":[{"name":"wp","href":"https:\/\/api.w.org\/{rel}","templated":true}]}}