{"id":26102,"date":"2020-03-23T09:24:28","date_gmt":"2020-03-23T08:24:28","guid":{"rendered":"https:\/\/gastronomicament.cat\/?p=26102"},"modified":"2022-04-07T11:14:38","modified_gmt":"2022-04-07T09:14:38","slug":"els-13-beneficis-que-te-el-vi-negre-per-a-la-salut","status":"publish","type":"post","link":"https:\/\/gastronomicament.cat\/ca\/els-13-beneficis-que-te-el-vi-negre-per-a-la-salut","title":{"rendered":"Els 13 beneficis que t\u00e9 el vi negre per a la salut"},"content":{"rendered":"<p><em>Eva Remolina \/ AMIC\u00a0<\/em><\/p>\n<p>S\u00f3n diversos els estudis que s&#8217;han realitzat sobre els beneficis que aporta a la salut el consum de vi negre, sempre i quan se&#8217;n faci un consum moderat.<\/p>\n<p>A continuaci\u00f3, podeu con\u00e8ixer les millores que aporta al cos una copa di\u00e0ria de vi.<\/p>\n<ol>\n<li><strong>Retarda l&#8217;envelliment<br \/>\n<\/strong>El resveratrol que es troba a la pell del ra\u00efm negre, t\u00e9 propietats vasodilatadores que combaten malalties produ\u00efdes per l&#8217;oxidaci\u00f3 de les c\u00e8l\u00b7lules.<\/li>\n<li><strong>Ajuda a baixar de pes<br \/>\n<\/strong>El vi negre activa un gen que impedeix la formaci\u00f3 de noves c\u00e8l\u00b7lules de greix i estimula les ja existents i les elimina a poc a poc. Els resultats seran m\u00e9s visibles si ho acompanyem amb una dieta equilibrada.<\/li>\n<li><strong>Redueix el risc de desenvolupar dem\u00e8ncia<br \/>\n<\/strong>Cient\u00edfics americans han demostrat que beure vi negre amb moderaci\u00f3 per\u00f2 de manera constant, prev\u00e9 dem\u00e8ncies i malalties degeneratives del cervell, una vegada m\u00e9s, per la pres\u00e8ncia del resveratrol que redueix la viscositat de les plaquetes i mant\u00e9 els vasos sense co\u00e0guls, subministrant sang al cervell de manera correcta.<\/li>\n<li><strong>Tracta infeccions de les genives<br \/>\n<\/strong>Existeixen composts presents en el ra\u00efm que, en ser fermentats en vi, tenen la virtut d&#8217;evitar l&#8217;aparici\u00f3 dels estreptococs i bacteris vinculats a la c\u00e0ries, a m\u00e9s de ser molt efica\u00e7 contra la gingivitis ja que t\u00e9 propietats antibacterianes.<\/li>\n<li><strong>Protegeix de cremades solars<br \/>\n<\/strong>Els flavonoides que es troben en el ra\u00efm i el vi ajuden a reduir els efectes perjudicials dels raigs ultraviolats perqu\u00e8 inhibeixen la formaci\u00f3 d&#8217;esp\u00e8cies reactives d&#8217;oxigen que danyen les c\u00e8l\u00b7lules de la pell.<\/li>\n<li><strong>Combat el cansament i relaxa<br \/>\n<\/strong>En degustar el vi, les persones alliberen endorfines, fet que relaxa i fa estar menys cansat i, per tant, menys propens a patir de depressi\u00f3.<\/li>\n<li><strong>Neteja la boca<br \/>\n<\/strong>Les seves propietats astringents fan que, quan hom menja i beu vi, es netegi la boca i el sabor es percebi m\u00e9s intens.<\/li>\n<li><strong>Disminueix el colesterol i redueix el risc card\u00edac<br \/>\n<\/strong>\u00c9\u00f1 vi negre \u00e9s ric en polifenols i vitamina E, ajuda a netejar la sang i augmenta els nivells de HDL o colesterol bo, la qual cosa millora la salut cardiovascular. Estudis de la Universitat Harvard van determinar que aquelles persones que consumeixen vi en dosis moderades tenen un 30% menys de probabilitats de sofrir un atac card\u00edac.<\/li>\n<li><strong>Ajuda a prevenir el c\u00e0ncer<br \/>\n<\/strong>Constitueix un recurs natural que redueix els nivells d&#8217;estrogen i augmenta la testosterona en dones premenop\u00e0usiques, la qual cosa suposa un menor risc de desenvolupar c\u00e0ncer de pit, bloqueja el creixement de les c\u00e8l\u00b7lules responsables del c\u00e0ncer de pulm\u00f3 i c\u00f2lon i redueix la taxa de tumors intestinals en un 50%.<\/li>\n<li><strong>Protegeix la visi\u00f3<br \/>\n<\/strong>Det\u00e9n el proc\u00e9s anomenat angiog\u00e8nesi (creixement dels vasos sanguinis fora de control en l&#8217;ull) causants de la ceguesa.<\/li>\n<li><strong>Augmenta els nivells d&#8217;Omega 3<br \/>\n<\/strong>Investigadors de diversos pa\u00efsos europeus constaten que les persones que beuen vi amb moderaci\u00f3 tenen majors nivells d&#8217;\u00e0cids grassos Omega 3.<\/li>\n<li><strong> Combat infeccions urin\u00e0ries<br \/>\n<\/strong>Gr\u00e0cies a les seves propietats antioxidants i astringents, aconsegueix evitar que els bacteris s&#8217;adhereixin a la bufeta o ronyons i optimitza, a m\u00e9s, el filtratge i depuraci\u00f3 d&#8217;aquests \u00f2rgans.<\/li>\n<li><strong>Enforteix els ossos<br \/>\n<\/strong>Redueix la possibilitat de perdre massa \u00f2ssia.<\/li>\n<\/ol>\n<pre>Fotografia: istock<\/pre>\n","protected":false},"excerpt":{"rendered":"<p>S\u00f3n diversos els estudis que s&#8217;han realitzat sobre els beneficis que aporta a la salut el&hellip;<\/p>\n","protected":false},"author":1,"featured_media":26103,"comment_status":"open","ping_status":"closed","sticky":false,"template":"","format":"standard","meta":{"_acf_changed":false,"_swt_meta_header_display":false,"_swt_meta_footer_display":false,"_swt_meta_site_title_display":false,"_swt_meta_sticky_header":false,"_swt_meta_transparent_header":false,"footnotes":""},"categories":[692,973],"tags":[],"coauthors":[],"class_list":["post-26102","post","type-post","status-publish","format-standard","has-post-thumbnail","hentry","category-actualitat","category-alimentacio-actualitat"],"acf":{"gallery":null,"home_date":{"home_begin_date":null,"home_end_date":null}},"yoast_head":"<!-- This site is optimized with the Yoast SEO plugin v27.4 - https:\/\/yoast.com\/product\/yoast-seo-wordpress\/ -->\n<title>Els 13 beneficis que t\u00e9 el vi negre per a la salut - Gastron\u00f2micament<\/title>\n<meta name=\"description\" content=\"Els 13 beneficis que t\u00e9 el vi negre per a la salut Actualitat, Alimentaci\u00f3 S\u00f3n diversos els estudis que s&#039;han realitzat sobre els beneficis que aporta a la salut el consum de vi negre, sempre i quan se&#039;n faci un consum moderat\" \/>\n<meta name=\"robots\" content=\"index, follow, max-snippet:-1, max-image-preview:large, max-video-preview:-1\" \/>\n<link rel=\"canonical\" href=\"https:\/\/gastronomicament.cat\/ca\/els-13-beneficis-que-te-el-vi-negre-per-a-la-salut\" \/>\n<meta property=\"og:locale\" content=\"ca_ES\" \/>\n<meta property=\"og:type\" content=\"article\" \/>\n<meta property=\"og:title\" content=\"Els 13 beneficis que t\u00e9 el vi negre per a la salut - Gastron\u00f2micament\" \/>\n<meta property=\"og:description\" content=\"Els 13 beneficis que t\u00e9 el vi negre per a la salut Actualitat, Alimentaci\u00f3 S\u00f3n diversos els estudis que s&#039;han realitzat sobre els beneficis que aporta a la salut el consum de vi negre, sempre i quan se&#039;n faci un consum moderat\" \/>\n<meta property=\"og:url\" content=\"https:\/\/gastronomicament.cat\/ca\/els-13-beneficis-que-te-el-vi-negre-per-a-la-salut\" \/>\n<meta property=\"og:site_name\" content=\"Gastron\u00f2micament\" \/>\n<meta property=\"article:published_time\" content=\"2020-03-23T08:24:28+00:00\" \/>\n<meta property=\"article:modified_time\" content=\"2022-04-07T09:14:38+00:00\" \/>\n<meta property=\"og:image\" content=\"https:\/\/gastronomicament.cat\/wp-content\/uploads\/2020\/03\/Brindis-vi-negre.jpg\" \/>\n\t<meta property=\"og:image:width\" content=\"1254\" \/>\n\t<meta property=\"og:image:height\" content=\"836\" \/>\n\t<meta property=\"og:image:type\" content=\"image\/jpeg\" \/>\n<meta name=\"author\" content=\"Redacci\u00f3\" \/>\n<meta name=\"twitter:card\" content=\"summary_large_image\" \/>\n<meta name=\"twitter:creator\" content=\"@gastronomicamen\" \/>\n<meta name=\"twitter:site\" content=\"@gastronomicamen\" \/>\n<meta name=\"twitter:label1\" content=\"Written by\" \/>\n\t<meta name=\"twitter:data1\" content=\"Redacci\u00f3\" \/>\n\t<meta name=\"twitter:label2\" content=\"Est. reading time\" \/>\n\t<meta name=\"twitter:data2\" content=\"3 minutes\" \/>\n<script type=\"application\/ld+json\" class=\"yoast-schema-graph\">{\"@context\":\"https:\\\/\\\/schema.org\",\"@graph\":[{\"@type\":\"Article\",\"@id\":\"https:\\\/\\\/gastronomicament.cat\\\/ca\\\/els-13-beneficis-que-te-el-vi-negre-per-a-la-salut#article\",\"isPartOf\":{\"@id\":\"https:\\\/\\\/gastronomicament.cat\\\/ca\\\/els-13-beneficis-que-te-el-vi-negre-per-a-la-salut\"},\"author\":{\"name\":\"Redacci\u00f3\",\"@id\":\"https:\\\/\\\/gastronomicament.cat\\\/ca\\\/#\\\/schema\\\/person\\\/a7c85c537a1ed62799a5b8e0f686a37f\"},\"headline\":\"Els 13 beneficis que t\u00e9 el vi negre per a la salut\",\"datePublished\":\"2020-03-23T08:24:28+00:00\",\"dateModified\":\"2022-04-07T09:14:38+00:00\",\"mainEntityOfPage\":{\"@id\":\"https:\\\/\\\/gastronomicament.cat\\\/ca\\\/els-13-beneficis-que-te-el-vi-negre-per-a-la-salut\"},\"wordCount\":566,\"commentCount\":1,\"publisher\":{\"@id\":\"https:\\\/\\\/gastronomicament.cat\\\/ca\\\/#organization\"},\"image\":{\"@id\":\"https:\\\/\\\/gastronomicament.cat\\\/ca\\\/els-13-beneficis-que-te-el-vi-negre-per-a-la-salut#primaryimage\"},\"thumbnailUrl\":\"https:\\\/\\\/gastronomicament.cat\\\/wp-content\\\/uploads\\\/2020\\\/03\\\/Brindis-vi-negre.jpg\",\"articleSection\":[\"Actualitat\",\"Alimentaci\u00f3\"],\"inLanguage\":\"ca-ES\",\"potentialAction\":[{\"@type\":\"CommentAction\",\"name\":\"Comment\",\"target\":[\"https:\\\/\\\/gastronomicament.cat\\\/ca\\\/els-13-beneficis-que-te-el-vi-negre-per-a-la-salut#respond\"]}]},{\"@type\":\"WebPage\",\"@id\":\"https:\\\/\\\/gastronomicament.cat\\\/ca\\\/els-13-beneficis-que-te-el-vi-negre-per-a-la-salut\",\"url\":\"https:\\\/\\\/gastronomicament.cat\\\/ca\\\/els-13-beneficis-que-te-el-vi-negre-per-a-la-salut\",\"name\":\"Els 13 beneficis que t\u00e9 el vi negre per a la salut - Gastron\u00f2micament\",\"isPartOf\":{\"@id\":\"https:\\\/\\\/gastronomicament.cat\\\/ca\\\/#website\"},\"primaryImageOfPage\":{\"@id\":\"https:\\\/\\\/gastronomicament.cat\\\/ca\\\/els-13-beneficis-que-te-el-vi-negre-per-a-la-salut#primaryimage\"},\"image\":{\"@id\":\"https:\\\/\\\/gastronomicament.cat\\\/ca\\\/els-13-beneficis-que-te-el-vi-negre-per-a-la-salut#primaryimage\"},\"thumbnailUrl\":\"https:\\\/\\\/gastronomicament.cat\\\/wp-content\\\/uploads\\\/2020\\\/03\\\/Brindis-vi-negre.jpg\",\"datePublished\":\"2020-03-23T08:24:28+00:00\",\"dateModified\":\"2022-04-07T09:14:38+00:00\",\"description\":\"Els 13 beneficis que t\u00e9 el vi negre per a la salut Actualitat, Alimentaci\u00f3 S\u00f3n diversos els estudis que s'han realitzat sobre els beneficis que aporta a la salut el consum de vi negre, sempre i quan se'n faci un consum moderat\",\"inLanguage\":\"ca-ES\",\"potentialAction\":[{\"@type\":\"ReadAction\",\"target\":[\"https:\\\/\\\/gastronomicament.cat\\\/ca\\\/els-13-beneficis-que-te-el-vi-negre-per-a-la-salut\"]}]},{\"@type\":\"ImageObject\",\"inLanguage\":\"ca-ES\",\"@id\":\"https:\\\/\\\/gastronomicament.cat\\\/ca\\\/els-13-beneficis-que-te-el-vi-negre-per-a-la-salut#primaryimage\",\"url\":\"https:\\\/\\\/gastronomicament.cat\\\/wp-content\\\/uploads\\\/2020\\\/03\\\/Brindis-vi-negre.jpg\",\"contentUrl\":\"https:\\\/\\\/gastronomicament.cat\\\/wp-content\\\/uploads\\\/2020\\\/03\\\/Brindis-vi-negre.jpg\",\"width\":1254,\"height\":836,\"caption\":\"Delicious red wine\"},{\"@type\":\"WebSite\",\"@id\":\"https:\\\/\\\/gastronomicament.cat\\\/ca\\\/#website\",\"url\":\"https:\\\/\\\/gastronomicament.cat\\\/ca\\\/\",\"name\":\"Gastron\u00f2micament\",\"description\":\"Portal de restaurants, receptes i actualitat gastron\u00f2mica\",\"publisher\":{\"@id\":\"https:\\\/\\\/gastronomicament.cat\\\/ca\\\/#organization\"},\"potentialAction\":[{\"@type\":\"SearchAction\",\"target\":{\"@type\":\"EntryPoint\",\"urlTemplate\":\"https:\\\/\\\/gastronomicament.cat\\\/ca\\\/?s={search_term_string}\"},\"query-input\":{\"@type\":\"PropertyValueSpecification\",\"valueRequired\":true,\"valueName\":\"search_term_string\"}}],\"inLanguage\":\"ca-ES\"},{\"@type\":\"Organization\",\"@id\":\"https:\\\/\\\/gastronomicament.cat\\\/ca\\\/#organization\",\"name\":\"Gastron\u00f2micament\",\"url\":\"https:\\\/\\\/gastronomicament.cat\\\/ca\\\/\",\"logo\":{\"@type\":\"ImageObject\",\"inLanguage\":\"ca-ES\",\"@id\":\"https:\\\/\\\/gastronomicament.cat\\\/ca\\\/#\\\/schema\\\/logo\\\/image\\\/\",\"url\":\"https:\\\/\\\/gastronomicament.cat\\\/wp-content\\\/uploads\\\/2016\\\/09\\\/header-logo.jpg\",\"contentUrl\":\"https:\\\/\\\/gastronomicament.cat\\\/wp-content\\\/uploads\\\/2016\\\/09\\\/header-logo.jpg\",\"width\":277,\"height\":39,\"caption\":\"Gastron\u00f2micament\"},\"image\":{\"@id\":\"https:\\\/\\\/gastronomicament.cat\\\/ca\\\/#\\\/schema\\\/logo\\\/image\\\/\"},\"sameAs\":[\"https:\\\/\\\/x.com\\\/gastronomicamen\"]},{\"@type\":\"Person\",\"@id\":\"https:\\\/\\\/gastronomicament.cat\\\/ca\\\/#\\\/schema\\\/person\\\/a7c85c537a1ed62799a5b8e0f686a37f\",\"name\":\"Redacci\u00f3\",\"image\":{\"@type\":\"ImageObject\",\"inLanguage\":\"ca-ES\",\"@id\":\"https:\\\/\\\/secure.gravatar.com\\\/avatar\\\/9489a485c464fd611d33825daae651d13db70c4e74c65c94937a15a9d4c3ee14?s=96&d=mm&r=g69fea3cce3645dfa2166e7293e22955e\",\"url\":\"https:\\\/\\\/secure.gravatar.com\\\/avatar\\\/9489a485c464fd611d33825daae651d13db70c4e74c65c94937a15a9d4c3ee14?s=96&d=mm&r=g\",\"contentUrl\":\"https:\\\/\\\/secure.gravatar.com\\\/avatar\\\/9489a485c464fd611d33825daae651d13db70c4e74c65c94937a15a9d4c3ee14?s=96&d=mm&r=g\",\"caption\":\"Redacci\u00f3\"},\"sameAs\":[\"http:\\\/\\\/gastronomicament.cat\"],\"url\":\"https:\\\/\\\/gastronomicament.cat\\\/ca\\\/author\\\/admin\"}]}<\/script>\n<!-- \/ Yoast SEO plugin. -->","yoast_head_json":{"title":"Els 13 beneficis que t\u00e9 el vi negre per a la salut - Gastron\u00f2micament","description":"Els 13 beneficis que t\u00e9 el vi negre per a la salut Actualitat, Alimentaci\u00f3 S\u00f3n diversos els estudis que s'han realitzat sobre els beneficis que aporta a la salut el consum de vi negre, sempre i quan se'n faci un consum moderat","robots":{"index":"index","follow":"follow","max-snippet":"max-snippet:-1","max-image-preview":"max-image-preview:large","max-video-preview":"max-video-preview:-1"},"canonical":"https:\/\/gastronomicament.cat\/ca\/els-13-beneficis-que-te-el-vi-negre-per-a-la-salut","og_locale":"ca_ES","og_type":"article","og_title":"Els 13 beneficis que t\u00e9 el vi negre per a la salut - Gastron\u00f2micament","og_description":"Els 13 beneficis que t\u00e9 el vi negre per a la salut Actualitat, Alimentaci\u00f3 S\u00f3n diversos els estudis que s'han realitzat sobre els beneficis que aporta a la salut el consum de vi negre, sempre i quan se'n faci un consum moderat","og_url":"https:\/\/gastronomicament.cat\/ca\/els-13-beneficis-que-te-el-vi-negre-per-a-la-salut","og_site_name":"Gastron\u00f2micament","article_published_time":"2020-03-23T08:24:28+00:00","article_modified_time":"2022-04-07T09:14:38+00:00","og_image":[{"width":1254,"height":836,"url":"https:\/\/gastronomicament.cat\/wp-content\/uploads\/2020\/03\/Brindis-vi-negre.jpg","type":"image\/jpeg"}],"author":"Redacci\u00f3","twitter_card":"summary_large_image","twitter_creator":"@gastronomicamen","twitter_site":"@gastronomicamen","twitter_misc":{"Written by":"Redacci\u00f3","Est. reading time":"3 minutes"},"schema":{"@context":"https:\/\/schema.org","@graph":[{"@type":"Article","@id":"https:\/\/gastronomicament.cat\/ca\/els-13-beneficis-que-te-el-vi-negre-per-a-la-salut#article","isPartOf":{"@id":"https:\/\/gastronomicament.cat\/ca\/els-13-beneficis-que-te-el-vi-negre-per-a-la-salut"},"author":{"name":"Redacci\u00f3","@id":"https:\/\/gastronomicament.cat\/ca\/#\/schema\/person\/a7c85c537a1ed62799a5b8e0f686a37f"},"headline":"Els 13 beneficis que t\u00e9 el vi negre per a la salut","datePublished":"2020-03-23T08:24:28+00:00","dateModified":"2022-04-07T09:14:38+00:00","mainEntityOfPage":{"@id":"https:\/\/gastronomicament.cat\/ca\/els-13-beneficis-que-te-el-vi-negre-per-a-la-salut"},"wordCount":566,"commentCount":1,"publisher":{"@id":"https:\/\/gastronomicament.cat\/ca\/#organization"},"image":{"@id":"https:\/\/gastronomicament.cat\/ca\/els-13-beneficis-que-te-el-vi-negre-per-a-la-salut#primaryimage"},"thumbnailUrl":"https:\/\/gastronomicament.cat\/wp-content\/uploads\/2020\/03\/Brindis-vi-negre.jpg","articleSection":["Actualitat","Alimentaci\u00f3"],"inLanguage":"ca-ES","potentialAction":[{"@type":"CommentAction","name":"Comment","target":["https:\/\/gastronomicament.cat\/ca\/els-13-beneficis-que-te-el-vi-negre-per-a-la-salut#respond"]}]},{"@type":"WebPage","@id":"https:\/\/gastronomicament.cat\/ca\/els-13-beneficis-que-te-el-vi-negre-per-a-la-salut","url":"https:\/\/gastronomicament.cat\/ca\/els-13-beneficis-que-te-el-vi-negre-per-a-la-salut","name":"Els 13 beneficis que t\u00e9 el vi negre per a la salut - Gastron\u00f2micament","isPartOf":{"@id":"https:\/\/gastronomicament.cat\/ca\/#website"},"primaryImageOfPage":{"@id":"https:\/\/gastronomicament.cat\/ca\/els-13-beneficis-que-te-el-vi-negre-per-a-la-salut#primaryimage"},"image":{"@id":"https:\/\/gastronomicament.cat\/ca\/els-13-beneficis-que-te-el-vi-negre-per-a-la-salut#primaryimage"},"thumbnailUrl":"https:\/\/gastronomicament.cat\/wp-content\/uploads\/2020\/03\/Brindis-vi-negre.jpg","datePublished":"2020-03-23T08:24:28+00:00","dateModified":"2022-04-07T09:14:38+00:00","description":"Els 13 beneficis que t\u00e9 el vi negre per a la salut Actualitat, Alimentaci\u00f3 S\u00f3n diversos els estudis que s'han realitzat sobre els beneficis que aporta a la salut el consum de vi negre, sempre i quan se'n faci un consum moderat","inLanguage":"ca-ES","potentialAction":[{"@type":"ReadAction","target":["https:\/\/gastronomicament.cat\/ca\/els-13-beneficis-que-te-el-vi-negre-per-a-la-salut"]}]},{"@type":"ImageObject","inLanguage":"ca-ES","@id":"https:\/\/gastronomicament.cat\/ca\/els-13-beneficis-que-te-el-vi-negre-per-a-la-salut#primaryimage","url":"https:\/\/gastronomicament.cat\/wp-content\/uploads\/2020\/03\/Brindis-vi-negre.jpg","contentUrl":"https:\/\/gastronomicament.cat\/wp-content\/uploads\/2020\/03\/Brindis-vi-negre.jpg","width":1254,"height":836,"caption":"Delicious red wine"},{"@type":"WebSite","@id":"https:\/\/gastronomicament.cat\/ca\/#website","url":"https:\/\/gastronomicament.cat\/ca\/","name":"Gastron\u00f2micament","description":"Portal de restaurants, receptes i actualitat gastron\u00f2mica","publisher":{"@id":"https:\/\/gastronomicament.cat\/ca\/#organization"},"potentialAction":[{"@type":"SearchAction","target":{"@type":"EntryPoint","urlTemplate":"https:\/\/gastronomicament.cat\/ca\/?s={search_term_string}"},"query-input":{"@type":"PropertyValueSpecification","valueRequired":true,"valueName":"search_term_string"}}],"inLanguage":"ca-ES"},{"@type":"Organization","@id":"https:\/\/gastronomicament.cat\/ca\/#organization","name":"Gastron\u00f2micament","url":"https:\/\/gastronomicament.cat\/ca\/","logo":{"@type":"ImageObject","inLanguage":"ca-ES","@id":"https:\/\/gastronomicament.cat\/ca\/#\/schema\/logo\/image\/","url":"https:\/\/gastronomicament.cat\/wp-content\/uploads\/2016\/09\/header-logo.jpg","contentUrl":"https:\/\/gastronomicament.cat\/wp-content\/uploads\/2016\/09\/header-logo.jpg","width":277,"height":39,"caption":"Gastron\u00f2micament"},"image":{"@id":"https:\/\/gastronomicament.cat\/ca\/#\/schema\/logo\/image\/"},"sameAs":["https:\/\/x.com\/gastronomicamen"]},{"@type":"Person","@id":"https:\/\/gastronomicament.cat\/ca\/#\/schema\/person\/a7c85c537a1ed62799a5b8e0f686a37f","name":"Redacci\u00f3","image":{"@type":"ImageObject","inLanguage":"ca-ES","@id":"https:\/\/secure.gravatar.com\/avatar\/9489a485c464fd611d33825daae651d13db70c4e74c65c94937a15a9d4c3ee14?s=96&d=mm&r=g69fea3cce3645dfa2166e7293e22955e","url":"https:\/\/secure.gravatar.com\/avatar\/9489a485c464fd611d33825daae651d13db70c4e74c65c94937a15a9d4c3ee14?s=96&d=mm&r=g","contentUrl":"https:\/\/secure.gravatar.com\/avatar\/9489a485c464fd611d33825daae651d13db70c4e74c65c94937a15a9d4c3ee14?s=96&d=mm&r=g","caption":"Redacci\u00f3"},"sameAs":["http:\/\/gastronomicament.cat"],"url":"https:\/\/gastronomicament.cat\/ca\/author\/admin"}]}},"_links":{"self":[{"href":"https:\/\/gastronomicament.cat\/ca\/wp-json\/wp\/v2\/posts\/26102","targetHints":{"allow":["GET"]}}],"collection":[{"href":"https:\/\/gastronomicament.cat\/ca\/wp-json\/wp\/v2\/posts"}],"about":[{"href":"https:\/\/gastronomicament.cat\/ca\/wp-json\/wp\/v2\/types\/post"}],"author":[{"embeddable":true,"href":"https:\/\/gastronomicament.cat\/ca\/wp-json\/wp\/v2\/users\/1"}],"replies":[{"embeddable":true,"href":"https:\/\/gastronomicament.cat\/ca\/wp-json\/wp\/v2\/comments?post=26102"}],"version-history":[{"count":0,"href":"https:\/\/gastronomicament.cat\/ca\/wp-json\/wp\/v2\/posts\/26102\/revisions"}],"wp:featuredmedia":[{"embeddable":true,"href":"https:\/\/gastronomicament.cat\/ca\/wp-json\/wp\/v2\/media\/26103"}],"wp:attachment":[{"href":"https:\/\/gastronomicament.cat\/ca\/wp-json\/wp\/v2\/media?parent=26102"}],"wp:term":[{"taxonomy":"category","embeddable":true,"href":"https:\/\/gastronomicament.cat\/ca\/wp-json\/wp\/v2\/categories?post=26102"},{"taxonomy":"post_tag","embeddable":true,"href":"https:\/\/gastronomicament.cat\/ca\/wp-json\/wp\/v2\/tags?post=26102"},{"taxonomy":"author","embeddable":true,"href":"https:\/\/gastronomicament.cat\/ca\/wp-json\/wp\/v2\/coauthors?post=26102"}],"curies":[{"name":"wp","href":"https:\/\/api.w.org\/{rel}","templated":true}]}}